{"id":22053,"date":"2023-09-20T08:18:02","date_gmt":"2023-09-20T06:18:02","guid":{"rendered":"https:\/\/news.save.ch\/?p=22053"},"modified":"2023-10-27T10:13:21","modified_gmt":"2023-10-27T08:13:21","slug":"css-gesundheitsstudie-frauen-wegen-doppelbelastung-psychisch-stark-belastet","status":null,"type":"post","link":"https:\/\/news.save.ch\/fr\/css-gesundheitsstudie-frauen-wegen-doppelbelastung-psychisch-stark-belastet\/","title":{"rendered":"Etude sur la sant\u00e9 de la CSS : les femmes subissent une forte pression psychique en raison de la double charge de travail"},"content":{"rendered":"<figure id=\"attachment_22057\" aria-describedby=\"caption-attachment-22057\" style=\"width: 680px\" class=\"wp-caption aligncenter\"><img loading=\"lazy\" decoding=\"async\" class=\"size-medium wp-image-22057\" src=\"https:\/\/news.save.ch\/wp-content\/uploads\/2023\/09\/Depositphotos_482901382_S-680x454.jpg\" alt=\"Double charge\" width=\"680\" height=\"454\" srcset=\"https:\/\/news.save.ch\/wp-content\/uploads\/2023\/09\/Depositphotos_482901382_S-680x454.jpg 680w, https:\/\/news.save.ch\/wp-content\/uploads\/2023\/09\/Depositphotos_482901382_S-768x513.jpg 768w, https:\/\/news.save.ch\/wp-content\/uploads\/2023\/09\/Depositphotos_482901382_S-18x12.jpg 18w, https:\/\/news.save.ch\/wp-content\/uploads\/2023\/09\/Depositphotos_482901382_S-375x250.jpg 375w, https:\/\/news.save.ch\/wp-content\/uploads\/2023\/09\/Depositphotos_482901382_S-524x350.jpg 524w, https:\/\/news.save.ch\/wp-content\/uploads\/2023\/09\/Depositphotos_482901382_S.jpg 999w\" sizes=\"auto, (max-width: 680px) 100vw, 680px\" \/><figcaption id=\"caption-attachment-22057\" class=\"wp-caption-text\">C'est entre 41 et 50 ans que l'humeur mentale des femmes est la plus mauvaise. C'est l'\u00e2ge o\u00f9 le stress professionnel et le stress familial se m\u00e9langent souvent. (Depositphotos, Igor Vetushko)<\/figcaption><\/figure>\n<p>L'\u00e9tude sur la sant\u00e9 de la CSS montre que l'\u00e9tat de sant\u00e9 des Suisses se d\u00e9grade par rapport au d\u00e9but de la pand\u00e9mie : en mars 2020, 22 pour cent des personnes interrog\u00e9es indiquaient ne pas se sentir tout \u00e0 fait en bonne sant\u00e9. En 2023, cette proportion est pass\u00e9e \u00e0 34 pour cent. L'augmentation chez les seniors est frappante : de 30 pour cent en 2020, la proportion est pass\u00e9e \u00e0 46 pour cent cette ann\u00e9e. Avant et pendant la pand\u00e9mie, le nombre de jours de maladie des seniors \u00e9tait de 2,6 par an, soit nettement moins que la moyenne de 3,8. En 2021, ann\u00e9e o\u00f9 les mesures Corona ont \u00e9t\u00e9 renforc\u00e9es, le nombre de jours de maladie des seniors a chut\u00e9 \u00e0 2,2 et a plus que doubl\u00e9 en 2023 pour atteindre 4,5 jours.<\/p>\n<h3>Une nation \u00e9puis\u00e9e<\/h3>\n<p>Plus des deux tiers des personnes se sentant malades ont indiqu\u00e9 qu'elles souffraient souvent de fatigue et d'\u00e9puisement (68%). Il n'est pas exclu que l'\u00e9puisement soit \u00e9galement d\u00fb \u00e0 des maladies Covid. Les douleurs (48%), les maladies infectieuses (41%) et le stress (40%) sont \u00e9galement souvent cit\u00e9s. L'\u00e9tat de sant\u00e9 fragile se r\u00e9percute \u00e9galement sur la vie quotidienne : Les personnes concern\u00e9es souffrent de probl\u00e8mes de sommeil et de manque d'activit\u00e9 physique, voire r\u00e9duisent leur vie sociale et souffrent de relations tendues.<\/p>\n<h3>P\u00e9nurie de m\u00e9dicaments<\/h3>\n<p>Une bonne moiti\u00e9 de la population a eu besoin de m\u00e9dicaments l'ann\u00e9e derni\u00e8re. 37 % d'entre eux ont \u00e9t\u00e9 touch\u00e9s par des difficult\u00e9s d'approvisionnement en m\u00e9dicaments. La plupart ont pu trouver des alternatives \u00e9quivalentes. En revanche, pour 7 pour cent des personnes ayant besoin de m\u00e9dicaments, les difficult\u00e9s d'approvisionnement ont eu un impact n\u00e9gatif sur le traitement.<\/p>\n<h3>Le bien-\u00eatre psychique est le plus mauvais chez les femmes (41-50 ans)<\/h3>\n<p>La sant\u00e9 mentale est un d\u00e9fi majeur pour la Suisse : alors qu'en 2021, pr\u00e8s des trois quarts de la population allaient toujours ou la plupart du temps bien, ils ne sont plus que deux tiers en 2023. Les jeunes adultes se portent toujours moins bien que le reste de la population. On constate toutefois une l\u00e9g\u00e8re am\u00e9lioration de l'humeur : la part des jeunes adultes qui vont bien sur le plan psychique est pass\u00e9e de 57 \u00e0 60%. Une tendance n\u00e9gative persistante est en revanche observ\u00e9e chez les adultes : Depuis 2021, la part des personnes en parfaite sant\u00e9 mentale a baiss\u00e9 de 75 \u00e0 67 pour cent. C'est chez les femmes \u00e2g\u00e9es de 41 \u00e0 50 ans que l'\u00e9tat mental est le plus mauvais. C'est l'\u00e2ge o\u00f9 le stress professionnel et le stress familial se m\u00ealent souvent. Ce sont toujours les seniors qui se montrent les plus robustes sur le plan psychique.<\/p>\n<h3>Les seniors ont tendance \u00e0 garder leurs probl\u00e8mes psychologiques pour eux<\/h3>\n<p>Sur cinq personnes interrog\u00e9es, deux (39%) ne s'adressent \u00e0 personne lorsqu'elles ne se sentent pas bien psychologiquement. Ce sont surtout les personnes \u00e2g\u00e9es qui se taisent, alors que les jeunes parlent plus facilement de leurs probl\u00e8mes. Cela contraste avec la mani\u00e8re dont les probl\u00e8mes psychiques sont trait\u00e9s sur le lieu de travail. 40 % des jeunes adultes se sont d\u00e9j\u00e0 absent\u00e9s de leur travail en raison de leur \u00e9tat psychique, alors que ce chiffre est nettement inf\u00e9rieur chez les adultes (23 %). Sur l'ensemble des personnes interrog\u00e9es, seuls 45 pour cent ont communiqu\u00e9 ouvertement les raisons de leur absence du travail, 40 pour cent ont pr\u00e9text\u00e9 une autre raison, le reste n'a pas donn\u00e9 de raison. Les jeunes adultes sont particuli\u00e8rement nombreux \u00e0 invoquer une fausse raison (51 %). Peut-\u00eatre parce que les maladies psychiques sont associ\u00e9es \u00e0 une baisse de la performance.<br \/>\nLes jeunes adultes ont du mal \u00e0 trouver un soutien professionnel<br \/>\n38 % des personnes qui ne vont pas bien sur le plan psychologique d\u00e9clarent avoir eu recours \u00e0 une aide professionnelle. Cependant, une majorit\u00e9 de 62 pour cent ne demande pas l'aide d'un psychiatre ou d'un psychologue dans cette situation. Cependant, tous ceux qui recherchent une aide professionnelle ne trouvent pas le soutien dont ils ont besoin. Pour pr\u00e8s de la moiti\u00e9 des personnes interrog\u00e9es, cela s'est av\u00e9r\u00e9 difficile.<\/p>\n<p>Les jeunes adultes en particulier, qui vont d\u00e9j\u00e0 souvent mal, ont plus de mal \u00e0 obtenir un soutien professionnel. Les personnes qui traversent une crise psychique aigu\u00eb ont \u00e9galement plus de mal \u00e0 trouver une place en th\u00e9rapie.<\/p>\n<h3>Une plus grande flexibilit\u00e9 au travail r\u00e9duit le stress<\/h3>\n<p>Quel est l'impact du travail sur notre bien-\u00eatre psychique ? Une grande majorit\u00e9 de la population suisse (70%) consid\u00e8re qu'une maladie psychique due au stress de la performance constitue un danger pour la sant\u00e9. Contrairement \u00e0 l'hypoth\u00e8se selon laquelle la flexibilisation spatiale et temporelle du monde du travail entra\u00eene une augmentation de la pression, trois personnes interrog\u00e9es actives sur quatre jugent la flexibilisation au travail positive. Elle a un effet de soulagement : le travail peut \u00eatre adapt\u00e9 \u00e0 sa propre forme du jour et \u00e0 ses affaires priv\u00e9es. Cette perception positive est un peu plus r\u00e9pandue chez les femmes, qui assument aujourd'hui encore davantage de travail de care, que chez les hommes.<\/p>\n<h3>La qualit\u00e9 de vie est plus importante que la long\u00e9vit\u00e9<\/h3>\n<p>Si la population devait choisir entre une vie longue, une vie \u00e9panouie ou une vie en bonne sant\u00e9, seuls 2 pour cent opteraient pour une vie longue. Pour 54 pour cent, une vie \u00e9panouie est la premi\u00e8re priorit\u00e9, pour 44 pour cent c'est la sant\u00e9. Pour les seniors, la sant\u00e9 est plus importante que l'\u00e9panouissement. Il est int\u00e9ressant de noter que m\u00eame les personnes qui sont (plut\u00f4t) malades consid\u00e8rent une vie \u00e9panouie comme l'aspect le plus important de leur vie.<\/p>\n<p>De grandes r\u00e9serves quant \u00e0 la mon\u00e9tisation du temps de vie<br \/>\nLe d\u00e9veloppement rapide de m\u00e9dicaments innovants a permis \u00e0 de nombreux patients, autrefois consid\u00e9r\u00e9s comme des malades incurables, d'avoir aujourd'hui une chance de gu\u00e9rir ou du moins de prolonger leur dur\u00e9e de vie. Mais ces progr\u00e8s de la m\u00e9decine s'accompagnent \u00e9galement de d\u00e9fis \u00e9thiques et financiers. 45 pour cent des personnes interrog\u00e9es n'ont pas voulu porter de jugement sur le prix maximal par an des m\u00e9dicaments qui prolongent la vie. 71 % des personnes qui se sont prononc\u00e9es sur cette question sont d'avis que les m\u00e9dicaments qui prolongent la vie ne doivent pas rench\u00e9rir les primes de plus de 40 francs par mois.<\/p>\n<p><em>L'\u00e9tude d\u00e9taill\u00e9e sur la sant\u00e9 est disponible ici :<\/em><\/p>\n<p><em><a href=\"https:\/\/news.save.ch\/wp-content\/uploads\/2023\/09\/css-hallo-leben-studie-2023-de-1.pdf\">css-hallo-leben-studie-2023-de (1)<\/a><\/em><\/p>\n<p>&nbsp;<\/p>\n<blockquote>\n<h3>Vers l'\u00e9tude<\/h3>\n<p>L'\u00e9tude sur la sant\u00e9 de la CSS examine depuis 2020 comment se porte la population suisse. Elle est r\u00e9alis\u00e9e par l'institut de recherche Sotomo. 2'432 personnes ont \u00e9t\u00e9 interrog\u00e9es en Suisse al\u00e9manique, romande et italienne. Les groupes d'\u00e2ge \u00e9tudi\u00e9s se r\u00e9partissent en jeunes adultes (18 - 35 ans), adultes (36 - 65 ans) et seniors (plus de 65 ans).<\/p><\/blockquote>","protected":false},"excerpt":{"rendered":"<p>Die CSS Gesundheitsstudie zeigt, dass es den Schweizerinnen und Schweizern im Vergleich zum Beginn der Pandemie gesundheitlich schlechter geht: Im M\u00e4rz 2020 gaben 22 Prozent der Befragten an, sich nicht ganz gesund zu f\u00fchlen. 2023 ist dieser Anteil auf 34 Prozent gestiegen. Auff\u00e4llig ist die Zunahme bei den Senioren\/-innen: von 30 Prozent im Jahr 2020 [&hellip;]<\/p>\n","protected":false},"author":8,"featured_media":22057,"comment_status":"closed","ping_status":"closed","sticky":false,"template":"","format":"standard","meta":{"_acf_changed":false,"pgc_sgb_lightbox_settings":"","footnotes":""},"categories":[3314],"tags":[6362],"class_list":["post-22053","post","type-post","status-publish","format-standard","has-post-thumbnail","hentry","category-health-safety","tag-doppelbelastung"],"acf":[],"hkrextid":null,"publication":null,"issue":null,"workflow":null,"startPage":null,"spitzmarke":null,"_posts_by_tag_page_fields":null,"_at_widget":null,"_yoast_wpseo_primary_category":"3314","_yoast_wpseo_focuskw_text_input":null,"_yoast_wpseo_opengraph-image":null,"_yoast_wpseo_opengraph-description":null,"_yoast_wpseo_opengraph-title":null,"enclosure":null,"_yoast_wpseo_twitter-title":null,"_yoast_wpseo_twitter-description":null,"_yoast_wpseo_twitter-image":null,"_wp_old_slug":null,"_yoast_wpseo_title":null,"_yoast_wpseo_canonical":null,"yoast_head":"<!-- This site is optimized with the Yoast SEO plugin v27.5 - https:\/\/yoast.com\/product\/yoast-seo-wordpress\/ -->\n<title>CSS Gesundheitsstudie: Frauen wegen Doppelbelastung psychisch stark belastet - Save<\/title>\n<meta name=\"description\" content=\"Was zeigen die Ergebnisse der j\u00fcngsten Gesundheitsstudie der Krankenkasse CSS? Die Studie wird seit 2020 j\u00e4hrlich durchgef\u00fchrt.\" \/>\n<meta name=\"robots\" content=\"index, follow, max-snippet:-1, max-image-preview:large, max-video-preview:-1\" \/>\n<link rel=\"canonical\" href=\"https:\/\/news.save.ch\/fr\/css-gesundheitsstudie-frauen-wegen-doppelbelastung-psychisch-stark-belastet\/\" \/>\n<meta property=\"og:locale\" content=\"fr_FR\" \/>\n<meta property=\"og:type\" content=\"article\" \/>\n<meta property=\"og:title\" content=\"CSS Gesundheitsstudie: Frauen wegen Doppelbelastung psychisch stark belastet - Save\" \/>\n<meta property=\"og:description\" content=\"Was zeigen die Ergebnisse der j\u00fcngsten Gesundheitsstudie der Krankenkasse CSS? Die Studie wird seit 2020 j\u00e4hrlich durchgef\u00fchrt.\" \/>\n<meta property=\"og:url\" content=\"https:\/\/news.save.ch\/fr\/css-gesundheitsstudie-frauen-wegen-doppelbelastung-psychisch-stark-belastet\/\" \/>\n<meta property=\"og:site_name\" content=\"Save\" \/>\n<meta property=\"article:published_time\" content=\"2023-09-20T06:18:02+00:00\" \/>\n<meta property=\"article:modified_time\" content=\"2023-10-27T08:13:21+00:00\" \/>\n<meta property=\"og:image\" content=\"https:\/\/news.save.ch\/wp-content\/uploads\/2023\/09\/Depositphotos_482901382_S.jpg\" \/>\n\t<meta property=\"og:image:width\" content=\"999\" \/>\n\t<meta property=\"og:image:height\" content=\"667\" \/>\n\t<meta property=\"og:image:type\" content=\"image\/jpeg\" \/>\n<meta name=\"author\" content=\"Roger Str\u00e4ssle\" \/>\n<meta name=\"twitter:card\" content=\"summary_large_image\" \/>\n<meta name=\"twitter:label1\" content=\"\u00c9crit par\" \/>\n\t<meta name=\"twitter:data1\" content=\"Roger Str\u00e4ssle\" \/>\n\t<meta name=\"twitter:label2\" content=\"Dur\u00e9e de lecture estim\u00e9e\" \/>\n\t<meta name=\"twitter:data2\" content=\"6 minutes\" \/>\n<script type=\"application\/ld+json\" class=\"yoast-schema-graph\">{\"@context\":\"https:\\\/\\\/schema.org\",\"@graph\":[{\"@type\":\"Article\",\"@id\":\"https:\\\/\\\/news.save.ch\\\/css-gesundheitsstudie-frauen-wegen-doppelbelastung-psychisch-stark-belastet\\\/#article\",\"isPartOf\":{\"@id\":\"https:\\\/\\\/news.save.ch\\\/css-gesundheitsstudie-frauen-wegen-doppelbelastung-psychisch-stark-belastet\\\/\"},\"author\":{\"name\":\"Roger Str\u00e4ssle\",\"@id\":\"https:\\\/\\\/news.save.ch\\\/de\\\/#\\\/schema\\\/person\\\/d5022db048e0e2b9785c50e5b24da5aa\"},\"headline\":\"CSS Gesundheitsstudie: Frauen wegen Doppelbelastung psychisch stark belastet\",\"datePublished\":\"2023-09-20T06:18:02+00:00\",\"dateModified\":\"2023-10-27T08:13:21+00:00\",\"mainEntityOfPage\":{\"@id\":\"https:\\\/\\\/news.save.ch\\\/css-gesundheitsstudie-frauen-wegen-doppelbelastung-psychisch-stark-belastet\\\/\"},\"wordCount\":1019,\"publisher\":{\"@id\":\"https:\\\/\\\/news.save.ch\\\/de\\\/#organization\"},\"image\":{\"@id\":\"https:\\\/\\\/news.save.ch\\\/css-gesundheitsstudie-frauen-wegen-doppelbelastung-psychisch-stark-belastet\\\/#primaryimage\"},\"thumbnailUrl\":\"https:\\\/\\\/news.save.ch\\\/wp-content\\\/uploads\\\/2023\\\/09\\\/Depositphotos_482901382_S.jpg\",\"keywords\":[\"Doppelbelastung\"],\"articleSection\":[\"HEALTH &amp; SAFETY\"],\"inLanguage\":\"fr-FR\"},{\"@type\":\"WebPage\",\"@id\":\"https:\\\/\\\/news.save.ch\\\/css-gesundheitsstudie-frauen-wegen-doppelbelastung-psychisch-stark-belastet\\\/\",\"url\":\"https:\\\/\\\/news.save.ch\\\/css-gesundheitsstudie-frauen-wegen-doppelbelastung-psychisch-stark-belastet\\\/\",\"name\":\"CSS Gesundheitsstudie: Frauen wegen Doppelbelastung psychisch stark belastet - Save\",\"isPartOf\":{\"@id\":\"https:\\\/\\\/news.save.ch\\\/de\\\/#website\"},\"primaryImageOfPage\":{\"@id\":\"https:\\\/\\\/news.save.ch\\\/css-gesundheitsstudie-frauen-wegen-doppelbelastung-psychisch-stark-belastet\\\/#primaryimage\"},\"image\":{\"@id\":\"https:\\\/\\\/news.save.ch\\\/css-gesundheitsstudie-frauen-wegen-doppelbelastung-psychisch-stark-belastet\\\/#primaryimage\"},\"thumbnailUrl\":\"https:\\\/\\\/news.save.ch\\\/wp-content\\\/uploads\\\/2023\\\/09\\\/Depositphotos_482901382_S.jpg\",\"datePublished\":\"2023-09-20T06:18:02+00:00\",\"dateModified\":\"2023-10-27T08:13:21+00:00\",\"description\":\"Was zeigen die Ergebnisse der j\u00fcngsten Gesundheitsstudie der Krankenkasse CSS? Die Studie wird seit 2020 j\u00e4hrlich durchgef\u00fchrt.\",\"breadcrumb\":{\"@id\":\"https:\\\/\\\/news.save.ch\\\/css-gesundheitsstudie-frauen-wegen-doppelbelastung-psychisch-stark-belastet\\\/#breadcrumb\"},\"inLanguage\":\"fr-FR\",\"potentialAction\":[{\"@type\":\"ReadAction\",\"target\":[\"https:\\\/\\\/news.save.ch\\\/css-gesundheitsstudie-frauen-wegen-doppelbelastung-psychisch-stark-belastet\\\/\"]}]},{\"@type\":\"ImageObject\",\"inLanguage\":\"fr-FR\",\"@id\":\"https:\\\/\\\/news.save.ch\\\/css-gesundheitsstudie-frauen-wegen-doppelbelastung-psychisch-stark-belastet\\\/#primaryimage\",\"url\":\"https:\\\/\\\/news.save.ch\\\/wp-content\\\/uploads\\\/2023\\\/09\\\/Depositphotos_482901382_S.jpg\",\"contentUrl\":\"https:\\\/\\\/news.save.ch\\\/wp-content\\\/uploads\\\/2023\\\/09\\\/Depositphotos_482901382_S.jpg\",\"width\":999,\"height\":667,\"caption\":\"Depositphotos, Igor Vetushko\"},{\"@type\":\"BreadcrumbList\",\"@id\":\"https:\\\/\\\/news.save.ch\\\/css-gesundheitsstudie-frauen-wegen-doppelbelastung-psychisch-stark-belastet\\\/#breadcrumb\",\"itemListElement\":[{\"@type\":\"ListItem\",\"position\":1,\"name\":\"Home\",\"item\":\"https:\\\/\\\/news.save.ch\\\/de\\\/\"},{\"@type\":\"ListItem\",\"position\":2,\"name\":\"CSS Gesundheitsstudie: Frauen wegen Doppelbelastung psychisch stark belastet\"}]},{\"@type\":\"WebSite\",\"@id\":\"https:\\\/\\\/news.save.ch\\\/de\\\/#website\",\"url\":\"https:\\\/\\\/news.save.ch\\\/de\\\/\",\"name\":\"Save\",\"description\":\"Schweizer Fachzeitschrift f\u00fcr Sicherheit\",\"publisher\":{\"@id\":\"https:\\\/\\\/news.save.ch\\\/de\\\/#organization\"},\"potentialAction\":[{\"@type\":\"SearchAction\",\"target\":{\"@type\":\"EntryPoint\",\"urlTemplate\":\"https:\\\/\\\/news.save.ch\\\/de\\\/?s={search_term_string}\"},\"query-input\":{\"@type\":\"PropertyValueSpecification\",\"valueRequired\":true,\"valueName\":\"search_term_string\"}}],\"inLanguage\":\"fr-FR\"},{\"@type\":\"Organization\",\"@id\":\"https:\\\/\\\/news.save.ch\\\/de\\\/#organization\",\"name\":\"Sicherheitsforum\",\"url\":\"https:\\\/\\\/news.save.ch\\\/de\\\/\",\"logo\":{\"@type\":\"ImageObject\",\"inLanguage\":\"fr-FR\",\"@id\":\"https:\\\/\\\/news.save.ch\\\/de\\\/#\\\/schema\\\/logo\\\/image\\\/\",\"url\":\"https:\\\/\\\/news.save.ch\\\/wp-content\\\/uploads\\\/2022\\\/06\\\/Logo_SF_2012.png\",\"contentUrl\":\"https:\\\/\\\/news.save.ch\\\/wp-content\\\/uploads\\\/2022\\\/06\\\/Logo_SF_2012.png\",\"width\":1100,\"height\":91,\"caption\":\"Sicherheitsforum\"},\"image\":{\"@id\":\"https:\\\/\\\/news.save.ch\\\/de\\\/#\\\/schema\\\/logo\\\/image\\\/\"}},{\"@type\":\"Person\",\"@id\":\"https:\\\/\\\/news.save.ch\\\/de\\\/#\\\/schema\\\/person\\\/d5022db048e0e2b9785c50e5b24da5aa\",\"name\":\"Roger Str\u00e4ssle\",\"image\":{\"@type\":\"ImageObject\",\"inLanguage\":\"fr-FR\",\"@id\":\"https:\\\/\\\/secure.gravatar.com\\\/avatar\\\/862a5569d087de48e5856e32f45d719a03804c891d6deb8d4f71a660e79e4a47?s=96&d=mm&r=g\",\"url\":\"https:\\\/\\\/secure.gravatar.com\\\/avatar\\\/862a5569d087de48e5856e32f45d719a03804c891d6deb8d4f71a660e79e4a47?s=96&d=mm&r=g\",\"contentUrl\":\"https:\\\/\\\/secure.gravatar.com\\\/avatar\\\/862a5569d087de48e5856e32f45d719a03804c891d6deb8d4f71a660e79e4a47?s=96&d=mm&r=g\",\"caption\":\"Roger Str\u00e4ssle\"},\"url\":\"https:\\\/\\\/news.save.ch\\\/fr\\\/author\\\/roger-straessle\\\/\"}]}<\/script>\n<!-- \/ Yoast SEO plugin. -->","yoast_head_json":{"title":"Etude CSS sur la sant\u00e9 : les femmes subissent une forte pression psychique en raison d'une double charge - Save","description":"Que montrent les r\u00e9sultats de la derni\u00e8re \u00e9tude sur la sant\u00e9 de la caisse-maladie CSS ? L'\u00e9tude est r\u00e9alis\u00e9e chaque ann\u00e9e depuis 2020.","robots":{"index":"index","follow":"follow","max-snippet":"max-snippet:-1","max-image-preview":"max-image-preview:large","max-video-preview":"max-video-preview:-1"},"canonical":"https:\/\/news.save.ch\/fr\/css-gesundheitsstudie-frauen-wegen-doppelbelastung-psychisch-stark-belastet\/","og_locale":"fr_FR","og_type":"article","og_title":"CSS Gesundheitsstudie: Frauen wegen Doppelbelastung psychisch stark belastet - Save","og_description":"Was zeigen die Ergebnisse der j\u00fcngsten Gesundheitsstudie der Krankenkasse CSS? Die Studie wird seit 2020 j\u00e4hrlich durchgef\u00fchrt.","og_url":"https:\/\/news.save.ch\/fr\/css-gesundheitsstudie-frauen-wegen-doppelbelastung-psychisch-stark-belastet\/","og_site_name":"Save","article_published_time":"2023-09-20T06:18:02+00:00","article_modified_time":"2023-10-27T08:13:21+00:00","og_image":[{"width":999,"height":667,"url":"https:\/\/news.save.ch\/wp-content\/uploads\/2023\/09\/Depositphotos_482901382_S.jpg","type":"image\/jpeg"}],"author":"Roger Str\u00e4ssle","twitter_card":"summary_large_image","twitter_misc":{"\u00c9crit par":"Roger Str\u00e4ssle","Dur\u00e9e de lecture estim\u00e9e":"6 minutes"},"schema":{"@context":"https:\/\/schema.org","@graph":[{"@type":"Article","@id":"https:\/\/news.save.ch\/css-gesundheitsstudie-frauen-wegen-doppelbelastung-psychisch-stark-belastet\/#article","isPartOf":{"@id":"https:\/\/news.save.ch\/css-gesundheitsstudie-frauen-wegen-doppelbelastung-psychisch-stark-belastet\/"},"author":{"name":"Roger Str\u00e4ssle","@id":"https:\/\/news.save.ch\/de\/#\/schema\/person\/d5022db048e0e2b9785c50e5b24da5aa"},"headline":"CSS Gesundheitsstudie: Frauen wegen Doppelbelastung psychisch stark belastet","datePublished":"2023-09-20T06:18:02+00:00","dateModified":"2023-10-27T08:13:21+00:00","mainEntityOfPage":{"@id":"https:\/\/news.save.ch\/css-gesundheitsstudie-frauen-wegen-doppelbelastung-psychisch-stark-belastet\/"},"wordCount":1019,"publisher":{"@id":"https:\/\/news.save.ch\/de\/#organization"},"image":{"@id":"https:\/\/news.save.ch\/css-gesundheitsstudie-frauen-wegen-doppelbelastung-psychisch-stark-belastet\/#primaryimage"},"thumbnailUrl":"https:\/\/news.save.ch\/wp-content\/uploads\/2023\/09\/Depositphotos_482901382_S.jpg","keywords":["Doppelbelastung"],"articleSection":["HEALTH &amp; SAFETY"],"inLanguage":"fr-FR"},{"@type":"WebPage","@id":"https:\/\/news.save.ch\/css-gesundheitsstudie-frauen-wegen-doppelbelastung-psychisch-stark-belastet\/","url":"https:\/\/news.save.ch\/css-gesundheitsstudie-frauen-wegen-doppelbelastung-psychisch-stark-belastet\/","name":"Etude CSS sur la sant\u00e9 : les femmes subissent une forte pression psychique en raison d'une double charge - Save","isPartOf":{"@id":"https:\/\/news.save.ch\/de\/#website"},"primaryImageOfPage":{"@id":"https:\/\/news.save.ch\/css-gesundheitsstudie-frauen-wegen-doppelbelastung-psychisch-stark-belastet\/#primaryimage"},"image":{"@id":"https:\/\/news.save.ch\/css-gesundheitsstudie-frauen-wegen-doppelbelastung-psychisch-stark-belastet\/#primaryimage"},"thumbnailUrl":"https:\/\/news.save.ch\/wp-content\/uploads\/2023\/09\/Depositphotos_482901382_S.jpg","datePublished":"2023-09-20T06:18:02+00:00","dateModified":"2023-10-27T08:13:21+00:00","description":"Que montrent les r\u00e9sultats de la derni\u00e8re \u00e9tude sur la sant\u00e9 de la caisse-maladie CSS ? L'\u00e9tude est r\u00e9alis\u00e9e chaque ann\u00e9e depuis 2020.","breadcrumb":{"@id":"https:\/\/news.save.ch\/css-gesundheitsstudie-frauen-wegen-doppelbelastung-psychisch-stark-belastet\/#breadcrumb"},"inLanguage":"fr-FR","potentialAction":[{"@type":"ReadAction","target":["https:\/\/news.save.ch\/css-gesundheitsstudie-frauen-wegen-doppelbelastung-psychisch-stark-belastet\/"]}]},{"@type":"ImageObject","inLanguage":"fr-FR","@id":"https:\/\/news.save.ch\/css-gesundheitsstudie-frauen-wegen-doppelbelastung-psychisch-stark-belastet\/#primaryimage","url":"https:\/\/news.save.ch\/wp-content\/uploads\/2023\/09\/Depositphotos_482901382_S.jpg","contentUrl":"https:\/\/news.save.ch\/wp-content\/uploads\/2023\/09\/Depositphotos_482901382_S.jpg","width":999,"height":667,"caption":"Depositphotos, Igor Vetushko"},{"@type":"BreadcrumbList","@id":"https:\/\/news.save.ch\/css-gesundheitsstudie-frauen-wegen-doppelbelastung-psychisch-stark-belastet\/#breadcrumb","itemListElement":[{"@type":"ListItem","position":1,"name":"Home","item":"https:\/\/news.save.ch\/de\/"},{"@type":"ListItem","position":2,"name":"CSS Gesundheitsstudie: Frauen wegen Doppelbelastung psychisch stark belastet"}]},{"@type":"WebSite","@id":"https:\/\/news.save.ch\/de\/#website","url":"https:\/\/news.save.ch\/de\/","name":"Save","description":"Revue suisse sp\u00e9cialis\u00e9e dans la s\u00e9curit\u00e9","publisher":{"@id":"https:\/\/news.save.ch\/de\/#organization"},"potentialAction":[{"@type":"SearchAction","target":{"@type":"EntryPoint","urlTemplate":"https:\/\/news.save.ch\/de\/?s={search_term_string}"},"query-input":{"@type":"PropertyValueSpecification","valueRequired":true,"valueName":"search_term_string"}}],"inLanguage":"fr-FR"},{"@type":"Organization","@id":"https:\/\/news.save.ch\/de\/#organization","name":"Forum sur la s\u00e9curit\u00e9","url":"https:\/\/news.save.ch\/de\/","logo":{"@type":"ImageObject","inLanguage":"fr-FR","@id":"https:\/\/news.save.ch\/de\/#\/schema\/logo\/image\/","url":"https:\/\/news.save.ch\/wp-content\/uploads\/2022\/06\/Logo_SF_2012.png","contentUrl":"https:\/\/news.save.ch\/wp-content\/uploads\/2022\/06\/Logo_SF_2012.png","width":1100,"height":91,"caption":"Sicherheitsforum"},"image":{"@id":"https:\/\/news.save.ch\/de\/#\/schema\/logo\/image\/"}},{"@type":"Person","@id":"https:\/\/news.save.ch\/de\/#\/schema\/person\/d5022db048e0e2b9785c50e5b24da5aa","name":"Roger Str\u00e4ssle","image":{"@type":"ImageObject","inLanguage":"fr-FR","@id":"https:\/\/secure.gravatar.com\/avatar\/862a5569d087de48e5856e32f45d719a03804c891d6deb8d4f71a660e79e4a47?s=96&d=mm&r=g","url":"https:\/\/secure.gravatar.com\/avatar\/862a5569d087de48e5856e32f45d719a03804c891d6deb8d4f71a660e79e4a47?s=96&d=mm&r=g","contentUrl":"https:\/\/secure.gravatar.com\/avatar\/862a5569d087de48e5856e32f45d719a03804c891d6deb8d4f71a660e79e4a47?s=96&d=mm&r=g","caption":"Roger Str\u00e4ssle"},"url":"https:\/\/news.save.ch\/fr\/author\/roger-straessle\/"}]}},"_links":{"self":[{"href":"https:\/\/news.save.ch\/fr\/wp-json\/wp\/v2\/posts\/22053","targetHints":{"allow":["GET"]}}],"collection":[{"href":"https:\/\/news.save.ch\/fr\/wp-json\/wp\/v2\/posts"}],"about":[{"href":"https:\/\/news.save.ch\/fr\/wp-json\/wp\/v2\/types\/post"}],"author":[{"embeddable":true,"href":"https:\/\/news.save.ch\/fr\/wp-json\/wp\/v2\/users\/8"}],"replies":[{"embeddable":true,"href":"https:\/\/news.save.ch\/fr\/wp-json\/wp\/v2\/comments?post=22053"}],"version-history":[{"count":7,"href":"https:\/\/news.save.ch\/fr\/wp-json\/wp\/v2\/posts\/22053\/revisions"}],"predecessor-version":[{"id":22069,"href":"https:\/\/news.save.ch\/fr\/wp-json\/wp\/v2\/posts\/22053\/revisions\/22069"}],"wp:featuredmedia":[{"embeddable":true,"href":"https:\/\/news.save.ch\/fr\/wp-json\/wp\/v2\/media\/22057"}],"wp:attachment":[{"href":"https:\/\/news.save.ch\/fr\/wp-json\/wp\/v2\/media?parent=22053"}],"wp:term":[{"taxonomy":"category","embeddable":true,"href":"https:\/\/news.save.ch\/fr\/wp-json\/wp\/v2\/categories?post=22053"},{"taxonomy":"post_tag","embeddable":true,"href":"https:\/\/news.save.ch\/fr\/wp-json\/wp\/v2\/tags?post=22053"}],"curies":[{"name":"wp","href":"https:\/\/api.w.org\/{rel}","templated":true}]}}