{"id":22087,"date":"2023-09-29T10:11:05","date_gmt":"2023-09-29T08:11:05","guid":{"rendered":"https:\/\/news.save.ch\/?p=22087"},"modified":"2023-09-29T10:11:05","modified_gmt":"2023-09-29T08:11:05","slug":"zurueck-in-alter-groesse-inklusive-sicherheitsbranche","status":null,"type":"post","link":"https:\/\/news.save.ch\/fr\/zurueck-in-alter-groesse-inklusive-sicherheitsbranche\/","title":{"rendered":"Retour \u00e0 la grandeur d'antan - secteur de la s\u00e9curit\u00e9 inclus"},"content":{"rendered":"<figure id=\"attachment_22088\" aria-describedby=\"caption-attachment-22088\" style=\"width: 680px\" class=\"wp-caption aligncenter\"><img loading=\"lazy\" decoding=\"async\" class=\"size-medium wp-image-22088\" src=\"https:\/\/news.save.ch\/wp-content\/uploads\/2023\/09\/IMG_1922-680x453.jpg\" alt=\"Salon\" width=\"680\" height=\"453\" srcset=\"https:\/\/news.save.ch\/wp-content\/uploads\/2023\/09\/IMG_1922-680x453.jpg 680w, https:\/\/news.save.ch\/wp-content\/uploads\/2023\/09\/IMG_1922-1024x683.jpg 1024w, https:\/\/news.save.ch\/wp-content\/uploads\/2023\/09\/IMG_1922-768x512.jpg 768w, https:\/\/news.save.ch\/wp-content\/uploads\/2023\/09\/IMG_1922-1536x1024.jpg 1536w, https:\/\/news.save.ch\/wp-content\/uploads\/2023\/09\/IMG_1922-2048x1365.jpg 2048w, https:\/\/news.save.ch\/wp-content\/uploads\/2023\/09\/IMG_1922-18x12.jpg 18w, https:\/\/news.save.ch\/wp-content\/uploads\/2023\/09\/IMG_1922-375x250.jpg 375w, https:\/\/news.save.ch\/wp-content\/uploads\/2023\/09\/IMG_1922-525x350.jpg 525w, https:\/\/news.save.ch\/wp-content\/uploads\/2023\/09\/IMG_1922-1000x667.jpg 1000w, https:\/\/news.save.ch\/wp-content\/uploads\/2023\/09\/IMG_1922-scaled.jpg 1200w\" sizes=\"auto, (max-width: 680px) 100vw, 680px\" \/><figcaption id=\"caption-attachment-22088\" class=\"wp-caption-text\">Photo : R. Str\u00e4ssle<\/figcaption><\/figure>\n<p>Swissbau doit redevenir ce qu'elle \u00e9tait avant la pand\u00e9mie : un grand \u00e9v\u00e9nement qui refl\u00e8te toute la valeur ajout\u00e9e du secteur de la construction et de ses fournisseurs. Lors de l'organisation de l'\u00e9dition sp\u00e9ciale Swissbau Compac en mai 2022, on ne sait pas vraiment si ce petit format a fait plus de mal que de bien, a d\u00e9clar\u00e9 la responsable de la communication Claudia Ries lors d'une r\u00e9cente conf\u00e9rence de presse. Elle a promis qu'un programme complet serait propos\u00e9 lors du salon de quatre jours qui se tiendra du 16 au 19 janvier 2024 - et compte sur environ 500 exposants. Le secteur de la s\u00e9curit\u00e9 sera \u00e9galement de la partie. Elle sera pr\u00e9sente dans la halle 1 sud, au premier \u00e9tage, aux c\u00f4t\u00e9s d'exposants des secteurs de l'\u00e9lectrotechnique et de l'automatisation des b\u00e2timents.<\/p>\n<h3>Points de rencontre interdisciplinaires<\/h3>\n<p>La devise de Swissbau 2024 est : \"Construire ensemble le changement\". Le secteur suisse de la construction et de l'immobilier est en effet confront\u00e9 \u00e0 divers changements. Num\u00e9risation, \u00e9nergie, durabilit\u00e9, mat\u00e9riaux et collaboration en sont les mots-cl\u00e9s. Le salon sera inaugur\u00e9 par le conseiller f\u00e9d\u00e9ral Albert R\u00f6sti et par Construction Suisse, l'association fa\u00eeti\u00e8re du secteur suisse de la construction.<\/p>\n<p>Outre la pr\u00e9sentation classique de nouveaut\u00e9s et de solutions, Swissbau propose deux points de rencontre interdisciplinaires, Swissbau Focus et Lab. Selon Rudolf Pfander de Swissbau, la transmission des connaissances est au centre de ces plates-formes, dont les pierres angulaires sont la \"discussion\", c'est-\u00e0-dire Focus, et \"l'exp\u00e9rimentation\", c'est-\u00e0-dire Lab. Les deux plates-formes mettent en lumi\u00e8re des th\u00e8mes tels que le climat, l'\u00e9nergie, l'\u00e9conomie circulaire, les mat\u00e9riaux, la collaboration et la soci\u00e9t\u00e9.<br \/>\nLes Leading Partners de Swissbau sont Bauen digital Schweiz \/ building\u00acSMART Switzerland et la SIA, Soci\u00e9t\u00e9 suisse des ing\u00e9nieurs et des architectes.<\/p>\n<h3>Congr\u00e8s sur la s\u00e9curit\u00e9<\/h3>\n<p>Depuis quelques ann\u00e9es d\u00e9j\u00e0, le congr\u00e8s sur la s\u00e9curit\u00e9 organis\u00e9 par l'entreprise de congr\u00e8s Save AG a lieu parall\u00e8lement au salon. Au Congress Center de B\u00e2le, une trentaine d'intervenants pr\u00e9senteront leurs connaissances en mati\u00e8re de s\u00e9curit\u00e9, de protection contre l'incendie et de s\u00e9curit\u00e9 au travail dans le cadre de 5 modules d'une demi-journ\u00e9e. Les diff\u00e9rents blocs th\u00e9matiques des modules d'une demi-journ\u00e9e sont les suivants :<\/p>\n<ul>\n<li>Des b\u00e2timents bien con\u00e7us et s\u00fbrs ! (16.01.)<\/li>\n<li>Menaces et nouvelles technologies de s\u00e9curit\u00e9 (17\/01)<\/li>\n<li>Nouvelles technologies \u00e9nerg\u00e9tiques et s\u00e9curit\u00e9 incendie ! (17.01.)<\/li>\n<li>Tendances dans la s\u00e9curit\u00e9 des b\u00e2timents (18.01.)<\/li>\n<li>S\u00e9curit\u00e9 au travail dans l'entreprise en cours (18.01.)<\/li>\n<\/ul>\n<p><em>Plus d'informations sur <a href=\"http:\/\/www.swissbau.ch\" target=\"_blank\" rel=\"noopener\">Salon <\/a>et au <a href=\"https:\/\/save.ch\/event\/sicherheitskongress-01-2024\/\" target=\"_blank\" rel=\"noopener\">Congr\u00e8s sur la s\u00e9curit\u00e9<\/a><\/em><\/p>\n<p>&nbsp;<\/p>","protected":false},"excerpt":{"rendered":"<p>Die Swissbau soll wieder das werden, was sie vor der Pandemie war: ein Grossanlass, der die gesamte Wertsch\u00f6pfung der Baubranche und ihrer Zulieferer abbildet. Bei der Durchf\u00fchrung der Spezialausgabe Swissbau Compac im Mai 2022 wisse man nicht genau, ob dieses Kleinformat mehr geschadet als gen\u00fctzt habe, zog Kommunikationsleiterin Claudia Ries an der Medienkonferenz k\u00fcrzlich Bilanz. [&hellip;]<\/p>\n","protected":false},"author":8,"featured_media":22088,"comment_status":"closed","ping_status":"closed","sticky":false,"template":"","format":"standard","meta":{"_acf_changed":false,"pgc_sgb_lightbox_settings":"","footnotes":""},"categories":[3312],"tags":[278],"class_list":["post-22087","post","type-post","status-publish","format-standard","has-post-thumbnail","hentry","category-sicherheit","tag-fachkongress-fachmesse"],"acf":[],"hkrextid":null,"publication":null,"issue":null,"workflow":null,"startPage":null,"spitzmarke":null,"_posts_by_tag_page_fields":null,"_at_widget":null,"_yoast_wpseo_primary_category":"3312","_yoast_wpseo_focuskw_text_input":null,"_yoast_wpseo_opengraph-image":null,"_yoast_wpseo_opengraph-description":null,"_yoast_wpseo_opengraph-title":null,"enclosure":null,"_yoast_wpseo_twitter-title":null,"_yoast_wpseo_twitter-description":null,"_yoast_wpseo_twitter-image":null,"_wp_old_slug":null,"_yoast_wpseo_title":null,"_yoast_wpseo_canonical":null,"yoast_head":"<!-- This site is optimized with the Yoast SEO plugin v27.5 - https:\/\/yoast.com\/product\/yoast-seo-wordpress\/ -->\n<title>Zur\u00fcck in alter Gr\u00f6sse \u2013 inklusive Sicherheitsbranche - Save<\/title>\n<meta name=\"description\" content=\"Die Swissbau findet vom 16. bis 19. Januar 2024 in Basel statt. Parallel dazu wird der Sicherheitskongress durchgef\u00fchrt.\" \/>\n<meta name=\"robots\" content=\"index, follow, max-snippet:-1, max-image-preview:large, max-video-preview:-1\" \/>\n<link rel=\"canonical\" href=\"https:\/\/news.save.ch\/fr\/zurueck-in-alter-groesse-inklusive-sicherheitsbranche\/\" \/>\n<meta property=\"og:locale\" content=\"fr_FR\" \/>\n<meta property=\"og:type\" content=\"article\" \/>\n<meta property=\"og:title\" content=\"Zur\u00fcck in alter Gr\u00f6sse \u2013 inklusive Sicherheitsbranche - Save\" \/>\n<meta property=\"og:description\" content=\"Die Swissbau findet vom 16. bis 19. Januar 2024 in Basel statt. Parallel dazu wird der Sicherheitskongress durchgef\u00fchrt.\" \/>\n<meta property=\"og:url\" content=\"https:\/\/news.save.ch\/fr\/zurueck-in-alter-groesse-inklusive-sicherheitsbranche\/\" \/>\n<meta property=\"og:site_name\" content=\"Save\" \/>\n<meta property=\"article:published_time\" content=\"2023-09-29T08:11:05+00:00\" \/>\n<meta property=\"og:image\" content=\"https:\/\/news.save.ch\/wp-content\/uploads\/2023\/09\/IMG_1922-scaled.jpg\" \/>\n\t<meta property=\"og:image:width\" content=\"1200\" \/>\n\t<meta property=\"og:image:height\" content=\"800\" \/>\n\t<meta property=\"og:image:type\" content=\"image\/jpeg\" \/>\n<meta name=\"author\" content=\"Roger Str\u00e4ssle\" \/>\n<meta name=\"twitter:card\" content=\"summary_large_image\" \/>\n<meta name=\"twitter:label1\" content=\"\u00c9crit par\" \/>\n\t<meta name=\"twitter:data1\" content=\"Roger Str\u00e4ssle\" \/>\n\t<meta name=\"twitter:label2\" content=\"Dur\u00e9e de lecture estim\u00e9e\" \/>\n\t<meta name=\"twitter:data2\" content=\"2 minutes\" \/>\n<script type=\"application\/ld+json\" class=\"yoast-schema-graph\">{\"@context\":\"https:\\\/\\\/schema.org\",\"@graph\":[{\"@type\":\"Article\",\"@id\":\"https:\\\/\\\/news.save.ch\\\/zurueck-in-alter-groesse-inklusive-sicherheitsbranche\\\/#article\",\"isPartOf\":{\"@id\":\"https:\\\/\\\/news.save.ch\\\/zurueck-in-alter-groesse-inklusive-sicherheitsbranche\\\/\"},\"author\":{\"name\":\"Roger Str\u00e4ssle\",\"@id\":\"https:\\\/\\\/news.save.ch\\\/de\\\/#\\\/schema\\\/person\\\/d5022db048e0e2b9785c50e5b24da5aa\"},\"headline\":\"Zur\u00fcck in alter Gr\u00f6sse \u2013 inklusive Sicherheitsbranche\",\"datePublished\":\"2023-09-29T08:11:05+00:00\",\"mainEntityOfPage\":{\"@id\":\"https:\\\/\\\/news.save.ch\\\/zurueck-in-alter-groesse-inklusive-sicherheitsbranche\\\/\"},\"wordCount\":329,\"publisher\":{\"@id\":\"https:\\\/\\\/news.save.ch\\\/de\\\/#organization\"},\"image\":{\"@id\":\"https:\\\/\\\/news.save.ch\\\/zurueck-in-alter-groesse-inklusive-sicherheitsbranche\\\/#primaryimage\"},\"thumbnailUrl\":\"https:\\\/\\\/news.save.ch\\\/wp-content\\\/uploads\\\/2023\\\/09\\\/IMG_1922-scaled.jpg\",\"keywords\":[\"Fachkongress \\\/ Fachmesse\"],\"articleSection\":[\"SICHERHEIT\"],\"inLanguage\":\"fr-FR\"},{\"@type\":\"WebPage\",\"@id\":\"https:\\\/\\\/news.save.ch\\\/zurueck-in-alter-groesse-inklusive-sicherheitsbranche\\\/\",\"url\":\"https:\\\/\\\/news.save.ch\\\/zurueck-in-alter-groesse-inklusive-sicherheitsbranche\\\/\",\"name\":\"Zur\u00fcck in alter Gr\u00f6sse \u2013 inklusive Sicherheitsbranche - Save\",\"isPartOf\":{\"@id\":\"https:\\\/\\\/news.save.ch\\\/de\\\/#website\"},\"primaryImageOfPage\":{\"@id\":\"https:\\\/\\\/news.save.ch\\\/zurueck-in-alter-groesse-inklusive-sicherheitsbranche\\\/#primaryimage\"},\"image\":{\"@id\":\"https:\\\/\\\/news.save.ch\\\/zurueck-in-alter-groesse-inklusive-sicherheitsbranche\\\/#primaryimage\"},\"thumbnailUrl\":\"https:\\\/\\\/news.save.ch\\\/wp-content\\\/uploads\\\/2023\\\/09\\\/IMG_1922-scaled.jpg\",\"datePublished\":\"2023-09-29T08:11:05+00:00\",\"description\":\"Die Swissbau findet vom 16. bis 19. Januar 2024 in Basel statt. Parallel dazu wird der Sicherheitskongress durchgef\u00fchrt.\",\"breadcrumb\":{\"@id\":\"https:\\\/\\\/news.save.ch\\\/zurueck-in-alter-groesse-inklusive-sicherheitsbranche\\\/#breadcrumb\"},\"inLanguage\":\"fr-FR\",\"potentialAction\":[{\"@type\":\"ReadAction\",\"target\":[\"https:\\\/\\\/news.save.ch\\\/zurueck-in-alter-groesse-inklusive-sicherheitsbranche\\\/\"]}]},{\"@type\":\"ImageObject\",\"inLanguage\":\"fr-FR\",\"@id\":\"https:\\\/\\\/news.save.ch\\\/zurueck-in-alter-groesse-inklusive-sicherheitsbranche\\\/#primaryimage\",\"url\":\"https:\\\/\\\/news.save.ch\\\/wp-content\\\/uploads\\\/2023\\\/09\\\/IMG_1922-scaled.jpg\",\"contentUrl\":\"https:\\\/\\\/news.save.ch\\\/wp-content\\\/uploads\\\/2023\\\/09\\\/IMG_1922-scaled.jpg\",\"width\":1200,\"height\":800,\"caption\":\"Foto: R. Str\u00e4ssle\"},{\"@type\":\"BreadcrumbList\",\"@id\":\"https:\\\/\\\/news.save.ch\\\/zurueck-in-alter-groesse-inklusive-sicherheitsbranche\\\/#breadcrumb\",\"itemListElement\":[{\"@type\":\"ListItem\",\"position\":1,\"name\":\"Home\",\"item\":\"https:\\\/\\\/news.save.ch\\\/de\\\/\"},{\"@type\":\"ListItem\",\"position\":2,\"name\":\"Zur\u00fcck in alter Gr\u00f6sse \u2013 inklusive Sicherheitsbranche\"}]},{\"@type\":\"WebSite\",\"@id\":\"https:\\\/\\\/news.save.ch\\\/de\\\/#website\",\"url\":\"https:\\\/\\\/news.save.ch\\\/de\\\/\",\"name\":\"Save\",\"description\":\"Schweizer Fachzeitschrift f\u00fcr Sicherheit\",\"publisher\":{\"@id\":\"https:\\\/\\\/news.save.ch\\\/de\\\/#organization\"},\"potentialAction\":[{\"@type\":\"SearchAction\",\"target\":{\"@type\":\"EntryPoint\",\"urlTemplate\":\"https:\\\/\\\/news.save.ch\\\/de\\\/?s={search_term_string}\"},\"query-input\":{\"@type\":\"PropertyValueSpecification\",\"valueRequired\":true,\"valueName\":\"search_term_string\"}}],\"inLanguage\":\"fr-FR\"},{\"@type\":\"Organization\",\"@id\":\"https:\\\/\\\/news.save.ch\\\/de\\\/#organization\",\"name\":\"Sicherheitsforum\",\"url\":\"https:\\\/\\\/news.save.ch\\\/de\\\/\",\"logo\":{\"@type\":\"ImageObject\",\"inLanguage\":\"fr-FR\",\"@id\":\"https:\\\/\\\/news.save.ch\\\/de\\\/#\\\/schema\\\/logo\\\/image\\\/\",\"url\":\"https:\\\/\\\/news.save.ch\\\/wp-content\\\/uploads\\\/2022\\\/06\\\/Logo_SF_2012.png\",\"contentUrl\":\"https:\\\/\\\/news.save.ch\\\/wp-content\\\/uploads\\\/2022\\\/06\\\/Logo_SF_2012.png\",\"width\":1100,\"height\":91,\"caption\":\"Sicherheitsforum\"},\"image\":{\"@id\":\"https:\\\/\\\/news.save.ch\\\/de\\\/#\\\/schema\\\/logo\\\/image\\\/\"}},{\"@type\":\"Person\",\"@id\":\"https:\\\/\\\/news.save.ch\\\/de\\\/#\\\/schema\\\/person\\\/d5022db048e0e2b9785c50e5b24da5aa\",\"name\":\"Roger Str\u00e4ssle\",\"image\":{\"@type\":\"ImageObject\",\"inLanguage\":\"fr-FR\",\"@id\":\"https:\\\/\\\/secure.gravatar.com\\\/avatar\\\/862a5569d087de48e5856e32f45d719a03804c891d6deb8d4f71a660e79e4a47?s=96&d=mm&r=g\",\"url\":\"https:\\\/\\\/secure.gravatar.com\\\/avatar\\\/862a5569d087de48e5856e32f45d719a03804c891d6deb8d4f71a660e79e4a47?s=96&d=mm&r=g\",\"contentUrl\":\"https:\\\/\\\/secure.gravatar.com\\\/avatar\\\/862a5569d087de48e5856e32f45d719a03804c891d6deb8d4f71a660e79e4a47?s=96&d=mm&r=g\",\"caption\":\"Roger Str\u00e4ssle\"},\"url\":\"https:\\\/\\\/news.save.ch\\\/fr\\\/author\\\/roger-straessle\\\/\"}]}<\/script>\n<!-- \/ Yoast SEO plugin. -->","yoast_head_json":{"title":"Retour \u00e0 la grandeur d'antan - secteur de la s\u00e9curit\u00e9 compris - Save","description":"Le salon Swissbau aura lieu du 16 au 19 janvier 2024 \u00e0 B\u00e2le. Le Congr\u00e8s de la s\u00e9curit\u00e9 sera organis\u00e9 en parall\u00e8le.","robots":{"index":"index","follow":"follow","max-snippet":"max-snippet:-1","max-image-preview":"max-image-preview:large","max-video-preview":"max-video-preview:-1"},"canonical":"https:\/\/news.save.ch\/fr\/zurueck-in-alter-groesse-inklusive-sicherheitsbranche\/","og_locale":"fr_FR","og_type":"article","og_title":"Zur\u00fcck in alter Gr\u00f6sse \u2013 inklusive Sicherheitsbranche - Save","og_description":"Die Swissbau findet vom 16. bis 19. Januar 2024 in Basel statt. Parallel dazu wird der Sicherheitskongress durchgef\u00fchrt.","og_url":"https:\/\/news.save.ch\/fr\/zurueck-in-alter-groesse-inklusive-sicherheitsbranche\/","og_site_name":"Save","article_published_time":"2023-09-29T08:11:05+00:00","og_image":[{"width":1200,"height":800,"url":"https:\/\/news.save.ch\/wp-content\/uploads\/2023\/09\/IMG_1922-scaled.jpg","type":"image\/jpeg"}],"author":"Roger Str\u00e4ssle","twitter_card":"summary_large_image","twitter_misc":{"\u00c9crit par":"Roger Str\u00e4ssle","Dur\u00e9e de lecture estim\u00e9e":"2 minutes"},"schema":{"@context":"https:\/\/schema.org","@graph":[{"@type":"Article","@id":"https:\/\/news.save.ch\/zurueck-in-alter-groesse-inklusive-sicherheitsbranche\/#article","isPartOf":{"@id":"https:\/\/news.save.ch\/zurueck-in-alter-groesse-inklusive-sicherheitsbranche\/"},"author":{"name":"Roger Str\u00e4ssle","@id":"https:\/\/news.save.ch\/de\/#\/schema\/person\/d5022db048e0e2b9785c50e5b24da5aa"},"headline":"Zur\u00fcck in alter Gr\u00f6sse \u2013 inklusive Sicherheitsbranche","datePublished":"2023-09-29T08:11:05+00:00","mainEntityOfPage":{"@id":"https:\/\/news.save.ch\/zurueck-in-alter-groesse-inklusive-sicherheitsbranche\/"},"wordCount":329,"publisher":{"@id":"https:\/\/news.save.ch\/de\/#organization"},"image":{"@id":"https:\/\/news.save.ch\/zurueck-in-alter-groesse-inklusive-sicherheitsbranche\/#primaryimage"},"thumbnailUrl":"https:\/\/news.save.ch\/wp-content\/uploads\/2023\/09\/IMG_1922-scaled.jpg","keywords":["Fachkongress \/ Fachmesse"],"articleSection":["SICHERHEIT"],"inLanguage":"fr-FR"},{"@type":"WebPage","@id":"https:\/\/news.save.ch\/zurueck-in-alter-groesse-inklusive-sicherheitsbranche\/","url":"https:\/\/news.save.ch\/zurueck-in-alter-groesse-inklusive-sicherheitsbranche\/","name":"Retour \u00e0 la grandeur d'antan - secteur de la s\u00e9curit\u00e9 compris - Save","isPartOf":{"@id":"https:\/\/news.save.ch\/de\/#website"},"primaryImageOfPage":{"@id":"https:\/\/news.save.ch\/zurueck-in-alter-groesse-inklusive-sicherheitsbranche\/#primaryimage"},"image":{"@id":"https:\/\/news.save.ch\/zurueck-in-alter-groesse-inklusive-sicherheitsbranche\/#primaryimage"},"thumbnailUrl":"https:\/\/news.save.ch\/wp-content\/uploads\/2023\/09\/IMG_1922-scaled.jpg","datePublished":"2023-09-29T08:11:05+00:00","description":"Le salon Swissbau aura lieu du 16 au 19 janvier 2024 \u00e0 B\u00e2le. Le Congr\u00e8s de la s\u00e9curit\u00e9 sera organis\u00e9 en parall\u00e8le.","breadcrumb":{"@id":"https:\/\/news.save.ch\/zurueck-in-alter-groesse-inklusive-sicherheitsbranche\/#breadcrumb"},"inLanguage":"fr-FR","potentialAction":[{"@type":"ReadAction","target":["https:\/\/news.save.ch\/zurueck-in-alter-groesse-inklusive-sicherheitsbranche\/"]}]},{"@type":"ImageObject","inLanguage":"fr-FR","@id":"https:\/\/news.save.ch\/zurueck-in-alter-groesse-inklusive-sicherheitsbranche\/#primaryimage","url":"https:\/\/news.save.ch\/wp-content\/uploads\/2023\/09\/IMG_1922-scaled.jpg","contentUrl":"https:\/\/news.save.ch\/wp-content\/uploads\/2023\/09\/IMG_1922-scaled.jpg","width":1200,"height":800,"caption":"Foto: R. Str\u00e4ssle"},{"@type":"BreadcrumbList","@id":"https:\/\/news.save.ch\/zurueck-in-alter-groesse-inklusive-sicherheitsbranche\/#breadcrumb","itemListElement":[{"@type":"ListItem","position":1,"name":"Home","item":"https:\/\/news.save.ch\/de\/"},{"@type":"ListItem","position":2,"name":"Zur\u00fcck in alter Gr\u00f6sse \u2013 inklusive Sicherheitsbranche"}]},{"@type":"WebSite","@id":"https:\/\/news.save.ch\/de\/#website","url":"https:\/\/news.save.ch\/de\/","name":"Save","description":"Revue suisse sp\u00e9cialis\u00e9e dans la s\u00e9curit\u00e9","publisher":{"@id":"https:\/\/news.save.ch\/de\/#organization"},"potentialAction":[{"@type":"SearchAction","target":{"@type":"EntryPoint","urlTemplate":"https:\/\/news.save.ch\/de\/?s={search_term_string}"},"query-input":{"@type":"PropertyValueSpecification","valueRequired":true,"valueName":"search_term_string"}}],"inLanguage":"fr-FR"},{"@type":"Organization","@id":"https:\/\/news.save.ch\/de\/#organization","name":"Forum sur la s\u00e9curit\u00e9","url":"https:\/\/news.save.ch\/de\/","logo":{"@type":"ImageObject","inLanguage":"fr-FR","@id":"https:\/\/news.save.ch\/de\/#\/schema\/logo\/image\/","url":"https:\/\/news.save.ch\/wp-content\/uploads\/2022\/06\/Logo_SF_2012.png","contentUrl":"https:\/\/news.save.ch\/wp-content\/uploads\/2022\/06\/Logo_SF_2012.png","width":1100,"height":91,"caption":"Sicherheitsforum"},"image":{"@id":"https:\/\/news.save.ch\/de\/#\/schema\/logo\/image\/"}},{"@type":"Person","@id":"https:\/\/news.save.ch\/de\/#\/schema\/person\/d5022db048e0e2b9785c50e5b24da5aa","name":"Roger Str\u00e4ssle","image":{"@type":"ImageObject","inLanguage":"fr-FR","@id":"https:\/\/secure.gravatar.com\/avatar\/862a5569d087de48e5856e32f45d719a03804c891d6deb8d4f71a660e79e4a47?s=96&d=mm&r=g","url":"https:\/\/secure.gravatar.com\/avatar\/862a5569d087de48e5856e32f45d719a03804c891d6deb8d4f71a660e79e4a47?s=96&d=mm&r=g","contentUrl":"https:\/\/secure.gravatar.com\/avatar\/862a5569d087de48e5856e32f45d719a03804c891d6deb8d4f71a660e79e4a47?s=96&d=mm&r=g","caption":"Roger Str\u00e4ssle"},"url":"https:\/\/news.save.ch\/fr\/author\/roger-straessle\/"}]}},"_links":{"self":[{"href":"https:\/\/news.save.ch\/fr\/wp-json\/wp\/v2\/posts\/22087","targetHints":{"allow":["GET"]}}],"collection":[{"href":"https:\/\/news.save.ch\/fr\/wp-json\/wp\/v2\/posts"}],"about":[{"href":"https:\/\/news.save.ch\/fr\/wp-json\/wp\/v2\/types\/post"}],"author":[{"embeddable":true,"href":"https:\/\/news.save.ch\/fr\/wp-json\/wp\/v2\/users\/8"}],"replies":[{"embeddable":true,"href":"https:\/\/news.save.ch\/fr\/wp-json\/wp\/v2\/comments?post=22087"}],"version-history":[{"count":2,"href":"https:\/\/news.save.ch\/fr\/wp-json\/wp\/v2\/posts\/22087\/revisions"}],"predecessor-version":[{"id":22090,"href":"https:\/\/news.save.ch\/fr\/wp-json\/wp\/v2\/posts\/22087\/revisions\/22090"}],"wp:featuredmedia":[{"embeddable":true,"href":"https:\/\/news.save.ch\/fr\/wp-json\/wp\/v2\/media\/22088"}],"wp:attachment":[{"href":"https:\/\/news.save.ch\/fr\/wp-json\/wp\/v2\/media?parent=22087"}],"wp:term":[{"taxonomy":"category","embeddable":true,"href":"https:\/\/news.save.ch\/fr\/wp-json\/wp\/v2\/categories?post=22087"},{"taxonomy":"post_tag","embeddable":true,"href":"https:\/\/news.save.ch\/fr\/wp-json\/wp\/v2\/tags?post=22087"}],"curies":[{"name":"wp","href":"https:\/\/api.w.org\/{rel}","templated":true}]}}