{"id":22160,"date":"2023-10-11T16:51:20","date_gmt":"2023-10-11T14:51:20","guid":{"rendered":"https:\/\/news.save.ch\/?p=22160"},"modified":"2023-10-27T10:10:33","modified_gmt":"2023-10-27T08:10:33","slug":"swiss-mit-fehlerhafter-schutzausruestung","status":null,"type":"post","link":"https:\/\/news.save.ch\/fr\/swiss-mit-fehlerhafter-schutzausruestung\/","title":{"rendered":"SWISS avec un \u00e9quipement de protection d\u00e9fectueux pour l'\u00e9quipage"},"content":{"rendered":"<figure id=\"attachment_22161\" aria-describedby=\"caption-attachment-22161\" style=\"width: 680px\" class=\"wp-caption aligncenter\"><img loading=\"lazy\" decoding=\"async\" class=\"size-medium wp-image-22161\" src=\"https:\/\/news.save.ch\/wp-content\/uploads\/2023\/10\/651660_v1-680x659.jpg\" alt=\"Compagnie a\u00e9rienne\" width=\"680\" height=\"659\" srcset=\"https:\/\/news.save.ch\/wp-content\/uploads\/2023\/10\/651660_v1-680x659.jpg 680w, https:\/\/news.save.ch\/wp-content\/uploads\/2023\/10\/651660_v1-1024x993.jpg 1024w, https:\/\/news.save.ch\/wp-content\/uploads\/2023\/10\/651660_v1-768x745.jpg 768w, https:\/\/news.save.ch\/wp-content\/uploads\/2023\/10\/651660_v1-1536x1489.jpg 1536w, https:\/\/news.save.ch\/wp-content\/uploads\/2023\/10\/651660_v1-2048x1986.jpg 2048w, https:\/\/news.save.ch\/wp-content\/uploads\/2023\/10\/651660_v1-12x12.jpg 12w, https:\/\/news.save.ch\/wp-content\/uploads\/2023\/10\/651660_v1-309x300.jpg 309w, https:\/\/news.save.ch\/wp-content\/uploads\/2023\/10\/651660_v1-361x350.jpg 361w, https:\/\/news.save.ch\/wp-content\/uploads\/2023\/10\/651660_v1-825x800.jpg 825w, https:\/\/news.save.ch\/wp-content\/uploads\/2023\/10\/651660_v1-scaled.jpg 1200w\" sizes=\"auto, (max-width: 680px) 100vw, 680px\" \/><figcaption id=\"caption-attachment-22161\" class=\"wp-caption-text\">La compagnie a\u00e9rienne SWISS remplace les \u00e9quipements de protection pour les \u00e9quipages. (photo de presse)<\/figcaption><\/figure>\n<p>&nbsp;<\/p>\n<p>Les membres d'\u00e9quipage de Swiss International Air Lines (SWISS) disposent dans tous les avions de divers \u00e9quipements destin\u00e9s \u00e0 les prot\u00e9ger des fum\u00e9es et des vapeurs, par exemple dans le cas improbable d'un d\u00e9gagement de fum\u00e9e. Le Protective Breathing Equipment (PBE), en particulier, sert de masque de protection aux collaborateurs de la cabine et du cockpit. Ces masques sont \u00e9quip\u00e9s de g\u00e9n\u00e9rateurs d'oxyg\u00e8ne afin que la respiration soit possible m\u00eame en cas de d\u00e9gagement de fum\u00e9e dans la cabine et que les membres d'\u00e9quipage puissent se d\u00e9placer sans entrave, indique la compagnie. Deux mod\u00e8les diff\u00e9rents, certifi\u00e9s au niveau international, sont install\u00e9s dans les avions de SWISS.<\/p>\n<h3>Deux \u00e9v\u00e9nements extraordinaires<\/h3>\n<p>Selon les informations fournies, des membres d'\u00e9quipage ont r\u00e9cemment constat\u00e9 des odeurs inhabituelles sur deux vols SWISS et ont mis leur PBE \u00e0 titre pr\u00e9ventif. Certains masques n'ont pas fonctionn\u00e9 correctement ou ont \u00e9t\u00e9 difficiles \u00e0 retirer de leur emballage, selon le communiqu\u00e9 de presse. A aucun moment, l'\u00e9quipage ou les passagers n'ont \u00e9t\u00e9 menac\u00e9s et les deux vols ont pu atterrir de mani\u00e8re s\u00fbre et contr\u00f4l\u00e9e.<\/p>\n<p>Les incidents ont \u00e9t\u00e9 imm\u00e9diatement signal\u00e9s aux autorit\u00e9s comp\u00e9tentes, \u00e0 savoir l'Office f\u00e9d\u00e9ral de l'aviation civile (OFAC) et le Service d'enqu\u00eate de s\u00e9curit\u00e9 (SESA), et des mesures ont \u00e9t\u00e9 prises pour optimiser l'utilisation des \u00e9quipements de protection, a d\u00e9clar\u00e9 SWISS.<\/p>\n<p><strong>Les masques de protection respiratoire sont remplac\u00e9s<\/strong><\/p>\n<p>Des experts de diff\u00e9rents d\u00e9partements de SWISS ont \u00e0 nouveau examin\u00e9 les masques de protection respiratoire en d\u00e9tail et ont constat\u00e9 que la fonctionnalit\u00e9 de l'un des deux mod\u00e8les \u00e9tait effectivement partiellement limit\u00e9e, est-il pr\u00e9cis\u00e9. M\u00eame si le manque de disponibilit\u00e9 n'est pas apparu sur tous les masques PBE test\u00e9s, SWISS a d\u00e9cid\u00e9, \u00e0 titre pr\u00e9ventif, de remplacer tous les mod\u00e8les de ce type. L'acquisition de nouveaux mod\u00e8les a d\u00e9j\u00e0 \u00e9t\u00e9 entam\u00e9e.<\/p>\n<p>SWISS a install\u00e9 dans ses avions pr\u00e8s de 1'000 masques de protection respiratoire du type concern\u00e9. L'op\u00e9ration de remplacement durerait donc plusieurs mois, \u00e9crit la compagnie a\u00e9rienne. C'est pourquoi elle a mis en place un programme de formation suppl\u00e9mentaire pour tous les \u00e9quipages. Il s'agit par exemple de sensibiliser les \u00e9quipages \u00e0 la manipulation particuli\u00e8re de ce type de masque, conclut le communiqu\u00e9.<\/p>\n<p>&nbsp;<\/p>","protected":false},"excerpt":{"rendered":"<p>&nbsp; Besatzungsmitgliedern von Swiss International Air Lines (SWISS) stehen in s\u00e4mtlichen Flugzeugen diverse Ausr\u00fcstungsgegenst\u00e4nde zur Verf\u00fcgung, um sie zum Beispiel im unwahrscheinlichen Fall einer Rauchentwicklung vor Rauch und D\u00e4mpfen zu sch\u00fctzen. Insbesondere das sogenannte Protective Breathing Equipment (PBE) diene den Mitarbeitenden in der Kabine und im Cockpit als Schutzmaske. Diese Masken sind mit Sauerstoffgeneratoren ausger\u00fcstet, [&hellip;]<\/p>\n","protected":false},"author":8,"featured_media":22161,"comment_status":"closed","ping_status":"closed","sticky":false,"template":"","format":"standard","meta":{"_acf_changed":false,"pgc_sgb_lightbox_settings":"","footnotes":""},"categories":[3312],"tags":[1666,2866],"class_list":["post-22160","post","type-post","status-publish","format-standard","has-post-thumbnail","hentry","category-sicherheit","tag-arbeitsschutzausruestung","tag-schutzausruestung"],"acf":[],"hkrextid":null,"publication":null,"issue":null,"workflow":null,"startPage":null,"spitzmarke":null,"_posts_by_tag_page_fields":null,"_at_widget":null,"_yoast_wpseo_primary_category":"3312","_yoast_wpseo_focuskw_text_input":null,"_yoast_wpseo_opengraph-image":null,"_yoast_wpseo_opengraph-description":null,"_yoast_wpseo_opengraph-title":null,"enclosure":null,"_yoast_wpseo_twitter-title":null,"_yoast_wpseo_twitter-description":null,"_yoast_wpseo_twitter-image":null,"_wp_old_slug":null,"_yoast_wpseo_title":null,"_yoast_wpseo_canonical":null,"yoast_head":"<!-- This site is optimized with the Yoast SEO plugin v27.4 - https:\/\/yoast.com\/product\/yoast-seo-wordpress\/ -->\n<title>SWISS mit fehlerhafter Schutzausr\u00fcstung f\u00fcr Crew - Save<\/title>\n<meta name=\"description\" content=\"Die Fluggesellschaft SWISS hat festgestellt, dass die Schutzausr\u00fcstung f\u00fcr die Besatzungen teilweise fehlerhaft ist.\" \/>\n<meta name=\"robots\" content=\"index, follow, max-snippet:-1, max-image-preview:large, max-video-preview:-1\" \/>\n<link rel=\"canonical\" href=\"https:\/\/news.save.ch\/fr\/swiss-mit-fehlerhafter-schutzausruestung\/\" \/>\n<meta property=\"og:locale\" content=\"fr_FR\" \/>\n<meta property=\"og:type\" content=\"article\" \/>\n<meta property=\"og:title\" content=\"SWISS mit fehlerhafter Schutzausr\u00fcstung f\u00fcr Crew - Save\" \/>\n<meta property=\"og:description\" content=\"Die Fluggesellschaft SWISS hat festgestellt, dass die Schutzausr\u00fcstung f\u00fcr die Besatzungen teilweise fehlerhaft ist.\" \/>\n<meta property=\"og:url\" content=\"https:\/\/news.save.ch\/fr\/swiss-mit-fehlerhafter-schutzausruestung\/\" \/>\n<meta property=\"og:site_name\" content=\"Save\" \/>\n<meta property=\"article:published_time\" content=\"2023-10-11T14:51:20+00:00\" \/>\n<meta property=\"article:modified_time\" content=\"2023-10-27T08:10:33+00:00\" \/>\n<meta property=\"og:image\" content=\"https:\/\/news.save.ch\/wp-content\/uploads\/2023\/10\/651660_v1-scaled.jpg\" \/>\n\t<meta property=\"og:image:width\" content=\"1200\" \/>\n\t<meta property=\"og:image:height\" content=\"1163\" \/>\n\t<meta property=\"og:image:type\" content=\"image\/jpeg\" \/>\n<meta name=\"author\" content=\"Roger Str\u00e4ssle\" \/>\n<meta name=\"twitter:card\" content=\"summary_large_image\" \/>\n<meta name=\"twitter:label1\" content=\"\u00c9crit par\" \/>\n\t<meta name=\"twitter:data1\" content=\"Roger Str\u00e4ssle\" \/>\n\t<meta name=\"twitter:label2\" content=\"Dur\u00e9e de lecture estim\u00e9e\" \/>\n\t<meta name=\"twitter:data2\" content=\"2 minutes\" \/>\n<script type=\"application\/ld+json\" class=\"yoast-schema-graph\">{\"@context\":\"https:\\\/\\\/schema.org\",\"@graph\":[{\"@type\":\"Article\",\"@id\":\"https:\\\/\\\/news.save.ch\\\/swiss-mit-fehlerhafter-schutzausruestung\\\/#article\",\"isPartOf\":{\"@id\":\"https:\\\/\\\/news.save.ch\\\/swiss-mit-fehlerhafter-schutzausruestung\\\/\"},\"author\":{\"name\":\"Roger Str\u00e4ssle\",\"@id\":\"https:\\\/\\\/news.save.ch\\\/de\\\/#\\\/schema\\\/person\\\/d5022db048e0e2b9785c50e5b24da5aa\"},\"headline\":\"SWISS mit fehlerhafter Schutzausr\u00fcstung f\u00fcr Crew\",\"datePublished\":\"2023-10-11T14:51:20+00:00\",\"dateModified\":\"2023-10-27T08:10:33+00:00\",\"mainEntityOfPage\":{\"@id\":\"https:\\\/\\\/news.save.ch\\\/swiss-mit-fehlerhafter-schutzausruestung\\\/\"},\"wordCount\":364,\"publisher\":{\"@id\":\"https:\\\/\\\/news.save.ch\\\/de\\\/#organization\"},\"image\":{\"@id\":\"https:\\\/\\\/news.save.ch\\\/swiss-mit-fehlerhafter-schutzausruestung\\\/#primaryimage\"},\"thumbnailUrl\":\"https:\\\/\\\/news.save.ch\\\/wp-content\\\/uploads\\\/2023\\\/10\\\/651660_v1-scaled.jpg\",\"keywords\":[\"Arbeitsschutzausr\u00fcstung\",\"Schutzausr\u00fcstung\"],\"articleSection\":[\"SICHERHEIT\"],\"inLanguage\":\"fr-FR\"},{\"@type\":\"WebPage\",\"@id\":\"https:\\\/\\\/news.save.ch\\\/swiss-mit-fehlerhafter-schutzausruestung\\\/\",\"url\":\"https:\\\/\\\/news.save.ch\\\/swiss-mit-fehlerhafter-schutzausruestung\\\/\",\"name\":\"SWISS mit fehlerhafter Schutzausr\u00fcstung f\u00fcr Crew - Save\",\"isPartOf\":{\"@id\":\"https:\\\/\\\/news.save.ch\\\/de\\\/#website\"},\"primaryImageOfPage\":{\"@id\":\"https:\\\/\\\/news.save.ch\\\/swiss-mit-fehlerhafter-schutzausruestung\\\/#primaryimage\"},\"image\":{\"@id\":\"https:\\\/\\\/news.save.ch\\\/swiss-mit-fehlerhafter-schutzausruestung\\\/#primaryimage\"},\"thumbnailUrl\":\"https:\\\/\\\/news.save.ch\\\/wp-content\\\/uploads\\\/2023\\\/10\\\/651660_v1-scaled.jpg\",\"datePublished\":\"2023-10-11T14:51:20+00:00\",\"dateModified\":\"2023-10-27T08:10:33+00:00\",\"description\":\"Die Fluggesellschaft SWISS hat festgestellt, dass die Schutzausr\u00fcstung f\u00fcr die Besatzungen teilweise fehlerhaft ist.\",\"breadcrumb\":{\"@id\":\"https:\\\/\\\/news.save.ch\\\/swiss-mit-fehlerhafter-schutzausruestung\\\/#breadcrumb\"},\"inLanguage\":\"fr-FR\",\"potentialAction\":[{\"@type\":\"ReadAction\",\"target\":[\"https:\\\/\\\/news.save.ch\\\/swiss-mit-fehlerhafter-schutzausruestung\\\/\"]}]},{\"@type\":\"ImageObject\",\"inLanguage\":\"fr-FR\",\"@id\":\"https:\\\/\\\/news.save.ch\\\/swiss-mit-fehlerhafter-schutzausruestung\\\/#primaryimage\",\"url\":\"https:\\\/\\\/news.save.ch\\\/wp-content\\\/uploads\\\/2023\\\/10\\\/651660_v1-scaled.jpg\",\"contentUrl\":\"https:\\\/\\\/news.save.ch\\\/wp-content\\\/uploads\\\/2023\\\/10\\\/651660_v1-scaled.jpg\",\"width\":1200,\"height\":1163,\"caption\":\"Die Fluggesellschaft SWISS tauscht Schutzausr\u00fcstung f\u00fcr Besatzungen aus. (Pressebild)\"},{\"@type\":\"BreadcrumbList\",\"@id\":\"https:\\\/\\\/news.save.ch\\\/swiss-mit-fehlerhafter-schutzausruestung\\\/#breadcrumb\",\"itemListElement\":[{\"@type\":\"ListItem\",\"position\":1,\"name\":\"Home\",\"item\":\"https:\\\/\\\/news.save.ch\\\/de\\\/\"},{\"@type\":\"ListItem\",\"position\":2,\"name\":\"SWISS mit fehlerhafter Schutzausr\u00fcstung f\u00fcr Crew\"}]},{\"@type\":\"WebSite\",\"@id\":\"https:\\\/\\\/news.save.ch\\\/de\\\/#website\",\"url\":\"https:\\\/\\\/news.save.ch\\\/de\\\/\",\"name\":\"Save\",\"description\":\"Schweizer Fachzeitschrift f\u00fcr Sicherheit\",\"publisher\":{\"@id\":\"https:\\\/\\\/news.save.ch\\\/de\\\/#organization\"},\"potentialAction\":[{\"@type\":\"SearchAction\",\"target\":{\"@type\":\"EntryPoint\",\"urlTemplate\":\"https:\\\/\\\/news.save.ch\\\/de\\\/?s={search_term_string}\"},\"query-input\":{\"@type\":\"PropertyValueSpecification\",\"valueRequired\":true,\"valueName\":\"search_term_string\"}}],\"inLanguage\":\"fr-FR\"},{\"@type\":\"Organization\",\"@id\":\"https:\\\/\\\/news.save.ch\\\/de\\\/#organization\",\"name\":\"Sicherheitsforum\",\"url\":\"https:\\\/\\\/news.save.ch\\\/de\\\/\",\"logo\":{\"@type\":\"ImageObject\",\"inLanguage\":\"fr-FR\",\"@id\":\"https:\\\/\\\/news.save.ch\\\/de\\\/#\\\/schema\\\/logo\\\/image\\\/\",\"url\":\"https:\\\/\\\/news.save.ch\\\/wp-content\\\/uploads\\\/2022\\\/06\\\/Logo_SF_2012.png\",\"contentUrl\":\"https:\\\/\\\/news.save.ch\\\/wp-content\\\/uploads\\\/2022\\\/06\\\/Logo_SF_2012.png\",\"width\":1100,\"height\":91,\"caption\":\"Sicherheitsforum\"},\"image\":{\"@id\":\"https:\\\/\\\/news.save.ch\\\/de\\\/#\\\/schema\\\/logo\\\/image\\\/\"}},{\"@type\":\"Person\",\"@id\":\"https:\\\/\\\/news.save.ch\\\/de\\\/#\\\/schema\\\/person\\\/d5022db048e0e2b9785c50e5b24da5aa\",\"name\":\"Roger Str\u00e4ssle\",\"image\":{\"@type\":\"ImageObject\",\"inLanguage\":\"fr-FR\",\"@id\":\"https:\\\/\\\/secure.gravatar.com\\\/avatar\\\/862a5569d087de48e5856e32f45d719a03804c891d6deb8d4f71a660e79e4a47?s=96&d=mm&r=g\",\"url\":\"https:\\\/\\\/secure.gravatar.com\\\/avatar\\\/862a5569d087de48e5856e32f45d719a03804c891d6deb8d4f71a660e79e4a47?s=96&d=mm&r=g\",\"contentUrl\":\"https:\\\/\\\/secure.gravatar.com\\\/avatar\\\/862a5569d087de48e5856e32f45d719a03804c891d6deb8d4f71a660e79e4a47?s=96&d=mm&r=g\",\"caption\":\"Roger Str\u00e4ssle\"},\"url\":\"https:\\\/\\\/news.save.ch\\\/fr\\\/author\\\/roger-straessle\\\/\"}]}<\/script>\n<!-- \/ Yoast SEO plugin. -->","yoast_head_json":{"title":"SWISS avec \u00e9quipement de protection d\u00e9fectueux pour l'\u00e9quipage - Save","description":"La compagnie a\u00e9rienne SWISS a constat\u00e9 que l'\u00e9quipement de protection des \u00e9quipages \u00e9tait parfois d\u00e9fectueux.","robots":{"index":"index","follow":"follow","max-snippet":"max-snippet:-1","max-image-preview":"max-image-preview:large","max-video-preview":"max-video-preview:-1"},"canonical":"https:\/\/news.save.ch\/fr\/swiss-mit-fehlerhafter-schutzausruestung\/","og_locale":"fr_FR","og_type":"article","og_title":"SWISS mit fehlerhafter Schutzausr\u00fcstung f\u00fcr Crew - Save","og_description":"Die Fluggesellschaft SWISS hat festgestellt, dass die Schutzausr\u00fcstung f\u00fcr die Besatzungen teilweise fehlerhaft ist.","og_url":"https:\/\/news.save.ch\/fr\/swiss-mit-fehlerhafter-schutzausruestung\/","og_site_name":"Save","article_published_time":"2023-10-11T14:51:20+00:00","article_modified_time":"2023-10-27T08:10:33+00:00","og_image":[{"width":1200,"height":1163,"url":"https:\/\/news.save.ch\/wp-content\/uploads\/2023\/10\/651660_v1-scaled.jpg","type":"image\/jpeg"}],"author":"Roger Str\u00e4ssle","twitter_card":"summary_large_image","twitter_misc":{"\u00c9crit par":"Roger Str\u00e4ssle","Dur\u00e9e de lecture estim\u00e9e":"2 minutes"},"schema":{"@context":"https:\/\/schema.org","@graph":[{"@type":"Article","@id":"https:\/\/news.save.ch\/swiss-mit-fehlerhafter-schutzausruestung\/#article","isPartOf":{"@id":"https:\/\/news.save.ch\/swiss-mit-fehlerhafter-schutzausruestung\/"},"author":{"name":"Roger Str\u00e4ssle","@id":"https:\/\/news.save.ch\/de\/#\/schema\/person\/d5022db048e0e2b9785c50e5b24da5aa"},"headline":"SWISS mit fehlerhafter Schutzausr\u00fcstung f\u00fcr Crew","datePublished":"2023-10-11T14:51:20+00:00","dateModified":"2023-10-27T08:10:33+00:00","mainEntityOfPage":{"@id":"https:\/\/news.save.ch\/swiss-mit-fehlerhafter-schutzausruestung\/"},"wordCount":364,"publisher":{"@id":"https:\/\/news.save.ch\/de\/#organization"},"image":{"@id":"https:\/\/news.save.ch\/swiss-mit-fehlerhafter-schutzausruestung\/#primaryimage"},"thumbnailUrl":"https:\/\/news.save.ch\/wp-content\/uploads\/2023\/10\/651660_v1-scaled.jpg","keywords":["Arbeitsschutzausr\u00fcstung","Schutzausr\u00fcstung"],"articleSection":["SICHERHEIT"],"inLanguage":"fr-FR"},{"@type":"WebPage","@id":"https:\/\/news.save.ch\/swiss-mit-fehlerhafter-schutzausruestung\/","url":"https:\/\/news.save.ch\/swiss-mit-fehlerhafter-schutzausruestung\/","name":"SWISS avec \u00e9quipement de protection d\u00e9fectueux pour l'\u00e9quipage - Save","isPartOf":{"@id":"https:\/\/news.save.ch\/de\/#website"},"primaryImageOfPage":{"@id":"https:\/\/news.save.ch\/swiss-mit-fehlerhafter-schutzausruestung\/#primaryimage"},"image":{"@id":"https:\/\/news.save.ch\/swiss-mit-fehlerhafter-schutzausruestung\/#primaryimage"},"thumbnailUrl":"https:\/\/news.save.ch\/wp-content\/uploads\/2023\/10\/651660_v1-scaled.jpg","datePublished":"2023-10-11T14:51:20+00:00","dateModified":"2023-10-27T08:10:33+00:00","description":"La compagnie a\u00e9rienne SWISS a constat\u00e9 que l'\u00e9quipement de protection des \u00e9quipages \u00e9tait parfois d\u00e9fectueux.","breadcrumb":{"@id":"https:\/\/news.save.ch\/swiss-mit-fehlerhafter-schutzausruestung\/#breadcrumb"},"inLanguage":"fr-FR","potentialAction":[{"@type":"ReadAction","target":["https:\/\/news.save.ch\/swiss-mit-fehlerhafter-schutzausruestung\/"]}]},{"@type":"ImageObject","inLanguage":"fr-FR","@id":"https:\/\/news.save.ch\/swiss-mit-fehlerhafter-schutzausruestung\/#primaryimage","url":"https:\/\/news.save.ch\/wp-content\/uploads\/2023\/10\/651660_v1-scaled.jpg","contentUrl":"https:\/\/news.save.ch\/wp-content\/uploads\/2023\/10\/651660_v1-scaled.jpg","width":1200,"height":1163,"caption":"Die Fluggesellschaft SWISS tauscht Schutzausr\u00fcstung f\u00fcr Besatzungen aus. (Pressebild)"},{"@type":"BreadcrumbList","@id":"https:\/\/news.save.ch\/swiss-mit-fehlerhafter-schutzausruestung\/#breadcrumb","itemListElement":[{"@type":"ListItem","position":1,"name":"Home","item":"https:\/\/news.save.ch\/de\/"},{"@type":"ListItem","position":2,"name":"SWISS mit fehlerhafter Schutzausr\u00fcstung f\u00fcr Crew"}]},{"@type":"WebSite","@id":"https:\/\/news.save.ch\/de\/#website","url":"https:\/\/news.save.ch\/de\/","name":"Save","description":"Revue suisse sp\u00e9cialis\u00e9e dans la s\u00e9curit\u00e9","publisher":{"@id":"https:\/\/news.save.ch\/de\/#organization"},"potentialAction":[{"@type":"SearchAction","target":{"@type":"EntryPoint","urlTemplate":"https:\/\/news.save.ch\/de\/?s={search_term_string}"},"query-input":{"@type":"PropertyValueSpecification","valueRequired":true,"valueName":"search_term_string"}}],"inLanguage":"fr-FR"},{"@type":"Organization","@id":"https:\/\/news.save.ch\/de\/#organization","name":"Forum sur la s\u00e9curit\u00e9","url":"https:\/\/news.save.ch\/de\/","logo":{"@type":"ImageObject","inLanguage":"fr-FR","@id":"https:\/\/news.save.ch\/de\/#\/schema\/logo\/image\/","url":"https:\/\/news.save.ch\/wp-content\/uploads\/2022\/06\/Logo_SF_2012.png","contentUrl":"https:\/\/news.save.ch\/wp-content\/uploads\/2022\/06\/Logo_SF_2012.png","width":1100,"height":91,"caption":"Sicherheitsforum"},"image":{"@id":"https:\/\/news.save.ch\/de\/#\/schema\/logo\/image\/"}},{"@type":"Person","@id":"https:\/\/news.save.ch\/de\/#\/schema\/person\/d5022db048e0e2b9785c50e5b24da5aa","name":"Roger Str\u00e4ssle","image":{"@type":"ImageObject","inLanguage":"fr-FR","@id":"https:\/\/secure.gravatar.com\/avatar\/862a5569d087de48e5856e32f45d719a03804c891d6deb8d4f71a660e79e4a47?s=96&d=mm&r=g","url":"https:\/\/secure.gravatar.com\/avatar\/862a5569d087de48e5856e32f45d719a03804c891d6deb8d4f71a660e79e4a47?s=96&d=mm&r=g","contentUrl":"https:\/\/secure.gravatar.com\/avatar\/862a5569d087de48e5856e32f45d719a03804c891d6deb8d4f71a660e79e4a47?s=96&d=mm&r=g","caption":"Roger Str\u00e4ssle"},"url":"https:\/\/news.save.ch\/fr\/author\/roger-straessle\/"}]}},"_links":{"self":[{"href":"https:\/\/news.save.ch\/fr\/wp-json\/wp\/v2\/posts\/22160","targetHints":{"allow":["GET"]}}],"collection":[{"href":"https:\/\/news.save.ch\/fr\/wp-json\/wp\/v2\/posts"}],"about":[{"href":"https:\/\/news.save.ch\/fr\/wp-json\/wp\/v2\/types\/post"}],"author":[{"embeddable":true,"href":"https:\/\/news.save.ch\/fr\/wp-json\/wp\/v2\/users\/8"}],"replies":[{"embeddable":true,"href":"https:\/\/news.save.ch\/fr\/wp-json\/wp\/v2\/comments?post=22160"}],"version-history":[{"count":2,"href":"https:\/\/news.save.ch\/fr\/wp-json\/wp\/v2\/posts\/22160\/revisions"}],"predecessor-version":[{"id":22163,"href":"https:\/\/news.save.ch\/fr\/wp-json\/wp\/v2\/posts\/22160\/revisions\/22163"}],"wp:featuredmedia":[{"embeddable":true,"href":"https:\/\/news.save.ch\/fr\/wp-json\/wp\/v2\/media\/22161"}],"wp:attachment":[{"href":"https:\/\/news.save.ch\/fr\/wp-json\/wp\/v2\/media?parent=22160"}],"wp:term":[{"taxonomy":"category","embeddable":true,"href":"https:\/\/news.save.ch\/fr\/wp-json\/wp\/v2\/categories?post=22160"},{"taxonomy":"post_tag","embeddable":true,"href":"https:\/\/news.save.ch\/fr\/wp-json\/wp\/v2\/tags?post=22160"}],"curies":[{"name":"wp","href":"https:\/\/api.w.org\/{rel}","templated":true}]}}