{"id":22172,"date":"2023-10-13T06:14:30","date_gmt":"2023-10-13T04:14:30","guid":{"rendered":"https:\/\/news.save.ch\/?p=22172"},"modified":"2023-10-31T15:29:10","modified_gmt":"2023-10-31T14:29:10","slug":"fuer-den-erdbebenfall-besser-gewappnet","status":null,"type":"post","link":"https:\/\/news.save.ch\/fr\/fuer-den-erdbebenfall-besser-gewappnet\/","title":{"rendered":"Mieux arm\u00e9s en cas de tremblement de terre"},"content":{"rendered":"<figure id=\"attachment_22173\" aria-describedby=\"caption-attachment-22173\" style=\"width: 680px\" class=\"wp-caption aligncenter\"><img loading=\"lazy\" decoding=\"async\" class=\"size-medium wp-image-22173\" src=\"https:\/\/news.save.ch\/wp-content\/uploads\/2023\/10\/Depositphotos_42256059_S-680x453.jpg\" alt=\"\" width=\"680\" height=\"453\" srcset=\"https:\/\/news.save.ch\/wp-content\/uploads\/2023\/10\/Depositphotos_42256059_S-680x453.jpg 680w, https:\/\/news.save.ch\/wp-content\/uploads\/2023\/10\/Depositphotos_42256059_S-768x511.jpg 768w, https:\/\/news.save.ch\/wp-content\/uploads\/2023\/10\/Depositphotos_42256059_S-18x12.jpg 18w, https:\/\/news.save.ch\/wp-content\/uploads\/2023\/10\/Depositphotos_42256059_S-375x250.jpg 375w, https:\/\/news.save.ch\/wp-content\/uploads\/2023\/10\/Depositphotos_42256059_S-526x350.jpg 526w, https:\/\/news.save.ch\/wp-content\/uploads\/2023\/10\/Depositphotos_42256059_S.jpg 999w\" sizes=\"auto, (max-width: 680px) 100vw, 680px\" \/><figcaption id=\"caption-attachment-22173\" class=\"wp-caption-text\">Depositphotos, paolo74s<\/figcaption><\/figure>\n<p>Juste \u00e0 temps pour la Journ\u00e9e internationale de la r\u00e9duction des risques de catastrophe (International Day for Disaster Risk Reduction) le 13 octobre, la <a href=\"http:\/\/www.soe-ods.ch\" target=\"_blank\" rel=\"noopener\">Organisation de dommages Tremblement de terre<\/a> est op\u00e9rationnel apr\u00e8s une ann\u00e9e de pr\u00e9paration, comme l'indique l'Association des \u00e9tablissements cantonaux d'assurance (<a href=\"http:\/\/www.vkg.ch\" target=\"_blank\" rel=\"noopener\">VKG<\/a>) dans son communiqu\u00e9 de presse. Les tremblements de terre sont consid\u00e9r\u00e9s comme l'un des risques majeurs en Suisse, avec des cons\u00e9quences d\u00e9vastatrices si un s\u00e9isme majeur se produit \u00e0 proximit\u00e9 d'une agglom\u00e9ration.<\/p>\n<p>C'est pourquoi, au cours des douze derniers mois, une organisation de partenariat public-priv\u00e9 largement soutenue par les cantons et le secteur des assurances a \u00e9t\u00e9 mise en place. Le projet, qui a n\u00e9cessit\u00e9 une collaboration intensive entre la Conf\u00e9d\u00e9ration, les cantons, les assureurs ainsi que les partenaires de d\u00e9veloppement Swiss Re et risktec AG, a \u00e9t\u00e9 men\u00e9 \u00e0 bien avec la fonctionnalit\u00e9 attendue et dans les d\u00e9lais et le budget impartis, est-il pr\u00e9cis\u00e9.<\/p>\n<h3>Une plate-forme informatique unique<\/h3>\n<p>\"Gr\u00e2ce \u00e0 cette nouvelle plate-forme et \u00e0 son vaste r\u00e9seau d'experts, l'Organisation de gestion des dommages sismiques contribue \u00e0 ce que l'\u00e9conomie et la soci\u00e9t\u00e9 puissent se r\u00e9tablir rapidement apr\u00e8s un tremblement de terre\", d\u00e9clare le Dr Stephanie Eymann, conseill\u00e8re d'\u00c9tat de B\u00e2le-Ville et pr\u00e9sidente de l'association.<\/p>\n<p>L'organisation de conduite et d'intervention est activ\u00e9e imm\u00e9diatement apr\u00e8s un s\u00e9isme. La plate-forme informatique nouvellement d\u00e9velopp\u00e9e et unique au monde en constitue la base. Le syst\u00e8me permet de calculer en peu de temps, sur la base des informations du mod\u00e8le de risque sismique du Service sismologique suisse de l'EPF de Zurich, la quantit\u00e9 de b\u00e2timents potentiellement endommag\u00e9s et le nombre d'experts en sinistres n\u00e9cessaires pour \u00e9valuer l'\u00e9v\u00e9nement.<\/p>\n<p>Toutes les donn\u00e9es du Registre f\u00e9d\u00e9ral des b\u00e2timents et des logements seraient mises \u00e0 disposition dans la plateforme, afin que les experts disposent des informations n\u00e9cessaires pour \u00e9valuer l'\u00e9tat des b\u00e2timents concern\u00e9s et proc\u00e9der \u00e0 une estimation des dommages. Pour ce travail, les experts utiliseraient deux applications mobiles nouvellement d\u00e9velopp\u00e9es. Pour un traitement rapide, la plate-forme contient \u00e9galement les donn\u00e9es des experts n\u00e9cessaires \u00e0 la gestion de l'\u00e9v\u00e9nement, tels que les ing\u00e9nieurs, les architectes ou les sp\u00e9cialistes de la construction. L'organisation des dommages sismiques peut ainsi demander en peu de temps l'aide de centaines de sp\u00e9cialistes par SMS et par e-mail.<\/p>\n<h3>Une approche syst\u00e9matique<\/h3>\n<p>Une proc\u00e9dure syst\u00e9matique et structur\u00e9e est essentielle pour recenser les dommages dans tous les b\u00e2timents. C'est pourquoi tous les b\u00e2timents de Suisse et de la Principaut\u00e9 du Liechtenstein ont \u00e9t\u00e9 r\u00e9partis en secteurs de 10 \u00e0 30 b\u00e2timents au moyen d'une proc\u00e9dure technique complexe. Chaque secteur a une identification claire, compos\u00e9e d'informations sur le canton, la commune et une num\u00e9rotation. En cas d'\u00e9v\u00e9nement, ces secteurs sont attribu\u00e9s aux experts en sinistres pour traitement.<\/p>\n<p>L'organisation des sinistres tremblements de terre assure, en collaboration avec les partenaires Touring Club Suisse (TCS) et risktec AG, que l'organisation et la plate-forme sont op\u00e9rationnelles \u00e0 tout moment. Le TCS, l'une des principales organisations d'urgence de Suisse, offre un soutien personnel et logistique, notamment pour l'organisation et l'intervention du r\u00e9seau d'experts. risktec AG assure la disponibilit\u00e9 op\u00e9rationnelle de la plate-forme et le soutien technique n\u00e9cessaire en cas d'intervention, conclut le communiqu\u00e9.<\/p>\n<p>&nbsp;<\/p>\n<blockquote>\n<h3>A propos de l'organisation de gestion des sinistres Tremblements de terre<\/h3>\n<p>L'organisation de gestion des dommages sismiques a pour mission de fournir des informations compl\u00e8tes apr\u00e8s un tremblement de terre afin d'\u00e9valuer les b\u00e2timents endommag\u00e9s et d'\u00e9tablir une estimation des co\u00fbts de reconstruction et de r\u00e9paration attendus. L'organisation contribue ainsi de mani\u00e8re d\u00e9terminante \u00e0 ce que les autorit\u00e9s, l'\u00e9conomie et la soci\u00e9t\u00e9 deviennent plus r\u00e9silientes.<\/p>\n<p>L'organisation des dommages sismiques est issue d'un projet de partenariat public-priv\u00e9. Elle est soutenue et financ\u00e9e par les cantons, la Principaut\u00e9 de Liechtenstein, les \u00e9tablissements cantonaux d'assurance immobili\u00e8re et les assureurs priv\u00e9s. Les services sp\u00e9cialis\u00e9s de la Conf\u00e9d\u00e9ration, tels que le Service sismologique suisse \u00e0 l'EPF de Zurich, l'Office f\u00e9d\u00e9ral de la protection de la population et l'Office f\u00e9d\u00e9ral de l'environnement, soutiennent \u00e9galement l'Organisation des dommages sismiques et assurent la coordination avec les mesures de pr\u00e9vention des s\u00e9ismes de la Conf\u00e9d\u00e9ration.<\/p><\/blockquote>","protected":false},"excerpt":{"rendered":"<p>Rechtzeitig zum internationalen Tag f\u00fcr Katastrophenvorsorge (International Day for Disaster Risk Reduction) am 13. Oktober ist die Schadenorganisation Erdbeben nach einer einj\u00e4hrigen Vorbereitungszeit einsatzbereit, wie Vereinigung Kantonaler Geb\u00e4udeversicherungen (VKG) in ihrer Medienmitteilung schreibt. Erdbeben gelten als eines der Toprisiken in der Schweiz, mit verheerenden Folgen, falls sich ein gr\u00f6sseres Erdbeben in der N\u00e4he von Ballungszentren [&hellip;]<\/p>\n","protected":false},"author":8,"featured_media":22173,"comment_status":"closed","ping_status":"closed","sticky":false,"template":"","format":"standard","meta":{"_acf_changed":false,"pgc_sgb_lightbox_settings":"","footnotes":""},"categories":[3312],"tags":[6360],"class_list":["post-22172","post","type-post","status-publish","format-standard","has-post-thumbnail","hentry","category-sicherheit","tag-erdbeben"],"acf":[],"hkrextid":null,"publication":null,"issue":null,"workflow":null,"startPage":null,"spitzmarke":null,"_posts_by_tag_page_fields":null,"_at_widget":null,"_yoast_wpseo_primary_category":"3312","_yoast_wpseo_focuskw_text_input":null,"_yoast_wpseo_opengraph-image":null,"_yoast_wpseo_opengraph-description":null,"_yoast_wpseo_opengraph-title":null,"enclosure":null,"_yoast_wpseo_twitter-title":null,"_yoast_wpseo_twitter-description":null,"_yoast_wpseo_twitter-image":null,"_wp_old_slug":null,"_yoast_wpseo_title":null,"_yoast_wpseo_canonical":null,"yoast_head":"<!-- This site is optimized with the Yoast SEO plugin v27.4 - https:\/\/yoast.com\/product\/yoast-seo-wordpress\/ -->\n<title>F\u00fcr den Erdbebenfall besser gewappnet - Save<\/title>\n<meta name=\"description\" content=\"Die IT-Plattform der \u00abSchadenorganisation Erdbeben\u00bb ist fertig entwickelt und die Organisation ist einsatzbereit.\" \/>\n<meta name=\"robots\" content=\"index, follow, max-snippet:-1, max-image-preview:large, max-video-preview:-1\" \/>\n<link rel=\"canonical\" href=\"https:\/\/news.save.ch\/fr\/fuer-den-erdbebenfall-besser-gewappnet\/\" \/>\n<meta property=\"og:locale\" content=\"fr_FR\" \/>\n<meta property=\"og:type\" content=\"article\" \/>\n<meta property=\"og:title\" content=\"F\u00fcr den Erdbebenfall besser gewappnet - Save\" \/>\n<meta property=\"og:description\" content=\"Die IT-Plattform der \u00abSchadenorganisation Erdbeben\u00bb ist fertig entwickelt und die Organisation ist einsatzbereit.\" \/>\n<meta property=\"og:url\" content=\"https:\/\/news.save.ch\/fr\/fuer-den-erdbebenfall-besser-gewappnet\/\" \/>\n<meta property=\"og:site_name\" content=\"Save\" \/>\n<meta property=\"article:published_time\" content=\"2023-10-13T04:14:30+00:00\" \/>\n<meta property=\"article:modified_time\" content=\"2023-10-31T14:29:10+00:00\" \/>\n<meta property=\"og:image\" content=\"https:\/\/news.save.ch\/wp-content\/uploads\/2023\/10\/Depositphotos_42256059_S.jpg\" \/>\n\t<meta property=\"og:image:width\" content=\"999\" \/>\n\t<meta property=\"og:image:height\" content=\"665\" \/>\n\t<meta property=\"og:image:type\" content=\"image\/jpeg\" \/>\n<meta name=\"author\" content=\"Roger Str\u00e4ssle\" \/>\n<meta name=\"twitter:card\" content=\"summary_large_image\" \/>\n<meta name=\"twitter:label1\" content=\"\u00c9crit par\" \/>\n\t<meta name=\"twitter:data1\" content=\"Roger Str\u00e4ssle\" \/>\n\t<meta name=\"twitter:label2\" content=\"Dur\u00e9e de lecture estim\u00e9e\" \/>\n\t<meta name=\"twitter:data2\" content=\"4 minutes\" \/>\n<script type=\"application\/ld+json\" class=\"yoast-schema-graph\">{\"@context\":\"https:\\\/\\\/schema.org\",\"@graph\":[{\"@type\":\"Article\",\"@id\":\"https:\\\/\\\/news.save.ch\\\/fuer-den-erdbebenfall-besser-gewappnet\\\/#article\",\"isPartOf\":{\"@id\":\"https:\\\/\\\/news.save.ch\\\/fuer-den-erdbebenfall-besser-gewappnet\\\/\"},\"author\":{\"name\":\"Roger Str\u00e4ssle\",\"@id\":\"https:\\\/\\\/news.save.ch\\\/de\\\/#\\\/schema\\\/person\\\/d5022db048e0e2b9785c50e5b24da5aa\"},\"headline\":\"F\u00fcr den Erdbebenfall besser gewappnet\",\"datePublished\":\"2023-10-13T04:14:30+00:00\",\"dateModified\":\"2023-10-31T14:29:10+00:00\",\"mainEntityOfPage\":{\"@id\":\"https:\\\/\\\/news.save.ch\\\/fuer-den-erdbebenfall-besser-gewappnet\\\/\"},\"wordCount\":626,\"publisher\":{\"@id\":\"https:\\\/\\\/news.save.ch\\\/de\\\/#organization\"},\"image\":{\"@id\":\"https:\\\/\\\/news.save.ch\\\/fuer-den-erdbebenfall-besser-gewappnet\\\/#primaryimage\"},\"thumbnailUrl\":\"https:\\\/\\\/news.save.ch\\\/wp-content\\\/uploads\\\/2023\\\/10\\\/Depositphotos_42256059_S.jpg\",\"keywords\":[\"Erdbeben\"],\"articleSection\":[\"SICHERHEIT\"],\"inLanguage\":\"fr-FR\"},{\"@type\":\"WebPage\",\"@id\":\"https:\\\/\\\/news.save.ch\\\/fuer-den-erdbebenfall-besser-gewappnet\\\/\",\"url\":\"https:\\\/\\\/news.save.ch\\\/fuer-den-erdbebenfall-besser-gewappnet\\\/\",\"name\":\"F\u00fcr den Erdbebenfall besser gewappnet - Save\",\"isPartOf\":{\"@id\":\"https:\\\/\\\/news.save.ch\\\/de\\\/#website\"},\"primaryImageOfPage\":{\"@id\":\"https:\\\/\\\/news.save.ch\\\/fuer-den-erdbebenfall-besser-gewappnet\\\/#primaryimage\"},\"image\":{\"@id\":\"https:\\\/\\\/news.save.ch\\\/fuer-den-erdbebenfall-besser-gewappnet\\\/#primaryimage\"},\"thumbnailUrl\":\"https:\\\/\\\/news.save.ch\\\/wp-content\\\/uploads\\\/2023\\\/10\\\/Depositphotos_42256059_S.jpg\",\"datePublished\":\"2023-10-13T04:14:30+00:00\",\"dateModified\":\"2023-10-31T14:29:10+00:00\",\"description\":\"Die IT-Plattform der \u00abSchadenorganisation Erdbeben\u00bb ist fertig entwickelt und die Organisation ist einsatzbereit.\",\"breadcrumb\":{\"@id\":\"https:\\\/\\\/news.save.ch\\\/fuer-den-erdbebenfall-besser-gewappnet\\\/#breadcrumb\"},\"inLanguage\":\"fr-FR\",\"potentialAction\":[{\"@type\":\"ReadAction\",\"target\":[\"https:\\\/\\\/news.save.ch\\\/fuer-den-erdbebenfall-besser-gewappnet\\\/\"]}]},{\"@type\":\"ImageObject\",\"inLanguage\":\"fr-FR\",\"@id\":\"https:\\\/\\\/news.save.ch\\\/fuer-den-erdbebenfall-besser-gewappnet\\\/#primaryimage\",\"url\":\"https:\\\/\\\/news.save.ch\\\/wp-content\\\/uploads\\\/2023\\\/10\\\/Depositphotos_42256059_S.jpg\",\"contentUrl\":\"https:\\\/\\\/news.save.ch\\\/wp-content\\\/uploads\\\/2023\\\/10\\\/Depositphotos_42256059_S.jpg\",\"width\":999,\"height\":665,\"caption\":\"Depositphotos, paolo74s\"},{\"@type\":\"BreadcrumbList\",\"@id\":\"https:\\\/\\\/news.save.ch\\\/fuer-den-erdbebenfall-besser-gewappnet\\\/#breadcrumb\",\"itemListElement\":[{\"@type\":\"ListItem\",\"position\":1,\"name\":\"Home\",\"item\":\"https:\\\/\\\/news.save.ch\\\/de\\\/\"},{\"@type\":\"ListItem\",\"position\":2,\"name\":\"F\u00fcr den Erdbebenfall besser gewappnet\"}]},{\"@type\":\"WebSite\",\"@id\":\"https:\\\/\\\/news.save.ch\\\/de\\\/#website\",\"url\":\"https:\\\/\\\/news.save.ch\\\/de\\\/\",\"name\":\"Save\",\"description\":\"Schweizer Fachzeitschrift f\u00fcr Sicherheit\",\"publisher\":{\"@id\":\"https:\\\/\\\/news.save.ch\\\/de\\\/#organization\"},\"potentialAction\":[{\"@type\":\"SearchAction\",\"target\":{\"@type\":\"EntryPoint\",\"urlTemplate\":\"https:\\\/\\\/news.save.ch\\\/de\\\/?s={search_term_string}\"},\"query-input\":{\"@type\":\"PropertyValueSpecification\",\"valueRequired\":true,\"valueName\":\"search_term_string\"}}],\"inLanguage\":\"fr-FR\"},{\"@type\":\"Organization\",\"@id\":\"https:\\\/\\\/news.save.ch\\\/de\\\/#organization\",\"name\":\"Sicherheitsforum\",\"url\":\"https:\\\/\\\/news.save.ch\\\/de\\\/\",\"logo\":{\"@type\":\"ImageObject\",\"inLanguage\":\"fr-FR\",\"@id\":\"https:\\\/\\\/news.save.ch\\\/de\\\/#\\\/schema\\\/logo\\\/image\\\/\",\"url\":\"https:\\\/\\\/news.save.ch\\\/wp-content\\\/uploads\\\/2022\\\/06\\\/Logo_SF_2012.png\",\"contentUrl\":\"https:\\\/\\\/news.save.ch\\\/wp-content\\\/uploads\\\/2022\\\/06\\\/Logo_SF_2012.png\",\"width\":1100,\"height\":91,\"caption\":\"Sicherheitsforum\"},\"image\":{\"@id\":\"https:\\\/\\\/news.save.ch\\\/de\\\/#\\\/schema\\\/logo\\\/image\\\/\"}},{\"@type\":\"Person\",\"@id\":\"https:\\\/\\\/news.save.ch\\\/de\\\/#\\\/schema\\\/person\\\/d5022db048e0e2b9785c50e5b24da5aa\",\"name\":\"Roger Str\u00e4ssle\",\"image\":{\"@type\":\"ImageObject\",\"inLanguage\":\"fr-FR\",\"@id\":\"https:\\\/\\\/secure.gravatar.com\\\/avatar\\\/862a5569d087de48e5856e32f45d719a03804c891d6deb8d4f71a660e79e4a47?s=96&d=mm&r=g\",\"url\":\"https:\\\/\\\/secure.gravatar.com\\\/avatar\\\/862a5569d087de48e5856e32f45d719a03804c891d6deb8d4f71a660e79e4a47?s=96&d=mm&r=g\",\"contentUrl\":\"https:\\\/\\\/secure.gravatar.com\\\/avatar\\\/862a5569d087de48e5856e32f45d719a03804c891d6deb8d4f71a660e79e4a47?s=96&d=mm&r=g\",\"caption\":\"Roger Str\u00e4ssle\"},\"url\":\"https:\\\/\\\/news.save.ch\\\/fr\\\/author\\\/roger-straessle\\\/\"}]}<\/script>\n<!-- \/ Yoast SEO plugin. -->","yoast_head_json":{"title":"Mieux arm\u00e9 en cas de tremblement de terre - Save","description":"La plate-forme informatique de l'\"Organisation de gestion des dommages sismiques\" a \u00e9t\u00e9 d\u00e9velopp\u00e9e et l'organisation est op\u00e9rationnelle.","robots":{"index":"index","follow":"follow","max-snippet":"max-snippet:-1","max-image-preview":"max-image-preview:large","max-video-preview":"max-video-preview:-1"},"canonical":"https:\/\/news.save.ch\/fr\/fuer-den-erdbebenfall-besser-gewappnet\/","og_locale":"fr_FR","og_type":"article","og_title":"F\u00fcr den Erdbebenfall besser gewappnet - Save","og_description":"Die IT-Plattform der \u00abSchadenorganisation Erdbeben\u00bb ist fertig entwickelt und die Organisation ist einsatzbereit.","og_url":"https:\/\/news.save.ch\/fr\/fuer-den-erdbebenfall-besser-gewappnet\/","og_site_name":"Save","article_published_time":"2023-10-13T04:14:30+00:00","article_modified_time":"2023-10-31T14:29:10+00:00","og_image":[{"width":999,"height":665,"url":"https:\/\/news.save.ch\/wp-content\/uploads\/2023\/10\/Depositphotos_42256059_S.jpg","type":"image\/jpeg"}],"author":"Roger Str\u00e4ssle","twitter_card":"summary_large_image","twitter_misc":{"\u00c9crit par":"Roger Str\u00e4ssle","Dur\u00e9e de lecture estim\u00e9e":"4 minutes"},"schema":{"@context":"https:\/\/schema.org","@graph":[{"@type":"Article","@id":"https:\/\/news.save.ch\/fuer-den-erdbebenfall-besser-gewappnet\/#article","isPartOf":{"@id":"https:\/\/news.save.ch\/fuer-den-erdbebenfall-besser-gewappnet\/"},"author":{"name":"Roger Str\u00e4ssle","@id":"https:\/\/news.save.ch\/de\/#\/schema\/person\/d5022db048e0e2b9785c50e5b24da5aa"},"headline":"F\u00fcr den Erdbebenfall besser gewappnet","datePublished":"2023-10-13T04:14:30+00:00","dateModified":"2023-10-31T14:29:10+00:00","mainEntityOfPage":{"@id":"https:\/\/news.save.ch\/fuer-den-erdbebenfall-besser-gewappnet\/"},"wordCount":626,"publisher":{"@id":"https:\/\/news.save.ch\/de\/#organization"},"image":{"@id":"https:\/\/news.save.ch\/fuer-den-erdbebenfall-besser-gewappnet\/#primaryimage"},"thumbnailUrl":"https:\/\/news.save.ch\/wp-content\/uploads\/2023\/10\/Depositphotos_42256059_S.jpg","keywords":["Erdbeben"],"articleSection":["SICHERHEIT"],"inLanguage":"fr-FR"},{"@type":"WebPage","@id":"https:\/\/news.save.ch\/fuer-den-erdbebenfall-besser-gewappnet\/","url":"https:\/\/news.save.ch\/fuer-den-erdbebenfall-besser-gewappnet\/","name":"Mieux arm\u00e9 en cas de tremblement de terre - Save","isPartOf":{"@id":"https:\/\/news.save.ch\/de\/#website"},"primaryImageOfPage":{"@id":"https:\/\/news.save.ch\/fuer-den-erdbebenfall-besser-gewappnet\/#primaryimage"},"image":{"@id":"https:\/\/news.save.ch\/fuer-den-erdbebenfall-besser-gewappnet\/#primaryimage"},"thumbnailUrl":"https:\/\/news.save.ch\/wp-content\/uploads\/2023\/10\/Depositphotos_42256059_S.jpg","datePublished":"2023-10-13T04:14:30+00:00","dateModified":"2023-10-31T14:29:10+00:00","description":"La plate-forme informatique de l'\"Organisation de gestion des dommages sismiques\" a \u00e9t\u00e9 d\u00e9velopp\u00e9e et l'organisation est op\u00e9rationnelle.","breadcrumb":{"@id":"https:\/\/news.save.ch\/fuer-den-erdbebenfall-besser-gewappnet\/#breadcrumb"},"inLanguage":"fr-FR","potentialAction":[{"@type":"ReadAction","target":["https:\/\/news.save.ch\/fuer-den-erdbebenfall-besser-gewappnet\/"]}]},{"@type":"ImageObject","inLanguage":"fr-FR","@id":"https:\/\/news.save.ch\/fuer-den-erdbebenfall-besser-gewappnet\/#primaryimage","url":"https:\/\/news.save.ch\/wp-content\/uploads\/2023\/10\/Depositphotos_42256059_S.jpg","contentUrl":"https:\/\/news.save.ch\/wp-content\/uploads\/2023\/10\/Depositphotos_42256059_S.jpg","width":999,"height":665,"caption":"Depositphotos, paolo74s"},{"@type":"BreadcrumbList","@id":"https:\/\/news.save.ch\/fuer-den-erdbebenfall-besser-gewappnet\/#breadcrumb","itemListElement":[{"@type":"ListItem","position":1,"name":"Home","item":"https:\/\/news.save.ch\/de\/"},{"@type":"ListItem","position":2,"name":"F\u00fcr den Erdbebenfall besser gewappnet"}]},{"@type":"WebSite","@id":"https:\/\/news.save.ch\/de\/#website","url":"https:\/\/news.save.ch\/de\/","name":"Save","description":"Revue suisse sp\u00e9cialis\u00e9e dans la s\u00e9curit\u00e9","publisher":{"@id":"https:\/\/news.save.ch\/de\/#organization"},"potentialAction":[{"@type":"SearchAction","target":{"@type":"EntryPoint","urlTemplate":"https:\/\/news.save.ch\/de\/?s={search_term_string}"},"query-input":{"@type":"PropertyValueSpecification","valueRequired":true,"valueName":"search_term_string"}}],"inLanguage":"fr-FR"},{"@type":"Organization","@id":"https:\/\/news.save.ch\/de\/#organization","name":"Forum sur la s\u00e9curit\u00e9","url":"https:\/\/news.save.ch\/de\/","logo":{"@type":"ImageObject","inLanguage":"fr-FR","@id":"https:\/\/news.save.ch\/de\/#\/schema\/logo\/image\/","url":"https:\/\/news.save.ch\/wp-content\/uploads\/2022\/06\/Logo_SF_2012.png","contentUrl":"https:\/\/news.save.ch\/wp-content\/uploads\/2022\/06\/Logo_SF_2012.png","width":1100,"height":91,"caption":"Sicherheitsforum"},"image":{"@id":"https:\/\/news.save.ch\/de\/#\/schema\/logo\/image\/"}},{"@type":"Person","@id":"https:\/\/news.save.ch\/de\/#\/schema\/person\/d5022db048e0e2b9785c50e5b24da5aa","name":"Roger Str\u00e4ssle","image":{"@type":"ImageObject","inLanguage":"fr-FR","@id":"https:\/\/secure.gravatar.com\/avatar\/862a5569d087de48e5856e32f45d719a03804c891d6deb8d4f71a660e79e4a47?s=96&d=mm&r=g","url":"https:\/\/secure.gravatar.com\/avatar\/862a5569d087de48e5856e32f45d719a03804c891d6deb8d4f71a660e79e4a47?s=96&d=mm&r=g","contentUrl":"https:\/\/secure.gravatar.com\/avatar\/862a5569d087de48e5856e32f45d719a03804c891d6deb8d4f71a660e79e4a47?s=96&d=mm&r=g","caption":"Roger Str\u00e4ssle"},"url":"https:\/\/news.save.ch\/fr\/author\/roger-straessle\/"}]}},"_links":{"self":[{"href":"https:\/\/news.save.ch\/fr\/wp-json\/wp\/v2\/posts\/22172","targetHints":{"allow":["GET"]}}],"collection":[{"href":"https:\/\/news.save.ch\/fr\/wp-json\/wp\/v2\/posts"}],"about":[{"href":"https:\/\/news.save.ch\/fr\/wp-json\/wp\/v2\/types\/post"}],"author":[{"embeddable":true,"href":"https:\/\/news.save.ch\/fr\/wp-json\/wp\/v2\/users\/8"}],"replies":[{"embeddable":true,"href":"https:\/\/news.save.ch\/fr\/wp-json\/wp\/v2\/comments?post=22172"}],"version-history":[{"count":5,"href":"https:\/\/news.save.ch\/fr\/wp-json\/wp\/v2\/posts\/22172\/revisions"}],"predecessor-version":[{"id":22283,"href":"https:\/\/news.save.ch\/fr\/wp-json\/wp\/v2\/posts\/22172\/revisions\/22283"}],"wp:featuredmedia":[{"embeddable":true,"href":"https:\/\/news.save.ch\/fr\/wp-json\/wp\/v2\/media\/22173"}],"wp:attachment":[{"href":"https:\/\/news.save.ch\/fr\/wp-json\/wp\/v2\/media?parent=22172"}],"wp:term":[{"taxonomy":"category","embeddable":true,"href":"https:\/\/news.save.ch\/fr\/wp-json\/wp\/v2\/categories?post=22172"},{"taxonomy":"post_tag","embeddable":true,"href":"https:\/\/news.save.ch\/fr\/wp-json\/wp\/v2\/tags?post=22172"}],"curies":[{"name":"wp","href":"https:\/\/api.w.org\/{rel}","templated":true}]}}