{"id":2222,"date":"2015-05-30T09:00:06","date_gmt":"2015-05-30T07:00:06","guid":{"rendered":"https:\/\/dev.sicherheitsforum.ch\/?p=2222"},"modified":"2015-05-30T09:00:06","modified_gmt":"2015-05-30T07:00:06","slug":"bekaempfung-des-terrorismus-im-fokus","status":null,"type":"post","link":"https:\/\/news.save.ch\/fr\/bekaempfung-des-terrorismus-im-fokus\/","title":{"rendered":"La lutte contre le terrorisme en ligne de mire"},"content":{"rendered":"<figure id=\"attachment_2223\" aria-describedby=\"caption-attachment-2223\" style=\"width: 469px\" class=\"wp-caption alignnone\"><img loading=\"lazy\" decoding=\"async\" class=\"size-full wp-image-2223\" src=\"https:\/\/news.save.ch\/wp-content\/uploads\/2016\/12\/55684da4ae04b_Statistik-fedpol_Sicherheitsforum.jpg\" alt=\"\" width=\"469\" height=\"386\" srcset=\"https:\/\/news.save.ch\/wp-content\/uploads\/2016\/12\/55684da4ae04b_Statistik-fedpol_Sicherheitsforum.jpg 469w, https:\/\/news.save.ch\/wp-content\/uploads\/2016\/12\/55684da4ae04b_Statistik-fedpol_Sicherheitsforum-365x300.jpg 365w\" sizes=\"auto, (max-width: 469px) 100vw, 469px\" \/><figcaption id=\"caption-attachment-2223\" class=\"wp-caption-text\">Affaires par domaine d'infraction relevant de la comp\u00e9tence f\u00e9d\u00e9rale<\/figcaption><\/figure>\n<p>Bien que la Suisse ne soit pas une cible prioritaire du terrorisme islamiste, fedpol a d\u00fb faire face en 2014 \u00e9galement \u00e0 la menace g\u00e9n\u00e9rale accrue du terrorisme djihadiste. L'objectif premier est d'emp\u00eacher les attentats terroristes en Suisse. En outre, la Suisse ne doit servir ni de base financi\u00e8re et logistique pour la planification et l'ex\u00e9cution de tels actes, ni de pays de transit, d'origine ou de destination pour des voyageurs motiv\u00e9s par le djihadisme, est-il pr\u00e9cis\u00e9.<\/p>\n<p><strong>Mesures contre le terrorisme : cr\u00e9ation d'une task force<\/strong><\/p>\n<p>En raison de l'\u00e9volution de la menace en Europe, le Parlement, le Conseil f\u00e9d\u00e9ral et les diff\u00e9rentes autorit\u00e9s charg\u00e9es de la lutte contre le terrorisme ont d\u00e9cid\u00e9 de prendre diverses mesures durant l'ann\u00e9e sous revue. Le 1er janvier 2015, la \"loi f\u00e9d\u00e9rale urgente sur l'interdiction des groupes \"Al-Qa\u00efda\" et \"Etat islamique\" et des organisations apparent\u00e9es\" est entr\u00e9e en vigueur ; en automne 2014, une \"Task Force Terrorist Travellers\" interd\u00e9partementale a \u00e9t\u00e9 mise en place sous la direction de fedpol (voir rapport du 26 f\u00e9vrier 2015).<\/p>\n<p>Dans son r\u00f4le de police judiciaire de la Conf\u00e9d\u00e9ration, fedpol a enqu\u00eat\u00e9 en 2014, sur mandat du Minist\u00e8re public de la Conf\u00e9d\u00e9ration, sur plusieurs cas de personnes soup\u00e7onn\u00e9es de soutenir des organisations terroristes \u00e0 motivation djihadiste, d'en faire partie ou de vouloir s'y joindre.<\/p>\n<p><strong>Propagande et radicalisation via Internet<\/strong><\/p>\n<p>Comme le souligne l'office f\u00e9d\u00e9ral, Internet et diverses plateformes de m\u00e9dias sociaux jouent un r\u00f4le central dans la propagande men\u00e9e par des groupes djihadistes-terroristes et dans la radicalisation de jeunes sympathisants en particulier. Comme les ann\u00e9es pr\u00e9c\u00e9dentes, fedpol suit de pr\u00e8s les activit\u00e9s djihadistes-terroristes suspect\u00e9es sur Internet en Suisse. Le dialogue constructif et la coop\u00e9ration entre fedpol et les fournisseurs d'acc\u00e8s \u00e0 Internet sont indispensables au succ\u00e8s de la lutte contre les activit\u00e9s des extr\u00e9mistes motiv\u00e9s par le djihad sur Internet.<\/p>\n<p>Outre la lutte contre les activit\u00e9s djihadistes dans l'espace virtuel, fedpol a \u00e9t\u00e9 confront\u00e9 en 2014 \u00e0 d'autres formes de <a title=\"Lien vers le communiqu\u00e9 de fedpol correspondant\" href=\"https:\/\/hamster.ch\/magazine\/it-security\/handel-mit-gestohlenen-daten-floriert\" target=\"_blank\" data-cke-saved-href=\"https:\/\/hamster.ch\/magazine\/it-security\/handel-mit-gestohlenen-daten-floriert\" rel=\"noopener\">Criminalit\u00e9 sur Internet <\/a>occup\u00e9s.<\/p>\n<p>Pour plus d'informations sur la lutte contre la criminalit\u00e9 au niveau f\u00e9d\u00e9ral, voir le <a href=\"https:\/\/www.fedpol.admin.ch\/dam\/data\/fedpol\/publiservice\/publikationen\/berichte\/jabe\/jabe-2014-d.pdf\" target=\"_blank\" data-cke-saved-href=\"https:\/\/www.fedpol.admin.ch\/dam\/data\/fedpol\/publiservice\/publikationen\/berichte\/jabe\/jabe-2014-d.pdf\" rel=\"noopener\">Rapport annuel de fedpol<\/a> de l'ann\u00e9e en cours. Les statistiques du rapport annuel sont <a href=\"https:\/\/www.fedpol.admin.ch\/dam\/data\/fedpol\/publiservice\/publikationen\/berichte\/jabe\/jabe-2014-stat-d.pdf\" target=\"_blank\" data-cke-saved-href=\"https:\/\/www.fedpol.admin.ch\/dam\/data\/fedpol\/publiservice\/publikationen\/berichte\/jabe\/jabe-2014-stat-d.pdf\" rel=\"noopener\">ici<\/a> \u00e0 trouver.<\/p>\n<p>&nbsp;<\/p>","protected":false},"excerpt":{"rendered":"<p>Obwohl die Schweiz nicht priorit\u00e4res Ziel des islamistischen Terrorismus ist, musste sich fedpol auch 2014 mit der erh\u00f6hten allgemeinen Bedrohung durch dschihadistisch motivierten Terrorismus auseinandersetzen. Prim\u00e4res Ziel sei\u00a0die Verhinderung von terroristischen Anschl\u00e4gen in der Schweiz. Ausserdem soll die Schweiz weder als finanzielle und logistische Basis f\u00fcr die Planung und Durchf\u00fchrung solcher Taten, noch als Transit-, [&hellip;]<\/p>\n","protected":false},"author":1,"featured_media":2223,"comment_status":"open","ping_status":"open","sticky":false,"template":"","format":"standard","meta":{"_acf_changed":false,"pgc_sgb_lightbox_settings":"","footnotes":""},"categories":[1],"tags":[120,237,43],"class_list":["post-2222","post","type-post","status-publish","format-standard","has-post-thumbnail","hentry","category-allgemein","tag-bundesamt","tag-fedpol-jahresbericht-2014","tag-terrorismus"],"acf":[],"hkrextid":null,"publication":null,"issue":null,"workflow":null,"startPage":null,"spitzmarke":null,"_posts_by_tag_page_fields":{"widget_title":"","widget_tags":""},"_at_widget":"1","_yoast_wpseo_primary_category":"","_yoast_wpseo_focuskw_text_input":"Terrorismus","_yoast_wpseo_opengraph-image":"https:\/\/sicherheitsforum.ch\/wp-content\/uploads\/2016\/12\/55684da4ae04b_Statistik-fedpol_Sicherheitsforum.jpg","_yoast_wpseo_opengraph-description":"Im Fokus der Aktivit\u00e4ten des Bundesamtes f\u00fcr Polizei fedpol stand im Jahr 2014 vor allem die Bek\u00e4mpfung des Terrorismus. Das Bundesamt leitet die 2014 geschaffene \u00abTask Force Terrorist Travellers\u00bb. Deren Hauptziel ist es, terroristische Straftaten in der Schweiz sowie den Export von Terrorismus aus der Schweiz in Konfliktregionen zu verhindern. Weitere Schwerpunkte von fedpol waren Ermittlungen gegen mutmassliche Mitglieder krimineller Organisationen, aber auch die Bearbeitung von Meldungen wegen Geldw\u00e4scherei.","_yoast_wpseo_opengraph-title":"Bek\u00e4mpfung des Terrorismus im Fokus","enclosure":null,"_yoast_wpseo_twitter-title":null,"_yoast_wpseo_twitter-description":null,"_yoast_wpseo_twitter-image":null,"_wp_old_slug":null,"_yoast_wpseo_title":null,"_yoast_wpseo_canonical":null,"yoast_head":"<!-- This site is optimized with the Yoast SEO plugin v27.5 - https:\/\/yoast.com\/product\/yoast-seo-wordpress\/ -->\n<title>Bek\u00e4mpfung des Terrorismus im Fokus - Save<\/title>\n<meta name=\"description\" content=\"Im Fokus der fedpol stand 2014 vor allem die Bek\u00e4mpfung des Terrorismus. Das Bundesamt leitet die 2014 geschaffene \u00abTask Force Terrorist Travellers\u00bb.\" \/>\n<meta name=\"robots\" content=\"index, follow, max-snippet:-1, max-image-preview:large, max-video-preview:-1\" \/>\n<link rel=\"canonical\" href=\"https:\/\/news.save.ch\/fr\/bekaempfung-des-terrorismus-im-fokus\/\" \/>\n<meta property=\"og:locale\" content=\"fr_FR\" \/>\n<meta property=\"og:type\" content=\"article\" \/>\n<meta property=\"og:title\" content=\"Bek\u00e4mpfung des Terrorismus im Fokus\" \/>\n<meta property=\"og:description\" content=\"Im Fokus der Aktivit\u00e4ten des Bundesamtes f\u00fcr Polizei fedpol stand im Jahr 2014 vor allem die Bek\u00e4mpfung des Terrorismus. Das Bundesamt leitet die 2014 geschaffene \u00abTask Force Terrorist Travellers\u00bb. Deren Hauptziel ist es, terroristische Straftaten in der Schweiz sowie den Export von Terrorismus aus der Schweiz in Konfliktregionen zu verhindern. Weitere Schwerpunkte von fedpol waren Ermittlungen gegen mutmassliche Mitglieder krimineller Organisationen, aber auch die Bearbeitung von Meldungen wegen Geldw\u00e4scherei.\" \/>\n<meta property=\"og:url\" content=\"https:\/\/news.save.ch\/fr\/bekaempfung-des-terrorismus-im-fokus\/\" \/>\n<meta property=\"og:site_name\" content=\"Save\" \/>\n<meta property=\"article:published_time\" content=\"2015-05-30T07:00:06+00:00\" \/>\n<meta property=\"og:image\" content=\"https:\/\/sicherheitsforum.ch\/wp-content\/uploads\/2016\/12\/55684da4ae04b_Statistik-fedpol_Sicherheitsforum.jpg\" \/>\n<meta name=\"author\" content=\"admin\" \/>\n<meta name=\"twitter:card\" content=\"summary_large_image\" \/>\n<meta name=\"twitter:label1\" content=\"\u00c9crit par\" \/>\n\t<meta name=\"twitter:data1\" content=\"admin\" \/>\n\t<meta name=\"twitter:label2\" content=\"Dur\u00e9e de lecture estim\u00e9e\" \/>\n\t<meta name=\"twitter:data2\" content=\"2 minutes\" \/>\n<script type=\"application\/ld+json\" class=\"yoast-schema-graph\">{\"@context\":\"https:\\\/\\\/schema.org\",\"@graph\":[{\"@type\":\"Article\",\"@id\":\"https:\\\/\\\/news.save.ch\\\/bekaempfung-des-terrorismus-im-fokus\\\/#article\",\"isPartOf\":{\"@id\":\"https:\\\/\\\/news.save.ch\\\/bekaempfung-des-terrorismus-im-fokus\\\/\"},\"author\":{\"name\":\"admin\",\"@id\":\"https:\\\/\\\/news.save.ch\\\/de\\\/#\\\/schema\\\/person\\\/d49e199490bad7c70d64b9ab51142f2b\"},\"headline\":\"Bek\u00e4mpfung des Terrorismus im Fokus\",\"datePublished\":\"2015-05-30T07:00:06+00:00\",\"mainEntityOfPage\":{\"@id\":\"https:\\\/\\\/news.save.ch\\\/bekaempfung-des-terrorismus-im-fokus\\\/\"},\"wordCount\":331,\"commentCount\":0,\"publisher\":{\"@id\":\"https:\\\/\\\/news.save.ch\\\/de\\\/#organization\"},\"image\":{\"@id\":\"https:\\\/\\\/news.save.ch\\\/bekaempfung-des-terrorismus-im-fokus\\\/#primaryimage\"},\"thumbnailUrl\":\"https:\\\/\\\/news.save.ch\\\/wp-content\\\/uploads\\\/2016\\\/12\\\/55684da4ae04b_Statistik-fedpol_Sicherheitsforum.jpg\",\"keywords\":[\"Bundesamt\",\"fedpol-Jahresbericht 2014\",\"Terrorismus\"],\"articleSection\":[\"ALLGEMEIN\"],\"inLanguage\":\"fr-FR\"},{\"@type\":\"WebPage\",\"@id\":\"https:\\\/\\\/news.save.ch\\\/bekaempfung-des-terrorismus-im-fokus\\\/\",\"url\":\"https:\\\/\\\/news.save.ch\\\/bekaempfung-des-terrorismus-im-fokus\\\/\",\"name\":\"Bek\u00e4mpfung des Terrorismus im Fokus - Save\",\"isPartOf\":{\"@id\":\"https:\\\/\\\/news.save.ch\\\/de\\\/#website\"},\"primaryImageOfPage\":{\"@id\":\"https:\\\/\\\/news.save.ch\\\/bekaempfung-des-terrorismus-im-fokus\\\/#primaryimage\"},\"image\":{\"@id\":\"https:\\\/\\\/news.save.ch\\\/bekaempfung-des-terrorismus-im-fokus\\\/#primaryimage\"},\"thumbnailUrl\":\"https:\\\/\\\/news.save.ch\\\/wp-content\\\/uploads\\\/2016\\\/12\\\/55684da4ae04b_Statistik-fedpol_Sicherheitsforum.jpg\",\"datePublished\":\"2015-05-30T07:00:06+00:00\",\"description\":\"Im Fokus der fedpol stand 2014 vor allem die Bek\u00e4mpfung des Terrorismus. Das Bundesamt leitet die 2014 geschaffene \u00abTask Force Terrorist Travellers\u00bb.\",\"breadcrumb\":{\"@id\":\"https:\\\/\\\/news.save.ch\\\/bekaempfung-des-terrorismus-im-fokus\\\/#breadcrumb\"},\"inLanguage\":\"fr-FR\",\"potentialAction\":[{\"@type\":\"ReadAction\",\"target\":[\"https:\\\/\\\/news.save.ch\\\/bekaempfung-des-terrorismus-im-fokus\\\/\"]}]},{\"@type\":\"ImageObject\",\"inLanguage\":\"fr-FR\",\"@id\":\"https:\\\/\\\/news.save.ch\\\/bekaempfung-des-terrorismus-im-fokus\\\/#primaryimage\",\"url\":\"https:\\\/\\\/news.save.ch\\\/wp-content\\\/uploads\\\/2016\\\/12\\\/55684da4ae04b_Statistik-fedpol_Sicherheitsforum.jpg\",\"contentUrl\":\"https:\\\/\\\/news.save.ch\\\/wp-content\\\/uploads\\\/2016\\\/12\\\/55684da4ae04b_Statistik-fedpol_Sicherheitsforum.jpg\",\"width\":469,\"height\":386,\"caption\":\"Gesch\u00e4fte nach Deliktsbereich in Bundeskompetenz\"},{\"@type\":\"BreadcrumbList\",\"@id\":\"https:\\\/\\\/news.save.ch\\\/bekaempfung-des-terrorismus-im-fokus\\\/#breadcrumb\",\"itemListElement\":[{\"@type\":\"ListItem\",\"position\":1,\"name\":\"Home\",\"item\":\"https:\\\/\\\/news.save.ch\\\/de\\\/\"},{\"@type\":\"ListItem\",\"position\":2,\"name\":\"Bek\u00e4mpfung des Terrorismus im Fokus\"}]},{\"@type\":\"WebSite\",\"@id\":\"https:\\\/\\\/news.save.ch\\\/de\\\/#website\",\"url\":\"https:\\\/\\\/news.save.ch\\\/de\\\/\",\"name\":\"Save\",\"description\":\"Schweizer Fachzeitschrift f\u00fcr Sicherheit\",\"publisher\":{\"@id\":\"https:\\\/\\\/news.save.ch\\\/de\\\/#organization\"},\"potentialAction\":[{\"@type\":\"SearchAction\",\"target\":{\"@type\":\"EntryPoint\",\"urlTemplate\":\"https:\\\/\\\/news.save.ch\\\/de\\\/?s={search_term_string}\"},\"query-input\":{\"@type\":\"PropertyValueSpecification\",\"valueRequired\":true,\"valueName\":\"search_term_string\"}}],\"inLanguage\":\"fr-FR\"},{\"@type\":\"Organization\",\"@id\":\"https:\\\/\\\/news.save.ch\\\/de\\\/#organization\",\"name\":\"Sicherheitsforum\",\"url\":\"https:\\\/\\\/news.save.ch\\\/de\\\/\",\"logo\":{\"@type\":\"ImageObject\",\"inLanguage\":\"fr-FR\",\"@id\":\"https:\\\/\\\/news.save.ch\\\/de\\\/#\\\/schema\\\/logo\\\/image\\\/\",\"url\":\"https:\\\/\\\/news.save.ch\\\/wp-content\\\/uploads\\\/2022\\\/06\\\/Logo_SF_2012.png\",\"contentUrl\":\"https:\\\/\\\/news.save.ch\\\/wp-content\\\/uploads\\\/2022\\\/06\\\/Logo_SF_2012.png\",\"width\":1100,\"height\":91,\"caption\":\"Sicherheitsforum\"},\"image\":{\"@id\":\"https:\\\/\\\/news.save.ch\\\/de\\\/#\\\/schema\\\/logo\\\/image\\\/\"}},{\"@type\":\"Person\",\"@id\":\"https:\\\/\\\/news.save.ch\\\/de\\\/#\\\/schema\\\/person\\\/d49e199490bad7c70d64b9ab51142f2b\",\"name\":\"admin\",\"image\":{\"@type\":\"ImageObject\",\"inLanguage\":\"fr-FR\",\"@id\":\"https:\\\/\\\/secure.gravatar.com\\\/avatar\\\/ae2f4d718e6c49043e314ce431e7e645d646302a24a5ef5a8bc8e3f5a032e319?s=96&d=mm&r=g\",\"url\":\"https:\\\/\\\/secure.gravatar.com\\\/avatar\\\/ae2f4d718e6c49043e314ce431e7e645d646302a24a5ef5a8bc8e3f5a032e319?s=96&d=mm&r=g\",\"contentUrl\":\"https:\\\/\\\/secure.gravatar.com\\\/avatar\\\/ae2f4d718e6c49043e314ce431e7e645d646302a24a5ef5a8bc8e3f5a032e319?s=96&d=mm&r=g\",\"caption\":\"admin\"},\"sameAs\":[\"https:\\\/\\\/develop.organisator.galledia.ch\"],\"url\":\"https:\\\/\\\/news.save.ch\\\/fr\\\/author\\\/admin\\\/\"}]}<\/script>\n<!-- \/ Yoast SEO plugin. -->","yoast_head_json":{"title":"La lutte contre le terrorisme en ligne de mire - Save","description":"En 2014, c'est surtout la lutte contre le terrorisme qui a retenu l'attention de fedpol. L'office f\u00e9d\u00e9ral dirige la \"Task Force Terrorist Travellers\", cr\u00e9\u00e9e en 2014.","robots":{"index":"index","follow":"follow","max-snippet":"max-snippet:-1","max-image-preview":"max-image-preview:large","max-video-preview":"max-video-preview:-1"},"canonical":"https:\/\/news.save.ch\/fr\/bekaempfung-des-terrorismus-im-fokus\/","og_locale":"fr_FR","og_type":"article","og_title":"Bek\u00e4mpfung des Terrorismus im Fokus","og_description":"Im Fokus der Aktivit\u00e4ten des Bundesamtes f\u00fcr Polizei fedpol stand im Jahr 2014 vor allem die Bek\u00e4mpfung des Terrorismus. Das Bundesamt leitet die 2014 geschaffene \u00abTask Force Terrorist Travellers\u00bb. Deren Hauptziel ist es, terroristische Straftaten in der Schweiz sowie den Export von Terrorismus aus der Schweiz in Konfliktregionen zu verhindern. Weitere Schwerpunkte von fedpol waren Ermittlungen gegen mutmassliche Mitglieder krimineller Organisationen, aber auch die Bearbeitung von Meldungen wegen Geldw\u00e4scherei.","og_url":"https:\/\/news.save.ch\/fr\/bekaempfung-des-terrorismus-im-fokus\/","og_site_name":"Save","article_published_time":"2015-05-30T07:00:06+00:00","og_image":[{"url":"https:\/\/sicherheitsforum.ch\/wp-content\/uploads\/2016\/12\/55684da4ae04b_Statistik-fedpol_Sicherheitsforum.jpg","type":"","width":"","height":""}],"author":"admin","twitter_card":"summary_large_image","twitter_misc":{"\u00c9crit par":"admin","Dur\u00e9e de lecture estim\u00e9e":"2 minutes"},"schema":{"@context":"https:\/\/schema.org","@graph":[{"@type":"Article","@id":"https:\/\/news.save.ch\/bekaempfung-des-terrorismus-im-fokus\/#article","isPartOf":{"@id":"https:\/\/news.save.ch\/bekaempfung-des-terrorismus-im-fokus\/"},"author":{"name":"admin","@id":"https:\/\/news.save.ch\/de\/#\/schema\/person\/d49e199490bad7c70d64b9ab51142f2b"},"headline":"Bek\u00e4mpfung des Terrorismus im Fokus","datePublished":"2015-05-30T07:00:06+00:00","mainEntityOfPage":{"@id":"https:\/\/news.save.ch\/bekaempfung-des-terrorismus-im-fokus\/"},"wordCount":331,"commentCount":0,"publisher":{"@id":"https:\/\/news.save.ch\/de\/#organization"},"image":{"@id":"https:\/\/news.save.ch\/bekaempfung-des-terrorismus-im-fokus\/#primaryimage"},"thumbnailUrl":"https:\/\/news.save.ch\/wp-content\/uploads\/2016\/12\/55684da4ae04b_Statistik-fedpol_Sicherheitsforum.jpg","keywords":["Bundesamt","fedpol-Jahresbericht 2014","Terrorismus"],"articleSection":["ALLGEMEIN"],"inLanguage":"fr-FR"},{"@type":"WebPage","@id":"https:\/\/news.save.ch\/bekaempfung-des-terrorismus-im-fokus\/","url":"https:\/\/news.save.ch\/bekaempfung-des-terrorismus-im-fokus\/","name":"La lutte contre le terrorisme en ligne de mire - Save","isPartOf":{"@id":"https:\/\/news.save.ch\/de\/#website"},"primaryImageOfPage":{"@id":"https:\/\/news.save.ch\/bekaempfung-des-terrorismus-im-fokus\/#primaryimage"},"image":{"@id":"https:\/\/news.save.ch\/bekaempfung-des-terrorismus-im-fokus\/#primaryimage"},"thumbnailUrl":"https:\/\/news.save.ch\/wp-content\/uploads\/2016\/12\/55684da4ae04b_Statistik-fedpol_Sicherheitsforum.jpg","datePublished":"2015-05-30T07:00:06+00:00","description":"En 2014, c'est surtout la lutte contre le terrorisme qui a retenu l'attention de fedpol. L'office f\u00e9d\u00e9ral dirige la \"Task Force Terrorist Travellers\", cr\u00e9\u00e9e en 2014.","breadcrumb":{"@id":"https:\/\/news.save.ch\/bekaempfung-des-terrorismus-im-fokus\/#breadcrumb"},"inLanguage":"fr-FR","potentialAction":[{"@type":"ReadAction","target":["https:\/\/news.save.ch\/bekaempfung-des-terrorismus-im-fokus\/"]}]},{"@type":"ImageObject","inLanguage":"fr-FR","@id":"https:\/\/news.save.ch\/bekaempfung-des-terrorismus-im-fokus\/#primaryimage","url":"https:\/\/news.save.ch\/wp-content\/uploads\/2016\/12\/55684da4ae04b_Statistik-fedpol_Sicherheitsforum.jpg","contentUrl":"https:\/\/news.save.ch\/wp-content\/uploads\/2016\/12\/55684da4ae04b_Statistik-fedpol_Sicherheitsforum.jpg","width":469,"height":386,"caption":"Gesch\u00e4fte nach Deliktsbereich in Bundeskompetenz"},{"@type":"BreadcrumbList","@id":"https:\/\/news.save.ch\/bekaempfung-des-terrorismus-im-fokus\/#breadcrumb","itemListElement":[{"@type":"ListItem","position":1,"name":"Home","item":"https:\/\/news.save.ch\/de\/"},{"@type":"ListItem","position":2,"name":"Bek\u00e4mpfung des Terrorismus im Fokus"}]},{"@type":"WebSite","@id":"https:\/\/news.save.ch\/de\/#website","url":"https:\/\/news.save.ch\/de\/","name":"Save","description":"Revue suisse sp\u00e9cialis\u00e9e dans la s\u00e9curit\u00e9","publisher":{"@id":"https:\/\/news.save.ch\/de\/#organization"},"potentialAction":[{"@type":"SearchAction","target":{"@type":"EntryPoint","urlTemplate":"https:\/\/news.save.ch\/de\/?s={search_term_string}"},"query-input":{"@type":"PropertyValueSpecification","valueRequired":true,"valueName":"search_term_string"}}],"inLanguage":"fr-FR"},{"@type":"Organization","@id":"https:\/\/news.save.ch\/de\/#organization","name":"Forum sur la s\u00e9curit\u00e9","url":"https:\/\/news.save.ch\/de\/","logo":{"@type":"ImageObject","inLanguage":"fr-FR","@id":"https:\/\/news.save.ch\/de\/#\/schema\/logo\/image\/","url":"https:\/\/news.save.ch\/wp-content\/uploads\/2022\/06\/Logo_SF_2012.png","contentUrl":"https:\/\/news.save.ch\/wp-content\/uploads\/2022\/06\/Logo_SF_2012.png","width":1100,"height":91,"caption":"Sicherheitsforum"},"image":{"@id":"https:\/\/news.save.ch\/de\/#\/schema\/logo\/image\/"}},{"@type":"Person","@id":"https:\/\/news.save.ch\/de\/#\/schema\/person\/d49e199490bad7c70d64b9ab51142f2b","name":"admin","image":{"@type":"ImageObject","inLanguage":"fr-FR","@id":"https:\/\/secure.gravatar.com\/avatar\/ae2f4d718e6c49043e314ce431e7e645d646302a24a5ef5a8bc8e3f5a032e319?s=96&d=mm&r=g","url":"https:\/\/secure.gravatar.com\/avatar\/ae2f4d718e6c49043e314ce431e7e645d646302a24a5ef5a8bc8e3f5a032e319?s=96&d=mm&r=g","contentUrl":"https:\/\/secure.gravatar.com\/avatar\/ae2f4d718e6c49043e314ce431e7e645d646302a24a5ef5a8bc8e3f5a032e319?s=96&d=mm&r=g","caption":"admin"},"sameAs":["https:\/\/develop.organisator.galledia.ch"],"url":"https:\/\/news.save.ch\/fr\/author\/admin\/"}]}},"_links":{"self":[{"href":"https:\/\/news.save.ch\/fr\/wp-json\/wp\/v2\/posts\/2222","targetHints":{"allow":["GET"]}}],"collection":[{"href":"https:\/\/news.save.ch\/fr\/wp-json\/wp\/v2\/posts"}],"about":[{"href":"https:\/\/news.save.ch\/fr\/wp-json\/wp\/v2\/types\/post"}],"author":[{"embeddable":true,"href":"https:\/\/news.save.ch\/fr\/wp-json\/wp\/v2\/users\/1"}],"replies":[{"embeddable":true,"href":"https:\/\/news.save.ch\/fr\/wp-json\/wp\/v2\/comments?post=2222"}],"version-history":[{"count":0,"href":"https:\/\/news.save.ch\/fr\/wp-json\/wp\/v2\/posts\/2222\/revisions"}],"wp:featuredmedia":[{"embeddable":true,"href":"https:\/\/news.save.ch\/fr\/wp-json\/wp\/v2\/media\/2223"}],"wp:attachment":[{"href":"https:\/\/news.save.ch\/fr\/wp-json\/wp\/v2\/media?parent=2222"}],"wp:term":[{"taxonomy":"category","embeddable":true,"href":"https:\/\/news.save.ch\/fr\/wp-json\/wp\/v2\/categories?post=2222"},{"taxonomy":"post_tag","embeddable":true,"href":"https:\/\/news.save.ch\/fr\/wp-json\/wp\/v2\/tags?post=2222"}],"curies":[{"name":"wp","href":"https:\/\/api.w.org\/{rel}","templated":true}]}}