{"id":22268,"date":"2023-10-31T10:10:03","date_gmt":"2023-10-31T09:10:03","guid":{"rendered":"https:\/\/news.save.ch\/?p=22268"},"modified":"2023-10-31T11:16:50","modified_gmt":"2023-10-31T10:16:50","slug":"unternehmensrisiken-das-sorgenbarometer-der-cfo","status":null,"type":"post","link":"https:\/\/news.save.ch\/fr\/unternehmensrisiken-das-sorgenbarometer-der-cfo\/","title":{"rendered":"Les risques d'entreprise : Le barom\u00e8tre des pr\u00e9occupations des CFO"},"content":{"rendered":"<p><img loading=\"lazy\" decoding=\"async\" class=\"size-full wp-image-22269 alignleft\" src=\"https:\/\/news.save.ch\/wp-content\/uploads\/2023\/10\/Screenshot-2023-10-31-100220.jpg\" alt=\"\" width=\"562\" height=\"750\" srcset=\"https:\/\/news.save.ch\/wp-content\/uploads\/2023\/10\/Screenshot-2023-10-31-100220.jpg 562w, https:\/\/news.save.ch\/wp-content\/uploads\/2023\/10\/Screenshot-2023-10-31-100220-9x12.jpg 9w, https:\/\/news.save.ch\/wp-content\/uploads\/2023\/10\/Screenshot-2023-10-31-100220-225x300.jpg 225w, https:\/\/news.save.ch\/wp-content\/uploads\/2023\/10\/Screenshot-2023-10-31-100220-262x350.jpg 262w\" sizes=\"auto, (max-width: 562px) 100vw, 562px\" \/><\/p>\n<p>La baisse des temp\u00e9ratures s'accompagne d'un ralentissement \u00e9conomique en Suisse. C'est du moins ce qu'attendent les CFO en Suisse, comme le montre une r\u00e9cente enqu\u00eate de la soci\u00e9t\u00e9 d'audit et de conseil Deloitte. Les CFO interrog\u00e9s estiment que la situation conjoncturelle pour la Suisse et ses principaux partenaires commerciaux est nettement plus n\u00e9gative qu'auparavant.<\/p>\n<h3>Principaux risques d'entreprise<\/h3>\n<p>Selon l'enqu\u00eate, la liste des pr\u00e9occupations des CFO interrog\u00e9s est domin\u00e9e par trois risques, pour lesquels il n'y a eu que peu de changements par rapport au printemps : Un \u00e9ventuel ralentissement conjoncturel figure d\u00e9sormais en t\u00eate de liste des pr\u00e9occupations. Il n'y a pas eu de changement par rapport \u00e0 la derni\u00e8re enqu\u00eate en ce qui concerne la p\u00e9nurie de main-d'\u0153uvre. Un march\u00e9 de l'emploi robuste, sur lequel on recherche activement de la main-d'\u0153uvre, offre une certaine protection contre un ralentissement conjoncturel. Une \u00e9ventuelle menace de ralentissement \u00e9conomique accompagn\u00e9e d'une p\u00e9nurie de main-d'\u0153uvre est donc une combinaison plut\u00f4t inhabituelle, \u00e9crit Deloitte dans le cadre de l'enqu\u00eate. Les craintes d'une inflation persistante arrivent en troisi\u00e8me position, bien que la hausse des prix ait r\u00e9cemment diminu\u00e9. Les attentes des directeurs financiers en mati\u00e8re d'inflation sont \u00e9galement en baisse - ils s'attendent \u00e0 une inflation de 1,7% dans deux ans. Au printemps, cette valeur \u00e9tait encore de 2,2%. L'\u00e9volution actuelle, avec des hausses de prix imminentes, par exemple pour les loyers et les co\u00fbts de l'\u00e9nergie, montre que le danger n'est pas encore \u00e9cart\u00e9 et que la situation \u00e9conomique reste instable, selon Deloitte.<\/p>\n<p>Il est \u00e9galement int\u00e9ressant de noter que les directeurs financiers interrog\u00e9s attribuent une importance nettement moindre aux risques g\u00e9opolitiques par rapport au printemps (10e place aujourd'hui, contre 1re place il y a six mois). Les derniers d\u00e9veloppements g\u00e9opolitiques indiquent toutefois qu'aucune stabilisation ne devrait se dessiner \u00e0 court ou moyen terme, ce qui repr\u00e9sente toujours des d\u00e9fis et des risques pour les entreprises.<\/p>\n<p>\"La combinaison de la faiblesse de la demande, de la p\u00e9nurie de main-d'\u0153uvre et de l'inflation est inhabituelle et p\u00e8se sur le moral des entreprises\", analyse Alessandro Miolo, Managing Partner Audit &amp; Assurance et membre de la direction de Deloitte Suisse, \u00e0 propos des r\u00e9sultats de l'enqu\u00eate. \"M\u00eame si le march\u00e9 suisse s'est montr\u00e9 stable et r\u00e9sistant \u00e0 la crise en comparaison internationale, nous ne devons pas nous reposer sur nos lauriers. Les incertitudes \u00e9conomiques mondiales et la force du franc suisse nous placent devant de grands d\u00e9fis lorsqu'il s'agit d'assurer la croissance \u00e9conomique future, la stabilit\u00e9 de notre march\u00e9 et la prosp\u00e9rit\u00e9 \u00e0 long terme de la Suisse\".<\/p>\n<h3>La sensibilisation \u00e0 la cybers\u00e9curit\u00e9 augmente<\/h3>\n<p>La cybers\u00e9curit\u00e9 fait \u00e9galement l'objet d'une attention accrue, comme l'indique Deloitte. Pour la premi\u00e8re fois depuis 2021, elle figure \u00e0 nouveau dans le top 10 de la liste des risques pour les entreprises. Cette augmentation de la priorit\u00e9 est due au nombre toujours plus \u00e9lev\u00e9 de cyberattaques contre les entreprises, qui ont souvent de graves cons\u00e9quences sur les activit\u00e9s op\u00e9rationnelles et se traduisent par des demandes de ran\u00e7on et des tentatives d'extorsion. L'enqu\u00eate swissVR-Monitor men\u00e9e par Deloitte au printemps et en \u00e9t\u00e9 aupr\u00e8s des membres des conseils d'administration a montr\u00e9 que 45 % des entreprises de plus de 250 collaborateurs ont d\u00e9j\u00e0 \u00e9t\u00e9 victimes d'une cyberattaque au moins une fois. La pond\u00e9ration d\u00e9sormais plus \u00e9lev\u00e9e indique donc une plus grande prise de conscience de ce probl\u00e8me aigu chez les CFO interrog\u00e9s. \"La cybers\u00e9curit\u00e9 est de nouveau dans le top 10 des risques, principalement en raison de l'augmentation des menaces. En outre, les entreprises et les directeurs financiers sont pr\u00e9occup\u00e9s par les co\u00fbts potentiels des cyberattaques, notamment en cas d'interruption de l'activit\u00e9. Selon eux, ce th\u00e8me doit aujourd'hui faire partie int\u00e9grante de l'\u00e9valuation des risques des entreprises. Il est r\u00e9jouissant de constater que de nombreuses entreprises en ont d\u00e9j\u00e0 pris conscience\", d\u00e9clare Alessandro Miolo.<\/p>\n<h3>IA g\u00e9n\u00e9rative : pertinence \u00e9lev\u00e9e pour les pr\u00e9visions financi\u00e8res et la pr\u00e9vention<\/h3>\n<p>Outre les perspectives et les risques \u00e9conomiques g\u00e9n\u00e9raux, les directeurs financiers ont \u00e9galement \u00e9t\u00e9 interrog\u00e9s sur les applications de l'intelligence artificielle g\u00e9n\u00e9rative (IA). Seule une minorit\u00e9 d'entreprises (8%) a exclu cat\u00e9goriquement l'utilisation de l'IA g\u00e9n\u00e9rative, comme l'\u00e9crit le cabinet de conseil. L'enqu\u00eate montre que la plupart des entreprises n'en sont qu'au d\u00e9but de l'int\u00e9gration de l'IA : 23 pour cent des directeurs financiers interrog\u00e9s ont indiqu\u00e9 qu'elle \u00e9tait actuellement exp\u00e9riment\u00e9e dans leur entreprise. La grande majorit\u00e9 veut encore attendre ou du moins observer la proc\u00e9dure de la concurrence. Le plus grand obstacle \u00e0 l'introduction de l'IA g\u00e9n\u00e9rative dans les processus de travail existants est le manque de capacit\u00e9s en personnel - l'exploitation quotidienne ou les adaptations aux nouvelles conditions du march\u00e9 \u00e9puisent d\u00e9j\u00e0 les capacit\u00e9s en personnel. Les directeurs financiers interrog\u00e9s ont toutefois indiqu\u00e9 qu'ils pensaient que l'IA g\u00e9n\u00e9rative avait un potentiel \u00e9lev\u00e9. Ainsi, selon l'enqu\u00eate, plus de 60% des personnes interrog\u00e9es ont indiqu\u00e9 que l'IA g\u00e9n\u00e9rative serait tr\u00e8s pertinente pour \u00e9tablir des pr\u00e9visions financi\u00e8res ou pour pr\u00e9venir la fraude et les abus.<\/p>\n<p>Selon l'enqu\u00eate, les directeurs financiers s'attendent \u00e9galement \u00e0 un degr\u00e9 \u00e9lev\u00e9 de mise en \u0153uvre de l'IA pour l'analyse des rapports financiers ou l'optimisation des co\u00fbts. \"L'IA g\u00e9n\u00e9rative a un \u00e9norme potentiel, mais peu d'entreprises l'utilisent encore. L'\u00e9cart entre le potentiel \u00e9lev\u00e9 et le faible taux d'utilisation est une opportunit\u00e9 \u00e9vidente pour obtenir des avantages concurrentiels. Les entreprises ne devraient pas h\u00e9siter \u00e0 observer la concurrence, mais commencer imm\u00e9diatement \u00e0 mettre en \u0153uvre et \u00e0 tester des applications d'IA g\u00e9n\u00e9rative. Les entreprises ne doivent pas pour autant n\u00e9gliger les risques tels que la protection et la s\u00e9curit\u00e9 des donn\u00e9es, les droits de propri\u00e9t\u00e9 intellectuelle et la qualit\u00e9 des r\u00e9sultats de l'IA\", explique Alessandro Miolo. \"Avec une<br \/>\nUne mise en \u0153uvre r\u00e9ussie de l'IA permet aux entreprises de passer du statut de \"ne pas perdre le contact\" \u00e0 celui d'\"avoir une longueur d'avance sur la concurrence\".\"<\/p>\n<p><em>L'actuelle 46\u00e8me enqu\u00eate Deloitte CFO en Suisse a \u00e9t\u00e9 r\u00e9alis\u00e9e en ligne du 5 au 29 septembre 2023. <a href=\"https:\/\/www2.deloitte.com\/content\/dam\/Deloitte\/ch\/Documents\/finance\/deloitte-ch-de-finance-cfo-survey-h2-2023.pdf\" target=\"_blank\" rel=\"noopener\">T\u00e9l\u00e9charger l'\u00e9tude ici.<\/a><\/em><\/p>","protected":false},"excerpt":{"rendered":"<p>Mit den sinkenden Temperaturen kommt es in der Schweiz auch zu einer wirtschaftlichen Abk\u00fchlung. Dies zumindest ist die Erwartung der CFOs in der Schweiz, wie eine aktuelle Umfrage des Pr\u00fcfungs- und Beratungsunternehmens Deloitte zeigt. Die befragten CFOs sch\u00e4tzen die Konjunkturlage f\u00fcr die Schweiz und ihre wichtigsten Handelspartner deutlich negativer ein als zuvor. Gr\u00f6sste Unternehmensrisiken Gem\u00e4ss [&hellip;]<\/p>\n","protected":false},"author":8,"featured_media":22270,"comment_status":"closed","ping_status":"closed","sticky":false,"template":"","format":"standard","meta":{"_acf_changed":false,"pgc_sgb_lightbox_settings":"","footnotes":""},"categories":[1],"tags":[670],"class_list":["post-22268","post","type-post","status-publish","format-standard","has-post-thumbnail","hentry","category-allgemein","tag-cybersicherheit"],"acf":[],"hkrextid":null,"publication":null,"issue":null,"workflow":null,"startPage":null,"spitzmarke":null,"_posts_by_tag_page_fields":null,"_at_widget":null,"_yoast_wpseo_primary_category":"1","_yoast_wpseo_focuskw_text_input":null,"_yoast_wpseo_opengraph-image":null,"_yoast_wpseo_opengraph-description":null,"_yoast_wpseo_opengraph-title":null,"enclosure":null,"_yoast_wpseo_twitter-title":null,"_yoast_wpseo_twitter-description":null,"_yoast_wpseo_twitter-image":null,"_wp_old_slug":null,"_yoast_wpseo_title":null,"_yoast_wpseo_canonical":null,"yoast_head":"<!-- This site is optimized with the Yoast SEO plugin v27.4 - https:\/\/yoast.com\/product\/yoast-seo-wordpress\/ -->\n<title>Unternehmensrisiken: Das Sorgenbarometer der CFO - Save<\/title>\n<meta name=\"description\" content=\"Wie sieht das Sorgenbaromter der CFOs aus. Gem\u00e4ss Umfrage r\u00fcckt auch das Thema Cybersicherheit wieder unter die Top-10-Risiken.\" \/>\n<meta name=\"robots\" content=\"index, follow, max-snippet:-1, max-image-preview:large, max-video-preview:-1\" \/>\n<link rel=\"canonical\" href=\"https:\/\/news.save.ch\/fr\/unternehmensrisiken-das-sorgenbarometer-der-cfo\/\" \/>\n<meta property=\"og:locale\" content=\"fr_FR\" \/>\n<meta property=\"og:type\" content=\"article\" \/>\n<meta property=\"og:title\" content=\"Unternehmensrisiken: Das Sorgenbarometer der CFO - Save\" \/>\n<meta property=\"og:description\" content=\"Wie sieht das Sorgenbaromter der CFOs aus. Gem\u00e4ss Umfrage r\u00fcckt auch das Thema Cybersicherheit wieder unter die Top-10-Risiken.\" \/>\n<meta property=\"og:url\" content=\"https:\/\/news.save.ch\/fr\/unternehmensrisiken-das-sorgenbarometer-der-cfo\/\" \/>\n<meta property=\"og:site_name\" content=\"Save\" \/>\n<meta property=\"article:published_time\" content=\"2023-10-31T09:10:03+00:00\" \/>\n<meta property=\"article:modified_time\" content=\"2023-10-31T10:16:50+00:00\" \/>\n<meta property=\"og:image\" content=\"https:\/\/news.save.ch\/wp-content\/uploads\/2023\/10\/Depositphotos_263293556_S.jpg\" \/>\n\t<meta property=\"og:image:width\" content=\"1000\" \/>\n\t<meta property=\"og:image:height\" content=\"689\" \/>\n\t<meta property=\"og:image:type\" content=\"image\/jpeg\" \/>\n<meta name=\"author\" content=\"Roger Str\u00e4ssle\" \/>\n<meta name=\"twitter:card\" content=\"summary_large_image\" \/>\n<meta name=\"twitter:label1\" content=\"\u00c9crit par\" \/>\n\t<meta name=\"twitter:data1\" content=\"Roger Str\u00e4ssle\" \/>\n\t<meta name=\"twitter:label2\" content=\"Dur\u00e9e de lecture estim\u00e9e\" \/>\n\t<meta name=\"twitter:data2\" content=\"5 minutes\" \/>\n<script type=\"application\/ld+json\" class=\"yoast-schema-graph\">{\"@context\":\"https:\\\/\\\/schema.org\",\"@graph\":[{\"@type\":\"Article\",\"@id\":\"https:\\\/\\\/news.save.ch\\\/unternehmensrisiken-das-sorgenbarometer-der-cfo\\\/#article\",\"isPartOf\":{\"@id\":\"https:\\\/\\\/news.save.ch\\\/unternehmensrisiken-das-sorgenbarometer-der-cfo\\\/\"},\"author\":{\"name\":\"Roger Str\u00e4ssle\",\"@id\":\"https:\\\/\\\/news.save.ch\\\/de\\\/#\\\/schema\\\/person\\\/d5022db048e0e2b9785c50e5b24da5aa\"},\"headline\":\"Unternehmensrisiken: Das Sorgenbarometer der CFO\",\"datePublished\":\"2023-10-31T09:10:03+00:00\",\"dateModified\":\"2023-10-31T10:16:50+00:00\",\"mainEntityOfPage\":{\"@id\":\"https:\\\/\\\/news.save.ch\\\/unternehmensrisiken-das-sorgenbarometer-der-cfo\\\/\"},\"wordCount\":845,\"publisher\":{\"@id\":\"https:\\\/\\\/news.save.ch\\\/de\\\/#organization\"},\"image\":{\"@id\":\"https:\\\/\\\/news.save.ch\\\/unternehmensrisiken-das-sorgenbarometer-der-cfo\\\/#primaryimage\"},\"thumbnailUrl\":\"https:\\\/\\\/news.save.ch\\\/wp-content\\\/uploads\\\/2023\\\/10\\\/Depositphotos_263293556_S.jpg\",\"keywords\":[\"Cybersicherheit\"],\"articleSection\":[\"ALLGEMEIN\"],\"inLanguage\":\"fr-FR\"},{\"@type\":\"WebPage\",\"@id\":\"https:\\\/\\\/news.save.ch\\\/unternehmensrisiken-das-sorgenbarometer-der-cfo\\\/\",\"url\":\"https:\\\/\\\/news.save.ch\\\/unternehmensrisiken-das-sorgenbarometer-der-cfo\\\/\",\"name\":\"Unternehmensrisiken: Das Sorgenbarometer der CFO - Save\",\"isPartOf\":{\"@id\":\"https:\\\/\\\/news.save.ch\\\/de\\\/#website\"},\"primaryImageOfPage\":{\"@id\":\"https:\\\/\\\/news.save.ch\\\/unternehmensrisiken-das-sorgenbarometer-der-cfo\\\/#primaryimage\"},\"image\":{\"@id\":\"https:\\\/\\\/news.save.ch\\\/unternehmensrisiken-das-sorgenbarometer-der-cfo\\\/#primaryimage\"},\"thumbnailUrl\":\"https:\\\/\\\/news.save.ch\\\/wp-content\\\/uploads\\\/2023\\\/10\\\/Depositphotos_263293556_S.jpg\",\"datePublished\":\"2023-10-31T09:10:03+00:00\",\"dateModified\":\"2023-10-31T10:16:50+00:00\",\"description\":\"Wie sieht das Sorgenbaromter der CFOs aus. Gem\u00e4ss Umfrage r\u00fcckt auch das Thema Cybersicherheit wieder unter die Top-10-Risiken.\",\"breadcrumb\":{\"@id\":\"https:\\\/\\\/news.save.ch\\\/unternehmensrisiken-das-sorgenbarometer-der-cfo\\\/#breadcrumb\"},\"inLanguage\":\"fr-FR\",\"potentialAction\":[{\"@type\":\"ReadAction\",\"target\":[\"https:\\\/\\\/news.save.ch\\\/unternehmensrisiken-das-sorgenbarometer-der-cfo\\\/\"]}]},{\"@type\":\"ImageObject\",\"inLanguage\":\"fr-FR\",\"@id\":\"https:\\\/\\\/news.save.ch\\\/unternehmensrisiken-das-sorgenbarometer-der-cfo\\\/#primaryimage\",\"url\":\"https:\\\/\\\/news.save.ch\\\/wp-content\\\/uploads\\\/2023\\\/10\\\/Depositphotos_263293556_S.jpg\",\"contentUrl\":\"https:\\\/\\\/news.save.ch\\\/wp-content\\\/uploads\\\/2023\\\/10\\\/Depositphotos_263293556_S.jpg\",\"width\":1000,\"height\":689,\"caption\":\"Depositphotos, solarseven\"},{\"@type\":\"BreadcrumbList\",\"@id\":\"https:\\\/\\\/news.save.ch\\\/unternehmensrisiken-das-sorgenbarometer-der-cfo\\\/#breadcrumb\",\"itemListElement\":[{\"@type\":\"ListItem\",\"position\":1,\"name\":\"Home\",\"item\":\"https:\\\/\\\/news.save.ch\\\/de\\\/\"},{\"@type\":\"ListItem\",\"position\":2,\"name\":\"Unternehmensrisiken: Das Sorgenbarometer der CFO\"}]},{\"@type\":\"WebSite\",\"@id\":\"https:\\\/\\\/news.save.ch\\\/de\\\/#website\",\"url\":\"https:\\\/\\\/news.save.ch\\\/de\\\/\",\"name\":\"Save\",\"description\":\"Schweizer Fachzeitschrift f\u00fcr Sicherheit\",\"publisher\":{\"@id\":\"https:\\\/\\\/news.save.ch\\\/de\\\/#organization\"},\"potentialAction\":[{\"@type\":\"SearchAction\",\"target\":{\"@type\":\"EntryPoint\",\"urlTemplate\":\"https:\\\/\\\/news.save.ch\\\/de\\\/?s={search_term_string}\"},\"query-input\":{\"@type\":\"PropertyValueSpecification\",\"valueRequired\":true,\"valueName\":\"search_term_string\"}}],\"inLanguage\":\"fr-FR\"},{\"@type\":\"Organization\",\"@id\":\"https:\\\/\\\/news.save.ch\\\/de\\\/#organization\",\"name\":\"Sicherheitsforum\",\"url\":\"https:\\\/\\\/news.save.ch\\\/de\\\/\",\"logo\":{\"@type\":\"ImageObject\",\"inLanguage\":\"fr-FR\",\"@id\":\"https:\\\/\\\/news.save.ch\\\/de\\\/#\\\/schema\\\/logo\\\/image\\\/\",\"url\":\"https:\\\/\\\/news.save.ch\\\/wp-content\\\/uploads\\\/2022\\\/06\\\/Logo_SF_2012.png\",\"contentUrl\":\"https:\\\/\\\/news.save.ch\\\/wp-content\\\/uploads\\\/2022\\\/06\\\/Logo_SF_2012.png\",\"width\":1100,\"height\":91,\"caption\":\"Sicherheitsforum\"},\"image\":{\"@id\":\"https:\\\/\\\/news.save.ch\\\/de\\\/#\\\/schema\\\/logo\\\/image\\\/\"}},{\"@type\":\"Person\",\"@id\":\"https:\\\/\\\/news.save.ch\\\/de\\\/#\\\/schema\\\/person\\\/d5022db048e0e2b9785c50e5b24da5aa\",\"name\":\"Roger Str\u00e4ssle\",\"image\":{\"@type\":\"ImageObject\",\"inLanguage\":\"fr-FR\",\"@id\":\"https:\\\/\\\/secure.gravatar.com\\\/avatar\\\/862a5569d087de48e5856e32f45d719a03804c891d6deb8d4f71a660e79e4a47?s=96&d=mm&r=g\",\"url\":\"https:\\\/\\\/secure.gravatar.com\\\/avatar\\\/862a5569d087de48e5856e32f45d719a03804c891d6deb8d4f71a660e79e4a47?s=96&d=mm&r=g\",\"contentUrl\":\"https:\\\/\\\/secure.gravatar.com\\\/avatar\\\/862a5569d087de48e5856e32f45d719a03804c891d6deb8d4f71a660e79e4a47?s=96&d=mm&r=g\",\"caption\":\"Roger Str\u00e4ssle\"},\"url\":\"https:\\\/\\\/news.save.ch\\\/fr\\\/author\\\/roger-straessle\\\/\"}]}<\/script>\n<!-- \/ Yoast SEO plugin. -->","yoast_head_json":{"title":"Les risques d'entreprise : Le barom\u00e8tre des pr\u00e9occupations des CFO - Save","description":"Quel est le barom\u00e8tre des pr\u00e9occupations des CFO. Selon l'enqu\u00eate, la cybers\u00e9curit\u00e9 fait son retour parmi les dix principaux risques.","robots":{"index":"index","follow":"follow","max-snippet":"max-snippet:-1","max-image-preview":"max-image-preview:large","max-video-preview":"max-video-preview:-1"},"canonical":"https:\/\/news.save.ch\/fr\/unternehmensrisiken-das-sorgenbarometer-der-cfo\/","og_locale":"fr_FR","og_type":"article","og_title":"Unternehmensrisiken: Das Sorgenbarometer der CFO - Save","og_description":"Wie sieht das Sorgenbaromter der CFOs aus. Gem\u00e4ss Umfrage r\u00fcckt auch das Thema Cybersicherheit wieder unter die Top-10-Risiken.","og_url":"https:\/\/news.save.ch\/fr\/unternehmensrisiken-das-sorgenbarometer-der-cfo\/","og_site_name":"Save","article_published_time":"2023-10-31T09:10:03+00:00","article_modified_time":"2023-10-31T10:16:50+00:00","og_image":[{"width":1000,"height":689,"url":"https:\/\/news.save.ch\/wp-content\/uploads\/2023\/10\/Depositphotos_263293556_S.jpg","type":"image\/jpeg"}],"author":"Roger Str\u00e4ssle","twitter_card":"summary_large_image","twitter_misc":{"\u00c9crit par":"Roger Str\u00e4ssle","Dur\u00e9e de lecture estim\u00e9e":"5 minutes"},"schema":{"@context":"https:\/\/schema.org","@graph":[{"@type":"Article","@id":"https:\/\/news.save.ch\/unternehmensrisiken-das-sorgenbarometer-der-cfo\/#article","isPartOf":{"@id":"https:\/\/news.save.ch\/unternehmensrisiken-das-sorgenbarometer-der-cfo\/"},"author":{"name":"Roger Str\u00e4ssle","@id":"https:\/\/news.save.ch\/de\/#\/schema\/person\/d5022db048e0e2b9785c50e5b24da5aa"},"headline":"Unternehmensrisiken: Das Sorgenbarometer der CFO","datePublished":"2023-10-31T09:10:03+00:00","dateModified":"2023-10-31T10:16:50+00:00","mainEntityOfPage":{"@id":"https:\/\/news.save.ch\/unternehmensrisiken-das-sorgenbarometer-der-cfo\/"},"wordCount":845,"publisher":{"@id":"https:\/\/news.save.ch\/de\/#organization"},"image":{"@id":"https:\/\/news.save.ch\/unternehmensrisiken-das-sorgenbarometer-der-cfo\/#primaryimage"},"thumbnailUrl":"https:\/\/news.save.ch\/wp-content\/uploads\/2023\/10\/Depositphotos_263293556_S.jpg","keywords":["Cybersicherheit"],"articleSection":["ALLGEMEIN"],"inLanguage":"fr-FR"},{"@type":"WebPage","@id":"https:\/\/news.save.ch\/unternehmensrisiken-das-sorgenbarometer-der-cfo\/","url":"https:\/\/news.save.ch\/unternehmensrisiken-das-sorgenbarometer-der-cfo\/","name":"Les risques d'entreprise : Le barom\u00e8tre des pr\u00e9occupations des CFO - Save","isPartOf":{"@id":"https:\/\/news.save.ch\/de\/#website"},"primaryImageOfPage":{"@id":"https:\/\/news.save.ch\/unternehmensrisiken-das-sorgenbarometer-der-cfo\/#primaryimage"},"image":{"@id":"https:\/\/news.save.ch\/unternehmensrisiken-das-sorgenbarometer-der-cfo\/#primaryimage"},"thumbnailUrl":"https:\/\/news.save.ch\/wp-content\/uploads\/2023\/10\/Depositphotos_263293556_S.jpg","datePublished":"2023-10-31T09:10:03+00:00","dateModified":"2023-10-31T10:16:50+00:00","description":"Quel est le barom\u00e8tre des pr\u00e9occupations des CFO. Selon l'enqu\u00eate, la cybers\u00e9curit\u00e9 fait son retour parmi les dix principaux risques.","breadcrumb":{"@id":"https:\/\/news.save.ch\/unternehmensrisiken-das-sorgenbarometer-der-cfo\/#breadcrumb"},"inLanguage":"fr-FR","potentialAction":[{"@type":"ReadAction","target":["https:\/\/news.save.ch\/unternehmensrisiken-das-sorgenbarometer-der-cfo\/"]}]},{"@type":"ImageObject","inLanguage":"fr-FR","@id":"https:\/\/news.save.ch\/unternehmensrisiken-das-sorgenbarometer-der-cfo\/#primaryimage","url":"https:\/\/news.save.ch\/wp-content\/uploads\/2023\/10\/Depositphotos_263293556_S.jpg","contentUrl":"https:\/\/news.save.ch\/wp-content\/uploads\/2023\/10\/Depositphotos_263293556_S.jpg","width":1000,"height":689,"caption":"Depositphotos, solarseven"},{"@type":"BreadcrumbList","@id":"https:\/\/news.save.ch\/unternehmensrisiken-das-sorgenbarometer-der-cfo\/#breadcrumb","itemListElement":[{"@type":"ListItem","position":1,"name":"Home","item":"https:\/\/news.save.ch\/de\/"},{"@type":"ListItem","position":2,"name":"Unternehmensrisiken: Das Sorgenbarometer der CFO"}]},{"@type":"WebSite","@id":"https:\/\/news.save.ch\/de\/#website","url":"https:\/\/news.save.ch\/de\/","name":"Save","description":"Revue suisse sp\u00e9cialis\u00e9e dans la s\u00e9curit\u00e9","publisher":{"@id":"https:\/\/news.save.ch\/de\/#organization"},"potentialAction":[{"@type":"SearchAction","target":{"@type":"EntryPoint","urlTemplate":"https:\/\/news.save.ch\/de\/?s={search_term_string}"},"query-input":{"@type":"PropertyValueSpecification","valueRequired":true,"valueName":"search_term_string"}}],"inLanguage":"fr-FR"},{"@type":"Organization","@id":"https:\/\/news.save.ch\/de\/#organization","name":"Forum sur la s\u00e9curit\u00e9","url":"https:\/\/news.save.ch\/de\/","logo":{"@type":"ImageObject","inLanguage":"fr-FR","@id":"https:\/\/news.save.ch\/de\/#\/schema\/logo\/image\/","url":"https:\/\/news.save.ch\/wp-content\/uploads\/2022\/06\/Logo_SF_2012.png","contentUrl":"https:\/\/news.save.ch\/wp-content\/uploads\/2022\/06\/Logo_SF_2012.png","width":1100,"height":91,"caption":"Sicherheitsforum"},"image":{"@id":"https:\/\/news.save.ch\/de\/#\/schema\/logo\/image\/"}},{"@type":"Person","@id":"https:\/\/news.save.ch\/de\/#\/schema\/person\/d5022db048e0e2b9785c50e5b24da5aa","name":"Roger Str\u00e4ssle","image":{"@type":"ImageObject","inLanguage":"fr-FR","@id":"https:\/\/secure.gravatar.com\/avatar\/862a5569d087de48e5856e32f45d719a03804c891d6deb8d4f71a660e79e4a47?s=96&d=mm&r=g","url":"https:\/\/secure.gravatar.com\/avatar\/862a5569d087de48e5856e32f45d719a03804c891d6deb8d4f71a660e79e4a47?s=96&d=mm&r=g","contentUrl":"https:\/\/secure.gravatar.com\/avatar\/862a5569d087de48e5856e32f45d719a03804c891d6deb8d4f71a660e79e4a47?s=96&d=mm&r=g","caption":"Roger Str\u00e4ssle"},"url":"https:\/\/news.save.ch\/fr\/author\/roger-straessle\/"}]}},"_links":{"self":[{"href":"https:\/\/news.save.ch\/fr\/wp-json\/wp\/v2\/posts\/22268","targetHints":{"allow":["GET"]}}],"collection":[{"href":"https:\/\/news.save.ch\/fr\/wp-json\/wp\/v2\/posts"}],"about":[{"href":"https:\/\/news.save.ch\/fr\/wp-json\/wp\/v2\/types\/post"}],"author":[{"embeddable":true,"href":"https:\/\/news.save.ch\/fr\/wp-json\/wp\/v2\/users\/8"}],"replies":[{"embeddable":true,"href":"https:\/\/news.save.ch\/fr\/wp-json\/wp\/v2\/comments?post=22268"}],"version-history":[{"count":7,"href":"https:\/\/news.save.ch\/fr\/wp-json\/wp\/v2\/posts\/22268\/revisions"}],"predecessor-version":[{"id":22282,"href":"https:\/\/news.save.ch\/fr\/wp-json\/wp\/v2\/posts\/22268\/revisions\/22282"}],"wp:featuredmedia":[{"embeddable":true,"href":"https:\/\/news.save.ch\/fr\/wp-json\/wp\/v2\/media\/22270"}],"wp:attachment":[{"href":"https:\/\/news.save.ch\/fr\/wp-json\/wp\/v2\/media?parent=22268"}],"wp:term":[{"taxonomy":"category","embeddable":true,"href":"https:\/\/news.save.ch\/fr\/wp-json\/wp\/v2\/categories?post=22268"},{"taxonomy":"post_tag","embeddable":true,"href":"https:\/\/news.save.ch\/fr\/wp-json\/wp\/v2\/tags?post=22268"}],"curies":[{"name":"wp","href":"https:\/\/api.w.org\/{rel}","templated":true}]}}