{"id":22310,"date":"2023-11-02T10:59:08","date_gmt":"2023-11-02T09:59:08","guid":{"rendered":"https:\/\/news.save.ch\/?p=22310"},"modified":"2023-11-02T10:59:08","modified_gmt":"2023-11-02T09:59:08","slug":"gute-bakterien-fuer-boese-wunden","status":null,"type":"post","link":"https:\/\/news.save.ch\/fr\/gute-bakterien-fuer-boese-wunden\/","title":{"rendered":"De bonnes bact\u00e9ries pour de mauvaises plaies"},"content":{"rendered":"<figure id=\"attachment_22311\" aria-describedby=\"caption-attachment-22311\" style=\"width: 435px\" class=\"wp-caption alignleft\"><img loading=\"lazy\" decoding=\"async\" class=\"size-full wp-image-22311\" src=\"https:\/\/news.save.ch\/wp-content\/uploads\/2023\/11\/83823.jpg\" alt=\"\" width=\"435\" height=\"228\" srcset=\"https:\/\/news.save.ch\/wp-content\/uploads\/2023\/11\/83823.jpg 435w, https:\/\/news.save.ch\/wp-content\/uploads\/2023\/11\/83823-18x9.jpg 18w, https:\/\/news.save.ch\/wp-content\/uploads\/2023\/11\/83823-375x197.jpg 375w\" sizes=\"auto, (max-width: 435px) 100vw, 435px\" \/><figcaption id=\"caption-attachment-22311\" class=\"wp-caption-text\">La chercheuse de l'Empa Qun Ren cherche de nouveaux moyens de lutter contre les biofilms tenaces. Image : Empa<\/figcaption><\/figure>\n<p>Millim\u00e8tre par millim\u00e8tre, de nouveaux tissus se frayent un chemin \u00e0 travers une plaie jusqu'\u00e0 ce qu'ils aient referm\u00e9 une l\u00e9sion cutan\u00e9e. Dans le meilleur des cas, on ne voit bient\u00f4t plus rien d'une \u00e9raflure au genou, d'une coupure au doigt ou d'une br\u00fblure. Il n'en va pas de m\u00eame pour les plaies chroniques : Si la blessure ne s'est pas referm\u00e9e au bout de quatre semaines, il y a un probl\u00e8me de cicatrisation. Parfois, une l\u00e9sion tissulaire apparemment b\u00e9nigne peut ainsi se transformer en un probl\u00e8me de sant\u00e9 permanent, voire en une septic\u00e9mie. Le traitement est particuli\u00e8rement difficile, car des germes qui savent parfaitement se prot\u00e9ger s'installent dans ces plaies chroniques. Ces bact\u00e9ries forment un biofilm, une association tenace de diff\u00e9rents agents pathog\u00e8nes. Pour se prot\u00e9ger, elles produisent une couche de mucus qui leur permet de se fixer sur les surfaces. Les antibiotiques ou les d\u00e9sinfectants atteignent leurs limites, car ils ne peuvent pas atteindre les germes dangereux.<\/p>\n<p>Une \u00e9quipe de l'Empa et du \"Massachusetts Institute of Technology\" (MIT) \u00e0 Boston d\u00e9veloppe actuellement un pansement qui agit contre les habitants du biofilm \u00e0 l'aide de \"bonnes\" bact\u00e9ries probiotiques. Les chercheurs ont r\u00e9cemment publi\u00e9 une \"preuve de concept\" dans la revue sp\u00e9cialis\u00e9e \"Microbes and Infection\".<\/p>\n<p>L'\u00e9quipe dirig\u00e9e par les chercheurs de l'Empa Qun Ren et Zhihao Li du laboratoire \"Biointerfaces\" de Saint-Gall a utilis\u00e9 des bact\u00e9ries lactiques vivantes pour le nouveau pansement. Parmi ces lactobacilles probiotiques figurent \u00e9galement quelques bonnes connaissances de l'homme : En tant qu'organismes utiles, ils sont par exemple pr\u00e9sents dans la flore intestinale saine et jouent un grand r\u00f4le dans la fabrication d'aliments tels que les yaourts et le fromage. \"Les lactobacilles sont biocompatibles et cr\u00e9ent un milieu acide en produisant de l'acide lactique\", explique le m\u00e9decin Zhihao Li, qui a apport\u00e9 son expertise clinique au projet en tant que scientifique invit\u00e9 \u00e0 l'Empa. Le pH basique d\u00e9favorable des plaies chroniques devrait ainsi \u00eatre pouss\u00e9 dans la bonne direction, c'est-\u00e0-dire vers l'acide. \"Dans nos exp\u00e9riences en laboratoire, les bact\u00e9ries ont pu produire un pH fortement acide de 4 dans le milieu de culture\", explique la responsable de l'\u00e9quipe Qun Ren. Gr\u00e2ce \u00e0 la production d'acide lactique, il a \u00e9galement \u00e9t\u00e9 possible d'attirer en laboratoire les cellules souhait\u00e9es, qui contribuent \u00e0 la cicatrisation des plaies.<\/p>\n<h3>Les auxiliaires en association<\/h3>\n<p>Les bact\u00e9ries utiles ont finalement \u00e9t\u00e9 int\u00e9gr\u00e9es dans un pansement qui prot\u00e8ge les plaies chroniques contre d'autres infections. Cela a permis en m\u00eame temps aux lactobacilles vivants de produire de l'acide lactique dans un environnement prot\u00e9g\u00e9. Le pansement lib\u00e9rait le produit acide dans l'environnement de mani\u00e8re contr\u00f4l\u00e9e et continue, comme souhait\u00e9. Lors de tests en laboratoire, le mat\u00e9riau avec des bact\u00e9ries lactiques int\u00e9gr\u00e9es a pu d\u00e9truire compl\u00e8tement un biofilm typique d'agents pathog\u00e8nes dans une bo\u00eete de culture. La question \u00e9tait maintenant de savoir si les bact\u00e9ries utiles allaient \u00e9galement r\u00e9ussir le test avec la peau humaine.<\/p>\n<p>Les chercheurs ont cr\u00e9\u00e9 des plaies artificielles de deux millim\u00e8tres de long dans de petits \u00e9chantillons de tissu et ont laiss\u00e9 se d\u00e9velopper un biofilm contenant le germe Pseudomonas aeruginosa. Le pansement probiotique devait faire ses preuves dans ce mod\u00e8le tridimensionnel de plaie cutan\u00e9e humaine. Et effectivement, le pansement bio a r\u00e9duit le nombre de germes pathog\u00e8nes de 99,999 pour cent. De plus, les chercheurs ont pu d\u00e9montrer que les probiotiques sont bien tol\u00e9r\u00e9s par les cellules cutan\u00e9es humaines et qu'ils d\u00e9clenchent en m\u00eame temps la production de messagers du syst\u00e8me immunitaire. Apr\u00e8s cette \"preuve de concept\", d'autres analyses sur le m\u00e9canisme d'action devraient aider \u00e0 exploiter le potentiel des organismes utiles du monde bact\u00e9rien pour un mat\u00e9riau \"vivant\" de cicatrisation des plaies.<\/p>","protected":false},"excerpt":{"rendered":"<p>Millimeter f\u00fcr Millimeter bahnt sich neues Gewebe seinen Weg durch eine Wunde bis es eine Hautverletzung wieder geschlossen hat. Bald ist im g\u00fcnstigsten Fall nichts mehr zu sehen von einer Knieschramme, einem Fingerschnitt oder einer Brandblase. Nicht so jedoch bei chronischen Wunden: Wenn sich die Verletzung nach vier Wochen nicht geschlossen hat, liegt eine Wundheilungsst\u00f6rung [&hellip;]<\/p>\n","protected":false},"author":8,"featured_media":22311,"comment_status":"closed","ping_status":"closed","sticky":false,"template":"","format":"standard","meta":{"_acf_changed":false,"pgc_sgb_lightbox_settings":"","footnotes":""},"categories":[3314],"tags":[3265],"class_list":["post-22310","post","type-post","status-publish","format-standard","has-post-thumbnail","hentry","category-health-safety","tag-wundheilung"],"acf":[],"hkrextid":null,"publication":null,"issue":null,"workflow":null,"startPage":null,"spitzmarke":null,"_posts_by_tag_page_fields":null,"_at_widget":null,"_yoast_wpseo_primary_category":"3314","_yoast_wpseo_focuskw_text_input":null,"_yoast_wpseo_opengraph-image":null,"_yoast_wpseo_opengraph-description":null,"_yoast_wpseo_opengraph-title":null,"enclosure":null,"_yoast_wpseo_twitter-title":null,"_yoast_wpseo_twitter-description":null,"_yoast_wpseo_twitter-image":null,"_wp_old_slug":null,"_yoast_wpseo_title":null,"_yoast_wpseo_canonical":null,"yoast_head":"<!-- This site is optimized with the Yoast SEO plugin v27.5 - https:\/\/yoast.com\/product\/yoast-seo-wordpress\/ -->\n<title>Gute Bakterien f\u00fcr b\u00f6se Wunden - Save<\/title>\n<meta name=\"description\" content=\"Forschende entwickeln einen Verband mit Milchs\u00e4urebakterien. Die Laktobazillen sollen die Heilung chronischer keimbelasteter Wunden f\u00f6rdern.\" \/>\n<meta name=\"robots\" content=\"index, follow, max-snippet:-1, max-image-preview:large, max-video-preview:-1\" \/>\n<link rel=\"canonical\" href=\"https:\/\/news.save.ch\/fr\/gute-bakterien-fuer-boese-wunden\/\" \/>\n<meta property=\"og:locale\" content=\"fr_FR\" \/>\n<meta property=\"og:type\" content=\"article\" \/>\n<meta property=\"og:title\" content=\"Gute Bakterien f\u00fcr b\u00f6se Wunden - Save\" \/>\n<meta property=\"og:description\" content=\"Forschende entwickeln einen Verband mit Milchs\u00e4urebakterien. Die Laktobazillen sollen die Heilung chronischer keimbelasteter Wunden f\u00f6rdern.\" \/>\n<meta property=\"og:url\" content=\"https:\/\/news.save.ch\/fr\/gute-bakterien-fuer-boese-wunden\/\" \/>\n<meta property=\"og:site_name\" content=\"Save\" \/>\n<meta property=\"article:published_time\" content=\"2023-11-02T09:59:08+00:00\" \/>\n<meta property=\"og:image\" content=\"https:\/\/news.save.ch\/wp-content\/uploads\/2023\/11\/83823.jpg\" \/>\n\t<meta property=\"og:image:width\" content=\"435\" \/>\n\t<meta property=\"og:image:height\" content=\"228\" \/>\n\t<meta property=\"og:image:type\" content=\"image\/jpeg\" \/>\n<meta name=\"author\" content=\"Roger Str\u00e4ssle\" \/>\n<meta name=\"twitter:card\" content=\"summary_large_image\" \/>\n<meta name=\"twitter:label1\" content=\"\u00c9crit par\" \/>\n\t<meta name=\"twitter:data1\" content=\"Roger Str\u00e4ssle\" \/>\n\t<meta name=\"twitter:label2\" content=\"Dur\u00e9e de lecture estim\u00e9e\" \/>\n\t<meta name=\"twitter:data2\" content=\"4 minutes\" \/>\n<script type=\"application\/ld+json\" class=\"yoast-schema-graph\">{\"@context\":\"https:\\\/\\\/schema.org\",\"@graph\":[{\"@type\":\"Article\",\"@id\":\"https:\\\/\\\/news.save.ch\\\/gute-bakterien-fuer-boese-wunden\\\/#article\",\"isPartOf\":{\"@id\":\"https:\\\/\\\/news.save.ch\\\/gute-bakterien-fuer-boese-wunden\\\/\"},\"author\":{\"name\":\"Roger Str\u00e4ssle\",\"@id\":\"https:\\\/\\\/news.save.ch\\\/de\\\/#\\\/schema\\\/person\\\/d5022db048e0e2b9785c50e5b24da5aa\"},\"headline\":\"Gute Bakterien f\u00fcr b\u00f6se Wunden\",\"datePublished\":\"2023-11-02T09:59:08+00:00\",\"mainEntityOfPage\":{\"@id\":\"https:\\\/\\\/news.save.ch\\\/gute-bakterien-fuer-boese-wunden\\\/\"},\"wordCount\":552,\"publisher\":{\"@id\":\"https:\\\/\\\/news.save.ch\\\/de\\\/#organization\"},\"image\":{\"@id\":\"https:\\\/\\\/news.save.ch\\\/gute-bakterien-fuer-boese-wunden\\\/#primaryimage\"},\"thumbnailUrl\":\"https:\\\/\\\/news.save.ch\\\/wp-content\\\/uploads\\\/2023\\\/11\\\/83823.jpg\",\"keywords\":[\"Wundheilung\"],\"articleSection\":[\"HEALTH &amp; SAFETY\"],\"inLanguage\":\"fr-FR\"},{\"@type\":\"WebPage\",\"@id\":\"https:\\\/\\\/news.save.ch\\\/gute-bakterien-fuer-boese-wunden\\\/\",\"url\":\"https:\\\/\\\/news.save.ch\\\/gute-bakterien-fuer-boese-wunden\\\/\",\"name\":\"Gute Bakterien f\u00fcr b\u00f6se Wunden - Save\",\"isPartOf\":{\"@id\":\"https:\\\/\\\/news.save.ch\\\/de\\\/#website\"},\"primaryImageOfPage\":{\"@id\":\"https:\\\/\\\/news.save.ch\\\/gute-bakterien-fuer-boese-wunden\\\/#primaryimage\"},\"image\":{\"@id\":\"https:\\\/\\\/news.save.ch\\\/gute-bakterien-fuer-boese-wunden\\\/#primaryimage\"},\"thumbnailUrl\":\"https:\\\/\\\/news.save.ch\\\/wp-content\\\/uploads\\\/2023\\\/11\\\/83823.jpg\",\"datePublished\":\"2023-11-02T09:59:08+00:00\",\"description\":\"Forschende entwickeln einen Verband mit Milchs\u00e4urebakterien. Die Laktobazillen sollen die Heilung chronischer keimbelasteter Wunden f\u00f6rdern.\",\"breadcrumb\":{\"@id\":\"https:\\\/\\\/news.save.ch\\\/gute-bakterien-fuer-boese-wunden\\\/#breadcrumb\"},\"inLanguage\":\"fr-FR\",\"potentialAction\":[{\"@type\":\"ReadAction\",\"target\":[\"https:\\\/\\\/news.save.ch\\\/gute-bakterien-fuer-boese-wunden\\\/\"]}]},{\"@type\":\"ImageObject\",\"inLanguage\":\"fr-FR\",\"@id\":\"https:\\\/\\\/news.save.ch\\\/gute-bakterien-fuer-boese-wunden\\\/#primaryimage\",\"url\":\"https:\\\/\\\/news.save.ch\\\/wp-content\\\/uploads\\\/2023\\\/11\\\/83823.jpg\",\"contentUrl\":\"https:\\\/\\\/news.save.ch\\\/wp-content\\\/uploads\\\/2023\\\/11\\\/83823.jpg\",\"width\":435,\"height\":228,\"caption\":\"Empa-Forscherin Qun Ren sucht nach neuen Wegen gegen hartn\u00e4ckige Biofilme. Bild: Empa\"},{\"@type\":\"BreadcrumbList\",\"@id\":\"https:\\\/\\\/news.save.ch\\\/gute-bakterien-fuer-boese-wunden\\\/#breadcrumb\",\"itemListElement\":[{\"@type\":\"ListItem\",\"position\":1,\"name\":\"Home\",\"item\":\"https:\\\/\\\/news.save.ch\\\/de\\\/\"},{\"@type\":\"ListItem\",\"position\":2,\"name\":\"Gute Bakterien f\u00fcr b\u00f6se Wunden\"}]},{\"@type\":\"WebSite\",\"@id\":\"https:\\\/\\\/news.save.ch\\\/de\\\/#website\",\"url\":\"https:\\\/\\\/news.save.ch\\\/de\\\/\",\"name\":\"Save\",\"description\":\"Schweizer Fachzeitschrift f\u00fcr Sicherheit\",\"publisher\":{\"@id\":\"https:\\\/\\\/news.save.ch\\\/de\\\/#organization\"},\"potentialAction\":[{\"@type\":\"SearchAction\",\"target\":{\"@type\":\"EntryPoint\",\"urlTemplate\":\"https:\\\/\\\/news.save.ch\\\/de\\\/?s={search_term_string}\"},\"query-input\":{\"@type\":\"PropertyValueSpecification\",\"valueRequired\":true,\"valueName\":\"search_term_string\"}}],\"inLanguage\":\"fr-FR\"},{\"@type\":\"Organization\",\"@id\":\"https:\\\/\\\/news.save.ch\\\/de\\\/#organization\",\"name\":\"Sicherheitsforum\",\"url\":\"https:\\\/\\\/news.save.ch\\\/de\\\/\",\"logo\":{\"@type\":\"ImageObject\",\"inLanguage\":\"fr-FR\",\"@id\":\"https:\\\/\\\/news.save.ch\\\/de\\\/#\\\/schema\\\/logo\\\/image\\\/\",\"url\":\"https:\\\/\\\/news.save.ch\\\/wp-content\\\/uploads\\\/2022\\\/06\\\/Logo_SF_2012.png\",\"contentUrl\":\"https:\\\/\\\/news.save.ch\\\/wp-content\\\/uploads\\\/2022\\\/06\\\/Logo_SF_2012.png\",\"width\":1100,\"height\":91,\"caption\":\"Sicherheitsforum\"},\"image\":{\"@id\":\"https:\\\/\\\/news.save.ch\\\/de\\\/#\\\/schema\\\/logo\\\/image\\\/\"}},{\"@type\":\"Person\",\"@id\":\"https:\\\/\\\/news.save.ch\\\/de\\\/#\\\/schema\\\/person\\\/d5022db048e0e2b9785c50e5b24da5aa\",\"name\":\"Roger Str\u00e4ssle\",\"image\":{\"@type\":\"ImageObject\",\"inLanguage\":\"fr-FR\",\"@id\":\"https:\\\/\\\/secure.gravatar.com\\\/avatar\\\/862a5569d087de48e5856e32f45d719a03804c891d6deb8d4f71a660e79e4a47?s=96&d=mm&r=g\",\"url\":\"https:\\\/\\\/secure.gravatar.com\\\/avatar\\\/862a5569d087de48e5856e32f45d719a03804c891d6deb8d4f71a660e79e4a47?s=96&d=mm&r=g\",\"contentUrl\":\"https:\\\/\\\/secure.gravatar.com\\\/avatar\\\/862a5569d087de48e5856e32f45d719a03804c891d6deb8d4f71a660e79e4a47?s=96&d=mm&r=g\",\"caption\":\"Roger Str\u00e4ssle\"},\"url\":\"https:\\\/\\\/news.save.ch\\\/fr\\\/author\\\/roger-straessle\\\/\"}]}<\/script>\n<!-- \/ Yoast SEO plugin. -->","yoast_head_json":{"title":"De bonnes bact\u00e9ries pour de mauvaises plaies - Save","description":"Des chercheurs d\u00e9veloppent un pansement contenant des bact\u00e9ries lactiques. Les lactobacilles favoriseraient la gu\u00e9rison des plaies chroniques charg\u00e9es de germes.","robots":{"index":"index","follow":"follow","max-snippet":"max-snippet:-1","max-image-preview":"max-image-preview:large","max-video-preview":"max-video-preview:-1"},"canonical":"https:\/\/news.save.ch\/fr\/gute-bakterien-fuer-boese-wunden\/","og_locale":"fr_FR","og_type":"article","og_title":"Gute Bakterien f\u00fcr b\u00f6se Wunden - Save","og_description":"Forschende entwickeln einen Verband mit Milchs\u00e4urebakterien. Die Laktobazillen sollen die Heilung chronischer keimbelasteter Wunden f\u00f6rdern.","og_url":"https:\/\/news.save.ch\/fr\/gute-bakterien-fuer-boese-wunden\/","og_site_name":"Save","article_published_time":"2023-11-02T09:59:08+00:00","og_image":[{"width":435,"height":228,"url":"https:\/\/news.save.ch\/wp-content\/uploads\/2023\/11\/83823.jpg","type":"image\/jpeg"}],"author":"Roger Str\u00e4ssle","twitter_card":"summary_large_image","twitter_misc":{"\u00c9crit par":"Roger Str\u00e4ssle","Dur\u00e9e de lecture estim\u00e9e":"4 minutes"},"schema":{"@context":"https:\/\/schema.org","@graph":[{"@type":"Article","@id":"https:\/\/news.save.ch\/gute-bakterien-fuer-boese-wunden\/#article","isPartOf":{"@id":"https:\/\/news.save.ch\/gute-bakterien-fuer-boese-wunden\/"},"author":{"name":"Roger Str\u00e4ssle","@id":"https:\/\/news.save.ch\/de\/#\/schema\/person\/d5022db048e0e2b9785c50e5b24da5aa"},"headline":"Gute Bakterien f\u00fcr b\u00f6se Wunden","datePublished":"2023-11-02T09:59:08+00:00","mainEntityOfPage":{"@id":"https:\/\/news.save.ch\/gute-bakterien-fuer-boese-wunden\/"},"wordCount":552,"publisher":{"@id":"https:\/\/news.save.ch\/de\/#organization"},"image":{"@id":"https:\/\/news.save.ch\/gute-bakterien-fuer-boese-wunden\/#primaryimage"},"thumbnailUrl":"https:\/\/news.save.ch\/wp-content\/uploads\/2023\/11\/83823.jpg","keywords":["Wundheilung"],"articleSection":["HEALTH &amp; SAFETY"],"inLanguage":"fr-FR"},{"@type":"WebPage","@id":"https:\/\/news.save.ch\/gute-bakterien-fuer-boese-wunden\/","url":"https:\/\/news.save.ch\/gute-bakterien-fuer-boese-wunden\/","name":"De bonnes bact\u00e9ries pour de mauvaises plaies - Save","isPartOf":{"@id":"https:\/\/news.save.ch\/de\/#website"},"primaryImageOfPage":{"@id":"https:\/\/news.save.ch\/gute-bakterien-fuer-boese-wunden\/#primaryimage"},"image":{"@id":"https:\/\/news.save.ch\/gute-bakterien-fuer-boese-wunden\/#primaryimage"},"thumbnailUrl":"https:\/\/news.save.ch\/wp-content\/uploads\/2023\/11\/83823.jpg","datePublished":"2023-11-02T09:59:08+00:00","description":"Des chercheurs d\u00e9veloppent un pansement contenant des bact\u00e9ries lactiques. Les lactobacilles favoriseraient la gu\u00e9rison des plaies chroniques charg\u00e9es de germes.","breadcrumb":{"@id":"https:\/\/news.save.ch\/gute-bakterien-fuer-boese-wunden\/#breadcrumb"},"inLanguage":"fr-FR","potentialAction":[{"@type":"ReadAction","target":["https:\/\/news.save.ch\/gute-bakterien-fuer-boese-wunden\/"]}]},{"@type":"ImageObject","inLanguage":"fr-FR","@id":"https:\/\/news.save.ch\/gute-bakterien-fuer-boese-wunden\/#primaryimage","url":"https:\/\/news.save.ch\/wp-content\/uploads\/2023\/11\/83823.jpg","contentUrl":"https:\/\/news.save.ch\/wp-content\/uploads\/2023\/11\/83823.jpg","width":435,"height":228,"caption":"Empa-Forscherin Qun Ren sucht nach neuen Wegen gegen hartn\u00e4ckige Biofilme. Bild: Empa"},{"@type":"BreadcrumbList","@id":"https:\/\/news.save.ch\/gute-bakterien-fuer-boese-wunden\/#breadcrumb","itemListElement":[{"@type":"ListItem","position":1,"name":"Home","item":"https:\/\/news.save.ch\/de\/"},{"@type":"ListItem","position":2,"name":"Gute Bakterien f\u00fcr b\u00f6se Wunden"}]},{"@type":"WebSite","@id":"https:\/\/news.save.ch\/de\/#website","url":"https:\/\/news.save.ch\/de\/","name":"Save","description":"Revue suisse sp\u00e9cialis\u00e9e dans la s\u00e9curit\u00e9","publisher":{"@id":"https:\/\/news.save.ch\/de\/#organization"},"potentialAction":[{"@type":"SearchAction","target":{"@type":"EntryPoint","urlTemplate":"https:\/\/news.save.ch\/de\/?s={search_term_string}"},"query-input":{"@type":"PropertyValueSpecification","valueRequired":true,"valueName":"search_term_string"}}],"inLanguage":"fr-FR"},{"@type":"Organization","@id":"https:\/\/news.save.ch\/de\/#organization","name":"Forum sur la s\u00e9curit\u00e9","url":"https:\/\/news.save.ch\/de\/","logo":{"@type":"ImageObject","inLanguage":"fr-FR","@id":"https:\/\/news.save.ch\/de\/#\/schema\/logo\/image\/","url":"https:\/\/news.save.ch\/wp-content\/uploads\/2022\/06\/Logo_SF_2012.png","contentUrl":"https:\/\/news.save.ch\/wp-content\/uploads\/2022\/06\/Logo_SF_2012.png","width":1100,"height":91,"caption":"Sicherheitsforum"},"image":{"@id":"https:\/\/news.save.ch\/de\/#\/schema\/logo\/image\/"}},{"@type":"Person","@id":"https:\/\/news.save.ch\/de\/#\/schema\/person\/d5022db048e0e2b9785c50e5b24da5aa","name":"Roger Str\u00e4ssle","image":{"@type":"ImageObject","inLanguage":"fr-FR","@id":"https:\/\/secure.gravatar.com\/avatar\/862a5569d087de48e5856e32f45d719a03804c891d6deb8d4f71a660e79e4a47?s=96&d=mm&r=g","url":"https:\/\/secure.gravatar.com\/avatar\/862a5569d087de48e5856e32f45d719a03804c891d6deb8d4f71a660e79e4a47?s=96&d=mm&r=g","contentUrl":"https:\/\/secure.gravatar.com\/avatar\/862a5569d087de48e5856e32f45d719a03804c891d6deb8d4f71a660e79e4a47?s=96&d=mm&r=g","caption":"Roger Str\u00e4ssle"},"url":"https:\/\/news.save.ch\/fr\/author\/roger-straessle\/"}]}},"_links":{"self":[{"href":"https:\/\/news.save.ch\/fr\/wp-json\/wp\/v2\/posts\/22310","targetHints":{"allow":["GET"]}}],"collection":[{"href":"https:\/\/news.save.ch\/fr\/wp-json\/wp\/v2\/posts"}],"about":[{"href":"https:\/\/news.save.ch\/fr\/wp-json\/wp\/v2\/types\/post"}],"author":[{"embeddable":true,"href":"https:\/\/news.save.ch\/fr\/wp-json\/wp\/v2\/users\/8"}],"replies":[{"embeddable":true,"href":"https:\/\/news.save.ch\/fr\/wp-json\/wp\/v2\/comments?post=22310"}],"version-history":[{"count":1,"href":"https:\/\/news.save.ch\/fr\/wp-json\/wp\/v2\/posts\/22310\/revisions"}],"predecessor-version":[{"id":22313,"href":"https:\/\/news.save.ch\/fr\/wp-json\/wp\/v2\/posts\/22310\/revisions\/22313"}],"wp:featuredmedia":[{"embeddable":true,"href":"https:\/\/news.save.ch\/fr\/wp-json\/wp\/v2\/media\/22311"}],"wp:attachment":[{"href":"https:\/\/news.save.ch\/fr\/wp-json\/wp\/v2\/media?parent=22310"}],"wp:term":[{"taxonomy":"category","embeddable":true,"href":"https:\/\/news.save.ch\/fr\/wp-json\/wp\/v2\/categories?post=22310"},{"taxonomy":"post_tag","embeddable":true,"href":"https:\/\/news.save.ch\/fr\/wp-json\/wp\/v2\/tags?post=22310"}],"curies":[{"name":"wp","href":"https:\/\/api.w.org\/{rel}","templated":true}]}}