{"id":22314,"date":"2023-11-03T12:00:40","date_gmt":"2023-11-03T11:00:40","guid":{"rendered":"https:\/\/news.save.ch\/?p=22314"},"modified":"2023-11-03T13:00:13","modified_gmt":"2023-11-03T12:00:13","slug":"eth-zuerich-steht-voll-und-ganz-hinter-der-revision-der-bsv-2026","status":null,"type":"post","link":"https:\/\/news.save.ch\/fr\/eth-zuerich-steht-voll-und-ganz-hinter-der-revision-der-bsv-2026\/","title":{"rendered":"L'ETH Zurich soutient pleinement la r\u00e9vision de l'OFAS 2026"},"content":{"rendered":"<figure id=\"attachment_22316\" aria-describedby=\"caption-attachment-22316\" style=\"width: 680px\" class=\"wp-caption aligncenter\"><img loading=\"lazy\" decoding=\"async\" class=\"size-medium wp-image-22316\" src=\"https:\/\/news.save.ch\/wp-content\/uploads\/2023\/11\/Bild-ETH-Screenshot-2023-11-02-205845-680x374.jpg\" alt=\"\" width=\"680\" height=\"374\" srcset=\"https:\/\/news.save.ch\/wp-content\/uploads\/2023\/11\/Bild-ETH-Screenshot-2023-11-02-205845-680x374.jpg 680w, https:\/\/news.save.ch\/wp-content\/uploads\/2023\/11\/Bild-ETH-Screenshot-2023-11-02-205845-768x423.jpg 768w, https:\/\/news.save.ch\/wp-content\/uploads\/2023\/11\/Bild-ETH-Screenshot-2023-11-02-205845-18x10.jpg 18w, https:\/\/news.save.ch\/wp-content\/uploads\/2023\/11\/Bild-ETH-Screenshot-2023-11-02-205845-375x206.jpg 375w, https:\/\/news.save.ch\/wp-content\/uploads\/2023\/11\/Bild-ETH-Screenshot-2023-11-02-205845-636x350.jpg 636w, https:\/\/news.save.ch\/wp-content\/uploads\/2023\/11\/Bild-ETH-Screenshot-2023-11-02-205845.jpg 961w\" sizes=\"auto, (max-width: 680px) 100vw, 680px\" \/><figcaption id=\"caption-attachment-22316\" class=\"wp-caption-text\">Dans le MAS Fire Safety Engineering (FSE), l'ETH se concentre sur la conception de mesures de s\u00e9curit\u00e9 appropri\u00e9es, bas\u00e9es sur les performances et les risques. EPFZ<\/figcaption><\/figure>\n<p>\"En r\u00e9action \u00e0 l'article publi\u00e9 dans le num\u00e9ro 5 (\u00e0 partir de la page 22) de la publication save d'octobre 2023, l'ETH Zurich souligne express\u00e9ment que nous soutenons la r\u00e9vision des prescriptions de protection incendie relatives au 100%. Du c\u00f4t\u00e9 de la direction du programme du MAS Fire Safety Engineering, nous nous r\u00e9jouissons de la BSV 2026, car celle-ci constitue, par exemple avec la d\u00e9finition des objectifs de protection, \u00e9galement des bases importantes pour ce cursus de formation continue lors de l'application de justificatifs bas\u00e9s sur les performances et les risques.<\/p>\n<p>Le MAS enseigne la justification bas\u00e9e sur les performances et les risques. Le titre de l'article mentionn\u00e9 a \u00e9t\u00e9 sorti de son contexte et n'est pas correct en soi. Le MAS n'enseigne pas de directives nationales prescriptives sp\u00e9cifiques. Les bases scientifiques des d\u00e9monstrations du programme d'\u00e9tudes figurent dans le manuel SFPE et le programme d'\u00e9tudes est d\u00e9riv\u00e9 de l'International Master of Fire Safety Engineering. En Suisse, les bases juridiques de ces d\u00e9monstrations se trouvent dans les prescriptions de protection incendie. Nous tenons \u00e0 nous excuser aupr\u00e8s des lecteurs pour ce choix de mots et nous nous r\u00e9jouissons de continuer \u00e0 faire progresser l'ing\u00e9nierie de la protection incendie en Suisse, en collaboration avec l'AEAI\".<br \/>\n<em>Dr. Michael Klippel<\/em><br \/>\n<em>Direction du programme MAS ETH Fire Safety Engineering<\/em><\/p>","protected":false},"excerpt":{"rendered":"<p>&#8222;Die ETH Z\u00fcrich unterstreicht als Reaktion auf den publizierten Artikel in der Ausgabe 5 (ab S. 22) der Publikation save vom Oktober 2023 ausdr\u00fccklich, dass wir die Revision der Brandschutzvorschriften zu 100% unterst\u00fctzen. Von Seiten der Programmf\u00fchrung des MAS Fire Safety Engineerings freuen wir uns auf die BSV 2026, denn diese bilden beispielsweise mit der [&hellip;]<\/p>\n","protected":false},"author":8,"featured_media":22316,"comment_status":"closed","ping_status":"closed","sticky":false,"template":"","format":"standard","meta":{"_acf_changed":false,"pgc_sgb_lightbox_settings":"","footnotes":""},"categories":[67],"tags":[109],"class_list":["post-22314","post","type-post","status-publish","format-standard","has-post-thumbnail","hentry","category-brandschutz","tag-aus-und-weiterbildung"],"acf":[],"hkrextid":null,"publication":null,"issue":null,"workflow":null,"startPage":null,"spitzmarke":null,"_posts_by_tag_page_fields":null,"_at_widget":null,"_yoast_wpseo_primary_category":"67","_yoast_wpseo_focuskw_text_input":null,"_yoast_wpseo_opengraph-image":null,"_yoast_wpseo_opengraph-description":null,"_yoast_wpseo_opengraph-title":null,"enclosure":null,"_yoast_wpseo_twitter-title":null,"_yoast_wpseo_twitter-description":null,"_yoast_wpseo_twitter-image":null,"_wp_old_slug":null,"_yoast_wpseo_title":null,"_yoast_wpseo_canonical":null,"yoast_head":"<!-- This site is optimized with the Yoast SEO plugin v27.4 - https:\/\/yoast.com\/product\/yoast-seo-wordpress\/ -->\n<title>ETH Z\u00fcrich steht voll und ganz hinter der Revision der BSV 2026 - Save<\/title>\n<meta name=\"robots\" content=\"index, follow, max-snippet:-1, max-image-preview:large, max-video-preview:-1\" \/>\n<link rel=\"canonical\" href=\"https:\/\/news.save.ch\/fr\/eth-zuerich-steht-voll-und-ganz-hinter-der-revision-der-bsv-2026\/\" \/>\n<meta property=\"og:locale\" content=\"fr_FR\" \/>\n<meta property=\"og:type\" content=\"article\" \/>\n<meta property=\"og:title\" content=\"ETH Z\u00fcrich steht voll und ganz hinter der Revision der BSV 2026 - Save\" \/>\n<meta property=\"og:description\" content=\"&#8222;Die ETH Z\u00fcrich unterstreicht als Reaktion auf den publizierten Artikel in der Ausgabe 5 (ab S. 22) der Publikation save vom Oktober 2023 ausdr\u00fccklich, dass wir die Revision der Brandschutzvorschriften zu 100% unterst\u00fctzen. Von Seiten der Programmf\u00fchrung des MAS Fire Safety Engineerings freuen wir uns auf die BSV 2026, denn diese bilden beispielsweise mit der [&hellip;]\" \/>\n<meta property=\"og:url\" content=\"https:\/\/news.save.ch\/fr\/eth-zuerich-steht-voll-und-ganz-hinter-der-revision-der-bsv-2026\/\" \/>\n<meta property=\"og:site_name\" content=\"Save\" \/>\n<meta property=\"article:published_time\" content=\"2023-11-03T11:00:40+00:00\" \/>\n<meta property=\"article:modified_time\" content=\"2023-11-03T12:00:13+00:00\" \/>\n<meta property=\"og:image\" content=\"https:\/\/news.save.ch\/wp-content\/uploads\/2023\/11\/Bild-ETH-Screenshot-2023-11-02-205845.jpg\" \/>\n\t<meta property=\"og:image:width\" content=\"961\" \/>\n\t<meta property=\"og:image:height\" content=\"529\" \/>\n\t<meta property=\"og:image:type\" content=\"image\/jpeg\" \/>\n<meta name=\"author\" content=\"Roger Str\u00e4ssle\" \/>\n<meta name=\"twitter:card\" content=\"summary_large_image\" \/>\n<meta name=\"twitter:label1\" content=\"\u00c9crit par\" \/>\n\t<meta name=\"twitter:data1\" content=\"Roger Str\u00e4ssle\" \/>\n\t<meta name=\"twitter:label2\" content=\"Dur\u00e9e de lecture estim\u00e9e\" \/>\n\t<meta name=\"twitter:data2\" content=\"2 minutes\" \/>\n<script type=\"application\/ld+json\" class=\"yoast-schema-graph\">{\"@context\":\"https:\\\/\\\/schema.org\",\"@graph\":[{\"@type\":\"Article\",\"@id\":\"https:\\\/\\\/news.save.ch\\\/eth-zuerich-steht-voll-und-ganz-hinter-der-revision-der-bsv-2026\\\/#article\",\"isPartOf\":{\"@id\":\"https:\\\/\\\/news.save.ch\\\/eth-zuerich-steht-voll-und-ganz-hinter-der-revision-der-bsv-2026\\\/\"},\"author\":{\"name\":\"Roger Str\u00e4ssle\",\"@id\":\"https:\\\/\\\/news.save.ch\\\/de\\\/#\\\/schema\\\/person\\\/d5022db048e0e2b9785c50e5b24da5aa\"},\"headline\":\"ETH Z\u00fcrich steht voll und ganz hinter der Revision der BSV 2026\",\"datePublished\":\"2023-11-03T11:00:40+00:00\",\"dateModified\":\"2023-11-03T12:00:13+00:00\",\"mainEntityOfPage\":{\"@id\":\"https:\\\/\\\/news.save.ch\\\/eth-zuerich-steht-voll-und-ganz-hinter-der-revision-der-bsv-2026\\\/\"},\"wordCount\":221,\"publisher\":{\"@id\":\"https:\\\/\\\/news.save.ch\\\/de\\\/#organization\"},\"image\":{\"@id\":\"https:\\\/\\\/news.save.ch\\\/eth-zuerich-steht-voll-und-ganz-hinter-der-revision-der-bsv-2026\\\/#primaryimage\"},\"thumbnailUrl\":\"https:\\\/\\\/news.save.ch\\\/wp-content\\\/uploads\\\/2023\\\/11\\\/Bild-ETH-Screenshot-2023-11-02-205845.jpg\",\"keywords\":[\"Aus- und Weiterbildung\"],\"articleSection\":[\"BRANDSCHUTZ\"],\"inLanguage\":\"fr-FR\"},{\"@type\":\"WebPage\",\"@id\":\"https:\\\/\\\/news.save.ch\\\/eth-zuerich-steht-voll-und-ganz-hinter-der-revision-der-bsv-2026\\\/\",\"url\":\"https:\\\/\\\/news.save.ch\\\/eth-zuerich-steht-voll-und-ganz-hinter-der-revision-der-bsv-2026\\\/\",\"name\":\"ETH Z\u00fcrich steht voll und ganz hinter der Revision der BSV 2026 - Save\",\"isPartOf\":{\"@id\":\"https:\\\/\\\/news.save.ch\\\/de\\\/#website\"},\"primaryImageOfPage\":{\"@id\":\"https:\\\/\\\/news.save.ch\\\/eth-zuerich-steht-voll-und-ganz-hinter-der-revision-der-bsv-2026\\\/#primaryimage\"},\"image\":{\"@id\":\"https:\\\/\\\/news.save.ch\\\/eth-zuerich-steht-voll-und-ganz-hinter-der-revision-der-bsv-2026\\\/#primaryimage\"},\"thumbnailUrl\":\"https:\\\/\\\/news.save.ch\\\/wp-content\\\/uploads\\\/2023\\\/11\\\/Bild-ETH-Screenshot-2023-11-02-205845.jpg\",\"datePublished\":\"2023-11-03T11:00:40+00:00\",\"dateModified\":\"2023-11-03T12:00:13+00:00\",\"breadcrumb\":{\"@id\":\"https:\\\/\\\/news.save.ch\\\/eth-zuerich-steht-voll-und-ganz-hinter-der-revision-der-bsv-2026\\\/#breadcrumb\"},\"inLanguage\":\"fr-FR\",\"potentialAction\":[{\"@type\":\"ReadAction\",\"target\":[\"https:\\\/\\\/news.save.ch\\\/eth-zuerich-steht-voll-und-ganz-hinter-der-revision-der-bsv-2026\\\/\"]}]},{\"@type\":\"ImageObject\",\"inLanguage\":\"fr-FR\",\"@id\":\"https:\\\/\\\/news.save.ch\\\/eth-zuerich-steht-voll-und-ganz-hinter-der-revision-der-bsv-2026\\\/#primaryimage\",\"url\":\"https:\\\/\\\/news.save.ch\\\/wp-content\\\/uploads\\\/2023\\\/11\\\/Bild-ETH-Screenshot-2023-11-02-205845.jpg\",\"contentUrl\":\"https:\\\/\\\/news.save.ch\\\/wp-content\\\/uploads\\\/2023\\\/11\\\/Bild-ETH-Screenshot-2023-11-02-205845.jpg\",\"width\":961,\"height\":529,\"caption\":\"Im MAS Fire Safety Engineering (FSE) fokussiert die ETH auf die leistungs- und risikobasierte Projektierung geeigneter Sicherheitsmassnahmen. \u00a9 ETH\"},{\"@type\":\"BreadcrumbList\",\"@id\":\"https:\\\/\\\/news.save.ch\\\/eth-zuerich-steht-voll-und-ganz-hinter-der-revision-der-bsv-2026\\\/#breadcrumb\",\"itemListElement\":[{\"@type\":\"ListItem\",\"position\":1,\"name\":\"Home\",\"item\":\"https:\\\/\\\/news.save.ch\\\/de\\\/\"},{\"@type\":\"ListItem\",\"position\":2,\"name\":\"ETH Z\u00fcrich steht voll und ganz hinter der Revision der BSV 2026\"}]},{\"@type\":\"WebSite\",\"@id\":\"https:\\\/\\\/news.save.ch\\\/de\\\/#website\",\"url\":\"https:\\\/\\\/news.save.ch\\\/de\\\/\",\"name\":\"Save\",\"description\":\"Schweizer Fachzeitschrift f\u00fcr Sicherheit\",\"publisher\":{\"@id\":\"https:\\\/\\\/news.save.ch\\\/de\\\/#organization\"},\"potentialAction\":[{\"@type\":\"SearchAction\",\"target\":{\"@type\":\"EntryPoint\",\"urlTemplate\":\"https:\\\/\\\/news.save.ch\\\/de\\\/?s={search_term_string}\"},\"query-input\":{\"@type\":\"PropertyValueSpecification\",\"valueRequired\":true,\"valueName\":\"search_term_string\"}}],\"inLanguage\":\"fr-FR\"},{\"@type\":\"Organization\",\"@id\":\"https:\\\/\\\/news.save.ch\\\/de\\\/#organization\",\"name\":\"Sicherheitsforum\",\"url\":\"https:\\\/\\\/news.save.ch\\\/de\\\/\",\"logo\":{\"@type\":\"ImageObject\",\"inLanguage\":\"fr-FR\",\"@id\":\"https:\\\/\\\/news.save.ch\\\/de\\\/#\\\/schema\\\/logo\\\/image\\\/\",\"url\":\"https:\\\/\\\/news.save.ch\\\/wp-content\\\/uploads\\\/2022\\\/06\\\/Logo_SF_2012.png\",\"contentUrl\":\"https:\\\/\\\/news.save.ch\\\/wp-content\\\/uploads\\\/2022\\\/06\\\/Logo_SF_2012.png\",\"width\":1100,\"height\":91,\"caption\":\"Sicherheitsforum\"},\"image\":{\"@id\":\"https:\\\/\\\/news.save.ch\\\/de\\\/#\\\/schema\\\/logo\\\/image\\\/\"}},{\"@type\":\"Person\",\"@id\":\"https:\\\/\\\/news.save.ch\\\/de\\\/#\\\/schema\\\/person\\\/d5022db048e0e2b9785c50e5b24da5aa\",\"name\":\"Roger Str\u00e4ssle\",\"image\":{\"@type\":\"ImageObject\",\"inLanguage\":\"fr-FR\",\"@id\":\"https:\\\/\\\/secure.gravatar.com\\\/avatar\\\/862a5569d087de48e5856e32f45d719a03804c891d6deb8d4f71a660e79e4a47?s=96&d=mm&r=g\",\"url\":\"https:\\\/\\\/secure.gravatar.com\\\/avatar\\\/862a5569d087de48e5856e32f45d719a03804c891d6deb8d4f71a660e79e4a47?s=96&d=mm&r=g\",\"contentUrl\":\"https:\\\/\\\/secure.gravatar.com\\\/avatar\\\/862a5569d087de48e5856e32f45d719a03804c891d6deb8d4f71a660e79e4a47?s=96&d=mm&r=g\",\"caption\":\"Roger Str\u00e4ssle\"},\"url\":\"https:\\\/\\\/news.save.ch\\\/fr\\\/author\\\/roger-straessle\\\/\"}]}<\/script>\n<!-- \/ Yoast SEO plugin. -->","yoast_head_json":{"title":"L'ETH Zurich soutient pleinement la r\u00e9vision de l'OFAS 2026 - Save","robots":{"index":"index","follow":"follow","max-snippet":"max-snippet:-1","max-image-preview":"max-image-preview:large","max-video-preview":"max-video-preview:-1"},"canonical":"https:\/\/news.save.ch\/fr\/eth-zuerich-steht-voll-und-ganz-hinter-der-revision-der-bsv-2026\/","og_locale":"fr_FR","og_type":"article","og_title":"ETH Z\u00fcrich steht voll und ganz hinter der Revision der BSV 2026 - Save","og_description":"&#8222;Die ETH Z\u00fcrich unterstreicht als Reaktion auf den publizierten Artikel in der Ausgabe 5 (ab S. 22) der Publikation save vom Oktober 2023 ausdr\u00fccklich, dass wir die Revision der Brandschutzvorschriften zu 100% unterst\u00fctzen. Von Seiten der Programmf\u00fchrung des MAS Fire Safety Engineerings freuen wir uns auf die BSV 2026, denn diese bilden beispielsweise mit der [&hellip;]","og_url":"https:\/\/news.save.ch\/fr\/eth-zuerich-steht-voll-und-ganz-hinter-der-revision-der-bsv-2026\/","og_site_name":"Save","article_published_time":"2023-11-03T11:00:40+00:00","article_modified_time":"2023-11-03T12:00:13+00:00","og_image":[{"width":961,"height":529,"url":"https:\/\/news.save.ch\/wp-content\/uploads\/2023\/11\/Bild-ETH-Screenshot-2023-11-02-205845.jpg","type":"image\/jpeg"}],"author":"Roger Str\u00e4ssle","twitter_card":"summary_large_image","twitter_misc":{"\u00c9crit par":"Roger Str\u00e4ssle","Dur\u00e9e de lecture estim\u00e9e":"2 minutes"},"schema":{"@context":"https:\/\/schema.org","@graph":[{"@type":"Article","@id":"https:\/\/news.save.ch\/eth-zuerich-steht-voll-und-ganz-hinter-der-revision-der-bsv-2026\/#article","isPartOf":{"@id":"https:\/\/news.save.ch\/eth-zuerich-steht-voll-und-ganz-hinter-der-revision-der-bsv-2026\/"},"author":{"name":"Roger Str\u00e4ssle","@id":"https:\/\/news.save.ch\/de\/#\/schema\/person\/d5022db048e0e2b9785c50e5b24da5aa"},"headline":"ETH Z\u00fcrich steht voll und ganz hinter der Revision der BSV 2026","datePublished":"2023-11-03T11:00:40+00:00","dateModified":"2023-11-03T12:00:13+00:00","mainEntityOfPage":{"@id":"https:\/\/news.save.ch\/eth-zuerich-steht-voll-und-ganz-hinter-der-revision-der-bsv-2026\/"},"wordCount":221,"publisher":{"@id":"https:\/\/news.save.ch\/de\/#organization"},"image":{"@id":"https:\/\/news.save.ch\/eth-zuerich-steht-voll-und-ganz-hinter-der-revision-der-bsv-2026\/#primaryimage"},"thumbnailUrl":"https:\/\/news.save.ch\/wp-content\/uploads\/2023\/11\/Bild-ETH-Screenshot-2023-11-02-205845.jpg","keywords":["Aus- und Weiterbildung"],"articleSection":["BRANDSCHUTZ"],"inLanguage":"fr-FR"},{"@type":"WebPage","@id":"https:\/\/news.save.ch\/eth-zuerich-steht-voll-und-ganz-hinter-der-revision-der-bsv-2026\/","url":"https:\/\/news.save.ch\/eth-zuerich-steht-voll-und-ganz-hinter-der-revision-der-bsv-2026\/","name":"L'ETH Zurich soutient pleinement la r\u00e9vision de l'OFAS 2026 - Save","isPartOf":{"@id":"https:\/\/news.save.ch\/de\/#website"},"primaryImageOfPage":{"@id":"https:\/\/news.save.ch\/eth-zuerich-steht-voll-und-ganz-hinter-der-revision-der-bsv-2026\/#primaryimage"},"image":{"@id":"https:\/\/news.save.ch\/eth-zuerich-steht-voll-und-ganz-hinter-der-revision-der-bsv-2026\/#primaryimage"},"thumbnailUrl":"https:\/\/news.save.ch\/wp-content\/uploads\/2023\/11\/Bild-ETH-Screenshot-2023-11-02-205845.jpg","datePublished":"2023-11-03T11:00:40+00:00","dateModified":"2023-11-03T12:00:13+00:00","breadcrumb":{"@id":"https:\/\/news.save.ch\/eth-zuerich-steht-voll-und-ganz-hinter-der-revision-der-bsv-2026\/#breadcrumb"},"inLanguage":"fr-FR","potentialAction":[{"@type":"ReadAction","target":["https:\/\/news.save.ch\/eth-zuerich-steht-voll-und-ganz-hinter-der-revision-der-bsv-2026\/"]}]},{"@type":"ImageObject","inLanguage":"fr-FR","@id":"https:\/\/news.save.ch\/eth-zuerich-steht-voll-und-ganz-hinter-der-revision-der-bsv-2026\/#primaryimage","url":"https:\/\/news.save.ch\/wp-content\/uploads\/2023\/11\/Bild-ETH-Screenshot-2023-11-02-205845.jpg","contentUrl":"https:\/\/news.save.ch\/wp-content\/uploads\/2023\/11\/Bild-ETH-Screenshot-2023-11-02-205845.jpg","width":961,"height":529,"caption":"Im MAS Fire Safety Engineering (FSE) fokussiert die ETH auf die leistungs- und risikobasierte Projektierung geeigneter Sicherheitsmassnahmen. \u00a9 ETH"},{"@type":"BreadcrumbList","@id":"https:\/\/news.save.ch\/eth-zuerich-steht-voll-und-ganz-hinter-der-revision-der-bsv-2026\/#breadcrumb","itemListElement":[{"@type":"ListItem","position":1,"name":"Home","item":"https:\/\/news.save.ch\/de\/"},{"@type":"ListItem","position":2,"name":"ETH Z\u00fcrich steht voll und ganz hinter der Revision der BSV 2026"}]},{"@type":"WebSite","@id":"https:\/\/news.save.ch\/de\/#website","url":"https:\/\/news.save.ch\/de\/","name":"Save","description":"Revue suisse sp\u00e9cialis\u00e9e dans la s\u00e9curit\u00e9","publisher":{"@id":"https:\/\/news.save.ch\/de\/#organization"},"potentialAction":[{"@type":"SearchAction","target":{"@type":"EntryPoint","urlTemplate":"https:\/\/news.save.ch\/de\/?s={search_term_string}"},"query-input":{"@type":"PropertyValueSpecification","valueRequired":true,"valueName":"search_term_string"}}],"inLanguage":"fr-FR"},{"@type":"Organization","@id":"https:\/\/news.save.ch\/de\/#organization","name":"Forum sur la s\u00e9curit\u00e9","url":"https:\/\/news.save.ch\/de\/","logo":{"@type":"ImageObject","inLanguage":"fr-FR","@id":"https:\/\/news.save.ch\/de\/#\/schema\/logo\/image\/","url":"https:\/\/news.save.ch\/wp-content\/uploads\/2022\/06\/Logo_SF_2012.png","contentUrl":"https:\/\/news.save.ch\/wp-content\/uploads\/2022\/06\/Logo_SF_2012.png","width":1100,"height":91,"caption":"Sicherheitsforum"},"image":{"@id":"https:\/\/news.save.ch\/de\/#\/schema\/logo\/image\/"}},{"@type":"Person","@id":"https:\/\/news.save.ch\/de\/#\/schema\/person\/d5022db048e0e2b9785c50e5b24da5aa","name":"Roger Str\u00e4ssle","image":{"@type":"ImageObject","inLanguage":"fr-FR","@id":"https:\/\/secure.gravatar.com\/avatar\/862a5569d087de48e5856e32f45d719a03804c891d6deb8d4f71a660e79e4a47?s=96&d=mm&r=g","url":"https:\/\/secure.gravatar.com\/avatar\/862a5569d087de48e5856e32f45d719a03804c891d6deb8d4f71a660e79e4a47?s=96&d=mm&r=g","contentUrl":"https:\/\/secure.gravatar.com\/avatar\/862a5569d087de48e5856e32f45d719a03804c891d6deb8d4f71a660e79e4a47?s=96&d=mm&r=g","caption":"Roger Str\u00e4ssle"},"url":"https:\/\/news.save.ch\/fr\/author\/roger-straessle\/"}]}},"_links":{"self":[{"href":"https:\/\/news.save.ch\/fr\/wp-json\/wp\/v2\/posts\/22314","targetHints":{"allow":["GET"]}}],"collection":[{"href":"https:\/\/news.save.ch\/fr\/wp-json\/wp\/v2\/posts"}],"about":[{"href":"https:\/\/news.save.ch\/fr\/wp-json\/wp\/v2\/types\/post"}],"author":[{"embeddable":true,"href":"https:\/\/news.save.ch\/fr\/wp-json\/wp\/v2\/users\/8"}],"replies":[{"embeddable":true,"href":"https:\/\/news.save.ch\/fr\/wp-json\/wp\/v2\/comments?post=22314"}],"version-history":[{"count":5,"href":"https:\/\/news.save.ch\/fr\/wp-json\/wp\/v2\/posts\/22314\/revisions"}],"predecessor-version":[{"id":22319,"href":"https:\/\/news.save.ch\/fr\/wp-json\/wp\/v2\/posts\/22314\/revisions\/22319"}],"wp:featuredmedia":[{"embeddable":true,"href":"https:\/\/news.save.ch\/fr\/wp-json\/wp\/v2\/media\/22316"}],"wp:attachment":[{"href":"https:\/\/news.save.ch\/fr\/wp-json\/wp\/v2\/media?parent=22314"}],"wp:term":[{"taxonomy":"category","embeddable":true,"href":"https:\/\/news.save.ch\/fr\/wp-json\/wp\/v2\/categories?post=22314"},{"taxonomy":"post_tag","embeddable":true,"href":"https:\/\/news.save.ch\/fr\/wp-json\/wp\/v2\/tags?post=22314"}],"curies":[{"name":"wp","href":"https:\/\/api.w.org\/{rel}","templated":true}]}}