{"id":22385,"date":"2023-11-21T06:00:34","date_gmt":"2023-11-21T05:00:34","guid":{"rendered":"https:\/\/news.save.ch\/?p=22385"},"modified":"2023-11-21T16:05:05","modified_gmt":"2023-11-21T15:05:05","slug":"sicherheitskongress-an-der-swissbau-in-basel","status":null,"type":"post","link":"https:\/\/news.save.ch\/fr\/sicherheitskongress-an-der-swissbau-in-basel\/","title":{"rendered":"Ce que propose le Congr\u00e8s sur la s\u00e9curit\u00e9 \u00e0 B\u00e2le"},"content":{"rendered":"<figure id=\"attachment_22386\" aria-describedby=\"caption-attachment-22386\" style=\"width: 680px\" class=\"wp-caption aligncenter\"><img loading=\"lazy\" decoding=\"async\" class=\"size-medium wp-image-22386\" src=\"https:\/\/news.save.ch\/wp-content\/uploads\/2023\/11\/Bild-1-Messe-Basel-680x510.jpg\" alt=\"Congr\u00e8s sur la s\u00e9curit\u00e9\" width=\"680\" height=\"510\" srcset=\"https:\/\/news.save.ch\/wp-content\/uploads\/2023\/11\/Bild-1-Messe-Basel-680x510.jpg 680w, https:\/\/news.save.ch\/wp-content\/uploads\/2023\/11\/Bild-1-Messe-Basel-768x576.jpg 768w, https:\/\/news.save.ch\/wp-content\/uploads\/2023\/11\/Bild-1-Messe-Basel-16x12.jpg 16w, https:\/\/news.save.ch\/wp-content\/uploads\/2023\/11\/Bild-1-Messe-Basel-375x281.jpg 375w, https:\/\/news.save.ch\/wp-content\/uploads\/2023\/11\/Bild-1-Messe-Basel-467x350.jpg 467w, https:\/\/news.save.ch\/wp-content\/uploads\/2023\/11\/Bild-1-Messe-Basel.jpg 800w\" sizes=\"auto, (max-width: 680px) 100vw, 680px\" \/><figcaption id=\"caption-attachment-22386\" class=\"wp-caption-text\">Le Congr\u00e8s sur la s\u00e9curit\u00e9 se tiendra au Centre de congr\u00e8s pr\u00e8s de la Foire de B\u00e2le. Photo : Centre des congr\u00e8s de B\u00e2le<\/figcaption><\/figure>\n<p>Le site <a href=\"https:\/\/save.ch\/event\/sicherheitskongress-01-2024\/\" target=\"_blank\" rel=\"noopener\">Congr\u00e8s sur la s\u00e9curit\u00e9<\/a>, qui a \u00e9t\u00e9 cr\u00e9\u00e9 par la soci\u00e9t\u00e9 <a href=\"https:\/\/save.ch\/\" target=\"_blank\" rel=\"noopener\">Save AG<\/a> est une plate-forme B2B qui r\u00e9unit les sp\u00e9cialistes, les experts et les responsables de la gestion des risques, de la s\u00e9curit\u00e9 et de la protection contre les incendies \u00e0 B\u00e2le. L'\u00e9change d'exp\u00e9riences est essentiel, tout comme la possibilit\u00e9 de rencontrer des personnes partageant les m\u00eames id\u00e9es et de nouvelles t\u00eates de la \"communaut\u00e9 de la s\u00e9curit\u00e9\", souligne l'organisatrice. Pour beaucoup, le congr\u00e8s est donc devenu un rendez-vous incontournable.<\/p>\n<p>Les th\u00e8mes abord\u00e9s vont de la s\u00e9curit\u00e9 des b\u00e2timents \u00e0 la s\u00e9curit\u00e9 des entreprises, en passant par la s\u00e9curit\u00e9 au travail, la protection contre les incendies et les solutions techniques de s\u00e9curit\u00e9. Les cinq demi-journ\u00e9es au total sont autonomes et peuvent \u00eatre r\u00e9serv\u00e9es s\u00e9par\u00e9ment, comme l'indique l'organisateur. La participation est payante et n'est possible que sur inscription. En outre, les expos\u00e9s des deux modules d'une demi-journ\u00e9e du mercredi 17 janvier seront traduits simultan\u00e9ment en fran\u00e7ais.<\/p>\n<h3><strong>D\u00e9but le 16 janvier dans l'apr\u00e8s-midi<\/strong><\/h3>\n<p>Les exigences en mati\u00e8re d'immobilier sont de plus en plus vastes et complexes. Les exigences en mati\u00e8re de s\u00e9curit\u00e9 \u00e9voluent elles aussi constamment compte tenu du dynamisme de l'environnement. Comment r\u00e9ussir \u00e0 exploiter, entretenir ou concevoir des b\u00e2timents non seulement intelligents, \u00e9conomiques et confortables, mais aussi conformes aux normes de s\u00e9curit\u00e9 ? Des solutions sont demand\u00e9es. Le 16 janvier, des experts feront un expos\u00e9 sur ce th\u00e8me lors du Congr\u00e8s S\u00e9curit\u00e9 2024.<\/p>\n<h3><strong>Traduction en fran\u00e7ais<\/strong><\/h3>\n<p>Pour le mercredi matin 17 janvier, deux nouvelles formes de menaces et les derni\u00e8res technologies de s\u00e9curit\u00e9 sont \u00e0 l'ordre du jour du module d'une demi-journ\u00e9e. O\u00f9 se situent les chances dans l'application des technologies de s\u00e9curit\u00e9 les plus modernes pour pouvoir r\u00e9agir plus rapidement et plus pr\u00e9cis\u00e9ment aux menaces ? Les participants recevront des r\u00e9ponses \u00e0 ces questions et \u00e0 d'autres de la part d'experts reconnus. L'apr\u00e8s-midi sera consacr\u00e9 aux nouvelles technologies \u00e9nerg\u00e9tiques dans et sur les b\u00e2timents. Comment la protection contre les incendies joue-t-elle un r\u00f4le dans ce contexte ? Par exemple, le photovolta\u00efque sur la fa\u00e7ade d'un immeuble est-il plut\u00f4t une mal\u00e9diction ou une b\u00e9n\u00e9diction ? Les personnes int\u00e9ress\u00e9es en sauront plus au plus tard apr\u00e8s avoir assist\u00e9 \u00e0 ce module th\u00e9matique 3. Tous les expos\u00e9s du Congr\u00e8s sur la s\u00e9curit\u00e9 du 17 janvier seront traduits simultan\u00e9ment en fran\u00e7ais.<\/p>\n<h3>La finale du jeudi 18 janvier<\/h3>\n<p>\u00c0 quoi peuvent s'attendre les participants au module du matin du 18 janvier sur le th\u00e8me \"Tendances dans la s\u00e9curit\u00e9 des b\u00e2timents\" ? Num\u00e9risation, retrofitting, solutions d'avenir, cloud, on-premise et smart buildings sont les mots-cl\u00e9s les plus pertinents. Et l'apr\u00e8s-midi - dans le cinqui\u00e8me et dernier module d'une demi-journ\u00e9e du Congr\u00e8s sur la s\u00e9curit\u00e9 - les intervenants montreront comment garantir un niveau \u00e9lev\u00e9 de s\u00e9curit\u00e9 au travail dans l'exploitation courante et malgr\u00e9 les nombreux d\u00e9fis.<\/p>\n<h3>Collecter des points de formation continue<\/h3>\n<p>Lors du Congr\u00e8s de la s\u00e9curit\u00e9, on obtient \u00e9galement des points de formation continue, et ce dans les modules suivants :<\/p>\n<p><em><strong>Reconnaissance de l'AEAI<\/strong><\/em>: \u00bd journ\u00e9e de formation continue pour la prolongation du certificat AEAI en cas de participation au module \"Nouvelles technologies \u00e9nerg\u00e9tiques et protection incendie !\" (17.1.2024).<\/p>\n<p><em><strong>Reconnaissance SES<\/strong><\/em>: \u00bd journ\u00e9e de formation sp\u00e9cifique pour prolonger le certificat de comp\u00e9tence \"Sp\u00e9cialiste SES-EMA\" en cas de participation aux modules \"Menaces et nouvelles technologies de s\u00e9curit\u00e9\" (17.1.2024) et \"Tendances en mati\u00e8re de s\u00e9curit\u00e9 des b\u00e2timents\" (18.1.2024) ; \u00bd journ\u00e9e de formation sp\u00e9cifique pour prolonger le certificat de comp\u00e9tence \"Sp\u00e9cialiste SES-VS\" en cas de participation aux modules \"Menaces et nouvelles technologies de s\u00e9curit\u00e9\" (17.1.2024) et \"Tendances en mati\u00e8re de s\u00e9curit\u00e9 des b\u00e2timents\" (18.1.2024).<\/p>\n<p><strong><em>Reconnaissance de la SSST<\/em><\/strong>Les cinq modules d'une demi-journ\u00e9e sont chacun valid\u00e9s par la Soci\u00e9t\u00e9 Suisse de S\u00e9curit\u00e9 au Travail (SSST) par une unit\u00e9 de formation continue (UFC).<\/p>\n<p><em><strong>Reconnaissance du Swiss Safety Center<\/strong><\/em>: \u00bd journ\u00e9e de formation continue pour la recertification des \"Sp\u00e9cialistes en protection incendie\" et \"SiBe protection incendie\" en cas de participation au module \"Nouvelles technologies \u00e9nerg\u00e9tiques et protection incendie !\" (17.1.2024).<\/p>\n<p><em><img decoding=\"async\" class=\"editor-icon\" title=\"Tabulateur pour le retrait jusqu&#039;ici\" src=\"data:image\/gif;base64,R0lGODlhAQABAAAAACH5BAEKAAEALAAAAAABAAEAAAICTAEAOw==\" data-cke-saved-src=\"data:image\/gif;base64,R0lGODlhAQABAAAAACH5BAEKAAEALAAAAAABAAEAAAICTAEAOw==\" \/><a href=\"https:\/\/save.ch\/event\/sicherheitskongress-01-2024\">Plus d'informations sur le Congr\u00e8s sur la s\u00e9curit\u00e9 ici<\/a>\u00a0<\/em><\/p>\n<p>&nbsp;<\/p>\n<blockquote>\n<h3>Lier \u00e0 la visite du salon<\/h3>\n<p>Les frais d'inscription au congr\u00e8s comprennent l'acc\u00e8s gratuit au salon Swissbau 2024. Il est ainsi possible de combiner la visite du salon et du congr\u00e8s et inversement. En tant que plateforme leader du secteur suisse de la construction et de l'immobilier, Swissbau cr\u00e9e l'occasion ad\u00e9quate pour le r\u00e9seautage personnel, le transfert de connaissances et l'exp\u00e9rience r\u00e9elle des produits.<\/p>\n<p><a href=\"http:\/\/www.swissbau.ch\" target=\"_blank\" rel=\"noopener\"><em>Plus d'informations sur le salon Swissbau ici<\/em><\/a><\/p><\/blockquote>\n<p>&nbsp;<\/p>","protected":false},"excerpt":{"rendered":"<p>Der Sicherheitskongress, der von der Firma Save AG organisiert wird, bringt als B2B-Plattform die verantwortlichen Fachkr\u00e4fte, Experten und Beauftragten f\u00fcr Risikomanagement, Sicherheit und Brandschutz in Basel zusammen. Zentral sei der Erfahrungsaustausch, gepaart mit der M\u00f6glichkeit, Gleichgesinnte und neue K\u00f6pfe der \u00abSicherheitscommunity\u00bb zu treffen, betont die Organisatorin. F\u00fcr viele sei deshalb der Kongress zum unverzichtbaren Fixpunkt [&hellip;]<\/p>\n","protected":false},"author":8,"featured_media":22386,"comment_status":"closed","ping_status":"closed","sticky":false,"template":"","format":"standard","meta":{"_acf_changed":false,"pgc_sgb_lightbox_settings":"","footnotes":""},"categories":[3312],"tags":[278],"class_list":["post-22385","post","type-post","status-publish","format-standard","has-post-thumbnail","hentry","category-sicherheit","tag-fachkongress-fachmesse"],"acf":[],"hkrextid":null,"publication":null,"issue":null,"workflow":null,"startPage":null,"spitzmarke":null,"_posts_by_tag_page_fields":null,"_at_widget":null,"_yoast_wpseo_primary_category":"3312","_yoast_wpseo_focuskw_text_input":null,"_yoast_wpseo_opengraph-image":null,"_yoast_wpseo_opengraph-description":null,"_yoast_wpseo_opengraph-title":null,"enclosure":null,"_yoast_wpseo_twitter-title":null,"_yoast_wpseo_twitter-description":null,"_yoast_wpseo_twitter-image":null,"_wp_old_slug":null,"_yoast_wpseo_title":null,"_yoast_wpseo_canonical":null,"yoast_head":"<!-- This site is optimized with the Yoast SEO plugin v27.5 - https:\/\/yoast.com\/product\/yoast-seo-wordpress\/ -->\n<title>Was der Sicherheitskongress in Basel bietet - Save<\/title>\n<meta name=\"description\" content=\"Vom 16. bis 18. Januar wird am Sicherheitsfachkongress 2024 neustes Fachwissen zum Themenbereich Sicherheit und \u00adBrandschutz vermittelt.\" \/>\n<meta name=\"robots\" content=\"index, follow, max-snippet:-1, max-image-preview:large, max-video-preview:-1\" \/>\n<link rel=\"canonical\" href=\"https:\/\/news.save.ch\/fr\/sicherheitskongress-an-der-swissbau-in-basel\/\" \/>\n<meta property=\"og:locale\" content=\"fr_FR\" \/>\n<meta property=\"og:type\" content=\"article\" \/>\n<meta property=\"og:title\" content=\"Was der Sicherheitskongress in Basel bietet - Save\" \/>\n<meta property=\"og:description\" content=\"Vom 16. bis 18. Januar wird am Sicherheitsfachkongress 2024 neustes Fachwissen zum Themenbereich Sicherheit und \u00adBrandschutz vermittelt.\" \/>\n<meta property=\"og:url\" content=\"https:\/\/news.save.ch\/fr\/sicherheitskongress-an-der-swissbau-in-basel\/\" \/>\n<meta property=\"og:site_name\" content=\"Save\" \/>\n<meta property=\"article:published_time\" content=\"2023-11-21T05:00:34+00:00\" \/>\n<meta property=\"article:modified_time\" content=\"2023-11-21T15:05:05+00:00\" \/>\n<meta property=\"og:image\" content=\"https:\/\/news.save.ch\/wp-content\/uploads\/2023\/11\/Bild-1-Messe-Basel.jpg\" \/>\n\t<meta property=\"og:image:width\" content=\"800\" \/>\n\t<meta property=\"og:image:height\" content=\"600\" \/>\n\t<meta property=\"og:image:type\" content=\"image\/jpeg\" \/>\n<meta name=\"author\" content=\"Roger Str\u00e4ssle\" \/>\n<meta name=\"twitter:card\" content=\"summary_large_image\" \/>\n<meta name=\"twitter:label1\" content=\"\u00c9crit par\" \/>\n\t<meta name=\"twitter:data1\" content=\"Roger Str\u00e4ssle\" \/>\n\t<meta name=\"twitter:label2\" content=\"Dur\u00e9e de lecture estim\u00e9e\" \/>\n\t<meta name=\"twitter:data2\" content=\"4 minutes\" \/>\n<script type=\"application\/ld+json\" class=\"yoast-schema-graph\">{\"@context\":\"https:\\\/\\\/schema.org\",\"@graph\":[{\"@type\":\"Article\",\"@id\":\"https:\\\/\\\/news.save.ch\\\/sicherheitskongress-an-der-swissbau-in-basel\\\/#article\",\"isPartOf\":{\"@id\":\"https:\\\/\\\/news.save.ch\\\/sicherheitskongress-an-der-swissbau-in-basel\\\/\"},\"author\":{\"name\":\"Roger Str\u00e4ssle\",\"@id\":\"https:\\\/\\\/news.save.ch\\\/de\\\/#\\\/schema\\\/person\\\/d5022db048e0e2b9785c50e5b24da5aa\"},\"headline\":\"Was der Sicherheitskongress in Basel bietet\",\"datePublished\":\"2023-11-21T05:00:34+00:00\",\"dateModified\":\"2023-11-21T15:05:05+00:00\",\"mainEntityOfPage\":{\"@id\":\"https:\\\/\\\/news.save.ch\\\/sicherheitskongress-an-der-swissbau-in-basel\\\/\"},\"wordCount\":577,\"publisher\":{\"@id\":\"https:\\\/\\\/news.save.ch\\\/de\\\/#organization\"},\"image\":{\"@id\":\"https:\\\/\\\/news.save.ch\\\/sicherheitskongress-an-der-swissbau-in-basel\\\/#primaryimage\"},\"thumbnailUrl\":\"https:\\\/\\\/news.save.ch\\\/wp-content\\\/uploads\\\/2023\\\/11\\\/Bild-1-Messe-Basel.jpg\",\"keywords\":[\"Fachkongress \\\/ Fachmesse\"],\"articleSection\":[\"SICHERHEIT\"],\"inLanguage\":\"fr-FR\"},{\"@type\":\"WebPage\",\"@id\":\"https:\\\/\\\/news.save.ch\\\/sicherheitskongress-an-der-swissbau-in-basel\\\/\",\"url\":\"https:\\\/\\\/news.save.ch\\\/sicherheitskongress-an-der-swissbau-in-basel\\\/\",\"name\":\"Was der Sicherheitskongress in Basel bietet - Save\",\"isPartOf\":{\"@id\":\"https:\\\/\\\/news.save.ch\\\/de\\\/#website\"},\"primaryImageOfPage\":{\"@id\":\"https:\\\/\\\/news.save.ch\\\/sicherheitskongress-an-der-swissbau-in-basel\\\/#primaryimage\"},\"image\":{\"@id\":\"https:\\\/\\\/news.save.ch\\\/sicherheitskongress-an-der-swissbau-in-basel\\\/#primaryimage\"},\"thumbnailUrl\":\"https:\\\/\\\/news.save.ch\\\/wp-content\\\/uploads\\\/2023\\\/11\\\/Bild-1-Messe-Basel.jpg\",\"datePublished\":\"2023-11-21T05:00:34+00:00\",\"dateModified\":\"2023-11-21T15:05:05+00:00\",\"description\":\"Vom 16. bis 18. Januar wird am Sicherheitsfachkongress 2024 neustes Fachwissen zum Themenbereich Sicherheit und \u00adBrandschutz vermittelt.\",\"breadcrumb\":{\"@id\":\"https:\\\/\\\/news.save.ch\\\/sicherheitskongress-an-der-swissbau-in-basel\\\/#breadcrumb\"},\"inLanguage\":\"fr-FR\",\"potentialAction\":[{\"@type\":\"ReadAction\",\"target\":[\"https:\\\/\\\/news.save.ch\\\/sicherheitskongress-an-der-swissbau-in-basel\\\/\"]}]},{\"@type\":\"ImageObject\",\"inLanguage\":\"fr-FR\",\"@id\":\"https:\\\/\\\/news.save.ch\\\/sicherheitskongress-an-der-swissbau-in-basel\\\/#primaryimage\",\"url\":\"https:\\\/\\\/news.save.ch\\\/wp-content\\\/uploads\\\/2023\\\/11\\\/Bild-1-Messe-Basel.jpg\",\"contentUrl\":\"https:\\\/\\\/news.save.ch\\\/wp-content\\\/uploads\\\/2023\\\/11\\\/Bild-1-Messe-Basel.jpg\",\"width\":800,\"height\":600,\"caption\":\"Der Sicherheitskongress findet im Congress Center Basel statt. Foto: Congress Center Basel\"},{\"@type\":\"BreadcrumbList\",\"@id\":\"https:\\\/\\\/news.save.ch\\\/sicherheitskongress-an-der-swissbau-in-basel\\\/#breadcrumb\",\"itemListElement\":[{\"@type\":\"ListItem\",\"position\":1,\"name\":\"Home\",\"item\":\"https:\\\/\\\/news.save.ch\\\/de\\\/\"},{\"@type\":\"ListItem\",\"position\":2,\"name\":\"Was der Sicherheitskongress in Basel bietet\"}]},{\"@type\":\"WebSite\",\"@id\":\"https:\\\/\\\/news.save.ch\\\/de\\\/#website\",\"url\":\"https:\\\/\\\/news.save.ch\\\/de\\\/\",\"name\":\"Save\",\"description\":\"Schweizer Fachzeitschrift f\u00fcr Sicherheit\",\"publisher\":{\"@id\":\"https:\\\/\\\/news.save.ch\\\/de\\\/#organization\"},\"potentialAction\":[{\"@type\":\"SearchAction\",\"target\":{\"@type\":\"EntryPoint\",\"urlTemplate\":\"https:\\\/\\\/news.save.ch\\\/de\\\/?s={search_term_string}\"},\"query-input\":{\"@type\":\"PropertyValueSpecification\",\"valueRequired\":true,\"valueName\":\"search_term_string\"}}],\"inLanguage\":\"fr-FR\"},{\"@type\":\"Organization\",\"@id\":\"https:\\\/\\\/news.save.ch\\\/de\\\/#organization\",\"name\":\"Sicherheitsforum\",\"url\":\"https:\\\/\\\/news.save.ch\\\/de\\\/\",\"logo\":{\"@type\":\"ImageObject\",\"inLanguage\":\"fr-FR\",\"@id\":\"https:\\\/\\\/news.save.ch\\\/de\\\/#\\\/schema\\\/logo\\\/image\\\/\",\"url\":\"https:\\\/\\\/news.save.ch\\\/wp-content\\\/uploads\\\/2022\\\/06\\\/Logo_SF_2012.png\",\"contentUrl\":\"https:\\\/\\\/news.save.ch\\\/wp-content\\\/uploads\\\/2022\\\/06\\\/Logo_SF_2012.png\",\"width\":1100,\"height\":91,\"caption\":\"Sicherheitsforum\"},\"image\":{\"@id\":\"https:\\\/\\\/news.save.ch\\\/de\\\/#\\\/schema\\\/logo\\\/image\\\/\"}},{\"@type\":\"Person\",\"@id\":\"https:\\\/\\\/news.save.ch\\\/de\\\/#\\\/schema\\\/person\\\/d5022db048e0e2b9785c50e5b24da5aa\",\"name\":\"Roger Str\u00e4ssle\",\"image\":{\"@type\":\"ImageObject\",\"inLanguage\":\"fr-FR\",\"@id\":\"https:\\\/\\\/secure.gravatar.com\\\/avatar\\\/862a5569d087de48e5856e32f45d719a03804c891d6deb8d4f71a660e79e4a47?s=96&d=mm&r=g\",\"url\":\"https:\\\/\\\/secure.gravatar.com\\\/avatar\\\/862a5569d087de48e5856e32f45d719a03804c891d6deb8d4f71a660e79e4a47?s=96&d=mm&r=g\",\"contentUrl\":\"https:\\\/\\\/secure.gravatar.com\\\/avatar\\\/862a5569d087de48e5856e32f45d719a03804c891d6deb8d4f71a660e79e4a47?s=96&d=mm&r=g\",\"caption\":\"Roger Str\u00e4ssle\"},\"url\":\"https:\\\/\\\/news.save.ch\\\/fr\\\/author\\\/roger-straessle\\\/\"}]}<\/script>\n<!-- \/ Yoast SEO plugin. -->","yoast_head_json":{"title":"Ce que propose le Congr\u00e8s sur la s\u00e9curit\u00e9 \u00e0 B\u00e2le - Save","description":"Du 16 au 18 janvier, le Congr\u00e8s professionnel de la s\u00e9curit\u00e9 2024 permettra de d\u00e9couvrir les derni\u00e8res connaissances techniques en mati\u00e8re de s\u00e9curit\u00e9 et de protection contre l'incendie.","robots":{"index":"index","follow":"follow","max-snippet":"max-snippet:-1","max-image-preview":"max-image-preview:large","max-video-preview":"max-video-preview:-1"},"canonical":"https:\/\/news.save.ch\/fr\/sicherheitskongress-an-der-swissbau-in-basel\/","og_locale":"fr_FR","og_type":"article","og_title":"Was der Sicherheitskongress in Basel bietet - Save","og_description":"Vom 16. bis 18. Januar wird am Sicherheitsfachkongress 2024 neustes Fachwissen zum Themenbereich Sicherheit und \u00adBrandschutz vermittelt.","og_url":"https:\/\/news.save.ch\/fr\/sicherheitskongress-an-der-swissbau-in-basel\/","og_site_name":"Save","article_published_time":"2023-11-21T05:00:34+00:00","article_modified_time":"2023-11-21T15:05:05+00:00","og_image":[{"width":800,"height":600,"url":"https:\/\/news.save.ch\/wp-content\/uploads\/2023\/11\/Bild-1-Messe-Basel.jpg","type":"image\/jpeg"}],"author":"Roger Str\u00e4ssle","twitter_card":"summary_large_image","twitter_misc":{"\u00c9crit par":"Roger Str\u00e4ssle","Dur\u00e9e de lecture estim\u00e9e":"4 minutes"},"schema":{"@context":"https:\/\/schema.org","@graph":[{"@type":"Article","@id":"https:\/\/news.save.ch\/sicherheitskongress-an-der-swissbau-in-basel\/#article","isPartOf":{"@id":"https:\/\/news.save.ch\/sicherheitskongress-an-der-swissbau-in-basel\/"},"author":{"name":"Roger Str\u00e4ssle","@id":"https:\/\/news.save.ch\/de\/#\/schema\/person\/d5022db048e0e2b9785c50e5b24da5aa"},"headline":"Was der Sicherheitskongress in Basel bietet","datePublished":"2023-11-21T05:00:34+00:00","dateModified":"2023-11-21T15:05:05+00:00","mainEntityOfPage":{"@id":"https:\/\/news.save.ch\/sicherheitskongress-an-der-swissbau-in-basel\/"},"wordCount":577,"publisher":{"@id":"https:\/\/news.save.ch\/de\/#organization"},"image":{"@id":"https:\/\/news.save.ch\/sicherheitskongress-an-der-swissbau-in-basel\/#primaryimage"},"thumbnailUrl":"https:\/\/news.save.ch\/wp-content\/uploads\/2023\/11\/Bild-1-Messe-Basel.jpg","keywords":["Fachkongress \/ Fachmesse"],"articleSection":["SICHERHEIT"],"inLanguage":"fr-FR"},{"@type":"WebPage","@id":"https:\/\/news.save.ch\/sicherheitskongress-an-der-swissbau-in-basel\/","url":"https:\/\/news.save.ch\/sicherheitskongress-an-der-swissbau-in-basel\/","name":"Ce que propose le Congr\u00e8s sur la s\u00e9curit\u00e9 \u00e0 B\u00e2le - Save","isPartOf":{"@id":"https:\/\/news.save.ch\/de\/#website"},"primaryImageOfPage":{"@id":"https:\/\/news.save.ch\/sicherheitskongress-an-der-swissbau-in-basel\/#primaryimage"},"image":{"@id":"https:\/\/news.save.ch\/sicherheitskongress-an-der-swissbau-in-basel\/#primaryimage"},"thumbnailUrl":"https:\/\/news.save.ch\/wp-content\/uploads\/2023\/11\/Bild-1-Messe-Basel.jpg","datePublished":"2023-11-21T05:00:34+00:00","dateModified":"2023-11-21T15:05:05+00:00","description":"Du 16 au 18 janvier, le Congr\u00e8s professionnel de la s\u00e9curit\u00e9 2024 permettra de d\u00e9couvrir les derni\u00e8res connaissances techniques en mati\u00e8re de s\u00e9curit\u00e9 et de protection contre l'incendie.","breadcrumb":{"@id":"https:\/\/news.save.ch\/sicherheitskongress-an-der-swissbau-in-basel\/#breadcrumb"},"inLanguage":"fr-FR","potentialAction":[{"@type":"ReadAction","target":["https:\/\/news.save.ch\/sicherheitskongress-an-der-swissbau-in-basel\/"]}]},{"@type":"ImageObject","inLanguage":"fr-FR","@id":"https:\/\/news.save.ch\/sicherheitskongress-an-der-swissbau-in-basel\/#primaryimage","url":"https:\/\/news.save.ch\/wp-content\/uploads\/2023\/11\/Bild-1-Messe-Basel.jpg","contentUrl":"https:\/\/news.save.ch\/wp-content\/uploads\/2023\/11\/Bild-1-Messe-Basel.jpg","width":800,"height":600,"caption":"Der Sicherheitskongress findet im Congress Center Basel statt. Foto: Congress Center Basel"},{"@type":"BreadcrumbList","@id":"https:\/\/news.save.ch\/sicherheitskongress-an-der-swissbau-in-basel\/#breadcrumb","itemListElement":[{"@type":"ListItem","position":1,"name":"Home","item":"https:\/\/news.save.ch\/de\/"},{"@type":"ListItem","position":2,"name":"Was der Sicherheitskongress in Basel bietet"}]},{"@type":"WebSite","@id":"https:\/\/news.save.ch\/de\/#website","url":"https:\/\/news.save.ch\/de\/","name":"Save","description":"Revue suisse sp\u00e9cialis\u00e9e dans la s\u00e9curit\u00e9","publisher":{"@id":"https:\/\/news.save.ch\/de\/#organization"},"potentialAction":[{"@type":"SearchAction","target":{"@type":"EntryPoint","urlTemplate":"https:\/\/news.save.ch\/de\/?s={search_term_string}"},"query-input":{"@type":"PropertyValueSpecification","valueRequired":true,"valueName":"search_term_string"}}],"inLanguage":"fr-FR"},{"@type":"Organization","@id":"https:\/\/news.save.ch\/de\/#organization","name":"Forum sur la s\u00e9curit\u00e9","url":"https:\/\/news.save.ch\/de\/","logo":{"@type":"ImageObject","inLanguage":"fr-FR","@id":"https:\/\/news.save.ch\/de\/#\/schema\/logo\/image\/","url":"https:\/\/news.save.ch\/wp-content\/uploads\/2022\/06\/Logo_SF_2012.png","contentUrl":"https:\/\/news.save.ch\/wp-content\/uploads\/2022\/06\/Logo_SF_2012.png","width":1100,"height":91,"caption":"Sicherheitsforum"},"image":{"@id":"https:\/\/news.save.ch\/de\/#\/schema\/logo\/image\/"}},{"@type":"Person","@id":"https:\/\/news.save.ch\/de\/#\/schema\/person\/d5022db048e0e2b9785c50e5b24da5aa","name":"Roger Str\u00e4ssle","image":{"@type":"ImageObject","inLanguage":"fr-FR","@id":"https:\/\/secure.gravatar.com\/avatar\/862a5569d087de48e5856e32f45d719a03804c891d6deb8d4f71a660e79e4a47?s=96&d=mm&r=g","url":"https:\/\/secure.gravatar.com\/avatar\/862a5569d087de48e5856e32f45d719a03804c891d6deb8d4f71a660e79e4a47?s=96&d=mm&r=g","contentUrl":"https:\/\/secure.gravatar.com\/avatar\/862a5569d087de48e5856e32f45d719a03804c891d6deb8d4f71a660e79e4a47?s=96&d=mm&r=g","caption":"Roger Str\u00e4ssle"},"url":"https:\/\/news.save.ch\/fr\/author\/roger-straessle\/"}]}},"_links":{"self":[{"href":"https:\/\/news.save.ch\/fr\/wp-json\/wp\/v2\/posts\/22385","targetHints":{"allow":["GET"]}}],"collection":[{"href":"https:\/\/news.save.ch\/fr\/wp-json\/wp\/v2\/posts"}],"about":[{"href":"https:\/\/news.save.ch\/fr\/wp-json\/wp\/v2\/types\/post"}],"author":[{"embeddable":true,"href":"https:\/\/news.save.ch\/fr\/wp-json\/wp\/v2\/users\/8"}],"replies":[{"embeddable":true,"href":"https:\/\/news.save.ch\/fr\/wp-json\/wp\/v2\/comments?post=22385"}],"version-history":[{"count":9,"href":"https:\/\/news.save.ch\/fr\/wp-json\/wp\/v2\/posts\/22385\/revisions"}],"predecessor-version":[{"id":22431,"href":"https:\/\/news.save.ch\/fr\/wp-json\/wp\/v2\/posts\/22385\/revisions\/22431"}],"wp:featuredmedia":[{"embeddable":true,"href":"https:\/\/news.save.ch\/fr\/wp-json\/wp\/v2\/media\/22386"}],"wp:attachment":[{"href":"https:\/\/news.save.ch\/fr\/wp-json\/wp\/v2\/media?parent=22385"}],"wp:term":[{"taxonomy":"category","embeddable":true,"href":"https:\/\/news.save.ch\/fr\/wp-json\/wp\/v2\/categories?post=22385"},{"taxonomy":"post_tag","embeddable":true,"href":"https:\/\/news.save.ch\/fr\/wp-json\/wp\/v2\/tags?post=22385"}],"curies":[{"name":"wp","href":"https:\/\/api.w.org\/{rel}","templated":true}]}}