{"id":22399,"date":"2023-11-16T16:03:27","date_gmt":"2023-11-16T15:03:27","guid":{"rendered":"https:\/\/news.save.ch\/?p=22399"},"modified":"2023-11-16T16:03:27","modified_gmt":"2023-11-16T15:03:27","slug":"siemens-in-der-schweiz-weiterhin-solide-unterwegs","status":null,"type":"post","link":"https:\/\/news.save.ch\/fr\/siemens-in-der-schweiz-weiterhin-solide-unterwegs\/","title":{"rendered":"Siemens reste solide en Suisse"},"content":{"rendered":"<div>\n<figure id=\"attachment_22400\" aria-describedby=\"caption-attachment-22400\" style=\"width: 680px\" class=\"wp-caption aligncenter\"><img loading=\"lazy\" decoding=\"async\" class=\"size-medium wp-image-22400\" src=\"https:\/\/news.save.ch\/wp-content\/uploads\/2023\/11\/230908-ExpoReal2023-Zug-KeyVisual-34-bearbeitet-680x509.jpeg\" alt=\"Siemens\" width=\"680\" height=\"509\" srcset=\"https:\/\/news.save.ch\/wp-content\/uploads\/2023\/11\/230908-ExpoReal2023-Zug-KeyVisual-34-bearbeitet-680x509.jpeg 680w, https:\/\/news.save.ch\/wp-content\/uploads\/2023\/11\/230908-ExpoReal2023-Zug-KeyVisual-34-bearbeitet-1024x767.jpeg 1024w, https:\/\/news.save.ch\/wp-content\/uploads\/2023\/11\/230908-ExpoReal2023-Zug-KeyVisual-34-bearbeitet-768x575.jpeg 768w, https:\/\/news.save.ch\/wp-content\/uploads\/2023\/11\/230908-ExpoReal2023-Zug-KeyVisual-34-bearbeitet-1536x1150.jpeg 1536w, https:\/\/news.save.ch\/wp-content\/uploads\/2023\/11\/230908-ExpoReal2023-Zug-KeyVisual-34-bearbeitet-2048x1534.jpeg 2048w, https:\/\/news.save.ch\/wp-content\/uploads\/2023\/11\/230908-ExpoReal2023-Zug-KeyVisual-34-bearbeitet-16x12.jpeg 16w, https:\/\/news.save.ch\/wp-content\/uploads\/2023\/11\/230908-ExpoReal2023-Zug-KeyVisual-34-bearbeitet-375x281.jpeg 375w, https:\/\/news.save.ch\/wp-content\/uploads\/2023\/11\/230908-ExpoReal2023-Zug-KeyVisual-34-bearbeitet-467x350.jpeg 467w, https:\/\/news.save.ch\/wp-content\/uploads\/2023\/11\/230908-ExpoReal2023-Zug-KeyVisual-34-bearbeitet-1000x749.jpeg 1000w, https:\/\/news.save.ch\/wp-content\/uploads\/2023\/11\/230908-ExpoReal2023-Zug-KeyVisual-34-bearbeitet-scaled.jpeg 1200w\" sizes=\"auto, (max-width: 680px) 100vw, 680px\" \/><figcaption id=\"caption-attachment-22400\" class=\"wp-caption-text\">Le campus Siemens de Zoug vu du ciel. \u00a9 Siemens<\/figcaption><\/figure>\n<p>&nbsp;<\/p>\n<\/div>\n<div class=\"f-text\">A la fin de l'exercice pr\u00e9c\u00e9dent (1er oct. 2022 au 30 sept. 2023), 5926 sp\u00e9cialistes travaillaient chez Siemens sur plus de 20 sites dans toutes les r\u00e9gions du pays, soit 45 de plus que l'ann\u00e9e pr\u00e9c\u00e9dente, comme l'indique Siemens dans son communiqu\u00e9 de presse. Comme aucune autre entreprise, l'entreprise technologique relie le monde r\u00e9el au monde num\u00e9rique et aide ses clients \u00e0 atteindre leurs objectifs de durabilit\u00e9 et de num\u00e9risation. Elle joue ainsi un r\u00f4le cl\u00e9 dans la num\u00e9risation de l'infrastructure en Suisse.<\/div>\n<h3>Site exploit\u00e9 de mani\u00e8re neutre en CO2<\/h3>\n<div class=\"f-text\">Les solutions de Siemens Smart Infrastructure dans le domaine de la technique durable et num\u00e9rique du b\u00e2timent et de l'\u00e9nergie, ainsi que Digital Industries dans le domaine de l'automatisation industrielle et des logiciels industriels, notamment, restent tr\u00e8s demand\u00e9es, explique-t-on. Matthias Rebellius, responsable de la Suisse au sein du comit\u00e9 directeur mondial de Siemens, se montre satisfait : \"Gr\u00e2ce \u00e0 des produits et des services innovants ainsi qu'\u00e0 une excellente \u00e9quipe, nous continuons d'avancer solidement en Suisse. Je suis particuli\u00e8rement fier du campus de Zoug, qui compte environ 1700 collaborateurs et qui a \u00e9t\u00e9 achev\u00e9 en septembre 2023. Le si\u00e8ge mondial de Siemens Smart Infrastructure, situ\u00e9 au c\u0153ur de la Suisse, est une vitrine de la technologie du b\u00e2timent intelligent et num\u00e9rique. Sur ce site enti\u00e8rement neutre en CO2, nous d\u00e9veloppons des technologies de pointe et produisons des produits manufactur\u00e9s pour le march\u00e9 mondial\".<\/div>\n<div class=\"f-text\">En Suisse, Siemens dispose d'une position forte sur le march\u00e9 de la technique du b\u00e2timent et de la distribution d'\u00e9nergie (Smart Infrastructure) ainsi que sur le march\u00e9 de la technique industrielle et des entra\u00eenements (Digital Industries et Siemens Industries Software). Siemens occupe \u00e9galement une position de leader en Suisse dans la technique ferroviaire (Siemens Mobility). L'entreprise est en outre propri\u00e9taire majoritaire de Siemens Healthineers, un fournisseur leader de la technique m\u00e9dicale avec une forte pr\u00e9sence en Suisse.<\/div>\n<div class=\"f-text\">Siemens Energy, quant \u00e0 elle, est une entreprise g\u00e9r\u00e9e s\u00e9par\u00e9ment dans le domaine du transport et de la production d'\u00e9nergie, qui est \u00e9galement active en Suisse ; elle y d\u00e9tient une participation minoritaire.<\/div>\n<div><\/div>\n<div><em>Pour plus d'informations sur Siemens en Suisse, les personnes int\u00e9ress\u00e9es peuvent consulter le site internet <a href=\"http:\/\/www.siemens.ch\" target=\"_blank\" rel=\"noopener\">www.siemens.ch<\/a> et <\/em><br \/>\n<em>dans notre pr\u00e9sentation de l'entreprise : <a href=\"http:\/\/www.siemens.ch\/das-unternehmen\" target=\"_blank\" rel=\"noopener\">www.siemens.ch\/das-unternehmen<\/a><\/em><\/div>","protected":false},"excerpt":{"rendered":"<p>&nbsp; Zum Ende des vergangenen Gesch\u00e4ftsjahres (1. Okt. 2022 bis 30. Sept. 2023) waren 5926 Fachkr\u00e4fte an \u00fcber 20 Standorten in allen Landesteilen bei Siemens t\u00e4tig, 45 mehr als zum Vorjahr, wie Siemens in seiner Pressemitteilung schreibt. Wie kein anderes Unternehmen verbinde das Technologieunternehmen die reale mit der digitalen Welt und unterst\u00fctze seine Kundinnen und [&hellip;]<\/p>\n","protected":false},"author":8,"featured_media":22400,"comment_status":"closed","ping_status":"closed","sticky":false,"template":"","format":"standard","meta":{"_acf_changed":false,"pgc_sgb_lightbox_settings":"","footnotes":""},"categories":[1],"tags":[3368],"class_list":["post-22399","post","type-post","status-publish","format-standard","has-post-thumbnail","hentry","category-allgemein","tag-siemens-schweiz"],"acf":[],"hkrextid":null,"publication":null,"issue":null,"workflow":null,"startPage":null,"spitzmarke":null,"_posts_by_tag_page_fields":null,"_at_widget":null,"_yoast_wpseo_primary_category":"1","_yoast_wpseo_focuskw_text_input":null,"_yoast_wpseo_opengraph-image":null,"_yoast_wpseo_opengraph-description":null,"_yoast_wpseo_opengraph-title":null,"enclosure":null,"_yoast_wpseo_twitter-title":null,"_yoast_wpseo_twitter-description":null,"_yoast_wpseo_twitter-image":null,"_wp_old_slug":null,"_yoast_wpseo_title":null,"_yoast_wpseo_canonical":null,"yoast_head":"<!-- This site is optimized with the Yoast SEO plugin v27.5 - https:\/\/yoast.com\/product\/yoast-seo-wordpress\/ -->\n<title>Siemens in der Schweiz weiterhin solide unterwegs - Save<\/title>\n<meta name=\"description\" content=\"Siemens konnte im abgelaufenen Gesch\u00e4ftsjahr den Umsatz in der Schweiz auf hohem Niveau halten, wie das Technologieunternehmen schreibt.\" \/>\n<meta name=\"robots\" content=\"index, follow, max-snippet:-1, max-image-preview:large, max-video-preview:-1\" \/>\n<link rel=\"canonical\" href=\"https:\/\/news.save.ch\/fr\/siemens-in-der-schweiz-weiterhin-solide-unterwegs\/\" \/>\n<meta property=\"og:locale\" content=\"fr_FR\" \/>\n<meta property=\"og:type\" content=\"article\" \/>\n<meta property=\"og:title\" content=\"Siemens in der Schweiz weiterhin solide unterwegs - Save\" \/>\n<meta property=\"og:description\" content=\"Siemens konnte im abgelaufenen Gesch\u00e4ftsjahr den Umsatz in der Schweiz auf hohem Niveau halten, wie das Technologieunternehmen schreibt.\" \/>\n<meta property=\"og:url\" content=\"https:\/\/news.save.ch\/fr\/siemens-in-der-schweiz-weiterhin-solide-unterwegs\/\" \/>\n<meta property=\"og:site_name\" content=\"Save\" \/>\n<meta property=\"article:published_time\" content=\"2023-11-16T15:03:27+00:00\" \/>\n<meta property=\"og:image\" content=\"https:\/\/news.save.ch\/wp-content\/uploads\/2023\/11\/230908-ExpoReal2023-Zug-KeyVisual-34-bearbeitet-scaled.jpeg\" \/>\n\t<meta property=\"og:image:width\" content=\"1400\" \/>\n\t<meta property=\"og:image:height\" content=\"1048\" \/>\n\t<meta property=\"og:image:type\" content=\"image\/jpeg\" \/>\n<meta name=\"author\" content=\"Roger Str\u00e4ssle\" \/>\n<meta name=\"twitter:card\" content=\"summary_large_image\" \/>\n<meta name=\"twitter:label1\" content=\"\u00c9crit par\" \/>\n\t<meta name=\"twitter:data1\" content=\"Roger Str\u00e4ssle\" \/>\n\t<meta name=\"twitter:label2\" content=\"Dur\u00e9e de lecture estim\u00e9e\" \/>\n\t<meta name=\"twitter:data2\" content=\"2 minutes\" \/>\n<script type=\"application\/ld+json\" class=\"yoast-schema-graph\">{\"@context\":\"https:\\\/\\\/schema.org\",\"@graph\":[{\"@type\":\"Article\",\"@id\":\"https:\\\/\\\/news.save.ch\\\/siemens-in-der-schweiz-weiterhin-solide-unterwegs\\\/#article\",\"isPartOf\":{\"@id\":\"https:\\\/\\\/news.save.ch\\\/siemens-in-der-schweiz-weiterhin-solide-unterwegs\\\/\"},\"author\":{\"name\":\"Roger Str\u00e4ssle\",\"@id\":\"https:\\\/\\\/news.save.ch\\\/de\\\/#\\\/schema\\\/person\\\/d5022db048e0e2b9785c50e5b24da5aa\"},\"headline\":\"Siemens in der Schweiz weiterhin solide unterwegs\",\"datePublished\":\"2023-11-16T15:03:27+00:00\",\"mainEntityOfPage\":{\"@id\":\"https:\\\/\\\/news.save.ch\\\/siemens-in-der-schweiz-weiterhin-solide-unterwegs\\\/\"},\"wordCount\":338,\"publisher\":{\"@id\":\"https:\\\/\\\/news.save.ch\\\/de\\\/#organization\"},\"image\":{\"@id\":\"https:\\\/\\\/news.save.ch\\\/siemens-in-der-schweiz-weiterhin-solide-unterwegs\\\/#primaryimage\"},\"thumbnailUrl\":\"https:\\\/\\\/news.save.ch\\\/wp-content\\\/uploads\\\/2023\\\/11\\\/230908-ExpoReal2023-Zug-KeyVisual-34-bearbeitet-scaled.jpeg\",\"keywords\":[\"Siemens Schweiz\"],\"articleSection\":[\"ALLGEMEIN\"],\"inLanguage\":\"fr-FR\"},{\"@type\":\"WebPage\",\"@id\":\"https:\\\/\\\/news.save.ch\\\/siemens-in-der-schweiz-weiterhin-solide-unterwegs\\\/\",\"url\":\"https:\\\/\\\/news.save.ch\\\/siemens-in-der-schweiz-weiterhin-solide-unterwegs\\\/\",\"name\":\"Siemens in der Schweiz weiterhin solide unterwegs - Save\",\"isPartOf\":{\"@id\":\"https:\\\/\\\/news.save.ch\\\/de\\\/#website\"},\"primaryImageOfPage\":{\"@id\":\"https:\\\/\\\/news.save.ch\\\/siemens-in-der-schweiz-weiterhin-solide-unterwegs\\\/#primaryimage\"},\"image\":{\"@id\":\"https:\\\/\\\/news.save.ch\\\/siemens-in-der-schweiz-weiterhin-solide-unterwegs\\\/#primaryimage\"},\"thumbnailUrl\":\"https:\\\/\\\/news.save.ch\\\/wp-content\\\/uploads\\\/2023\\\/11\\\/230908-ExpoReal2023-Zug-KeyVisual-34-bearbeitet-scaled.jpeg\",\"datePublished\":\"2023-11-16T15:03:27+00:00\",\"description\":\"Siemens konnte im abgelaufenen Gesch\u00e4ftsjahr den Umsatz in der Schweiz auf hohem Niveau halten, wie das Technologieunternehmen schreibt.\",\"breadcrumb\":{\"@id\":\"https:\\\/\\\/news.save.ch\\\/siemens-in-der-schweiz-weiterhin-solide-unterwegs\\\/#breadcrumb\"},\"inLanguage\":\"fr-FR\",\"potentialAction\":[{\"@type\":\"ReadAction\",\"target\":[\"https:\\\/\\\/news.save.ch\\\/siemens-in-der-schweiz-weiterhin-solide-unterwegs\\\/\"]}]},{\"@type\":\"ImageObject\",\"inLanguage\":\"fr-FR\",\"@id\":\"https:\\\/\\\/news.save.ch\\\/siemens-in-der-schweiz-weiterhin-solide-unterwegs\\\/#primaryimage\",\"url\":\"https:\\\/\\\/news.save.ch\\\/wp-content\\\/uploads\\\/2023\\\/11\\\/230908-ExpoReal2023-Zug-KeyVisual-34-bearbeitet-scaled.jpeg\",\"contentUrl\":\"https:\\\/\\\/news.save.ch\\\/wp-content\\\/uploads\\\/2023\\\/11\\\/230908-ExpoReal2023-Zug-KeyVisual-34-bearbeitet-scaled.jpeg\",\"width\":1200,\"height\":898,\"caption\":\"Der Siemens Campus in Zug aus der Vogelperspektive. \u00a9 Siemens\"},{\"@type\":\"BreadcrumbList\",\"@id\":\"https:\\\/\\\/news.save.ch\\\/siemens-in-der-schweiz-weiterhin-solide-unterwegs\\\/#breadcrumb\",\"itemListElement\":[{\"@type\":\"ListItem\",\"position\":1,\"name\":\"Home\",\"item\":\"https:\\\/\\\/news.save.ch\\\/de\\\/\"},{\"@type\":\"ListItem\",\"position\":2,\"name\":\"Siemens in der Schweiz weiterhin solide unterwegs\"}]},{\"@type\":\"WebSite\",\"@id\":\"https:\\\/\\\/news.save.ch\\\/de\\\/#website\",\"url\":\"https:\\\/\\\/news.save.ch\\\/de\\\/\",\"name\":\"Save\",\"description\":\"Schweizer Fachzeitschrift f\u00fcr Sicherheit\",\"publisher\":{\"@id\":\"https:\\\/\\\/news.save.ch\\\/de\\\/#organization\"},\"potentialAction\":[{\"@type\":\"SearchAction\",\"target\":{\"@type\":\"EntryPoint\",\"urlTemplate\":\"https:\\\/\\\/news.save.ch\\\/de\\\/?s={search_term_string}\"},\"query-input\":{\"@type\":\"PropertyValueSpecification\",\"valueRequired\":true,\"valueName\":\"search_term_string\"}}],\"inLanguage\":\"fr-FR\"},{\"@type\":\"Organization\",\"@id\":\"https:\\\/\\\/news.save.ch\\\/de\\\/#organization\",\"name\":\"Sicherheitsforum\",\"url\":\"https:\\\/\\\/news.save.ch\\\/de\\\/\",\"logo\":{\"@type\":\"ImageObject\",\"inLanguage\":\"fr-FR\",\"@id\":\"https:\\\/\\\/news.save.ch\\\/de\\\/#\\\/schema\\\/logo\\\/image\\\/\",\"url\":\"https:\\\/\\\/news.save.ch\\\/wp-content\\\/uploads\\\/2022\\\/06\\\/Logo_SF_2012.png\",\"contentUrl\":\"https:\\\/\\\/news.save.ch\\\/wp-content\\\/uploads\\\/2022\\\/06\\\/Logo_SF_2012.png\",\"width\":1100,\"height\":91,\"caption\":\"Sicherheitsforum\"},\"image\":{\"@id\":\"https:\\\/\\\/news.save.ch\\\/de\\\/#\\\/schema\\\/logo\\\/image\\\/\"}},{\"@type\":\"Person\",\"@id\":\"https:\\\/\\\/news.save.ch\\\/de\\\/#\\\/schema\\\/person\\\/d5022db048e0e2b9785c50e5b24da5aa\",\"name\":\"Roger Str\u00e4ssle\",\"image\":{\"@type\":\"ImageObject\",\"inLanguage\":\"fr-FR\",\"@id\":\"https:\\\/\\\/secure.gravatar.com\\\/avatar\\\/862a5569d087de48e5856e32f45d719a03804c891d6deb8d4f71a660e79e4a47?s=96&d=mm&r=g\",\"url\":\"https:\\\/\\\/secure.gravatar.com\\\/avatar\\\/862a5569d087de48e5856e32f45d719a03804c891d6deb8d4f71a660e79e4a47?s=96&d=mm&r=g\",\"contentUrl\":\"https:\\\/\\\/secure.gravatar.com\\\/avatar\\\/862a5569d087de48e5856e32f45d719a03804c891d6deb8d4f71a660e79e4a47?s=96&d=mm&r=g\",\"caption\":\"Roger Str\u00e4ssle\"},\"url\":\"https:\\\/\\\/news.save.ch\\\/fr\\\/author\\\/roger-straessle\\\/\"}]}<\/script>\n<!-- \/ Yoast SEO plugin. -->","yoast_head_json":{"title":"Siemens reste solide en Suisse - Save","description":"Siemens a r\u00e9ussi \u00e0 maintenir son chiffre d'affaires \u00e0 un niveau \u00e9lev\u00e9 en Suisse au cours de l'exercice \u00e9coul\u00e9, \u00e9crit l'entreprise technologique.","robots":{"index":"index","follow":"follow","max-snippet":"max-snippet:-1","max-image-preview":"max-image-preview:large","max-video-preview":"max-video-preview:-1"},"canonical":"https:\/\/news.save.ch\/fr\/siemens-in-der-schweiz-weiterhin-solide-unterwegs\/","og_locale":"fr_FR","og_type":"article","og_title":"Siemens in der Schweiz weiterhin solide unterwegs - Save","og_description":"Siemens konnte im abgelaufenen Gesch\u00e4ftsjahr den Umsatz in der Schweiz auf hohem Niveau halten, wie das Technologieunternehmen schreibt.","og_url":"https:\/\/news.save.ch\/fr\/siemens-in-der-schweiz-weiterhin-solide-unterwegs\/","og_site_name":"Save","article_published_time":"2023-11-16T15:03:27+00:00","og_image":[{"width":1400,"height":1048,"url":"https:\/\/news.save.ch\/wp-content\/uploads\/2023\/11\/230908-ExpoReal2023-Zug-KeyVisual-34-bearbeitet-scaled.jpeg","type":"image\/jpeg"}],"author":"Roger Str\u00e4ssle","twitter_card":"summary_large_image","twitter_misc":{"\u00c9crit par":"Roger Str\u00e4ssle","Dur\u00e9e de lecture estim\u00e9e":"2 minutes"},"schema":{"@context":"https:\/\/schema.org","@graph":[{"@type":"Article","@id":"https:\/\/news.save.ch\/siemens-in-der-schweiz-weiterhin-solide-unterwegs\/#article","isPartOf":{"@id":"https:\/\/news.save.ch\/siemens-in-der-schweiz-weiterhin-solide-unterwegs\/"},"author":{"name":"Roger Str\u00e4ssle","@id":"https:\/\/news.save.ch\/de\/#\/schema\/person\/d5022db048e0e2b9785c50e5b24da5aa"},"headline":"Siemens in der Schweiz weiterhin solide unterwegs","datePublished":"2023-11-16T15:03:27+00:00","mainEntityOfPage":{"@id":"https:\/\/news.save.ch\/siemens-in-der-schweiz-weiterhin-solide-unterwegs\/"},"wordCount":338,"publisher":{"@id":"https:\/\/news.save.ch\/de\/#organization"},"image":{"@id":"https:\/\/news.save.ch\/siemens-in-der-schweiz-weiterhin-solide-unterwegs\/#primaryimage"},"thumbnailUrl":"https:\/\/news.save.ch\/wp-content\/uploads\/2023\/11\/230908-ExpoReal2023-Zug-KeyVisual-34-bearbeitet-scaled.jpeg","keywords":["Siemens Schweiz"],"articleSection":["ALLGEMEIN"],"inLanguage":"fr-FR"},{"@type":"WebPage","@id":"https:\/\/news.save.ch\/siemens-in-der-schweiz-weiterhin-solide-unterwegs\/","url":"https:\/\/news.save.ch\/siemens-in-der-schweiz-weiterhin-solide-unterwegs\/","name":"Siemens reste solide en Suisse - Save","isPartOf":{"@id":"https:\/\/news.save.ch\/de\/#website"},"primaryImageOfPage":{"@id":"https:\/\/news.save.ch\/siemens-in-der-schweiz-weiterhin-solide-unterwegs\/#primaryimage"},"image":{"@id":"https:\/\/news.save.ch\/siemens-in-der-schweiz-weiterhin-solide-unterwegs\/#primaryimage"},"thumbnailUrl":"https:\/\/news.save.ch\/wp-content\/uploads\/2023\/11\/230908-ExpoReal2023-Zug-KeyVisual-34-bearbeitet-scaled.jpeg","datePublished":"2023-11-16T15:03:27+00:00","description":"Siemens a r\u00e9ussi \u00e0 maintenir son chiffre d'affaires \u00e0 un niveau \u00e9lev\u00e9 en Suisse au cours de l'exercice \u00e9coul\u00e9, \u00e9crit l'entreprise technologique.","breadcrumb":{"@id":"https:\/\/news.save.ch\/siemens-in-der-schweiz-weiterhin-solide-unterwegs\/#breadcrumb"},"inLanguage":"fr-FR","potentialAction":[{"@type":"ReadAction","target":["https:\/\/news.save.ch\/siemens-in-der-schweiz-weiterhin-solide-unterwegs\/"]}]},{"@type":"ImageObject","inLanguage":"fr-FR","@id":"https:\/\/news.save.ch\/siemens-in-der-schweiz-weiterhin-solide-unterwegs\/#primaryimage","url":"https:\/\/news.save.ch\/wp-content\/uploads\/2023\/11\/230908-ExpoReal2023-Zug-KeyVisual-34-bearbeitet-scaled.jpeg","contentUrl":"https:\/\/news.save.ch\/wp-content\/uploads\/2023\/11\/230908-ExpoReal2023-Zug-KeyVisual-34-bearbeitet-scaled.jpeg","width":1200,"height":898,"caption":"Der Siemens Campus in Zug aus der Vogelperspektive. \u00a9 Siemens"},{"@type":"BreadcrumbList","@id":"https:\/\/news.save.ch\/siemens-in-der-schweiz-weiterhin-solide-unterwegs\/#breadcrumb","itemListElement":[{"@type":"ListItem","position":1,"name":"Home","item":"https:\/\/news.save.ch\/de\/"},{"@type":"ListItem","position":2,"name":"Siemens in der Schweiz weiterhin solide unterwegs"}]},{"@type":"WebSite","@id":"https:\/\/news.save.ch\/de\/#website","url":"https:\/\/news.save.ch\/de\/","name":"Save","description":"Revue suisse sp\u00e9cialis\u00e9e dans la s\u00e9curit\u00e9","publisher":{"@id":"https:\/\/news.save.ch\/de\/#organization"},"potentialAction":[{"@type":"SearchAction","target":{"@type":"EntryPoint","urlTemplate":"https:\/\/news.save.ch\/de\/?s={search_term_string}"},"query-input":{"@type":"PropertyValueSpecification","valueRequired":true,"valueName":"search_term_string"}}],"inLanguage":"fr-FR"},{"@type":"Organization","@id":"https:\/\/news.save.ch\/de\/#organization","name":"Forum sur la s\u00e9curit\u00e9","url":"https:\/\/news.save.ch\/de\/","logo":{"@type":"ImageObject","inLanguage":"fr-FR","@id":"https:\/\/news.save.ch\/de\/#\/schema\/logo\/image\/","url":"https:\/\/news.save.ch\/wp-content\/uploads\/2022\/06\/Logo_SF_2012.png","contentUrl":"https:\/\/news.save.ch\/wp-content\/uploads\/2022\/06\/Logo_SF_2012.png","width":1100,"height":91,"caption":"Sicherheitsforum"},"image":{"@id":"https:\/\/news.save.ch\/de\/#\/schema\/logo\/image\/"}},{"@type":"Person","@id":"https:\/\/news.save.ch\/de\/#\/schema\/person\/d5022db048e0e2b9785c50e5b24da5aa","name":"Roger Str\u00e4ssle","image":{"@type":"ImageObject","inLanguage":"fr-FR","@id":"https:\/\/secure.gravatar.com\/avatar\/862a5569d087de48e5856e32f45d719a03804c891d6deb8d4f71a660e79e4a47?s=96&d=mm&r=g","url":"https:\/\/secure.gravatar.com\/avatar\/862a5569d087de48e5856e32f45d719a03804c891d6deb8d4f71a660e79e4a47?s=96&d=mm&r=g","contentUrl":"https:\/\/secure.gravatar.com\/avatar\/862a5569d087de48e5856e32f45d719a03804c891d6deb8d4f71a660e79e4a47?s=96&d=mm&r=g","caption":"Roger Str\u00e4ssle"},"url":"https:\/\/news.save.ch\/fr\/author\/roger-straessle\/"}]}},"_links":{"self":[{"href":"https:\/\/news.save.ch\/fr\/wp-json\/wp\/v2\/posts\/22399","targetHints":{"allow":["GET"]}}],"collection":[{"href":"https:\/\/news.save.ch\/fr\/wp-json\/wp\/v2\/posts"}],"about":[{"href":"https:\/\/news.save.ch\/fr\/wp-json\/wp\/v2\/types\/post"}],"author":[{"embeddable":true,"href":"https:\/\/news.save.ch\/fr\/wp-json\/wp\/v2\/users\/8"}],"replies":[{"embeddable":true,"href":"https:\/\/news.save.ch\/fr\/wp-json\/wp\/v2\/comments?post=22399"}],"version-history":[{"count":3,"href":"https:\/\/news.save.ch\/fr\/wp-json\/wp\/v2\/posts\/22399\/revisions"}],"predecessor-version":[{"id":22403,"href":"https:\/\/news.save.ch\/fr\/wp-json\/wp\/v2\/posts\/22399\/revisions\/22403"}],"wp:featuredmedia":[{"embeddable":true,"href":"https:\/\/news.save.ch\/fr\/wp-json\/wp\/v2\/media\/22400"}],"wp:attachment":[{"href":"https:\/\/news.save.ch\/fr\/wp-json\/wp\/v2\/media?parent=22399"}],"wp:term":[{"taxonomy":"category","embeddable":true,"href":"https:\/\/news.save.ch\/fr\/wp-json\/wp\/v2\/categories?post=22399"},{"taxonomy":"post_tag","embeddable":true,"href":"https:\/\/news.save.ch\/fr\/wp-json\/wp\/v2\/tags?post=22399"}],"curies":[{"name":"wp","href":"https:\/\/api.w.org\/{rel}","templated":true}]}}