{"id":2242,"date":"2016-03-03T09:03:47","date_gmt":"2016-03-03T08:03:47","guid":{"rendered":"https:\/\/dev.sicherheitsforum.ch\/?p=2242"},"modified":"2016-03-03T09:03:47","modified_gmt":"2016-03-03T08:03:47","slug":"gebaeudetechnik-knx-standard-vorantreiben","status":null,"type":"post","link":"https:\/\/news.save.ch\/fr\/gebaeudetechnik-knx-standard-vorantreiben\/","title":{"rendered":"Technique du b\u00e2timent : faire avancer le standard KNX"},"content":{"rendered":"<figure id=\"attachment_2244\" aria-describedby=\"caption-attachment-2244\" style=\"width: 680px\" class=\"wp-caption alignnone\"><img loading=\"lazy\" decoding=\"async\" class=\"size-medium wp-image-2244\" src=\"https:\/\/news.save.ch\/wp-content\/uploads\/2016\/12\/56d7f0ced7723_boelke_Sicherheitsforum.jpg\" alt=\"\" width=\"680\" height=\"868\" \/><figcaption id=\"caption-attachment-2244\" class=\"wp-caption-text\">Matthias B\u00f6lke, CEO de Feller AG<\/figcaption><\/figure>\n<p>Que ce soit dans une maison individuelle ou dans un immeuble de bureaux, les exigences en mati\u00e8re d'\u00e9clairage et de syst\u00e8mes d'acc\u00e8s ou de commande et d'automatisation des b\u00e2timents sont de plus en plus \u00e9lev\u00e9es. Parall\u00e8lement, l'utilisation efficace de l'\u00e9nergie est importante. Pour cela, il faut une commande et une surveillance intelligentes de tous les produits utilis\u00e9s. La base pour cela est le commun <a href=\"https:\/\/de.wikipedia.org\/wiki\/KNX-Standard\" target=\"_blank\" data-cke-saved-href=\"https:\/\/de.wikipedia.org\/wiki\/KNX-Standard\" rel=\"noopener\">Standard KNX<\/a>. En tant que membre du comit\u00e9 directeur de l'association KNX, la soci\u00e9t\u00e9 re\u00e7oit <a href=\"https:\/\/www.feller.ch\" target=\"_blank\" data-cke-saved-href=\"https:\/\/www.feller.ch\" rel=\"noopener\">Feller AG<\/a>, une filiale de <a href=\"https:\/\/www.schneider-electric.ch\" target=\"_blank\" data-cke-saved-href=\"https:\/\/www.schneider-electric.ch\" rel=\"noopener\">Schneider Electric<\/a>Le projet de recherche de Schneider Electric sur les technologies de l'information et de la communication (TIC) offre la possibilit\u00e9 de participer activement \u00e0 la mise en r\u00e9seau intelligente des espaces de vie, comme l'\u00e9crit Schneider Electric.<\/p>\n<p><strong>B\u00f6lke, nouveau membre du comit\u00e9 de pilotage<\/strong><\/p>\n<p>Mi-f\u00e9vrier 2016, l'association KNX a \u00e9lu les membres de son comit\u00e9 directeur pour les cinq prochaines ann\u00e9es. Matthias B\u00f6lke, CEO de Feller AG, fait partie de ce comit\u00e9 de 14 personnes. <em>\"Je suis heureux que Feller, en tant qu'entreprise suisse, puisse contribuer au d\u00e9veloppement du standard KNX dans le monde entier\",<\/em> dit B\u00f6lke. <em>\"Nous sommes convaincus que la technologie rend notre vie plus simple, plus s\u00fbre et plus belle. Les gens l'appr\u00e9cient lorsqu'elle offre une valeur ajout\u00e9e pertinente de mani\u00e8re intuitive et sans effort\".<\/em> La condition pr\u00e9alable serait une plateforme ind\u00e9pendante des fabricants et des applications de tous les syst\u00e8mes utilis\u00e9s. C'est pr\u00e9cis\u00e9ment pour cela que l'association KNX s'engage. KNX est un standard mondial pour la gestion technique de la maison et du b\u00e2timent.<\/p>","protected":false},"excerpt":{"rendered":"<p>Ob im Einfamilienhaus oder im B\u00fcrogeb\u00e4ude: Die Anforderungen an Beleuchtung und Zutrittssysteme oder an Geb\u00e4udesteuerung und -automation wachsen. Gleichzeitig ist der effiziente Umgang mit Energie wichtig. Dazu braucht es eine intelligente Steuerung und \u00dcberwachung aller eingesetzten Produkte. Basis daf\u00fcr ist der gemeinsame KNX-Standard. Als Teil des Lenkungsausschusses der KNX Association erh\u00e4lt die Firma Feller AG, [&hellip;]<\/p>\n","protected":false},"author":1,"featured_media":2244,"comment_status":"open","ping_status":"open","sticky":false,"template":"","format":"standard","meta":{"_acf_changed":false,"pgc_sgb_lightbox_settings":"","footnotes":""},"categories":[1],"tags":[242,136,243,244,245,246,247,65],"class_list":["post-2242","post","type-post","status-publish","format-standard","has-post-thumbnail","hentry","category-allgemein","tag-feller-ag","tag-gebaeudesicherheit","tag-haus-und-gebaeudesystemtechnik","tag-knx-standard","tag-matthias-boelke","tag-normen","tag-standards","tag-unternehmen"],"acf":[],"hkrextid":null,"publication":null,"issue":null,"workflow":null,"startPage":null,"spitzmarke":null,"_posts_by_tag_page_fields":{"widget_title":"","widget_tags":""},"_at_widget":"1","_yoast_wpseo_primary_category":"","_yoast_wpseo_focuskw_text_input":"KNX-Standard","_yoast_wpseo_opengraph-image":"https:\/\/news.save.ch\/wp-content\/uploads\/2016\/12\/56d7f0ced7723_boelke_Sicherheitsforum.jpg","_yoast_wpseo_opengraph-description":"KNX ist ein weltweiter Standard f\u00fcr die Haus- und Geb\u00e4udesystemtechnik. Die KNX Association\/Br\u00fcssel hat die Mitglieder ihres Lenkungsausschusses neu bestimmt. Auch ein Schweizer CEO ist mit von der Partie.","_yoast_wpseo_opengraph-title":"Geb\u00e4udetechnik: KNX-Standard vorantreiben","enclosure":null,"_yoast_wpseo_twitter-title":null,"_yoast_wpseo_twitter-description":null,"_yoast_wpseo_twitter-image":null,"_wp_old_slug":null,"_yoast_wpseo_title":null,"_yoast_wpseo_canonical":null,"yoast_head":"<!-- This site is optimized with the Yoast SEO plugin v27.5 - https:\/\/yoast.com\/product\/yoast-seo-wordpress\/ -->\n<title>Geb\u00e4udetechnik: KNX-Standard vorantreiben - Save<\/title>\n<meta name=\"description\" content=\"Der KNX-Standard wird weltweit f\u00fcr die Haus- und Geb\u00e4udesystemtechnik verwendet. KNX Association\/Br\u00fcssel hat die Lenkungsausschuss-Mitglieder neu bestimmt.\" \/>\n<meta name=\"robots\" content=\"index, follow, max-snippet:-1, max-image-preview:large, max-video-preview:-1\" \/>\n<link rel=\"canonical\" href=\"https:\/\/news.save.ch\/fr\/gebaeudetechnik-knx-standard-vorantreiben\/\" \/>\n<meta property=\"og:locale\" content=\"fr_FR\" \/>\n<meta property=\"og:type\" content=\"article\" \/>\n<meta property=\"og:title\" content=\"Geb\u00e4udetechnik: KNX-Standard vorantreiben\" \/>\n<meta property=\"og:description\" content=\"KNX ist ein weltweiter Standard f\u00fcr die Haus- und Geb\u00e4udesystemtechnik. Die KNX Association\/Br\u00fcssel hat die Mitglieder ihres Lenkungsausschusses neu bestimmt. Auch ein Schweizer CEO ist mit von der Partie.\" \/>\n<meta property=\"og:url\" content=\"https:\/\/news.save.ch\/fr\/gebaeudetechnik-knx-standard-vorantreiben\/\" \/>\n<meta property=\"og:site_name\" content=\"Save\" \/>\n<meta property=\"article:published_time\" content=\"2016-03-03T08:03:47+00:00\" \/>\n<meta property=\"og:image\" content=\"https:\/\/news.save.ch\/wp-content\/uploads\/2016\/12\/56d7f0ced7723_boelke_Sicherheitsforum.jpg\" \/>\n<meta name=\"author\" content=\"admin\" \/>\n<meta name=\"twitter:card\" content=\"summary_large_image\" \/>\n<meta name=\"twitter:label1\" content=\"\u00c9crit par\" \/>\n\t<meta name=\"twitter:data1\" content=\"admin\" \/>\n\t<meta name=\"twitter:label2\" content=\"Dur\u00e9e de lecture estim\u00e9e\" \/>\n\t<meta name=\"twitter:data2\" content=\"1 minute\" \/>\n<script type=\"application\/ld+json\" class=\"yoast-schema-graph\">{\"@context\":\"https:\\\/\\\/schema.org\",\"@graph\":[{\"@type\":\"Article\",\"@id\":\"https:\\\/\\\/news.save.ch\\\/gebaeudetechnik-knx-standard-vorantreiben\\\/#article\",\"isPartOf\":{\"@id\":\"https:\\\/\\\/news.save.ch\\\/gebaeudetechnik-knx-standard-vorantreiben\\\/\"},\"author\":{\"name\":\"admin\",\"@id\":\"https:\\\/\\\/news.save.ch\\\/de\\\/#\\\/schema\\\/person\\\/d49e199490bad7c70d64b9ab51142f2b\"},\"headline\":\"Geb\u00e4udetechnik: KNX-Standard vorantreiben\",\"datePublished\":\"2016-03-03T08:03:47+00:00\",\"mainEntityOfPage\":{\"@id\":\"https:\\\/\\\/news.save.ch\\\/gebaeudetechnik-knx-standard-vorantreiben\\\/\"},\"wordCount\":217,\"commentCount\":0,\"publisher\":{\"@id\":\"https:\\\/\\\/news.save.ch\\\/de\\\/#organization\"},\"image\":{\"@id\":\"https:\\\/\\\/news.save.ch\\\/gebaeudetechnik-knx-standard-vorantreiben\\\/#primaryimage\"},\"thumbnailUrl\":\"https:\\\/\\\/news.save.ch\\\/wp-content\\\/uploads\\\/2016\\\/12\\\/56d7f0ced7723_boelke_Sicherheitsforum-scaled.jpg\",\"keywords\":[\"Feller AG\",\"Geb\u00e4udesicherheit\",\"Haus- und Geb\u00e4udesystemtechnik\",\"KNX-Standard\",\"Matthias B\u00f6lke\",\"Normen\",\"Standards\",\"Unternehmen\"],\"articleSection\":[\"ALLGEMEIN\"],\"inLanguage\":\"fr-FR\"},{\"@type\":\"WebPage\",\"@id\":\"https:\\\/\\\/news.save.ch\\\/gebaeudetechnik-knx-standard-vorantreiben\\\/\",\"url\":\"https:\\\/\\\/news.save.ch\\\/gebaeudetechnik-knx-standard-vorantreiben\\\/\",\"name\":\"Geb\u00e4udetechnik: KNX-Standard vorantreiben - Save\",\"isPartOf\":{\"@id\":\"https:\\\/\\\/news.save.ch\\\/de\\\/#website\"},\"primaryImageOfPage\":{\"@id\":\"https:\\\/\\\/news.save.ch\\\/gebaeudetechnik-knx-standard-vorantreiben\\\/#primaryimage\"},\"image\":{\"@id\":\"https:\\\/\\\/news.save.ch\\\/gebaeudetechnik-knx-standard-vorantreiben\\\/#primaryimage\"},\"thumbnailUrl\":\"https:\\\/\\\/news.save.ch\\\/wp-content\\\/uploads\\\/2016\\\/12\\\/56d7f0ced7723_boelke_Sicherheitsforum-scaled.jpg\",\"datePublished\":\"2016-03-03T08:03:47+00:00\",\"description\":\"Der KNX-Standard wird weltweit f\u00fcr die Haus- und Geb\u00e4udesystemtechnik verwendet. KNX Association\\\/Br\u00fcssel hat die Lenkungsausschuss-Mitglieder neu bestimmt.\",\"breadcrumb\":{\"@id\":\"https:\\\/\\\/news.save.ch\\\/gebaeudetechnik-knx-standard-vorantreiben\\\/#breadcrumb\"},\"inLanguage\":\"fr-FR\",\"potentialAction\":[{\"@type\":\"ReadAction\",\"target\":[\"https:\\\/\\\/news.save.ch\\\/gebaeudetechnik-knx-standard-vorantreiben\\\/\"]}]},{\"@type\":\"ImageObject\",\"inLanguage\":\"fr-FR\",\"@id\":\"https:\\\/\\\/news.save.ch\\\/gebaeudetechnik-knx-standard-vorantreiben\\\/#primaryimage\",\"url\":\"https:\\\/\\\/news.save.ch\\\/wp-content\\\/uploads\\\/2016\\\/12\\\/56d7f0ced7723_boelke_Sicherheitsforum-scaled.jpg\",\"contentUrl\":\"https:\\\/\\\/news.save.ch\\\/wp-content\\\/uploads\\\/2016\\\/12\\\/56d7f0ced7723_boelke_Sicherheitsforum-scaled.jpg\",\"width\":1097,\"height\":1400,\"caption\":\"Matthias B\u00f6lke, CEO der Feller AG\"},{\"@type\":\"BreadcrumbList\",\"@id\":\"https:\\\/\\\/news.save.ch\\\/gebaeudetechnik-knx-standard-vorantreiben\\\/#breadcrumb\",\"itemListElement\":[{\"@type\":\"ListItem\",\"position\":1,\"name\":\"Home\",\"item\":\"https:\\\/\\\/news.save.ch\\\/de\\\/\"},{\"@type\":\"ListItem\",\"position\":2,\"name\":\"Geb\u00e4udetechnik: KNX-Standard vorantreiben\"}]},{\"@type\":\"WebSite\",\"@id\":\"https:\\\/\\\/news.save.ch\\\/de\\\/#website\",\"url\":\"https:\\\/\\\/news.save.ch\\\/de\\\/\",\"name\":\"Save\",\"description\":\"Schweizer Fachzeitschrift f\u00fcr Sicherheit\",\"publisher\":{\"@id\":\"https:\\\/\\\/news.save.ch\\\/de\\\/#organization\"},\"potentialAction\":[{\"@type\":\"SearchAction\",\"target\":{\"@type\":\"EntryPoint\",\"urlTemplate\":\"https:\\\/\\\/news.save.ch\\\/de\\\/?s={search_term_string}\"},\"query-input\":{\"@type\":\"PropertyValueSpecification\",\"valueRequired\":true,\"valueName\":\"search_term_string\"}}],\"inLanguage\":\"fr-FR\"},{\"@type\":\"Organization\",\"@id\":\"https:\\\/\\\/news.save.ch\\\/de\\\/#organization\",\"name\":\"Sicherheitsforum\",\"url\":\"https:\\\/\\\/news.save.ch\\\/de\\\/\",\"logo\":{\"@type\":\"ImageObject\",\"inLanguage\":\"fr-FR\",\"@id\":\"https:\\\/\\\/news.save.ch\\\/de\\\/#\\\/schema\\\/logo\\\/image\\\/\",\"url\":\"https:\\\/\\\/news.save.ch\\\/wp-content\\\/uploads\\\/2022\\\/06\\\/Logo_SF_2012.png\",\"contentUrl\":\"https:\\\/\\\/news.save.ch\\\/wp-content\\\/uploads\\\/2022\\\/06\\\/Logo_SF_2012.png\",\"width\":1100,\"height\":91,\"caption\":\"Sicherheitsforum\"},\"image\":{\"@id\":\"https:\\\/\\\/news.save.ch\\\/de\\\/#\\\/schema\\\/logo\\\/image\\\/\"}},{\"@type\":\"Person\",\"@id\":\"https:\\\/\\\/news.save.ch\\\/de\\\/#\\\/schema\\\/person\\\/d49e199490bad7c70d64b9ab51142f2b\",\"name\":\"admin\",\"image\":{\"@type\":\"ImageObject\",\"inLanguage\":\"fr-FR\",\"@id\":\"https:\\\/\\\/secure.gravatar.com\\\/avatar\\\/ae2f4d718e6c49043e314ce431e7e645d646302a24a5ef5a8bc8e3f5a032e319?s=96&d=mm&r=g\",\"url\":\"https:\\\/\\\/secure.gravatar.com\\\/avatar\\\/ae2f4d718e6c49043e314ce431e7e645d646302a24a5ef5a8bc8e3f5a032e319?s=96&d=mm&r=g\",\"contentUrl\":\"https:\\\/\\\/secure.gravatar.com\\\/avatar\\\/ae2f4d718e6c49043e314ce431e7e645d646302a24a5ef5a8bc8e3f5a032e319?s=96&d=mm&r=g\",\"caption\":\"admin\"},\"sameAs\":[\"https:\\\/\\\/develop.organisator.galledia.ch\"],\"url\":\"https:\\\/\\\/news.save.ch\\\/fr\\\/author\\\/admin\\\/\"}]}<\/script>\n<!-- \/ Yoast SEO plugin. -->","yoast_head_json":{"title":"Technique du b\u00e2timent : Promouvoir le standard KNX - Save","description":"Le standard KNX est utilis\u00e9 dans le monde entier pour la gestion de la maison et du b\u00e2timent. KNX Association\/Bruxelles a renouvel\u00e9 les membres de son comit\u00e9 de pilotage.","robots":{"index":"index","follow":"follow","max-snippet":"max-snippet:-1","max-image-preview":"max-image-preview:large","max-video-preview":"max-video-preview:-1"},"canonical":"https:\/\/news.save.ch\/fr\/gebaeudetechnik-knx-standard-vorantreiben\/","og_locale":"fr_FR","og_type":"article","og_title":"Geb\u00e4udetechnik: KNX-Standard vorantreiben","og_description":"KNX ist ein weltweiter Standard f\u00fcr die Haus- und Geb\u00e4udesystemtechnik. Die KNX Association\/Br\u00fcssel hat die Mitglieder ihres Lenkungsausschusses neu bestimmt. Auch ein Schweizer CEO ist mit von der Partie.","og_url":"https:\/\/news.save.ch\/fr\/gebaeudetechnik-knx-standard-vorantreiben\/","og_site_name":"Save","article_published_time":"2016-03-03T08:03:47+00:00","og_image":[{"url":"https:\/\/news.save.ch\/wp-content\/uploads\/2016\/12\/56d7f0ced7723_boelke_Sicherheitsforum.jpg","type":"","width":"","height":""}],"author":"admin","twitter_card":"summary_large_image","twitter_misc":{"\u00c9crit par":"admin","Dur\u00e9e de lecture estim\u00e9e":"1 minute"},"schema":{"@context":"https:\/\/schema.org","@graph":[{"@type":"Article","@id":"https:\/\/news.save.ch\/gebaeudetechnik-knx-standard-vorantreiben\/#article","isPartOf":{"@id":"https:\/\/news.save.ch\/gebaeudetechnik-knx-standard-vorantreiben\/"},"author":{"name":"admin","@id":"https:\/\/news.save.ch\/de\/#\/schema\/person\/d49e199490bad7c70d64b9ab51142f2b"},"headline":"Geb\u00e4udetechnik: KNX-Standard vorantreiben","datePublished":"2016-03-03T08:03:47+00:00","mainEntityOfPage":{"@id":"https:\/\/news.save.ch\/gebaeudetechnik-knx-standard-vorantreiben\/"},"wordCount":217,"commentCount":0,"publisher":{"@id":"https:\/\/news.save.ch\/de\/#organization"},"image":{"@id":"https:\/\/news.save.ch\/gebaeudetechnik-knx-standard-vorantreiben\/#primaryimage"},"thumbnailUrl":"https:\/\/news.save.ch\/wp-content\/uploads\/2016\/12\/56d7f0ced7723_boelke_Sicherheitsforum-scaled.jpg","keywords":["Feller AG","Geb\u00e4udesicherheit","Haus- und Geb\u00e4udesystemtechnik","KNX-Standard","Matthias B\u00f6lke","Normen","Standards","Unternehmen"],"articleSection":["ALLGEMEIN"],"inLanguage":"fr-FR"},{"@type":"WebPage","@id":"https:\/\/news.save.ch\/gebaeudetechnik-knx-standard-vorantreiben\/","url":"https:\/\/news.save.ch\/gebaeudetechnik-knx-standard-vorantreiben\/","name":"Technique du b\u00e2timent : Promouvoir le standard KNX - Save","isPartOf":{"@id":"https:\/\/news.save.ch\/de\/#website"},"primaryImageOfPage":{"@id":"https:\/\/news.save.ch\/gebaeudetechnik-knx-standard-vorantreiben\/#primaryimage"},"image":{"@id":"https:\/\/news.save.ch\/gebaeudetechnik-knx-standard-vorantreiben\/#primaryimage"},"thumbnailUrl":"https:\/\/news.save.ch\/wp-content\/uploads\/2016\/12\/56d7f0ced7723_boelke_Sicherheitsforum-scaled.jpg","datePublished":"2016-03-03T08:03:47+00:00","description":"Le standard KNX est utilis\u00e9 dans le monde entier pour la gestion de la maison et du b\u00e2timent. KNX Association\/Bruxelles a renouvel\u00e9 les membres de son comit\u00e9 de pilotage.","breadcrumb":{"@id":"https:\/\/news.save.ch\/gebaeudetechnik-knx-standard-vorantreiben\/#breadcrumb"},"inLanguage":"fr-FR","potentialAction":[{"@type":"ReadAction","target":["https:\/\/news.save.ch\/gebaeudetechnik-knx-standard-vorantreiben\/"]}]},{"@type":"ImageObject","inLanguage":"fr-FR","@id":"https:\/\/news.save.ch\/gebaeudetechnik-knx-standard-vorantreiben\/#primaryimage","url":"https:\/\/news.save.ch\/wp-content\/uploads\/2016\/12\/56d7f0ced7723_boelke_Sicherheitsforum-scaled.jpg","contentUrl":"https:\/\/news.save.ch\/wp-content\/uploads\/2016\/12\/56d7f0ced7723_boelke_Sicherheitsforum-scaled.jpg","width":1097,"height":1400,"caption":"Matthias B\u00f6lke, CEO der Feller AG"},{"@type":"BreadcrumbList","@id":"https:\/\/news.save.ch\/gebaeudetechnik-knx-standard-vorantreiben\/#breadcrumb","itemListElement":[{"@type":"ListItem","position":1,"name":"Home","item":"https:\/\/news.save.ch\/de\/"},{"@type":"ListItem","position":2,"name":"Geb\u00e4udetechnik: KNX-Standard vorantreiben"}]},{"@type":"WebSite","@id":"https:\/\/news.save.ch\/de\/#website","url":"https:\/\/news.save.ch\/de\/","name":"Save","description":"Revue suisse sp\u00e9cialis\u00e9e dans la s\u00e9curit\u00e9","publisher":{"@id":"https:\/\/news.save.ch\/de\/#organization"},"potentialAction":[{"@type":"SearchAction","target":{"@type":"EntryPoint","urlTemplate":"https:\/\/news.save.ch\/de\/?s={search_term_string}"},"query-input":{"@type":"PropertyValueSpecification","valueRequired":true,"valueName":"search_term_string"}}],"inLanguage":"fr-FR"},{"@type":"Organization","@id":"https:\/\/news.save.ch\/de\/#organization","name":"Forum sur la s\u00e9curit\u00e9","url":"https:\/\/news.save.ch\/de\/","logo":{"@type":"ImageObject","inLanguage":"fr-FR","@id":"https:\/\/news.save.ch\/de\/#\/schema\/logo\/image\/","url":"https:\/\/news.save.ch\/wp-content\/uploads\/2022\/06\/Logo_SF_2012.png","contentUrl":"https:\/\/news.save.ch\/wp-content\/uploads\/2022\/06\/Logo_SF_2012.png","width":1100,"height":91,"caption":"Sicherheitsforum"},"image":{"@id":"https:\/\/news.save.ch\/de\/#\/schema\/logo\/image\/"}},{"@type":"Person","@id":"https:\/\/news.save.ch\/de\/#\/schema\/person\/d49e199490bad7c70d64b9ab51142f2b","name":"admin","image":{"@type":"ImageObject","inLanguage":"fr-FR","@id":"https:\/\/secure.gravatar.com\/avatar\/ae2f4d718e6c49043e314ce431e7e645d646302a24a5ef5a8bc8e3f5a032e319?s=96&d=mm&r=g","url":"https:\/\/secure.gravatar.com\/avatar\/ae2f4d718e6c49043e314ce431e7e645d646302a24a5ef5a8bc8e3f5a032e319?s=96&d=mm&r=g","contentUrl":"https:\/\/secure.gravatar.com\/avatar\/ae2f4d718e6c49043e314ce431e7e645d646302a24a5ef5a8bc8e3f5a032e319?s=96&d=mm&r=g","caption":"admin"},"sameAs":["https:\/\/develop.organisator.galledia.ch"],"url":"https:\/\/news.save.ch\/fr\/author\/admin\/"}]}},"_links":{"self":[{"href":"https:\/\/news.save.ch\/fr\/wp-json\/wp\/v2\/posts\/2242","targetHints":{"allow":["GET"]}}],"collection":[{"href":"https:\/\/news.save.ch\/fr\/wp-json\/wp\/v2\/posts"}],"about":[{"href":"https:\/\/news.save.ch\/fr\/wp-json\/wp\/v2\/types\/post"}],"author":[{"embeddable":true,"href":"https:\/\/news.save.ch\/fr\/wp-json\/wp\/v2\/users\/1"}],"replies":[{"embeddable":true,"href":"https:\/\/news.save.ch\/fr\/wp-json\/wp\/v2\/comments?post=2242"}],"version-history":[{"count":0,"href":"https:\/\/news.save.ch\/fr\/wp-json\/wp\/v2\/posts\/2242\/revisions"}],"wp:featuredmedia":[{"embeddable":true,"href":"https:\/\/news.save.ch\/fr\/wp-json\/wp\/v2\/media\/2244"}],"wp:attachment":[{"href":"https:\/\/news.save.ch\/fr\/wp-json\/wp\/v2\/media?parent=2242"}],"wp:term":[{"taxonomy":"category","embeddable":true,"href":"https:\/\/news.save.ch\/fr\/wp-json\/wp\/v2\/categories?post=2242"},{"taxonomy":"post_tag","embeddable":true,"href":"https:\/\/news.save.ch\/fr\/wp-json\/wp\/v2\/tags?post=2242"}],"curies":[{"name":"wp","href":"https:\/\/api.w.org\/{rel}","templated":true}]}}