{"id":22432,"date":"2023-11-24T06:13:24","date_gmt":"2023-11-24T05:13:24","guid":{"rendered":"https:\/\/news.save.ch\/?p=22432"},"modified":"2023-11-22T16:26:44","modified_gmt":"2023-11-22T15:26:44","slug":"entschaedigung-von-asbestopfern-eroeffnung-der-vernehmlassung","status":null,"type":"post","link":"https:\/\/news.save.ch\/fr\/entschaedigung-von-asbestopfern-eroeffnung-der-vernehmlassung\/","title":{"rendered":"Indemnisation des victimes de l'amiante : ouverture de la proc\u00e9dure de consultation"},"content":{"rendered":"<figure id=\"attachment_22433\" aria-describedby=\"caption-attachment-22433\" style=\"width: 680px\" class=\"wp-caption aligncenter\"><img loading=\"lazy\" decoding=\"async\" class=\"size-medium wp-image-22433\" src=\"https:\/\/news.save.ch\/wp-content\/uploads\/2023\/11\/Depositphotos_39353119_S-680x455.jpg\" alt=\"Victimes de l&#039;amiante\" width=\"680\" height=\"455\" srcset=\"https:\/\/news.save.ch\/wp-content\/uploads\/2023\/11\/Depositphotos_39353119_S-680x455.jpg 680w, https:\/\/news.save.ch\/wp-content\/uploads\/2023\/11\/Depositphotos_39353119_S-768x514.jpg 768w, https:\/\/news.save.ch\/wp-content\/uploads\/2023\/11\/Depositphotos_39353119_S-18x12.jpg 18w, https:\/\/news.save.ch\/wp-content\/uploads\/2023\/11\/Depositphotos_39353119_S-375x251.jpg 375w, https:\/\/news.save.ch\/wp-content\/uploads\/2023\/11\/Depositphotos_39353119_S-523x350.jpg 523w, https:\/\/news.save.ch\/wp-content\/uploads\/2023\/11\/Depositphotos_39353119_S.jpg 999w\" sizes=\"auto, (max-width: 680px) 100vw, 680px\" \/><figcaption id=\"caption-attachment-22433\" class=\"wp-caption-text\">Depositphotos, Kasandra2<\/figcaption><\/figure>\n<p>La fondation Fonds d'indemnisation des victimes de l'amiante (FIVA) a \u00e9t\u00e9 cr\u00e9\u00e9e pour indemniser financi\u00e8rement les personnes souffrant de maladies li\u00e9es \u00e0 l'amiante. Ces derni\u00e8res ann\u00e9es, le financement de cette fondation s'est toutefois r\u00e9v\u00e9l\u00e9 de plus en plus difficile, comme l'indique l'Office f\u00e9d\u00e9ral de la sant\u00e9 publique (OFSP) dans son communiqu\u00e9 de presse. Afin de garantir la p\u00e9rennit\u00e9 de l'EPT, une nouvelle base l\u00e9gale devrait \u00eatre cr\u00e9\u00e9e pour que la Suva puisse effectuer ces paiements.<\/p>\n<p>Selon le nouvel article 67b LAA, un \u00e9ventuel financement par la Suva s'effectue exclusivement \u00e0 partir des exc\u00e9dents de recettes de l'assurance contre les accidents et les maladies professionnels, indique l'OFSP. Le conseil de la Suva a la comp\u00e9tence exclusive de d\u00e9cider si et dans quelle mesure la fondation EPT doit \u00eatre soutenue financi\u00e8rement, est-il pr\u00e9cis\u00e9.<\/p>\n<h3>Des moyens financiers suppl\u00e9mentaires sont n\u00e9cessaires<\/h3>\n<p>Depuis 2020, il n'a plus \u00e9t\u00e9 possible d'obtenir des subventions importantes pour les victimes de l'amiante, bien que celles-ci soient n\u00e9cessaires au vu du nombre toujours \u00e9lev\u00e9 de cas, \u00e9crit l'OFSP. Pour que la fondation EPT puisse continuer \u00e0 fonctionner jusqu'en 2030, des moyens financiers suppl\u00e9mentaires de l'ordre de 25 \u00e0 50 millions de francs seraient n\u00e9cessaires. Ce besoin financier accru s'explique notamment par la modification, au 1er janvier 2017, de l'article 36 de l'ordonnance sur l'assurance-accidents (OLAA).<br \/>\nde l'entreprise. Une modification de la loi doit permettre de r\u00e9duire les versements de la Suva \u00e0 la fondation EFA<br \/>\nde l'UE. En cons\u00e9quence, le Conseil f\u00e9d\u00e9ral a ouvert une proc\u00e9dure de consultation en novembre.<\/p>\n<p><a href=\"https:\/\/www.newsd.admin.ch\/newsd\/message\/attachments\/84295.pdf\" target=\"_blank\" rel=\"noopener\"><em>Plus d'infos ici<\/em><\/a><\/p>","protected":false},"excerpt":{"rendered":"<p>Die Stiftung Entsch\u00e4digungsfonds f\u00fcr Asbestopfer (EFA) wurde gegr\u00fcndet, um Personen mit asbestbedingten Erkrankungen finanziell zu entsch\u00e4digen. In den letzten Jahren erwies sich die Finanzierung dieser Stiftung jedoch zunehmend als schwierig, wie das Bundesamt f\u00fcr Gesundheit (BAG) in der Medienmitteilung schreibt. Damit die EFA langfristig gesichert werden k\u00f6nne, solle eine neue Gesetzesgrundlage geschaffen werden, damit die [&hellip;]<\/p>\n","protected":false},"author":8,"featured_media":22433,"comment_status":"closed","ping_status":"closed","sticky":false,"template":"","format":"standard","meta":{"_acf_changed":false,"pgc_sgb_lightbox_settings":"","footnotes":""},"categories":[3314],"tags":[1688],"class_list":["post-22432","post","type-post","status-publish","format-standard","has-post-thumbnail","hentry","category-health-safety","tag-asbest"],"acf":[],"hkrextid":null,"publication":null,"issue":null,"workflow":null,"startPage":null,"spitzmarke":null,"_posts_by_tag_page_fields":null,"_at_widget":null,"_yoast_wpseo_primary_category":"3314","_yoast_wpseo_focuskw_text_input":null,"_yoast_wpseo_opengraph-image":null,"_yoast_wpseo_opengraph-description":null,"_yoast_wpseo_opengraph-title":null,"enclosure":null,"_yoast_wpseo_twitter-title":null,"_yoast_wpseo_twitter-description":null,"_yoast_wpseo_twitter-image":null,"_wp_old_slug":null,"_yoast_wpseo_title":null,"_yoast_wpseo_canonical":null,"yoast_head":"<!-- This site is optimized with the Yoast SEO plugin v27.5 - https:\/\/yoast.com\/product\/yoast-seo-wordpress\/ -->\n<title>Entsch\u00e4digung von Asbestopfern: Er\u00f6ffnung der Vernehmlassung - Save<\/title>\n<meta name=\"description\" content=\"Entsch\u00e4digungsfonds f\u00fcr Asbestopfer: Der Bundesrat hat die Aufnahme eines neuen Artikels in das UVG in die Vernehmlassung geschickt.\" \/>\n<meta name=\"robots\" content=\"index, follow, max-snippet:-1, max-image-preview:large, max-video-preview:-1\" \/>\n<link rel=\"canonical\" href=\"https:\/\/news.save.ch\/fr\/entschaedigung-von-asbestopfern-eroeffnung-der-vernehmlassung\/\" \/>\n<meta property=\"og:locale\" content=\"fr_FR\" \/>\n<meta property=\"og:type\" content=\"article\" \/>\n<meta property=\"og:title\" content=\"Entsch\u00e4digung von Asbestopfern: Er\u00f6ffnung der Vernehmlassung - Save\" \/>\n<meta property=\"og:description\" content=\"Entsch\u00e4digungsfonds f\u00fcr Asbestopfer: Der Bundesrat hat die Aufnahme eines neuen Artikels in das UVG in die Vernehmlassung geschickt.\" \/>\n<meta property=\"og:url\" content=\"https:\/\/news.save.ch\/fr\/entschaedigung-von-asbestopfern-eroeffnung-der-vernehmlassung\/\" \/>\n<meta property=\"og:site_name\" content=\"Save\" \/>\n<meta property=\"article:published_time\" content=\"2023-11-24T05:13:24+00:00\" \/>\n<meta property=\"og:image\" content=\"https:\/\/news.save.ch\/wp-content\/uploads\/2023\/11\/Depositphotos_39353119_S.jpg\" \/>\n\t<meta property=\"og:image:width\" content=\"999\" \/>\n\t<meta property=\"og:image:height\" content=\"669\" \/>\n\t<meta property=\"og:image:type\" content=\"image\/jpeg\" \/>\n<meta name=\"author\" content=\"Roger Str\u00e4ssle\" \/>\n<meta name=\"twitter:card\" content=\"summary_large_image\" \/>\n<meta name=\"twitter:label1\" content=\"\u00c9crit par\" \/>\n\t<meta name=\"twitter:data1\" content=\"Roger Str\u00e4ssle\" \/>\n\t<meta name=\"twitter:label2\" content=\"Dur\u00e9e de lecture estim\u00e9e\" \/>\n\t<meta name=\"twitter:data2\" content=\"2 minutes\" \/>\n<script type=\"application\/ld+json\" class=\"yoast-schema-graph\">{\"@context\":\"https:\\\/\\\/schema.org\",\"@graph\":[{\"@type\":\"Article\",\"@id\":\"https:\\\/\\\/news.save.ch\\\/entschaedigung-von-asbestopfern-eroeffnung-der-vernehmlassung\\\/#article\",\"isPartOf\":{\"@id\":\"https:\\\/\\\/news.save.ch\\\/entschaedigung-von-asbestopfern-eroeffnung-der-vernehmlassung\\\/\"},\"author\":{\"name\":\"Roger Str\u00e4ssle\",\"@id\":\"https:\\\/\\\/news.save.ch\\\/de\\\/#\\\/schema\\\/person\\\/d5022db048e0e2b9785c50e5b24da5aa\"},\"headline\":\"Entsch\u00e4digung von Asbestopfern: Er\u00f6ffnung der Vernehmlassung\",\"datePublished\":\"2023-11-24T05:13:24+00:00\",\"mainEntityOfPage\":{\"@id\":\"https:\\\/\\\/news.save.ch\\\/entschaedigung-von-asbestopfern-eroeffnung-der-vernehmlassung\\\/\"},\"wordCount\":243,\"publisher\":{\"@id\":\"https:\\\/\\\/news.save.ch\\\/de\\\/#organization\"},\"image\":{\"@id\":\"https:\\\/\\\/news.save.ch\\\/entschaedigung-von-asbestopfern-eroeffnung-der-vernehmlassung\\\/#primaryimage\"},\"thumbnailUrl\":\"https:\\\/\\\/news.save.ch\\\/wp-content\\\/uploads\\\/2023\\\/11\\\/Depositphotos_39353119_S.jpg\",\"keywords\":[\"Asbest\"],\"articleSection\":[\"HEALTH &amp; SAFETY\"],\"inLanguage\":\"fr-FR\"},{\"@type\":\"WebPage\",\"@id\":\"https:\\\/\\\/news.save.ch\\\/entschaedigung-von-asbestopfern-eroeffnung-der-vernehmlassung\\\/\",\"url\":\"https:\\\/\\\/news.save.ch\\\/entschaedigung-von-asbestopfern-eroeffnung-der-vernehmlassung\\\/\",\"name\":\"Entsch\u00e4digung von Asbestopfern: Er\u00f6ffnung der Vernehmlassung - Save\",\"isPartOf\":{\"@id\":\"https:\\\/\\\/news.save.ch\\\/de\\\/#website\"},\"primaryImageOfPage\":{\"@id\":\"https:\\\/\\\/news.save.ch\\\/entschaedigung-von-asbestopfern-eroeffnung-der-vernehmlassung\\\/#primaryimage\"},\"image\":{\"@id\":\"https:\\\/\\\/news.save.ch\\\/entschaedigung-von-asbestopfern-eroeffnung-der-vernehmlassung\\\/#primaryimage\"},\"thumbnailUrl\":\"https:\\\/\\\/news.save.ch\\\/wp-content\\\/uploads\\\/2023\\\/11\\\/Depositphotos_39353119_S.jpg\",\"datePublished\":\"2023-11-24T05:13:24+00:00\",\"description\":\"Entsch\u00e4digungsfonds f\u00fcr Asbestopfer: Der Bundesrat hat die Aufnahme eines neuen Artikels in das UVG in die Vernehmlassung geschickt.\",\"breadcrumb\":{\"@id\":\"https:\\\/\\\/news.save.ch\\\/entschaedigung-von-asbestopfern-eroeffnung-der-vernehmlassung\\\/#breadcrumb\"},\"inLanguage\":\"fr-FR\",\"potentialAction\":[{\"@type\":\"ReadAction\",\"target\":[\"https:\\\/\\\/news.save.ch\\\/entschaedigung-von-asbestopfern-eroeffnung-der-vernehmlassung\\\/\"]}]},{\"@type\":\"ImageObject\",\"inLanguage\":\"fr-FR\",\"@id\":\"https:\\\/\\\/news.save.ch\\\/entschaedigung-von-asbestopfern-eroeffnung-der-vernehmlassung\\\/#primaryimage\",\"url\":\"https:\\\/\\\/news.save.ch\\\/wp-content\\\/uploads\\\/2023\\\/11\\\/Depositphotos_39353119_S.jpg\",\"contentUrl\":\"https:\\\/\\\/news.save.ch\\\/wp-content\\\/uploads\\\/2023\\\/11\\\/Depositphotos_39353119_S.jpg\",\"width\":999,\"height\":669,\"caption\":\"Depositphotos, Kasandra2\"},{\"@type\":\"BreadcrumbList\",\"@id\":\"https:\\\/\\\/news.save.ch\\\/entschaedigung-von-asbestopfern-eroeffnung-der-vernehmlassung\\\/#breadcrumb\",\"itemListElement\":[{\"@type\":\"ListItem\",\"position\":1,\"name\":\"Home\",\"item\":\"https:\\\/\\\/news.save.ch\\\/de\\\/\"},{\"@type\":\"ListItem\",\"position\":2,\"name\":\"Entsch\u00e4digung von Asbestopfern: Er\u00f6ffnung der Vernehmlassung\"}]},{\"@type\":\"WebSite\",\"@id\":\"https:\\\/\\\/news.save.ch\\\/de\\\/#website\",\"url\":\"https:\\\/\\\/news.save.ch\\\/de\\\/\",\"name\":\"Save\",\"description\":\"Schweizer Fachzeitschrift f\u00fcr Sicherheit\",\"publisher\":{\"@id\":\"https:\\\/\\\/news.save.ch\\\/de\\\/#organization\"},\"potentialAction\":[{\"@type\":\"SearchAction\",\"target\":{\"@type\":\"EntryPoint\",\"urlTemplate\":\"https:\\\/\\\/news.save.ch\\\/de\\\/?s={search_term_string}\"},\"query-input\":{\"@type\":\"PropertyValueSpecification\",\"valueRequired\":true,\"valueName\":\"search_term_string\"}}],\"inLanguage\":\"fr-FR\"},{\"@type\":\"Organization\",\"@id\":\"https:\\\/\\\/news.save.ch\\\/de\\\/#organization\",\"name\":\"Sicherheitsforum\",\"url\":\"https:\\\/\\\/news.save.ch\\\/de\\\/\",\"logo\":{\"@type\":\"ImageObject\",\"inLanguage\":\"fr-FR\",\"@id\":\"https:\\\/\\\/news.save.ch\\\/de\\\/#\\\/schema\\\/logo\\\/image\\\/\",\"url\":\"https:\\\/\\\/news.save.ch\\\/wp-content\\\/uploads\\\/2022\\\/06\\\/Logo_SF_2012.png\",\"contentUrl\":\"https:\\\/\\\/news.save.ch\\\/wp-content\\\/uploads\\\/2022\\\/06\\\/Logo_SF_2012.png\",\"width\":1100,\"height\":91,\"caption\":\"Sicherheitsforum\"},\"image\":{\"@id\":\"https:\\\/\\\/news.save.ch\\\/de\\\/#\\\/schema\\\/logo\\\/image\\\/\"}},{\"@type\":\"Person\",\"@id\":\"https:\\\/\\\/news.save.ch\\\/de\\\/#\\\/schema\\\/person\\\/d5022db048e0e2b9785c50e5b24da5aa\",\"name\":\"Roger Str\u00e4ssle\",\"image\":{\"@type\":\"ImageObject\",\"inLanguage\":\"fr-FR\",\"@id\":\"https:\\\/\\\/secure.gravatar.com\\\/avatar\\\/862a5569d087de48e5856e32f45d719a03804c891d6deb8d4f71a660e79e4a47?s=96&d=mm&r=g\",\"url\":\"https:\\\/\\\/secure.gravatar.com\\\/avatar\\\/862a5569d087de48e5856e32f45d719a03804c891d6deb8d4f71a660e79e4a47?s=96&d=mm&r=g\",\"contentUrl\":\"https:\\\/\\\/secure.gravatar.com\\\/avatar\\\/862a5569d087de48e5856e32f45d719a03804c891d6deb8d4f71a660e79e4a47?s=96&d=mm&r=g\",\"caption\":\"Roger Str\u00e4ssle\"},\"url\":\"https:\\\/\\\/news.save.ch\\\/fr\\\/author\\\/roger-straessle\\\/\"}]}<\/script>\n<!-- \/ Yoast SEO plugin. -->","yoast_head_json":{"title":"Indemnisation des victimes de l'amiante : ouverture de la proc\u00e9dure de consultation - Save","description":"Fonds d'indemnisation pour les victimes de l'amiante : le Conseil f\u00e9d\u00e9ral a mis en consultation l'introduction d'un nouvel article dans la LAA.","robots":{"index":"index","follow":"follow","max-snippet":"max-snippet:-1","max-image-preview":"max-image-preview:large","max-video-preview":"max-video-preview:-1"},"canonical":"https:\/\/news.save.ch\/fr\/entschaedigung-von-asbestopfern-eroeffnung-der-vernehmlassung\/","og_locale":"fr_FR","og_type":"article","og_title":"Entsch\u00e4digung von Asbestopfern: Er\u00f6ffnung der Vernehmlassung - Save","og_description":"Entsch\u00e4digungsfonds f\u00fcr Asbestopfer: Der Bundesrat hat die Aufnahme eines neuen Artikels in das UVG in die Vernehmlassung geschickt.","og_url":"https:\/\/news.save.ch\/fr\/entschaedigung-von-asbestopfern-eroeffnung-der-vernehmlassung\/","og_site_name":"Save","article_published_time":"2023-11-24T05:13:24+00:00","og_image":[{"width":999,"height":669,"url":"https:\/\/news.save.ch\/wp-content\/uploads\/2023\/11\/Depositphotos_39353119_S.jpg","type":"image\/jpeg"}],"author":"Roger Str\u00e4ssle","twitter_card":"summary_large_image","twitter_misc":{"\u00c9crit par":"Roger Str\u00e4ssle","Dur\u00e9e de lecture estim\u00e9e":"2 minutes"},"schema":{"@context":"https:\/\/schema.org","@graph":[{"@type":"Article","@id":"https:\/\/news.save.ch\/entschaedigung-von-asbestopfern-eroeffnung-der-vernehmlassung\/#article","isPartOf":{"@id":"https:\/\/news.save.ch\/entschaedigung-von-asbestopfern-eroeffnung-der-vernehmlassung\/"},"author":{"name":"Roger Str\u00e4ssle","@id":"https:\/\/news.save.ch\/de\/#\/schema\/person\/d5022db048e0e2b9785c50e5b24da5aa"},"headline":"Entsch\u00e4digung von Asbestopfern: Er\u00f6ffnung der Vernehmlassung","datePublished":"2023-11-24T05:13:24+00:00","mainEntityOfPage":{"@id":"https:\/\/news.save.ch\/entschaedigung-von-asbestopfern-eroeffnung-der-vernehmlassung\/"},"wordCount":243,"publisher":{"@id":"https:\/\/news.save.ch\/de\/#organization"},"image":{"@id":"https:\/\/news.save.ch\/entschaedigung-von-asbestopfern-eroeffnung-der-vernehmlassung\/#primaryimage"},"thumbnailUrl":"https:\/\/news.save.ch\/wp-content\/uploads\/2023\/11\/Depositphotos_39353119_S.jpg","keywords":["Asbest"],"articleSection":["HEALTH &amp; SAFETY"],"inLanguage":"fr-FR"},{"@type":"WebPage","@id":"https:\/\/news.save.ch\/entschaedigung-von-asbestopfern-eroeffnung-der-vernehmlassung\/","url":"https:\/\/news.save.ch\/entschaedigung-von-asbestopfern-eroeffnung-der-vernehmlassung\/","name":"Indemnisation des victimes de l'amiante : ouverture de la proc\u00e9dure de consultation - Save","isPartOf":{"@id":"https:\/\/news.save.ch\/de\/#website"},"primaryImageOfPage":{"@id":"https:\/\/news.save.ch\/entschaedigung-von-asbestopfern-eroeffnung-der-vernehmlassung\/#primaryimage"},"image":{"@id":"https:\/\/news.save.ch\/entschaedigung-von-asbestopfern-eroeffnung-der-vernehmlassung\/#primaryimage"},"thumbnailUrl":"https:\/\/news.save.ch\/wp-content\/uploads\/2023\/11\/Depositphotos_39353119_S.jpg","datePublished":"2023-11-24T05:13:24+00:00","description":"Fonds d'indemnisation pour les victimes de l'amiante : le Conseil f\u00e9d\u00e9ral a mis en consultation l'introduction d'un nouvel article dans la LAA.","breadcrumb":{"@id":"https:\/\/news.save.ch\/entschaedigung-von-asbestopfern-eroeffnung-der-vernehmlassung\/#breadcrumb"},"inLanguage":"fr-FR","potentialAction":[{"@type":"ReadAction","target":["https:\/\/news.save.ch\/entschaedigung-von-asbestopfern-eroeffnung-der-vernehmlassung\/"]}]},{"@type":"ImageObject","inLanguage":"fr-FR","@id":"https:\/\/news.save.ch\/entschaedigung-von-asbestopfern-eroeffnung-der-vernehmlassung\/#primaryimage","url":"https:\/\/news.save.ch\/wp-content\/uploads\/2023\/11\/Depositphotos_39353119_S.jpg","contentUrl":"https:\/\/news.save.ch\/wp-content\/uploads\/2023\/11\/Depositphotos_39353119_S.jpg","width":999,"height":669,"caption":"Depositphotos, Kasandra2"},{"@type":"BreadcrumbList","@id":"https:\/\/news.save.ch\/entschaedigung-von-asbestopfern-eroeffnung-der-vernehmlassung\/#breadcrumb","itemListElement":[{"@type":"ListItem","position":1,"name":"Home","item":"https:\/\/news.save.ch\/de\/"},{"@type":"ListItem","position":2,"name":"Entsch\u00e4digung von Asbestopfern: Er\u00f6ffnung der Vernehmlassung"}]},{"@type":"WebSite","@id":"https:\/\/news.save.ch\/de\/#website","url":"https:\/\/news.save.ch\/de\/","name":"Save","description":"Revue suisse sp\u00e9cialis\u00e9e dans la s\u00e9curit\u00e9","publisher":{"@id":"https:\/\/news.save.ch\/de\/#organization"},"potentialAction":[{"@type":"SearchAction","target":{"@type":"EntryPoint","urlTemplate":"https:\/\/news.save.ch\/de\/?s={search_term_string}"},"query-input":{"@type":"PropertyValueSpecification","valueRequired":true,"valueName":"search_term_string"}}],"inLanguage":"fr-FR"},{"@type":"Organization","@id":"https:\/\/news.save.ch\/de\/#organization","name":"Forum sur la s\u00e9curit\u00e9","url":"https:\/\/news.save.ch\/de\/","logo":{"@type":"ImageObject","inLanguage":"fr-FR","@id":"https:\/\/news.save.ch\/de\/#\/schema\/logo\/image\/","url":"https:\/\/news.save.ch\/wp-content\/uploads\/2022\/06\/Logo_SF_2012.png","contentUrl":"https:\/\/news.save.ch\/wp-content\/uploads\/2022\/06\/Logo_SF_2012.png","width":1100,"height":91,"caption":"Sicherheitsforum"},"image":{"@id":"https:\/\/news.save.ch\/de\/#\/schema\/logo\/image\/"}},{"@type":"Person","@id":"https:\/\/news.save.ch\/de\/#\/schema\/person\/d5022db048e0e2b9785c50e5b24da5aa","name":"Roger Str\u00e4ssle","image":{"@type":"ImageObject","inLanguage":"fr-FR","@id":"https:\/\/secure.gravatar.com\/avatar\/862a5569d087de48e5856e32f45d719a03804c891d6deb8d4f71a660e79e4a47?s=96&d=mm&r=g","url":"https:\/\/secure.gravatar.com\/avatar\/862a5569d087de48e5856e32f45d719a03804c891d6deb8d4f71a660e79e4a47?s=96&d=mm&r=g","contentUrl":"https:\/\/secure.gravatar.com\/avatar\/862a5569d087de48e5856e32f45d719a03804c891d6deb8d4f71a660e79e4a47?s=96&d=mm&r=g","caption":"Roger Str\u00e4ssle"},"url":"https:\/\/news.save.ch\/fr\/author\/roger-straessle\/"}]}},"_links":{"self":[{"href":"https:\/\/news.save.ch\/fr\/wp-json\/wp\/v2\/posts\/22432","targetHints":{"allow":["GET"]}}],"collection":[{"href":"https:\/\/news.save.ch\/fr\/wp-json\/wp\/v2\/posts"}],"about":[{"href":"https:\/\/news.save.ch\/fr\/wp-json\/wp\/v2\/types\/post"}],"author":[{"embeddable":true,"href":"https:\/\/news.save.ch\/fr\/wp-json\/wp\/v2\/users\/8"}],"replies":[{"embeddable":true,"href":"https:\/\/news.save.ch\/fr\/wp-json\/wp\/v2\/comments?post=22432"}],"version-history":[{"count":1,"href":"https:\/\/news.save.ch\/fr\/wp-json\/wp\/v2\/posts\/22432\/revisions"}],"predecessor-version":[{"id":22434,"href":"https:\/\/news.save.ch\/fr\/wp-json\/wp\/v2\/posts\/22432\/revisions\/22434"}],"wp:featuredmedia":[{"embeddable":true,"href":"https:\/\/news.save.ch\/fr\/wp-json\/wp\/v2\/media\/22433"}],"wp:attachment":[{"href":"https:\/\/news.save.ch\/fr\/wp-json\/wp\/v2\/media?parent=22432"}],"wp:term":[{"taxonomy":"category","embeddable":true,"href":"https:\/\/news.save.ch\/fr\/wp-json\/wp\/v2\/categories?post=22432"},{"taxonomy":"post_tag","embeddable":true,"href":"https:\/\/news.save.ch\/fr\/wp-json\/wp\/v2\/tags?post=22432"}],"curies":[{"name":"wp","href":"https:\/\/api.w.org\/{rel}","templated":true}]}}