{"id":22436,"date":"2023-11-23T06:00:34","date_gmt":"2023-11-23T05:00:34","guid":{"rendered":"https:\/\/news.save.ch\/?p=22436"},"modified":"2023-11-22T16:25:48","modified_gmt":"2023-11-22T15:25:48","slug":"bund-will-ab-2026-e-id-herausgeben","status":null,"type":"post","link":"https:\/\/news.save.ch\/fr\/bund-will-ab-2026-e-id-herausgeben\/","title":{"rendered":"La Conf\u00e9d\u00e9ration veut \u00e9mettre des E-ID \u00e0 partir de 2026"},"content":{"rendered":"<figure id=\"attachment_22437\" aria-describedby=\"caption-attachment-22437\" style=\"width: 680px\" class=\"wp-caption aligncenter\"><img loading=\"lazy\" decoding=\"async\" class=\"size-medium wp-image-22437\" src=\"https:\/\/news.save.ch\/wp-content\/uploads\/2023\/11\/Depositphotos_2508294_m-2015-1-680x510.jpg\" alt=\"Preuve d&#039;identit\u00e9\" width=\"680\" height=\"510\" srcset=\"https:\/\/news.save.ch\/wp-content\/uploads\/2023\/11\/Depositphotos_2508294_m-2015-1-680x510.jpg 680w, https:\/\/news.save.ch\/wp-content\/uploads\/2023\/11\/Depositphotos_2508294_m-2015-1-768x576.jpg 768w, https:\/\/news.save.ch\/wp-content\/uploads\/2023\/11\/Depositphotos_2508294_m-2015-1-16x12.jpg 16w, https:\/\/news.save.ch\/wp-content\/uploads\/2023\/11\/Depositphotos_2508294_m-2015-1-375x281.jpg 375w, https:\/\/news.save.ch\/wp-content\/uploads\/2023\/11\/Depositphotos_2508294_m-2015-1-467x350.jpg 467w, https:\/\/news.save.ch\/wp-content\/uploads\/2023\/11\/Depositphotos_2508294_m-2015-1.jpg 1000w\" sizes=\"auto, (max-width: 680px) 100vw, 680px\" \/><figcaption id=\"caption-attachment-22437\" class=\"wp-caption-text\">\u00a9 Depositphotos<\/figcaption><\/figure>\n<p>Une premi\u00e8re loi sur l'E-ID avait \u00e9chou\u00e9 lors de la votation populaire du 7 mars 2021. La critique portait alors notamment sur le fait que des entreprises priv\u00e9es pouvaient \u00e9mettre un E-ID. D\u00e9sormais, la Conf\u00e9d\u00e9ration sera responsable de l'\u00e9mission de l'E-ID et proposera l'infrastructure n\u00e9cessaire \u00e0 son fonctionnement, comme l'\u00e9crit l'Office f\u00e9d\u00e9ral de la justice. Ainsi, la Conf\u00e9d\u00e9ration mettrait \u00e0 disposition l'application n\u00e9cessaire pour que les utilisateurs puissent enregistrer leur E-ID sur leur smartphone. L'application devrait \u00e9galement \u00eatre accessible sans restriction aux personnes handicap\u00e9es. Contrairement \u00e0 ce qui \u00e9tait pr\u00e9vu dans la consultation, ce ne sont pas les cantons, mais la Conf\u00e9d\u00e9ration qui fournirait le support aux utilisateurs.<\/p>\n<h3>Qui peut faire une demande d'E-ID ?<\/h3>\n<p>Toute personne disposant d'une carte d'identit\u00e9 suisse, d'un passeport suisse ou d'un livret pour \u00e9trangers d\u00e9livr\u00e9 par la Suisse doit pouvoir demander un E-ID. Sur la base des r\u00e9actions recueillies lors de la consultation, le Conseil f\u00e9d\u00e9ral propose que l'E-ID puisse \u00eatre d\u00e9livr\u00e9 non seulement en ligne, mais aussi au bureau des passeports. L'utilisation de l'E-ID serait volontaire et gratuite. Celle-ci pourrait \u00eatre utilis\u00e9e aussi bien sur Internet - par exemple pour la commande \u00e9lectronique d'un extrait de casier judiciaire - que dans le monde physique - par exemple dans un magasin pour prouver l'\u00e2ge lors de l'achat d'alcool. Toutes les prestations de la Conf\u00e9d\u00e9ration pour lesquelles l'E-ID pourrait \u00eatre utilis\u00e9e continueraient \u00e0 \u00eatre propos\u00e9es de mani\u00e8re analogique. Parall\u00e8lement, toutes les autorit\u00e9s suisses devraient accepter l'E-ID comme preuve d'identit\u00e9 valable, pour autant qu'elles acceptent le principe de la preuve d'identit\u00e9 \u00e9lectronique.<\/p>\n<h3>E-ID garantit la meilleure protection des donn\u00e9es possible<\/h3>\n<p>Les utilisateurs de la future E-ID reconnue par l'Etat doivent avoir le plus grand contr\u00f4le possible sur leurs donn\u00e9es (Self-Sovereign Identity), comme l'indique le communiqu\u00e9 du Conseil f\u00e9d\u00e9ral. La protection des donn\u00e9es doit \u00eatre garantie premi\u00e8rement par le syst\u00e8me lui-m\u00eame (Privacy by Design), deuxi\u00e8mement par la minimisation des flux de donn\u00e9es n\u00e9cessaires (principe de minimisation des donn\u00e9es) et troisi\u00e8mement par l'enregistrement exclusif de l'E-ID sur le smartphone de l'utilisateur (enregistrement d\u00e9centralis\u00e9 des donn\u00e9es). En ce qui concerne la protection des donn\u00e9es, le Conseil f\u00e9d\u00e9ral propose une mesure suppl\u00e9mentaire sur la base des r\u00e9sultats de la consultation : Afin de mettre l'accent sur le principe d'\u00e9conomie des donn\u00e9es, il faudrait rendre public le fait que quelqu'un demande plus de donn\u00e9es d'identification \u00e9lectronique que ce qui est n\u00e9cessaire dans le cas concret.<\/p>\n<p>Afin de pouvoir r\u00e9agir aux \u00e9volutions techniques et sociales, la loi est formul\u00e9e de mani\u00e8re technologiquement neutre, explique-t-on. Enfin, le syst\u00e8me E-ID suisse doit respecter les normes internationales. Cela devrait garantir que l'E-ID puisse \u00eatre reconnue et utilis\u00e9e \u00e0 l'\u00e9tranger \u00e0 l'avenir \u00e9galement.\u00a0 <em>(Communiqu\u00e9 de presse \/ rs)<\/em><\/p>\n<p>&nbsp;<\/p>","protected":false},"excerpt":{"rendered":"<p>Ein erstes E-ID-Gesetz war in der Volksabstimmung vom 7. M\u00e4rz 2021 gescheitert. Kritisiert wurde damals insbesondere, dass Privatunternehmen eine E-ID herausgeben k\u00f6nnen. Neu soll der Bund f\u00fcr die Herausgabe der E-ID verantwortlich sein und die f\u00fcr den Betrieb notwendige Infrastruktur anbieten, wie das Bundesamt f\u00fcr Justiz schreibt. So stelle der Bund die notwendige App bereit, [&hellip;]<\/p>\n","protected":false},"author":8,"featured_media":22437,"comment_status":"closed","ping_status":"closed","sticky":false,"template":"","format":"standard","meta":{"_acf_changed":false,"pgc_sgb_lightbox_settings":"","footnotes":""},"categories":[3313],"tags":[490],"class_list":["post-22436","post","type-post","status-publish","format-standard","has-post-thumbnail","hentry","category-digitalisierung","tag-e-id"],"acf":[],"hkrextid":null,"publication":null,"issue":null,"workflow":null,"startPage":null,"spitzmarke":null,"_posts_by_tag_page_fields":null,"_at_widget":null,"_yoast_wpseo_primary_category":"3313","_yoast_wpseo_focuskw_text_input":null,"_yoast_wpseo_opengraph-image":null,"_yoast_wpseo_opengraph-description":null,"_yoast_wpseo_opengraph-title":null,"enclosure":null,"_yoast_wpseo_twitter-title":null,"_yoast_wpseo_twitter-description":null,"_yoast_wpseo_twitter-image":null,"_wp_old_slug":null,"_yoast_wpseo_title":null,"_yoast_wpseo_canonical":null,"yoast_head":"<!-- This site is optimized with the Yoast SEO plugin v27.5 - https:\/\/yoast.com\/product\/yoast-seo-wordpress\/ -->\n<title>Bund will ab 2026 E-ID herausgeben - Save<\/title>\n<meta name=\"description\" content=\"Der Bundesrat plant, in der Schweiz einen elektronischen Identit\u00e4tsausweis (E-ID) ab dem Jahr 2026 herauszugeben.\" \/>\n<meta name=\"robots\" content=\"index, follow, max-snippet:-1, max-image-preview:large, max-video-preview:-1\" \/>\n<link rel=\"canonical\" href=\"https:\/\/news.save.ch\/fr\/bund-will-ab-2026-e-id-herausgeben\/\" \/>\n<meta property=\"og:locale\" content=\"fr_FR\" \/>\n<meta property=\"og:type\" content=\"article\" \/>\n<meta property=\"og:title\" content=\"Bund will ab 2026 E-ID herausgeben - Save\" \/>\n<meta property=\"og:description\" content=\"Der Bundesrat plant, in der Schweiz einen elektronischen Identit\u00e4tsausweis (E-ID) ab dem Jahr 2026 herauszugeben.\" \/>\n<meta property=\"og:url\" content=\"https:\/\/news.save.ch\/fr\/bund-will-ab-2026-e-id-herausgeben\/\" \/>\n<meta property=\"og:site_name\" content=\"Save\" \/>\n<meta property=\"article:published_time\" content=\"2023-11-23T05:00:34+00:00\" \/>\n<meta property=\"og:image\" content=\"https:\/\/news.save.ch\/wp-content\/uploads\/2023\/11\/Depositphotos_2508294_m-2015-1.jpg\" \/>\n\t<meta property=\"og:image:width\" content=\"1000\" \/>\n\t<meta property=\"og:image:height\" content=\"750\" \/>\n\t<meta property=\"og:image:type\" content=\"image\/jpeg\" \/>\n<meta name=\"author\" content=\"Roger Str\u00e4ssle\" \/>\n<meta name=\"twitter:card\" content=\"summary_large_image\" \/>\n<meta name=\"twitter:label1\" content=\"\u00c9crit par\" \/>\n\t<meta name=\"twitter:data1\" content=\"Roger Str\u00e4ssle\" \/>\n\t<meta name=\"twitter:label2\" content=\"Dur\u00e9e de lecture estim\u00e9e\" \/>\n\t<meta name=\"twitter:data2\" content=\"3 minutes\" \/>\n<script type=\"application\/ld+json\" class=\"yoast-schema-graph\">{\"@context\":\"https:\\\/\\\/schema.org\",\"@graph\":[{\"@type\":\"Article\",\"@id\":\"https:\\\/\\\/news.save.ch\\\/bund-will-ab-2026-e-id-herausgeben\\\/#article\",\"isPartOf\":{\"@id\":\"https:\\\/\\\/news.save.ch\\\/bund-will-ab-2026-e-id-herausgeben\\\/\"},\"author\":{\"name\":\"Roger Str\u00e4ssle\",\"@id\":\"https:\\\/\\\/news.save.ch\\\/de\\\/#\\\/schema\\\/person\\\/d5022db048e0e2b9785c50e5b24da5aa\"},\"headline\":\"Bund will ab 2026 E-ID herausgeben\",\"datePublished\":\"2023-11-23T05:00:34+00:00\",\"mainEntityOfPage\":{\"@id\":\"https:\\\/\\\/news.save.ch\\\/bund-will-ab-2026-e-id-herausgeben\\\/\"},\"wordCount\":427,\"publisher\":{\"@id\":\"https:\\\/\\\/news.save.ch\\\/de\\\/#organization\"},\"image\":{\"@id\":\"https:\\\/\\\/news.save.ch\\\/bund-will-ab-2026-e-id-herausgeben\\\/#primaryimage\"},\"thumbnailUrl\":\"https:\\\/\\\/news.save.ch\\\/wp-content\\\/uploads\\\/2023\\\/11\\\/Depositphotos_2508294_m-2015-1.jpg\",\"keywords\":[\"E-ID\"],\"articleSection\":[\"DIGITALISIERUNG\"],\"inLanguage\":\"fr-FR\"},{\"@type\":\"WebPage\",\"@id\":\"https:\\\/\\\/news.save.ch\\\/bund-will-ab-2026-e-id-herausgeben\\\/\",\"url\":\"https:\\\/\\\/news.save.ch\\\/bund-will-ab-2026-e-id-herausgeben\\\/\",\"name\":\"Bund will ab 2026 E-ID herausgeben - Save\",\"isPartOf\":{\"@id\":\"https:\\\/\\\/news.save.ch\\\/de\\\/#website\"},\"primaryImageOfPage\":{\"@id\":\"https:\\\/\\\/news.save.ch\\\/bund-will-ab-2026-e-id-herausgeben\\\/#primaryimage\"},\"image\":{\"@id\":\"https:\\\/\\\/news.save.ch\\\/bund-will-ab-2026-e-id-herausgeben\\\/#primaryimage\"},\"thumbnailUrl\":\"https:\\\/\\\/news.save.ch\\\/wp-content\\\/uploads\\\/2023\\\/11\\\/Depositphotos_2508294_m-2015-1.jpg\",\"datePublished\":\"2023-11-23T05:00:34+00:00\",\"description\":\"Der Bundesrat plant, in der Schweiz einen elektronischen Identit\u00e4tsausweis (E-ID) ab dem Jahr 2026 herauszugeben.\",\"breadcrumb\":{\"@id\":\"https:\\\/\\\/news.save.ch\\\/bund-will-ab-2026-e-id-herausgeben\\\/#breadcrumb\"},\"inLanguage\":\"fr-FR\",\"potentialAction\":[{\"@type\":\"ReadAction\",\"target\":[\"https:\\\/\\\/news.save.ch\\\/bund-will-ab-2026-e-id-herausgeben\\\/\"]}]},{\"@type\":\"ImageObject\",\"inLanguage\":\"fr-FR\",\"@id\":\"https:\\\/\\\/news.save.ch\\\/bund-will-ab-2026-e-id-herausgeben\\\/#primaryimage\",\"url\":\"https:\\\/\\\/news.save.ch\\\/wp-content\\\/uploads\\\/2023\\\/11\\\/Depositphotos_2508294_m-2015-1.jpg\",\"contentUrl\":\"https:\\\/\\\/news.save.ch\\\/wp-content\\\/uploads\\\/2023\\\/11\\\/Depositphotos_2508294_m-2015-1.jpg\",\"width\":1000,\"height\":750,\"caption\":\"\u00a9 Depositphotos\"},{\"@type\":\"BreadcrumbList\",\"@id\":\"https:\\\/\\\/news.save.ch\\\/bund-will-ab-2026-e-id-herausgeben\\\/#breadcrumb\",\"itemListElement\":[{\"@type\":\"ListItem\",\"position\":1,\"name\":\"Home\",\"item\":\"https:\\\/\\\/news.save.ch\\\/de\\\/\"},{\"@type\":\"ListItem\",\"position\":2,\"name\":\"Bund will ab 2026 E-ID herausgeben\"}]},{\"@type\":\"WebSite\",\"@id\":\"https:\\\/\\\/news.save.ch\\\/de\\\/#website\",\"url\":\"https:\\\/\\\/news.save.ch\\\/de\\\/\",\"name\":\"Save\",\"description\":\"Schweizer Fachzeitschrift f\u00fcr Sicherheit\",\"publisher\":{\"@id\":\"https:\\\/\\\/news.save.ch\\\/de\\\/#organization\"},\"potentialAction\":[{\"@type\":\"SearchAction\",\"target\":{\"@type\":\"EntryPoint\",\"urlTemplate\":\"https:\\\/\\\/news.save.ch\\\/de\\\/?s={search_term_string}\"},\"query-input\":{\"@type\":\"PropertyValueSpecification\",\"valueRequired\":true,\"valueName\":\"search_term_string\"}}],\"inLanguage\":\"fr-FR\"},{\"@type\":\"Organization\",\"@id\":\"https:\\\/\\\/news.save.ch\\\/de\\\/#organization\",\"name\":\"Sicherheitsforum\",\"url\":\"https:\\\/\\\/news.save.ch\\\/de\\\/\",\"logo\":{\"@type\":\"ImageObject\",\"inLanguage\":\"fr-FR\",\"@id\":\"https:\\\/\\\/news.save.ch\\\/de\\\/#\\\/schema\\\/logo\\\/image\\\/\",\"url\":\"https:\\\/\\\/news.save.ch\\\/wp-content\\\/uploads\\\/2022\\\/06\\\/Logo_SF_2012.png\",\"contentUrl\":\"https:\\\/\\\/news.save.ch\\\/wp-content\\\/uploads\\\/2022\\\/06\\\/Logo_SF_2012.png\",\"width\":1100,\"height\":91,\"caption\":\"Sicherheitsforum\"},\"image\":{\"@id\":\"https:\\\/\\\/news.save.ch\\\/de\\\/#\\\/schema\\\/logo\\\/image\\\/\"}},{\"@type\":\"Person\",\"@id\":\"https:\\\/\\\/news.save.ch\\\/de\\\/#\\\/schema\\\/person\\\/d5022db048e0e2b9785c50e5b24da5aa\",\"name\":\"Roger Str\u00e4ssle\",\"image\":{\"@type\":\"ImageObject\",\"inLanguage\":\"fr-FR\",\"@id\":\"https:\\\/\\\/secure.gravatar.com\\\/avatar\\\/862a5569d087de48e5856e32f45d719a03804c891d6deb8d4f71a660e79e4a47?s=96&d=mm&r=g\",\"url\":\"https:\\\/\\\/secure.gravatar.com\\\/avatar\\\/862a5569d087de48e5856e32f45d719a03804c891d6deb8d4f71a660e79e4a47?s=96&d=mm&r=g\",\"contentUrl\":\"https:\\\/\\\/secure.gravatar.com\\\/avatar\\\/862a5569d087de48e5856e32f45d719a03804c891d6deb8d4f71a660e79e4a47?s=96&d=mm&r=g\",\"caption\":\"Roger Str\u00e4ssle\"},\"url\":\"https:\\\/\\\/news.save.ch\\\/fr\\\/author\\\/roger-straessle\\\/\"}]}<\/script>\n<!-- \/ Yoast SEO plugin. -->","yoast_head_json":{"title":"La Conf\u00e9d\u00e9ration veut \u00e9mettre des E-ID \u00e0 partir de 2026 - Save","description":"Le Conseil f\u00e9d\u00e9ral pr\u00e9voit d'\u00e9mettre une carte d'identit\u00e9 \u00e9lectronique (E-ID) en Suisse \u00e0 partir de 2026.","robots":{"index":"index","follow":"follow","max-snippet":"max-snippet:-1","max-image-preview":"max-image-preview:large","max-video-preview":"max-video-preview:-1"},"canonical":"https:\/\/news.save.ch\/fr\/bund-will-ab-2026-e-id-herausgeben\/","og_locale":"fr_FR","og_type":"article","og_title":"Bund will ab 2026 E-ID herausgeben - Save","og_description":"Der Bundesrat plant, in der Schweiz einen elektronischen Identit\u00e4tsausweis (E-ID) ab dem Jahr 2026 herauszugeben.","og_url":"https:\/\/news.save.ch\/fr\/bund-will-ab-2026-e-id-herausgeben\/","og_site_name":"Save","article_published_time":"2023-11-23T05:00:34+00:00","og_image":[{"width":1000,"height":750,"url":"https:\/\/news.save.ch\/wp-content\/uploads\/2023\/11\/Depositphotos_2508294_m-2015-1.jpg","type":"image\/jpeg"}],"author":"Roger Str\u00e4ssle","twitter_card":"summary_large_image","twitter_misc":{"\u00c9crit par":"Roger Str\u00e4ssle","Dur\u00e9e de lecture estim\u00e9e":"3 minutes"},"schema":{"@context":"https:\/\/schema.org","@graph":[{"@type":"Article","@id":"https:\/\/news.save.ch\/bund-will-ab-2026-e-id-herausgeben\/#article","isPartOf":{"@id":"https:\/\/news.save.ch\/bund-will-ab-2026-e-id-herausgeben\/"},"author":{"name":"Roger Str\u00e4ssle","@id":"https:\/\/news.save.ch\/de\/#\/schema\/person\/d5022db048e0e2b9785c50e5b24da5aa"},"headline":"Bund will ab 2026 E-ID herausgeben","datePublished":"2023-11-23T05:00:34+00:00","mainEntityOfPage":{"@id":"https:\/\/news.save.ch\/bund-will-ab-2026-e-id-herausgeben\/"},"wordCount":427,"publisher":{"@id":"https:\/\/news.save.ch\/de\/#organization"},"image":{"@id":"https:\/\/news.save.ch\/bund-will-ab-2026-e-id-herausgeben\/#primaryimage"},"thumbnailUrl":"https:\/\/news.save.ch\/wp-content\/uploads\/2023\/11\/Depositphotos_2508294_m-2015-1.jpg","keywords":["E-ID"],"articleSection":["DIGITALISIERUNG"],"inLanguage":"fr-FR"},{"@type":"WebPage","@id":"https:\/\/news.save.ch\/bund-will-ab-2026-e-id-herausgeben\/","url":"https:\/\/news.save.ch\/bund-will-ab-2026-e-id-herausgeben\/","name":"La Conf\u00e9d\u00e9ration veut \u00e9mettre des E-ID \u00e0 partir de 2026 - Save","isPartOf":{"@id":"https:\/\/news.save.ch\/de\/#website"},"primaryImageOfPage":{"@id":"https:\/\/news.save.ch\/bund-will-ab-2026-e-id-herausgeben\/#primaryimage"},"image":{"@id":"https:\/\/news.save.ch\/bund-will-ab-2026-e-id-herausgeben\/#primaryimage"},"thumbnailUrl":"https:\/\/news.save.ch\/wp-content\/uploads\/2023\/11\/Depositphotos_2508294_m-2015-1.jpg","datePublished":"2023-11-23T05:00:34+00:00","description":"Le Conseil f\u00e9d\u00e9ral pr\u00e9voit d'\u00e9mettre une carte d'identit\u00e9 \u00e9lectronique (E-ID) en Suisse \u00e0 partir de 2026.","breadcrumb":{"@id":"https:\/\/news.save.ch\/bund-will-ab-2026-e-id-herausgeben\/#breadcrumb"},"inLanguage":"fr-FR","potentialAction":[{"@type":"ReadAction","target":["https:\/\/news.save.ch\/bund-will-ab-2026-e-id-herausgeben\/"]}]},{"@type":"ImageObject","inLanguage":"fr-FR","@id":"https:\/\/news.save.ch\/bund-will-ab-2026-e-id-herausgeben\/#primaryimage","url":"https:\/\/news.save.ch\/wp-content\/uploads\/2023\/11\/Depositphotos_2508294_m-2015-1.jpg","contentUrl":"https:\/\/news.save.ch\/wp-content\/uploads\/2023\/11\/Depositphotos_2508294_m-2015-1.jpg","width":1000,"height":750,"caption":"\u00a9 Depositphotos"},{"@type":"BreadcrumbList","@id":"https:\/\/news.save.ch\/bund-will-ab-2026-e-id-herausgeben\/#breadcrumb","itemListElement":[{"@type":"ListItem","position":1,"name":"Home","item":"https:\/\/news.save.ch\/de\/"},{"@type":"ListItem","position":2,"name":"Bund will ab 2026 E-ID herausgeben"}]},{"@type":"WebSite","@id":"https:\/\/news.save.ch\/de\/#website","url":"https:\/\/news.save.ch\/de\/","name":"Save","description":"Revue suisse sp\u00e9cialis\u00e9e dans la s\u00e9curit\u00e9","publisher":{"@id":"https:\/\/news.save.ch\/de\/#organization"},"potentialAction":[{"@type":"SearchAction","target":{"@type":"EntryPoint","urlTemplate":"https:\/\/news.save.ch\/de\/?s={search_term_string}"},"query-input":{"@type":"PropertyValueSpecification","valueRequired":true,"valueName":"search_term_string"}}],"inLanguage":"fr-FR"},{"@type":"Organization","@id":"https:\/\/news.save.ch\/de\/#organization","name":"Forum sur la s\u00e9curit\u00e9","url":"https:\/\/news.save.ch\/de\/","logo":{"@type":"ImageObject","inLanguage":"fr-FR","@id":"https:\/\/news.save.ch\/de\/#\/schema\/logo\/image\/","url":"https:\/\/news.save.ch\/wp-content\/uploads\/2022\/06\/Logo_SF_2012.png","contentUrl":"https:\/\/news.save.ch\/wp-content\/uploads\/2022\/06\/Logo_SF_2012.png","width":1100,"height":91,"caption":"Sicherheitsforum"},"image":{"@id":"https:\/\/news.save.ch\/de\/#\/schema\/logo\/image\/"}},{"@type":"Person","@id":"https:\/\/news.save.ch\/de\/#\/schema\/person\/d5022db048e0e2b9785c50e5b24da5aa","name":"Roger Str\u00e4ssle","image":{"@type":"ImageObject","inLanguage":"fr-FR","@id":"https:\/\/secure.gravatar.com\/avatar\/862a5569d087de48e5856e32f45d719a03804c891d6deb8d4f71a660e79e4a47?s=96&d=mm&r=g","url":"https:\/\/secure.gravatar.com\/avatar\/862a5569d087de48e5856e32f45d719a03804c891d6deb8d4f71a660e79e4a47?s=96&d=mm&r=g","contentUrl":"https:\/\/secure.gravatar.com\/avatar\/862a5569d087de48e5856e32f45d719a03804c891d6deb8d4f71a660e79e4a47?s=96&d=mm&r=g","caption":"Roger Str\u00e4ssle"},"url":"https:\/\/news.save.ch\/fr\/author\/roger-straessle\/"}]}},"_links":{"self":[{"href":"https:\/\/news.save.ch\/fr\/wp-json\/wp\/v2\/posts\/22436","targetHints":{"allow":["GET"]}}],"collection":[{"href":"https:\/\/news.save.ch\/fr\/wp-json\/wp\/v2\/posts"}],"about":[{"href":"https:\/\/news.save.ch\/fr\/wp-json\/wp\/v2\/types\/post"}],"author":[{"embeddable":true,"href":"https:\/\/news.save.ch\/fr\/wp-json\/wp\/v2\/users\/8"}],"replies":[{"embeddable":true,"href":"https:\/\/news.save.ch\/fr\/wp-json\/wp\/v2\/comments?post=22436"}],"version-history":[{"count":5,"href":"https:\/\/news.save.ch\/fr\/wp-json\/wp\/v2\/posts\/22436\/revisions"}],"predecessor-version":[{"id":22442,"href":"https:\/\/news.save.ch\/fr\/wp-json\/wp\/v2\/posts\/22436\/revisions\/22442"}],"wp:featuredmedia":[{"embeddable":true,"href":"https:\/\/news.save.ch\/fr\/wp-json\/wp\/v2\/media\/22437"}],"wp:attachment":[{"href":"https:\/\/news.save.ch\/fr\/wp-json\/wp\/v2\/media?parent=22436"}],"wp:term":[{"taxonomy":"category","embeddable":true,"href":"https:\/\/news.save.ch\/fr\/wp-json\/wp\/v2\/categories?post=22436"},{"taxonomy":"post_tag","embeddable":true,"href":"https:\/\/news.save.ch\/fr\/wp-json\/wp\/v2\/tags?post=22436"}],"curies":[{"name":"wp","href":"https:\/\/api.w.org\/{rel}","templated":true}]}}