{"id":22637,"date":"2024-01-15T13:44:19","date_gmt":"2024-01-15T12:44:19","guid":{"rendered":"https:\/\/news.save.ch\/?p=22637"},"modified":"2024-01-15T15:49:27","modified_gmt":"2024-01-15T14:49:27","slug":"meldepflicht-fuer-arzneimittel","status":null,"type":"post","link":"https:\/\/news.save.ch\/fr\/meldepflicht-fuer-arzneimittel\/","title":{"rendered":"D\u00e9claration obligatoire des m\u00e9dicaments"},"content":{"rendered":"<figure id=\"attachment_22638\" aria-describedby=\"caption-attachment-22638\" style=\"width: 680px\" class=\"wp-caption alignnone\"><img loading=\"lazy\" decoding=\"async\" class=\"size-medium wp-image-22638\" src=\"https:\/\/news.save.ch\/wp-content\/uploads\/2024\/01\/Depositphotos_229420152_S-680x460.jpg\" alt=\"\" width=\"680\" height=\"460\" srcset=\"https:\/\/news.save.ch\/wp-content\/uploads\/2024\/01\/Depositphotos_229420152_S-680x460.jpg 680w, https:\/\/news.save.ch\/wp-content\/uploads\/2024\/01\/Depositphotos_229420152_S-768x519.jpg 768w, https:\/\/news.save.ch\/wp-content\/uploads\/2024\/01\/Depositphotos_229420152_S-18x12.jpg 18w, https:\/\/news.save.ch\/wp-content\/uploads\/2024\/01\/Depositphotos_229420152_S-375x254.jpg 375w, https:\/\/news.save.ch\/wp-content\/uploads\/2024\/01\/Depositphotos_229420152_S-518x350.jpg 518w, https:\/\/news.save.ch\/wp-content\/uploads\/2024\/01\/Depositphotos_229420152_S.jpg 1000w\" sizes=\"auto, (max-width: 680px) 100vw, 680px\" \/><figcaption id=\"caption-attachment-22638\" class=\"wp-caption-text\">A l'avenir, des r\u00e9serves obligatoires devront \u00eatre constitu\u00e9es pour davantage de substances actives. Image : depositphotos, Fahroni<\/figcaption><\/figure>\n<p>Les m\u00e9dicaments vitaux sont soumis \u00e0 une obligation de d\u00e9claration et de stockage. L'Approvisionnement \u00e9conomique du pays (AEP) a d\u00e9cid\u00e9 d'apporter des modifications \u00e0 ce sujet. Le nombre de substances actives soumises \u00e0 l'obligation de d\u00e9claration augmente de plus de 60% pour atteindre environ 320. Et \u00e0 l'avenir, des r\u00e9serves obligatoires devront \u00eatre disponibles pour environ 120 substances actives, soit une augmentation de pr\u00e8s d'un quart. Les modifications de l'ordonnance, qui contribuent \u00e0 am\u00e9liorer la situation en mati\u00e8re d'approvisionnement, entreront en vigueur le 15 janvier 2024.<\/p>\n<p>Le WL (secteur des produits th\u00e9rapeutiques) v\u00e9rifie en principe tous les deux ans les ordonnances relatives \u00e0 l'obligation de d\u00e9claration et de stockage et les adapte. En raison de la pand\u00e9mie de COVID-19, il a fallu renoncer \u00e0 la r\u00e9vision de 2021\/2022. Quatre ans apr\u00e8s la derni\u00e8re r\u00e9vision, plusieurs compl\u00e9ments s'imposaient donc.<\/p>\n<h3>Les goulots d'\u00e9tranglement doivent \u00eatre signal\u00e9s<\/h3>\n<p>D\u00e9sormais, 124 substances actives sont soumises \u00e0 l'obligation de notification. Pour cinq substances actives, l'obligation de notification est supprim\u00e9e. Ainsi, environ 320 substances actives sont d\u00e9sormais soumises \u00e0 l'obligation de notification. Si une substance active est soumise \u00e0 l'obligation de notification par voie d'ordonnance, les p\u00e9nuries ou les interruptions de livraison doivent \u00eatre signal\u00e9es au service de notification de la WL. Celui qui fabrique ou distribue ces principes actifs doit \u00e9galement indiquer combien de temps l'approvisionnement sera perturb\u00e9 et s'il existe d'ici l\u00e0 des produits th\u00e9rapeutiques alternatifs. Le bureau d'annonce saisit ces informations et informe en retour r\u00e9guli\u00e8rement tous les acteurs de l'\u00e9tat actuel de la situation d'approvisionnement.<\/p>\n<p>Lors de la r\u00e9vision des ordonnances, l'obligation de stockage a en outre \u00e9t\u00e9 \u00e9tendue \u00e0 23 autres substances actives. L'obligation de stockage a \u00e9t\u00e9 supprim\u00e9e pour la p\u00e9thidine et les pr\u00e9parations combin\u00e9es. L'obligation de constituer des r\u00e9serves strat\u00e9giques s'applique donc d\u00e9sormais \u00e0 environ 120 substances actives. Si le march\u00e9 peut \u00e9voluer vers une<\/p>\n<p>Si un pays ne peut plus assurer lui-m\u00eame son approvisionnement en cas de p\u00e9nurie, il peut recourir \u00e0 ces r\u00e9serves obligatoires.<\/p>\n<h3>Am\u00e9lioration continue de l'approvisionnement<\/h3>\n<p>L'extension de l'obligation de d\u00e9clarer et de stocker entra\u00eene un surcro\u00eet de travail tant pour l'approvisionnement \u00e9conomique du pays que pour les entreprises soumises \u00e0 l'obligation de d\u00e9clarer. Pour faire face \u00e0 ce surcro\u00eet de travail, les processus doivent \u00eatre automatis\u00e9s \u00e0 l'avenir. L'extension importante de l'obligation d'annoncer et de stocker qui vient d'\u00eatre r\u00e9alis\u00e9e permet de r\u00e9duire le risque de p\u00e9nurie de m\u00e9dicaments critiques pour l'approvisionnement.<\/p>\n<p>Les cantons, les organisations du secteur de la sant\u00e9 et les entreprises pharmaceutiques ont \u00e9t\u00e9 consult\u00e9s l'\u00e9t\u00e9 dernier sur les adaptations pr\u00e9vues de l'obligation d'annoncer et de stocker. L'extension de l'obligation d'annoncer et de stocker a \u00e9t\u00e9 salu\u00e9e dans son principe. N\u00e9anmoins, toutes les demandes exprim\u00e9es n'ont pas pu \u00eatre prises en compte. Celles-ci sont toutefois int\u00e9gr\u00e9es dans les travaux en cours, comme par exemple les propositions d'\u00e9tendre l'obligation d'annoncer \u00e0 tous les m\u00e9dicaments soumis \u00e0 ordonnance ou de soutenir financi\u00e8rement les stocks obligatoires de la part de la Conf\u00e9d\u00e9ration.<\/p>\n<p><em>Source : Office f\u00e9d\u00e9ral pour l'approvisionnement \u00e9conomique du pays<\/em><\/p>","protected":false},"excerpt":{"rendered":"<p>Lebenswichtige Arzneimittel unterliegen einer Melde- und Lagerpflicht. Die Wirtschaftliche Landesversorgung (WL) hat hier \u00c4nderungen beschlossen.\u00a0Die Zahl der Wirkstoffe, die der Meldepflicht unterliegen, steigt um mehr als 60% auf rund 320. Und k\u00fcnftig m\u00fcssen f\u00fcr rund 120 Wirkstoffe Pflichtlager vorhanden sein, eine Zunahme um fast einen Viertel. Die Verordnungs\u00e4nderungen, welche die Versorgungslage verbessern helfen, treten am [&hellip;]<\/p>\n","protected":false},"author":31,"featured_media":22638,"comment_status":"closed","ping_status":"closed","sticky":false,"template":"","format":"standard","meta":{"_acf_changed":false,"pgc_sgb_lightbox_settings":"","footnotes":""},"categories":[3314],"tags":[1685,3331,4181,3255],"class_list":["post-22637","post","type-post","status-publish","format-standard","has-post-thumbnail","hentry","category-health-safety","tag-arzneimittel","tag-bundesamt-fuer-wirtschaftliche-landesversorgung","tag-meldepflicht","tag-wirkstoffe"],"acf":[],"hkrextid":null,"publication":null,"issue":null,"workflow":null,"startPage":null,"spitzmarke":null,"_posts_by_tag_page_fields":null,"_at_widget":null,"_yoast_wpseo_primary_category":"3314","_yoast_wpseo_focuskw_text_input":null,"_yoast_wpseo_opengraph-image":null,"_yoast_wpseo_opengraph-description":null,"_yoast_wpseo_opengraph-title":null,"enclosure":null,"_yoast_wpseo_twitter-title":null,"_yoast_wpseo_twitter-description":null,"_yoast_wpseo_twitter-image":null,"_wp_old_slug":"22637-2","_yoast_wpseo_title":null,"_yoast_wpseo_canonical":null,"yoast_head":"<!-- This site is optimized with the Yoast SEO plugin v27.5 - https:\/\/yoast.com\/product\/yoast-seo-wordpress\/ -->\n<title>Meldepflicht f\u00fcr Arzneimittel - Save<\/title>\n<meta name=\"description\" content=\"Die Wirtschaftliche Landesversorgung erweitert die Melde- und Lagerpflicht lebenswichtiger Arzneimittel. Die Zahl der Wirkstoffe, die der Meldepflicht unterliegen, steigt um mehr als 60%.\" \/>\n<meta name=\"robots\" content=\"index, follow, max-snippet:-1, max-image-preview:large, max-video-preview:-1\" \/>\n<link rel=\"canonical\" href=\"https:\/\/news.save.ch\/fr\/meldepflicht-fuer-arzneimittel\/\" \/>\n<meta property=\"og:locale\" content=\"fr_FR\" \/>\n<meta property=\"og:type\" content=\"article\" \/>\n<meta property=\"og:title\" content=\"Meldepflicht f\u00fcr Arzneimittel - Save\" \/>\n<meta property=\"og:description\" content=\"Die Wirtschaftliche Landesversorgung erweitert die Melde- und Lagerpflicht lebenswichtiger Arzneimittel. Die Zahl der Wirkstoffe, die der Meldepflicht unterliegen, steigt um mehr als 60%.\" \/>\n<meta property=\"og:url\" content=\"https:\/\/news.save.ch\/fr\/meldepflicht-fuer-arzneimittel\/\" \/>\n<meta property=\"og:site_name\" content=\"Save\" \/>\n<meta property=\"article:published_time\" content=\"2024-01-15T12:44:19+00:00\" \/>\n<meta property=\"article:modified_time\" content=\"2024-01-15T14:49:27+00:00\" \/>\n<meta property=\"og:image\" content=\"https:\/\/news.save.ch\/wp-content\/uploads\/2024\/01\/Depositphotos_229420152_S.jpg\" \/>\n\t<meta property=\"og:image:width\" content=\"1000\" \/>\n\t<meta property=\"og:image:height\" content=\"676\" \/>\n\t<meta property=\"og:image:type\" content=\"image\/jpeg\" \/>\n<meta name=\"author\" content=\"stefanie Zeng\" \/>\n<meta name=\"twitter:card\" content=\"summary_large_image\" \/>\n<meta name=\"twitter:label1\" content=\"\u00c9crit par\" \/>\n\t<meta name=\"twitter:data1\" content=\"stefanie Zeng\" \/>\n\t<meta name=\"twitter:label2\" content=\"Dur\u00e9e de lecture estim\u00e9e\" \/>\n\t<meta name=\"twitter:data2\" content=\"3 minutes\" \/>\n<script type=\"application\/ld+json\" class=\"yoast-schema-graph\">{\"@context\":\"https:\\\/\\\/schema.org\",\"@graph\":[{\"@type\":\"Article\",\"@id\":\"https:\\\/\\\/news.save.ch\\\/meldepflicht-fuer-arzneimittel\\\/#article\",\"isPartOf\":{\"@id\":\"https:\\\/\\\/news.save.ch\\\/meldepflicht-fuer-arzneimittel\\\/\"},\"author\":{\"name\":\"stefanie Zeng\",\"@id\":\"https:\\\/\\\/news.save.ch\\\/de\\\/#\\\/schema\\\/person\\\/10917387362b3961e882740f6cf6f2a2\"},\"headline\":\"Meldepflicht f\u00fcr Arzneimittel\",\"datePublished\":\"2024-01-15T12:44:19+00:00\",\"dateModified\":\"2024-01-15T14:49:27+00:00\",\"mainEntityOfPage\":{\"@id\":\"https:\\\/\\\/news.save.ch\\\/meldepflicht-fuer-arzneimittel\\\/\"},\"wordCount\":420,\"publisher\":{\"@id\":\"https:\\\/\\\/news.save.ch\\\/de\\\/#organization\"},\"image\":{\"@id\":\"https:\\\/\\\/news.save.ch\\\/meldepflicht-fuer-arzneimittel\\\/#primaryimage\"},\"thumbnailUrl\":\"https:\\\/\\\/news.save.ch\\\/wp-content\\\/uploads\\\/2024\\\/01\\\/Depositphotos_229420152_S.jpg\",\"keywords\":[\"Arzneimittel\",\"Bundesamt f\u00fcr wirtschaftliche Landesversorgung\",\"Meldepflicht\",\"Wirkstoffe\"],\"articleSection\":[\"HEALTH &amp; SAFETY\"],\"inLanguage\":\"fr-FR\"},{\"@type\":\"WebPage\",\"@id\":\"https:\\\/\\\/news.save.ch\\\/meldepflicht-fuer-arzneimittel\\\/\",\"url\":\"https:\\\/\\\/news.save.ch\\\/meldepflicht-fuer-arzneimittel\\\/\",\"name\":\"Meldepflicht f\u00fcr Arzneimittel - Save\",\"isPartOf\":{\"@id\":\"https:\\\/\\\/news.save.ch\\\/de\\\/#website\"},\"primaryImageOfPage\":{\"@id\":\"https:\\\/\\\/news.save.ch\\\/meldepflicht-fuer-arzneimittel\\\/#primaryimage\"},\"image\":{\"@id\":\"https:\\\/\\\/news.save.ch\\\/meldepflicht-fuer-arzneimittel\\\/#primaryimage\"},\"thumbnailUrl\":\"https:\\\/\\\/news.save.ch\\\/wp-content\\\/uploads\\\/2024\\\/01\\\/Depositphotos_229420152_S.jpg\",\"datePublished\":\"2024-01-15T12:44:19+00:00\",\"dateModified\":\"2024-01-15T14:49:27+00:00\",\"description\":\"Die Wirtschaftliche Landesversorgung erweitert die Melde- und Lagerpflicht lebenswichtiger Arzneimittel. Die Zahl der Wirkstoffe, die der Meldepflicht unterliegen, steigt um mehr als 60%.\",\"breadcrumb\":{\"@id\":\"https:\\\/\\\/news.save.ch\\\/meldepflicht-fuer-arzneimittel\\\/#breadcrumb\"},\"inLanguage\":\"fr-FR\",\"potentialAction\":[{\"@type\":\"ReadAction\",\"target\":[\"https:\\\/\\\/news.save.ch\\\/meldepflicht-fuer-arzneimittel\\\/\"]}]},{\"@type\":\"ImageObject\",\"inLanguage\":\"fr-FR\",\"@id\":\"https:\\\/\\\/news.save.ch\\\/meldepflicht-fuer-arzneimittel\\\/#primaryimage\",\"url\":\"https:\\\/\\\/news.save.ch\\\/wp-content\\\/uploads\\\/2024\\\/01\\\/Depositphotos_229420152_S.jpg\",\"contentUrl\":\"https:\\\/\\\/news.save.ch\\\/wp-content\\\/uploads\\\/2024\\\/01\\\/Depositphotos_229420152_S.jpg\",\"width\":1000,\"height\":676,\"caption\":\"K\u00fcnftig m\u00fcssen f\u00fcr mehr Wirkstoffe Pflichtlager vorhanden sein. Bild: depositphotos, Fahroni\"},{\"@type\":\"BreadcrumbList\",\"@id\":\"https:\\\/\\\/news.save.ch\\\/meldepflicht-fuer-arzneimittel\\\/#breadcrumb\",\"itemListElement\":[{\"@type\":\"ListItem\",\"position\":1,\"name\":\"Home\",\"item\":\"https:\\\/\\\/news.save.ch\\\/de\\\/\"},{\"@type\":\"ListItem\",\"position\":2,\"name\":\"Meldepflicht f\u00fcr Arzneimittel\"}]},{\"@type\":\"WebSite\",\"@id\":\"https:\\\/\\\/news.save.ch\\\/de\\\/#website\",\"url\":\"https:\\\/\\\/news.save.ch\\\/de\\\/\",\"name\":\"Save\",\"description\":\"Schweizer Fachzeitschrift f\u00fcr Sicherheit\",\"publisher\":{\"@id\":\"https:\\\/\\\/news.save.ch\\\/de\\\/#organization\"},\"potentialAction\":[{\"@type\":\"SearchAction\",\"target\":{\"@type\":\"EntryPoint\",\"urlTemplate\":\"https:\\\/\\\/news.save.ch\\\/de\\\/?s={search_term_string}\"},\"query-input\":{\"@type\":\"PropertyValueSpecification\",\"valueRequired\":true,\"valueName\":\"search_term_string\"}}],\"inLanguage\":\"fr-FR\"},{\"@type\":\"Organization\",\"@id\":\"https:\\\/\\\/news.save.ch\\\/de\\\/#organization\",\"name\":\"Sicherheitsforum\",\"url\":\"https:\\\/\\\/news.save.ch\\\/de\\\/\",\"logo\":{\"@type\":\"ImageObject\",\"inLanguage\":\"fr-FR\",\"@id\":\"https:\\\/\\\/news.save.ch\\\/de\\\/#\\\/schema\\\/logo\\\/image\\\/\",\"url\":\"https:\\\/\\\/news.save.ch\\\/wp-content\\\/uploads\\\/2022\\\/06\\\/Logo_SF_2012.png\",\"contentUrl\":\"https:\\\/\\\/news.save.ch\\\/wp-content\\\/uploads\\\/2022\\\/06\\\/Logo_SF_2012.png\",\"width\":1100,\"height\":91,\"caption\":\"Sicherheitsforum\"},\"image\":{\"@id\":\"https:\\\/\\\/news.save.ch\\\/de\\\/#\\\/schema\\\/logo\\\/image\\\/\"}},{\"@type\":\"Person\",\"@id\":\"https:\\\/\\\/news.save.ch\\\/de\\\/#\\\/schema\\\/person\\\/10917387362b3961e882740f6cf6f2a2\",\"name\":\"stefanie Zeng\",\"image\":{\"@type\":\"ImageObject\",\"inLanguage\":\"fr-FR\",\"@id\":\"https:\\\/\\\/secure.gravatar.com\\\/avatar\\\/eac43faa6e40bb2c41068c95c9d78bbd94c476d5efdff7abaab80bb3ea681e06?s=96&d=mm&r=g\",\"url\":\"https:\\\/\\\/secure.gravatar.com\\\/avatar\\\/eac43faa6e40bb2c41068c95c9d78bbd94c476d5efdff7abaab80bb3ea681e06?s=96&d=mm&r=g\",\"contentUrl\":\"https:\\\/\\\/secure.gravatar.com\\\/avatar\\\/eac43faa6e40bb2c41068c95c9d78bbd94c476d5efdff7abaab80bb3ea681e06?s=96&d=mm&r=g\",\"caption\":\"stefanie Zeng\"},\"url\":\"https:\\\/\\\/news.save.ch\\\/fr\\\/author\\\/stefanie-zeng\\\/\"}]}<\/script>\n<!-- \/ Yoast SEO plugin. -->","yoast_head_json":{"title":"Obligation d'annoncer les m\u00e9dicaments - Save","description":"L'Approvisionnement \u00e9conomique du pays \u00e9tend l'obligation de d\u00e9claration et de stockage des m\u00e9dicaments vitaux. Le nombre de substances actives soumises \u00e0 l'obligation de d\u00e9claration augmente de plus de 60%.","robots":{"index":"index","follow":"follow","max-snippet":"max-snippet:-1","max-image-preview":"max-image-preview:large","max-video-preview":"max-video-preview:-1"},"canonical":"https:\/\/news.save.ch\/fr\/meldepflicht-fuer-arzneimittel\/","og_locale":"fr_FR","og_type":"article","og_title":"Meldepflicht f\u00fcr Arzneimittel - Save","og_description":"Die Wirtschaftliche Landesversorgung erweitert die Melde- und Lagerpflicht lebenswichtiger Arzneimittel. Die Zahl der Wirkstoffe, die der Meldepflicht unterliegen, steigt um mehr als 60%.","og_url":"https:\/\/news.save.ch\/fr\/meldepflicht-fuer-arzneimittel\/","og_site_name":"Save","article_published_time":"2024-01-15T12:44:19+00:00","article_modified_time":"2024-01-15T14:49:27+00:00","og_image":[{"width":1000,"height":676,"url":"https:\/\/news.save.ch\/wp-content\/uploads\/2024\/01\/Depositphotos_229420152_S.jpg","type":"image\/jpeg"}],"author":"stefanie Zeng","twitter_card":"summary_large_image","twitter_misc":{"\u00c9crit par":"stefanie Zeng","Dur\u00e9e de lecture estim\u00e9e":"3 minutes"},"schema":{"@context":"https:\/\/schema.org","@graph":[{"@type":"Article","@id":"https:\/\/news.save.ch\/meldepflicht-fuer-arzneimittel\/#article","isPartOf":{"@id":"https:\/\/news.save.ch\/meldepflicht-fuer-arzneimittel\/"},"author":{"name":"stefanie Zeng","@id":"https:\/\/news.save.ch\/de\/#\/schema\/person\/10917387362b3961e882740f6cf6f2a2"},"headline":"Meldepflicht f\u00fcr Arzneimittel","datePublished":"2024-01-15T12:44:19+00:00","dateModified":"2024-01-15T14:49:27+00:00","mainEntityOfPage":{"@id":"https:\/\/news.save.ch\/meldepflicht-fuer-arzneimittel\/"},"wordCount":420,"publisher":{"@id":"https:\/\/news.save.ch\/de\/#organization"},"image":{"@id":"https:\/\/news.save.ch\/meldepflicht-fuer-arzneimittel\/#primaryimage"},"thumbnailUrl":"https:\/\/news.save.ch\/wp-content\/uploads\/2024\/01\/Depositphotos_229420152_S.jpg","keywords":["Arzneimittel","Bundesamt f\u00fcr wirtschaftliche Landesversorgung","Meldepflicht","Wirkstoffe"],"articleSection":["HEALTH &amp; SAFETY"],"inLanguage":"fr-FR"},{"@type":"WebPage","@id":"https:\/\/news.save.ch\/meldepflicht-fuer-arzneimittel\/","url":"https:\/\/news.save.ch\/meldepflicht-fuer-arzneimittel\/","name":"Obligation d'annoncer les m\u00e9dicaments - Save","isPartOf":{"@id":"https:\/\/news.save.ch\/de\/#website"},"primaryImageOfPage":{"@id":"https:\/\/news.save.ch\/meldepflicht-fuer-arzneimittel\/#primaryimage"},"image":{"@id":"https:\/\/news.save.ch\/meldepflicht-fuer-arzneimittel\/#primaryimage"},"thumbnailUrl":"https:\/\/news.save.ch\/wp-content\/uploads\/2024\/01\/Depositphotos_229420152_S.jpg","datePublished":"2024-01-15T12:44:19+00:00","dateModified":"2024-01-15T14:49:27+00:00","description":"L'Approvisionnement \u00e9conomique du pays \u00e9tend l'obligation de d\u00e9claration et de stockage des m\u00e9dicaments vitaux. Le nombre de substances actives soumises \u00e0 l'obligation de d\u00e9claration augmente de plus de 60%.","breadcrumb":{"@id":"https:\/\/news.save.ch\/meldepflicht-fuer-arzneimittel\/#breadcrumb"},"inLanguage":"fr-FR","potentialAction":[{"@type":"ReadAction","target":["https:\/\/news.save.ch\/meldepflicht-fuer-arzneimittel\/"]}]},{"@type":"ImageObject","inLanguage":"fr-FR","@id":"https:\/\/news.save.ch\/meldepflicht-fuer-arzneimittel\/#primaryimage","url":"https:\/\/news.save.ch\/wp-content\/uploads\/2024\/01\/Depositphotos_229420152_S.jpg","contentUrl":"https:\/\/news.save.ch\/wp-content\/uploads\/2024\/01\/Depositphotos_229420152_S.jpg","width":1000,"height":676,"caption":"K\u00fcnftig m\u00fcssen f\u00fcr mehr Wirkstoffe Pflichtlager vorhanden sein. Bild: depositphotos, Fahroni"},{"@type":"BreadcrumbList","@id":"https:\/\/news.save.ch\/meldepflicht-fuer-arzneimittel\/#breadcrumb","itemListElement":[{"@type":"ListItem","position":1,"name":"Home","item":"https:\/\/news.save.ch\/de\/"},{"@type":"ListItem","position":2,"name":"Meldepflicht f\u00fcr Arzneimittel"}]},{"@type":"WebSite","@id":"https:\/\/news.save.ch\/de\/#website","url":"https:\/\/news.save.ch\/de\/","name":"Save","description":"Revue suisse sp\u00e9cialis\u00e9e dans la s\u00e9curit\u00e9","publisher":{"@id":"https:\/\/news.save.ch\/de\/#organization"},"potentialAction":[{"@type":"SearchAction","target":{"@type":"EntryPoint","urlTemplate":"https:\/\/news.save.ch\/de\/?s={search_term_string}"},"query-input":{"@type":"PropertyValueSpecification","valueRequired":true,"valueName":"search_term_string"}}],"inLanguage":"fr-FR"},{"@type":"Organization","@id":"https:\/\/news.save.ch\/de\/#organization","name":"Forum sur la s\u00e9curit\u00e9","url":"https:\/\/news.save.ch\/de\/","logo":{"@type":"ImageObject","inLanguage":"fr-FR","@id":"https:\/\/news.save.ch\/de\/#\/schema\/logo\/image\/","url":"https:\/\/news.save.ch\/wp-content\/uploads\/2022\/06\/Logo_SF_2012.png","contentUrl":"https:\/\/news.save.ch\/wp-content\/uploads\/2022\/06\/Logo_SF_2012.png","width":1100,"height":91,"caption":"Sicherheitsforum"},"image":{"@id":"https:\/\/news.save.ch\/de\/#\/schema\/logo\/image\/"}},{"@type":"Person","@id":"https:\/\/news.save.ch\/de\/#\/schema\/person\/10917387362b3961e882740f6cf6f2a2","name":"stefanie Zeng","image":{"@type":"ImageObject","inLanguage":"fr-FR","@id":"https:\/\/secure.gravatar.com\/avatar\/eac43faa6e40bb2c41068c95c9d78bbd94c476d5efdff7abaab80bb3ea681e06?s=96&d=mm&r=g","url":"https:\/\/secure.gravatar.com\/avatar\/eac43faa6e40bb2c41068c95c9d78bbd94c476d5efdff7abaab80bb3ea681e06?s=96&d=mm&r=g","contentUrl":"https:\/\/secure.gravatar.com\/avatar\/eac43faa6e40bb2c41068c95c9d78bbd94c476d5efdff7abaab80bb3ea681e06?s=96&d=mm&r=g","caption":"stefanie Zeng"},"url":"https:\/\/news.save.ch\/fr\/author\/stefanie-zeng\/"}]}},"_links":{"self":[{"href":"https:\/\/news.save.ch\/fr\/wp-json\/wp\/v2\/posts\/22637","targetHints":{"allow":["GET"]}}],"collection":[{"href":"https:\/\/news.save.ch\/fr\/wp-json\/wp\/v2\/posts"}],"about":[{"href":"https:\/\/news.save.ch\/fr\/wp-json\/wp\/v2\/types\/post"}],"author":[{"embeddable":true,"href":"https:\/\/news.save.ch\/fr\/wp-json\/wp\/v2\/users\/31"}],"replies":[{"embeddable":true,"href":"https:\/\/news.save.ch\/fr\/wp-json\/wp\/v2\/comments?post=22637"}],"version-history":[{"count":2,"href":"https:\/\/news.save.ch\/fr\/wp-json\/wp\/v2\/posts\/22637\/revisions"}],"predecessor-version":[{"id":22641,"href":"https:\/\/news.save.ch\/fr\/wp-json\/wp\/v2\/posts\/22637\/revisions\/22641"}],"wp:featuredmedia":[{"embeddable":true,"href":"https:\/\/news.save.ch\/fr\/wp-json\/wp\/v2\/media\/22638"}],"wp:attachment":[{"href":"https:\/\/news.save.ch\/fr\/wp-json\/wp\/v2\/media?parent=22637"}],"wp:term":[{"taxonomy":"category","embeddable":true,"href":"https:\/\/news.save.ch\/fr\/wp-json\/wp\/v2\/categories?post=22637"},{"taxonomy":"post_tag","embeddable":true,"href":"https:\/\/news.save.ch\/fr\/wp-json\/wp\/v2\/tags?post=22637"}],"curies":[{"name":"wp","href":"https:\/\/api.w.org\/{rel}","templated":true}]}}