{"id":22670,"date":"2024-01-22T11:20:13","date_gmt":"2024-01-22T10:20:13","guid":{"rendered":"https:\/\/news.save.ch\/?p=22670"},"modified":"2024-01-22T11:20:13","modified_gmt":"2024-01-22T10:20:13","slug":"gvz-provisorische-schadensbilanz-2023","status":null,"type":"post","link":"https:\/\/news.save.ch\/fr\/gvz-provisorische-schadensbilanz-2023\/","title":{"rendered":"GVZ : bilan provisoire des dommages en 2023"},"content":{"rendered":"<figure id=\"attachment_22671\" aria-describedby=\"caption-attachment-22671\" style=\"width: 680px\" class=\"wp-caption alignnone\"><img loading=\"lazy\" decoding=\"async\" class=\"size-medium wp-image-22671\" src=\"https:\/\/news.save.ch\/wp-content\/uploads\/2024\/01\/Depositphotos_105835286_S-680x454.jpg\" alt=\"\" width=\"680\" height=\"454\" srcset=\"https:\/\/news.save.ch\/wp-content\/uploads\/2024\/01\/Depositphotos_105835286_S-680x454.jpg 680w, https:\/\/news.save.ch\/wp-content\/uploads\/2024\/01\/Depositphotos_105835286_S-768x512.jpg 768w, https:\/\/news.save.ch\/wp-content\/uploads\/2024\/01\/Depositphotos_105835286_S-18x12.jpg 18w, https:\/\/news.save.ch\/wp-content\/uploads\/2024\/01\/Depositphotos_105835286_S-375x250.jpg 375w, https:\/\/news.save.ch\/wp-content\/uploads\/2024\/01\/Depositphotos_105835286_S-525x350.jpg 525w, https:\/\/news.save.ch\/wp-content\/uploads\/2024\/01\/Depositphotos_105835286_S.jpg 1000w\" sizes=\"auto, (max-width: 680px) 100vw, 680px\" \/><figcaption id=\"caption-attachment-22671\" class=\"wp-caption-text\">Vue a\u00e9rienne de Zurich et de la Limmat (Image : Depositphotos\/pandionhiatus3)<\/figcaption><\/figure>\n<p>Le montant total estim\u00e9 des dommages s'\u00e9l\u00e8ve \u00e0 48,4 millions de francs (ann\u00e9e pr\u00e9c\u00e9dente : 59,9 millions de francs). En 2023, la GVZ a trait\u00e9 au total 3599 sinistres (ann\u00e9e pr\u00e9c\u00e9dente : 3325), dont 1080 incendies ainsi que 2519 dommages naturels.<\/p>\n<p>La somme des dommages estim\u00e9s dus au feu a diminu\u00e9 d'environ 8.0 millions de francs par rapport \u00e0 l'ann\u00e9e pr\u00e9c\u00e9dente, pour atteindre 40.2 millions de francs (ann\u00e9e pr\u00e9c\u00e9dente : 48.6 millions de francs). Les dommages naturels sont \u00e9galement inf\u00e9rieurs \u00e0 ceux de l'ann\u00e9e pr\u00e9c\u00e9dente, avec une somme de dommages estim\u00e9e \u00e0 8,2 millions de francs (ann\u00e9e pr\u00e9c\u00e9dente : 11,3 millions de francs).<\/p>\n<p>Les chiffres provisoires des dommages sont disponibles sur <a href=\"https:\/\/www.gvz.ch\/topnavigation\/schadenzahlen\" target=\"_blank\" rel=\"noopener\">Site web de GVZ<\/a> peuvent \u00eatre consult\u00e9s. La GVZ publiera les chiffres d\u00e9finitifs de l'exercice 2023 apr\u00e8s le 20 mai 2024.<\/p>\n<p>La GVZ Geb\u00e4udeversicherung Kanton Z\u00fcrich assure les b\u00e2timents du canton de Zurich contre les dommages caus\u00e9s par le feu et les \u00e9l\u00e9ments naturels et s'engage dans la pr\u00e9vention pour prot\u00e9ger les personnes et les biens. Dans le cadre de son mandat l\u00e9gal, elle assure la protection contre les incendies et le service du feu en \u00e9troite collaboration avec les communes. La GVZ est une entreprise publique ind\u00e9pendante qui emploie environ 140 collaborateurs \u00e0 plein temps et 250 collaborateurs \u00e0 temps partiel.<\/p>\n<p><em>Source : GVZ<\/em><\/p>","protected":false},"excerpt":{"rendered":"<p>Die gesch\u00e4tzte Gesamtschadensumme betr\u00e4gt 48.4 Mio. (Vorjahr: 59.9 Mio. Franken).\u00a0Die GVZ bearbeitete im Jahr 2023 insgesamt 3599 Schadenf\u00e4lle (Vorjahr: 3325), davon 1080 Feuer- sowie 2519 Elementarsch\u00e4den. Die Summe der gesch\u00e4tzten Feuersch\u00e4den verringerte sich gegen\u00fcber Vorjahr um rund 8.0 Mio. Franken auf 40.2 Mio. Franken (Vorjahr: 48.6 Mio. Franken). Die Elementarsch\u00e4den liegen mit der gesch\u00e4tzten Schadensumme [&hellip;]<\/p>\n","protected":false},"author":31,"featured_media":22671,"comment_status":"closed","ping_status":"closed","sticky":false,"template":"","format":"standard","meta":{"_acf_changed":false,"pgc_sgb_lightbox_settings":"","footnotes":""},"categories":[1],"tags":[476,1449],"class_list":["post-22670","post","type-post","status-publish","format-standard","has-post-thumbnail","hentry","category-allgemein","tag-gebaeudeversicherung","tag-stadt-zuerich"],"acf":[],"hkrextid":null,"publication":null,"issue":null,"workflow":null,"startPage":null,"spitzmarke":null,"_posts_by_tag_page_fields":null,"_at_widget":null,"_yoast_wpseo_primary_category":"","_yoast_wpseo_focuskw_text_input":null,"_yoast_wpseo_opengraph-image":null,"_yoast_wpseo_opengraph-description":null,"_yoast_wpseo_opengraph-title":null,"enclosure":null,"_yoast_wpseo_twitter-title":null,"_yoast_wpseo_twitter-description":null,"_yoast_wpseo_twitter-image":null,"_wp_old_slug":null,"_yoast_wpseo_title":null,"_yoast_wpseo_canonical":null,"yoast_head":"<!-- This site is optimized with the Yoast SEO plugin v27.5 - https:\/\/yoast.com\/product\/yoast-seo-wordpress\/ -->\n<title>GVZ: Provisorische Schadensbilanz 2023 - Save<\/title>\n<meta name=\"description\" content=\"Die GVZ Geb\u00e4udeversicherung Kanton Z\u00fcrich blickt auf ein moderates Schadenjahr zur\u00fcck. 2023 sind sowohl die Feuer- als auch die Elementarsch\u00e4den gegen\u00fcber dem Vorjahr leicht zur\u00fcckgegangen.\" \/>\n<meta name=\"robots\" content=\"index, follow, max-snippet:-1, max-image-preview:large, max-video-preview:-1\" \/>\n<link rel=\"canonical\" href=\"https:\/\/news.save.ch\/fr\/gvz-provisorische-schadensbilanz-2023\/\" \/>\n<meta property=\"og:locale\" content=\"fr_FR\" \/>\n<meta property=\"og:type\" content=\"article\" \/>\n<meta property=\"og:title\" content=\"GVZ: Provisorische Schadensbilanz 2023 - Save\" \/>\n<meta property=\"og:description\" content=\"Die GVZ Geb\u00e4udeversicherung Kanton Z\u00fcrich blickt auf ein moderates Schadenjahr zur\u00fcck. 2023 sind sowohl die Feuer- als auch die Elementarsch\u00e4den gegen\u00fcber dem Vorjahr leicht zur\u00fcckgegangen.\" \/>\n<meta property=\"og:url\" content=\"https:\/\/news.save.ch\/fr\/gvz-provisorische-schadensbilanz-2023\/\" \/>\n<meta property=\"og:site_name\" content=\"Save\" \/>\n<meta property=\"article:published_time\" content=\"2024-01-22T10:20:13+00:00\" \/>\n<meta property=\"og:image\" content=\"https:\/\/news.save.ch\/wp-content\/uploads\/2024\/01\/Depositphotos_105835286_S.jpg\" \/>\n\t<meta property=\"og:image:width\" content=\"1000\" \/>\n\t<meta property=\"og:image:height\" content=\"667\" \/>\n\t<meta property=\"og:image:type\" content=\"image\/jpeg\" \/>\n<meta name=\"author\" content=\"stefanie Zeng\" \/>\n<meta name=\"twitter:card\" content=\"summary_large_image\" \/>\n<meta name=\"twitter:label1\" content=\"\u00c9crit par\" \/>\n\t<meta name=\"twitter:data1\" content=\"stefanie Zeng\" \/>\n\t<meta name=\"twitter:label2\" content=\"Dur\u00e9e de lecture estim\u00e9e\" \/>\n\t<meta name=\"twitter:data2\" content=\"2 minutes\" \/>\n<script type=\"application\/ld+json\" class=\"yoast-schema-graph\">{\"@context\":\"https:\\\/\\\/schema.org\",\"@graph\":[{\"@type\":\"Article\",\"@id\":\"https:\\\/\\\/news.save.ch\\\/gvz-provisorische-schadensbilanz-2023\\\/#article\",\"isPartOf\":{\"@id\":\"https:\\\/\\\/news.save.ch\\\/gvz-provisorische-schadensbilanz-2023\\\/\"},\"author\":{\"name\":\"stefanie Zeng\",\"@id\":\"https:\\\/\\\/news.save.ch\\\/de\\\/#\\\/schema\\\/person\\\/10917387362b3961e882740f6cf6f2a2\"},\"headline\":\"GVZ: Provisorische Schadensbilanz 2023\",\"datePublished\":\"2024-01-22T10:20:13+00:00\",\"mainEntityOfPage\":{\"@id\":\"https:\\\/\\\/news.save.ch\\\/gvz-provisorische-schadensbilanz-2023\\\/\"},\"wordCount\":172,\"publisher\":{\"@id\":\"https:\\\/\\\/news.save.ch\\\/de\\\/#organization\"},\"image\":{\"@id\":\"https:\\\/\\\/news.save.ch\\\/gvz-provisorische-schadensbilanz-2023\\\/#primaryimage\"},\"thumbnailUrl\":\"https:\\\/\\\/news.save.ch\\\/wp-content\\\/uploads\\\/2024\\\/01\\\/Depositphotos_105835286_S.jpg\",\"keywords\":[\"Geb\u00e4udeversicherung\",\"Stadt Z\u00fcrich\"],\"articleSection\":[\"ALLGEMEIN\"],\"inLanguage\":\"fr-FR\"},{\"@type\":\"WebPage\",\"@id\":\"https:\\\/\\\/news.save.ch\\\/gvz-provisorische-schadensbilanz-2023\\\/\",\"url\":\"https:\\\/\\\/news.save.ch\\\/gvz-provisorische-schadensbilanz-2023\\\/\",\"name\":\"GVZ: Provisorische Schadensbilanz 2023 - Save\",\"isPartOf\":{\"@id\":\"https:\\\/\\\/news.save.ch\\\/de\\\/#website\"},\"primaryImageOfPage\":{\"@id\":\"https:\\\/\\\/news.save.ch\\\/gvz-provisorische-schadensbilanz-2023\\\/#primaryimage\"},\"image\":{\"@id\":\"https:\\\/\\\/news.save.ch\\\/gvz-provisorische-schadensbilanz-2023\\\/#primaryimage\"},\"thumbnailUrl\":\"https:\\\/\\\/news.save.ch\\\/wp-content\\\/uploads\\\/2024\\\/01\\\/Depositphotos_105835286_S.jpg\",\"datePublished\":\"2024-01-22T10:20:13+00:00\",\"description\":\"Die GVZ Geb\u00e4udeversicherung Kanton Z\u00fcrich blickt auf ein moderates Schadenjahr zur\u00fcck. 2023 sind sowohl die Feuer- als auch die Elementarsch\u00e4den gegen\u00fcber dem Vorjahr leicht zur\u00fcckgegangen.\",\"breadcrumb\":{\"@id\":\"https:\\\/\\\/news.save.ch\\\/gvz-provisorische-schadensbilanz-2023\\\/#breadcrumb\"},\"inLanguage\":\"fr-FR\",\"potentialAction\":[{\"@type\":\"ReadAction\",\"target\":[\"https:\\\/\\\/news.save.ch\\\/gvz-provisorische-schadensbilanz-2023\\\/\"]}]},{\"@type\":\"ImageObject\",\"inLanguage\":\"fr-FR\",\"@id\":\"https:\\\/\\\/news.save.ch\\\/gvz-provisorische-schadensbilanz-2023\\\/#primaryimage\",\"url\":\"https:\\\/\\\/news.save.ch\\\/wp-content\\\/uploads\\\/2024\\\/01\\\/Depositphotos_105835286_S.jpg\",\"contentUrl\":\"https:\\\/\\\/news.save.ch\\\/wp-content\\\/uploads\\\/2024\\\/01\\\/Depositphotos_105835286_S.jpg\",\"width\":1000,\"height\":667,\"caption\":\"Luftaufnahme von Z\u00fcrich und der Limmat (Bild: Depositphotos\\\/pandionhiatus3)\"},{\"@type\":\"BreadcrumbList\",\"@id\":\"https:\\\/\\\/news.save.ch\\\/gvz-provisorische-schadensbilanz-2023\\\/#breadcrumb\",\"itemListElement\":[{\"@type\":\"ListItem\",\"position\":1,\"name\":\"Home\",\"item\":\"https:\\\/\\\/news.save.ch\\\/de\\\/\"},{\"@type\":\"ListItem\",\"position\":2,\"name\":\"GVZ: Provisorische Schadensbilanz 2023\"}]},{\"@type\":\"WebSite\",\"@id\":\"https:\\\/\\\/news.save.ch\\\/de\\\/#website\",\"url\":\"https:\\\/\\\/news.save.ch\\\/de\\\/\",\"name\":\"Save\",\"description\":\"Schweizer Fachzeitschrift f\u00fcr Sicherheit\",\"publisher\":{\"@id\":\"https:\\\/\\\/news.save.ch\\\/de\\\/#organization\"},\"potentialAction\":[{\"@type\":\"SearchAction\",\"target\":{\"@type\":\"EntryPoint\",\"urlTemplate\":\"https:\\\/\\\/news.save.ch\\\/de\\\/?s={search_term_string}\"},\"query-input\":{\"@type\":\"PropertyValueSpecification\",\"valueRequired\":true,\"valueName\":\"search_term_string\"}}],\"inLanguage\":\"fr-FR\"},{\"@type\":\"Organization\",\"@id\":\"https:\\\/\\\/news.save.ch\\\/de\\\/#organization\",\"name\":\"Sicherheitsforum\",\"url\":\"https:\\\/\\\/news.save.ch\\\/de\\\/\",\"logo\":{\"@type\":\"ImageObject\",\"inLanguage\":\"fr-FR\",\"@id\":\"https:\\\/\\\/news.save.ch\\\/de\\\/#\\\/schema\\\/logo\\\/image\\\/\",\"url\":\"https:\\\/\\\/news.save.ch\\\/wp-content\\\/uploads\\\/2022\\\/06\\\/Logo_SF_2012.png\",\"contentUrl\":\"https:\\\/\\\/news.save.ch\\\/wp-content\\\/uploads\\\/2022\\\/06\\\/Logo_SF_2012.png\",\"width\":1100,\"height\":91,\"caption\":\"Sicherheitsforum\"},\"image\":{\"@id\":\"https:\\\/\\\/news.save.ch\\\/de\\\/#\\\/schema\\\/logo\\\/image\\\/\"}},{\"@type\":\"Person\",\"@id\":\"https:\\\/\\\/news.save.ch\\\/de\\\/#\\\/schema\\\/person\\\/10917387362b3961e882740f6cf6f2a2\",\"name\":\"stefanie Zeng\",\"image\":{\"@type\":\"ImageObject\",\"inLanguage\":\"fr-FR\",\"@id\":\"https:\\\/\\\/secure.gravatar.com\\\/avatar\\\/eac43faa6e40bb2c41068c95c9d78bbd94c476d5efdff7abaab80bb3ea681e06?s=96&d=mm&r=g\",\"url\":\"https:\\\/\\\/secure.gravatar.com\\\/avatar\\\/eac43faa6e40bb2c41068c95c9d78bbd94c476d5efdff7abaab80bb3ea681e06?s=96&d=mm&r=g\",\"contentUrl\":\"https:\\\/\\\/secure.gravatar.com\\\/avatar\\\/eac43faa6e40bb2c41068c95c9d78bbd94c476d5efdff7abaab80bb3ea681e06?s=96&d=mm&r=g\",\"caption\":\"stefanie Zeng\"},\"url\":\"https:\\\/\\\/news.save.ch\\\/fr\\\/author\\\/stefanie-zeng\\\/\"}]}<\/script>\n<!-- \/ Yoast SEO plugin. -->","yoast_head_json":{"title":"GVZ : Bilan provisoire des dommages 2023 - Save","description":"L'Assurance immobili\u00e8re GVZ du canton de Zurich a connu une ann\u00e9e mod\u00e9r\u00e9e en termes de sinistres. En 2023, tant les dommages dus au feu que ceux dus aux \u00e9l\u00e9ments naturels ont l\u00e9g\u00e8rement diminu\u00e9 par rapport \u00e0 l'ann\u00e9e pr\u00e9c\u00e9dente.","robots":{"index":"index","follow":"follow","max-snippet":"max-snippet:-1","max-image-preview":"max-image-preview:large","max-video-preview":"max-video-preview:-1"},"canonical":"https:\/\/news.save.ch\/fr\/gvz-provisorische-schadensbilanz-2023\/","og_locale":"fr_FR","og_type":"article","og_title":"GVZ: Provisorische Schadensbilanz 2023 - Save","og_description":"Die GVZ Geb\u00e4udeversicherung Kanton Z\u00fcrich blickt auf ein moderates Schadenjahr zur\u00fcck. 2023 sind sowohl die Feuer- als auch die Elementarsch\u00e4den gegen\u00fcber dem Vorjahr leicht zur\u00fcckgegangen.","og_url":"https:\/\/news.save.ch\/fr\/gvz-provisorische-schadensbilanz-2023\/","og_site_name":"Save","article_published_time":"2024-01-22T10:20:13+00:00","og_image":[{"width":1000,"height":667,"url":"https:\/\/news.save.ch\/wp-content\/uploads\/2024\/01\/Depositphotos_105835286_S.jpg","type":"image\/jpeg"}],"author":"stefanie Zeng","twitter_card":"summary_large_image","twitter_misc":{"\u00c9crit par":"stefanie Zeng","Dur\u00e9e de lecture estim\u00e9e":"2 minutes"},"schema":{"@context":"https:\/\/schema.org","@graph":[{"@type":"Article","@id":"https:\/\/news.save.ch\/gvz-provisorische-schadensbilanz-2023\/#article","isPartOf":{"@id":"https:\/\/news.save.ch\/gvz-provisorische-schadensbilanz-2023\/"},"author":{"name":"stefanie Zeng","@id":"https:\/\/news.save.ch\/de\/#\/schema\/person\/10917387362b3961e882740f6cf6f2a2"},"headline":"GVZ: Provisorische Schadensbilanz 2023","datePublished":"2024-01-22T10:20:13+00:00","mainEntityOfPage":{"@id":"https:\/\/news.save.ch\/gvz-provisorische-schadensbilanz-2023\/"},"wordCount":172,"publisher":{"@id":"https:\/\/news.save.ch\/de\/#organization"},"image":{"@id":"https:\/\/news.save.ch\/gvz-provisorische-schadensbilanz-2023\/#primaryimage"},"thumbnailUrl":"https:\/\/news.save.ch\/wp-content\/uploads\/2024\/01\/Depositphotos_105835286_S.jpg","keywords":["Geb\u00e4udeversicherung","Stadt Z\u00fcrich"],"articleSection":["ALLGEMEIN"],"inLanguage":"fr-FR"},{"@type":"WebPage","@id":"https:\/\/news.save.ch\/gvz-provisorische-schadensbilanz-2023\/","url":"https:\/\/news.save.ch\/gvz-provisorische-schadensbilanz-2023\/","name":"GVZ : Bilan provisoire des dommages 2023 - Save","isPartOf":{"@id":"https:\/\/news.save.ch\/de\/#website"},"primaryImageOfPage":{"@id":"https:\/\/news.save.ch\/gvz-provisorische-schadensbilanz-2023\/#primaryimage"},"image":{"@id":"https:\/\/news.save.ch\/gvz-provisorische-schadensbilanz-2023\/#primaryimage"},"thumbnailUrl":"https:\/\/news.save.ch\/wp-content\/uploads\/2024\/01\/Depositphotos_105835286_S.jpg","datePublished":"2024-01-22T10:20:13+00:00","description":"L'Assurance immobili\u00e8re GVZ du canton de Zurich a connu une ann\u00e9e mod\u00e9r\u00e9e en termes de sinistres. En 2023, tant les dommages dus au feu que ceux dus aux \u00e9l\u00e9ments naturels ont l\u00e9g\u00e8rement diminu\u00e9 par rapport \u00e0 l'ann\u00e9e pr\u00e9c\u00e9dente.","breadcrumb":{"@id":"https:\/\/news.save.ch\/gvz-provisorische-schadensbilanz-2023\/#breadcrumb"},"inLanguage":"fr-FR","potentialAction":[{"@type":"ReadAction","target":["https:\/\/news.save.ch\/gvz-provisorische-schadensbilanz-2023\/"]}]},{"@type":"ImageObject","inLanguage":"fr-FR","@id":"https:\/\/news.save.ch\/gvz-provisorische-schadensbilanz-2023\/#primaryimage","url":"https:\/\/news.save.ch\/wp-content\/uploads\/2024\/01\/Depositphotos_105835286_S.jpg","contentUrl":"https:\/\/news.save.ch\/wp-content\/uploads\/2024\/01\/Depositphotos_105835286_S.jpg","width":1000,"height":667,"caption":"Luftaufnahme von Z\u00fcrich und der Limmat (Bild: Depositphotos\/pandionhiatus3)"},{"@type":"BreadcrumbList","@id":"https:\/\/news.save.ch\/gvz-provisorische-schadensbilanz-2023\/#breadcrumb","itemListElement":[{"@type":"ListItem","position":1,"name":"Home","item":"https:\/\/news.save.ch\/de\/"},{"@type":"ListItem","position":2,"name":"GVZ: Provisorische Schadensbilanz 2023"}]},{"@type":"WebSite","@id":"https:\/\/news.save.ch\/de\/#website","url":"https:\/\/news.save.ch\/de\/","name":"Save","description":"Revue suisse sp\u00e9cialis\u00e9e dans la s\u00e9curit\u00e9","publisher":{"@id":"https:\/\/news.save.ch\/de\/#organization"},"potentialAction":[{"@type":"SearchAction","target":{"@type":"EntryPoint","urlTemplate":"https:\/\/news.save.ch\/de\/?s={search_term_string}"},"query-input":{"@type":"PropertyValueSpecification","valueRequired":true,"valueName":"search_term_string"}}],"inLanguage":"fr-FR"},{"@type":"Organization","@id":"https:\/\/news.save.ch\/de\/#organization","name":"Forum sur la s\u00e9curit\u00e9","url":"https:\/\/news.save.ch\/de\/","logo":{"@type":"ImageObject","inLanguage":"fr-FR","@id":"https:\/\/news.save.ch\/de\/#\/schema\/logo\/image\/","url":"https:\/\/news.save.ch\/wp-content\/uploads\/2022\/06\/Logo_SF_2012.png","contentUrl":"https:\/\/news.save.ch\/wp-content\/uploads\/2022\/06\/Logo_SF_2012.png","width":1100,"height":91,"caption":"Sicherheitsforum"},"image":{"@id":"https:\/\/news.save.ch\/de\/#\/schema\/logo\/image\/"}},{"@type":"Person","@id":"https:\/\/news.save.ch\/de\/#\/schema\/person\/10917387362b3961e882740f6cf6f2a2","name":"stefanie Zeng","image":{"@type":"ImageObject","inLanguage":"fr-FR","@id":"https:\/\/secure.gravatar.com\/avatar\/eac43faa6e40bb2c41068c95c9d78bbd94c476d5efdff7abaab80bb3ea681e06?s=96&d=mm&r=g","url":"https:\/\/secure.gravatar.com\/avatar\/eac43faa6e40bb2c41068c95c9d78bbd94c476d5efdff7abaab80bb3ea681e06?s=96&d=mm&r=g","contentUrl":"https:\/\/secure.gravatar.com\/avatar\/eac43faa6e40bb2c41068c95c9d78bbd94c476d5efdff7abaab80bb3ea681e06?s=96&d=mm&r=g","caption":"stefanie Zeng"},"url":"https:\/\/news.save.ch\/fr\/author\/stefanie-zeng\/"}]}},"_links":{"self":[{"href":"https:\/\/news.save.ch\/fr\/wp-json\/wp\/v2\/posts\/22670","targetHints":{"allow":["GET"]}}],"collection":[{"href":"https:\/\/news.save.ch\/fr\/wp-json\/wp\/v2\/posts"}],"about":[{"href":"https:\/\/news.save.ch\/fr\/wp-json\/wp\/v2\/types\/post"}],"author":[{"embeddable":true,"href":"https:\/\/news.save.ch\/fr\/wp-json\/wp\/v2\/users\/31"}],"replies":[{"embeddable":true,"href":"https:\/\/news.save.ch\/fr\/wp-json\/wp\/v2\/comments?post=22670"}],"version-history":[{"count":1,"href":"https:\/\/news.save.ch\/fr\/wp-json\/wp\/v2\/posts\/22670\/revisions"}],"predecessor-version":[{"id":22672,"href":"https:\/\/news.save.ch\/fr\/wp-json\/wp\/v2\/posts\/22670\/revisions\/22672"}],"wp:featuredmedia":[{"embeddable":true,"href":"https:\/\/news.save.ch\/fr\/wp-json\/wp\/v2\/media\/22671"}],"wp:attachment":[{"href":"https:\/\/news.save.ch\/fr\/wp-json\/wp\/v2\/media?parent=22670"}],"wp:term":[{"taxonomy":"category","embeddable":true,"href":"https:\/\/news.save.ch\/fr\/wp-json\/wp\/v2\/categories?post=22670"},{"taxonomy":"post_tag","embeddable":true,"href":"https:\/\/news.save.ch\/fr\/wp-json\/wp\/v2\/tags?post=22670"}],"curies":[{"name":"wp","href":"https:\/\/api.w.org\/{rel}","templated":true}]}}