{"id":2269,"date":"2016-09-13T08:16:12","date_gmt":"2016-09-13T06:16:12","guid":{"rendered":"https:\/\/dev.sicherheitsforum.ch\/?p=2269"},"modified":"2023-03-14T08:59:24","modified_gmt":"2023-03-14T07:59:24","slug":"morphean-beschafft-neues-kapital","status":null,"type":"post","link":"https:\/\/news.save.ch\/fr\/morphean-beschafft-neues-kapital\/","title":{"rendered":"Morphean l\u00e8ve de nouveaux capitaux"},"content":{"rendered":"<figure id=\"attachment_2270\" aria-describedby=\"caption-attachment-2270\" style=\"width: 680px\" class=\"wp-caption alignnone\"><img loading=\"lazy\" decoding=\"async\" class=\"size-medium wp-image-2270\" src=\"https:\/\/news.save.ch\/wp-content\/uploads\/2016\/12\/Morphean-beschafft-neues-Kapital_sicherheitsforum-scaled-1.jpg\" alt=\"\" width=\"680\" height=\"510\" \/><figcaption id=\"caption-attachment-2270\" class=\"wp-caption-text\">De g. \u00e0 d. : Peter Balsiger (AM-Tec), Dominique Ducry (iCortex), Fran\u00e7oise Cudr\u00e9-Mauroux (Capital Risque Fribourg), Rodrigue Zbinden (iCortex), Beno\u00eet Rouiller (iCortex)<\/figcaption><\/figure>\n<p>Le nouveau <a href=\"https:\/\/www.morphean.ch\" target=\"_blank\" rel=\"noreferrer noopener\" data-cke-saved-href=\"https:\/\/www.morphean.ch\">Morphean AG<\/a> proviendrait d'actionnaires existants (iCortex, AM-Tec et Capital Risque Fribourg) ainsi que de deux nouveaux partenaires - Swisscom Ventures et Swiss Securitas Group. Les deux nouveaux alli\u00e9s - malgr\u00e9 une participation minoritaire - s'av\u00e8rent strat\u00e9giquement importants pour Morphean, souligne la soci\u00e9t\u00e9. Swisscom apporte \u00e0 l'entreprise bas\u00e9e \u00e0 Fribourg des comp\u00e9tences importantes dans les domaines des t\u00e9l\u00e9communications, de l'Internet des objets, du Big Data ainsi que de la Business Intelligence. Le fait que le num\u00e9ro un suisse de la s\u00e9curit\u00e9, Swiss Securitas Group, investisse \u00e9galement dans l'entreprise confirme l'orientation strat\u00e9gique de Morphean SA et montre que le march\u00e9 traditionnel de la s\u00e9curit\u00e9 doit \u00e9voluer vers la vid\u00e9o as a service.<\/p>\n<p>\"Gr\u00e2ce au soutien de nos partenaires et aux nouveaux moyens financiers, je dispose d'une base optimale pour r\u00e9aliser ma vision et ouvrir de nouvelles voies dans le domaine du march\u00e9 de la s\u00e9curit\u00e9\", explique Rodrigue Zbinden, CEO et cofondateur de Morphean. Selon les informations fournies, l'entreprise souhaite ouvrir davantage son capital \u00e0 moyen terme via une introduction en bourse (IPO) et renforcer son r\u00f4le de pr\u00e9curseur.<\/p>","protected":false},"excerpt":{"rendered":"<p>Das neu der Morphean AG zur Verf\u00fcgung gestellte Kapital stamme von bestehenden Aktion\u00e4ren (iCortex, AM-Tec und Risikokapital Freiburg) sowie von zwei neuen Partnern &#8211; der Swisscom Ventures und der Swiss Securitas Group. Die beiden neuen Alliierten w\u00fcrden sich \u2013 trotz einer minorit\u00e4ren Beteiligung \u2013 als strategisch wichtig f\u00fcr Morphean erweisen, betont die Firma. Swisscom bringe [&hellip;]<\/p>\n","protected":false},"author":1,"featured_media":2270,"comment_status":"open","ping_status":"open","sticky":false,"template":"","format":"standard","meta":{"_acf_changed":false,"pgc_sgb_lightbox_settings":"","footnotes":""},"categories":[3312],"tags":[65,157,158,90],"class_list":["post-2269","post","type-post","status-publish","format-standard","has-post-thumbnail","hentry","category-sicherheit","tag-unternehmen","tag-video-security","tag-zutrittskontrolle","tag-zutrittskontrollevideo-security"],"acf":[],"hkrextid":null,"publication":null,"issue":null,"workflow":null,"startPage":null,"spitzmarke":null,"_posts_by_tag_page_fields":{"widget_title":"","widget_tags":""},"_at_widget":"1","_yoast_wpseo_primary_category":"529","_yoast_wpseo_focuskw_text_input":"Morphean","_yoast_wpseo_opengraph-image":"https:\/\/news.save.ch\/wp-content\/uploads\/2016\/12\/Morphean-beschafft-neues-Kapital_sicherheitsforum.jpg","_yoast_wpseo_opengraph-description":"Die im Bereich der cloudbasierten Video\u00fcberwachung t\u00e4tige Morphean k\u00fcndigt eine neue Kapitalbeschaffung an. Das erm\u00f6gliche dem Unternehmen, sich im neuen dynamischen Sicherheitsmarkt schneller zu entwickeln und mit seiner Plattform weltweit Fuss zu fassen, schreibt es.","_yoast_wpseo_opengraph-title":"Morphean beschafft neues Kapital","enclosure":null,"_yoast_wpseo_twitter-title":null,"_yoast_wpseo_twitter-description":null,"_yoast_wpseo_twitter-image":null,"_wp_old_slug":null,"_yoast_wpseo_title":null,"_yoast_wpseo_canonical":null,"yoast_head":"<!-- This site is optimized with the Yoast SEO plugin v27.4 - https:\/\/yoast.com\/product\/yoast-seo-wordpress\/ -->\n<title>Morphean beschafft neues Kapital - Save<\/title>\n<meta name=\"description\" content=\"Die im Bereich der cloudbasierten Video\u00fcberwachung t\u00e4tige Morphean k\u00fcndigt eine neue Kapitalbeschaffung an.\" \/>\n<meta name=\"robots\" content=\"index, follow, max-snippet:-1, max-image-preview:large, max-video-preview:-1\" \/>\n<link rel=\"canonical\" href=\"https:\/\/news.save.ch\/fr\/morphean-beschafft-neues-kapital\/\" \/>\n<meta property=\"og:locale\" content=\"fr_FR\" \/>\n<meta property=\"og:type\" content=\"article\" \/>\n<meta property=\"og:title\" content=\"Morphean beschafft neues Kapital\" \/>\n<meta property=\"og:description\" content=\"Die im Bereich der cloudbasierten Video\u00fcberwachung t\u00e4tige Morphean k\u00fcndigt eine neue Kapitalbeschaffung an. Das erm\u00f6gliche dem Unternehmen, sich im neuen dynamischen Sicherheitsmarkt schneller zu entwickeln und mit seiner Plattform weltweit Fuss zu fassen, schreibt es.\" \/>\n<meta property=\"og:url\" content=\"https:\/\/news.save.ch\/fr\/morphean-beschafft-neues-kapital\/\" \/>\n<meta property=\"og:site_name\" content=\"Save\" \/>\n<meta property=\"article:published_time\" content=\"2016-09-13T06:16:12+00:00\" \/>\n<meta property=\"article:modified_time\" content=\"2023-03-14T07:59:24+00:00\" \/>\n<meta property=\"og:image\" content=\"https:\/\/news.save.ch\/wp-content\/uploads\/2016\/12\/Morphean-beschafft-neues-Kapital_sicherheitsforum.jpg\" \/>\n<meta name=\"author\" content=\"admin\" \/>\n<meta name=\"twitter:card\" content=\"summary_large_image\" \/>\n<meta name=\"twitter:label1\" content=\"\u00c9crit par\" \/>\n\t<meta name=\"twitter:data1\" content=\"admin\" \/>\n\t<meta name=\"twitter:label2\" content=\"Dur\u00e9e de lecture estim\u00e9e\" \/>\n\t<meta name=\"twitter:data2\" content=\"1 minute\" \/>\n<script type=\"application\/ld+json\" class=\"yoast-schema-graph\">{\"@context\":\"https:\\\/\\\/schema.org\",\"@graph\":[{\"@type\":\"Article\",\"@id\":\"https:\\\/\\\/news.save.ch\\\/morphean-beschafft-neues-kapital\\\/#article\",\"isPartOf\":{\"@id\":\"https:\\\/\\\/news.save.ch\\\/morphean-beschafft-neues-kapital\\\/\"},\"author\":{\"name\":\"admin\",\"@id\":\"https:\\\/\\\/news.save.ch\\\/de\\\/#\\\/schema\\\/person\\\/d49e199490bad7c70d64b9ab51142f2b\"},\"headline\":\"Morphean beschafft neues Kapital\",\"datePublished\":\"2016-09-13T06:16:12+00:00\",\"dateModified\":\"2023-03-14T07:59:24+00:00\",\"mainEntityOfPage\":{\"@id\":\"https:\\\/\\\/news.save.ch\\\/morphean-beschafft-neues-kapital\\\/\"},\"wordCount\":217,\"commentCount\":0,\"publisher\":{\"@id\":\"https:\\\/\\\/news.save.ch\\\/de\\\/#organization\"},\"image\":{\"@id\":\"https:\\\/\\\/news.save.ch\\\/morphean-beschafft-neues-kapital\\\/#primaryimage\"},\"thumbnailUrl\":\"https:\\\/\\\/news.save.ch\\\/wp-content\\\/uploads\\\/2016\\\/12\\\/Morphean-beschafft-neues-Kapital_sicherheitsforum-scaled-1-scaled.jpg\",\"keywords\":[\"Unternehmen\",\"Video-Security\",\"Zutrittskontrolle\",\"Zutrittskontrolle\\\/Video-Security\"],\"articleSection\":[\"SICHERHEIT\"],\"inLanguage\":\"fr-FR\"},{\"@type\":\"WebPage\",\"@id\":\"https:\\\/\\\/news.save.ch\\\/morphean-beschafft-neues-kapital\\\/\",\"url\":\"https:\\\/\\\/news.save.ch\\\/morphean-beschafft-neues-kapital\\\/\",\"name\":\"Morphean beschafft neues Kapital - Save\",\"isPartOf\":{\"@id\":\"https:\\\/\\\/news.save.ch\\\/de\\\/#website\"},\"primaryImageOfPage\":{\"@id\":\"https:\\\/\\\/news.save.ch\\\/morphean-beschafft-neues-kapital\\\/#primaryimage\"},\"image\":{\"@id\":\"https:\\\/\\\/news.save.ch\\\/morphean-beschafft-neues-kapital\\\/#primaryimage\"},\"thumbnailUrl\":\"https:\\\/\\\/news.save.ch\\\/wp-content\\\/uploads\\\/2016\\\/12\\\/Morphean-beschafft-neues-Kapital_sicherheitsforum-scaled-1-scaled.jpg\",\"datePublished\":\"2016-09-13T06:16:12+00:00\",\"dateModified\":\"2023-03-14T07:59:24+00:00\",\"description\":\"Die im Bereich der cloudbasierten Video\u00fcberwachung t\u00e4tige Morphean k\u00fcndigt eine neue Kapitalbeschaffung an.\",\"breadcrumb\":{\"@id\":\"https:\\\/\\\/news.save.ch\\\/morphean-beschafft-neues-kapital\\\/#breadcrumb\"},\"inLanguage\":\"fr-FR\",\"potentialAction\":[{\"@type\":\"ReadAction\",\"target\":[\"https:\\\/\\\/news.save.ch\\\/morphean-beschafft-neues-kapital\\\/\"]}]},{\"@type\":\"ImageObject\",\"inLanguage\":\"fr-FR\",\"@id\":\"https:\\\/\\\/news.save.ch\\\/morphean-beschafft-neues-kapital\\\/#primaryimage\",\"url\":\"https:\\\/\\\/news.save.ch\\\/wp-content\\\/uploads\\\/2016\\\/12\\\/Morphean-beschafft-neues-Kapital_sicherheitsforum-scaled-1-scaled.jpg\",\"contentUrl\":\"https:\\\/\\\/news.save.ch\\\/wp-content\\\/uploads\\\/2016\\\/12\\\/Morphean-beschafft-neues-Kapital_sicherheitsforum-scaled-1-scaled.jpg\",\"width\":1400,\"height\":1050,\"caption\":\"V.l.n.r.: Peter Balsiger (AM-Tec), Dominique Ducry (iCortex), Fran\u00e7oise Cudr\u00e9-Mauroux (Capital Risque Fribourg), Rodrigue Zbinden (iCortex), Beno\u00eet Rouiller (iCortex)\"},{\"@type\":\"BreadcrumbList\",\"@id\":\"https:\\\/\\\/news.save.ch\\\/morphean-beschafft-neues-kapital\\\/#breadcrumb\",\"itemListElement\":[{\"@type\":\"ListItem\",\"position\":1,\"name\":\"Home\",\"item\":\"https:\\\/\\\/news.save.ch\\\/de\\\/\"},{\"@type\":\"ListItem\",\"position\":2,\"name\":\"Morphean beschafft neues Kapital\"}]},{\"@type\":\"WebSite\",\"@id\":\"https:\\\/\\\/news.save.ch\\\/de\\\/#website\",\"url\":\"https:\\\/\\\/news.save.ch\\\/de\\\/\",\"name\":\"Save\",\"description\":\"Schweizer Fachzeitschrift f\u00fcr Sicherheit\",\"publisher\":{\"@id\":\"https:\\\/\\\/news.save.ch\\\/de\\\/#organization\"},\"potentialAction\":[{\"@type\":\"SearchAction\",\"target\":{\"@type\":\"EntryPoint\",\"urlTemplate\":\"https:\\\/\\\/news.save.ch\\\/de\\\/?s={search_term_string}\"},\"query-input\":{\"@type\":\"PropertyValueSpecification\",\"valueRequired\":true,\"valueName\":\"search_term_string\"}}],\"inLanguage\":\"fr-FR\"},{\"@type\":\"Organization\",\"@id\":\"https:\\\/\\\/news.save.ch\\\/de\\\/#organization\",\"name\":\"Sicherheitsforum\",\"url\":\"https:\\\/\\\/news.save.ch\\\/de\\\/\",\"logo\":{\"@type\":\"ImageObject\",\"inLanguage\":\"fr-FR\",\"@id\":\"https:\\\/\\\/news.save.ch\\\/de\\\/#\\\/schema\\\/logo\\\/image\\\/\",\"url\":\"https:\\\/\\\/news.save.ch\\\/wp-content\\\/uploads\\\/2022\\\/06\\\/Logo_SF_2012.png\",\"contentUrl\":\"https:\\\/\\\/news.save.ch\\\/wp-content\\\/uploads\\\/2022\\\/06\\\/Logo_SF_2012.png\",\"width\":1100,\"height\":91,\"caption\":\"Sicherheitsforum\"},\"image\":{\"@id\":\"https:\\\/\\\/news.save.ch\\\/de\\\/#\\\/schema\\\/logo\\\/image\\\/\"}},{\"@type\":\"Person\",\"@id\":\"https:\\\/\\\/news.save.ch\\\/de\\\/#\\\/schema\\\/person\\\/d49e199490bad7c70d64b9ab51142f2b\",\"name\":\"admin\",\"image\":{\"@type\":\"ImageObject\",\"inLanguage\":\"fr-FR\",\"@id\":\"https:\\\/\\\/secure.gravatar.com\\\/avatar\\\/ae2f4d718e6c49043e314ce431e7e645d646302a24a5ef5a8bc8e3f5a032e319?s=96&d=mm&r=g\",\"url\":\"https:\\\/\\\/secure.gravatar.com\\\/avatar\\\/ae2f4d718e6c49043e314ce431e7e645d646302a24a5ef5a8bc8e3f5a032e319?s=96&d=mm&r=g\",\"contentUrl\":\"https:\\\/\\\/secure.gravatar.com\\\/avatar\\\/ae2f4d718e6c49043e314ce431e7e645d646302a24a5ef5a8bc8e3f5a032e319?s=96&d=mm&r=g\",\"caption\":\"admin\"},\"sameAs\":[\"https:\\\/\\\/develop.organisator.galledia.ch\"],\"url\":\"https:\\\/\\\/news.save.ch\\\/fr\\\/author\\\/admin\\\/\"}]}<\/script>\n<!-- \/ Yoast SEO plugin. -->","yoast_head_json":{"title":"Morphean l\u00e8ve de nouveaux capitaux - Save","description":"La soci\u00e9t\u00e9 Morphean, active dans le domaine de la vid\u00e9osurveillance bas\u00e9e sur le cloud, annonce une nouvelle lev\u00e9e de fonds.","robots":{"index":"index","follow":"follow","max-snippet":"max-snippet:-1","max-image-preview":"max-image-preview:large","max-video-preview":"max-video-preview:-1"},"canonical":"https:\/\/news.save.ch\/fr\/morphean-beschafft-neues-kapital\/","og_locale":"fr_FR","og_type":"article","og_title":"Morphean beschafft neues Kapital","og_description":"Die im Bereich der cloudbasierten Video\u00fcberwachung t\u00e4tige Morphean k\u00fcndigt eine neue Kapitalbeschaffung an. Das erm\u00f6gliche dem Unternehmen, sich im neuen dynamischen Sicherheitsmarkt schneller zu entwickeln und mit seiner Plattform weltweit Fuss zu fassen, schreibt es.","og_url":"https:\/\/news.save.ch\/fr\/morphean-beschafft-neues-kapital\/","og_site_name":"Save","article_published_time":"2016-09-13T06:16:12+00:00","article_modified_time":"2023-03-14T07:59:24+00:00","og_image":[{"url":"https:\/\/news.save.ch\/wp-content\/uploads\/2016\/12\/Morphean-beschafft-neues-Kapital_sicherheitsforum.jpg","type":"","width":"","height":""}],"author":"admin","twitter_card":"summary_large_image","twitter_misc":{"\u00c9crit par":"admin","Dur\u00e9e de lecture estim\u00e9e":"1 minute"},"schema":{"@context":"https:\/\/schema.org","@graph":[{"@type":"Article","@id":"https:\/\/news.save.ch\/morphean-beschafft-neues-kapital\/#article","isPartOf":{"@id":"https:\/\/news.save.ch\/morphean-beschafft-neues-kapital\/"},"author":{"name":"admin","@id":"https:\/\/news.save.ch\/de\/#\/schema\/person\/d49e199490bad7c70d64b9ab51142f2b"},"headline":"Morphean beschafft neues Kapital","datePublished":"2016-09-13T06:16:12+00:00","dateModified":"2023-03-14T07:59:24+00:00","mainEntityOfPage":{"@id":"https:\/\/news.save.ch\/morphean-beschafft-neues-kapital\/"},"wordCount":217,"commentCount":0,"publisher":{"@id":"https:\/\/news.save.ch\/de\/#organization"},"image":{"@id":"https:\/\/news.save.ch\/morphean-beschafft-neues-kapital\/#primaryimage"},"thumbnailUrl":"https:\/\/news.save.ch\/wp-content\/uploads\/2016\/12\/Morphean-beschafft-neues-Kapital_sicherheitsforum-scaled-1-scaled.jpg","keywords":["Unternehmen","Video-Security","Zutrittskontrolle","Zutrittskontrolle\/Video-Security"],"articleSection":["SICHERHEIT"],"inLanguage":"fr-FR"},{"@type":"WebPage","@id":"https:\/\/news.save.ch\/morphean-beschafft-neues-kapital\/","url":"https:\/\/news.save.ch\/morphean-beschafft-neues-kapital\/","name":"Morphean l\u00e8ve de nouveaux capitaux - Save","isPartOf":{"@id":"https:\/\/news.save.ch\/de\/#website"},"primaryImageOfPage":{"@id":"https:\/\/news.save.ch\/morphean-beschafft-neues-kapital\/#primaryimage"},"image":{"@id":"https:\/\/news.save.ch\/morphean-beschafft-neues-kapital\/#primaryimage"},"thumbnailUrl":"https:\/\/news.save.ch\/wp-content\/uploads\/2016\/12\/Morphean-beschafft-neues-Kapital_sicherheitsforum-scaled-1-scaled.jpg","datePublished":"2016-09-13T06:16:12+00:00","dateModified":"2023-03-14T07:59:24+00:00","description":"La soci\u00e9t\u00e9 Morphean, active dans le domaine de la vid\u00e9osurveillance bas\u00e9e sur le cloud, annonce une nouvelle lev\u00e9e de fonds.","breadcrumb":{"@id":"https:\/\/news.save.ch\/morphean-beschafft-neues-kapital\/#breadcrumb"},"inLanguage":"fr-FR","potentialAction":[{"@type":"ReadAction","target":["https:\/\/news.save.ch\/morphean-beschafft-neues-kapital\/"]}]},{"@type":"ImageObject","inLanguage":"fr-FR","@id":"https:\/\/news.save.ch\/morphean-beschafft-neues-kapital\/#primaryimage","url":"https:\/\/news.save.ch\/wp-content\/uploads\/2016\/12\/Morphean-beschafft-neues-Kapital_sicherheitsforum-scaled-1-scaled.jpg","contentUrl":"https:\/\/news.save.ch\/wp-content\/uploads\/2016\/12\/Morphean-beschafft-neues-Kapital_sicherheitsforum-scaled-1-scaled.jpg","width":1400,"height":1050,"caption":"V.l.n.r.: Peter Balsiger (AM-Tec), Dominique Ducry (iCortex), Fran\u00e7oise Cudr\u00e9-Mauroux (Capital Risque Fribourg), Rodrigue Zbinden (iCortex), Beno\u00eet Rouiller (iCortex)"},{"@type":"BreadcrumbList","@id":"https:\/\/news.save.ch\/morphean-beschafft-neues-kapital\/#breadcrumb","itemListElement":[{"@type":"ListItem","position":1,"name":"Home","item":"https:\/\/news.save.ch\/de\/"},{"@type":"ListItem","position":2,"name":"Morphean beschafft neues Kapital"}]},{"@type":"WebSite","@id":"https:\/\/news.save.ch\/de\/#website","url":"https:\/\/news.save.ch\/de\/","name":"Save","description":"Revue suisse sp\u00e9cialis\u00e9e dans la s\u00e9curit\u00e9","publisher":{"@id":"https:\/\/news.save.ch\/de\/#organization"},"potentialAction":[{"@type":"SearchAction","target":{"@type":"EntryPoint","urlTemplate":"https:\/\/news.save.ch\/de\/?s={search_term_string}"},"query-input":{"@type":"PropertyValueSpecification","valueRequired":true,"valueName":"search_term_string"}}],"inLanguage":"fr-FR"},{"@type":"Organization","@id":"https:\/\/news.save.ch\/de\/#organization","name":"Forum sur la s\u00e9curit\u00e9","url":"https:\/\/news.save.ch\/de\/","logo":{"@type":"ImageObject","inLanguage":"fr-FR","@id":"https:\/\/news.save.ch\/de\/#\/schema\/logo\/image\/","url":"https:\/\/news.save.ch\/wp-content\/uploads\/2022\/06\/Logo_SF_2012.png","contentUrl":"https:\/\/news.save.ch\/wp-content\/uploads\/2022\/06\/Logo_SF_2012.png","width":1100,"height":91,"caption":"Sicherheitsforum"},"image":{"@id":"https:\/\/news.save.ch\/de\/#\/schema\/logo\/image\/"}},{"@type":"Person","@id":"https:\/\/news.save.ch\/de\/#\/schema\/person\/d49e199490bad7c70d64b9ab51142f2b","name":"admin","image":{"@type":"ImageObject","inLanguage":"fr-FR","@id":"https:\/\/secure.gravatar.com\/avatar\/ae2f4d718e6c49043e314ce431e7e645d646302a24a5ef5a8bc8e3f5a032e319?s=96&d=mm&r=g","url":"https:\/\/secure.gravatar.com\/avatar\/ae2f4d718e6c49043e314ce431e7e645d646302a24a5ef5a8bc8e3f5a032e319?s=96&d=mm&r=g","contentUrl":"https:\/\/secure.gravatar.com\/avatar\/ae2f4d718e6c49043e314ce431e7e645d646302a24a5ef5a8bc8e3f5a032e319?s=96&d=mm&r=g","caption":"admin"},"sameAs":["https:\/\/develop.organisator.galledia.ch"],"url":"https:\/\/news.save.ch\/fr\/author\/admin\/"}]}},"_links":{"self":[{"href":"https:\/\/news.save.ch\/fr\/wp-json\/wp\/v2\/posts\/2269","targetHints":{"allow":["GET"]}}],"collection":[{"href":"https:\/\/news.save.ch\/fr\/wp-json\/wp\/v2\/posts"}],"about":[{"href":"https:\/\/news.save.ch\/fr\/wp-json\/wp\/v2\/types\/post"}],"author":[{"embeddable":true,"href":"https:\/\/news.save.ch\/fr\/wp-json\/wp\/v2\/users\/1"}],"replies":[{"embeddable":true,"href":"https:\/\/news.save.ch\/fr\/wp-json\/wp\/v2\/comments?post=2269"}],"version-history":[{"count":1,"href":"https:\/\/news.save.ch\/fr\/wp-json\/wp\/v2\/posts\/2269\/revisions"}],"predecessor-version":[{"id":17948,"href":"https:\/\/news.save.ch\/fr\/wp-json\/wp\/v2\/posts\/2269\/revisions\/17948"}],"wp:featuredmedia":[{"embeddable":true,"href":"https:\/\/news.save.ch\/fr\/wp-json\/wp\/v2\/media\/2270"}],"wp:attachment":[{"href":"https:\/\/news.save.ch\/fr\/wp-json\/wp\/v2\/media?parent=2269"}],"wp:term":[{"taxonomy":"category","embeddable":true,"href":"https:\/\/news.save.ch\/fr\/wp-json\/wp\/v2\/categories?post=2269"},{"taxonomy":"post_tag","embeddable":true,"href":"https:\/\/news.save.ch\/fr\/wp-json\/wp\/v2\/tags?post=2269"}],"curies":[{"name":"wp","href":"https:\/\/api.w.org\/{rel}","templated":true}]}}