{"id":22824,"date":"2024-02-15T14:51:29","date_gmt":"2024-02-15T13:51:29","guid":{"rendered":"https:\/\/news.save.ch\/?p=22824"},"modified":"2024-02-15T14:51:29","modified_gmt":"2024-02-15T13:51:29","slug":"86-der-arbeitnehmenden-arbeiten-im-schichtbetrieb-mit-rotierenden-arbeitszeiten","status":null,"type":"post","link":"https:\/\/news.save.ch\/fr\/86-der-arbeitnehmenden-arbeiten-im-schichtbetrieb-mit-rotierenden-arbeitszeiten\/","title":{"rendered":"8,6% des salari\u00e9s travaillent en \u00e9quipe avec des horaires tournants"},"content":{"rendered":"<figure id=\"attachment_22828\" aria-describedby=\"caption-attachment-22828\" style=\"width: 1000px\" class=\"wp-caption alignnone\"><img loading=\"lazy\" decoding=\"async\" class=\"size-full wp-image-22828\" src=\"https:\/\/news.save.ch\/wp-content\/uploads\/2024\/02\/Depositphotos_182735188_S.jpg\" alt=\"\" width=\"1000\" height=\"562\" srcset=\"https:\/\/news.save.ch\/wp-content\/uploads\/2024\/02\/Depositphotos_182735188_S.jpg 1000w, https:\/\/news.save.ch\/wp-content\/uploads\/2024\/02\/Depositphotos_182735188_S-680x382.jpg 680w, https:\/\/news.save.ch\/wp-content\/uploads\/2024\/02\/Depositphotos_182735188_S-768x432.jpg 768w, https:\/\/news.save.ch\/wp-content\/uploads\/2024\/02\/Depositphotos_182735188_S-18x10.jpg 18w, https:\/\/news.save.ch\/wp-content\/uploads\/2024\/02\/Depositphotos_182735188_S-375x211.jpg 375w, https:\/\/news.save.ch\/wp-content\/uploads\/2024\/02\/Depositphotos_182735188_S-623x350.jpg 623w\" sizes=\"auto, (max-width: 1000px) 100vw, 1000px\" \/><figcaption id=\"caption-attachment-22828\" class=\"wp-caption-text\">Photo : Depositphotos\/<br \/>glowonconcept<\/figcaption><\/figure>\n<p>En Suisse, 15,9% des salari\u00e9s travaillaient en \u00e9quipe en 2022, dont un peu plus de la moiti\u00e9 avec des horaires altern\u00e9s (8,6% des salari\u00e9s). Le travail post\u00e9 est tr\u00e8s diversement r\u00e9pandu dans les branches \u00e9conomiques. Les proportions les plus \u00e9lev\u00e9es de plus de 20% de travail post\u00e9 avec horaires altern\u00e9s se trouvent dans les branches suivantes : Transports et entreposage, H\u00f4tellerie et restauration ainsi que Sant\u00e9 et action sociale. Ce sont l\u00e0 quelques r\u00e9sultats tir\u00e9s de la publication \"Travailleurs en \u00e9quipes en Suisse 2002-2022\" de l'Office f\u00e9d\u00e9ral de la statistique (OFS).<\/p>\n<p>En Suisse, 593 000 personnes au total ont travaill\u00e9 en \u00e9quipe en 2022, selon leur propre d\u00e9claration. Cela correspond \u00e0 15,9% des travailleurs (sans les apprentis). 27,1% des travailleurs post\u00e9s travaillent habituellement en \u00e9quipes alternantes, y compris la nuit (4,3% des travailleurs) et 27,0% en \u00e9quipes alternantes sans travail de nuit (\u00e9galement 4,3% des travailleurs). Les 45,9% restants des travailleurs post\u00e9s travaillent soit uniquement le jour, soit uniquement le soir, soit uniquement la nuit, sans alternance. Seuls les deux premiers groupes sont comment\u00e9s ci-dessous, afin de tenir compte du travail post\u00e9 \"classique\" avec horaires tournants.<\/p>\n<h3>Les \u00e9trangers travaillent plus souvent en \u00e9quipe<\/h3>\n<p>Les hommes sont plus nombreux que les femmes \u00e0 travailler en \u00e9quipes, y compris de nuit (4,5% contre 4,1%), tandis que les femmes sont plus nombreuses \u00e0 travailler en \u00e9quipes sans travail de nuit (5,4% contre 3,2%). Les deux mod\u00e8les d'\u00e9quipes avec horaires altern\u00e9s sont plus r\u00e9pandus chez les \u00e9trangers que chez les Suisses (avec travail de nuit : 4,5% contre 4,2% ; sans travail de nuit : 5,4% contre 3,8%). Le travail en \u00e9quipes tournantes sans nuit est particuli\u00e8rement fr\u00e9quent chez les travailleurs des pays tiers (8,1% ; UE\/AELE : 4,4%).<\/p>\n<h3>Travail post\u00e9 avec travail de nuit plus r\u00e9pandu chez les moins de 40 ans<\/h3>\n<p>Les 25-39 ans sont les plus nombreux \u00e0 travailler en \u00e9quipe, nuit comprise (5,1%), suivis par les 15-24 ans (4,8%). Chez les 40-64 ans, ce chiffre est inf\u00e9rieur \u00e0 4%. Le travail en \u00e9quipe sans travail de nuit r\u00e9gulier est le plus fr\u00e9quent chez les 15-24 ans (5,9%), suivis des 55-64 ans (4,8%). Si l'on consid\u00e8re le taux d'occupation, on constate que les personnes travaillant \u00e0 temps plein sont g\u00e9n\u00e9ralement plus nombreuses \u00e0 travailler en \u00e9quipes tournantes, nuit comprise, que celles travaillant \u00e0 temps partiel (5,0% contre 3,1%). C'est l'inverse pour le travail en \u00e9quipe sans intervention de nuit (actifs \u00e0 temps partiel : 5,0% ; actifs \u00e0 temps plein : 3,9%).<\/p>\n<h3>16,2% dans le secteur \"Transport et entreposage\" avec travail post\u00e9, y compris la nuit<\/h3>\n<p>L'observation par branche \u00e9conomique montre une r\u00e9partition tr\u00e8s diff\u00e9rente du travail en \u00e9quipes tournantes. Dans l'\"h\u00f4tellerie et la restauration\", 19,4% des salari\u00e9s travaillent en \u00e9quipe sans travail de nuit, mais seulement environ 3% avec le travail de nuit. Dans la branche \"Transport et entreposage\", le rapport est invers\u00e9 (travail en \u00e9quipe y compris la nuit : 16,2% ; sans la nuit : 7,2%). Dans le secteur \"Sant\u00e9 humaine et action sociale\", les deux mod\u00e8les de travail en \u00e9quipe s'\u00e9l\u00e8vent chacun \u00e0 11,1%.<\/p>\n<h3>Un quart des op\u00e9rateurs d'installations et de machines travaillant en \u00e9quipes alternantes<\/h3>\n<p>On constate \u00e9galement de nettes diff\u00e9rences dans le travail en \u00e9quipe avec horaires rotatifs selon la profession exerc\u00e9e. Cette forme de travail est le plus souvent pratiqu\u00e9e par les op\u00e9rateurs d'installations et de machines ainsi que par les professions de montage (avec travail de nuit : 17,5% ; sans travail de nuit : 8,4%). Viennent ensuite les professions des services et de la vente (avec travail de nuit : 7,7% ; sans travail de nuit : 10,9%). En revanche, le travail post\u00e9 est relativement rare chez les cadres, les employ\u00e9s de bureau et les professions apparent\u00e9es, ainsi que chez les artisans et les professions apparent\u00e9es.<\/p>\n<h3>Pas de grandes diff\u00e9rences concernant l'\u00e9tat de sant\u00e9<\/h3>\n<p>En 2022, 87,1% des travailleurs au total \u00e9taient en bonne ou tr\u00e8s bonne sant\u00e9. Cette valeur est pratiquement la m\u00eame pour les travailleurs en \u00e9quipe avec horaires altern\u00e9s et travail de nuit (87,3%), et un peu moins pour ceux qui ne travaillent pas la nuit (84,7%). On ne peut pas exclure ici un \"healthy worker effect\" (seules les personnes en bonne sant\u00e9 restent dans des activit\u00e9s p\u00e9nibles). Un mauvais ou tr\u00e8s mauvais \u00e9tat de sant\u00e9 g\u00e9n\u00e9ral concerne 1,8% de l'ensemble des travailleurs, un peu plus de 2% pour les travailleurs en \u00e9quipes alternantes (avec ou sans travail de nuit). En 2020, 11,1% des travailleurs post\u00e9s en horaires alternants ont d\u00e9clar\u00e9 avoir subi au moins un accident avec blessure au travail au cours des douze derniers mois. Pour l'ensemble des salari\u00e9s, ce chiffre est nettement inf\u00e9rieur (6,6%).<\/p>\n<p><em>Source : OFS<\/em><\/p>","protected":false},"excerpt":{"rendered":"<p>In der Schweiz leisteten 2022 insgesamt 15,9% der Arbeitnehmenden Schichtarbeit, etwas mehr als die H\u00e4lfte davon mit wechselnden Arbeitszeiten (8,6% der Arbeitnehmenden). In den Wirtschaftsbranchen ist die Schichtarbeit sehr unterschiedlich verbreitet. Die h\u00f6chsten Anteile von mehr als 20% an Schichtarbeit mit rotierenden Arbeitszeiten sind in den folgenden Branchen vorzufinden: Verkehr und Lagerei, Gastgewerbe sowie Gesundheits- [&hellip;]<\/p>\n","protected":false},"author":31,"featured_media":22828,"comment_status":"closed","ping_status":"closed","sticky":false,"template":"","format":"standard","meta":{"_acf_changed":false,"pgc_sgb_lightbox_settings":"","footnotes":""},"categories":[3314],"tags":[174,2160,6394,6393],"class_list":["post-22824","post","type-post","status-publish","format-standard","has-post-thumbnail","hentry","category-health-safety","tag-arbeitsunfaelle","tag-gesundheit-bei-der-arbeit","tag-nachtschicht","tag-schichtarbeit"],"acf":[],"hkrextid":null,"publication":null,"issue":null,"workflow":null,"startPage":null,"spitzmarke":null,"_posts_by_tag_page_fields":null,"_at_widget":null,"_yoast_wpseo_primary_category":"3314","_yoast_wpseo_focuskw_text_input":null,"_yoast_wpseo_opengraph-image":null,"_yoast_wpseo_opengraph-description":null,"_yoast_wpseo_opengraph-title":null,"enclosure":null,"_yoast_wpseo_twitter-title":null,"_yoast_wpseo_twitter-description":null,"_yoast_wpseo_twitter-image":null,"_wp_old_slug":null,"_yoast_wpseo_title":null,"_yoast_wpseo_canonical":null,"yoast_head":"<!-- This site is optimized with the Yoast SEO plugin v27.5 - https:\/\/yoast.com\/product\/yoast-seo-wordpress\/ -->\n<title>8,6% der Arbeitnehmenden arbeiten im Schichtbetrieb mit rotierenden Arbeitszeiten - Save<\/title>\n<meta name=\"description\" content=\"W\u00e4hrend sich Schichtarbeit kaum auf die Gesundheit der Arbeitnehmenden auswirkt, erleiden Schichtarbeiter jedoch h\u00e4ufiger Unf\u00e4lle.\" \/>\n<meta name=\"robots\" content=\"index, follow, max-snippet:-1, max-image-preview:large, max-video-preview:-1\" \/>\n<link rel=\"canonical\" href=\"https:\/\/news.save.ch\/fr\/86-der-arbeitnehmenden-arbeiten-im-schichtbetrieb-mit-rotierenden-arbeitszeiten\/\" \/>\n<meta property=\"og:locale\" content=\"fr_FR\" \/>\n<meta property=\"og:type\" content=\"article\" \/>\n<meta property=\"og:title\" content=\"8,6% der Arbeitnehmenden arbeiten im Schichtbetrieb mit rotierenden Arbeitszeiten - Save\" \/>\n<meta property=\"og:description\" content=\"W\u00e4hrend sich Schichtarbeit kaum auf die Gesundheit der Arbeitnehmenden auswirkt, erleiden Schichtarbeiter jedoch h\u00e4ufiger Unf\u00e4lle.\" \/>\n<meta property=\"og:url\" content=\"https:\/\/news.save.ch\/fr\/86-der-arbeitnehmenden-arbeiten-im-schichtbetrieb-mit-rotierenden-arbeitszeiten\/\" \/>\n<meta property=\"og:site_name\" content=\"Save\" \/>\n<meta property=\"article:published_time\" content=\"2024-02-15T13:51:29+00:00\" \/>\n<meta property=\"og:image\" content=\"https:\/\/news.save.ch\/wp-content\/uploads\/2024\/02\/Depositphotos_182735188_S.jpg\" \/>\n\t<meta property=\"og:image:width\" content=\"1000\" \/>\n\t<meta property=\"og:image:height\" content=\"562\" \/>\n\t<meta property=\"og:image:type\" content=\"image\/jpeg\" \/>\n<meta name=\"author\" content=\"stefanie Zeng\" \/>\n<meta name=\"twitter:card\" content=\"summary_large_image\" \/>\n<meta name=\"twitter:label1\" content=\"\u00c9crit par\" \/>\n\t<meta name=\"twitter:data1\" content=\"stefanie Zeng\" \/>\n\t<meta name=\"twitter:label2\" content=\"Dur\u00e9e de lecture estim\u00e9e\" \/>\n\t<meta name=\"twitter:data2\" content=\"4 minutes\" \/>\n<script type=\"application\/ld+json\" class=\"yoast-schema-graph\">{\"@context\":\"https:\\\/\\\/schema.org\",\"@graph\":[{\"@type\":\"Article\",\"@id\":\"https:\\\/\\\/news.save.ch\\\/86-der-arbeitnehmenden-arbeiten-im-schichtbetrieb-mit-rotierenden-arbeitszeiten\\\/#article\",\"isPartOf\":{\"@id\":\"https:\\\/\\\/news.save.ch\\\/86-der-arbeitnehmenden-arbeiten-im-schichtbetrieb-mit-rotierenden-arbeitszeiten\\\/\"},\"author\":{\"name\":\"stefanie Zeng\",\"@id\":\"https:\\\/\\\/news.save.ch\\\/de\\\/#\\\/schema\\\/person\\\/10917387362b3961e882740f6cf6f2a2\"},\"headline\":\"8,6% der Arbeitnehmenden arbeiten im Schichtbetrieb mit rotierenden Arbeitszeiten\",\"datePublished\":\"2024-02-15T13:51:29+00:00\",\"mainEntityOfPage\":{\"@id\":\"https:\\\/\\\/news.save.ch\\\/86-der-arbeitnehmenden-arbeiten-im-schichtbetrieb-mit-rotierenden-arbeitszeiten\\\/\"},\"wordCount\":601,\"publisher\":{\"@id\":\"https:\\\/\\\/news.save.ch\\\/de\\\/#organization\"},\"image\":{\"@id\":\"https:\\\/\\\/news.save.ch\\\/86-der-arbeitnehmenden-arbeiten-im-schichtbetrieb-mit-rotierenden-arbeitszeiten\\\/#primaryimage\"},\"thumbnailUrl\":\"https:\\\/\\\/news.save.ch\\\/wp-content\\\/uploads\\\/2024\\\/02\\\/Depositphotos_182735188_S.jpg\",\"keywords\":[\"Arbeitsunf\u00e4lle\",\"Gesundheit bei der Arbeit\",\"Nachtschicht\",\"Schichtarbeit\"],\"articleSection\":[\"HEALTH &amp; SAFETY\"],\"inLanguage\":\"fr-FR\"},{\"@type\":\"WebPage\",\"@id\":\"https:\\\/\\\/news.save.ch\\\/86-der-arbeitnehmenden-arbeiten-im-schichtbetrieb-mit-rotierenden-arbeitszeiten\\\/\",\"url\":\"https:\\\/\\\/news.save.ch\\\/86-der-arbeitnehmenden-arbeiten-im-schichtbetrieb-mit-rotierenden-arbeitszeiten\\\/\",\"name\":\"8,6% der Arbeitnehmenden arbeiten im Schichtbetrieb mit rotierenden Arbeitszeiten - Save\",\"isPartOf\":{\"@id\":\"https:\\\/\\\/news.save.ch\\\/de\\\/#website\"},\"primaryImageOfPage\":{\"@id\":\"https:\\\/\\\/news.save.ch\\\/86-der-arbeitnehmenden-arbeiten-im-schichtbetrieb-mit-rotierenden-arbeitszeiten\\\/#primaryimage\"},\"image\":{\"@id\":\"https:\\\/\\\/news.save.ch\\\/86-der-arbeitnehmenden-arbeiten-im-schichtbetrieb-mit-rotierenden-arbeitszeiten\\\/#primaryimage\"},\"thumbnailUrl\":\"https:\\\/\\\/news.save.ch\\\/wp-content\\\/uploads\\\/2024\\\/02\\\/Depositphotos_182735188_S.jpg\",\"datePublished\":\"2024-02-15T13:51:29+00:00\",\"description\":\"W\u00e4hrend sich Schichtarbeit kaum auf die Gesundheit der Arbeitnehmenden auswirkt, erleiden Schichtarbeiter jedoch h\u00e4ufiger Unf\u00e4lle.\",\"breadcrumb\":{\"@id\":\"https:\\\/\\\/news.save.ch\\\/86-der-arbeitnehmenden-arbeiten-im-schichtbetrieb-mit-rotierenden-arbeitszeiten\\\/#breadcrumb\"},\"inLanguage\":\"fr-FR\",\"potentialAction\":[{\"@type\":\"ReadAction\",\"target\":[\"https:\\\/\\\/news.save.ch\\\/86-der-arbeitnehmenden-arbeiten-im-schichtbetrieb-mit-rotierenden-arbeitszeiten\\\/\"]}]},{\"@type\":\"ImageObject\",\"inLanguage\":\"fr-FR\",\"@id\":\"https:\\\/\\\/news.save.ch\\\/86-der-arbeitnehmenden-arbeiten-im-schichtbetrieb-mit-rotierenden-arbeitszeiten\\\/#primaryimage\",\"url\":\"https:\\\/\\\/news.save.ch\\\/wp-content\\\/uploads\\\/2024\\\/02\\\/Depositphotos_182735188_S.jpg\",\"contentUrl\":\"https:\\\/\\\/news.save.ch\\\/wp-content\\\/uploads\\\/2024\\\/02\\\/Depositphotos_182735188_S.jpg\",\"width\":1000,\"height\":562,\"caption\":\"Foto: Depositphotos\\\/glowonconcept\"},{\"@type\":\"BreadcrumbList\",\"@id\":\"https:\\\/\\\/news.save.ch\\\/86-der-arbeitnehmenden-arbeiten-im-schichtbetrieb-mit-rotierenden-arbeitszeiten\\\/#breadcrumb\",\"itemListElement\":[{\"@type\":\"ListItem\",\"position\":1,\"name\":\"Home\",\"item\":\"https:\\\/\\\/news.save.ch\\\/de\\\/\"},{\"@type\":\"ListItem\",\"position\":2,\"name\":\"8,6% der Arbeitnehmenden arbeiten im Schichtbetrieb mit rotierenden Arbeitszeiten\"}]},{\"@type\":\"WebSite\",\"@id\":\"https:\\\/\\\/news.save.ch\\\/de\\\/#website\",\"url\":\"https:\\\/\\\/news.save.ch\\\/de\\\/\",\"name\":\"Save\",\"description\":\"Schweizer Fachzeitschrift f\u00fcr Sicherheit\",\"publisher\":{\"@id\":\"https:\\\/\\\/news.save.ch\\\/de\\\/#organization\"},\"potentialAction\":[{\"@type\":\"SearchAction\",\"target\":{\"@type\":\"EntryPoint\",\"urlTemplate\":\"https:\\\/\\\/news.save.ch\\\/de\\\/?s={search_term_string}\"},\"query-input\":{\"@type\":\"PropertyValueSpecification\",\"valueRequired\":true,\"valueName\":\"search_term_string\"}}],\"inLanguage\":\"fr-FR\"},{\"@type\":\"Organization\",\"@id\":\"https:\\\/\\\/news.save.ch\\\/de\\\/#organization\",\"name\":\"Sicherheitsforum\",\"url\":\"https:\\\/\\\/news.save.ch\\\/de\\\/\",\"logo\":{\"@type\":\"ImageObject\",\"inLanguage\":\"fr-FR\",\"@id\":\"https:\\\/\\\/news.save.ch\\\/de\\\/#\\\/schema\\\/logo\\\/image\\\/\",\"url\":\"https:\\\/\\\/news.save.ch\\\/wp-content\\\/uploads\\\/2022\\\/06\\\/Logo_SF_2012.png\",\"contentUrl\":\"https:\\\/\\\/news.save.ch\\\/wp-content\\\/uploads\\\/2022\\\/06\\\/Logo_SF_2012.png\",\"width\":1100,\"height\":91,\"caption\":\"Sicherheitsforum\"},\"image\":{\"@id\":\"https:\\\/\\\/news.save.ch\\\/de\\\/#\\\/schema\\\/logo\\\/image\\\/\"}},{\"@type\":\"Person\",\"@id\":\"https:\\\/\\\/news.save.ch\\\/de\\\/#\\\/schema\\\/person\\\/10917387362b3961e882740f6cf6f2a2\",\"name\":\"stefanie Zeng\",\"image\":{\"@type\":\"ImageObject\",\"inLanguage\":\"fr-FR\",\"@id\":\"https:\\\/\\\/secure.gravatar.com\\\/avatar\\\/eac43faa6e40bb2c41068c95c9d78bbd94c476d5efdff7abaab80bb3ea681e06?s=96&d=mm&r=g\",\"url\":\"https:\\\/\\\/secure.gravatar.com\\\/avatar\\\/eac43faa6e40bb2c41068c95c9d78bbd94c476d5efdff7abaab80bb3ea681e06?s=96&d=mm&r=g\",\"contentUrl\":\"https:\\\/\\\/secure.gravatar.com\\\/avatar\\\/eac43faa6e40bb2c41068c95c9d78bbd94c476d5efdff7abaab80bb3ea681e06?s=96&d=mm&r=g\",\"caption\":\"stefanie Zeng\"},\"url\":\"https:\\\/\\\/news.save.ch\\\/fr\\\/author\\\/stefanie-zeng\\\/\"}]}<\/script>\n<!-- \/ Yoast SEO plugin. -->","yoast_head_json":{"title":"8,6% des salari\u00e9s travaillent en \u00e9quipe avec des horaires tournants - Save","description":"Alors que le travail post\u00e9 n'a gu\u00e8re d'impact sur la sant\u00e9 des travailleurs, les travailleurs post\u00e9s subissent cependant plus souvent des accidents.","robots":{"index":"index","follow":"follow","max-snippet":"max-snippet:-1","max-image-preview":"max-image-preview:large","max-video-preview":"max-video-preview:-1"},"canonical":"https:\/\/news.save.ch\/fr\/86-der-arbeitnehmenden-arbeiten-im-schichtbetrieb-mit-rotierenden-arbeitszeiten\/","og_locale":"fr_FR","og_type":"article","og_title":"8,6% der Arbeitnehmenden arbeiten im Schichtbetrieb mit rotierenden Arbeitszeiten - Save","og_description":"W\u00e4hrend sich Schichtarbeit kaum auf die Gesundheit der Arbeitnehmenden auswirkt, erleiden Schichtarbeiter jedoch h\u00e4ufiger Unf\u00e4lle.","og_url":"https:\/\/news.save.ch\/fr\/86-der-arbeitnehmenden-arbeiten-im-schichtbetrieb-mit-rotierenden-arbeitszeiten\/","og_site_name":"Save","article_published_time":"2024-02-15T13:51:29+00:00","og_image":[{"width":1000,"height":562,"url":"https:\/\/news.save.ch\/wp-content\/uploads\/2024\/02\/Depositphotos_182735188_S.jpg","type":"image\/jpeg"}],"author":"stefanie Zeng","twitter_card":"summary_large_image","twitter_misc":{"\u00c9crit par":"stefanie Zeng","Dur\u00e9e de lecture estim\u00e9e":"4 minutes"},"schema":{"@context":"https:\/\/schema.org","@graph":[{"@type":"Article","@id":"https:\/\/news.save.ch\/86-der-arbeitnehmenden-arbeiten-im-schichtbetrieb-mit-rotierenden-arbeitszeiten\/#article","isPartOf":{"@id":"https:\/\/news.save.ch\/86-der-arbeitnehmenden-arbeiten-im-schichtbetrieb-mit-rotierenden-arbeitszeiten\/"},"author":{"name":"stefanie Zeng","@id":"https:\/\/news.save.ch\/de\/#\/schema\/person\/10917387362b3961e882740f6cf6f2a2"},"headline":"8,6% der Arbeitnehmenden arbeiten im Schichtbetrieb mit rotierenden Arbeitszeiten","datePublished":"2024-02-15T13:51:29+00:00","mainEntityOfPage":{"@id":"https:\/\/news.save.ch\/86-der-arbeitnehmenden-arbeiten-im-schichtbetrieb-mit-rotierenden-arbeitszeiten\/"},"wordCount":601,"publisher":{"@id":"https:\/\/news.save.ch\/de\/#organization"},"image":{"@id":"https:\/\/news.save.ch\/86-der-arbeitnehmenden-arbeiten-im-schichtbetrieb-mit-rotierenden-arbeitszeiten\/#primaryimage"},"thumbnailUrl":"https:\/\/news.save.ch\/wp-content\/uploads\/2024\/02\/Depositphotos_182735188_S.jpg","keywords":["Arbeitsunf\u00e4lle","Gesundheit bei der Arbeit","Nachtschicht","Schichtarbeit"],"articleSection":["HEALTH &amp; SAFETY"],"inLanguage":"fr-FR"},{"@type":"WebPage","@id":"https:\/\/news.save.ch\/86-der-arbeitnehmenden-arbeiten-im-schichtbetrieb-mit-rotierenden-arbeitszeiten\/","url":"https:\/\/news.save.ch\/86-der-arbeitnehmenden-arbeiten-im-schichtbetrieb-mit-rotierenden-arbeitszeiten\/","name":"8,6% des salari\u00e9s travaillent en \u00e9quipe avec des horaires tournants - Save","isPartOf":{"@id":"https:\/\/news.save.ch\/de\/#website"},"primaryImageOfPage":{"@id":"https:\/\/news.save.ch\/86-der-arbeitnehmenden-arbeiten-im-schichtbetrieb-mit-rotierenden-arbeitszeiten\/#primaryimage"},"image":{"@id":"https:\/\/news.save.ch\/86-der-arbeitnehmenden-arbeiten-im-schichtbetrieb-mit-rotierenden-arbeitszeiten\/#primaryimage"},"thumbnailUrl":"https:\/\/news.save.ch\/wp-content\/uploads\/2024\/02\/Depositphotos_182735188_S.jpg","datePublished":"2024-02-15T13:51:29+00:00","description":"Alors que le travail post\u00e9 n'a gu\u00e8re d'impact sur la sant\u00e9 des travailleurs, les travailleurs post\u00e9s subissent cependant plus souvent des accidents.","breadcrumb":{"@id":"https:\/\/news.save.ch\/86-der-arbeitnehmenden-arbeiten-im-schichtbetrieb-mit-rotierenden-arbeitszeiten\/#breadcrumb"},"inLanguage":"fr-FR","potentialAction":[{"@type":"ReadAction","target":["https:\/\/news.save.ch\/86-der-arbeitnehmenden-arbeiten-im-schichtbetrieb-mit-rotierenden-arbeitszeiten\/"]}]},{"@type":"ImageObject","inLanguage":"fr-FR","@id":"https:\/\/news.save.ch\/86-der-arbeitnehmenden-arbeiten-im-schichtbetrieb-mit-rotierenden-arbeitszeiten\/#primaryimage","url":"https:\/\/news.save.ch\/wp-content\/uploads\/2024\/02\/Depositphotos_182735188_S.jpg","contentUrl":"https:\/\/news.save.ch\/wp-content\/uploads\/2024\/02\/Depositphotos_182735188_S.jpg","width":1000,"height":562,"caption":"Foto: Depositphotos\/glowonconcept"},{"@type":"BreadcrumbList","@id":"https:\/\/news.save.ch\/86-der-arbeitnehmenden-arbeiten-im-schichtbetrieb-mit-rotierenden-arbeitszeiten\/#breadcrumb","itemListElement":[{"@type":"ListItem","position":1,"name":"Home","item":"https:\/\/news.save.ch\/de\/"},{"@type":"ListItem","position":2,"name":"8,6% der Arbeitnehmenden arbeiten im Schichtbetrieb mit rotierenden Arbeitszeiten"}]},{"@type":"WebSite","@id":"https:\/\/news.save.ch\/de\/#website","url":"https:\/\/news.save.ch\/de\/","name":"Save","description":"Revue suisse sp\u00e9cialis\u00e9e dans la s\u00e9curit\u00e9","publisher":{"@id":"https:\/\/news.save.ch\/de\/#organization"},"potentialAction":[{"@type":"SearchAction","target":{"@type":"EntryPoint","urlTemplate":"https:\/\/news.save.ch\/de\/?s={search_term_string}"},"query-input":{"@type":"PropertyValueSpecification","valueRequired":true,"valueName":"search_term_string"}}],"inLanguage":"fr-FR"},{"@type":"Organization","@id":"https:\/\/news.save.ch\/de\/#organization","name":"Forum sur la s\u00e9curit\u00e9","url":"https:\/\/news.save.ch\/de\/","logo":{"@type":"ImageObject","inLanguage":"fr-FR","@id":"https:\/\/news.save.ch\/de\/#\/schema\/logo\/image\/","url":"https:\/\/news.save.ch\/wp-content\/uploads\/2022\/06\/Logo_SF_2012.png","contentUrl":"https:\/\/news.save.ch\/wp-content\/uploads\/2022\/06\/Logo_SF_2012.png","width":1100,"height":91,"caption":"Sicherheitsforum"},"image":{"@id":"https:\/\/news.save.ch\/de\/#\/schema\/logo\/image\/"}},{"@type":"Person","@id":"https:\/\/news.save.ch\/de\/#\/schema\/person\/10917387362b3961e882740f6cf6f2a2","name":"stefanie Zeng","image":{"@type":"ImageObject","inLanguage":"fr-FR","@id":"https:\/\/secure.gravatar.com\/avatar\/eac43faa6e40bb2c41068c95c9d78bbd94c476d5efdff7abaab80bb3ea681e06?s=96&d=mm&r=g","url":"https:\/\/secure.gravatar.com\/avatar\/eac43faa6e40bb2c41068c95c9d78bbd94c476d5efdff7abaab80bb3ea681e06?s=96&d=mm&r=g","contentUrl":"https:\/\/secure.gravatar.com\/avatar\/eac43faa6e40bb2c41068c95c9d78bbd94c476d5efdff7abaab80bb3ea681e06?s=96&d=mm&r=g","caption":"stefanie Zeng"},"url":"https:\/\/news.save.ch\/fr\/author\/stefanie-zeng\/"}]}},"_links":{"self":[{"href":"https:\/\/news.save.ch\/fr\/wp-json\/wp\/v2\/posts\/22824","targetHints":{"allow":["GET"]}}],"collection":[{"href":"https:\/\/news.save.ch\/fr\/wp-json\/wp\/v2\/posts"}],"about":[{"href":"https:\/\/news.save.ch\/fr\/wp-json\/wp\/v2\/types\/post"}],"author":[{"embeddable":true,"href":"https:\/\/news.save.ch\/fr\/wp-json\/wp\/v2\/users\/31"}],"replies":[{"embeddable":true,"href":"https:\/\/news.save.ch\/fr\/wp-json\/wp\/v2\/comments?post=22824"}],"version-history":[{"count":2,"href":"https:\/\/news.save.ch\/fr\/wp-json\/wp\/v2\/posts\/22824\/revisions"}],"predecessor-version":[{"id":22829,"href":"https:\/\/news.save.ch\/fr\/wp-json\/wp\/v2\/posts\/22824\/revisions\/22829"}],"wp:featuredmedia":[{"embeddable":true,"href":"https:\/\/news.save.ch\/fr\/wp-json\/wp\/v2\/media\/22828"}],"wp:attachment":[{"href":"https:\/\/news.save.ch\/fr\/wp-json\/wp\/v2\/media?parent=22824"}],"wp:term":[{"taxonomy":"category","embeddable":true,"href":"https:\/\/news.save.ch\/fr\/wp-json\/wp\/v2\/categories?post=22824"},{"taxonomy":"post_tag","embeddable":true,"href":"https:\/\/news.save.ch\/fr\/wp-json\/wp\/v2\/tags?post=22824"}],"curies":[{"name":"wp","href":"https:\/\/api.w.org\/{rel}","templated":true}]}}