{"id":2286,"date":"2016-09-06T08:24:20","date_gmt":"2016-09-06T06:24:20","guid":{"rendered":"https:\/\/dev.sicherheitsforum.ch\/?p=2286"},"modified":"2016-09-06T08:24:20","modified_gmt":"2016-09-06T06:24:20","slug":"missbrauch-von-explosivem-material-verhindern","status":null,"type":"post","link":"https:\/\/news.save.ch\/fr\/missbrauch-von-explosivem-material-verhindern\/","title":{"rendered":"Pr\u00e9venir l'utilisation abusive de mat\u00e9riel explosif"},"content":{"rendered":"<figure id=\"attachment_2287\" aria-describedby=\"caption-attachment-2287\" style=\"width: 680px\" class=\"wp-caption alignnone\"><img loading=\"lazy\" decoding=\"async\" class=\"size-medium wp-image-2287\" src=\"https:\/\/news.save.ch\/wp-content\/uploads\/2016\/12\/Missbrauch-von-explosivem-Material-verhindern_sicherheitsforum.jpg\" alt=\"\" width=\"680\" height=\"452\" srcset=\"https:\/\/news.save.ch\/wp-content\/uploads\/2016\/12\/Missbrauch-von-explosivem-Material-verhindern_sicherheitsforum.jpg 1000w, https:\/\/news.save.ch\/wp-content\/uploads\/2016\/12\/Missbrauch-von-explosivem-Material-verhindern_sicherheitsforum-375x249.jpg 375w\" sizes=\"auto, (max-width: 680px) 100vw, 680px\" \/><figcaption id=\"caption-attachment-2287\" class=\"wp-caption-text\">\u00a9 depositphotos<\/figcaption><\/figure>\n<p>Les r\u00e9cents attentats en Europe l'ont montr\u00e9 : pour fabriquer leurs explosifs, les terroristes utilisent des substances que l'on trouve dans des produits d'usage courant comme les engrais, les produits de nettoyage pour les piscines ou les d\u00e9sherbants. Ces produits chimiques, comme le peroxyde d'hydrog\u00e8ne et l'ac\u00e9tone, sont ce que l'on appelle des pr\u00e9curseurs d'explosifs. Alors que le commerce de ces produits est restreint pour les particuliers dans l'Union europ\u00e9enne, ils sont disponibles sans restriction et sans contr\u00f4le en Suisse. Il existe donc un risque r\u00e9el que des criminels se procurent de telles substances en Suisse.<\/p>\n<p><strong>La table ronde a \u00e9t\u00e9 fructueuse<\/strong><\/p>\n<p>Conscient de ce risque, le Conseil f\u00e9d\u00e9ral a charg\u00e9 le D\u00e9partement f\u00e9d\u00e9ral de justice et police (DFJP) de mettre en place un groupe d'experts sous la direction de Fedpol. Sa mission est d'analyser la situation en Suisse et de proposer des mesures pour rendre l'acc\u00e8s \u00e0 ces substances plus difficile. Les premiers r\u00e9sultats de cette analyse ont \u00e9t\u00e9 pr\u00e9sent\u00e9s lors d'une table ronde avec les branches concern\u00e9es et la faisabilit\u00e9 des mesures propos\u00e9es a \u00e9t\u00e9 discut\u00e9e.<\/p>\n<p>Les \u00e9changes ont \u00e9t\u00e9 riches : les participants ont fourni de pr\u00e9cieux inputs pour trouver des solutions r\u00e9alistes, pragmatiques et efficaces. Fedpol int\u00e9grera les r\u00e9sultats des discussions de la table ronde dans son rapport au Conseil f\u00e9d\u00e9ral. Le Conseil f\u00e9d\u00e9ral d\u00e9cidera de la marche \u00e0 suivre sur la base de ce rapport. S'il se prononce en faveur d'une r\u00e9glementation, les branches concern\u00e9es seront consult\u00e9es sur les travaux l\u00e9gislatifs et les d\u00e9tails de la mise en \u0153uvre.<\/p>\n<p><strong>Mesures imm\u00e9diates<\/strong><\/p>\n<p>Comme la proc\u00e9dure l\u00e9gislative prendra un certain temps, des mesures imm\u00e9diates seront prises. Les secteurs consult\u00e9s ont montr\u00e9 leur ouverture \u00e0 sensibiliser leurs membres aux risques li\u00e9s aux pr\u00e9curseurs d'explosifs. Les points de vente peuvent signaler les incidents suspects impliquant des pr\u00e9curseurs \u00e0 un bureau d'annonce aupr\u00e8s de Fedpol, dans le but de d\u00e9tecter rapidement un \u00e9ventuel abus. Fedpol pr\u00e9pare du mat\u00e9riel d'information pour les vendeurs en collaboration avec les secteurs concern\u00e9s.<\/p>\n<p><strong>La r\u00e9glementation de l'Union europ\u00e9enne<\/strong><\/p>\n<p>Suite aux nombreux attentats commis avec des explosifs fabriqu\u00e9s \u00e0 partir de pr\u00e9curseurs, l'Union europ\u00e9enne a adopt\u00e9 en 2014 une r\u00e9glementation sur la vente et l'utilisation de pr\u00e9curseurs. La r\u00e9glementation de l'UE pr\u00e9voit trois mesures possibles, qui concernent uniquement la vente de telles substances aux particuliers : La vente d'un produit est soit interdite, soit soumise \u00e0 autorisation, soit doit \u00eatre enregistr\u00e9e. La liste des substances concern\u00e9es est la m\u00eame partout, mais la r\u00e9glementation est appliqu\u00e9e diff\u00e9remment dans les pays de l'Union europ\u00e9enne, chaque pays privil\u00e9giant l'une des mesures possibles.<\/p>\n<p><em>Source : Office f\u00e9d\u00e9ral de la police<\/em><\/p>","protected":false},"excerpt":{"rendered":"<p>Die j\u00fcngsten Attentate in Europa haben es gezeigt: Terroristen verwenden zur Herstellung ihrer Sprengs\u00e4tze Substanzen, die in Produkten des t\u00e4glichen Gebrauchs wie D\u00fcngemittel, Reinigungsmittel f\u00fcr Schwimmb\u00e4der oder Unkrautvertilgungsmittel zu finden sind. Diese Chemikalien, wie etwa Wasserstoffperoxid und Aceton sind sogenannte Vorl\u00e4uferstoffe f\u00fcr Explosivstoffe. W\u00e4hrend der Handel mit diesen Produkten in der Europ\u00e4ischen Union f\u00fcr Privatpersonen [&hellip;]<\/p>\n","protected":false},"author":1,"featured_media":2287,"comment_status":"open","ping_status":"open","sticky":false,"template":"","format":"standard","meta":{"_acf_changed":false,"pgc_sgb_lightbox_settings":"","footnotes":""},"categories":[1],"tags":[69,43],"class_list":["post-2286","post","type-post","status-publish","format-standard","has-post-thumbnail","hentry","category-allgemein","tag-justiz-polizei","tag-terrorismus"],"acf":[],"hkrextid":null,"publication":null,"issue":null,"workflow":null,"startPage":null,"spitzmarke":null,"_posts_by_tag_page_fields":{"widget_title":"","widget_tags":""},"_at_widget":"1","_yoast_wpseo_primary_category":"","_yoast_wpseo_focuskw_text_input":"Explosiv","_yoast_wpseo_opengraph-image":"https:\/\/news.save.ch\/wp-content\/uploads\/2016\/12\/Missbrauch-von-explosivem-Material-verhindern_sicherheitsforum.jpg","_yoast_wpseo_opengraph-description":"Das Bundesamt f\u00fcr Polizei hat k\u00fcrzlich einen Runden Tisch zur Reglementierung von Vorl\u00e4uferstoffen f\u00fcr Explosivstoffe in der Schweiz organisiert. Dabei wurden den betroffenen Branchen Vorschl\u00e4ge pr\u00e4sentiert, wie in der Schweiz in Zukunft der Missbrauch von Vorl\u00e4uferstoffen erschwert werden k\u00f6nnte. Die Beh\u00f6rde m\u00f6chte gemeinsam mit der Branche pragmatische und wirksame Massnahmen erarbeiten, um in der Schweiz die Risiken eines Missbrauchs von Vorl\u00e4uferstoffen f\u00fcr Explosivstoffe zu reduzieren.","_yoast_wpseo_opengraph-title":"Missbrauch von explosivem Material verhindern","enclosure":null,"_yoast_wpseo_twitter-title":null,"_yoast_wpseo_twitter-description":null,"_yoast_wpseo_twitter-image":null,"_wp_old_slug":null,"_yoast_wpseo_title":null,"_yoast_wpseo_canonical":null,"yoast_head":"<!-- This site is optimized with the Yoast SEO plugin v27.5 - https:\/\/yoast.com\/product\/yoast-seo-wordpress\/ -->\n<title>Missbrauch von explosivem Material verhindern - Save<\/title>\n<meta name=\"description\" content=\"Das Bundesamt f\u00fcr Polizei hat k\u00fcrzlich einen Runden Tisch zur Reglementierung von Vorl\u00e4uferstoffen f\u00fcr Explosiv-Stoffe in der Schweiz organisiert.\" \/>\n<meta name=\"robots\" content=\"index, follow, max-snippet:-1, max-image-preview:large, max-video-preview:-1\" \/>\n<link rel=\"canonical\" href=\"https:\/\/news.save.ch\/fr\/missbrauch-von-explosivem-material-verhindern\/\" \/>\n<meta property=\"og:locale\" content=\"fr_FR\" \/>\n<meta property=\"og:type\" content=\"article\" \/>\n<meta property=\"og:title\" content=\"Missbrauch von explosivem Material verhindern\" \/>\n<meta property=\"og:description\" content=\"Das Bundesamt f\u00fcr Polizei hat k\u00fcrzlich einen Runden Tisch zur Reglementierung von Vorl\u00e4uferstoffen f\u00fcr Explosivstoffe in der Schweiz organisiert. Dabei wurden den betroffenen Branchen Vorschl\u00e4ge pr\u00e4sentiert, wie in der Schweiz in Zukunft der Missbrauch von Vorl\u00e4uferstoffen erschwert werden k\u00f6nnte. Die Beh\u00f6rde m\u00f6chte gemeinsam mit der Branche pragmatische und wirksame Massnahmen erarbeiten, um in der Schweiz die Risiken eines Missbrauchs von Vorl\u00e4uferstoffen f\u00fcr Explosivstoffe zu reduzieren.\" \/>\n<meta property=\"og:url\" content=\"https:\/\/news.save.ch\/fr\/missbrauch-von-explosivem-material-verhindern\/\" \/>\n<meta property=\"og:site_name\" content=\"Save\" \/>\n<meta property=\"article:published_time\" content=\"2016-09-06T06:24:20+00:00\" \/>\n<meta property=\"og:image\" content=\"https:\/\/news.save.ch\/wp-content\/uploads\/2016\/12\/Missbrauch-von-explosivem-Material-verhindern_sicherheitsforum.jpg\" \/>\n<meta name=\"author\" content=\"admin\" \/>\n<meta name=\"twitter:card\" content=\"summary_large_image\" \/>\n<meta name=\"twitter:label1\" content=\"\u00c9crit par\" \/>\n\t<meta name=\"twitter:data1\" content=\"admin\" \/>\n\t<meta name=\"twitter:label2\" content=\"Dur\u00e9e de lecture estim\u00e9e\" \/>\n\t<meta name=\"twitter:data2\" content=\"2 minutes\" \/>\n<script type=\"application\/ld+json\" class=\"yoast-schema-graph\">{\"@context\":\"https:\\\/\\\/schema.org\",\"@graph\":[{\"@type\":\"Article\",\"@id\":\"https:\\\/\\\/news.save.ch\\\/missbrauch-von-explosivem-material-verhindern\\\/#article\",\"isPartOf\":{\"@id\":\"https:\\\/\\\/news.save.ch\\\/missbrauch-von-explosivem-material-verhindern\\\/\"},\"author\":{\"name\":\"admin\",\"@id\":\"https:\\\/\\\/news.save.ch\\\/de\\\/#\\\/schema\\\/person\\\/d49e199490bad7c70d64b9ab51142f2b\"},\"headline\":\"Missbrauch von explosivem Material verhindern\",\"datePublished\":\"2016-09-06T06:24:20+00:00\",\"mainEntityOfPage\":{\"@id\":\"https:\\\/\\\/news.save.ch\\\/missbrauch-von-explosivem-material-verhindern\\\/\"},\"wordCount\":432,\"commentCount\":0,\"publisher\":{\"@id\":\"https:\\\/\\\/news.save.ch\\\/de\\\/#organization\"},\"image\":{\"@id\":\"https:\\\/\\\/news.save.ch\\\/missbrauch-von-explosivem-material-verhindern\\\/#primaryimage\"},\"thumbnailUrl\":\"https:\\\/\\\/news.save.ch\\\/wp-content\\\/uploads\\\/2016\\\/12\\\/Missbrauch-von-explosivem-Material-verhindern_sicherheitsforum.jpg\",\"keywords\":[\"Justiz &amp; Polizei\",\"Terrorismus\"],\"articleSection\":[\"ALLGEMEIN\"],\"inLanguage\":\"fr-FR\"},{\"@type\":\"WebPage\",\"@id\":\"https:\\\/\\\/news.save.ch\\\/missbrauch-von-explosivem-material-verhindern\\\/\",\"url\":\"https:\\\/\\\/news.save.ch\\\/missbrauch-von-explosivem-material-verhindern\\\/\",\"name\":\"Missbrauch von explosivem Material verhindern - Save\",\"isPartOf\":{\"@id\":\"https:\\\/\\\/news.save.ch\\\/de\\\/#website\"},\"primaryImageOfPage\":{\"@id\":\"https:\\\/\\\/news.save.ch\\\/missbrauch-von-explosivem-material-verhindern\\\/#primaryimage\"},\"image\":{\"@id\":\"https:\\\/\\\/news.save.ch\\\/missbrauch-von-explosivem-material-verhindern\\\/#primaryimage\"},\"thumbnailUrl\":\"https:\\\/\\\/news.save.ch\\\/wp-content\\\/uploads\\\/2016\\\/12\\\/Missbrauch-von-explosivem-Material-verhindern_sicherheitsforum.jpg\",\"datePublished\":\"2016-09-06T06:24:20+00:00\",\"description\":\"Das Bundesamt f\u00fcr Polizei hat k\u00fcrzlich einen Runden Tisch zur Reglementierung von Vorl\u00e4uferstoffen f\u00fcr Explosiv-Stoffe in der Schweiz organisiert.\",\"breadcrumb\":{\"@id\":\"https:\\\/\\\/news.save.ch\\\/missbrauch-von-explosivem-material-verhindern\\\/#breadcrumb\"},\"inLanguage\":\"fr-FR\",\"potentialAction\":[{\"@type\":\"ReadAction\",\"target\":[\"https:\\\/\\\/news.save.ch\\\/missbrauch-von-explosivem-material-verhindern\\\/\"]}]},{\"@type\":\"ImageObject\",\"inLanguage\":\"fr-FR\",\"@id\":\"https:\\\/\\\/news.save.ch\\\/missbrauch-von-explosivem-material-verhindern\\\/#primaryimage\",\"url\":\"https:\\\/\\\/news.save.ch\\\/wp-content\\\/uploads\\\/2016\\\/12\\\/Missbrauch-von-explosivem-Material-verhindern_sicherheitsforum.jpg\",\"contentUrl\":\"https:\\\/\\\/news.save.ch\\\/wp-content\\\/uploads\\\/2016\\\/12\\\/Missbrauch-von-explosivem-Material-verhindern_sicherheitsforum.jpg\",\"width\":1000,\"height\":664,\"caption\":\"\u00a9 depositphotos\"},{\"@type\":\"BreadcrumbList\",\"@id\":\"https:\\\/\\\/news.save.ch\\\/missbrauch-von-explosivem-material-verhindern\\\/#breadcrumb\",\"itemListElement\":[{\"@type\":\"ListItem\",\"position\":1,\"name\":\"Home\",\"item\":\"https:\\\/\\\/news.save.ch\\\/de\\\/\"},{\"@type\":\"ListItem\",\"position\":2,\"name\":\"Missbrauch von explosivem Material verhindern\"}]},{\"@type\":\"WebSite\",\"@id\":\"https:\\\/\\\/news.save.ch\\\/de\\\/#website\",\"url\":\"https:\\\/\\\/news.save.ch\\\/de\\\/\",\"name\":\"Save\",\"description\":\"Schweizer Fachzeitschrift f\u00fcr Sicherheit\",\"publisher\":{\"@id\":\"https:\\\/\\\/news.save.ch\\\/de\\\/#organization\"},\"potentialAction\":[{\"@type\":\"SearchAction\",\"target\":{\"@type\":\"EntryPoint\",\"urlTemplate\":\"https:\\\/\\\/news.save.ch\\\/de\\\/?s={search_term_string}\"},\"query-input\":{\"@type\":\"PropertyValueSpecification\",\"valueRequired\":true,\"valueName\":\"search_term_string\"}}],\"inLanguage\":\"fr-FR\"},{\"@type\":\"Organization\",\"@id\":\"https:\\\/\\\/news.save.ch\\\/de\\\/#organization\",\"name\":\"Sicherheitsforum\",\"url\":\"https:\\\/\\\/news.save.ch\\\/de\\\/\",\"logo\":{\"@type\":\"ImageObject\",\"inLanguage\":\"fr-FR\",\"@id\":\"https:\\\/\\\/news.save.ch\\\/de\\\/#\\\/schema\\\/logo\\\/image\\\/\",\"url\":\"https:\\\/\\\/news.save.ch\\\/wp-content\\\/uploads\\\/2022\\\/06\\\/Logo_SF_2012.png\",\"contentUrl\":\"https:\\\/\\\/news.save.ch\\\/wp-content\\\/uploads\\\/2022\\\/06\\\/Logo_SF_2012.png\",\"width\":1100,\"height\":91,\"caption\":\"Sicherheitsforum\"},\"image\":{\"@id\":\"https:\\\/\\\/news.save.ch\\\/de\\\/#\\\/schema\\\/logo\\\/image\\\/\"}},{\"@type\":\"Person\",\"@id\":\"https:\\\/\\\/news.save.ch\\\/de\\\/#\\\/schema\\\/person\\\/d49e199490bad7c70d64b9ab51142f2b\",\"name\":\"admin\",\"image\":{\"@type\":\"ImageObject\",\"inLanguage\":\"fr-FR\",\"@id\":\"https:\\\/\\\/secure.gravatar.com\\\/avatar\\\/ae2f4d718e6c49043e314ce431e7e645d646302a24a5ef5a8bc8e3f5a032e319?s=96&d=mm&r=g\",\"url\":\"https:\\\/\\\/secure.gravatar.com\\\/avatar\\\/ae2f4d718e6c49043e314ce431e7e645d646302a24a5ef5a8bc8e3f5a032e319?s=96&d=mm&r=g\",\"contentUrl\":\"https:\\\/\\\/secure.gravatar.com\\\/avatar\\\/ae2f4d718e6c49043e314ce431e7e645d646302a24a5ef5a8bc8e3f5a032e319?s=96&d=mm&r=g\",\"caption\":\"admin\"},\"sameAs\":[\"https:\\\/\\\/develop.organisator.galledia.ch\"],\"url\":\"https:\\\/\\\/news.save.ch\\\/fr\\\/author\\\/admin\\\/\"}]}<\/script>\n<!-- \/ Yoast SEO plugin. -->","yoast_head_json":{"title":"Pr\u00e9venir l'utilisation abusive de mat\u00e9riel explosif - Save","description":"L'Office f\u00e9d\u00e9ral de la police a r\u00e9cemment organis\u00e9 une table ronde sur la r\u00e9glementation des pr\u00e9curseurs de substances explosives en Suisse.","robots":{"index":"index","follow":"follow","max-snippet":"max-snippet:-1","max-image-preview":"max-image-preview:large","max-video-preview":"max-video-preview:-1"},"canonical":"https:\/\/news.save.ch\/fr\/missbrauch-von-explosivem-material-verhindern\/","og_locale":"fr_FR","og_type":"article","og_title":"Missbrauch von explosivem Material verhindern","og_description":"Das Bundesamt f\u00fcr Polizei hat k\u00fcrzlich einen Runden Tisch zur Reglementierung von Vorl\u00e4uferstoffen f\u00fcr Explosivstoffe in der Schweiz organisiert. Dabei wurden den betroffenen Branchen Vorschl\u00e4ge pr\u00e4sentiert, wie in der Schweiz in Zukunft der Missbrauch von Vorl\u00e4uferstoffen erschwert werden k\u00f6nnte. Die Beh\u00f6rde m\u00f6chte gemeinsam mit der Branche pragmatische und wirksame Massnahmen erarbeiten, um in der Schweiz die Risiken eines Missbrauchs von Vorl\u00e4uferstoffen f\u00fcr Explosivstoffe zu reduzieren.","og_url":"https:\/\/news.save.ch\/fr\/missbrauch-von-explosivem-material-verhindern\/","og_site_name":"Save","article_published_time":"2016-09-06T06:24:20+00:00","og_image":[{"url":"https:\/\/news.save.ch\/wp-content\/uploads\/2016\/12\/Missbrauch-von-explosivem-Material-verhindern_sicherheitsforum.jpg","type":"","width":"","height":""}],"author":"admin","twitter_card":"summary_large_image","twitter_misc":{"\u00c9crit par":"admin","Dur\u00e9e de lecture estim\u00e9e":"2 minutes"},"schema":{"@context":"https:\/\/schema.org","@graph":[{"@type":"Article","@id":"https:\/\/news.save.ch\/missbrauch-von-explosivem-material-verhindern\/#article","isPartOf":{"@id":"https:\/\/news.save.ch\/missbrauch-von-explosivem-material-verhindern\/"},"author":{"name":"admin","@id":"https:\/\/news.save.ch\/de\/#\/schema\/person\/d49e199490bad7c70d64b9ab51142f2b"},"headline":"Missbrauch von explosivem Material verhindern","datePublished":"2016-09-06T06:24:20+00:00","mainEntityOfPage":{"@id":"https:\/\/news.save.ch\/missbrauch-von-explosivem-material-verhindern\/"},"wordCount":432,"commentCount":0,"publisher":{"@id":"https:\/\/news.save.ch\/de\/#organization"},"image":{"@id":"https:\/\/news.save.ch\/missbrauch-von-explosivem-material-verhindern\/#primaryimage"},"thumbnailUrl":"https:\/\/news.save.ch\/wp-content\/uploads\/2016\/12\/Missbrauch-von-explosivem-Material-verhindern_sicherheitsforum.jpg","keywords":["Justiz &amp; Polizei","Terrorismus"],"articleSection":["ALLGEMEIN"],"inLanguage":"fr-FR"},{"@type":"WebPage","@id":"https:\/\/news.save.ch\/missbrauch-von-explosivem-material-verhindern\/","url":"https:\/\/news.save.ch\/missbrauch-von-explosivem-material-verhindern\/","name":"Pr\u00e9venir l'utilisation abusive de mat\u00e9riel explosif - Save","isPartOf":{"@id":"https:\/\/news.save.ch\/de\/#website"},"primaryImageOfPage":{"@id":"https:\/\/news.save.ch\/missbrauch-von-explosivem-material-verhindern\/#primaryimage"},"image":{"@id":"https:\/\/news.save.ch\/missbrauch-von-explosivem-material-verhindern\/#primaryimage"},"thumbnailUrl":"https:\/\/news.save.ch\/wp-content\/uploads\/2016\/12\/Missbrauch-von-explosivem-Material-verhindern_sicherheitsforum.jpg","datePublished":"2016-09-06T06:24:20+00:00","description":"L'Office f\u00e9d\u00e9ral de la police a r\u00e9cemment organis\u00e9 une table ronde sur la r\u00e9glementation des pr\u00e9curseurs de substances explosives en Suisse.","breadcrumb":{"@id":"https:\/\/news.save.ch\/missbrauch-von-explosivem-material-verhindern\/#breadcrumb"},"inLanguage":"fr-FR","potentialAction":[{"@type":"ReadAction","target":["https:\/\/news.save.ch\/missbrauch-von-explosivem-material-verhindern\/"]}]},{"@type":"ImageObject","inLanguage":"fr-FR","@id":"https:\/\/news.save.ch\/missbrauch-von-explosivem-material-verhindern\/#primaryimage","url":"https:\/\/news.save.ch\/wp-content\/uploads\/2016\/12\/Missbrauch-von-explosivem-Material-verhindern_sicherheitsforum.jpg","contentUrl":"https:\/\/news.save.ch\/wp-content\/uploads\/2016\/12\/Missbrauch-von-explosivem-Material-verhindern_sicherheitsforum.jpg","width":1000,"height":664,"caption":"\u00a9 depositphotos"},{"@type":"BreadcrumbList","@id":"https:\/\/news.save.ch\/missbrauch-von-explosivem-material-verhindern\/#breadcrumb","itemListElement":[{"@type":"ListItem","position":1,"name":"Home","item":"https:\/\/news.save.ch\/de\/"},{"@type":"ListItem","position":2,"name":"Missbrauch von explosivem Material verhindern"}]},{"@type":"WebSite","@id":"https:\/\/news.save.ch\/de\/#website","url":"https:\/\/news.save.ch\/de\/","name":"Save","description":"Revue suisse sp\u00e9cialis\u00e9e dans la s\u00e9curit\u00e9","publisher":{"@id":"https:\/\/news.save.ch\/de\/#organization"},"potentialAction":[{"@type":"SearchAction","target":{"@type":"EntryPoint","urlTemplate":"https:\/\/news.save.ch\/de\/?s={search_term_string}"},"query-input":{"@type":"PropertyValueSpecification","valueRequired":true,"valueName":"search_term_string"}}],"inLanguage":"fr-FR"},{"@type":"Organization","@id":"https:\/\/news.save.ch\/de\/#organization","name":"Forum sur la s\u00e9curit\u00e9","url":"https:\/\/news.save.ch\/de\/","logo":{"@type":"ImageObject","inLanguage":"fr-FR","@id":"https:\/\/news.save.ch\/de\/#\/schema\/logo\/image\/","url":"https:\/\/news.save.ch\/wp-content\/uploads\/2022\/06\/Logo_SF_2012.png","contentUrl":"https:\/\/news.save.ch\/wp-content\/uploads\/2022\/06\/Logo_SF_2012.png","width":1100,"height":91,"caption":"Sicherheitsforum"},"image":{"@id":"https:\/\/news.save.ch\/de\/#\/schema\/logo\/image\/"}},{"@type":"Person","@id":"https:\/\/news.save.ch\/de\/#\/schema\/person\/d49e199490bad7c70d64b9ab51142f2b","name":"admin","image":{"@type":"ImageObject","inLanguage":"fr-FR","@id":"https:\/\/secure.gravatar.com\/avatar\/ae2f4d718e6c49043e314ce431e7e645d646302a24a5ef5a8bc8e3f5a032e319?s=96&d=mm&r=g","url":"https:\/\/secure.gravatar.com\/avatar\/ae2f4d718e6c49043e314ce431e7e645d646302a24a5ef5a8bc8e3f5a032e319?s=96&d=mm&r=g","contentUrl":"https:\/\/secure.gravatar.com\/avatar\/ae2f4d718e6c49043e314ce431e7e645d646302a24a5ef5a8bc8e3f5a032e319?s=96&d=mm&r=g","caption":"admin"},"sameAs":["https:\/\/develop.organisator.galledia.ch"],"url":"https:\/\/news.save.ch\/fr\/author\/admin\/"}]}},"_links":{"self":[{"href":"https:\/\/news.save.ch\/fr\/wp-json\/wp\/v2\/posts\/2286","targetHints":{"allow":["GET"]}}],"collection":[{"href":"https:\/\/news.save.ch\/fr\/wp-json\/wp\/v2\/posts"}],"about":[{"href":"https:\/\/news.save.ch\/fr\/wp-json\/wp\/v2\/types\/post"}],"author":[{"embeddable":true,"href":"https:\/\/news.save.ch\/fr\/wp-json\/wp\/v2\/users\/1"}],"replies":[{"embeddable":true,"href":"https:\/\/news.save.ch\/fr\/wp-json\/wp\/v2\/comments?post=2286"}],"version-history":[{"count":0,"href":"https:\/\/news.save.ch\/fr\/wp-json\/wp\/v2\/posts\/2286\/revisions"}],"wp:featuredmedia":[{"embeddable":true,"href":"https:\/\/news.save.ch\/fr\/wp-json\/wp\/v2\/media\/2287"}],"wp:attachment":[{"href":"https:\/\/news.save.ch\/fr\/wp-json\/wp\/v2\/media?parent=2286"}],"wp:term":[{"taxonomy":"category","embeddable":true,"href":"https:\/\/news.save.ch\/fr\/wp-json\/wp\/v2\/categories?post=2286"},{"taxonomy":"post_tag","embeddable":true,"href":"https:\/\/news.save.ch\/fr\/wp-json\/wp\/v2\/tags?post=2286"}],"curies":[{"name":"wp","href":"https:\/\/api.w.org\/{rel}","templated":true}]}}