{"id":22919,"date":"2024-03-18T16:35:10","date_gmt":"2024-03-18T15:35:10","guid":{"rendered":"https:\/\/news.save.ch\/?p=22919"},"modified":"2024-03-18T16:37:01","modified_gmt":"2024-03-18T15:37:01","slug":"besseres-licht-am-arbeitsplatz","status":null,"type":"post","link":"https:\/\/news.save.ch\/fr\/besseres-licht-am-arbeitsplatz\/","title":{"rendered":"Une meilleure lumi\u00e8re sur le lieu de travail"},"content":{"rendered":"<figure id=\"attachment_22920\" aria-describedby=\"caption-attachment-22920\" style=\"width: 1200px\" class=\"wp-caption alignnone\"><img loading=\"lazy\" decoding=\"async\" class=\"wp-image-22920 size-full\" src=\"https:\/\/news.save.ch\/wp-content\/uploads\/2024\/03\/24_lf60_06_SIT_Lagerhalle-scaled.jpg\" alt=\"\" width=\"1200\" height=\"800\" srcset=\"https:\/\/news.save.ch\/wp-content\/uploads\/2024\/03\/24_lf60_06_SIT_Lagerhalle-scaled.jpg 1200w, https:\/\/news.save.ch\/wp-content\/uploads\/2024\/03\/24_lf60_06_SIT_Lagerhalle-680x453.jpg 680w, https:\/\/news.save.ch\/wp-content\/uploads\/2024\/03\/24_lf60_06_SIT_Lagerhalle-1024x683.jpg 1024w, https:\/\/news.save.ch\/wp-content\/uploads\/2024\/03\/24_lf60_06_SIT_Lagerhalle-768x512.jpg 768w, https:\/\/news.save.ch\/wp-content\/uploads\/2024\/03\/24_lf60_06_SIT_Lagerhalle-1536x1024.jpg 1536w, https:\/\/news.save.ch\/wp-content\/uploads\/2024\/03\/24_lf60_06_SIT_Lagerhalle-2048x1365.jpg 2048w, https:\/\/news.save.ch\/wp-content\/uploads\/2024\/03\/24_lf60_06_SIT_Lagerhalle-18x12.jpg 18w, https:\/\/news.save.ch\/wp-content\/uploads\/2024\/03\/24_lf60_06_SIT_Lagerhalle-375x250.jpg 375w, https:\/\/news.save.ch\/wp-content\/uploads\/2024\/03\/24_lf60_06_SIT_Lagerhalle-525x350.jpg 525w, https:\/\/news.save.ch\/wp-content\/uploads\/2024\/03\/24_lf60_06_SIT_Lagerhalle-1000x667.jpg 1000w\" sizes=\"auto, (max-width: 1200px) 100vw, 1200px\" \/><figcaption id=\"caption-attachment-22920\" class=\"wp-caption-text\">Photo : licht.de<\/figcaption><\/figure>\n<p>Un bon \u00e9clairage facilite le travail. C'est pourquoi chaque poste de travail a besoin d'un \u00e9clairage appropri\u00e9. Plus de lumi\u00e8re rend par exemple la production plus s\u00fbre sur les machines \u00e0 cadence rapide, tandis que les voies de circulation dans un b\u00e2timent se contentent de beaucoup moins. La norme DIN EN 12464-1 d\u00e9finit ces exigences ainsi que d'autres pour l'\u00e9clairage des lieux de travail. <span style=\"font-size: 12pt;\">\"<\/span><span style=\"font-size: 12pt;\">\u00c9clairage des lieux de travail - Partie 1 : Lieux de travail int\u00e9rieurs<\/span><span style=\"font-size: 12pt;\">\"<\/span>. Elle est parue en novembre 2021 et est l'une des normes les plus utilis\u00e9es en Europe.<\/p>\n<p>Elle d\u00e9finit entre autres les valeurs minimales n\u00e9cessaires pour la luminosit\u00e9 et le rendu des couleurs dans diff\u00e9rentes activit\u00e9s - de l'atelier de moulage dans la construction automobile au poste de travail de bureau en passant par les surfaces de vente. L'initiative sectorielle licht.de a publi\u00e9, en collaboration avec la Deutsche Gesellschaft f\u00fcr LichtTechnik und LichtGestaltung (LiTG), un guide qui fournit des indications compl\u00e9mentaires sur la mani\u00e8re dont les architectes et les \u00e9clairagistes peuvent appliquer la norme dans la pratique lors de la planification de l'\u00e9clairage des postes de travail.<\/p>\n<h3>Des conseils utiles dans la nouvelle brochure licht.forum 60<\/h3>\n<p>La publication sp\u00e9cialis\u00e9e licht.forum 60 <span style=\"font-size: 12pt;\">\"<\/span>Guide DIN EN 12464-1:2021-11 \u00c9clairage des lieux de travail int\u00e9rieurs<span style=\"font-size: 12pt;\">\"<\/span> donne des conseils sur la mani\u00e8re de lire la norme et les tableaux correspondants. L'utilisation des modificateurs de contexte est \u00e9galement expliqu\u00e9e : il s'agit de niveaux d'augmentation de la valeur d'entretien de l'\u00e9clairement qui sont appliqu\u00e9s chaque fois que certaines raisons existent. Une telle raison est par exemple le fait que les collaborateurs \u00e2g\u00e9s ont besoin de plus de lumi\u00e8re pour accomplir leurs t\u00e2ches.<\/p>\n<p>Un chapitre est consacr\u00e9 au th\u00e8me important de l'\u00e9blouissement. Il explique comment l'\u00e9blouissement direct est \u00e9valu\u00e9 selon la m\u00e9thode UGR et r\u00e9pond \u00e0 des questions fr\u00e9quentes issues de la pratique. La bande dessin\u00e9e <span style=\"font-size: 12pt;\">\"<\/span>Voici ce que fait le planificateur Pit<span style=\"font-size: 12pt;\">\"<\/span> vient \u00e9gayer la publication sp\u00e9cialis\u00e9e et d\u00e9crit \u00e0 titre d'exemple le d\u00e9roulement d'une planification de l'\u00e9clairage. Des informations suppl\u00e9mentaires sur les effets visuels et non visuels de la lumi\u00e8re compl\u00e8tent le nouveau guide.<\/p>\n<p>En outre, il pr\u00e9sente de mani\u00e8re compacte ce qui a \u00e9t\u00e9 modifi\u00e9 dans la norme DIN EN 12464-1. Dans l'annexe du guide, toutes les valeurs adapt\u00e9es concernant l'intensit\u00e9 lumineuse sont clairement r\u00e9sum\u00e9es dans un tableau. Un autre tableau pr\u00e9sente les nouvelles applications. Les divergences entre la norme et les r\u00e8gles techniques pour les lieux de travail ASR A3.4 font l'objet d'un article sp\u00e9cifique.<\/p>\n<p><img loading=\"lazy\" decoding=\"async\" class=\"alignleft wp-image-22921\" src=\"https:\/\/news.save.ch\/wp-content\/uploads\/2024\/03\/2403_lf60_Titel-680x963.jpg\" alt=\"\" width=\"300\" height=\"425\" srcset=\"https:\/\/news.save.ch\/wp-content\/uploads\/2024\/03\/2403_lf60_Titel-680x963.jpg 680w, https:\/\/news.save.ch\/wp-content\/uploads\/2024\/03\/2403_lf60_Titel-723x1024.jpg 723w, https:\/\/news.save.ch\/wp-content\/uploads\/2024\/03\/2403_lf60_Titel-768x1087.jpg 768w, https:\/\/news.save.ch\/wp-content\/uploads\/2024\/03\/2403_lf60_Titel-1085x1536.jpg 1085w, https:\/\/news.save.ch\/wp-content\/uploads\/2024\/03\/2403_lf60_Titel-1446x2048.jpg 1446w, https:\/\/news.save.ch\/wp-content\/uploads\/2024\/03\/2403_lf60_Titel-8x12.jpg 8w, https:\/\/news.save.ch\/wp-content\/uploads\/2024\/03\/2403_lf60_Titel-212x300.jpg 212w, https:\/\/news.save.ch\/wp-content\/uploads\/2024\/03\/2403_lf60_Titel-247x350.jpg 247w, https:\/\/news.save.ch\/wp-content\/uploads\/2024\/03\/2403_lf60_Titel-565x800.jpg 565w, https:\/\/news.save.ch\/wp-content\/uploads\/2024\/03\/2403_lf60_Titel-scaled.jpg 848w\" sizes=\"auto, (max-width: 300px) 100vw, 300px\" \/><\/p>\n<p>Le cahier licht.forum 60 peut \u00eatre t\u00e9l\u00e9charg\u00e9 gratuitement en format PDF en cliquant sur le lien suivant : <a href=\"http:\/\/www.licht.de\/lichtforum60\" target=\"_blank\" rel=\"noopener\">www.licht.de\/lichtforum60<\/a><\/p>\n<p>&nbsp;<\/p>\n<p>&nbsp;<\/p>\n<p>&nbsp;<\/p>\n<p>&nbsp;<\/p>\n<p>&nbsp;<\/p>\n<p>&nbsp;<\/p>\n<p>&nbsp;<\/p>\n<p>&nbsp;<\/p>\n<p>&nbsp;<\/p>\n<p>&nbsp;<\/p>\n<p>&nbsp;<\/p>\n<p><em>Source : licht.de<\/em><\/p>","protected":false},"excerpt":{"rendered":"<p>Mit gutem Licht geht die Arbeit leicht von der Hand. Deswegen braucht jeder Arbeitsplatz eine angemessene Beleuchtung. Mehr Licht macht etwa die Produktion an schnelltaktenden Maschinen sicherer, w\u00e4hrend Verkehrswege in einem Geb\u00e4ude mit weit weniger auskommen. Diese und weitere Anforderungen an die Arbeitsst\u00e4ttenbeleuchtung nennt DIN EN 12464-1 \u00abBeleuchtung von Arbeitsst\u00e4tten \u2013 Teil 1: Arbeitsst\u00e4tten in [&hellip;]<\/p>\n","protected":false},"author":31,"featured_media":0,"comment_status":"closed","ping_status":"closed","sticky":false,"template":"","format":"standard","meta":{"_acf_changed":false,"pgc_sgb_lightbox_settings":"","footnotes":""},"categories":[3314],"tags":[5237,4745,3654],"class_list":["post-22919","post","type-post","status-publish","format-standard","hentry","category-health-safety","tag-arbeitsplatzbeleuchtung","tag-din-en-12464-1","tag-lichtbedarf"],"acf":[],"hkrextid":null,"publication":null,"issue":null,"workflow":null,"startPage":null,"spitzmarke":null,"_posts_by_tag_page_fields":null,"_at_widget":null,"_yoast_wpseo_primary_category":"3314","_yoast_wpseo_focuskw_text_input":null,"_yoast_wpseo_opengraph-image":null,"_yoast_wpseo_opengraph-description":null,"_yoast_wpseo_opengraph-title":null,"enclosure":null,"_yoast_wpseo_twitter-title":null,"_yoast_wpseo_twitter-description":null,"_yoast_wpseo_twitter-image":null,"_wp_old_slug":null,"_yoast_wpseo_title":null,"_yoast_wpseo_canonical":null,"yoast_head":"<!-- This site is optimized with the Yoast SEO plugin v27.4 - https:\/\/yoast.com\/product\/yoast-seo-wordpress\/ -->\n<title>Besseres Licht am Arbeitsplatz - Save<\/title>\n<meta name=\"description\" content=\"Ein neuer Leitfaden soll die t\u00e4gliche Arbeit mit der Norm DIN EN 12464-1 zur Beleuchtung von Arbeitspl\u00e4tzen einfacher machen.\" \/>\n<meta name=\"robots\" content=\"index, follow, max-snippet:-1, max-image-preview:large, max-video-preview:-1\" \/>\n<link rel=\"canonical\" href=\"https:\/\/news.save.ch\/fr\/besseres-licht-am-arbeitsplatz\/\" \/>\n<meta property=\"og:locale\" content=\"fr_FR\" \/>\n<meta property=\"og:type\" content=\"article\" \/>\n<meta property=\"og:title\" content=\"Besseres Licht am Arbeitsplatz - Save\" \/>\n<meta property=\"og:description\" content=\"Ein neuer Leitfaden soll die t\u00e4gliche Arbeit mit der Norm DIN EN 12464-1 zur Beleuchtung von Arbeitspl\u00e4tzen einfacher machen.\" \/>\n<meta property=\"og:url\" content=\"https:\/\/news.save.ch\/fr\/besseres-licht-am-arbeitsplatz\/\" \/>\n<meta property=\"og:site_name\" content=\"Save\" \/>\n<meta property=\"article:published_time\" content=\"2024-03-18T15:35:10+00:00\" \/>\n<meta property=\"article:modified_time\" content=\"2024-03-18T15:37:01+00:00\" \/>\n<meta property=\"og:image\" content=\"https:\/\/news.save.ch\/wp-content\/uploads\/2024\/03\/24_lf60_06_SIT_Lagerhalle-scaled.jpg\" \/>\n<meta name=\"author\" content=\"stefanie Zeng\" \/>\n<meta name=\"twitter:card\" content=\"summary_large_image\" \/>\n<meta name=\"twitter:label1\" content=\"\u00c9crit par\" \/>\n\t<meta name=\"twitter:data1\" content=\"stefanie Zeng\" \/>\n\t<meta name=\"twitter:label2\" content=\"Dur\u00e9e de lecture estim\u00e9e\" \/>\n\t<meta name=\"twitter:data2\" content=\"3 minutes\" \/>\n<script type=\"application\/ld+json\" class=\"yoast-schema-graph\">{\"@context\":\"https:\\\/\\\/schema.org\",\"@graph\":[{\"@type\":\"Article\",\"@id\":\"https:\\\/\\\/news.save.ch\\\/besseres-licht-am-arbeitsplatz\\\/#article\",\"isPartOf\":{\"@id\":\"https:\\\/\\\/news.save.ch\\\/besseres-licht-am-arbeitsplatz\\\/\"},\"author\":{\"name\":\"stefanie Zeng\",\"@id\":\"https:\\\/\\\/news.save.ch\\\/de\\\/#\\\/schema\\\/person\\\/10917387362b3961e882740f6cf6f2a2\"},\"headline\":\"Besseres Licht am Arbeitsplatz\",\"datePublished\":\"2024-03-18T15:35:10+00:00\",\"dateModified\":\"2024-03-18T15:37:01+00:00\",\"mainEntityOfPage\":{\"@id\":\"https:\\\/\\\/news.save.ch\\\/besseres-licht-am-arbeitsplatz\\\/\"},\"wordCount\":385,\"publisher\":{\"@id\":\"https:\\\/\\\/news.save.ch\\\/de\\\/#organization\"},\"image\":{\"@id\":\"https:\\\/\\\/news.save.ch\\\/besseres-licht-am-arbeitsplatz\\\/#primaryimage\"},\"thumbnailUrl\":\"https:\\\/\\\/news.save.ch\\\/wp-content\\\/uploads\\\/2024\\\/03\\\/24_lf60_06_SIT_Lagerhalle-scaled.jpg\",\"keywords\":[\"Arbeitsplatzbeleuchtung\",\"DIN EN 12464-1\",\"Lichtbedarf\"],\"articleSection\":[\"HEALTH &amp; SAFETY\"],\"inLanguage\":\"fr-FR\"},{\"@type\":\"WebPage\",\"@id\":\"https:\\\/\\\/news.save.ch\\\/besseres-licht-am-arbeitsplatz\\\/\",\"url\":\"https:\\\/\\\/news.save.ch\\\/besseres-licht-am-arbeitsplatz\\\/\",\"name\":\"Besseres Licht am Arbeitsplatz - Save\",\"isPartOf\":{\"@id\":\"https:\\\/\\\/news.save.ch\\\/de\\\/#website\"},\"primaryImageOfPage\":{\"@id\":\"https:\\\/\\\/news.save.ch\\\/besseres-licht-am-arbeitsplatz\\\/#primaryimage\"},\"image\":{\"@id\":\"https:\\\/\\\/news.save.ch\\\/besseres-licht-am-arbeitsplatz\\\/#primaryimage\"},\"thumbnailUrl\":\"https:\\\/\\\/news.save.ch\\\/wp-content\\\/uploads\\\/2024\\\/03\\\/24_lf60_06_SIT_Lagerhalle-scaled.jpg\",\"datePublished\":\"2024-03-18T15:35:10+00:00\",\"dateModified\":\"2024-03-18T15:37:01+00:00\",\"description\":\"Ein neuer Leitfaden soll die t\u00e4gliche Arbeit mit der Norm DIN EN 12464-1 zur Beleuchtung von Arbeitspl\u00e4tzen einfacher machen.\",\"breadcrumb\":{\"@id\":\"https:\\\/\\\/news.save.ch\\\/besseres-licht-am-arbeitsplatz\\\/#breadcrumb\"},\"inLanguage\":\"fr-FR\",\"potentialAction\":[{\"@type\":\"ReadAction\",\"target\":[\"https:\\\/\\\/news.save.ch\\\/besseres-licht-am-arbeitsplatz\\\/\"]}]},{\"@type\":\"ImageObject\",\"inLanguage\":\"fr-FR\",\"@id\":\"https:\\\/\\\/news.save.ch\\\/besseres-licht-am-arbeitsplatz\\\/#primaryimage\",\"url\":\"https:\\\/\\\/news.save.ch\\\/wp-content\\\/uploads\\\/2024\\\/03\\\/24_lf60_06_SIT_Lagerhalle-scaled.jpg\",\"contentUrl\":\"https:\\\/\\\/news.save.ch\\\/wp-content\\\/uploads\\\/2024\\\/03\\\/24_lf60_06_SIT_Lagerhalle-scaled.jpg\"},{\"@type\":\"BreadcrumbList\",\"@id\":\"https:\\\/\\\/news.save.ch\\\/besseres-licht-am-arbeitsplatz\\\/#breadcrumb\",\"itemListElement\":[{\"@type\":\"ListItem\",\"position\":1,\"name\":\"Home\",\"item\":\"https:\\\/\\\/news.save.ch\\\/de\\\/\"},{\"@type\":\"ListItem\",\"position\":2,\"name\":\"Besseres Licht am Arbeitsplatz\"}]},{\"@type\":\"WebSite\",\"@id\":\"https:\\\/\\\/news.save.ch\\\/de\\\/#website\",\"url\":\"https:\\\/\\\/news.save.ch\\\/de\\\/\",\"name\":\"Save\",\"description\":\"Schweizer Fachzeitschrift f\u00fcr Sicherheit\",\"publisher\":{\"@id\":\"https:\\\/\\\/news.save.ch\\\/de\\\/#organization\"},\"potentialAction\":[{\"@type\":\"SearchAction\",\"target\":{\"@type\":\"EntryPoint\",\"urlTemplate\":\"https:\\\/\\\/news.save.ch\\\/de\\\/?s={search_term_string}\"},\"query-input\":{\"@type\":\"PropertyValueSpecification\",\"valueRequired\":true,\"valueName\":\"search_term_string\"}}],\"inLanguage\":\"fr-FR\"},{\"@type\":\"Organization\",\"@id\":\"https:\\\/\\\/news.save.ch\\\/de\\\/#organization\",\"name\":\"Sicherheitsforum\",\"url\":\"https:\\\/\\\/news.save.ch\\\/de\\\/\",\"logo\":{\"@type\":\"ImageObject\",\"inLanguage\":\"fr-FR\",\"@id\":\"https:\\\/\\\/news.save.ch\\\/de\\\/#\\\/schema\\\/logo\\\/image\\\/\",\"url\":\"https:\\\/\\\/news.save.ch\\\/wp-content\\\/uploads\\\/2022\\\/06\\\/Logo_SF_2012.png\",\"contentUrl\":\"https:\\\/\\\/news.save.ch\\\/wp-content\\\/uploads\\\/2022\\\/06\\\/Logo_SF_2012.png\",\"width\":1100,\"height\":91,\"caption\":\"Sicherheitsforum\"},\"image\":{\"@id\":\"https:\\\/\\\/news.save.ch\\\/de\\\/#\\\/schema\\\/logo\\\/image\\\/\"}},{\"@type\":\"Person\",\"@id\":\"https:\\\/\\\/news.save.ch\\\/de\\\/#\\\/schema\\\/person\\\/10917387362b3961e882740f6cf6f2a2\",\"name\":\"stefanie Zeng\",\"image\":{\"@type\":\"ImageObject\",\"inLanguage\":\"fr-FR\",\"@id\":\"https:\\\/\\\/secure.gravatar.com\\\/avatar\\\/eac43faa6e40bb2c41068c95c9d78bbd94c476d5efdff7abaab80bb3ea681e06?s=96&d=mm&r=g\",\"url\":\"https:\\\/\\\/secure.gravatar.com\\\/avatar\\\/eac43faa6e40bb2c41068c95c9d78bbd94c476d5efdff7abaab80bb3ea681e06?s=96&d=mm&r=g\",\"contentUrl\":\"https:\\\/\\\/secure.gravatar.com\\\/avatar\\\/eac43faa6e40bb2c41068c95c9d78bbd94c476d5efdff7abaab80bb3ea681e06?s=96&d=mm&r=g\",\"caption\":\"stefanie Zeng\"},\"url\":\"https:\\\/\\\/news.save.ch\\\/fr\\\/author\\\/stefanie-zeng\\\/\"}]}<\/script>\n<!-- \/ Yoast SEO plugin. -->","yoast_head_json":{"title":"Un meilleur \u00e9clairage sur le lieu de travail - Save","description":"Un nouveau guide vise \u00e0 faciliter le travail quotidien avec la norme DIN EN 12464-1 sur l'\u00e9clairage des postes de travail.","robots":{"index":"index","follow":"follow","max-snippet":"max-snippet:-1","max-image-preview":"max-image-preview:large","max-video-preview":"max-video-preview:-1"},"canonical":"https:\/\/news.save.ch\/fr\/besseres-licht-am-arbeitsplatz\/","og_locale":"fr_FR","og_type":"article","og_title":"Besseres Licht am Arbeitsplatz - Save","og_description":"Ein neuer Leitfaden soll die t\u00e4gliche Arbeit mit der Norm DIN EN 12464-1 zur Beleuchtung von Arbeitspl\u00e4tzen einfacher machen.","og_url":"https:\/\/news.save.ch\/fr\/besseres-licht-am-arbeitsplatz\/","og_site_name":"Save","article_published_time":"2024-03-18T15:35:10+00:00","article_modified_time":"2024-03-18T15:37:01+00:00","og_image":[{"url":"https:\/\/news.save.ch\/wp-content\/uploads\/2024\/03\/24_lf60_06_SIT_Lagerhalle-scaled.jpg","type":"","width":"","height":""}],"author":"stefanie Zeng","twitter_card":"summary_large_image","twitter_misc":{"\u00c9crit par":"stefanie Zeng","Dur\u00e9e de lecture estim\u00e9e":"3 minutes"},"schema":{"@context":"https:\/\/schema.org","@graph":[{"@type":"Article","@id":"https:\/\/news.save.ch\/besseres-licht-am-arbeitsplatz\/#article","isPartOf":{"@id":"https:\/\/news.save.ch\/besseres-licht-am-arbeitsplatz\/"},"author":{"name":"stefanie Zeng","@id":"https:\/\/news.save.ch\/de\/#\/schema\/person\/10917387362b3961e882740f6cf6f2a2"},"headline":"Besseres Licht am Arbeitsplatz","datePublished":"2024-03-18T15:35:10+00:00","dateModified":"2024-03-18T15:37:01+00:00","mainEntityOfPage":{"@id":"https:\/\/news.save.ch\/besseres-licht-am-arbeitsplatz\/"},"wordCount":385,"publisher":{"@id":"https:\/\/news.save.ch\/de\/#organization"},"image":{"@id":"https:\/\/news.save.ch\/besseres-licht-am-arbeitsplatz\/#primaryimage"},"thumbnailUrl":"https:\/\/news.save.ch\/wp-content\/uploads\/2024\/03\/24_lf60_06_SIT_Lagerhalle-scaled.jpg","keywords":["Arbeitsplatzbeleuchtung","DIN EN 12464-1","Lichtbedarf"],"articleSection":["HEALTH &amp; SAFETY"],"inLanguage":"fr-FR"},{"@type":"WebPage","@id":"https:\/\/news.save.ch\/besseres-licht-am-arbeitsplatz\/","url":"https:\/\/news.save.ch\/besseres-licht-am-arbeitsplatz\/","name":"Un meilleur \u00e9clairage sur le lieu de travail - Save","isPartOf":{"@id":"https:\/\/news.save.ch\/de\/#website"},"primaryImageOfPage":{"@id":"https:\/\/news.save.ch\/besseres-licht-am-arbeitsplatz\/#primaryimage"},"image":{"@id":"https:\/\/news.save.ch\/besseres-licht-am-arbeitsplatz\/#primaryimage"},"thumbnailUrl":"https:\/\/news.save.ch\/wp-content\/uploads\/2024\/03\/24_lf60_06_SIT_Lagerhalle-scaled.jpg","datePublished":"2024-03-18T15:35:10+00:00","dateModified":"2024-03-18T15:37:01+00:00","description":"Un nouveau guide vise \u00e0 faciliter le travail quotidien avec la norme DIN EN 12464-1 sur l'\u00e9clairage des postes de travail.","breadcrumb":{"@id":"https:\/\/news.save.ch\/besseres-licht-am-arbeitsplatz\/#breadcrumb"},"inLanguage":"fr-FR","potentialAction":[{"@type":"ReadAction","target":["https:\/\/news.save.ch\/besseres-licht-am-arbeitsplatz\/"]}]},{"@type":"ImageObject","inLanguage":"fr-FR","@id":"https:\/\/news.save.ch\/besseres-licht-am-arbeitsplatz\/#primaryimage","url":"https:\/\/news.save.ch\/wp-content\/uploads\/2024\/03\/24_lf60_06_SIT_Lagerhalle-scaled.jpg","contentUrl":"https:\/\/news.save.ch\/wp-content\/uploads\/2024\/03\/24_lf60_06_SIT_Lagerhalle-scaled.jpg"},{"@type":"BreadcrumbList","@id":"https:\/\/news.save.ch\/besseres-licht-am-arbeitsplatz\/#breadcrumb","itemListElement":[{"@type":"ListItem","position":1,"name":"Home","item":"https:\/\/news.save.ch\/de\/"},{"@type":"ListItem","position":2,"name":"Besseres Licht am Arbeitsplatz"}]},{"@type":"WebSite","@id":"https:\/\/news.save.ch\/de\/#website","url":"https:\/\/news.save.ch\/de\/","name":"Save","description":"Revue suisse sp\u00e9cialis\u00e9e dans la s\u00e9curit\u00e9","publisher":{"@id":"https:\/\/news.save.ch\/de\/#organization"},"potentialAction":[{"@type":"SearchAction","target":{"@type":"EntryPoint","urlTemplate":"https:\/\/news.save.ch\/de\/?s={search_term_string}"},"query-input":{"@type":"PropertyValueSpecification","valueRequired":true,"valueName":"search_term_string"}}],"inLanguage":"fr-FR"},{"@type":"Organization","@id":"https:\/\/news.save.ch\/de\/#organization","name":"Forum sur la s\u00e9curit\u00e9","url":"https:\/\/news.save.ch\/de\/","logo":{"@type":"ImageObject","inLanguage":"fr-FR","@id":"https:\/\/news.save.ch\/de\/#\/schema\/logo\/image\/","url":"https:\/\/news.save.ch\/wp-content\/uploads\/2022\/06\/Logo_SF_2012.png","contentUrl":"https:\/\/news.save.ch\/wp-content\/uploads\/2022\/06\/Logo_SF_2012.png","width":1100,"height":91,"caption":"Sicherheitsforum"},"image":{"@id":"https:\/\/news.save.ch\/de\/#\/schema\/logo\/image\/"}},{"@type":"Person","@id":"https:\/\/news.save.ch\/de\/#\/schema\/person\/10917387362b3961e882740f6cf6f2a2","name":"stefanie Zeng","image":{"@type":"ImageObject","inLanguage":"fr-FR","@id":"https:\/\/secure.gravatar.com\/avatar\/eac43faa6e40bb2c41068c95c9d78bbd94c476d5efdff7abaab80bb3ea681e06?s=96&d=mm&r=g","url":"https:\/\/secure.gravatar.com\/avatar\/eac43faa6e40bb2c41068c95c9d78bbd94c476d5efdff7abaab80bb3ea681e06?s=96&d=mm&r=g","contentUrl":"https:\/\/secure.gravatar.com\/avatar\/eac43faa6e40bb2c41068c95c9d78bbd94c476d5efdff7abaab80bb3ea681e06?s=96&d=mm&r=g","caption":"stefanie Zeng"},"url":"https:\/\/news.save.ch\/fr\/author\/stefanie-zeng\/"}]}},"_links":{"self":[{"href":"https:\/\/news.save.ch\/fr\/wp-json\/wp\/v2\/posts\/22919","targetHints":{"allow":["GET"]}}],"collection":[{"href":"https:\/\/news.save.ch\/fr\/wp-json\/wp\/v2\/posts"}],"about":[{"href":"https:\/\/news.save.ch\/fr\/wp-json\/wp\/v2\/types\/post"}],"author":[{"embeddable":true,"href":"https:\/\/news.save.ch\/fr\/wp-json\/wp\/v2\/users\/31"}],"replies":[{"embeddable":true,"href":"https:\/\/news.save.ch\/fr\/wp-json\/wp\/v2\/comments?post=22919"}],"version-history":[{"count":4,"href":"https:\/\/news.save.ch\/fr\/wp-json\/wp\/v2\/posts\/22919\/revisions"}],"predecessor-version":[{"id":22925,"href":"https:\/\/news.save.ch\/fr\/wp-json\/wp\/v2\/posts\/22919\/revisions\/22925"}],"wp:attachment":[{"href":"https:\/\/news.save.ch\/fr\/wp-json\/wp\/v2\/media?parent=22919"}],"wp:term":[{"taxonomy":"category","embeddable":true,"href":"https:\/\/news.save.ch\/fr\/wp-json\/wp\/v2\/categories?post=22919"},{"taxonomy":"post_tag","embeddable":true,"href":"https:\/\/news.save.ch\/fr\/wp-json\/wp\/v2\/tags?post=22919"}],"curies":[{"name":"wp","href":"https:\/\/api.w.org\/{rel}","templated":true}]}}