{"id":22935,"date":"2024-03-20T12:00:23","date_gmt":"2024-03-20T11:00:23","guid":{"rendered":"https:\/\/news.save.ch\/?p=22935"},"modified":"2024-03-20T12:00:23","modified_gmt":"2024-03-20T11:00:23","slug":"kuenstliche-intelligenzen-reden-nun-miteinander","status":null,"type":"post","link":"https:\/\/news.save.ch\/fr\/kuenstliche-intelligenzen-reden-nun-miteinander\/","title":{"rendered":"Les intelligences artificielles se parlent d\u00e9sormais"},"content":{"rendered":"<figure id=\"attachment_22937\" aria-describedby=\"caption-attachment-22937\" style=\"width: 1000px\" class=\"wp-caption alignnone\"><img loading=\"lazy\" decoding=\"async\" class=\"size-full wp-image-22937\" src=\"https:\/\/news.save.ch\/wp-content\/uploads\/2024\/03\/Depositphotos_110456494_S.jpg\" alt=\"\" width=\"1000\" height=\"750\" srcset=\"https:\/\/news.save.ch\/wp-content\/uploads\/2024\/03\/Depositphotos_110456494_S.jpg 1000w, https:\/\/news.save.ch\/wp-content\/uploads\/2024\/03\/Depositphotos_110456494_S-680x510.jpg 680w, https:\/\/news.save.ch\/wp-content\/uploads\/2024\/03\/Depositphotos_110456494_S-768x576.jpg 768w, https:\/\/news.save.ch\/wp-content\/uploads\/2024\/03\/Depositphotos_110456494_S-16x12.jpg 16w, https:\/\/news.save.ch\/wp-content\/uploads\/2024\/03\/Depositphotos_110456494_S-375x281.jpg 375w, https:\/\/news.save.ch\/wp-content\/uploads\/2024\/03\/Depositphotos_110456494_S-467x350.jpg 467w\" sizes=\"auto, (max-width: 1000px) 100vw, 1000px\" \/><figcaption id=\"caption-attachment-22937\" class=\"wp-caption-text\">S\u00e9rie Tangentes humaines. Fond de lignes humaines et d'\u00e9l\u00e9ments graphiques sur le th\u00e8me des math\u00e9matiques, de la nature, de l'univers et de l'existence humaine.<\/figcaption><\/figure>\n<p>Une \u00e9quipe dirig\u00e9e par Alexandre Pouget de l'Universit\u00e9 de Gen\u00e8ve fait communiquer deux intelligences artificielles (IA) entre elles de mani\u00e8re profitable. \"Pour autant que nous le sachions, les agents vocaux bas\u00e9s sur l'IA ne sont pas encore capables de traduire une instruction verbale ou \u00e9crite en une action sensori-motrice, et encore moins de l'expliquer \u00e0 une autre IA pour qu'elle puisse la reproduire\", explique Pouget. Or, il a \u00e9t\u00e9 possible de doter un mod\u00e8le neuronal artificiel de cette double capacit\u00e9.<\/p>\n<p>\"Nous avons commenc\u00e9 avec S-Bert, un mod\u00e8le existant qui poss\u00e8de 300 millions de neurones et qui est entra\u00een\u00e9 \u00e0 comprendre le langage. Nous l'avons reli\u00e9 \u00e0 un autre r\u00e9seau, plus simple, de quelques milliers de neurones\", explique Reidar Riveland, doctorant de Pouget. Les neuroscientifiques ont alors entra\u00een\u00e9 ce r\u00e9seau pour simuler l'aire de Wernicke, la partie du cerveau humain qui permet la perception et l'interpr\u00e9tation du langage.<\/p>\n<p>Dans la deuxi\u00e8me phase, ils ont entra\u00een\u00e9 l'aire de Broca, qui est responsable de l'articulation des mots. Ils ont ensuite transmis des instructions \u00e9crites en anglais \u00e0 l'autre r\u00e9seau. Les scientifiques ont ensuite laiss\u00e9 les deux r\u00e9seaux bavarder ensemble - l'objectif \u00e9tant qu'un r\u00e9seau fasse ce que l'autre lui impose.<\/p>\n<p><strong>Attractif pour le secteur de la robotique<\/strong><\/p>\n<p>Au d\u00e9but, il s'agissait d'actions tr\u00e8s simples qu'un r\u00e9seau apprenait \u00e0 effectuer et \u00e0 d\u00e9crire de mani\u00e8re \u00e0 ce que l'autre puisse les reproduire. \"Mais ce mod\u00e8le ouvre de nouveaux horizons pour la compr\u00e9hension de l'interaction entre le langage et le comportement\", \u00e9crivent les deux chercheurs.<\/p>\n<p>Il est d\u00e9sormais particuli\u00e8rement prometteur pour le secteur de la robotique, o\u00f9 le d\u00e9veloppement de technologies permettant aux machines de se parler entre elles est en cours. \"Plus rien n'emp\u00eache d\u00e9sormais de d\u00e9velopper sur cette base des r\u00e9seaux beaucoup plus complexes qui pourraient \u00eatre int\u00e9gr\u00e9s dans des robots humano\u00efdes capables de nous comprendre et de comprendre d'autres robots\", conclut le communiqu\u00e9.<\/p>\n<p><em>Source : Universit\u00e9 de Gen\u00e8ve<\/em><\/p>","protected":false},"excerpt":{"rendered":"<p>Ein Team um Alexandre Pouget von der Universit\u00e4t Genf l\u00e4sst zwei K\u00fcnstliche Intelligenzen (KI) miteinander gewinnbringend kommunizieren. \u00abSoweit wir wissen, sind KI-gest\u00fctzte Sprachagenten bisher nicht in der Lage, eine verbale oder schriftliche Anweisung in eine sensomotorische Handlung zu \u00fcbersetzen, und noch weniger, sie einer anderen KI zu erkl\u00e4ren, damit diese sie reproduzieren kann\u00bb, so Pouget. [&hellip;]<\/p>\n","protected":false},"author":31,"featured_media":0,"comment_status":"closed","ping_status":"closed","sticky":false,"template":"","format":"standard","meta":{"_acf_changed":false,"pgc_sgb_lightbox_settings":"","footnotes":""},"categories":[3313],"tags":[808,4692],"class_list":["post-22935","post","type-post","status-publish","format-standard","hentry","category-digitalisierung","tag-ki","tag-kuenstliche-intelligenz-ki"],"acf":[],"hkrextid":null,"publication":null,"issue":null,"workflow":null,"startPage":null,"spitzmarke":null,"_posts_by_tag_page_fields":null,"_at_widget":null,"_yoast_wpseo_primary_category":"3313","_yoast_wpseo_focuskw_text_input":null,"_yoast_wpseo_opengraph-image":null,"_yoast_wpseo_opengraph-description":null,"_yoast_wpseo_opengraph-title":null,"enclosure":null,"_yoast_wpseo_twitter-title":null,"_yoast_wpseo_twitter-description":null,"_yoast_wpseo_twitter-image":null,"_wp_old_slug":null,"_yoast_wpseo_title":null,"_yoast_wpseo_canonical":null,"yoast_head":"<!-- This site is optimized with the Yoast SEO plugin v27.4 - https:\/\/yoast.com\/product\/yoast-seo-wordpress\/ -->\n<title>K\u00fcnstliche Intelligenzen reden nun miteinander - Save<\/title>\n<meta name=\"description\" content=\"Roboter k\u00f6nnten anderen Robotern laut Universit\u00e4t Genf bald m\u00fcndliche Anweisungen geben.\" \/>\n<meta name=\"robots\" content=\"index, follow, max-snippet:-1, max-image-preview:large, max-video-preview:-1\" \/>\n<link rel=\"canonical\" href=\"https:\/\/news.save.ch\/fr\/kuenstliche-intelligenzen-reden-nun-miteinander\/\" \/>\n<meta property=\"og:locale\" content=\"fr_FR\" \/>\n<meta property=\"og:type\" content=\"article\" \/>\n<meta property=\"og:title\" content=\"K\u00fcnstliche Intelligenzen reden nun miteinander - Save\" \/>\n<meta property=\"og:description\" content=\"Roboter k\u00f6nnten anderen Robotern laut Universit\u00e4t Genf bald m\u00fcndliche Anweisungen geben.\" \/>\n<meta property=\"og:url\" content=\"https:\/\/news.save.ch\/fr\/kuenstliche-intelligenzen-reden-nun-miteinander\/\" \/>\n<meta property=\"og:site_name\" content=\"Save\" \/>\n<meta property=\"article:published_time\" content=\"2024-03-20T11:00:23+00:00\" \/>\n<meta property=\"og:image\" content=\"https:\/\/news.save.ch\/wp-content\/uploads\/2024\/03\/Depositphotos_110456494_S.jpg\" \/>\n<meta name=\"author\" content=\"stefanie Zeng\" \/>\n<meta name=\"twitter:card\" content=\"summary_large_image\" \/>\n<meta name=\"twitter:label1\" content=\"\u00c9crit par\" \/>\n\t<meta name=\"twitter:data1\" content=\"stefanie Zeng\" \/>\n\t<meta name=\"twitter:label2\" content=\"Dur\u00e9e de lecture estim\u00e9e\" \/>\n\t<meta name=\"twitter:data2\" content=\"2 minutes\" \/>\n<script type=\"application\/ld+json\" class=\"yoast-schema-graph\">{\"@context\":\"https:\\\/\\\/schema.org\",\"@graph\":[{\"@type\":\"Article\",\"@id\":\"https:\\\/\\\/news.save.ch\\\/kuenstliche-intelligenzen-reden-nun-miteinander\\\/#article\",\"isPartOf\":{\"@id\":\"https:\\\/\\\/news.save.ch\\\/kuenstliche-intelligenzen-reden-nun-miteinander\\\/\"},\"author\":{\"name\":\"stefanie Zeng\",\"@id\":\"https:\\\/\\\/news.save.ch\\\/de\\\/#\\\/schema\\\/person\\\/10917387362b3961e882740f6cf6f2a2\"},\"headline\":\"K\u00fcnstliche Intelligenzen reden nun miteinander\",\"datePublished\":\"2024-03-20T11:00:23+00:00\",\"mainEntityOfPage\":{\"@id\":\"https:\\\/\\\/news.save.ch\\\/kuenstliche-intelligenzen-reden-nun-miteinander\\\/\"},\"wordCount\":332,\"publisher\":{\"@id\":\"https:\\\/\\\/news.save.ch\\\/de\\\/#organization\"},\"image\":{\"@id\":\"https:\\\/\\\/news.save.ch\\\/kuenstliche-intelligenzen-reden-nun-miteinander\\\/#primaryimage\"},\"thumbnailUrl\":\"https:\\\/\\\/news.save.ch\\\/wp-content\\\/uploads\\\/2024\\\/03\\\/Depositphotos_110456494_S.jpg\",\"keywords\":[\"KI\",\"K\u00fcnstliche Intelligenz (KI)\"],\"articleSection\":[\"DIGITALISIERUNG\"],\"inLanguage\":\"fr-FR\"},{\"@type\":\"WebPage\",\"@id\":\"https:\\\/\\\/news.save.ch\\\/kuenstliche-intelligenzen-reden-nun-miteinander\\\/\",\"url\":\"https:\\\/\\\/news.save.ch\\\/kuenstliche-intelligenzen-reden-nun-miteinander\\\/\",\"name\":\"K\u00fcnstliche Intelligenzen reden nun miteinander - Save\",\"isPartOf\":{\"@id\":\"https:\\\/\\\/news.save.ch\\\/de\\\/#website\"},\"primaryImageOfPage\":{\"@id\":\"https:\\\/\\\/news.save.ch\\\/kuenstliche-intelligenzen-reden-nun-miteinander\\\/#primaryimage\"},\"image\":{\"@id\":\"https:\\\/\\\/news.save.ch\\\/kuenstliche-intelligenzen-reden-nun-miteinander\\\/#primaryimage\"},\"thumbnailUrl\":\"https:\\\/\\\/news.save.ch\\\/wp-content\\\/uploads\\\/2024\\\/03\\\/Depositphotos_110456494_S.jpg\",\"datePublished\":\"2024-03-20T11:00:23+00:00\",\"description\":\"Roboter k\u00f6nnten anderen Robotern laut Universit\u00e4t Genf bald m\u00fcndliche Anweisungen geben.\",\"breadcrumb\":{\"@id\":\"https:\\\/\\\/news.save.ch\\\/kuenstliche-intelligenzen-reden-nun-miteinander\\\/#breadcrumb\"},\"inLanguage\":\"fr-FR\",\"potentialAction\":[{\"@type\":\"ReadAction\",\"target\":[\"https:\\\/\\\/news.save.ch\\\/kuenstliche-intelligenzen-reden-nun-miteinander\\\/\"]}]},{\"@type\":\"ImageObject\",\"inLanguage\":\"fr-FR\",\"@id\":\"https:\\\/\\\/news.save.ch\\\/kuenstliche-intelligenzen-reden-nun-miteinander\\\/#primaryimage\",\"url\":\"https:\\\/\\\/news.save.ch\\\/wp-content\\\/uploads\\\/2024\\\/03\\\/Depositphotos_110456494_S.jpg\",\"contentUrl\":\"https:\\\/\\\/news.save.ch\\\/wp-content\\\/uploads\\\/2024\\\/03\\\/Depositphotos_110456494_S.jpg\"},{\"@type\":\"BreadcrumbList\",\"@id\":\"https:\\\/\\\/news.save.ch\\\/kuenstliche-intelligenzen-reden-nun-miteinander\\\/#breadcrumb\",\"itemListElement\":[{\"@type\":\"ListItem\",\"position\":1,\"name\":\"Home\",\"item\":\"https:\\\/\\\/news.save.ch\\\/de\\\/\"},{\"@type\":\"ListItem\",\"position\":2,\"name\":\"K\u00fcnstliche Intelligenzen reden nun miteinander\"}]},{\"@type\":\"WebSite\",\"@id\":\"https:\\\/\\\/news.save.ch\\\/de\\\/#website\",\"url\":\"https:\\\/\\\/news.save.ch\\\/de\\\/\",\"name\":\"Save\",\"description\":\"Schweizer Fachzeitschrift f\u00fcr Sicherheit\",\"publisher\":{\"@id\":\"https:\\\/\\\/news.save.ch\\\/de\\\/#organization\"},\"potentialAction\":[{\"@type\":\"SearchAction\",\"target\":{\"@type\":\"EntryPoint\",\"urlTemplate\":\"https:\\\/\\\/news.save.ch\\\/de\\\/?s={search_term_string}\"},\"query-input\":{\"@type\":\"PropertyValueSpecification\",\"valueRequired\":true,\"valueName\":\"search_term_string\"}}],\"inLanguage\":\"fr-FR\"},{\"@type\":\"Organization\",\"@id\":\"https:\\\/\\\/news.save.ch\\\/de\\\/#organization\",\"name\":\"Sicherheitsforum\",\"url\":\"https:\\\/\\\/news.save.ch\\\/de\\\/\",\"logo\":{\"@type\":\"ImageObject\",\"inLanguage\":\"fr-FR\",\"@id\":\"https:\\\/\\\/news.save.ch\\\/de\\\/#\\\/schema\\\/logo\\\/image\\\/\",\"url\":\"https:\\\/\\\/news.save.ch\\\/wp-content\\\/uploads\\\/2022\\\/06\\\/Logo_SF_2012.png\",\"contentUrl\":\"https:\\\/\\\/news.save.ch\\\/wp-content\\\/uploads\\\/2022\\\/06\\\/Logo_SF_2012.png\",\"width\":1100,\"height\":91,\"caption\":\"Sicherheitsforum\"},\"image\":{\"@id\":\"https:\\\/\\\/news.save.ch\\\/de\\\/#\\\/schema\\\/logo\\\/image\\\/\"}},{\"@type\":\"Person\",\"@id\":\"https:\\\/\\\/news.save.ch\\\/de\\\/#\\\/schema\\\/person\\\/10917387362b3961e882740f6cf6f2a2\",\"name\":\"stefanie Zeng\",\"image\":{\"@type\":\"ImageObject\",\"inLanguage\":\"fr-FR\",\"@id\":\"https:\\\/\\\/secure.gravatar.com\\\/avatar\\\/eac43faa6e40bb2c41068c95c9d78bbd94c476d5efdff7abaab80bb3ea681e06?s=96&d=mm&r=g\",\"url\":\"https:\\\/\\\/secure.gravatar.com\\\/avatar\\\/eac43faa6e40bb2c41068c95c9d78bbd94c476d5efdff7abaab80bb3ea681e06?s=96&d=mm&r=g\",\"contentUrl\":\"https:\\\/\\\/secure.gravatar.com\\\/avatar\\\/eac43faa6e40bb2c41068c95c9d78bbd94c476d5efdff7abaab80bb3ea681e06?s=96&d=mm&r=g\",\"caption\":\"stefanie Zeng\"},\"url\":\"https:\\\/\\\/news.save.ch\\\/fr\\\/author\\\/stefanie-zeng\\\/\"}]}<\/script>\n<!-- \/ Yoast SEO plugin. -->","yoast_head_json":{"title":"Les intelligences artificielles se parlent d\u00e9sormais entre elles - Save","description":"Selon l'Universit\u00e9 de Gen\u00e8ve, les robots pourraient bient\u00f4t donner des instructions orales \u00e0 d'autres robots.","robots":{"index":"index","follow":"follow","max-snippet":"max-snippet:-1","max-image-preview":"max-image-preview:large","max-video-preview":"max-video-preview:-1"},"canonical":"https:\/\/news.save.ch\/fr\/kuenstliche-intelligenzen-reden-nun-miteinander\/","og_locale":"fr_FR","og_type":"article","og_title":"K\u00fcnstliche Intelligenzen reden nun miteinander - Save","og_description":"Roboter k\u00f6nnten anderen Robotern laut Universit\u00e4t Genf bald m\u00fcndliche Anweisungen geben.","og_url":"https:\/\/news.save.ch\/fr\/kuenstliche-intelligenzen-reden-nun-miteinander\/","og_site_name":"Save","article_published_time":"2024-03-20T11:00:23+00:00","og_image":[{"url":"https:\/\/news.save.ch\/wp-content\/uploads\/2024\/03\/Depositphotos_110456494_S.jpg","type":"","width":"","height":""}],"author":"stefanie Zeng","twitter_card":"summary_large_image","twitter_misc":{"\u00c9crit par":"stefanie Zeng","Dur\u00e9e de lecture estim\u00e9e":"2 minutes"},"schema":{"@context":"https:\/\/schema.org","@graph":[{"@type":"Article","@id":"https:\/\/news.save.ch\/kuenstliche-intelligenzen-reden-nun-miteinander\/#article","isPartOf":{"@id":"https:\/\/news.save.ch\/kuenstliche-intelligenzen-reden-nun-miteinander\/"},"author":{"name":"stefanie Zeng","@id":"https:\/\/news.save.ch\/de\/#\/schema\/person\/10917387362b3961e882740f6cf6f2a2"},"headline":"K\u00fcnstliche Intelligenzen reden nun miteinander","datePublished":"2024-03-20T11:00:23+00:00","mainEntityOfPage":{"@id":"https:\/\/news.save.ch\/kuenstliche-intelligenzen-reden-nun-miteinander\/"},"wordCount":332,"publisher":{"@id":"https:\/\/news.save.ch\/de\/#organization"},"image":{"@id":"https:\/\/news.save.ch\/kuenstliche-intelligenzen-reden-nun-miteinander\/#primaryimage"},"thumbnailUrl":"https:\/\/news.save.ch\/wp-content\/uploads\/2024\/03\/Depositphotos_110456494_S.jpg","keywords":["KI","K\u00fcnstliche Intelligenz (KI)"],"articleSection":["DIGITALISIERUNG"],"inLanguage":"fr-FR"},{"@type":"WebPage","@id":"https:\/\/news.save.ch\/kuenstliche-intelligenzen-reden-nun-miteinander\/","url":"https:\/\/news.save.ch\/kuenstliche-intelligenzen-reden-nun-miteinander\/","name":"Les intelligences artificielles se parlent d\u00e9sormais entre elles - Save","isPartOf":{"@id":"https:\/\/news.save.ch\/de\/#website"},"primaryImageOfPage":{"@id":"https:\/\/news.save.ch\/kuenstliche-intelligenzen-reden-nun-miteinander\/#primaryimage"},"image":{"@id":"https:\/\/news.save.ch\/kuenstliche-intelligenzen-reden-nun-miteinander\/#primaryimage"},"thumbnailUrl":"https:\/\/news.save.ch\/wp-content\/uploads\/2024\/03\/Depositphotos_110456494_S.jpg","datePublished":"2024-03-20T11:00:23+00:00","description":"Selon l'Universit\u00e9 de Gen\u00e8ve, les robots pourraient bient\u00f4t donner des instructions orales \u00e0 d'autres robots.","breadcrumb":{"@id":"https:\/\/news.save.ch\/kuenstliche-intelligenzen-reden-nun-miteinander\/#breadcrumb"},"inLanguage":"fr-FR","potentialAction":[{"@type":"ReadAction","target":["https:\/\/news.save.ch\/kuenstliche-intelligenzen-reden-nun-miteinander\/"]}]},{"@type":"ImageObject","inLanguage":"fr-FR","@id":"https:\/\/news.save.ch\/kuenstliche-intelligenzen-reden-nun-miteinander\/#primaryimage","url":"https:\/\/news.save.ch\/wp-content\/uploads\/2024\/03\/Depositphotos_110456494_S.jpg","contentUrl":"https:\/\/news.save.ch\/wp-content\/uploads\/2024\/03\/Depositphotos_110456494_S.jpg"},{"@type":"BreadcrumbList","@id":"https:\/\/news.save.ch\/kuenstliche-intelligenzen-reden-nun-miteinander\/#breadcrumb","itemListElement":[{"@type":"ListItem","position":1,"name":"Home","item":"https:\/\/news.save.ch\/de\/"},{"@type":"ListItem","position":2,"name":"K\u00fcnstliche Intelligenzen reden nun miteinander"}]},{"@type":"WebSite","@id":"https:\/\/news.save.ch\/de\/#website","url":"https:\/\/news.save.ch\/de\/","name":"Save","description":"Revue suisse sp\u00e9cialis\u00e9e dans la s\u00e9curit\u00e9","publisher":{"@id":"https:\/\/news.save.ch\/de\/#organization"},"potentialAction":[{"@type":"SearchAction","target":{"@type":"EntryPoint","urlTemplate":"https:\/\/news.save.ch\/de\/?s={search_term_string}"},"query-input":{"@type":"PropertyValueSpecification","valueRequired":true,"valueName":"search_term_string"}}],"inLanguage":"fr-FR"},{"@type":"Organization","@id":"https:\/\/news.save.ch\/de\/#organization","name":"Forum sur la s\u00e9curit\u00e9","url":"https:\/\/news.save.ch\/de\/","logo":{"@type":"ImageObject","inLanguage":"fr-FR","@id":"https:\/\/news.save.ch\/de\/#\/schema\/logo\/image\/","url":"https:\/\/news.save.ch\/wp-content\/uploads\/2022\/06\/Logo_SF_2012.png","contentUrl":"https:\/\/news.save.ch\/wp-content\/uploads\/2022\/06\/Logo_SF_2012.png","width":1100,"height":91,"caption":"Sicherheitsforum"},"image":{"@id":"https:\/\/news.save.ch\/de\/#\/schema\/logo\/image\/"}},{"@type":"Person","@id":"https:\/\/news.save.ch\/de\/#\/schema\/person\/10917387362b3961e882740f6cf6f2a2","name":"stefanie Zeng","image":{"@type":"ImageObject","inLanguage":"fr-FR","@id":"https:\/\/secure.gravatar.com\/avatar\/eac43faa6e40bb2c41068c95c9d78bbd94c476d5efdff7abaab80bb3ea681e06?s=96&d=mm&r=g","url":"https:\/\/secure.gravatar.com\/avatar\/eac43faa6e40bb2c41068c95c9d78bbd94c476d5efdff7abaab80bb3ea681e06?s=96&d=mm&r=g","contentUrl":"https:\/\/secure.gravatar.com\/avatar\/eac43faa6e40bb2c41068c95c9d78bbd94c476d5efdff7abaab80bb3ea681e06?s=96&d=mm&r=g","caption":"stefanie Zeng"},"url":"https:\/\/news.save.ch\/fr\/author\/stefanie-zeng\/"}]}},"_links":{"self":[{"href":"https:\/\/news.save.ch\/fr\/wp-json\/wp\/v2\/posts\/22935","targetHints":{"allow":["GET"]}}],"collection":[{"href":"https:\/\/news.save.ch\/fr\/wp-json\/wp\/v2\/posts"}],"about":[{"href":"https:\/\/news.save.ch\/fr\/wp-json\/wp\/v2\/types\/post"}],"author":[{"embeddable":true,"href":"https:\/\/news.save.ch\/fr\/wp-json\/wp\/v2\/users\/31"}],"replies":[{"embeddable":true,"href":"https:\/\/news.save.ch\/fr\/wp-json\/wp\/v2\/comments?post=22935"}],"version-history":[{"count":1,"href":"https:\/\/news.save.ch\/fr\/wp-json\/wp\/v2\/posts\/22935\/revisions"}],"predecessor-version":[{"id":22938,"href":"https:\/\/news.save.ch\/fr\/wp-json\/wp\/v2\/posts\/22935\/revisions\/22938"}],"wp:attachment":[{"href":"https:\/\/news.save.ch\/fr\/wp-json\/wp\/v2\/media?parent=22935"}],"wp:term":[{"taxonomy":"category","embeddable":true,"href":"https:\/\/news.save.ch\/fr\/wp-json\/wp\/v2\/categories?post=22935"},{"taxonomy":"post_tag","embeddable":true,"href":"https:\/\/news.save.ch\/fr\/wp-json\/wp\/v2\/tags?post=22935"}],"curies":[{"name":"wp","href":"https:\/\/api.w.org\/{rel}","templated":true}]}}