{"id":23037,"date":"2024-04-22T19:23:39","date_gmt":"2024-04-22T17:23:39","guid":{"rendered":"https:\/\/news.save.ch\/?p=23037"},"modified":"2024-04-22T19:23:39","modified_gmt":"2024-04-22T17:23:39","slug":"mehr-als-70-prozent-der-arbeitnehmer-von-klimabedingten-gesundheitsgefahren-betroffen","status":null,"type":"post","link":"https:\/\/news.save.ch\/fr\/mehr-als-70-prozent-der-arbeitnehmer-von-klimabedingten-gesundheitsgefahren-betroffen\/","title":{"rendered":"Plus de 70% des travailleurs concern\u00e9s par les risques sanitaires li\u00e9s au climat"},"content":{"rendered":"<figure id=\"attachment_23038\" aria-describedby=\"caption-attachment-23038\" style=\"width: 1000px\" class=\"wp-caption alignnone\"><img loading=\"lazy\" decoding=\"async\" class=\"size-full wp-image-23038\" src=\"https:\/\/news.save.ch\/wp-content\/uploads\/2024\/04\/Depositphotos_138113592_S.jpg\" alt=\"\" width=\"1000\" height=\"667\" srcset=\"https:\/\/news.save.ch\/wp-content\/uploads\/2024\/04\/Depositphotos_138113592_S.jpg 1000w, https:\/\/news.save.ch\/wp-content\/uploads\/2024\/04\/Depositphotos_138113592_S-680x454.jpg 680w, https:\/\/news.save.ch\/wp-content\/uploads\/2024\/04\/Depositphotos_138113592_S-768x512.jpg 768w, https:\/\/news.save.ch\/wp-content\/uploads\/2024\/04\/Depositphotos_138113592_S-18x12.jpg 18w, https:\/\/news.save.ch\/wp-content\/uploads\/2024\/04\/Depositphotos_138113592_S-375x250.jpg 375w, https:\/\/news.save.ch\/wp-content\/uploads\/2024\/04\/Depositphotos_138113592_S-525x350.jpg 525w\" sizes=\"auto, (max-width: 1000px) 100vw, 1000px\" \/><figcaption id=\"caption-attachment-23038\" class=\"wp-caption-text\">Depositphotos\/londondeposit<\/figcaption><\/figure>\n<p>La derni\u00e8re \u00e9tude de l'Organisation internationale du travail (OIT) sur la s\u00e9curit\u00e9 au travail dans le contexte du changement climatique met en lumi\u00e8re l'augmentation des risques pour la sant\u00e9 auxquels les travailleurs sont confront\u00e9s dans le monde entier. Les r\u00e9sultats montrent que plus de 70 pour cent des travailleurs mondiaux seront probablement confront\u00e9s \u00e0 des risques pour la sant\u00e9 li\u00e9s au climat. Ce constat alarmant met en \u00e9vidence la n\u00e9cessit\u00e9 d'une approche globale pour garantir la s\u00e9curit\u00e9 et la sant\u00e9 au travail en p\u00e9riode de changement climatique.<\/p>\n<h3>Une r\u00e9action rapide est n\u00e9cessaire<\/h3>\n<p>L'\u00e9tude souligne que le changement climatique n'entra\u00eene pas seulement une hausse des temp\u00e9ratures, mais qu'il est \u00e9galement \u00e0 l'origine d'une multitude de dangers pouvant entra\u00eener de graves probl\u00e8mes de sant\u00e9 chez les travailleurs. Il s'agit non seulement du stress d\u00fb \u00e0 la chaleur, mais aussi du rayonnement UV, de la pollution de l'air, de l'exposition aux pesticides et du risque de maladies parasitaires et de maladies transmises par des vecteurs (tels que les moustiques ou les tiques). Ces multiples risques pour la sant\u00e9 n\u00e9cessitent une r\u00e9ponse rapide et coordonn\u00e9e afin de prot\u00e9ger la main-d'\u0153uvre dans le monde entier.<\/p>\n<p>L'\u00e9tude appelle \u00e9galement \u00e0 une int\u00e9gration accrue de la s\u00e9curit\u00e9 et de la sant\u00e9 au travail dans les politiques et strat\u00e9gies de lutte contre le changement climatique. Cela n\u00e9cessite non seulement la r\u00e9vision des lois et r\u00e9glementations existantes, mais aussi le d\u00e9veloppement de nouvelles approches pour rendre les lieux de travail plus s\u00fbrs et plus r\u00e9sistants aux effets du changement climatique.<\/p>\n<h3>Des solutions efficaces sont n\u00e9cessaires<\/h3>\n<p>Face \u00e0 la menace croissante que le changement climatique fait peser sur la sant\u00e9 et la s\u00e9curit\u00e9 au travail, il est essentiel que les gouvernements, les employeurs et les travailleurs agissent ensemble pour trouver des solutions efficaces et am\u00e9liorer les conditions de travail dans le monde entier. L'OIT est pr\u00eate \u00e0 soutenir ces efforts et \u00e0 promouvoir la mise en \u0153uvre de mesures visant \u00e0 assurer la sant\u00e9 et la s\u00e9curit\u00e9 des travailleurs dans un avenir climatique en pleine \u00e9volution.<\/p>\n<p><em>Source : ILO<\/em><\/p>","protected":false},"excerpt":{"rendered":"<p>Die neueste Studie der Internationalen Arbeitsorganisation (ILO) zur Arbeitssicherheit im Kontext des Klimawandels wirft ein Licht auf die zunehmenden Gesundheitsrisiken, mit denen Arbeitskr\u00e4fte weltweit konfrontiert sind. Die Ergebnisse zeigen, dass mehr als 70 Prozent der globalen Arbeitnehmerinnen und Arbeitnehmer voraussichtlich mit klimabedingten Gesundheitsgefahren konfrontiert sein werden. Dieser alarmierende Befund verdeutlicht die Notwendigkeit eines umfassenden Ansatzes, [&hellip;]<\/p>\n","protected":false},"author":31,"featured_media":23038,"comment_status":"closed","ping_status":"closed","sticky":false,"template":"","format":"standard","meta":{"_acf_changed":false,"pgc_sgb_lightbox_settings":"","footnotes":""},"categories":[1,3314],"tags":[5996,4333,6395,794,4332],"class_list":["post-23037","post","type-post","status-publish","format-standard","has-post-thumbnail","hentry","category-allgemein","category-health-safety","tag-arbeits-und-gesundheitsschutz","tag-hitzebelastung","tag-hitzeschutz","tag-klimawandel","tag-klimawandel-und-arbeitsschutz"],"acf":[],"hkrextid":null,"publication":null,"issue":null,"workflow":null,"startPage":null,"spitzmarke":null,"_posts_by_tag_page_fields":null,"_at_widget":null,"_yoast_wpseo_primary_category":"1","_yoast_wpseo_focuskw_text_input":null,"_yoast_wpseo_opengraph-image":null,"_yoast_wpseo_opengraph-description":null,"_yoast_wpseo_opengraph-title":null,"enclosure":null,"_yoast_wpseo_twitter-title":null,"_yoast_wpseo_twitter-description":null,"_yoast_wpseo_twitter-image":null,"_wp_old_slug":null,"_yoast_wpseo_title":null,"_yoast_wpseo_canonical":null,"yoast_head":"<!-- This site is optimized with the Yoast SEO plugin v27.5 - https:\/\/yoast.com\/product\/yoast-seo-wordpress\/ -->\n<title>Mehr als 70 Prozent der Arbeitnehmer von klimabedingten Gesundheitsgefahren betroffen - Save<\/title>\n<meta name=\"description\" content=\"Mehr als 70 Prozent der Arbeitnehmer von klimabedingten Gesundheitsgefahren betroffen.\" \/>\n<meta name=\"robots\" content=\"index, follow, max-snippet:-1, max-image-preview:large, max-video-preview:-1\" \/>\n<link rel=\"canonical\" href=\"https:\/\/news.save.ch\/fr\/mehr-als-70-prozent-der-arbeitnehmer-von-klimabedingten-gesundheitsgefahren-betroffen\/\" \/>\n<meta property=\"og:locale\" content=\"fr_FR\" \/>\n<meta property=\"og:type\" content=\"article\" \/>\n<meta property=\"og:title\" content=\"Mehr als 70 Prozent der Arbeitnehmer von klimabedingten Gesundheitsgefahren betroffen - Save\" \/>\n<meta property=\"og:description\" content=\"Mehr als 70 Prozent der Arbeitnehmer von klimabedingten Gesundheitsgefahren betroffen.\" \/>\n<meta property=\"og:url\" content=\"https:\/\/news.save.ch\/fr\/mehr-als-70-prozent-der-arbeitnehmer-von-klimabedingten-gesundheitsgefahren-betroffen\/\" \/>\n<meta property=\"og:site_name\" content=\"Save\" \/>\n<meta property=\"article:published_time\" content=\"2024-04-22T17:23:39+00:00\" \/>\n<meta property=\"og:image\" content=\"https:\/\/news.save.ch\/wp-content\/uploads\/2024\/04\/Depositphotos_138113592_S.jpg\" \/>\n\t<meta property=\"og:image:width\" content=\"1000\" \/>\n\t<meta property=\"og:image:height\" content=\"667\" \/>\n\t<meta property=\"og:image:type\" content=\"image\/jpeg\" \/>\n<meta name=\"author\" content=\"stefanie Zeng\" \/>\n<meta name=\"twitter:card\" content=\"summary_large_image\" \/>\n<meta name=\"twitter:label1\" content=\"\u00c9crit par\" \/>\n\t<meta name=\"twitter:data1\" content=\"stefanie Zeng\" \/>\n\t<meta name=\"twitter:label2\" content=\"Dur\u00e9e de lecture estim\u00e9e\" \/>\n\t<meta name=\"twitter:data2\" content=\"2 minutes\" \/>\n<script type=\"application\/ld+json\" class=\"yoast-schema-graph\">{\"@context\":\"https:\\\/\\\/schema.org\",\"@graph\":[{\"@type\":\"Article\",\"@id\":\"https:\\\/\\\/news.save.ch\\\/mehr-als-70-prozent-der-arbeitnehmer-von-klimabedingten-gesundheitsgefahren-betroffen\\\/#article\",\"isPartOf\":{\"@id\":\"https:\\\/\\\/news.save.ch\\\/mehr-als-70-prozent-der-arbeitnehmer-von-klimabedingten-gesundheitsgefahren-betroffen\\\/\"},\"author\":{\"name\":\"stefanie Zeng\",\"@id\":\"https:\\\/\\\/news.save.ch\\\/de\\\/#\\\/schema\\\/person\\\/10917387362b3961e882740f6cf6f2a2\"},\"headline\":\"Mehr als 70 Prozent der Arbeitnehmer von klimabedingten Gesundheitsgefahren betroffen\",\"datePublished\":\"2024-04-22T17:23:39+00:00\",\"mainEntityOfPage\":{\"@id\":\"https:\\\/\\\/news.save.ch\\\/mehr-als-70-prozent-der-arbeitnehmer-von-klimabedingten-gesundheitsgefahren-betroffen\\\/\"},\"wordCount\":301,\"publisher\":{\"@id\":\"https:\\\/\\\/news.save.ch\\\/de\\\/#organization\"},\"image\":{\"@id\":\"https:\\\/\\\/news.save.ch\\\/mehr-als-70-prozent-der-arbeitnehmer-von-klimabedingten-gesundheitsgefahren-betroffen\\\/#primaryimage\"},\"thumbnailUrl\":\"https:\\\/\\\/news.save.ch\\\/wp-content\\\/uploads\\\/2024\\\/04\\\/Depositphotos_138113592_S.jpg\",\"keywords\":[\"Arbeits- und Gesundheitsschutz\",\"Hitzebelastung\",\"Hitzeschutz\",\"Klimawandel\",\"Klimawandel und Arbeitsschutz\"],\"articleSection\":[\"ALLGEMEIN\",\"HEALTH &amp; SAFETY\"],\"inLanguage\":\"fr-FR\"},{\"@type\":\"WebPage\",\"@id\":\"https:\\\/\\\/news.save.ch\\\/mehr-als-70-prozent-der-arbeitnehmer-von-klimabedingten-gesundheitsgefahren-betroffen\\\/\",\"url\":\"https:\\\/\\\/news.save.ch\\\/mehr-als-70-prozent-der-arbeitnehmer-von-klimabedingten-gesundheitsgefahren-betroffen\\\/\",\"name\":\"Mehr als 70 Prozent der Arbeitnehmer von klimabedingten Gesundheitsgefahren betroffen - Save\",\"isPartOf\":{\"@id\":\"https:\\\/\\\/news.save.ch\\\/de\\\/#website\"},\"primaryImageOfPage\":{\"@id\":\"https:\\\/\\\/news.save.ch\\\/mehr-als-70-prozent-der-arbeitnehmer-von-klimabedingten-gesundheitsgefahren-betroffen\\\/#primaryimage\"},\"image\":{\"@id\":\"https:\\\/\\\/news.save.ch\\\/mehr-als-70-prozent-der-arbeitnehmer-von-klimabedingten-gesundheitsgefahren-betroffen\\\/#primaryimage\"},\"thumbnailUrl\":\"https:\\\/\\\/news.save.ch\\\/wp-content\\\/uploads\\\/2024\\\/04\\\/Depositphotos_138113592_S.jpg\",\"datePublished\":\"2024-04-22T17:23:39+00:00\",\"description\":\"Mehr als 70 Prozent der Arbeitnehmer von klimabedingten Gesundheitsgefahren betroffen.\",\"breadcrumb\":{\"@id\":\"https:\\\/\\\/news.save.ch\\\/mehr-als-70-prozent-der-arbeitnehmer-von-klimabedingten-gesundheitsgefahren-betroffen\\\/#breadcrumb\"},\"inLanguage\":\"fr-FR\",\"potentialAction\":[{\"@type\":\"ReadAction\",\"target\":[\"https:\\\/\\\/news.save.ch\\\/mehr-als-70-prozent-der-arbeitnehmer-von-klimabedingten-gesundheitsgefahren-betroffen\\\/\"]}]},{\"@type\":\"ImageObject\",\"inLanguage\":\"fr-FR\",\"@id\":\"https:\\\/\\\/news.save.ch\\\/mehr-als-70-prozent-der-arbeitnehmer-von-klimabedingten-gesundheitsgefahren-betroffen\\\/#primaryimage\",\"url\":\"https:\\\/\\\/news.save.ch\\\/wp-content\\\/uploads\\\/2024\\\/04\\\/Depositphotos_138113592_S.jpg\",\"contentUrl\":\"https:\\\/\\\/news.save.ch\\\/wp-content\\\/uploads\\\/2024\\\/04\\\/Depositphotos_138113592_S.jpg\",\"width\":1000,\"height\":667,\"caption\":\"Depositphotos\\\/londondeposit\"},{\"@type\":\"BreadcrumbList\",\"@id\":\"https:\\\/\\\/news.save.ch\\\/mehr-als-70-prozent-der-arbeitnehmer-von-klimabedingten-gesundheitsgefahren-betroffen\\\/#breadcrumb\",\"itemListElement\":[{\"@type\":\"ListItem\",\"position\":1,\"name\":\"Home\",\"item\":\"https:\\\/\\\/news.save.ch\\\/de\\\/\"},{\"@type\":\"ListItem\",\"position\":2,\"name\":\"Mehr als 70 Prozent der Arbeitnehmer von klimabedingten Gesundheitsgefahren betroffen\"}]},{\"@type\":\"WebSite\",\"@id\":\"https:\\\/\\\/news.save.ch\\\/de\\\/#website\",\"url\":\"https:\\\/\\\/news.save.ch\\\/de\\\/\",\"name\":\"Save\",\"description\":\"Schweizer Fachzeitschrift f\u00fcr Sicherheit\",\"publisher\":{\"@id\":\"https:\\\/\\\/news.save.ch\\\/de\\\/#organization\"},\"potentialAction\":[{\"@type\":\"SearchAction\",\"target\":{\"@type\":\"EntryPoint\",\"urlTemplate\":\"https:\\\/\\\/news.save.ch\\\/de\\\/?s={search_term_string}\"},\"query-input\":{\"@type\":\"PropertyValueSpecification\",\"valueRequired\":true,\"valueName\":\"search_term_string\"}}],\"inLanguage\":\"fr-FR\"},{\"@type\":\"Organization\",\"@id\":\"https:\\\/\\\/news.save.ch\\\/de\\\/#organization\",\"name\":\"Sicherheitsforum\",\"url\":\"https:\\\/\\\/news.save.ch\\\/de\\\/\",\"logo\":{\"@type\":\"ImageObject\",\"inLanguage\":\"fr-FR\",\"@id\":\"https:\\\/\\\/news.save.ch\\\/de\\\/#\\\/schema\\\/logo\\\/image\\\/\",\"url\":\"https:\\\/\\\/news.save.ch\\\/wp-content\\\/uploads\\\/2022\\\/06\\\/Logo_SF_2012.png\",\"contentUrl\":\"https:\\\/\\\/news.save.ch\\\/wp-content\\\/uploads\\\/2022\\\/06\\\/Logo_SF_2012.png\",\"width\":1100,\"height\":91,\"caption\":\"Sicherheitsforum\"},\"image\":{\"@id\":\"https:\\\/\\\/news.save.ch\\\/de\\\/#\\\/schema\\\/logo\\\/image\\\/\"}},{\"@type\":\"Person\",\"@id\":\"https:\\\/\\\/news.save.ch\\\/de\\\/#\\\/schema\\\/person\\\/10917387362b3961e882740f6cf6f2a2\",\"name\":\"stefanie Zeng\",\"image\":{\"@type\":\"ImageObject\",\"inLanguage\":\"fr-FR\",\"@id\":\"https:\\\/\\\/secure.gravatar.com\\\/avatar\\\/eac43faa6e40bb2c41068c95c9d78bbd94c476d5efdff7abaab80bb3ea681e06?s=96&d=mm&r=g\",\"url\":\"https:\\\/\\\/secure.gravatar.com\\\/avatar\\\/eac43faa6e40bb2c41068c95c9d78bbd94c476d5efdff7abaab80bb3ea681e06?s=96&d=mm&r=g\",\"contentUrl\":\"https:\\\/\\\/secure.gravatar.com\\\/avatar\\\/eac43faa6e40bb2c41068c95c9d78bbd94c476d5efdff7abaab80bb3ea681e06?s=96&d=mm&r=g\",\"caption\":\"stefanie Zeng\"},\"url\":\"https:\\\/\\\/news.save.ch\\\/fr\\\/author\\\/stefanie-zeng\\\/\"}]}<\/script>\n<!-- \/ Yoast SEO plugin. -->","yoast_head_json":{"title":"Plus de 70% des travailleurs concern\u00e9s par les risques sanitaires li\u00e9s au climat - Save","description":"Plus de 70% des travailleurs concern\u00e9s par les risques sanitaires li\u00e9s au climat","robots":{"index":"index","follow":"follow","max-snippet":"max-snippet:-1","max-image-preview":"max-image-preview:large","max-video-preview":"max-video-preview:-1"},"canonical":"https:\/\/news.save.ch\/fr\/mehr-als-70-prozent-der-arbeitnehmer-von-klimabedingten-gesundheitsgefahren-betroffen\/","og_locale":"fr_FR","og_type":"article","og_title":"Mehr als 70 Prozent der Arbeitnehmer von klimabedingten Gesundheitsgefahren betroffen - Save","og_description":"Mehr als 70 Prozent der Arbeitnehmer von klimabedingten Gesundheitsgefahren betroffen.","og_url":"https:\/\/news.save.ch\/fr\/mehr-als-70-prozent-der-arbeitnehmer-von-klimabedingten-gesundheitsgefahren-betroffen\/","og_site_name":"Save","article_published_time":"2024-04-22T17:23:39+00:00","og_image":[{"width":1000,"height":667,"url":"https:\/\/news.save.ch\/wp-content\/uploads\/2024\/04\/Depositphotos_138113592_S.jpg","type":"image\/jpeg"}],"author":"stefanie Zeng","twitter_card":"summary_large_image","twitter_misc":{"\u00c9crit par":"stefanie Zeng","Dur\u00e9e de lecture estim\u00e9e":"2 minutes"},"schema":{"@context":"https:\/\/schema.org","@graph":[{"@type":"Article","@id":"https:\/\/news.save.ch\/mehr-als-70-prozent-der-arbeitnehmer-von-klimabedingten-gesundheitsgefahren-betroffen\/#article","isPartOf":{"@id":"https:\/\/news.save.ch\/mehr-als-70-prozent-der-arbeitnehmer-von-klimabedingten-gesundheitsgefahren-betroffen\/"},"author":{"name":"stefanie Zeng","@id":"https:\/\/news.save.ch\/de\/#\/schema\/person\/10917387362b3961e882740f6cf6f2a2"},"headline":"Mehr als 70 Prozent der Arbeitnehmer von klimabedingten Gesundheitsgefahren betroffen","datePublished":"2024-04-22T17:23:39+00:00","mainEntityOfPage":{"@id":"https:\/\/news.save.ch\/mehr-als-70-prozent-der-arbeitnehmer-von-klimabedingten-gesundheitsgefahren-betroffen\/"},"wordCount":301,"publisher":{"@id":"https:\/\/news.save.ch\/de\/#organization"},"image":{"@id":"https:\/\/news.save.ch\/mehr-als-70-prozent-der-arbeitnehmer-von-klimabedingten-gesundheitsgefahren-betroffen\/#primaryimage"},"thumbnailUrl":"https:\/\/news.save.ch\/wp-content\/uploads\/2024\/04\/Depositphotos_138113592_S.jpg","keywords":["Arbeits- und Gesundheitsschutz","Hitzebelastung","Hitzeschutz","Klimawandel","Klimawandel und Arbeitsschutz"],"articleSection":["ALLGEMEIN","HEALTH &amp; SAFETY"],"inLanguage":"fr-FR"},{"@type":"WebPage","@id":"https:\/\/news.save.ch\/mehr-als-70-prozent-der-arbeitnehmer-von-klimabedingten-gesundheitsgefahren-betroffen\/","url":"https:\/\/news.save.ch\/mehr-als-70-prozent-der-arbeitnehmer-von-klimabedingten-gesundheitsgefahren-betroffen\/","name":"Plus de 70% des travailleurs concern\u00e9s par les risques sanitaires li\u00e9s au climat - Save","isPartOf":{"@id":"https:\/\/news.save.ch\/de\/#website"},"primaryImageOfPage":{"@id":"https:\/\/news.save.ch\/mehr-als-70-prozent-der-arbeitnehmer-von-klimabedingten-gesundheitsgefahren-betroffen\/#primaryimage"},"image":{"@id":"https:\/\/news.save.ch\/mehr-als-70-prozent-der-arbeitnehmer-von-klimabedingten-gesundheitsgefahren-betroffen\/#primaryimage"},"thumbnailUrl":"https:\/\/news.save.ch\/wp-content\/uploads\/2024\/04\/Depositphotos_138113592_S.jpg","datePublished":"2024-04-22T17:23:39+00:00","description":"Plus de 70% des travailleurs concern\u00e9s par les risques sanitaires li\u00e9s au climat","breadcrumb":{"@id":"https:\/\/news.save.ch\/mehr-als-70-prozent-der-arbeitnehmer-von-klimabedingten-gesundheitsgefahren-betroffen\/#breadcrumb"},"inLanguage":"fr-FR","potentialAction":[{"@type":"ReadAction","target":["https:\/\/news.save.ch\/mehr-als-70-prozent-der-arbeitnehmer-von-klimabedingten-gesundheitsgefahren-betroffen\/"]}]},{"@type":"ImageObject","inLanguage":"fr-FR","@id":"https:\/\/news.save.ch\/mehr-als-70-prozent-der-arbeitnehmer-von-klimabedingten-gesundheitsgefahren-betroffen\/#primaryimage","url":"https:\/\/news.save.ch\/wp-content\/uploads\/2024\/04\/Depositphotos_138113592_S.jpg","contentUrl":"https:\/\/news.save.ch\/wp-content\/uploads\/2024\/04\/Depositphotos_138113592_S.jpg","width":1000,"height":667,"caption":"Depositphotos\/londondeposit"},{"@type":"BreadcrumbList","@id":"https:\/\/news.save.ch\/mehr-als-70-prozent-der-arbeitnehmer-von-klimabedingten-gesundheitsgefahren-betroffen\/#breadcrumb","itemListElement":[{"@type":"ListItem","position":1,"name":"Home","item":"https:\/\/news.save.ch\/de\/"},{"@type":"ListItem","position":2,"name":"Mehr als 70 Prozent der Arbeitnehmer von klimabedingten Gesundheitsgefahren betroffen"}]},{"@type":"WebSite","@id":"https:\/\/news.save.ch\/de\/#website","url":"https:\/\/news.save.ch\/de\/","name":"Save","description":"Revue suisse sp\u00e9cialis\u00e9e dans la s\u00e9curit\u00e9","publisher":{"@id":"https:\/\/news.save.ch\/de\/#organization"},"potentialAction":[{"@type":"SearchAction","target":{"@type":"EntryPoint","urlTemplate":"https:\/\/news.save.ch\/de\/?s={search_term_string}"},"query-input":{"@type":"PropertyValueSpecification","valueRequired":true,"valueName":"search_term_string"}}],"inLanguage":"fr-FR"},{"@type":"Organization","@id":"https:\/\/news.save.ch\/de\/#organization","name":"Forum sur la s\u00e9curit\u00e9","url":"https:\/\/news.save.ch\/de\/","logo":{"@type":"ImageObject","inLanguage":"fr-FR","@id":"https:\/\/news.save.ch\/de\/#\/schema\/logo\/image\/","url":"https:\/\/news.save.ch\/wp-content\/uploads\/2022\/06\/Logo_SF_2012.png","contentUrl":"https:\/\/news.save.ch\/wp-content\/uploads\/2022\/06\/Logo_SF_2012.png","width":1100,"height":91,"caption":"Sicherheitsforum"},"image":{"@id":"https:\/\/news.save.ch\/de\/#\/schema\/logo\/image\/"}},{"@type":"Person","@id":"https:\/\/news.save.ch\/de\/#\/schema\/person\/10917387362b3961e882740f6cf6f2a2","name":"stefanie Zeng","image":{"@type":"ImageObject","inLanguage":"fr-FR","@id":"https:\/\/secure.gravatar.com\/avatar\/eac43faa6e40bb2c41068c95c9d78bbd94c476d5efdff7abaab80bb3ea681e06?s=96&d=mm&r=g","url":"https:\/\/secure.gravatar.com\/avatar\/eac43faa6e40bb2c41068c95c9d78bbd94c476d5efdff7abaab80bb3ea681e06?s=96&d=mm&r=g","contentUrl":"https:\/\/secure.gravatar.com\/avatar\/eac43faa6e40bb2c41068c95c9d78bbd94c476d5efdff7abaab80bb3ea681e06?s=96&d=mm&r=g","caption":"stefanie Zeng"},"url":"https:\/\/news.save.ch\/fr\/author\/stefanie-zeng\/"}]}},"_links":{"self":[{"href":"https:\/\/news.save.ch\/fr\/wp-json\/wp\/v2\/posts\/23037","targetHints":{"allow":["GET"]}}],"collection":[{"href":"https:\/\/news.save.ch\/fr\/wp-json\/wp\/v2\/posts"}],"about":[{"href":"https:\/\/news.save.ch\/fr\/wp-json\/wp\/v2\/types\/post"}],"author":[{"embeddable":true,"href":"https:\/\/news.save.ch\/fr\/wp-json\/wp\/v2\/users\/31"}],"replies":[{"embeddable":true,"href":"https:\/\/news.save.ch\/fr\/wp-json\/wp\/v2\/comments?post=23037"}],"version-history":[{"count":1,"href":"https:\/\/news.save.ch\/fr\/wp-json\/wp\/v2\/posts\/23037\/revisions"}],"predecessor-version":[{"id":23039,"href":"https:\/\/news.save.ch\/fr\/wp-json\/wp\/v2\/posts\/23037\/revisions\/23039"}],"wp:featuredmedia":[{"embeddable":true,"href":"https:\/\/news.save.ch\/fr\/wp-json\/wp\/v2\/media\/23038"}],"wp:attachment":[{"href":"https:\/\/news.save.ch\/fr\/wp-json\/wp\/v2\/media?parent=23037"}],"wp:term":[{"taxonomy":"category","embeddable":true,"href":"https:\/\/news.save.ch\/fr\/wp-json\/wp\/v2\/categories?post=23037"},{"taxonomy":"post_tag","embeddable":true,"href":"https:\/\/news.save.ch\/fr\/wp-json\/wp\/v2\/tags?post=23037"}],"curies":[{"name":"wp","href":"https:\/\/api.w.org\/{rel}","templated":true}]}}