{"id":23114,"date":"2024-05-20T13:53:36","date_gmt":"2024-05-20T11:53:36","guid":{"rendered":"https:\/\/news.save.ch\/?p=23114"},"modified":"2024-05-22T11:11:25","modified_gmt":"2024-05-22T09:11:25","slug":"schweizer-data-literacy-charta-als-grundlage-fuer-datenkompetenz","status":null,"type":"post","link":"https:\/\/news.save.ch\/fr\/schweizer-data-literacy-charta-als-grundlage-fuer-datenkompetenz\/","title":{"rendered":"La charte suisse de la litt\u00e9ratie de donn\u00e9es comme base de la comp\u00e9tence en mati\u00e8re de donn\u00e9es\u00a0"},"content":{"rendered":"<figure id=\"attachment_23115\" aria-describedby=\"caption-attachment-23115\" style=\"width: 1000px\" class=\"wp-caption alignnone\"><img loading=\"lazy\" decoding=\"async\" class=\"size-full wp-image-23115\" src=\"https:\/\/news.save.ch\/wp-content\/uploads\/2024\/05\/Depositphotos_43443031_S.jpg\" alt=\"\" width=\"1000\" height=\"667\" srcset=\"https:\/\/news.save.ch\/wp-content\/uploads\/2024\/05\/Depositphotos_43443031_S.jpg 1000w, https:\/\/news.save.ch\/wp-content\/uploads\/2024\/05\/Depositphotos_43443031_S-680x454.jpg 680w, https:\/\/news.save.ch\/wp-content\/uploads\/2024\/05\/Depositphotos_43443031_S-768x512.jpg 768w, https:\/\/news.save.ch\/wp-content\/uploads\/2024\/05\/Depositphotos_43443031_S-18x12.jpg 18w, https:\/\/news.save.ch\/wp-content\/uploads\/2024\/05\/Depositphotos_43443031_S-375x250.jpg 375w, https:\/\/news.save.ch\/wp-content\/uploads\/2024\/05\/Depositphotos_43443031_S-525x350.jpg 525w\" sizes=\"auto, (max-width: 1000px) 100vw, 1000px\" \/><figcaption id=\"caption-attachment-23115\" class=\"wp-caption-text\">Image : Depositphotos\/beawolf<\/figcaption><\/figure>\n<p>Dans notre monde en r\u00e9seau, un flot de donn\u00e9es et d'informations doit \u00eatre estim\u00e9 et \u00e9valu\u00e9 de mani\u00e8re appropri\u00e9e. Cela n\u00e9cessite une solide comp\u00e9tence en mati\u00e8re de donn\u00e9es (data literacy). Le d\u00e9veloppement de l'intelligence artificielle (IA) rend \u00e9galement n\u00e9cessaire que chacun dispose de connaissances suffisantes sur l'utilisation des donn\u00e9es dans tous les domaines de la vie. La \"Charte suisse de la data literacy\" a \u00e9t\u00e9 \u00e9labor\u00e9e afin de cr\u00e9er une culture des donn\u00e9es qui implique une utilisation autod\u00e9termin\u00e9e des donn\u00e9es et une \u00e9valuation s\u00fbre des donn\u00e9es et des d\u00e9clarations.<\/p>\n<p><strong>Qu'est-ce que la comp\u00e9tence en mati\u00e8re de donn\u00e9es ?\u00a0<\/strong><\/p>\n<p>Les comp\u00e9tences en mati\u00e8re de donn\u00e9es englobent les capacit\u00e9s \u00e0 collecter, g\u00e9rer, \u00e9valuer et utiliser les donn\u00e9es de mani\u00e8re r\u00e9fl\u00e9chie. La protection des donn\u00e9es et les principes \u00e9thiques doivent \u00eatre pris en compte. Comme les conditions g\u00e9n\u00e9rales peuvent changer, une interaction permanente entre les producteurs de donn\u00e9es, par exemple les exploitants de sites web, et les consommateurs de donn\u00e9es, par exemple les utilisateurs de sites web, est indispensable. En raison de la complexit\u00e9 du sujet et des \u00e9volutions rapides dans ce domaine, un processus d'apprentissage tout au long de la vie est n\u00e9cessaire. C'est ainsi que l'on peut garantir une utilisation, un \u00e9change et une interpr\u00e9tation judicieux des donn\u00e9es.<\/p>\n<p><strong>Qui devrait assurer la comp\u00e9tence en mati\u00e8re de donn\u00e9es ?\u00a0<\/strong><\/p>\n<p>Il est urgent de coordonner l'action de tous les acteurs impliqu\u00e9s : ce n'est que si tous sont capables d'\u00e9changer et d'utiliser des donn\u00e9es en toute confiance, dans tous les domaines, de mani\u00e8re \u00e9thique et dans le respect de la protection des donn\u00e9es, que ces donn\u00e9es peuvent contribuer \u00e0 une soci\u00e9t\u00e9 participative. Les m\u00e9dias, l'\u00e9ducation et la politique jouent un r\u00f4le important dans la promotion de la comp\u00e9tence en mati\u00e8re de donn\u00e9es \u00e0 tous les niveaux et dans tous les domaines. Les d\u00e9veloppements internationaux doivent \u00eatre pris en compte. C'est pourquoi les Acad\u00e9mies suisses des sciences et l'organisation \"Data Literacy - Suisse\" appellent le grand public, toutes les disciplines concern\u00e9es, les m\u00e9dias et la politique \u00e0 se pencher sur la comp\u00e9tence en mati\u00e8re de donn\u00e9es et \u00e0 l'appliquer dans leur contexte respectif. La charte doit aider \u00e0 initier, ancrer et mettre en \u0153uvre un changement culturel selon les principes de la Charte suisse de la Data Literacy.<\/p>\n<div><a href=\"https:\/\/akademien-schweiz.ch\/de\/themen\/wissenschaftskultur\/data-literacy-charta\/\" target=\"_blank\" rel=\"noopener noreferrer\">Vous trouverez la Charte suisse de la litt\u00e9ratie de donn\u00e9es ici<\/a><\/div>\n<div><\/div>\n<div>\n<p>Le site\u00a0<strong>Acad\u00e9mies suisses des sciences (a+)<\/strong>\u00a0sont une association des quatre acad\u00e9mies scientifiques suisses : l'Acad\u00e9mie suisse des sciences naturelles SCNAT, l'Acad\u00e9mie suisse des sciences humaines et sociales ASSH, l'Acad\u00e9mie suisse des sciences m\u00e9dicales ASSM et l'Acad\u00e9mie suisse des sciences techniques SATW. Outre les quatre acad\u00e9mies, elles comprennent les centres de comp\u00e9tences TA-SWISS et Science et Cit\u00e9 ainsi que d'autres r\u00e9seaux scientifiques. La rel\u00e8ve scientifique se met en r\u00e9seau au sein de la Jeune Acad\u00e9mie Suisse. Les Acad\u00e9mies suisses des sciences mettent les sciences en r\u00e9seau au niveau r\u00e9gional, national et international. Elles repr\u00e9sentent les communaut\u00e9s scientifiques de mani\u00e8re disciplinaire, interdisciplinaire et ind\u00e9pendante des institutions et des disciplines. Leur r\u00e9seau est orient\u00e9 vers le long terme et s'engage \u00e0 atteindre l'excellence scientifique. Elles conseillent la politique et la soci\u00e9t\u00e9 sur des questions bas\u00e9es sur le savoir et importantes pour la soci\u00e9t\u00e9.<\/p>\n<p><strong>\"Data Literacy - Suisse\"<\/strong>\u00a0est un mouvement cr\u00e9\u00e9 en 2020 \u00e0 l'initiative du Prof. Dr \u00e8s sc. Diego Kuonen et Dr. med. Monique Lehky Hagen, qui s'engage pour une promotion et une mise en \u0153uvre r\u00e9gionales, nationales et internationales des bases d'un changement de comp\u00e9tences en mati\u00e8re de donn\u00e9es largement soutenu par la soci\u00e9t\u00e9 et pour son ancrage politique.\u00a0<a href=\"http:\/\/www.data-literacy.ch\/\" target=\"_blank\" rel=\"noopener noreferrer\">www.data-literacy.ch<br \/>\n<\/a><\/p>\n<\/div>","protected":false},"excerpt":{"rendered":"<p>In unserer vernetzten Welt muss eine Flut von Daten und Informationen angemessen eingesch\u00e4tzt und bewertet werden. Das bedingt eine solide Datenkompetenz (Data Literacy). Auch die Weiterentwicklung k\u00fcnstlicher Intelligenz (KI) macht es n\u00f6tig, dass jede und jeder \u00fcber ausreichendes Wissen \u00fcber Datennutzung in allen Bereichen des Lebens verf\u00fcgt. Die \u00abData-Literacy-Charta Schweiz\u00bb wurde erarbeitet, um eine Datenkultur [&hellip;]<\/p>\n","protected":false},"author":31,"featured_media":23115,"comment_status":"closed","ping_status":"closed","sticky":false,"template":"","format":"standard","meta":{"_acf_changed":false,"pgc_sgb_lightbox_settings":"","footnotes":""},"categories":[3313],"tags":[6417,6418,118],"class_list":["post-23114","post","type-post","status-publish","format-standard","has-post-thumbnail","hentry","category-digitalisierung","tag-data-literacy","tag-datenkompetenz","tag-datenschutz"],"acf":[],"hkrextid":null,"publication":null,"issue":null,"workflow":null,"startPage":null,"spitzmarke":null,"_posts_by_tag_page_fields":null,"_at_widget":null,"_yoast_wpseo_primary_category":"3313","_yoast_wpseo_focuskw_text_input":null,"_yoast_wpseo_opengraph-image":null,"_yoast_wpseo_opengraph-description":null,"_yoast_wpseo_opengraph-title":null,"enclosure":null,"_yoast_wpseo_twitter-title":null,"_yoast_wpseo_twitter-description":null,"_yoast_wpseo_twitter-image":null,"_wp_old_slug":null,"_yoast_wpseo_title":null,"_yoast_wpseo_canonical":null,"yoast_head":"<!-- This site is optimized with the Yoast SEO plugin v27.4 - https:\/\/yoast.com\/product\/yoast-seo-wordpress\/ -->\n<title>Schweizer Data-Literacy-Charta als Grundlage f\u00fcr Datenkompetenz\u00a0 - Save<\/title>\n<meta name=\"description\" content=\"Die Akademien der Wissenschaften Schweiz ver\u00f6ffentlichen eine Data-Literacy-Charta f\u00fcr die Schweiz.\" \/>\n<meta name=\"robots\" content=\"index, follow, max-snippet:-1, max-image-preview:large, max-video-preview:-1\" \/>\n<link rel=\"canonical\" href=\"https:\/\/news.save.ch\/fr\/schweizer-data-literacy-charta-als-grundlage-fuer-datenkompetenz\/\" \/>\n<meta property=\"og:locale\" content=\"fr_FR\" \/>\n<meta property=\"og:type\" content=\"article\" \/>\n<meta property=\"og:title\" content=\"Schweizer Data-Literacy-Charta als Grundlage f\u00fcr Datenkompetenz\u00a0 - Save\" \/>\n<meta property=\"og:description\" content=\"Die Akademien der Wissenschaften Schweiz ver\u00f6ffentlichen eine Data-Literacy-Charta f\u00fcr die Schweiz.\" \/>\n<meta property=\"og:url\" content=\"https:\/\/news.save.ch\/fr\/schweizer-data-literacy-charta-als-grundlage-fuer-datenkompetenz\/\" \/>\n<meta property=\"og:site_name\" content=\"Save\" \/>\n<meta property=\"article:published_time\" content=\"2024-05-20T11:53:36+00:00\" \/>\n<meta property=\"article:modified_time\" content=\"2024-05-22T09:11:25+00:00\" \/>\n<meta property=\"og:image\" content=\"https:\/\/news.save.ch\/wp-content\/uploads\/2024\/05\/Depositphotos_43443031_S.jpg\" \/>\n\t<meta property=\"og:image:width\" content=\"1000\" \/>\n\t<meta property=\"og:image:height\" content=\"667\" \/>\n\t<meta property=\"og:image:type\" content=\"image\/jpeg\" \/>\n<meta name=\"author\" content=\"stefanie Zeng\" \/>\n<meta name=\"twitter:card\" content=\"summary_large_image\" \/>\n<meta name=\"twitter:label1\" content=\"\u00c9crit par\" \/>\n\t<meta name=\"twitter:data1\" content=\"stefanie Zeng\" \/>\n\t<meta name=\"twitter:label2\" content=\"Dur\u00e9e de lecture estim\u00e9e\" \/>\n\t<meta name=\"twitter:data2\" content=\"3 minutes\" \/>\n<script type=\"application\/ld+json\" class=\"yoast-schema-graph\">{\"@context\":\"https:\\\/\\\/schema.org\",\"@graph\":[{\"@type\":\"Article\",\"@id\":\"https:\\\/\\\/news.save.ch\\\/schweizer-data-literacy-charta-als-grundlage-fuer-datenkompetenz\\\/#article\",\"isPartOf\":{\"@id\":\"https:\\\/\\\/news.save.ch\\\/schweizer-data-literacy-charta-als-grundlage-fuer-datenkompetenz\\\/\"},\"author\":{\"name\":\"stefanie Zeng\",\"@id\":\"https:\\\/\\\/news.save.ch\\\/de\\\/#\\\/schema\\\/person\\\/10917387362b3961e882740f6cf6f2a2\"},\"headline\":\"Schweizer Data-Literacy-Charta als Grundlage f\u00fcr Datenkompetenz\u00a0\",\"datePublished\":\"2024-05-20T11:53:36+00:00\",\"dateModified\":\"2024-05-22T09:11:25+00:00\",\"mainEntityOfPage\":{\"@id\":\"https:\\\/\\\/news.save.ch\\\/schweizer-data-literacy-charta-als-grundlage-fuer-datenkompetenz\\\/\"},\"wordCount\":489,\"publisher\":{\"@id\":\"https:\\\/\\\/news.save.ch\\\/de\\\/#organization\"},\"image\":{\"@id\":\"https:\\\/\\\/news.save.ch\\\/schweizer-data-literacy-charta-als-grundlage-fuer-datenkompetenz\\\/#primaryimage\"},\"thumbnailUrl\":\"https:\\\/\\\/news.save.ch\\\/wp-content\\\/uploads\\\/2024\\\/05\\\/Depositphotos_43443031_S.jpg\",\"keywords\":[\"Data Literacy\",\"Datenkompetenz\",\"Datenschutz\"],\"articleSection\":[\"DIGITALISIERUNG\"],\"inLanguage\":\"fr-FR\"},{\"@type\":\"WebPage\",\"@id\":\"https:\\\/\\\/news.save.ch\\\/schweizer-data-literacy-charta-als-grundlage-fuer-datenkompetenz\\\/\",\"url\":\"https:\\\/\\\/news.save.ch\\\/schweizer-data-literacy-charta-als-grundlage-fuer-datenkompetenz\\\/\",\"name\":\"Schweizer Data-Literacy-Charta als Grundlage f\u00fcr Datenkompetenz\u00a0 - Save\",\"isPartOf\":{\"@id\":\"https:\\\/\\\/news.save.ch\\\/de\\\/#website\"},\"primaryImageOfPage\":{\"@id\":\"https:\\\/\\\/news.save.ch\\\/schweizer-data-literacy-charta-als-grundlage-fuer-datenkompetenz\\\/#primaryimage\"},\"image\":{\"@id\":\"https:\\\/\\\/news.save.ch\\\/schweizer-data-literacy-charta-als-grundlage-fuer-datenkompetenz\\\/#primaryimage\"},\"thumbnailUrl\":\"https:\\\/\\\/news.save.ch\\\/wp-content\\\/uploads\\\/2024\\\/05\\\/Depositphotos_43443031_S.jpg\",\"datePublished\":\"2024-05-20T11:53:36+00:00\",\"dateModified\":\"2024-05-22T09:11:25+00:00\",\"description\":\"Die Akademien der Wissenschaften Schweiz ver\u00f6ffentlichen eine Data-Literacy-Charta f\u00fcr die Schweiz.\",\"breadcrumb\":{\"@id\":\"https:\\\/\\\/news.save.ch\\\/schweizer-data-literacy-charta-als-grundlage-fuer-datenkompetenz\\\/#breadcrumb\"},\"inLanguage\":\"fr-FR\",\"potentialAction\":[{\"@type\":\"ReadAction\",\"target\":[\"https:\\\/\\\/news.save.ch\\\/schweizer-data-literacy-charta-als-grundlage-fuer-datenkompetenz\\\/\"]}]},{\"@type\":\"ImageObject\",\"inLanguage\":\"fr-FR\",\"@id\":\"https:\\\/\\\/news.save.ch\\\/schweizer-data-literacy-charta-als-grundlage-fuer-datenkompetenz\\\/#primaryimage\",\"url\":\"https:\\\/\\\/news.save.ch\\\/wp-content\\\/uploads\\\/2024\\\/05\\\/Depositphotos_43443031_S.jpg\",\"contentUrl\":\"https:\\\/\\\/news.save.ch\\\/wp-content\\\/uploads\\\/2024\\\/05\\\/Depositphotos_43443031_S.jpg\",\"width\":1000,\"height\":667,\"caption\":\"Bild: Depositphotos\\\/beawolf\"},{\"@type\":\"BreadcrumbList\",\"@id\":\"https:\\\/\\\/news.save.ch\\\/schweizer-data-literacy-charta-als-grundlage-fuer-datenkompetenz\\\/#breadcrumb\",\"itemListElement\":[{\"@type\":\"ListItem\",\"position\":1,\"name\":\"Home\",\"item\":\"https:\\\/\\\/news.save.ch\\\/de\\\/\"},{\"@type\":\"ListItem\",\"position\":2,\"name\":\"Schweizer Data-Literacy-Charta als Grundlage f\u00fcr Datenkompetenz\u00a0\"}]},{\"@type\":\"WebSite\",\"@id\":\"https:\\\/\\\/news.save.ch\\\/de\\\/#website\",\"url\":\"https:\\\/\\\/news.save.ch\\\/de\\\/\",\"name\":\"Save\",\"description\":\"Schweizer Fachzeitschrift f\u00fcr Sicherheit\",\"publisher\":{\"@id\":\"https:\\\/\\\/news.save.ch\\\/de\\\/#organization\"},\"potentialAction\":[{\"@type\":\"SearchAction\",\"target\":{\"@type\":\"EntryPoint\",\"urlTemplate\":\"https:\\\/\\\/news.save.ch\\\/de\\\/?s={search_term_string}\"},\"query-input\":{\"@type\":\"PropertyValueSpecification\",\"valueRequired\":true,\"valueName\":\"search_term_string\"}}],\"inLanguage\":\"fr-FR\"},{\"@type\":\"Organization\",\"@id\":\"https:\\\/\\\/news.save.ch\\\/de\\\/#organization\",\"name\":\"Sicherheitsforum\",\"url\":\"https:\\\/\\\/news.save.ch\\\/de\\\/\",\"logo\":{\"@type\":\"ImageObject\",\"inLanguage\":\"fr-FR\",\"@id\":\"https:\\\/\\\/news.save.ch\\\/de\\\/#\\\/schema\\\/logo\\\/image\\\/\",\"url\":\"https:\\\/\\\/news.save.ch\\\/wp-content\\\/uploads\\\/2022\\\/06\\\/Logo_SF_2012.png\",\"contentUrl\":\"https:\\\/\\\/news.save.ch\\\/wp-content\\\/uploads\\\/2022\\\/06\\\/Logo_SF_2012.png\",\"width\":1100,\"height\":91,\"caption\":\"Sicherheitsforum\"},\"image\":{\"@id\":\"https:\\\/\\\/news.save.ch\\\/de\\\/#\\\/schema\\\/logo\\\/image\\\/\"}},{\"@type\":\"Person\",\"@id\":\"https:\\\/\\\/news.save.ch\\\/de\\\/#\\\/schema\\\/person\\\/10917387362b3961e882740f6cf6f2a2\",\"name\":\"stefanie Zeng\",\"image\":{\"@type\":\"ImageObject\",\"inLanguage\":\"fr-FR\",\"@id\":\"https:\\\/\\\/secure.gravatar.com\\\/avatar\\\/eac43faa6e40bb2c41068c95c9d78bbd94c476d5efdff7abaab80bb3ea681e06?s=96&d=mm&r=g\",\"url\":\"https:\\\/\\\/secure.gravatar.com\\\/avatar\\\/eac43faa6e40bb2c41068c95c9d78bbd94c476d5efdff7abaab80bb3ea681e06?s=96&d=mm&r=g\",\"contentUrl\":\"https:\\\/\\\/secure.gravatar.com\\\/avatar\\\/eac43faa6e40bb2c41068c95c9d78bbd94c476d5efdff7abaab80bb3ea681e06?s=96&d=mm&r=g\",\"caption\":\"stefanie Zeng\"},\"url\":\"https:\\\/\\\/news.save.ch\\\/fr\\\/author\\\/stefanie-zeng\\\/\"}]}<\/script>\n<!-- \/ Yoast SEO plugin. -->","yoast_head_json":{"title":"La Charte suisse de la litt\u00e9ratie de donn\u00e9es comme base de la comp\u00e9tence en mati\u00e8re de donn\u00e9es - Save","description":"Les Acad\u00e9mies suisses des sciences publient une charte de la data literacy pour la Suisse.","robots":{"index":"index","follow":"follow","max-snippet":"max-snippet:-1","max-image-preview":"max-image-preview:large","max-video-preview":"max-video-preview:-1"},"canonical":"https:\/\/news.save.ch\/fr\/schweizer-data-literacy-charta-als-grundlage-fuer-datenkompetenz\/","og_locale":"fr_FR","og_type":"article","og_title":"Schweizer Data-Literacy-Charta als Grundlage f\u00fcr Datenkompetenz\u00a0 - Save","og_description":"Die Akademien der Wissenschaften Schweiz ver\u00f6ffentlichen eine Data-Literacy-Charta f\u00fcr die Schweiz.","og_url":"https:\/\/news.save.ch\/fr\/schweizer-data-literacy-charta-als-grundlage-fuer-datenkompetenz\/","og_site_name":"Save","article_published_time":"2024-05-20T11:53:36+00:00","article_modified_time":"2024-05-22T09:11:25+00:00","og_image":[{"width":1000,"height":667,"url":"https:\/\/news.save.ch\/wp-content\/uploads\/2024\/05\/Depositphotos_43443031_S.jpg","type":"image\/jpeg"}],"author":"stefanie Zeng","twitter_card":"summary_large_image","twitter_misc":{"\u00c9crit par":"stefanie Zeng","Dur\u00e9e de lecture estim\u00e9e":"3 minutes"},"schema":{"@context":"https:\/\/schema.org","@graph":[{"@type":"Article","@id":"https:\/\/news.save.ch\/schweizer-data-literacy-charta-als-grundlage-fuer-datenkompetenz\/#article","isPartOf":{"@id":"https:\/\/news.save.ch\/schweizer-data-literacy-charta-als-grundlage-fuer-datenkompetenz\/"},"author":{"name":"stefanie Zeng","@id":"https:\/\/news.save.ch\/de\/#\/schema\/person\/10917387362b3961e882740f6cf6f2a2"},"headline":"Schweizer Data-Literacy-Charta als Grundlage f\u00fcr Datenkompetenz\u00a0","datePublished":"2024-05-20T11:53:36+00:00","dateModified":"2024-05-22T09:11:25+00:00","mainEntityOfPage":{"@id":"https:\/\/news.save.ch\/schweizer-data-literacy-charta-als-grundlage-fuer-datenkompetenz\/"},"wordCount":489,"publisher":{"@id":"https:\/\/news.save.ch\/de\/#organization"},"image":{"@id":"https:\/\/news.save.ch\/schweizer-data-literacy-charta-als-grundlage-fuer-datenkompetenz\/#primaryimage"},"thumbnailUrl":"https:\/\/news.save.ch\/wp-content\/uploads\/2024\/05\/Depositphotos_43443031_S.jpg","keywords":["Data Literacy","Datenkompetenz","Datenschutz"],"articleSection":["DIGITALISIERUNG"],"inLanguage":"fr-FR"},{"@type":"WebPage","@id":"https:\/\/news.save.ch\/schweizer-data-literacy-charta-als-grundlage-fuer-datenkompetenz\/","url":"https:\/\/news.save.ch\/schweizer-data-literacy-charta-als-grundlage-fuer-datenkompetenz\/","name":"La Charte suisse de la litt\u00e9ratie de donn\u00e9es comme base de la comp\u00e9tence en mati\u00e8re de donn\u00e9es - Save","isPartOf":{"@id":"https:\/\/news.save.ch\/de\/#website"},"primaryImageOfPage":{"@id":"https:\/\/news.save.ch\/schweizer-data-literacy-charta-als-grundlage-fuer-datenkompetenz\/#primaryimage"},"image":{"@id":"https:\/\/news.save.ch\/schweizer-data-literacy-charta-als-grundlage-fuer-datenkompetenz\/#primaryimage"},"thumbnailUrl":"https:\/\/news.save.ch\/wp-content\/uploads\/2024\/05\/Depositphotos_43443031_S.jpg","datePublished":"2024-05-20T11:53:36+00:00","dateModified":"2024-05-22T09:11:25+00:00","description":"Les Acad\u00e9mies suisses des sciences publient une charte de la data literacy pour la Suisse.","breadcrumb":{"@id":"https:\/\/news.save.ch\/schweizer-data-literacy-charta-als-grundlage-fuer-datenkompetenz\/#breadcrumb"},"inLanguage":"fr-FR","potentialAction":[{"@type":"ReadAction","target":["https:\/\/news.save.ch\/schweizer-data-literacy-charta-als-grundlage-fuer-datenkompetenz\/"]}]},{"@type":"ImageObject","inLanguage":"fr-FR","@id":"https:\/\/news.save.ch\/schweizer-data-literacy-charta-als-grundlage-fuer-datenkompetenz\/#primaryimage","url":"https:\/\/news.save.ch\/wp-content\/uploads\/2024\/05\/Depositphotos_43443031_S.jpg","contentUrl":"https:\/\/news.save.ch\/wp-content\/uploads\/2024\/05\/Depositphotos_43443031_S.jpg","width":1000,"height":667,"caption":"Bild: Depositphotos\/beawolf"},{"@type":"BreadcrumbList","@id":"https:\/\/news.save.ch\/schweizer-data-literacy-charta-als-grundlage-fuer-datenkompetenz\/#breadcrumb","itemListElement":[{"@type":"ListItem","position":1,"name":"Home","item":"https:\/\/news.save.ch\/de\/"},{"@type":"ListItem","position":2,"name":"Schweizer Data-Literacy-Charta als Grundlage f\u00fcr Datenkompetenz\u00a0"}]},{"@type":"WebSite","@id":"https:\/\/news.save.ch\/de\/#website","url":"https:\/\/news.save.ch\/de\/","name":"Save","description":"Revue suisse sp\u00e9cialis\u00e9e dans la s\u00e9curit\u00e9","publisher":{"@id":"https:\/\/news.save.ch\/de\/#organization"},"potentialAction":[{"@type":"SearchAction","target":{"@type":"EntryPoint","urlTemplate":"https:\/\/news.save.ch\/de\/?s={search_term_string}"},"query-input":{"@type":"PropertyValueSpecification","valueRequired":true,"valueName":"search_term_string"}}],"inLanguage":"fr-FR"},{"@type":"Organization","@id":"https:\/\/news.save.ch\/de\/#organization","name":"Forum sur la s\u00e9curit\u00e9","url":"https:\/\/news.save.ch\/de\/","logo":{"@type":"ImageObject","inLanguage":"fr-FR","@id":"https:\/\/news.save.ch\/de\/#\/schema\/logo\/image\/","url":"https:\/\/news.save.ch\/wp-content\/uploads\/2022\/06\/Logo_SF_2012.png","contentUrl":"https:\/\/news.save.ch\/wp-content\/uploads\/2022\/06\/Logo_SF_2012.png","width":1100,"height":91,"caption":"Sicherheitsforum"},"image":{"@id":"https:\/\/news.save.ch\/de\/#\/schema\/logo\/image\/"}},{"@type":"Person","@id":"https:\/\/news.save.ch\/de\/#\/schema\/person\/10917387362b3961e882740f6cf6f2a2","name":"stefanie Zeng","image":{"@type":"ImageObject","inLanguage":"fr-FR","@id":"https:\/\/secure.gravatar.com\/avatar\/eac43faa6e40bb2c41068c95c9d78bbd94c476d5efdff7abaab80bb3ea681e06?s=96&d=mm&r=g","url":"https:\/\/secure.gravatar.com\/avatar\/eac43faa6e40bb2c41068c95c9d78bbd94c476d5efdff7abaab80bb3ea681e06?s=96&d=mm&r=g","contentUrl":"https:\/\/secure.gravatar.com\/avatar\/eac43faa6e40bb2c41068c95c9d78bbd94c476d5efdff7abaab80bb3ea681e06?s=96&d=mm&r=g","caption":"stefanie Zeng"},"url":"https:\/\/news.save.ch\/fr\/author\/stefanie-zeng\/"}]}},"_links":{"self":[{"href":"https:\/\/news.save.ch\/fr\/wp-json\/wp\/v2\/posts\/23114","targetHints":{"allow":["GET"]}}],"collection":[{"href":"https:\/\/news.save.ch\/fr\/wp-json\/wp\/v2\/posts"}],"about":[{"href":"https:\/\/news.save.ch\/fr\/wp-json\/wp\/v2\/types\/post"}],"author":[{"embeddable":true,"href":"https:\/\/news.save.ch\/fr\/wp-json\/wp\/v2\/users\/31"}],"replies":[{"embeddable":true,"href":"https:\/\/news.save.ch\/fr\/wp-json\/wp\/v2\/comments?post=23114"}],"version-history":[{"count":2,"href":"https:\/\/news.save.ch\/fr\/wp-json\/wp\/v2\/posts\/23114\/revisions"}],"predecessor-version":[{"id":23148,"href":"https:\/\/news.save.ch\/fr\/wp-json\/wp\/v2\/posts\/23114\/revisions\/23148"}],"wp:featuredmedia":[{"embeddable":true,"href":"https:\/\/news.save.ch\/fr\/wp-json\/wp\/v2\/media\/23115"}],"wp:attachment":[{"href":"https:\/\/news.save.ch\/fr\/wp-json\/wp\/v2\/media?parent=23114"}],"wp:term":[{"taxonomy":"category","embeddable":true,"href":"https:\/\/news.save.ch\/fr\/wp-json\/wp\/v2\/categories?post=23114"},{"taxonomy":"post_tag","embeddable":true,"href":"https:\/\/news.save.ch\/fr\/wp-json\/wp\/v2\/tags?post=23114"}],"curies":[{"name":"wp","href":"https:\/\/api.w.org\/{rel}","templated":true}]}}