{"id":23118,"date":"2024-05-16T17:14:29","date_gmt":"2024-05-16T15:14:29","guid":{"rendered":"https:\/\/news.save.ch\/?p=23118"},"modified":"2024-05-21T17:14:41","modified_gmt":"2024-05-21T15:14:41","slug":"mehr-umsatz-bei-siemens-in-der-schweiz","status":null,"type":"post","link":"https:\/\/news.save.ch\/fr\/mehr-umsatz-bei-siemens-in-der-schweiz\/","title":{"rendered":"Augmentation du chiffre d'affaires de Siemens en Suisse"},"content":{"rendered":"<div>\n<figure id=\"attachment_23119\" aria-describedby=\"caption-attachment-23119\" style=\"width: 1036px\" class=\"wp-caption alignnone\"><img loading=\"lazy\" decoding=\"async\" class=\"wp-image-23119 size-full\" src=\"https:\/\/news.save.ch\/wp-content\/uploads\/2024\/05\/im2018120119bt_300dpi_small.jpeg\" alt=\"\" width=\"1036\" height=\"777\" srcset=\"https:\/\/news.save.ch\/wp-content\/uploads\/2024\/05\/im2018120119bt_300dpi_small.jpeg 1036w, https:\/\/news.save.ch\/wp-content\/uploads\/2024\/05\/im2018120119bt_300dpi_small-680x510.jpeg 680w, https:\/\/news.save.ch\/wp-content\/uploads\/2024\/05\/im2018120119bt_300dpi_small-1024x768.jpeg 1024w, https:\/\/news.save.ch\/wp-content\/uploads\/2024\/05\/im2018120119bt_300dpi_small-768x576.jpeg 768w, https:\/\/news.save.ch\/wp-content\/uploads\/2024\/05\/im2018120119bt_300dpi_small-16x12.jpeg 16w, https:\/\/news.save.ch\/wp-content\/uploads\/2024\/05\/im2018120119bt_300dpi_small-375x281.jpeg 375w, https:\/\/news.save.ch\/wp-content\/uploads\/2024\/05\/im2018120119bt_300dpi_small-467x350.jpeg 467w, https:\/\/news.save.ch\/wp-content\/uploads\/2024\/05\/im2018120119bt_300dpi_small-1000x750.jpeg 1000w\" sizes=\"auto, (max-width: 1036px) 100vw, 1036px\" \/><figcaption id=\"caption-attachment-23119\" class=\"wp-caption-text\">Photo : Siemens<\/figcaption><\/figure>\n<\/div>\n<div><\/div>\n<div>En tant que l'un des plus grands employeurs technologiques du pays, Siemens emploie plus de 5900 collaborateurs en Suisse. L'\u00e9volution positive des affaires de Siemens en Suisse est largement aliment\u00e9e par les produits et solutions num\u00e9riques du portefeuille Siemens Xcelerator, qui aident les clients \u00e0 atteindre leurs objectifs de durabilit\u00e9 et de num\u00e9risation.<\/div>\n<div><\/div>\n<div>\"Nos technologies relient le monde num\u00e9rique au monde r\u00e9el\", explique Matthias Rebellius, responsable de la Suisse au sein du comit\u00e9 directeur mondial de Siemens. \"Avec nos solutions et nos syst\u00e8mes, nous permettons \u00e0 nos clients d'apporter une contribution positive au d\u00e9veloppement durable, et je suis fier que nous soyons en bonne voie pour atteindre les objectifs z\u00e9ro net d'ici 2030, y compris pour nos propres op\u00e9rations\", explique Rebellius.<\/div>\n<div><\/div>\n<div class=\"f-text\">Au cours de l'exercice en cours, Siemens a pu mettre en \u0153uvre en Suisse un grand nombre de projets clients porteurs d'avenir. Le Switzerland Innovation Park Biel\/Bienne, par exemple, a lanc\u00e9 une offre in\u00e9dite pour une gestion efficace des \u00e9missions dans les entreprises industrielles et mise pour cela sur la technologie Siemens. La solution logicielle SiGREEN, qui fait partie du portefeuille Xcelerator de Siemens, utilise des donn\u00e9es r\u00e9elles d\u00e9taill\u00e9es pour saisir l'empreinte carbone des biens industriels. Les valeurs d'\u00e9mission des produits tout au long de la cha\u00eene d'approvisionnement deviennent ainsi un instrument de mesure et de contr\u00f4le efficace. Une entreprise de production peut ainsi identifier et mettre en \u0153uvre des mesures d'optimisation cibl\u00e9es dans le processus de production.<\/div>\n<div><\/div>\n<div class=\"f-text\">Siemens a pu mettre en \u0153uvre un autre projet innovant avec la Matterhorn-Gotthard Bahn. Apr\u00e8s un projet pilote r\u00e9ussi, l'entreprise ferroviaire a impl\u00e9ment\u00e9 l'outil RailXplore ATM de Siemens Mobility sur l'ensemble de son r\u00e9seau. D'ici fin 2024, 18 stations et pr\u00e8s de 170 aiguillages seront \u00e9quip\u00e9s d'une solution num\u00e9rique de diagnostic des aiguillages. Le syst\u00e8me surveille en permanence l'\u00e9tat des aiguillages afin d'identifier les probl\u00e8mes avant m\u00eame qu'ils ne surviennent. Cela permet de minimiser les temps d'arr\u00eat, d'augmenter la fiabilit\u00e9 des aiguillages et d'am\u00e9liorer l'efficacit\u00e9 des processus de maintenance.<\/div>\n<div><\/div>\n<div class=\"f-text\">Gerd Scheller, Country CEO de Siemens Suisse, est \u00e9galement satisfait de la marche des affaires : \"Le progr\u00e8s technologique se poursuit de mani\u00e8re tr\u00e8s dynamique et contribue \u00e0 rendre notre monde plus durable et \u00e0 nous d\u00e9velopper en tant qu'entreprise. Gr\u00e2ce \u00e0 nos solutions num\u00e9riques du portefeuille Xcelerator de Siemens, nous pouvons contribuer de mani\u00e8re d\u00e9cisive au d\u00e9veloppement durable dans toutes nos activit\u00e9s\", a d\u00e9clar\u00e9 Scheller.<\/div>\n<div><\/div>\n<div class=\"f-text\">En Suisse, Siemens occupe une position forte sur le march\u00e9 de la technique du b\u00e2timent et de la distribution d'\u00e9nergie (Smart Infrastructure) ainsi que sur celui de la technique industrielle et des entra\u00eenements (Digital Industries et Siemens Industries Software). L'entreprise d\u00e9tient \u00e9galement une position de leader dans la technique ferroviaire (Siemens Mobility). Siemens est en outre le propri\u00e9taire majoritaire de Siemens Healthineers, un fournisseur leader dans le domaine de la technique m\u00e9dicale avec une forte pr\u00e9sence en Suisse. Siemens Energy est une entreprise g\u00e9r\u00e9e s\u00e9par\u00e9ment dans le domaine du transport et de la production d'\u00e9nergie, qui est \u00e9galement active en Suisse. Siemens d\u00e9tient une participation minoritaire dans Siemens Energy.<\/div>\n<div>\n<div class=\"mceTemp\"><\/div>\n<\/div>\n<div class=\"f-text\">Les activit\u00e9s mondiales de Siemens Smart Infrastructure (SI) sont pilot\u00e9es depuis le si\u00e8ge principal \u00e0 Zoug. En tant que CEO, Matthias Rebellius dirige cette activit\u00e9 mondiale qui emploie environ 75 000 personnes.<\/div>","protected":false},"excerpt":{"rendered":"<p>Als einer der gr\u00f6ssten Technologiearbeitgeber im Land besch\u00e4ftigt Siemens mehr als 5900 Mitarbeitende in der Schweiz. Die positive Gesch\u00e4ftsentwicklung von Siemens in der Schweiz wird massgeblich durch digitale Produkte und L\u00f6sungen aus dem Siemens Xcelerator-Portfolio getrieben, welche Kundinnen und Kunden bei der Erreichung ihrer Nachhaltigkeits- und Digitalisierungsziele unterst\u00fctzen. \u00abUnsere Technologien verbinden die digitale Welt mit [&hellip;]<\/p>\n","protected":false},"author":31,"featured_media":23119,"comment_status":"closed","ping_status":"closed","sticky":false,"template":"","format":"standard","meta":{"_acf_changed":false,"pgc_sgb_lightbox_settings":"","footnotes":""},"categories":[3317],"tags":[3368,518],"class_list":["post-23118","post","type-post","status-publish","format-standard","has-post-thumbnail","hentry","category-friends","tag-siemens-schweiz","tag-umsatzzahlen"],"acf":[],"hkrextid":null,"publication":null,"issue":null,"workflow":null,"startPage":null,"spitzmarke":null,"_posts_by_tag_page_fields":null,"_at_widget":null,"_yoast_wpseo_primary_category":"3317","_yoast_wpseo_focuskw_text_input":null,"_yoast_wpseo_opengraph-image":null,"_yoast_wpseo_opengraph-description":null,"_yoast_wpseo_opengraph-title":null,"enclosure":null,"_yoast_wpseo_twitter-title":null,"_yoast_wpseo_twitter-description":null,"_yoast_wpseo_twitter-image":null,"_wp_old_slug":null,"_yoast_wpseo_title":null,"_yoast_wpseo_canonical":null,"yoast_head":"<!-- This site is optimized with the Yoast SEO plugin v27.5 - https:\/\/yoast.com\/product\/yoast-seo-wordpress\/ -->\n<title>Mehr Umsatz bei Siemens in der Schweiz - Save<\/title>\n<meta name=\"description\" content=\"Siemens konnte in den ersten sechs Monaten des laufenden Gesch\u00e4ftsjahres 2024 den Umsatz in der Schweiz erneut steigern.\" \/>\n<meta name=\"robots\" content=\"index, follow, max-snippet:-1, max-image-preview:large, max-video-preview:-1\" \/>\n<link rel=\"canonical\" href=\"https:\/\/news.save.ch\/fr\/mehr-umsatz-bei-siemens-in-der-schweiz\/\" \/>\n<meta property=\"og:locale\" content=\"fr_FR\" \/>\n<meta property=\"og:type\" content=\"article\" \/>\n<meta property=\"og:title\" content=\"Mehr Umsatz bei Siemens in der Schweiz - Save\" \/>\n<meta property=\"og:description\" content=\"Siemens konnte in den ersten sechs Monaten des laufenden Gesch\u00e4ftsjahres 2024 den Umsatz in der Schweiz erneut steigern.\" \/>\n<meta property=\"og:url\" content=\"https:\/\/news.save.ch\/fr\/mehr-umsatz-bei-siemens-in-der-schweiz\/\" \/>\n<meta property=\"og:site_name\" content=\"Save\" \/>\n<meta property=\"article:published_time\" content=\"2024-05-16T15:14:29+00:00\" \/>\n<meta property=\"article:modified_time\" content=\"2024-05-21T15:14:41+00:00\" \/>\n<meta property=\"og:image\" content=\"https:\/\/news.save.ch\/wp-content\/uploads\/2024\/05\/im2018120119bt_300dpi_small.jpeg\" \/>\n\t<meta property=\"og:image:width\" content=\"1036\" \/>\n\t<meta property=\"og:image:height\" content=\"777\" \/>\n\t<meta property=\"og:image:type\" content=\"image\/jpeg\" \/>\n<meta name=\"author\" content=\"stefanie Zeng\" \/>\n<meta name=\"twitter:card\" content=\"summary_large_image\" \/>\n<meta name=\"twitter:label1\" content=\"\u00c9crit par\" \/>\n\t<meta name=\"twitter:data1\" content=\"stefanie Zeng\" \/>\n\t<meta name=\"twitter:label2\" content=\"Dur\u00e9e de lecture estim\u00e9e\" \/>\n\t<meta name=\"twitter:data2\" content=\"3 minutes\" \/>\n<script type=\"application\/ld+json\" class=\"yoast-schema-graph\">{\"@context\":\"https:\\\/\\\/schema.org\",\"@graph\":[{\"@type\":\"Article\",\"@id\":\"https:\\\/\\\/news.save.ch\\\/mehr-umsatz-bei-siemens-in-der-schweiz\\\/#article\",\"isPartOf\":{\"@id\":\"https:\\\/\\\/news.save.ch\\\/mehr-umsatz-bei-siemens-in-der-schweiz\\\/\"},\"author\":{\"name\":\"stefanie Zeng\",\"@id\":\"https:\\\/\\\/news.save.ch\\\/de\\\/#\\\/schema\\\/person\\\/10917387362b3961e882740f6cf6f2a2\"},\"headline\":\"Mehr Umsatz bei Siemens in der Schweiz\",\"datePublished\":\"2024-05-16T15:14:29+00:00\",\"dateModified\":\"2024-05-21T15:14:41+00:00\",\"mainEntityOfPage\":{\"@id\":\"https:\\\/\\\/news.save.ch\\\/mehr-umsatz-bei-siemens-in-der-schweiz\\\/\"},\"wordCount\":483,\"publisher\":{\"@id\":\"https:\\\/\\\/news.save.ch\\\/de\\\/#organization\"},\"image\":{\"@id\":\"https:\\\/\\\/news.save.ch\\\/mehr-umsatz-bei-siemens-in-der-schweiz\\\/#primaryimage\"},\"thumbnailUrl\":\"https:\\\/\\\/news.save.ch\\\/wp-content\\\/uploads\\\/2024\\\/05\\\/im2018120119bt_300dpi_small.jpeg\",\"keywords\":[\"Siemens Schweiz\",\"Umsatzzahlen\"],\"articleSection\":[\"FRIENDS\"],\"inLanguage\":\"fr-FR\"},{\"@type\":\"WebPage\",\"@id\":\"https:\\\/\\\/news.save.ch\\\/mehr-umsatz-bei-siemens-in-der-schweiz\\\/\",\"url\":\"https:\\\/\\\/news.save.ch\\\/mehr-umsatz-bei-siemens-in-der-schweiz\\\/\",\"name\":\"Mehr Umsatz bei Siemens in der Schweiz - Save\",\"isPartOf\":{\"@id\":\"https:\\\/\\\/news.save.ch\\\/de\\\/#website\"},\"primaryImageOfPage\":{\"@id\":\"https:\\\/\\\/news.save.ch\\\/mehr-umsatz-bei-siemens-in-der-schweiz\\\/#primaryimage\"},\"image\":{\"@id\":\"https:\\\/\\\/news.save.ch\\\/mehr-umsatz-bei-siemens-in-der-schweiz\\\/#primaryimage\"},\"thumbnailUrl\":\"https:\\\/\\\/news.save.ch\\\/wp-content\\\/uploads\\\/2024\\\/05\\\/im2018120119bt_300dpi_small.jpeg\",\"datePublished\":\"2024-05-16T15:14:29+00:00\",\"dateModified\":\"2024-05-21T15:14:41+00:00\",\"description\":\"Siemens konnte in den ersten sechs Monaten des laufenden Gesch\u00e4ftsjahres 2024 den Umsatz in der Schweiz erneut steigern.\",\"breadcrumb\":{\"@id\":\"https:\\\/\\\/news.save.ch\\\/mehr-umsatz-bei-siemens-in-der-schweiz\\\/#breadcrumb\"},\"inLanguage\":\"fr-FR\",\"potentialAction\":[{\"@type\":\"ReadAction\",\"target\":[\"https:\\\/\\\/news.save.ch\\\/mehr-umsatz-bei-siemens-in-der-schweiz\\\/\"]}]},{\"@type\":\"ImageObject\",\"inLanguage\":\"fr-FR\",\"@id\":\"https:\\\/\\\/news.save.ch\\\/mehr-umsatz-bei-siemens-in-der-schweiz\\\/#primaryimage\",\"url\":\"https:\\\/\\\/news.save.ch\\\/wp-content\\\/uploads\\\/2024\\\/05\\\/im2018120119bt_300dpi_small.jpeg\",\"contentUrl\":\"https:\\\/\\\/news.save.ch\\\/wp-content\\\/uploads\\\/2024\\\/05\\\/im2018120119bt_300dpi_small.jpeg\",\"width\":1036,\"height\":777,\"caption\":\"Foto: Siemens\"},{\"@type\":\"BreadcrumbList\",\"@id\":\"https:\\\/\\\/news.save.ch\\\/mehr-umsatz-bei-siemens-in-der-schweiz\\\/#breadcrumb\",\"itemListElement\":[{\"@type\":\"ListItem\",\"position\":1,\"name\":\"Home\",\"item\":\"https:\\\/\\\/news.save.ch\\\/de\\\/\"},{\"@type\":\"ListItem\",\"position\":2,\"name\":\"Mehr Umsatz bei Siemens in der Schweiz\"}]},{\"@type\":\"WebSite\",\"@id\":\"https:\\\/\\\/news.save.ch\\\/de\\\/#website\",\"url\":\"https:\\\/\\\/news.save.ch\\\/de\\\/\",\"name\":\"Save\",\"description\":\"Schweizer Fachzeitschrift f\u00fcr Sicherheit\",\"publisher\":{\"@id\":\"https:\\\/\\\/news.save.ch\\\/de\\\/#organization\"},\"potentialAction\":[{\"@type\":\"SearchAction\",\"target\":{\"@type\":\"EntryPoint\",\"urlTemplate\":\"https:\\\/\\\/news.save.ch\\\/de\\\/?s={search_term_string}\"},\"query-input\":{\"@type\":\"PropertyValueSpecification\",\"valueRequired\":true,\"valueName\":\"search_term_string\"}}],\"inLanguage\":\"fr-FR\"},{\"@type\":\"Organization\",\"@id\":\"https:\\\/\\\/news.save.ch\\\/de\\\/#organization\",\"name\":\"Sicherheitsforum\",\"url\":\"https:\\\/\\\/news.save.ch\\\/de\\\/\",\"logo\":{\"@type\":\"ImageObject\",\"inLanguage\":\"fr-FR\",\"@id\":\"https:\\\/\\\/news.save.ch\\\/de\\\/#\\\/schema\\\/logo\\\/image\\\/\",\"url\":\"https:\\\/\\\/news.save.ch\\\/wp-content\\\/uploads\\\/2022\\\/06\\\/Logo_SF_2012.png\",\"contentUrl\":\"https:\\\/\\\/news.save.ch\\\/wp-content\\\/uploads\\\/2022\\\/06\\\/Logo_SF_2012.png\",\"width\":1100,\"height\":91,\"caption\":\"Sicherheitsforum\"},\"image\":{\"@id\":\"https:\\\/\\\/news.save.ch\\\/de\\\/#\\\/schema\\\/logo\\\/image\\\/\"}},{\"@type\":\"Person\",\"@id\":\"https:\\\/\\\/news.save.ch\\\/de\\\/#\\\/schema\\\/person\\\/10917387362b3961e882740f6cf6f2a2\",\"name\":\"stefanie Zeng\",\"image\":{\"@type\":\"ImageObject\",\"inLanguage\":\"fr-FR\",\"@id\":\"https:\\\/\\\/secure.gravatar.com\\\/avatar\\\/eac43faa6e40bb2c41068c95c9d78bbd94c476d5efdff7abaab80bb3ea681e06?s=96&d=mm&r=g\",\"url\":\"https:\\\/\\\/secure.gravatar.com\\\/avatar\\\/eac43faa6e40bb2c41068c95c9d78bbd94c476d5efdff7abaab80bb3ea681e06?s=96&d=mm&r=g\",\"contentUrl\":\"https:\\\/\\\/secure.gravatar.com\\\/avatar\\\/eac43faa6e40bb2c41068c95c9d78bbd94c476d5efdff7abaab80bb3ea681e06?s=96&d=mm&r=g\",\"caption\":\"stefanie Zeng\"},\"url\":\"https:\\\/\\\/news.save.ch\\\/fr\\\/author\\\/stefanie-zeng\\\/\"}]}<\/script>\n<!-- \/ Yoast SEO plugin. -->","yoast_head_json":{"title":"Augmentation du chiffre d'affaires de Siemens en Suisse - Save","description":"Siemens a de nouveau augment\u00e9 son chiffre d'affaires en Suisse au cours des six premiers mois de l'exercice en cours 2024.","robots":{"index":"index","follow":"follow","max-snippet":"max-snippet:-1","max-image-preview":"max-image-preview:large","max-video-preview":"max-video-preview:-1"},"canonical":"https:\/\/news.save.ch\/fr\/mehr-umsatz-bei-siemens-in-der-schweiz\/","og_locale":"fr_FR","og_type":"article","og_title":"Mehr Umsatz bei Siemens in der Schweiz - Save","og_description":"Siemens konnte in den ersten sechs Monaten des laufenden Gesch\u00e4ftsjahres 2024 den Umsatz in der Schweiz erneut steigern.","og_url":"https:\/\/news.save.ch\/fr\/mehr-umsatz-bei-siemens-in-der-schweiz\/","og_site_name":"Save","article_published_time":"2024-05-16T15:14:29+00:00","article_modified_time":"2024-05-21T15:14:41+00:00","og_image":[{"width":1036,"height":777,"url":"https:\/\/news.save.ch\/wp-content\/uploads\/2024\/05\/im2018120119bt_300dpi_small.jpeg","type":"image\/jpeg"}],"author":"stefanie Zeng","twitter_card":"summary_large_image","twitter_misc":{"\u00c9crit par":"stefanie Zeng","Dur\u00e9e de lecture estim\u00e9e":"3 minutes"},"schema":{"@context":"https:\/\/schema.org","@graph":[{"@type":"Article","@id":"https:\/\/news.save.ch\/mehr-umsatz-bei-siemens-in-der-schweiz\/#article","isPartOf":{"@id":"https:\/\/news.save.ch\/mehr-umsatz-bei-siemens-in-der-schweiz\/"},"author":{"name":"stefanie Zeng","@id":"https:\/\/news.save.ch\/de\/#\/schema\/person\/10917387362b3961e882740f6cf6f2a2"},"headline":"Mehr Umsatz bei Siemens in der Schweiz","datePublished":"2024-05-16T15:14:29+00:00","dateModified":"2024-05-21T15:14:41+00:00","mainEntityOfPage":{"@id":"https:\/\/news.save.ch\/mehr-umsatz-bei-siemens-in-der-schweiz\/"},"wordCount":483,"publisher":{"@id":"https:\/\/news.save.ch\/de\/#organization"},"image":{"@id":"https:\/\/news.save.ch\/mehr-umsatz-bei-siemens-in-der-schweiz\/#primaryimage"},"thumbnailUrl":"https:\/\/news.save.ch\/wp-content\/uploads\/2024\/05\/im2018120119bt_300dpi_small.jpeg","keywords":["Siemens Schweiz","Umsatzzahlen"],"articleSection":["FRIENDS"],"inLanguage":"fr-FR"},{"@type":"WebPage","@id":"https:\/\/news.save.ch\/mehr-umsatz-bei-siemens-in-der-schweiz\/","url":"https:\/\/news.save.ch\/mehr-umsatz-bei-siemens-in-der-schweiz\/","name":"Augmentation du chiffre d'affaires de Siemens en Suisse - Save","isPartOf":{"@id":"https:\/\/news.save.ch\/de\/#website"},"primaryImageOfPage":{"@id":"https:\/\/news.save.ch\/mehr-umsatz-bei-siemens-in-der-schweiz\/#primaryimage"},"image":{"@id":"https:\/\/news.save.ch\/mehr-umsatz-bei-siemens-in-der-schweiz\/#primaryimage"},"thumbnailUrl":"https:\/\/news.save.ch\/wp-content\/uploads\/2024\/05\/im2018120119bt_300dpi_small.jpeg","datePublished":"2024-05-16T15:14:29+00:00","dateModified":"2024-05-21T15:14:41+00:00","description":"Siemens a de nouveau augment\u00e9 son chiffre d'affaires en Suisse au cours des six premiers mois de l'exercice en cours 2024.","breadcrumb":{"@id":"https:\/\/news.save.ch\/mehr-umsatz-bei-siemens-in-der-schweiz\/#breadcrumb"},"inLanguage":"fr-FR","potentialAction":[{"@type":"ReadAction","target":["https:\/\/news.save.ch\/mehr-umsatz-bei-siemens-in-der-schweiz\/"]}]},{"@type":"ImageObject","inLanguage":"fr-FR","@id":"https:\/\/news.save.ch\/mehr-umsatz-bei-siemens-in-der-schweiz\/#primaryimage","url":"https:\/\/news.save.ch\/wp-content\/uploads\/2024\/05\/im2018120119bt_300dpi_small.jpeg","contentUrl":"https:\/\/news.save.ch\/wp-content\/uploads\/2024\/05\/im2018120119bt_300dpi_small.jpeg","width":1036,"height":777,"caption":"Foto: Siemens"},{"@type":"BreadcrumbList","@id":"https:\/\/news.save.ch\/mehr-umsatz-bei-siemens-in-der-schweiz\/#breadcrumb","itemListElement":[{"@type":"ListItem","position":1,"name":"Home","item":"https:\/\/news.save.ch\/de\/"},{"@type":"ListItem","position":2,"name":"Mehr Umsatz bei Siemens in der Schweiz"}]},{"@type":"WebSite","@id":"https:\/\/news.save.ch\/de\/#website","url":"https:\/\/news.save.ch\/de\/","name":"Save","description":"Revue suisse sp\u00e9cialis\u00e9e dans la s\u00e9curit\u00e9","publisher":{"@id":"https:\/\/news.save.ch\/de\/#organization"},"potentialAction":[{"@type":"SearchAction","target":{"@type":"EntryPoint","urlTemplate":"https:\/\/news.save.ch\/de\/?s={search_term_string}"},"query-input":{"@type":"PropertyValueSpecification","valueRequired":true,"valueName":"search_term_string"}}],"inLanguage":"fr-FR"},{"@type":"Organization","@id":"https:\/\/news.save.ch\/de\/#organization","name":"Forum sur la s\u00e9curit\u00e9","url":"https:\/\/news.save.ch\/de\/","logo":{"@type":"ImageObject","inLanguage":"fr-FR","@id":"https:\/\/news.save.ch\/de\/#\/schema\/logo\/image\/","url":"https:\/\/news.save.ch\/wp-content\/uploads\/2022\/06\/Logo_SF_2012.png","contentUrl":"https:\/\/news.save.ch\/wp-content\/uploads\/2022\/06\/Logo_SF_2012.png","width":1100,"height":91,"caption":"Sicherheitsforum"},"image":{"@id":"https:\/\/news.save.ch\/de\/#\/schema\/logo\/image\/"}},{"@type":"Person","@id":"https:\/\/news.save.ch\/de\/#\/schema\/person\/10917387362b3961e882740f6cf6f2a2","name":"stefanie Zeng","image":{"@type":"ImageObject","inLanguage":"fr-FR","@id":"https:\/\/secure.gravatar.com\/avatar\/eac43faa6e40bb2c41068c95c9d78bbd94c476d5efdff7abaab80bb3ea681e06?s=96&d=mm&r=g","url":"https:\/\/secure.gravatar.com\/avatar\/eac43faa6e40bb2c41068c95c9d78bbd94c476d5efdff7abaab80bb3ea681e06?s=96&d=mm&r=g","contentUrl":"https:\/\/secure.gravatar.com\/avatar\/eac43faa6e40bb2c41068c95c9d78bbd94c476d5efdff7abaab80bb3ea681e06?s=96&d=mm&r=g","caption":"stefanie Zeng"},"url":"https:\/\/news.save.ch\/fr\/author\/stefanie-zeng\/"}]}},"_links":{"self":[{"href":"https:\/\/news.save.ch\/fr\/wp-json\/wp\/v2\/posts\/23118","targetHints":{"allow":["GET"]}}],"collection":[{"href":"https:\/\/news.save.ch\/fr\/wp-json\/wp\/v2\/posts"}],"about":[{"href":"https:\/\/news.save.ch\/fr\/wp-json\/wp\/v2\/types\/post"}],"author":[{"embeddable":true,"href":"https:\/\/news.save.ch\/fr\/wp-json\/wp\/v2\/users\/31"}],"replies":[{"embeddable":true,"href":"https:\/\/news.save.ch\/fr\/wp-json\/wp\/v2\/comments?post=23118"}],"version-history":[{"count":1,"href":"https:\/\/news.save.ch\/fr\/wp-json\/wp\/v2\/posts\/23118\/revisions"}],"predecessor-version":[{"id":23120,"href":"https:\/\/news.save.ch\/fr\/wp-json\/wp\/v2\/posts\/23118\/revisions\/23120"}],"wp:featuredmedia":[{"embeddable":true,"href":"https:\/\/news.save.ch\/fr\/wp-json\/wp\/v2\/media\/23119"}],"wp:attachment":[{"href":"https:\/\/news.save.ch\/fr\/wp-json\/wp\/v2\/media?parent=23118"}],"wp:term":[{"taxonomy":"category","embeddable":true,"href":"https:\/\/news.save.ch\/fr\/wp-json\/wp\/v2\/categories?post=23118"},{"taxonomy":"post_tag","embeddable":true,"href":"https:\/\/news.save.ch\/fr\/wp-json\/wp\/v2\/tags?post=23118"}],"curies":[{"name":"wp","href":"https:\/\/api.w.org\/{rel}","templated":true}]}}