{"id":23153,"date":"2024-05-29T15:44:59","date_gmt":"2024-05-29T13:44:59","guid":{"rendered":"https:\/\/news.save.ch\/?p=23153"},"modified":"2024-05-29T15:45:09","modified_gmt":"2024-05-29T13:45:09","slug":"webinar-die-zukunft-des-brandschutzes","status":null,"type":"post","link":"https:\/\/news.save.ch\/fr\/webinar-die-zukunft-des-brandschutzes\/","title":{"rendered":"Webinar : L'avenir de la s\u00e9curit\u00e9 incendie"},"content":{"rendered":"<figure id=\"attachment_23154\" aria-describedby=\"caption-attachment-23154\" style=\"width: 999px\" class=\"wp-caption alignnone\"><a href=\"https:\/\/news.save.ch\/fr\/webinar-die-zukunft-des-brandschutzes\/depositphotos_247501192_s\/\" rel=\"attachment wp-att-23154\"><img loading=\"lazy\" decoding=\"async\" class=\"size-full wp-image-23154\" src=\"https:\/\/news.save.ch\/wp-content\/uploads\/2024\/05\/Depositphotos_247501192_S.jpg\" alt=\"\" width=\"999\" height=\"667\" srcset=\"https:\/\/news.save.ch\/wp-content\/uploads\/2024\/05\/Depositphotos_247501192_S.jpg 999w, https:\/\/news.save.ch\/wp-content\/uploads\/2024\/05\/Depositphotos_247501192_S-680x454.jpg 680w, https:\/\/news.save.ch\/wp-content\/uploads\/2024\/05\/Depositphotos_247501192_S-768x513.jpg 768w, https:\/\/news.save.ch\/wp-content\/uploads\/2024\/05\/Depositphotos_247501192_S-18x12.jpg 18w, https:\/\/news.save.ch\/wp-content\/uploads\/2024\/05\/Depositphotos_247501192_S-375x250.jpg 375w, https:\/\/news.save.ch\/wp-content\/uploads\/2024\/05\/Depositphotos_247501192_S-524x350.jpg 524w\" sizes=\"auto, (max-width: 999px) 100vw, 999px\" \/><\/a><figcaption id=\"caption-attachment-23154\" class=\"wp-caption-text\">Depositphotos\/VitalikRadko<\/figcaption><\/figure>\n<p>&nbsp;<\/p>\n<p>La protection incendie sera red\u00e9finie en Suisse \u00e0 partir de 2026 : elle sera ax\u00e9e sur les risques et uniformis\u00e9e. Les nouvelles prescriptions seront structur\u00e9es en 10 titres (sections principales de la BSV 2026). Leur contenu constitue l'\u00e9pine dorsale d'une protection incendie moderne et orient\u00e9e vers l'avenir, ax\u00e9e sur la s\u00e9curit\u00e9 des personnes et des b\u00e2timents. Les 13 premiers articles des nouvelles prescriptions de protection incendie du premier titre constituent le fondement des nouvelles BSV 2026. Nous vous proposons un premier aper\u00e7u de premi\u00e8re main des futures prescriptions.<\/p>\n<p>Le webinaire est gratuit.\u00a0<a href=\"https:\/\/www.vkfausbildung.ch\/fortbildungen\/anlassdetail?tx_eddaylight_pi3%5Baction%5D=coreObjectResult&amp;tx_eddaylight_pi3%5BbackUrl%5D=https%3A%2F%2Fwww.vkfausbildung.ch%2Ffortbildungen&amp;tx_eddaylight_pi3%5Bcontroller%5D=CoreObject&amp;tx_eddaylight_pi3%5Bid%5D=4329&amp;tx_eddaylight_pi3%5BsecurityHash%5D=07d7f693b11aa65bd6a75c92d49c0627&amp;cHash=d5ac500c2ab8516c515e4d6b686b1d27\">vkfausbildung.ch<\/a><\/p>\n<p><em>Source : vkg.ch<\/em><\/p>","protected":false},"excerpt":{"rendered":"<p>&nbsp; Brandschutz wird in der Schweiz ab 2026 neu definiert: risikoorientiert und einheitlich. Die neuen Vorschriften werden in 10 Titeln (Hauptabschnitte der BSV 2026) gegliedert. Deren Inhalte bilden das R\u00fcckgrat f\u00fcr einen modernen und zukunftsorientierten Brandschutz, der auf die Sicherheit von Personen und Geb\u00e4uden ausgerichtet ist. Die ersten 13 Artikel der neuen Brandschutzvorschriften im ersten [&hellip;]<\/p>\n","protected":false},"author":31,"featured_media":23154,"comment_status":"closed","ping_status":"closed","sticky":false,"template":"","format":"standard","meta":{"_acf_changed":false,"pgc_sgb_lightbox_settings":"","footnotes":""},"categories":[67],"tags":[156,578,108],"class_list":["post-23153","post","type-post","status-publish","format-standard","has-post-thumbnail","hentry","category-brandschutz","tag-brandschutz","tag-vereinigung-kantonaler-feuerversicherungen-vkf","tag-vkf"],"acf":[],"hkrextid":null,"publication":null,"issue":null,"workflow":null,"startPage":null,"spitzmarke":null,"_posts_by_tag_page_fields":null,"_at_widget":null,"_yoast_wpseo_primary_category":"67","_yoast_wpseo_focuskw_text_input":null,"_yoast_wpseo_opengraph-image":null,"_yoast_wpseo_opengraph-description":null,"_yoast_wpseo_opengraph-title":null,"enclosure":null,"_yoast_wpseo_twitter-title":null,"_yoast_wpseo_twitter-description":null,"_yoast_wpseo_twitter-image":null,"_wp_old_slug":null,"_yoast_wpseo_title":null,"_yoast_wpseo_canonical":null,"yoast_head":"<!-- This site is optimized with the Yoast SEO plugin v27.5 - https:\/\/yoast.com\/product\/yoast-seo-wordpress\/ -->\n<title>Webinar: Die Zukunft des Brandschutzes - Save<\/title>\n<meta name=\"description\" content=\"Die Vereinigung Kantonaler Feuerversicherungen VKF gibt Einblicke in die Brandschutzvorschriften 2026.\" \/>\n<meta name=\"robots\" content=\"index, follow, max-snippet:-1, max-image-preview:large, max-video-preview:-1\" \/>\n<link rel=\"canonical\" href=\"https:\/\/news.save.ch\/fr\/webinar-die-zukunft-des-brandschutzes\/\" \/>\n<meta property=\"og:locale\" content=\"fr_FR\" \/>\n<meta property=\"og:type\" content=\"article\" \/>\n<meta property=\"og:title\" content=\"Webinar: Die Zukunft des Brandschutzes - Save\" \/>\n<meta property=\"og:description\" content=\"Die Vereinigung Kantonaler Feuerversicherungen VKF gibt Einblicke in die Brandschutzvorschriften 2026.\" \/>\n<meta property=\"og:url\" content=\"https:\/\/news.save.ch\/fr\/webinar-die-zukunft-des-brandschutzes\/\" \/>\n<meta property=\"og:site_name\" content=\"Save\" \/>\n<meta property=\"article:published_time\" content=\"2024-05-29T13:44:59+00:00\" \/>\n<meta property=\"article:modified_time\" content=\"2024-05-29T13:45:09+00:00\" \/>\n<meta property=\"og:image\" content=\"https:\/\/news.save.ch\/wp-content\/uploads\/2024\/05\/Depositphotos_247501192_S.jpg\" \/>\n\t<meta property=\"og:image:width\" content=\"999\" \/>\n\t<meta property=\"og:image:height\" content=\"667\" \/>\n\t<meta property=\"og:image:type\" content=\"image\/jpeg\" \/>\n<meta name=\"author\" content=\"stefanie Zeng\" \/>\n<meta name=\"twitter:card\" content=\"summary_large_image\" \/>\n<meta name=\"twitter:label1\" content=\"\u00c9crit par\" \/>\n\t<meta name=\"twitter:data1\" content=\"stefanie Zeng\" \/>\n\t<meta name=\"twitter:label2\" content=\"Dur\u00e9e de lecture estim\u00e9e\" \/>\n\t<meta name=\"twitter:data2\" content=\"1 minute\" \/>\n<script type=\"application\/ld+json\" class=\"yoast-schema-graph\">{\"@context\":\"https:\\\/\\\/schema.org\",\"@graph\":[{\"@type\":\"Article\",\"@id\":\"https:\\\/\\\/news.save.ch\\\/webinar-die-zukunft-des-brandschutzes\\\/#article\",\"isPartOf\":{\"@id\":\"https:\\\/\\\/news.save.ch\\\/webinar-die-zukunft-des-brandschutzes\\\/\"},\"author\":{\"name\":\"stefanie Zeng\",\"@id\":\"https:\\\/\\\/news.save.ch\\\/de\\\/#\\\/schema\\\/person\\\/10917387362b3961e882740f6cf6f2a2\"},\"headline\":\"Webinar: Die Zukunft des Brandschutzes\",\"datePublished\":\"2024-05-29T13:44:59+00:00\",\"dateModified\":\"2024-05-29T13:45:09+00:00\",\"mainEntityOfPage\":{\"@id\":\"https:\\\/\\\/news.save.ch\\\/webinar-die-zukunft-des-brandschutzes\\\/\"},\"wordCount\":100,\"publisher\":{\"@id\":\"https:\\\/\\\/news.save.ch\\\/de\\\/#organization\"},\"image\":{\"@id\":\"https:\\\/\\\/news.save.ch\\\/webinar-die-zukunft-des-brandschutzes\\\/#primaryimage\"},\"thumbnailUrl\":\"https:\\\/\\\/news.save.ch\\\/wp-content\\\/uploads\\\/2024\\\/05\\\/Depositphotos_247501192_S.jpg\",\"keywords\":[\"Brandschutz\",\"Vereinigung Kantonaler Feuerversicherungen (VKF)\",\"VKF\"],\"articleSection\":[\"BRANDSCHUTZ\"],\"inLanguage\":\"fr-FR\"},{\"@type\":\"WebPage\",\"@id\":\"https:\\\/\\\/news.save.ch\\\/webinar-die-zukunft-des-brandschutzes\\\/\",\"url\":\"https:\\\/\\\/news.save.ch\\\/webinar-die-zukunft-des-brandschutzes\\\/\",\"name\":\"Webinar: Die Zukunft des Brandschutzes - Save\",\"isPartOf\":{\"@id\":\"https:\\\/\\\/news.save.ch\\\/de\\\/#website\"},\"primaryImageOfPage\":{\"@id\":\"https:\\\/\\\/news.save.ch\\\/webinar-die-zukunft-des-brandschutzes\\\/#primaryimage\"},\"image\":{\"@id\":\"https:\\\/\\\/news.save.ch\\\/webinar-die-zukunft-des-brandschutzes\\\/#primaryimage\"},\"thumbnailUrl\":\"https:\\\/\\\/news.save.ch\\\/wp-content\\\/uploads\\\/2024\\\/05\\\/Depositphotos_247501192_S.jpg\",\"datePublished\":\"2024-05-29T13:44:59+00:00\",\"dateModified\":\"2024-05-29T13:45:09+00:00\",\"description\":\"Die Vereinigung Kantonaler Feuerversicherungen VKF gibt Einblicke in die Brandschutzvorschriften 2026.\",\"breadcrumb\":{\"@id\":\"https:\\\/\\\/news.save.ch\\\/webinar-die-zukunft-des-brandschutzes\\\/#breadcrumb\"},\"inLanguage\":\"fr-FR\",\"potentialAction\":[{\"@type\":\"ReadAction\",\"target\":[\"https:\\\/\\\/news.save.ch\\\/webinar-die-zukunft-des-brandschutzes\\\/\"]}]},{\"@type\":\"ImageObject\",\"inLanguage\":\"fr-FR\",\"@id\":\"https:\\\/\\\/news.save.ch\\\/webinar-die-zukunft-des-brandschutzes\\\/#primaryimage\",\"url\":\"https:\\\/\\\/news.save.ch\\\/wp-content\\\/uploads\\\/2024\\\/05\\\/Depositphotos_247501192_S.jpg\",\"contentUrl\":\"https:\\\/\\\/news.save.ch\\\/wp-content\\\/uploads\\\/2024\\\/05\\\/Depositphotos_247501192_S.jpg\",\"width\":999,\"height\":667,\"caption\":\"Depositphotos\\\/VitalikRadko\"},{\"@type\":\"BreadcrumbList\",\"@id\":\"https:\\\/\\\/news.save.ch\\\/webinar-die-zukunft-des-brandschutzes\\\/#breadcrumb\",\"itemListElement\":[{\"@type\":\"ListItem\",\"position\":1,\"name\":\"Home\",\"item\":\"https:\\\/\\\/news.save.ch\\\/de\\\/\"},{\"@type\":\"ListItem\",\"position\":2,\"name\":\"Webinar: Die Zukunft des Brandschutzes\"}]},{\"@type\":\"WebSite\",\"@id\":\"https:\\\/\\\/news.save.ch\\\/de\\\/#website\",\"url\":\"https:\\\/\\\/news.save.ch\\\/de\\\/\",\"name\":\"Save\",\"description\":\"Schweizer Fachzeitschrift f\u00fcr Sicherheit\",\"publisher\":{\"@id\":\"https:\\\/\\\/news.save.ch\\\/de\\\/#organization\"},\"potentialAction\":[{\"@type\":\"SearchAction\",\"target\":{\"@type\":\"EntryPoint\",\"urlTemplate\":\"https:\\\/\\\/news.save.ch\\\/de\\\/?s={search_term_string}\"},\"query-input\":{\"@type\":\"PropertyValueSpecification\",\"valueRequired\":true,\"valueName\":\"search_term_string\"}}],\"inLanguage\":\"fr-FR\"},{\"@type\":\"Organization\",\"@id\":\"https:\\\/\\\/news.save.ch\\\/de\\\/#organization\",\"name\":\"Sicherheitsforum\",\"url\":\"https:\\\/\\\/news.save.ch\\\/de\\\/\",\"logo\":{\"@type\":\"ImageObject\",\"inLanguage\":\"fr-FR\",\"@id\":\"https:\\\/\\\/news.save.ch\\\/de\\\/#\\\/schema\\\/logo\\\/image\\\/\",\"url\":\"https:\\\/\\\/news.save.ch\\\/wp-content\\\/uploads\\\/2022\\\/06\\\/Logo_SF_2012.png\",\"contentUrl\":\"https:\\\/\\\/news.save.ch\\\/wp-content\\\/uploads\\\/2022\\\/06\\\/Logo_SF_2012.png\",\"width\":1100,\"height\":91,\"caption\":\"Sicherheitsforum\"},\"image\":{\"@id\":\"https:\\\/\\\/news.save.ch\\\/de\\\/#\\\/schema\\\/logo\\\/image\\\/\"}},{\"@type\":\"Person\",\"@id\":\"https:\\\/\\\/news.save.ch\\\/de\\\/#\\\/schema\\\/person\\\/10917387362b3961e882740f6cf6f2a2\",\"name\":\"stefanie Zeng\",\"image\":{\"@type\":\"ImageObject\",\"inLanguage\":\"fr-FR\",\"@id\":\"https:\\\/\\\/secure.gravatar.com\\\/avatar\\\/eac43faa6e40bb2c41068c95c9d78bbd94c476d5efdff7abaab80bb3ea681e06?s=96&d=mm&r=g\",\"url\":\"https:\\\/\\\/secure.gravatar.com\\\/avatar\\\/eac43faa6e40bb2c41068c95c9d78bbd94c476d5efdff7abaab80bb3ea681e06?s=96&d=mm&r=g\",\"contentUrl\":\"https:\\\/\\\/secure.gravatar.com\\\/avatar\\\/eac43faa6e40bb2c41068c95c9d78bbd94c476d5efdff7abaab80bb3ea681e06?s=96&d=mm&r=g\",\"caption\":\"stefanie Zeng\"},\"url\":\"https:\\\/\\\/news.save.ch\\\/fr\\\/author\\\/stefanie-zeng\\\/\"}]}<\/script>\n<!-- \/ Yoast SEO plugin. -->","yoast_head_json":{"title":"Webinar : L'avenir de la s\u00e9curit\u00e9 incendie - Save","description":"L'Association des \u00e9tablissements cantonaux d'assurance incendie (AEAI) donne un aper\u00e7u des prescriptions de protection incendie 2026.","robots":{"index":"index","follow":"follow","max-snippet":"max-snippet:-1","max-image-preview":"max-image-preview:large","max-video-preview":"max-video-preview:-1"},"canonical":"https:\/\/news.save.ch\/fr\/webinar-die-zukunft-des-brandschutzes\/","og_locale":"fr_FR","og_type":"article","og_title":"Webinar: Die Zukunft des Brandschutzes - Save","og_description":"Die Vereinigung Kantonaler Feuerversicherungen VKF gibt Einblicke in die Brandschutzvorschriften 2026.","og_url":"https:\/\/news.save.ch\/fr\/webinar-die-zukunft-des-brandschutzes\/","og_site_name":"Save","article_published_time":"2024-05-29T13:44:59+00:00","article_modified_time":"2024-05-29T13:45:09+00:00","og_image":[{"width":999,"height":667,"url":"https:\/\/news.save.ch\/wp-content\/uploads\/2024\/05\/Depositphotos_247501192_S.jpg","type":"image\/jpeg"}],"author":"stefanie Zeng","twitter_card":"summary_large_image","twitter_misc":{"\u00c9crit par":"stefanie Zeng","Dur\u00e9e de lecture estim\u00e9e":"1 minute"},"schema":{"@context":"https:\/\/schema.org","@graph":[{"@type":"Article","@id":"https:\/\/news.save.ch\/webinar-die-zukunft-des-brandschutzes\/#article","isPartOf":{"@id":"https:\/\/news.save.ch\/webinar-die-zukunft-des-brandschutzes\/"},"author":{"name":"stefanie Zeng","@id":"https:\/\/news.save.ch\/de\/#\/schema\/person\/10917387362b3961e882740f6cf6f2a2"},"headline":"Webinar: Die Zukunft des Brandschutzes","datePublished":"2024-05-29T13:44:59+00:00","dateModified":"2024-05-29T13:45:09+00:00","mainEntityOfPage":{"@id":"https:\/\/news.save.ch\/webinar-die-zukunft-des-brandschutzes\/"},"wordCount":100,"publisher":{"@id":"https:\/\/news.save.ch\/de\/#organization"},"image":{"@id":"https:\/\/news.save.ch\/webinar-die-zukunft-des-brandschutzes\/#primaryimage"},"thumbnailUrl":"https:\/\/news.save.ch\/wp-content\/uploads\/2024\/05\/Depositphotos_247501192_S.jpg","keywords":["Brandschutz","Vereinigung Kantonaler Feuerversicherungen (VKF)","VKF"],"articleSection":["BRANDSCHUTZ"],"inLanguage":"fr-FR"},{"@type":"WebPage","@id":"https:\/\/news.save.ch\/webinar-die-zukunft-des-brandschutzes\/","url":"https:\/\/news.save.ch\/webinar-die-zukunft-des-brandschutzes\/","name":"Webinar : L'avenir de la s\u00e9curit\u00e9 incendie - Save","isPartOf":{"@id":"https:\/\/news.save.ch\/de\/#website"},"primaryImageOfPage":{"@id":"https:\/\/news.save.ch\/webinar-die-zukunft-des-brandschutzes\/#primaryimage"},"image":{"@id":"https:\/\/news.save.ch\/webinar-die-zukunft-des-brandschutzes\/#primaryimage"},"thumbnailUrl":"https:\/\/news.save.ch\/wp-content\/uploads\/2024\/05\/Depositphotos_247501192_S.jpg","datePublished":"2024-05-29T13:44:59+00:00","dateModified":"2024-05-29T13:45:09+00:00","description":"L'Association des \u00e9tablissements cantonaux d'assurance incendie (AEAI) donne un aper\u00e7u des prescriptions de protection incendie 2026.","breadcrumb":{"@id":"https:\/\/news.save.ch\/webinar-die-zukunft-des-brandschutzes\/#breadcrumb"},"inLanguage":"fr-FR","potentialAction":[{"@type":"ReadAction","target":["https:\/\/news.save.ch\/webinar-die-zukunft-des-brandschutzes\/"]}]},{"@type":"ImageObject","inLanguage":"fr-FR","@id":"https:\/\/news.save.ch\/webinar-die-zukunft-des-brandschutzes\/#primaryimage","url":"https:\/\/news.save.ch\/wp-content\/uploads\/2024\/05\/Depositphotos_247501192_S.jpg","contentUrl":"https:\/\/news.save.ch\/wp-content\/uploads\/2024\/05\/Depositphotos_247501192_S.jpg","width":999,"height":667,"caption":"Depositphotos\/VitalikRadko"},{"@type":"BreadcrumbList","@id":"https:\/\/news.save.ch\/webinar-die-zukunft-des-brandschutzes\/#breadcrumb","itemListElement":[{"@type":"ListItem","position":1,"name":"Home","item":"https:\/\/news.save.ch\/de\/"},{"@type":"ListItem","position":2,"name":"Webinar: Die Zukunft des Brandschutzes"}]},{"@type":"WebSite","@id":"https:\/\/news.save.ch\/de\/#website","url":"https:\/\/news.save.ch\/de\/","name":"Save","description":"Revue suisse sp\u00e9cialis\u00e9e dans la s\u00e9curit\u00e9","publisher":{"@id":"https:\/\/news.save.ch\/de\/#organization"},"potentialAction":[{"@type":"SearchAction","target":{"@type":"EntryPoint","urlTemplate":"https:\/\/news.save.ch\/de\/?s={search_term_string}"},"query-input":{"@type":"PropertyValueSpecification","valueRequired":true,"valueName":"search_term_string"}}],"inLanguage":"fr-FR"},{"@type":"Organization","@id":"https:\/\/news.save.ch\/de\/#organization","name":"Forum sur la s\u00e9curit\u00e9","url":"https:\/\/news.save.ch\/de\/","logo":{"@type":"ImageObject","inLanguage":"fr-FR","@id":"https:\/\/news.save.ch\/de\/#\/schema\/logo\/image\/","url":"https:\/\/news.save.ch\/wp-content\/uploads\/2022\/06\/Logo_SF_2012.png","contentUrl":"https:\/\/news.save.ch\/wp-content\/uploads\/2022\/06\/Logo_SF_2012.png","width":1100,"height":91,"caption":"Sicherheitsforum"},"image":{"@id":"https:\/\/news.save.ch\/de\/#\/schema\/logo\/image\/"}},{"@type":"Person","@id":"https:\/\/news.save.ch\/de\/#\/schema\/person\/10917387362b3961e882740f6cf6f2a2","name":"stefanie Zeng","image":{"@type":"ImageObject","inLanguage":"fr-FR","@id":"https:\/\/secure.gravatar.com\/avatar\/eac43faa6e40bb2c41068c95c9d78bbd94c476d5efdff7abaab80bb3ea681e06?s=96&d=mm&r=g","url":"https:\/\/secure.gravatar.com\/avatar\/eac43faa6e40bb2c41068c95c9d78bbd94c476d5efdff7abaab80bb3ea681e06?s=96&d=mm&r=g","contentUrl":"https:\/\/secure.gravatar.com\/avatar\/eac43faa6e40bb2c41068c95c9d78bbd94c476d5efdff7abaab80bb3ea681e06?s=96&d=mm&r=g","caption":"stefanie Zeng"},"url":"https:\/\/news.save.ch\/fr\/author\/stefanie-zeng\/"}]}},"_links":{"self":[{"href":"https:\/\/news.save.ch\/fr\/wp-json\/wp\/v2\/posts\/23153","targetHints":{"allow":["GET"]}}],"collection":[{"href":"https:\/\/news.save.ch\/fr\/wp-json\/wp\/v2\/posts"}],"about":[{"href":"https:\/\/news.save.ch\/fr\/wp-json\/wp\/v2\/types\/post"}],"author":[{"embeddable":true,"href":"https:\/\/news.save.ch\/fr\/wp-json\/wp\/v2\/users\/31"}],"replies":[{"embeddable":true,"href":"https:\/\/news.save.ch\/fr\/wp-json\/wp\/v2\/comments?post=23153"}],"version-history":[{"count":3,"href":"https:\/\/news.save.ch\/fr\/wp-json\/wp\/v2\/posts\/23153\/revisions"}],"predecessor-version":[{"id":23157,"href":"https:\/\/news.save.ch\/fr\/wp-json\/wp\/v2\/posts\/23153\/revisions\/23157"}],"wp:featuredmedia":[{"embeddable":true,"href":"https:\/\/news.save.ch\/fr\/wp-json\/wp\/v2\/media\/23154"}],"wp:attachment":[{"href":"https:\/\/news.save.ch\/fr\/wp-json\/wp\/v2\/media?parent=23153"}],"wp:term":[{"taxonomy":"category","embeddable":true,"href":"https:\/\/news.save.ch\/fr\/wp-json\/wp\/v2\/categories?post=23153"},{"taxonomy":"post_tag","embeddable":true,"href":"https:\/\/news.save.ch\/fr\/wp-json\/wp\/v2\/tags?post=23153"}],"curies":[{"name":"wp","href":"https:\/\/api.w.org\/{rel}","templated":true}]}}