{"id":2316,"date":"2016-02-22T08:46:17","date_gmt":"2016-02-22T07:46:17","guid":{"rendered":"https:\/\/dev.sicherheitsforum.ch\/?p=2316"},"modified":"2016-02-22T08:46:17","modified_gmt":"2016-02-22T07:46:17","slug":"sicherheit-und-videoueberwachung-6-trends","status":null,"type":"post","link":"https:\/\/news.save.ch\/fr\/sicherheit-und-videoueberwachung-6-trends\/","title":{"rendered":"S\u00e9curit\u00e9 et vid\u00e9osurveillance : 6 tendances"},"content":{"rendered":"<p><img loading=\"lazy\" decoding=\"async\" class=\"alignnone size-full wp-image-2317\" src=\"https:\/\/news.save.ch\/wp-content\/uploads\/2016\/12\/Sicherheit-und-Videoueberwachung-6-Trends-sicherheitsforum.jpg\" alt=\"\" width=\"605\" height=\"398\" srcset=\"https:\/\/news.save.ch\/wp-content\/uploads\/2016\/12\/Sicherheit-und-Videoueberwachung-6-Trends-sicherheitsforum.jpg 605w, https:\/\/news.save.ch\/wp-content\/uploads\/2016\/12\/Sicherheit-und-Videoueberwachung-6-Trends-sicherheitsforum-375x247.jpg 375w\" sizes=\"auto, (max-width: 605px) 100vw, 605px\" \/><\/p>\n<p><strong>1. l'Internet des objets (IoT) : des fonctions utiles aux solutions utiles<\/strong><\/p>\n<p>Pour le secteur de la s\u00e9curit\u00e9, l'aspect de la coop\u00e9ration de tous les composants pour r\u00e9soudre un probl\u00e8me concret est tr\u00e8s important. Les cam\u00e9ras r\u00e9seau sont par exemple utilis\u00e9es dans la gestion des informations des b\u00e2timents, le domaine de l'intelligence \u00e9conomique et le commerce de d\u00e9tail. L'Internet des objets permet d'int\u00e9grer les cam\u00e9ras de vid\u00e9osurveillance, les d\u00e9tecteurs de fum\u00e9e, les capteurs de gaz, les panneaux de commande des syst\u00e8mes de contr\u00f4le d'acc\u00e8s et les haut-parleurs dans une console de gestion commune. Dans des solutions de s\u00e9curit\u00e9 sp\u00e9cifiques, les donn\u00e9es pertinentes peuvent ainsi \u00eatre \u00e9chang\u00e9es avec d'autres appareils connect\u00e9s, qui peuvent tous \u00eatre surveill\u00e9s \u00e0 distance.<\/p>\n<p><strong>2. s\u00e9curit\u00e9-as-a-service : le cloud se d\u00e9veloppe<\/strong><\/p>\n<p>Entre-temps, le cloud computing a atteint chaque secteur et modifie \u00e9galement le secteur de la s\u00e9curit\u00e9 : la s\u00e9curit\u00e9 peut d\u00e9sormais \u00eatre propos\u00e9e comme un service g\u00e9r\u00e9 \u00e0 distance. Dans ce contexte, le stockage dans le cloud est un aspect important qui rend les syst\u00e8mes plus performants dans ce mod\u00e8le. De gros volumes de donn\u00e9es peuvent \u00eatre stock\u00e9s \u00e0 moindre co\u00fbt et en toute s\u00e9curit\u00e9 sur des installations de serveurs d\u00e9di\u00e9es.<\/p>\n<p><strong>3. plus de cam\u00e9ras signifie plus de donn\u00e9es<\/strong><\/p>\n<p>La plupart des donn\u00e9es vid\u00e9o sont utilis\u00e9es \u00e0 des fins de s\u00e9curit\u00e9, mais de plus en plus souvent, elles constituent \u00e9galement une source importante pour les applications de business intelligence. La gestion et l'utilisation efficaces des Big Data repr\u00e9sentent toujours un d\u00e9fi de taille. En 2016, les entreprises investiront donc davantage dans des solutions capables d'extraire des informations exploitables des donn\u00e9es volumineuses produites par les syst\u00e8mes de s\u00e9curit\u00e9 et de les mettre \u00e0 disposition de mani\u00e8re efficace.<\/p>\n<p><strong>4. technologie sans fil<\/strong><\/p>\n<p>La surveillance de s\u00e9curit\u00e9 est aujourd'hui possible \u00e0 distance \u00e0 l'aide de smartphones et de tablettes. Les syst\u00e8mes de vid\u00e9osurveillance comprenant jusqu'\u00e0 dix cam\u00e9ras r\u00e9seau peuvent \u00eatre enti\u00e8rement g\u00e9r\u00e9s par des appareils mobiles et ne n\u00e9cessitent pas d'ordinateur. Cela r\u00e9duit les co\u00fbts g\u00e9n\u00e9raux du syst\u00e8me et de maintenance. L'acc\u00e8s \u00e0 distance va encore augmenter cette ann\u00e9e.<\/p>\n<p><strong>5. chasse sans fin \u00e0 plus de d\u00e9tails<\/strong><\/p>\n<p>Une r\u00e9solution \u00e9lev\u00e9e ne fait pas tout, mais la technologie des m\u00e9gapixels continuera n\u00e9anmoins \u00e0 \u00eatre am\u00e9lior\u00e9e cette ann\u00e9e. En effet, les conditions d'\u00e9clairage difficiles repr\u00e9sentent toujours un d\u00e9fi. En outre, les capacit\u00e9s des cam\u00e9ras \u00e0 couvrir une large plage dynamique (WDR) s'\u00e9largissent \u00e9galement. L'introduction de la 4K Ultra HD se poursuivra en 2016. Le QuadHD (1440p) comble l'\u00e9cart entre le 1080p et le 4K Ultra HD.<\/p>\n<p>L'am\u00e9lioration de la r\u00e9solution entra\u00eene une augmentation des besoins en m\u00e9moire. Des algorithmes de compression vid\u00e9o intelligents r\u00e9duisent les besoins en m\u00e9moire de plus de 50% en moyenne en temps r\u00e9el. Les d\u00e9tails importants pour la police scientifique, tels que les visages, les tatouages ou les plaques d'immatriculation, sont conserv\u00e9s de mani\u00e8re isol\u00e9e, tandis que les zones non pertinentes, telles que les murs blancs, les prairies et la v\u00e9g\u00e9tation, sont liss\u00e9es pour \u00e9conomiser davantage de m\u00e9moire.<\/p>\n<p><strong>6. formes d'analyse : Cerveau pour syst\u00e8mes intelligents<\/strong><\/p>\n<p>Si les appareils IdO sont les yeux et les oreilles des syst\u00e8mes connect\u00e9s, la technologie d'analyse est le cerveau. En 2016, des formes d'analyse vid\u00e9o et audio de plus en plus sophistiqu\u00e9es arrivent sur le march\u00e9. Les syst\u00e8mes de s\u00e9curit\u00e9 peuvent ainsi \u00e9voluer d'une surveillance passive vers des syst\u00e8mes d'analyse intelligents et adaptables.<\/p>\n<p>\"La technique vid\u00e9o analogique repr\u00e9sente une impasse dans le monde moderne, et il en va de m\u00eame pour les solutions analogiques HD dans la plupart des domaines. Il n'est pas facile de trouver du personnel disposant des connaissances n\u00e9cessaires. Et pour couronner le tout, les clients ont des id\u00e9es fortement influenc\u00e9es par le cin\u00e9ma et la t\u00e9l\u00e9vision\", explique Timo Sachse, Product Analyst EMEA chez Axis Communications GmbH. \"Un m\u00e9lange plein de d\u00e9fis, cela reste passionnant\".<\/p>\n<p><strong>Les d\u00e9veloppements se concr\u00e9tisent<\/strong><\/p>\n<p>Le c\u0153ur du secteur de la s\u00e9curit\u00e9 est encore traditionnel et conservateur. Ainsi, les choses qui devraient logiquement aller ensemble ne se d\u00e9veloppent que tr\u00e8s lentement, constate-t-il. <a href=\"https:\/\/www.axis.com\" target=\"_blank\" data-cke-saved-href=\"https:\/\/www.axis.com\" rel=\"noopener\">Axis<\/a>. \"En 2015 d\u00e9j\u00e0, l'IoT et le Big Data \u00e9taient de grands mots d'ordre. Alors qu'\u00e0 cette \u00e9poque, ces tendances semblaient encore \u00e9tranges et irr\u00e9elles, ces d\u00e9veloppements deviennent plus concrets en 2016\", explique le fournisseur.<\/p>\n<p>&nbsp;<\/p>","protected":false},"excerpt":{"rendered":"<p>1. Internet of Things (IoT): von hilfreichen Funktionen hin zu n\u00fctzlichen L\u00f6sungen F\u00fcr die Sicherheitsbranche ist der Aspekt der Zusammenarbeit aller Komponenten zur L\u00f6sung eines konkreten Problems sehr wichtig. So finden Netzwerk-Kameras beispielsweise im Geb\u00e4ude-Informationsmanagement, Business Intelligence-Bereich und dem Einzelhandel Anwendung. Das Internet der Dinge erm\u00f6glicht eine Integration von Video\u00fcberwachungskameras, Rauchmeldern, Gassensoren, Bedienfeldern von Zutrittskontrollsystemen [&hellip;]<\/p>\n","protected":false},"author":1,"featured_media":2317,"comment_status":"open","ping_status":"open","sticky":false,"template":"","format":"standard","meta":{"_acf_changed":false,"pgc_sgb_lightbox_settings":"","footnotes":""},"categories":[1],"tags":[78],"class_list":["post-2316","post","type-post","status-publish","format-standard","has-post-thumbnail","hentry","category-allgemein","tag-videoueberwachung"],"acf":[],"hkrextid":null,"publication":null,"issue":null,"workflow":null,"startPage":null,"spitzmarke":null,"_posts_by_tag_page_fields":{"widget_title":"","widget_tags":""},"_at_widget":"1","_yoast_wpseo_primary_category":"1","_yoast_wpseo_focuskw_text_input":"6 Trends","_yoast_wpseo_opengraph-image":"https:\/\/news.save.ch\/wp-content\/uploads\/2016\/12\/Sicherheit-und-Video\u00fcberwachung-6-Trends-sicherheitsforum.jpg","_yoast_wpseo_opengraph-description":"Das Internet der Dinge und die digitale Transformation sind Megatrends. Der Fortschritt bei der Verkn\u00fcpfung ungleicher Ger\u00e4te und verteilter Daten werde immer deutlicher sichtbar, schreibt Axis Communications. Auch im Bereich der Video\u00fcberwachung f\u00e4nden diese Themen Einzug. Der Anbieter zeigt die sechs wichtigsten Trends auf.","_yoast_wpseo_opengraph-title":"Sicherheit und Video\u00fcberwachung: 6 Trends","enclosure":null,"_yoast_wpseo_twitter-title":null,"_yoast_wpseo_twitter-description":null,"_yoast_wpseo_twitter-image":null,"_wp_old_slug":null,"_yoast_wpseo_title":null,"_yoast_wpseo_canonical":null,"yoast_head":"<!-- This site is optimized with the Yoast SEO plugin v27.5 - https:\/\/yoast.com\/product\/yoast-seo-wordpress\/ -->\n<title>Sicherheit und Video\u00fcberwachung: 6 Trends - Save<\/title>\n<meta name=\"description\" content=\"Das Internet der Dinge und die digitale Transformation sind Megatrends. Der Anbieter zeigt die wichtigsten 6 Trends auf.\" \/>\n<meta name=\"robots\" content=\"index, follow, max-snippet:-1, max-image-preview:large, max-video-preview:-1\" \/>\n<link rel=\"canonical\" href=\"https:\/\/news.save.ch\/fr\/sicherheit-und-videoueberwachung-6-trends\/\" \/>\n<meta property=\"og:locale\" content=\"fr_FR\" \/>\n<meta property=\"og:type\" content=\"article\" \/>\n<meta property=\"og:title\" content=\"Sicherheit und Video\u00fcberwachung: 6 Trends\" \/>\n<meta property=\"og:description\" content=\"Das Internet der Dinge und die digitale Transformation sind Megatrends. Der Fortschritt bei der Verkn\u00fcpfung ungleicher Ger\u00e4te und verteilter Daten werde immer deutlicher sichtbar, schreibt Axis Communications. Auch im Bereich der Video\u00fcberwachung f\u00e4nden diese Themen Einzug. Der Anbieter zeigt die sechs wichtigsten Trends auf.\" \/>\n<meta property=\"og:url\" content=\"https:\/\/news.save.ch\/fr\/sicherheit-und-videoueberwachung-6-trends\/\" \/>\n<meta property=\"og:site_name\" content=\"Save\" \/>\n<meta property=\"article:published_time\" content=\"2016-02-22T07:46:17+00:00\" \/>\n<meta property=\"og:image\" content=\"https:\/\/news.save.ch\/wp-content\/uploads\/2016\/12\/Sicherheit-und-Video\u00fcberwachung-6-Trends-sicherheitsforum.jpg\" \/>\n<meta name=\"author\" content=\"admin\" \/>\n<meta name=\"twitter:card\" content=\"summary_large_image\" \/>\n<meta name=\"twitter:label1\" content=\"\u00c9crit par\" \/>\n\t<meta name=\"twitter:data1\" content=\"admin\" \/>\n\t<meta name=\"twitter:label2\" content=\"Dur\u00e9e de lecture estim\u00e9e\" \/>\n\t<meta name=\"twitter:data2\" content=\"3 minutes\" \/>\n<script type=\"application\/ld+json\" class=\"yoast-schema-graph\">{\"@context\":\"https:\\\/\\\/schema.org\",\"@graph\":[{\"@type\":\"Article\",\"@id\":\"https:\\\/\\\/news.save.ch\\\/sicherheit-und-videoueberwachung-6-trends\\\/#article\",\"isPartOf\":{\"@id\":\"https:\\\/\\\/news.save.ch\\\/sicherheit-und-videoueberwachung-6-trends\\\/\"},\"author\":{\"name\":\"admin\",\"@id\":\"https:\\\/\\\/news.save.ch\\\/de\\\/#\\\/schema\\\/person\\\/d49e199490bad7c70d64b9ab51142f2b\"},\"headline\":\"Sicherheit und Video\u00fcberwachung: 6 Trends\",\"datePublished\":\"2016-02-22T07:46:17+00:00\",\"mainEntityOfPage\":{\"@id\":\"https:\\\/\\\/news.save.ch\\\/sicherheit-und-videoueberwachung-6-trends\\\/\"},\"wordCount\":582,\"commentCount\":0,\"publisher\":{\"@id\":\"https:\\\/\\\/news.save.ch\\\/de\\\/#organization\"},\"image\":{\"@id\":\"https:\\\/\\\/news.save.ch\\\/sicherheit-und-videoueberwachung-6-trends\\\/#primaryimage\"},\"thumbnailUrl\":\"https:\\\/\\\/news.save.ch\\\/wp-content\\\/uploads\\\/2016\\\/12\\\/Sicherheit-und-Videoueberwachung-6-Trends-sicherheitsforum.jpg\",\"keywords\":[\"Video\u00fcberwachung\"],\"articleSection\":[\"ALLGEMEIN\"],\"inLanguage\":\"fr-FR\"},{\"@type\":\"WebPage\",\"@id\":\"https:\\\/\\\/news.save.ch\\\/sicherheit-und-videoueberwachung-6-trends\\\/\",\"url\":\"https:\\\/\\\/news.save.ch\\\/sicherheit-und-videoueberwachung-6-trends\\\/\",\"name\":\"Sicherheit und Video\u00fcberwachung: 6 Trends - Save\",\"isPartOf\":{\"@id\":\"https:\\\/\\\/news.save.ch\\\/de\\\/#website\"},\"primaryImageOfPage\":{\"@id\":\"https:\\\/\\\/news.save.ch\\\/sicherheit-und-videoueberwachung-6-trends\\\/#primaryimage\"},\"image\":{\"@id\":\"https:\\\/\\\/news.save.ch\\\/sicherheit-und-videoueberwachung-6-trends\\\/#primaryimage\"},\"thumbnailUrl\":\"https:\\\/\\\/news.save.ch\\\/wp-content\\\/uploads\\\/2016\\\/12\\\/Sicherheit-und-Videoueberwachung-6-Trends-sicherheitsforum.jpg\",\"datePublished\":\"2016-02-22T07:46:17+00:00\",\"description\":\"Das Internet der Dinge und die digitale Transformation sind Megatrends. Der Anbieter zeigt die wichtigsten 6 Trends auf.\",\"breadcrumb\":{\"@id\":\"https:\\\/\\\/news.save.ch\\\/sicherheit-und-videoueberwachung-6-trends\\\/#breadcrumb\"},\"inLanguage\":\"fr-FR\",\"potentialAction\":[{\"@type\":\"ReadAction\",\"target\":[\"https:\\\/\\\/news.save.ch\\\/sicherheit-und-videoueberwachung-6-trends\\\/\"]}]},{\"@type\":\"ImageObject\",\"inLanguage\":\"fr-FR\",\"@id\":\"https:\\\/\\\/news.save.ch\\\/sicherheit-und-videoueberwachung-6-trends\\\/#primaryimage\",\"url\":\"https:\\\/\\\/news.save.ch\\\/wp-content\\\/uploads\\\/2016\\\/12\\\/Sicherheit-und-Videoueberwachung-6-Trends-sicherheitsforum.jpg\",\"contentUrl\":\"https:\\\/\\\/news.save.ch\\\/wp-content\\\/uploads\\\/2016\\\/12\\\/Sicherheit-und-Videoueberwachung-6-Trends-sicherheitsforum.jpg\",\"width\":605,\"height\":398},{\"@type\":\"BreadcrumbList\",\"@id\":\"https:\\\/\\\/news.save.ch\\\/sicherheit-und-videoueberwachung-6-trends\\\/#breadcrumb\",\"itemListElement\":[{\"@type\":\"ListItem\",\"position\":1,\"name\":\"Home\",\"item\":\"https:\\\/\\\/news.save.ch\\\/de\\\/\"},{\"@type\":\"ListItem\",\"position\":2,\"name\":\"Sicherheit und Video\u00fcberwachung: 6 Trends\"}]},{\"@type\":\"WebSite\",\"@id\":\"https:\\\/\\\/news.save.ch\\\/de\\\/#website\",\"url\":\"https:\\\/\\\/news.save.ch\\\/de\\\/\",\"name\":\"Save\",\"description\":\"Schweizer Fachzeitschrift f\u00fcr Sicherheit\",\"publisher\":{\"@id\":\"https:\\\/\\\/news.save.ch\\\/de\\\/#organization\"},\"potentialAction\":[{\"@type\":\"SearchAction\",\"target\":{\"@type\":\"EntryPoint\",\"urlTemplate\":\"https:\\\/\\\/news.save.ch\\\/de\\\/?s={search_term_string}\"},\"query-input\":{\"@type\":\"PropertyValueSpecification\",\"valueRequired\":true,\"valueName\":\"search_term_string\"}}],\"inLanguage\":\"fr-FR\"},{\"@type\":\"Organization\",\"@id\":\"https:\\\/\\\/news.save.ch\\\/de\\\/#organization\",\"name\":\"Sicherheitsforum\",\"url\":\"https:\\\/\\\/news.save.ch\\\/de\\\/\",\"logo\":{\"@type\":\"ImageObject\",\"inLanguage\":\"fr-FR\",\"@id\":\"https:\\\/\\\/news.save.ch\\\/de\\\/#\\\/schema\\\/logo\\\/image\\\/\",\"url\":\"https:\\\/\\\/news.save.ch\\\/wp-content\\\/uploads\\\/2022\\\/06\\\/Logo_SF_2012.png\",\"contentUrl\":\"https:\\\/\\\/news.save.ch\\\/wp-content\\\/uploads\\\/2022\\\/06\\\/Logo_SF_2012.png\",\"width\":1100,\"height\":91,\"caption\":\"Sicherheitsforum\"},\"image\":{\"@id\":\"https:\\\/\\\/news.save.ch\\\/de\\\/#\\\/schema\\\/logo\\\/image\\\/\"}},{\"@type\":\"Person\",\"@id\":\"https:\\\/\\\/news.save.ch\\\/de\\\/#\\\/schema\\\/person\\\/d49e199490bad7c70d64b9ab51142f2b\",\"name\":\"admin\",\"image\":{\"@type\":\"ImageObject\",\"inLanguage\":\"fr-FR\",\"@id\":\"https:\\\/\\\/secure.gravatar.com\\\/avatar\\\/ae2f4d718e6c49043e314ce431e7e645d646302a24a5ef5a8bc8e3f5a032e319?s=96&d=mm&r=g\",\"url\":\"https:\\\/\\\/secure.gravatar.com\\\/avatar\\\/ae2f4d718e6c49043e314ce431e7e645d646302a24a5ef5a8bc8e3f5a032e319?s=96&d=mm&r=g\",\"contentUrl\":\"https:\\\/\\\/secure.gravatar.com\\\/avatar\\\/ae2f4d718e6c49043e314ce431e7e645d646302a24a5ef5a8bc8e3f5a032e319?s=96&d=mm&r=g\",\"caption\":\"admin\"},\"sameAs\":[\"https:\\\/\\\/develop.organisator.galledia.ch\"],\"url\":\"https:\\\/\\\/news.save.ch\\\/fr\\\/author\\\/admin\\\/\"}]}<\/script>\n<!-- \/ Yoast SEO plugin. -->","yoast_head_json":{"title":"S\u00e9curit\u00e9 et vid\u00e9osurveillance : 6 tendances - Save","description":"L'Internet des objets et la transformation num\u00e9rique sont des m\u00e9ga-tendances. Le fournisseur pr\u00e9sente les 6 tendances les plus importantes.","robots":{"index":"index","follow":"follow","max-snippet":"max-snippet:-1","max-image-preview":"max-image-preview:large","max-video-preview":"max-video-preview:-1"},"canonical":"https:\/\/news.save.ch\/fr\/sicherheit-und-videoueberwachung-6-trends\/","og_locale":"fr_FR","og_type":"article","og_title":"Sicherheit und Video\u00fcberwachung: 6 Trends","og_description":"Das Internet der Dinge und die digitale Transformation sind Megatrends. Der Fortschritt bei der Verkn\u00fcpfung ungleicher Ger\u00e4te und verteilter Daten werde immer deutlicher sichtbar, schreibt Axis Communications. Auch im Bereich der Video\u00fcberwachung f\u00e4nden diese Themen Einzug. Der Anbieter zeigt die sechs wichtigsten Trends auf.","og_url":"https:\/\/news.save.ch\/fr\/sicherheit-und-videoueberwachung-6-trends\/","og_site_name":"Save","article_published_time":"2016-02-22T07:46:17+00:00","og_image":[{"url":"https:\/\/news.save.ch\/wp-content\/uploads\/2016\/12\/Sicherheit-und-Video\u00fcberwachung-6-Trends-sicherheitsforum.jpg","type":"","width":"","height":""}],"author":"admin","twitter_card":"summary_large_image","twitter_misc":{"\u00c9crit par":"admin","Dur\u00e9e de lecture estim\u00e9e":"3 minutes"},"schema":{"@context":"https:\/\/schema.org","@graph":[{"@type":"Article","@id":"https:\/\/news.save.ch\/sicherheit-und-videoueberwachung-6-trends\/#article","isPartOf":{"@id":"https:\/\/news.save.ch\/sicherheit-und-videoueberwachung-6-trends\/"},"author":{"name":"admin","@id":"https:\/\/news.save.ch\/de\/#\/schema\/person\/d49e199490bad7c70d64b9ab51142f2b"},"headline":"Sicherheit und Video\u00fcberwachung: 6 Trends","datePublished":"2016-02-22T07:46:17+00:00","mainEntityOfPage":{"@id":"https:\/\/news.save.ch\/sicherheit-und-videoueberwachung-6-trends\/"},"wordCount":582,"commentCount":0,"publisher":{"@id":"https:\/\/news.save.ch\/de\/#organization"},"image":{"@id":"https:\/\/news.save.ch\/sicherheit-und-videoueberwachung-6-trends\/#primaryimage"},"thumbnailUrl":"https:\/\/news.save.ch\/wp-content\/uploads\/2016\/12\/Sicherheit-und-Videoueberwachung-6-Trends-sicherheitsforum.jpg","keywords":["Video\u00fcberwachung"],"articleSection":["ALLGEMEIN"],"inLanguage":"fr-FR"},{"@type":"WebPage","@id":"https:\/\/news.save.ch\/sicherheit-und-videoueberwachung-6-trends\/","url":"https:\/\/news.save.ch\/sicherheit-und-videoueberwachung-6-trends\/","name":"S\u00e9curit\u00e9 et vid\u00e9osurveillance : 6 tendances - Save","isPartOf":{"@id":"https:\/\/news.save.ch\/de\/#website"},"primaryImageOfPage":{"@id":"https:\/\/news.save.ch\/sicherheit-und-videoueberwachung-6-trends\/#primaryimage"},"image":{"@id":"https:\/\/news.save.ch\/sicherheit-und-videoueberwachung-6-trends\/#primaryimage"},"thumbnailUrl":"https:\/\/news.save.ch\/wp-content\/uploads\/2016\/12\/Sicherheit-und-Videoueberwachung-6-Trends-sicherheitsforum.jpg","datePublished":"2016-02-22T07:46:17+00:00","description":"L'Internet des objets et la transformation num\u00e9rique sont des m\u00e9ga-tendances. Le fournisseur pr\u00e9sente les 6 tendances les plus importantes.","breadcrumb":{"@id":"https:\/\/news.save.ch\/sicherheit-und-videoueberwachung-6-trends\/#breadcrumb"},"inLanguage":"fr-FR","potentialAction":[{"@type":"ReadAction","target":["https:\/\/news.save.ch\/sicherheit-und-videoueberwachung-6-trends\/"]}]},{"@type":"ImageObject","inLanguage":"fr-FR","@id":"https:\/\/news.save.ch\/sicherheit-und-videoueberwachung-6-trends\/#primaryimage","url":"https:\/\/news.save.ch\/wp-content\/uploads\/2016\/12\/Sicherheit-und-Videoueberwachung-6-Trends-sicherheitsforum.jpg","contentUrl":"https:\/\/news.save.ch\/wp-content\/uploads\/2016\/12\/Sicherheit-und-Videoueberwachung-6-Trends-sicherheitsforum.jpg","width":605,"height":398},{"@type":"BreadcrumbList","@id":"https:\/\/news.save.ch\/sicherheit-und-videoueberwachung-6-trends\/#breadcrumb","itemListElement":[{"@type":"ListItem","position":1,"name":"Home","item":"https:\/\/news.save.ch\/de\/"},{"@type":"ListItem","position":2,"name":"Sicherheit und Video\u00fcberwachung: 6 Trends"}]},{"@type":"WebSite","@id":"https:\/\/news.save.ch\/de\/#website","url":"https:\/\/news.save.ch\/de\/","name":"Save","description":"Revue suisse sp\u00e9cialis\u00e9e dans la s\u00e9curit\u00e9","publisher":{"@id":"https:\/\/news.save.ch\/de\/#organization"},"potentialAction":[{"@type":"SearchAction","target":{"@type":"EntryPoint","urlTemplate":"https:\/\/news.save.ch\/de\/?s={search_term_string}"},"query-input":{"@type":"PropertyValueSpecification","valueRequired":true,"valueName":"search_term_string"}}],"inLanguage":"fr-FR"},{"@type":"Organization","@id":"https:\/\/news.save.ch\/de\/#organization","name":"Forum sur la s\u00e9curit\u00e9","url":"https:\/\/news.save.ch\/de\/","logo":{"@type":"ImageObject","inLanguage":"fr-FR","@id":"https:\/\/news.save.ch\/de\/#\/schema\/logo\/image\/","url":"https:\/\/news.save.ch\/wp-content\/uploads\/2022\/06\/Logo_SF_2012.png","contentUrl":"https:\/\/news.save.ch\/wp-content\/uploads\/2022\/06\/Logo_SF_2012.png","width":1100,"height":91,"caption":"Sicherheitsforum"},"image":{"@id":"https:\/\/news.save.ch\/de\/#\/schema\/logo\/image\/"}},{"@type":"Person","@id":"https:\/\/news.save.ch\/de\/#\/schema\/person\/d49e199490bad7c70d64b9ab51142f2b","name":"admin","image":{"@type":"ImageObject","inLanguage":"fr-FR","@id":"https:\/\/secure.gravatar.com\/avatar\/ae2f4d718e6c49043e314ce431e7e645d646302a24a5ef5a8bc8e3f5a032e319?s=96&d=mm&r=g","url":"https:\/\/secure.gravatar.com\/avatar\/ae2f4d718e6c49043e314ce431e7e645d646302a24a5ef5a8bc8e3f5a032e319?s=96&d=mm&r=g","contentUrl":"https:\/\/secure.gravatar.com\/avatar\/ae2f4d718e6c49043e314ce431e7e645d646302a24a5ef5a8bc8e3f5a032e319?s=96&d=mm&r=g","caption":"admin"},"sameAs":["https:\/\/develop.organisator.galledia.ch"],"url":"https:\/\/news.save.ch\/fr\/author\/admin\/"}]}},"_links":{"self":[{"href":"https:\/\/news.save.ch\/fr\/wp-json\/wp\/v2\/posts\/2316","targetHints":{"allow":["GET"]}}],"collection":[{"href":"https:\/\/news.save.ch\/fr\/wp-json\/wp\/v2\/posts"}],"about":[{"href":"https:\/\/news.save.ch\/fr\/wp-json\/wp\/v2\/types\/post"}],"author":[{"embeddable":true,"href":"https:\/\/news.save.ch\/fr\/wp-json\/wp\/v2\/users\/1"}],"replies":[{"embeddable":true,"href":"https:\/\/news.save.ch\/fr\/wp-json\/wp\/v2\/comments?post=2316"}],"version-history":[{"count":0,"href":"https:\/\/news.save.ch\/fr\/wp-json\/wp\/v2\/posts\/2316\/revisions"}],"wp:featuredmedia":[{"embeddable":true,"href":"https:\/\/news.save.ch\/fr\/wp-json\/wp\/v2\/media\/2317"}],"wp:attachment":[{"href":"https:\/\/news.save.ch\/fr\/wp-json\/wp\/v2\/media?parent=2316"}],"wp:term":[{"taxonomy":"category","embeddable":true,"href":"https:\/\/news.save.ch\/fr\/wp-json\/wp\/v2\/categories?post=2316"},{"taxonomy":"post_tag","embeddable":true,"href":"https:\/\/news.save.ch\/fr\/wp-json\/wp\/v2\/tags?post=2316"}],"curies":[{"name":"wp","href":"https:\/\/api.w.org\/{rel}","templated":true}]}}