{"id":23180,"date":"2024-06-02T12:07:44","date_gmt":"2024-06-02T10:07:44","guid":{"rendered":"https:\/\/news.save.ch\/?p=23180"},"modified":"2024-06-04T12:09:53","modified_gmt":"2024-06-04T10:09:53","slug":"sicheres-bergwandern-erfordert-gute-planung","status":null,"type":"post","link":"https:\/\/news.save.ch\/fr\/sicheres-bergwandern-erfordert-gute-planung\/","title":{"rendered":"Une randonn\u00e9e en montagne s\u00fbre n\u00e9cessite une bonne planification"},"content":{"rendered":"<figure id=\"attachment_23181\" aria-describedby=\"caption-attachment-23181\" style=\"width: 999px\" class=\"wp-caption alignnone\"><a href=\"https:\/\/news.save.ch\/fr\/sicheres-bergwandern-erfordert-gute-planung\/depositphotos_324819182_s\/\" rel=\"attachment wp-att-23181\"><img loading=\"lazy\" decoding=\"async\" class=\"size-full wp-image-23181\" src=\"https:\/\/news.save.ch\/wp-content\/uploads\/2024\/06\/Depositphotos_324819182_S.jpg\" alt=\"\" width=\"999\" height=\"662\" srcset=\"https:\/\/news.save.ch\/wp-content\/uploads\/2024\/06\/Depositphotos_324819182_S.jpg 999w, https:\/\/news.save.ch\/wp-content\/uploads\/2024\/06\/Depositphotos_324819182_S-680x451.jpg 680w, https:\/\/news.save.ch\/wp-content\/uploads\/2024\/06\/Depositphotos_324819182_S-768x509.jpg 768w, https:\/\/news.save.ch\/wp-content\/uploads\/2024\/06\/Depositphotos_324819182_S-18x12.jpg 18w, https:\/\/news.save.ch\/wp-content\/uploads\/2024\/06\/Depositphotos_324819182_S-375x248.jpg 375w, https:\/\/news.save.ch\/wp-content\/uploads\/2024\/06\/Depositphotos_324819182_S-528x350.jpg 528w\" sizes=\"auto, (max-width: 999px) 100vw, 999px\" \/><\/a><figcaption id=\"caption-attachment-23181\" class=\"wp-caption-text\">Depositphotos\/ppohudka<\/figcaption><\/figure>\n<p>Chaque ann\u00e9e en Suisse, 51 personnes sont victimes d'un accident mortel lors de la pratique de la randonn\u00e9e ou de la marche en montagne - un chiffre qu'aucun autre sport ne peut \u00e9galer. A cela s'ajoutent 37 000 bless\u00e9s par an. Le nombre \u00e9lev\u00e9 d'accidents est \u00e9galement li\u00e9 au fait que la randonn\u00e9e fait partie des sports les plus populaires en Suisse : pr\u00e8s de 60 % de la population r\u00e9sidante suisse \u00e2g\u00e9e de 15 ans et plus pratiquent r\u00e9guli\u00e8rement la randonn\u00e9e.<\/p>\n<h3>Une randonn\u00e9e en montagne s\u00fbre commence par la planification<\/h3>\n<p>Une planification soigneuse est indispensable pour une randonn\u00e9e en montagne s\u00fbre, car de nombreux accidents surviennent parce que les randonneurs surestiment leurs propres capacit\u00e9s ou \u00e9valuent mal les risques et les exigences. C'est pourquoi le BPA lance une campagne \u00e0 partir de fin juin pour attirer l'attention sur l'importance d'une bonne planification.<\/p>\n<p>Pour faire de la randonn\u00e9e en montagne, il faut avoir le pied s\u00fbr, ne pas \u00eatre sujet au vertige et \u00eatre suffisamment en forme pour pouvoir parcourir l'ensemble de l'itin\u00e9raire, y compris les d\u00e9nivel\u00e9s \u00e0 franchir. Pour une meilleure auto-\u00e9valuation, le site randonnee-securite.ch propose un guide de randonnee.\u00a0<a href=\"https:\/\/sicher-bergwandern.ch\/de\/selbsttest\">Autotest\u00a0<\/a>sont \u00e0 disposition. Le BPA recommande en outre de tenir compte de la m\u00e9t\u00e9o et de l'\u00e9tat des chemins. Sur les chemins de randonn\u00e9e de montagne, les marches \u00e9lev\u00e9es, les chemins in\u00e9gaux avec des racines et des pierres ainsi que les passages expos\u00e9s peuvent augmenter les exigences pos\u00e9es aux randonneurs et le risque d'accident.<\/p>\n<h3>Il faut des informations pr\u00e9cises pour \u00e9valuer les randonn\u00e9es<\/h3>\n<p>Il n'est pas toujours facile de d\u00e9terminer le niveau de difficult\u00e9 d'une randonn\u00e9e donn\u00e9e. Les chemins de randonn\u00e9e de montagne balis\u00e9s en blanc, rouge et blanc peuvent \u00eatre relativement faciles \u00e0 parcourir sur certains tron\u00e7ons, mais \u00e0 d'autres endroits, ils longent une pente raide et pr\u00e9sentent des difficult\u00e9s. C'est pourquoi le BPA, en collaboration avec l'association Suisse Rando et la Haute \u00e9cole sp\u00e9cialis\u00e9e de Suisse occidentale HES-SO, a mis au point une\u00a0<a href=\"https:\/\/www.bfu.ch\/api\/publications\/bfu_2.514.01_Entwicklung%20einer%20Beurteilungsmethodik%20f%C3%BCr%20Wanderwege.pdf\">M\u00e9thode\u00a0<\/a>pour une \u00e9valuation plus pr\u00e9cise des chemins de randonn\u00e9e. Pour ce faire, des personnes form\u00e9es parcourent les sentiers et \u00e9valuent ind\u00e9pendamment les crit\u00e8res \"dangerosit\u00e9\" et \"technique\" le long de l'itin\u00e9raire.<\/p>\n<p>La dangerosit\u00e9 se r\u00e9f\u00e8re principalement au risque de chute. Les exigences techniques comprennent notamment le degr\u00e9 d'in\u00e9galit\u00e9 du chemin ou la hauteur des marches \u00e0 franchir. Cela permet par exemple aux personnes ayant des connaissances techniques mais qui ne sont pas tout \u00e0 fait sujettes au vertige de choisir des randonn\u00e9es qui empruntent certes des chemins exigeants, mais pas trop expos\u00e9s.<\/p>\n<h3>Le BEAA veut permettre une meilleure planification<\/h3>\n<p>La m\u00e9thode nouvellement d\u00e9velopp\u00e9e peut compl\u00e9ter la cat\u00e9gorisation existante en chemins de randonn\u00e9e p\u00e9destre (marqu\u00e9s en jaune), chemins de randonn\u00e9e de montagne (blanc-rouge-blanc) et chemins de randonn\u00e9e alpine (blanc-bleu-blanc). Dans une prochaine \u00e9tape, le BPA pr\u00e9voit donc d'\u00e9valuer les chemins de randonn\u00e9e de montagne dans les premi\u00e8res r\u00e9gions selon les crit\u00e8res \"dangerosit\u00e9\" et \"technique\" et de rendre ces informations suppl\u00e9mentaires accessibles gratuitement \u00e0 tous les randonneurs. A l'avenir, les randonneurs pourront ainsi mieux s'informer et d\u00e9cider en toute connaissance de cause du chemin qui leur convient - ce qui conduira \u00e0 plus de s\u00e9curit\u00e9 lors des randonn\u00e9es en montagne.<\/p>\n<p><em>Source : BFU<\/em><\/p>","protected":false},"excerpt":{"rendered":"<p>Jedes Jahr verunfallen in der Schweiz beim Wandern oder Bergwandern 51 Personen t\u00f6dlich \u2013 so viele wie bei keiner anderen Sportart. Dazu kommen j\u00e4hrlich 37 000 Verletzte. Die hohen Unfallzahlen h\u00e4ngen auch damit zusammen, dass Wandern zu den beliebtesten Sportarten der Schweiz geh\u00f6rt: Fast 60 % der Schweizer Wohnbev\u00f6lkerung ab 15 Jahren wandern regelm\u00e4ssig. Eine [&hellip;]<\/p>\n","protected":false},"author":31,"featured_media":23181,"comment_status":"closed","ping_status":"closed","sticky":false,"template":"","format":"standard","meta":{"_acf_changed":false,"pgc_sgb_lightbox_settings":"","footnotes":""},"categories":[1],"tags":[5162,1761,175,3138,3223],"class_list":["post-23180","post","type-post","status-publish","format-standard","has-post-thumbnail","hentry","category-allgemein","tag-beratungsstelle-fuer-unfallverhaltuetung-bfu","tag-bergwandern","tag-nichtberufsunfaelle","tag-unfallpraevention","tag-wandern"],"acf":[],"hkrextid":null,"publication":null,"issue":null,"workflow":null,"startPage":null,"spitzmarke":null,"_posts_by_tag_page_fields":null,"_at_widget":null,"_yoast_wpseo_primary_category":"","_yoast_wpseo_focuskw_text_input":null,"_yoast_wpseo_opengraph-image":null,"_yoast_wpseo_opengraph-description":null,"_yoast_wpseo_opengraph-title":null,"enclosure":null,"_yoast_wpseo_twitter-title":null,"_yoast_wpseo_twitter-description":null,"_yoast_wpseo_twitter-image":null,"_wp_old_slug":null,"_yoast_wpseo_title":null,"_yoast_wpseo_canonical":null,"yoast_head":"<!-- This site is optimized with the Yoast SEO plugin v27.5 - https:\/\/yoast.com\/product\/yoast-seo-wordpress\/ -->\n<title>Sicheres Bergwandern erfordert gute Planung - Save<\/title>\n<meta name=\"description\" content=\"Beim Bergwandern verunfallen immer wieder Menschen t\u00f6dlich. Oft passieren Unf\u00e4lle, weil Wandernde die Risiken falsch einsch\u00e4tzen.\" \/>\n<meta name=\"robots\" content=\"index, follow, max-snippet:-1, max-image-preview:large, max-video-preview:-1\" \/>\n<link rel=\"canonical\" href=\"https:\/\/news.save.ch\/fr\/sicheres-bergwandern-erfordert-gute-planung\/\" \/>\n<meta property=\"og:locale\" content=\"fr_FR\" \/>\n<meta property=\"og:type\" content=\"article\" \/>\n<meta property=\"og:title\" content=\"Sicheres Bergwandern erfordert gute Planung - Save\" \/>\n<meta property=\"og:description\" content=\"Beim Bergwandern verunfallen immer wieder Menschen t\u00f6dlich. Oft passieren Unf\u00e4lle, weil Wandernde die Risiken falsch einsch\u00e4tzen.\" \/>\n<meta property=\"og:url\" content=\"https:\/\/news.save.ch\/fr\/sicheres-bergwandern-erfordert-gute-planung\/\" \/>\n<meta property=\"og:site_name\" content=\"Save\" \/>\n<meta property=\"article:published_time\" content=\"2024-06-02T10:07:44+00:00\" \/>\n<meta property=\"article:modified_time\" content=\"2024-06-04T10:09:53+00:00\" \/>\n<meta property=\"og:image\" content=\"https:\/\/news.save.ch\/wp-content\/uploads\/2024\/06\/Depositphotos_324819182_S.jpg\" \/>\n\t<meta property=\"og:image:width\" content=\"999\" \/>\n\t<meta property=\"og:image:height\" content=\"662\" \/>\n\t<meta property=\"og:image:type\" content=\"image\/jpeg\" \/>\n<meta name=\"author\" content=\"stefanie Zeng\" \/>\n<meta name=\"twitter:card\" content=\"summary_large_image\" \/>\n<meta name=\"twitter:label1\" content=\"\u00c9crit par\" \/>\n\t<meta name=\"twitter:data1\" content=\"stefanie Zeng\" \/>\n\t<meta name=\"twitter:label2\" content=\"Dur\u00e9e de lecture estim\u00e9e\" \/>\n\t<meta name=\"twitter:data2\" content=\"3 minutes\" \/>\n<script type=\"application\/ld+json\" class=\"yoast-schema-graph\">{\"@context\":\"https:\\\/\\\/schema.org\",\"@graph\":[{\"@type\":\"Article\",\"@id\":\"https:\\\/\\\/news.save.ch\\\/sicheres-bergwandern-erfordert-gute-planung\\\/#article\",\"isPartOf\":{\"@id\":\"https:\\\/\\\/news.save.ch\\\/sicheres-bergwandern-erfordert-gute-planung\\\/\"},\"author\":{\"name\":\"stefanie Zeng\",\"@id\":\"https:\\\/\\\/news.save.ch\\\/de\\\/#\\\/schema\\\/person\\\/10917387362b3961e882740f6cf6f2a2\"},\"headline\":\"Sicheres Bergwandern erfordert gute Planung\",\"datePublished\":\"2024-06-02T10:07:44+00:00\",\"dateModified\":\"2024-06-04T10:09:53+00:00\",\"mainEntityOfPage\":{\"@id\":\"https:\\\/\\\/news.save.ch\\\/sicheres-bergwandern-erfordert-gute-planung\\\/\"},\"wordCount\":447,\"publisher\":{\"@id\":\"https:\\\/\\\/news.save.ch\\\/de\\\/#organization\"},\"image\":{\"@id\":\"https:\\\/\\\/news.save.ch\\\/sicheres-bergwandern-erfordert-gute-planung\\\/#primaryimage\"},\"thumbnailUrl\":\"https:\\\/\\\/news.save.ch\\\/wp-content\\\/uploads\\\/2024\\\/06\\\/Depositphotos_324819182_S.jpg\",\"keywords\":[\"Beratungsstelle f\u00fcr Unfallverhalt\u00fctung (BFU)\",\"Bergwandern\",\"Nichtberufsunf\u00e4lle\",\"Unfallpr\u00e4vention\",\"Wandern\"],\"articleSection\":[\"ALLGEMEIN\"],\"inLanguage\":\"fr-FR\"},{\"@type\":\"WebPage\",\"@id\":\"https:\\\/\\\/news.save.ch\\\/sicheres-bergwandern-erfordert-gute-planung\\\/\",\"url\":\"https:\\\/\\\/news.save.ch\\\/sicheres-bergwandern-erfordert-gute-planung\\\/\",\"name\":\"Sicheres Bergwandern erfordert gute Planung - Save\",\"isPartOf\":{\"@id\":\"https:\\\/\\\/news.save.ch\\\/de\\\/#website\"},\"primaryImageOfPage\":{\"@id\":\"https:\\\/\\\/news.save.ch\\\/sicheres-bergwandern-erfordert-gute-planung\\\/#primaryimage\"},\"image\":{\"@id\":\"https:\\\/\\\/news.save.ch\\\/sicheres-bergwandern-erfordert-gute-planung\\\/#primaryimage\"},\"thumbnailUrl\":\"https:\\\/\\\/news.save.ch\\\/wp-content\\\/uploads\\\/2024\\\/06\\\/Depositphotos_324819182_S.jpg\",\"datePublished\":\"2024-06-02T10:07:44+00:00\",\"dateModified\":\"2024-06-04T10:09:53+00:00\",\"description\":\"Beim Bergwandern verunfallen immer wieder Menschen t\u00f6dlich. Oft passieren Unf\u00e4lle, weil Wandernde die Risiken falsch einsch\u00e4tzen.\",\"breadcrumb\":{\"@id\":\"https:\\\/\\\/news.save.ch\\\/sicheres-bergwandern-erfordert-gute-planung\\\/#breadcrumb\"},\"inLanguage\":\"fr-FR\",\"potentialAction\":[{\"@type\":\"ReadAction\",\"target\":[\"https:\\\/\\\/news.save.ch\\\/sicheres-bergwandern-erfordert-gute-planung\\\/\"]}]},{\"@type\":\"ImageObject\",\"inLanguage\":\"fr-FR\",\"@id\":\"https:\\\/\\\/news.save.ch\\\/sicheres-bergwandern-erfordert-gute-planung\\\/#primaryimage\",\"url\":\"https:\\\/\\\/news.save.ch\\\/wp-content\\\/uploads\\\/2024\\\/06\\\/Depositphotos_324819182_S.jpg\",\"contentUrl\":\"https:\\\/\\\/news.save.ch\\\/wp-content\\\/uploads\\\/2024\\\/06\\\/Depositphotos_324819182_S.jpg\",\"width\":999,\"height\":662,\"caption\":\"Depositphotos\\\/ppohudka\"},{\"@type\":\"BreadcrumbList\",\"@id\":\"https:\\\/\\\/news.save.ch\\\/sicheres-bergwandern-erfordert-gute-planung\\\/#breadcrumb\",\"itemListElement\":[{\"@type\":\"ListItem\",\"position\":1,\"name\":\"Home\",\"item\":\"https:\\\/\\\/news.save.ch\\\/de\\\/\"},{\"@type\":\"ListItem\",\"position\":2,\"name\":\"Sicheres Bergwandern erfordert gute Planung\"}]},{\"@type\":\"WebSite\",\"@id\":\"https:\\\/\\\/news.save.ch\\\/de\\\/#website\",\"url\":\"https:\\\/\\\/news.save.ch\\\/de\\\/\",\"name\":\"Save\",\"description\":\"Schweizer Fachzeitschrift f\u00fcr Sicherheit\",\"publisher\":{\"@id\":\"https:\\\/\\\/news.save.ch\\\/de\\\/#organization\"},\"potentialAction\":[{\"@type\":\"SearchAction\",\"target\":{\"@type\":\"EntryPoint\",\"urlTemplate\":\"https:\\\/\\\/news.save.ch\\\/de\\\/?s={search_term_string}\"},\"query-input\":{\"@type\":\"PropertyValueSpecification\",\"valueRequired\":true,\"valueName\":\"search_term_string\"}}],\"inLanguage\":\"fr-FR\"},{\"@type\":\"Organization\",\"@id\":\"https:\\\/\\\/news.save.ch\\\/de\\\/#organization\",\"name\":\"Sicherheitsforum\",\"url\":\"https:\\\/\\\/news.save.ch\\\/de\\\/\",\"logo\":{\"@type\":\"ImageObject\",\"inLanguage\":\"fr-FR\",\"@id\":\"https:\\\/\\\/news.save.ch\\\/de\\\/#\\\/schema\\\/logo\\\/image\\\/\",\"url\":\"https:\\\/\\\/news.save.ch\\\/wp-content\\\/uploads\\\/2022\\\/06\\\/Logo_SF_2012.png\",\"contentUrl\":\"https:\\\/\\\/news.save.ch\\\/wp-content\\\/uploads\\\/2022\\\/06\\\/Logo_SF_2012.png\",\"width\":1100,\"height\":91,\"caption\":\"Sicherheitsforum\"},\"image\":{\"@id\":\"https:\\\/\\\/news.save.ch\\\/de\\\/#\\\/schema\\\/logo\\\/image\\\/\"}},{\"@type\":\"Person\",\"@id\":\"https:\\\/\\\/news.save.ch\\\/de\\\/#\\\/schema\\\/person\\\/10917387362b3961e882740f6cf6f2a2\",\"name\":\"stefanie Zeng\",\"image\":{\"@type\":\"ImageObject\",\"inLanguage\":\"fr-FR\",\"@id\":\"https:\\\/\\\/secure.gravatar.com\\\/avatar\\\/eac43faa6e40bb2c41068c95c9d78bbd94c476d5efdff7abaab80bb3ea681e06?s=96&d=mm&r=g\",\"url\":\"https:\\\/\\\/secure.gravatar.com\\\/avatar\\\/eac43faa6e40bb2c41068c95c9d78bbd94c476d5efdff7abaab80bb3ea681e06?s=96&d=mm&r=g\",\"contentUrl\":\"https:\\\/\\\/secure.gravatar.com\\\/avatar\\\/eac43faa6e40bb2c41068c95c9d78bbd94c476d5efdff7abaab80bb3ea681e06?s=96&d=mm&r=g\",\"caption\":\"stefanie Zeng\"},\"url\":\"https:\\\/\\\/news.save.ch\\\/fr\\\/author\\\/stefanie-zeng\\\/\"}]}<\/script>\n<!-- \/ Yoast SEO plugin. -->","yoast_head_json":{"title":"Une randonn\u00e9e en montagne s\u00fbre n\u00e9cessite une bonne planification - Save","description":"Les randonn\u00e9es en montagne sont r\u00e9guli\u00e8rement \u00e0 l'origine d'accidents mortels. Souvent, les accidents surviennent parce que les randonneurs \u00e9valuent mal les risques.","robots":{"index":"index","follow":"follow","max-snippet":"max-snippet:-1","max-image-preview":"max-image-preview:large","max-video-preview":"max-video-preview:-1"},"canonical":"https:\/\/news.save.ch\/fr\/sicheres-bergwandern-erfordert-gute-planung\/","og_locale":"fr_FR","og_type":"article","og_title":"Sicheres Bergwandern erfordert gute Planung - Save","og_description":"Beim Bergwandern verunfallen immer wieder Menschen t\u00f6dlich. Oft passieren Unf\u00e4lle, weil Wandernde die Risiken falsch einsch\u00e4tzen.","og_url":"https:\/\/news.save.ch\/fr\/sicheres-bergwandern-erfordert-gute-planung\/","og_site_name":"Save","article_published_time":"2024-06-02T10:07:44+00:00","article_modified_time":"2024-06-04T10:09:53+00:00","og_image":[{"width":999,"height":662,"url":"https:\/\/news.save.ch\/wp-content\/uploads\/2024\/06\/Depositphotos_324819182_S.jpg","type":"image\/jpeg"}],"author":"stefanie Zeng","twitter_card":"summary_large_image","twitter_misc":{"\u00c9crit par":"stefanie Zeng","Dur\u00e9e de lecture estim\u00e9e":"3 minutes"},"schema":{"@context":"https:\/\/schema.org","@graph":[{"@type":"Article","@id":"https:\/\/news.save.ch\/sicheres-bergwandern-erfordert-gute-planung\/#article","isPartOf":{"@id":"https:\/\/news.save.ch\/sicheres-bergwandern-erfordert-gute-planung\/"},"author":{"name":"stefanie Zeng","@id":"https:\/\/news.save.ch\/de\/#\/schema\/person\/10917387362b3961e882740f6cf6f2a2"},"headline":"Sicheres Bergwandern erfordert gute Planung","datePublished":"2024-06-02T10:07:44+00:00","dateModified":"2024-06-04T10:09:53+00:00","mainEntityOfPage":{"@id":"https:\/\/news.save.ch\/sicheres-bergwandern-erfordert-gute-planung\/"},"wordCount":447,"publisher":{"@id":"https:\/\/news.save.ch\/de\/#organization"},"image":{"@id":"https:\/\/news.save.ch\/sicheres-bergwandern-erfordert-gute-planung\/#primaryimage"},"thumbnailUrl":"https:\/\/news.save.ch\/wp-content\/uploads\/2024\/06\/Depositphotos_324819182_S.jpg","keywords":["Beratungsstelle f\u00fcr Unfallverhalt\u00fctung (BFU)","Bergwandern","Nichtberufsunf\u00e4lle","Unfallpr\u00e4vention","Wandern"],"articleSection":["ALLGEMEIN"],"inLanguage":"fr-FR"},{"@type":"WebPage","@id":"https:\/\/news.save.ch\/sicheres-bergwandern-erfordert-gute-planung\/","url":"https:\/\/news.save.ch\/sicheres-bergwandern-erfordert-gute-planung\/","name":"Une randonn\u00e9e en montagne s\u00fbre n\u00e9cessite une bonne planification - Save","isPartOf":{"@id":"https:\/\/news.save.ch\/de\/#website"},"primaryImageOfPage":{"@id":"https:\/\/news.save.ch\/sicheres-bergwandern-erfordert-gute-planung\/#primaryimage"},"image":{"@id":"https:\/\/news.save.ch\/sicheres-bergwandern-erfordert-gute-planung\/#primaryimage"},"thumbnailUrl":"https:\/\/news.save.ch\/wp-content\/uploads\/2024\/06\/Depositphotos_324819182_S.jpg","datePublished":"2024-06-02T10:07:44+00:00","dateModified":"2024-06-04T10:09:53+00:00","description":"Les randonn\u00e9es en montagne sont r\u00e9guli\u00e8rement \u00e0 l'origine d'accidents mortels. Souvent, les accidents surviennent parce que les randonneurs \u00e9valuent mal les risques.","breadcrumb":{"@id":"https:\/\/news.save.ch\/sicheres-bergwandern-erfordert-gute-planung\/#breadcrumb"},"inLanguage":"fr-FR","potentialAction":[{"@type":"ReadAction","target":["https:\/\/news.save.ch\/sicheres-bergwandern-erfordert-gute-planung\/"]}]},{"@type":"ImageObject","inLanguage":"fr-FR","@id":"https:\/\/news.save.ch\/sicheres-bergwandern-erfordert-gute-planung\/#primaryimage","url":"https:\/\/news.save.ch\/wp-content\/uploads\/2024\/06\/Depositphotos_324819182_S.jpg","contentUrl":"https:\/\/news.save.ch\/wp-content\/uploads\/2024\/06\/Depositphotos_324819182_S.jpg","width":999,"height":662,"caption":"Depositphotos\/ppohudka"},{"@type":"BreadcrumbList","@id":"https:\/\/news.save.ch\/sicheres-bergwandern-erfordert-gute-planung\/#breadcrumb","itemListElement":[{"@type":"ListItem","position":1,"name":"Home","item":"https:\/\/news.save.ch\/de\/"},{"@type":"ListItem","position":2,"name":"Sicheres Bergwandern erfordert gute Planung"}]},{"@type":"WebSite","@id":"https:\/\/news.save.ch\/de\/#website","url":"https:\/\/news.save.ch\/de\/","name":"Save","description":"Revue suisse sp\u00e9cialis\u00e9e dans la s\u00e9curit\u00e9","publisher":{"@id":"https:\/\/news.save.ch\/de\/#organization"},"potentialAction":[{"@type":"SearchAction","target":{"@type":"EntryPoint","urlTemplate":"https:\/\/news.save.ch\/de\/?s={search_term_string}"},"query-input":{"@type":"PropertyValueSpecification","valueRequired":true,"valueName":"search_term_string"}}],"inLanguage":"fr-FR"},{"@type":"Organization","@id":"https:\/\/news.save.ch\/de\/#organization","name":"Forum sur la s\u00e9curit\u00e9","url":"https:\/\/news.save.ch\/de\/","logo":{"@type":"ImageObject","inLanguage":"fr-FR","@id":"https:\/\/news.save.ch\/de\/#\/schema\/logo\/image\/","url":"https:\/\/news.save.ch\/wp-content\/uploads\/2022\/06\/Logo_SF_2012.png","contentUrl":"https:\/\/news.save.ch\/wp-content\/uploads\/2022\/06\/Logo_SF_2012.png","width":1100,"height":91,"caption":"Sicherheitsforum"},"image":{"@id":"https:\/\/news.save.ch\/de\/#\/schema\/logo\/image\/"}},{"@type":"Person","@id":"https:\/\/news.save.ch\/de\/#\/schema\/person\/10917387362b3961e882740f6cf6f2a2","name":"stefanie Zeng","image":{"@type":"ImageObject","inLanguage":"fr-FR","@id":"https:\/\/secure.gravatar.com\/avatar\/eac43faa6e40bb2c41068c95c9d78bbd94c476d5efdff7abaab80bb3ea681e06?s=96&d=mm&r=g","url":"https:\/\/secure.gravatar.com\/avatar\/eac43faa6e40bb2c41068c95c9d78bbd94c476d5efdff7abaab80bb3ea681e06?s=96&d=mm&r=g","contentUrl":"https:\/\/secure.gravatar.com\/avatar\/eac43faa6e40bb2c41068c95c9d78bbd94c476d5efdff7abaab80bb3ea681e06?s=96&d=mm&r=g","caption":"stefanie Zeng"},"url":"https:\/\/news.save.ch\/fr\/author\/stefanie-zeng\/"}]}},"_links":{"self":[{"href":"https:\/\/news.save.ch\/fr\/wp-json\/wp\/v2\/posts\/23180","targetHints":{"allow":["GET"]}}],"collection":[{"href":"https:\/\/news.save.ch\/fr\/wp-json\/wp\/v2\/posts"}],"about":[{"href":"https:\/\/news.save.ch\/fr\/wp-json\/wp\/v2\/types\/post"}],"author":[{"embeddable":true,"href":"https:\/\/news.save.ch\/fr\/wp-json\/wp\/v2\/users\/31"}],"replies":[{"embeddable":true,"href":"https:\/\/news.save.ch\/fr\/wp-json\/wp\/v2\/comments?post=23180"}],"version-history":[{"count":2,"href":"https:\/\/news.save.ch\/fr\/wp-json\/wp\/v2\/posts\/23180\/revisions"}],"predecessor-version":[{"id":23183,"href":"https:\/\/news.save.ch\/fr\/wp-json\/wp\/v2\/posts\/23180\/revisions\/23183"}],"wp:featuredmedia":[{"embeddable":true,"href":"https:\/\/news.save.ch\/fr\/wp-json\/wp\/v2\/media\/23181"}],"wp:attachment":[{"href":"https:\/\/news.save.ch\/fr\/wp-json\/wp\/v2\/media?parent=23180"}],"wp:term":[{"taxonomy":"category","embeddable":true,"href":"https:\/\/news.save.ch\/fr\/wp-json\/wp\/v2\/categories?post=23180"},{"taxonomy":"post_tag","embeddable":true,"href":"https:\/\/news.save.ch\/fr\/wp-json\/wp\/v2\/tags?post=23180"}],"curies":[{"name":"wp","href":"https:\/\/api.w.org\/{rel}","templated":true}]}}