{"id":23212,"date":"2024-06-13T15:07:07","date_gmt":"2024-06-13T13:07:07","guid":{"rendered":"https:\/\/news.save.ch\/?p=23212"},"modified":"2024-06-14T11:35:34","modified_gmt":"2024-06-14T09:35:34","slug":"axis-communications-launcht-zwei-neue-explosionsgeschuetzte-sicherheitsloesungen","status":null,"type":"post","link":"https:\/\/news.save.ch\/fr\/axis-communications-launcht-zwei-neue-explosionsgeschuetzte-sicherheitsloesungen\/","title":{"rendered":"Axis Communications lance de nouvelles solutions de s\u00e9curit\u00e9 antid\u00e9flagrantes"},"content":{"rendered":"<figure id=\"attachment_23221\" aria-describedby=\"caption-attachment-23221\" style=\"width: 1400px\" class=\"wp-caption alignnone\"><a href=\"https:\/\/news.save.ch\/fr\/axis-communications-launcht-zwei-neue-explosionsgeschuetzte-sicherheitsloesungen\/axisq12-scaled\/\" rel=\"attachment wp-att-23221\"><img loading=\"lazy\" decoding=\"async\" class=\"size-full wp-image-23221\" src=\"https:\/\/news.save.ch\/wp-content\/uploads\/2024\/06\/AXISQ12-scaled-1-scaled.jpg\" alt=\"\" width=\"1400\" height=\"934\" srcset=\"https:\/\/news.save.ch\/wp-content\/uploads\/2024\/06\/AXISQ12-scaled-1-scaled.jpg 1200w, https:\/\/news.save.ch\/wp-content\/uploads\/2024\/06\/AXISQ12-scaled-1-680x453.jpg 680w, https:\/\/news.save.ch\/wp-content\/uploads\/2024\/06\/AXISQ12-scaled-1-1024x683.jpg 1024w, https:\/\/news.save.ch\/wp-content\/uploads\/2024\/06\/AXISQ12-scaled-1-768x512.jpg 768w, https:\/\/news.save.ch\/wp-content\/uploads\/2024\/06\/AXISQ12-scaled-1-1536x1024.jpg 1536w, https:\/\/news.save.ch\/wp-content\/uploads\/2024\/06\/AXISQ12-scaled-1-2048x1366.jpg 2048w, https:\/\/news.save.ch\/wp-content\/uploads\/2024\/06\/AXISQ12-scaled-1-18x12.jpg 18w, https:\/\/news.save.ch\/wp-content\/uploads\/2024\/06\/AXISQ12-scaled-1-375x250.jpg 375w, https:\/\/news.save.ch\/wp-content\/uploads\/2024\/06\/AXISQ12-scaled-1-525x350.jpg 525w, https:\/\/news.save.ch\/wp-content\/uploads\/2024\/06\/AXISQ12-scaled-1-1000x667.jpg 1000w\" sizes=\"auto, (max-width: 1400px) 100vw, 1400px\" \/><\/a><figcaption id=\"caption-attachment-23221\" class=\"wp-caption-text\">Photo : Axis Communications<\/figcaption><\/figure>\n<p>Axis Communications lance deux nouvelles solutions de s\u00e9curit\u00e9 antid\u00e9flagrantes destin\u00e9es \u00e0 \u00eatre utilis\u00e9es dans des zones pr\u00e9sentant un profil de risque particulier. L'AXIS Q1961-XTE Explosion-Protected Thermal Camera est la premi\u00e8re cam\u00e9ra r\u00e9seau thermographique antid\u00e9flagrante au monde pour les zones dangereuses de la zone 2, tandis que l'AXIS XC1311 Explosion-Protected Horn Speaker est le premier haut-parleur r\u00e9seau \u00e0 pavillon sp\u00e9cialement con\u00e7u pour les zones dangereuses de la zone 1. Les deux solutions ont \u00e9t\u00e9 d\u00e9velopp\u00e9es et certifi\u00e9es conform\u00e9ment aux normes internationales de protection contre les explosions.<\/p>\n<p>Alors qu'une atmosph\u00e8re explosive dangereuse ne se forme qu'occasionnellement dans une zone dangereuse de la zone 1 en fonctionnement normal, elle ne se produit g\u00e9n\u00e9ralement pas ou seulement bri\u00e8vement en fonctionnement normal dans la zone 2. C'est pr\u00e9cis\u00e9ment pour les cas d'application dans ces zones que les deux nouvelles solutions de s\u00e9curit\u00e9 r\u00e9seau d'Axis ont \u00e9t\u00e9 d\u00e9velopp\u00e9es.<\/p>\n<h3>AXIS Q1961-XTE : mesure s\u00fbre de la temp\u00e9rature en zone 2<\/h3>\n<p>Avec l'AXIS Q1961-XTE, Axis a d\u00e9velopp\u00e9 la premi\u00e8re cam\u00e9ra thermographique au monde qui est sp\u00e9cialement certifi\u00e9e pour les zones dangereuses de la zone 2. La cam\u00e9ra fait ici office de cam\u00e9ra thermique qui, outre la visualisation de l'image thermique infrarouge, peut \u00e9galement surveiller avec pr\u00e9cision l'\u00e9volution de la temp\u00e9rature \u00e0 des distances plus importantes gr\u00e2ce \u00e0 une mesure de temp\u00e9rature particuli\u00e8rement efficace (-40 \u00b0C \u00e0 350 \u00b0C ou -40 \u00b0F \u00e0 660 \u00b0F).<\/p>\n<p>L'AXIS Q1961-XTE prend en charge jusqu'\u00e0 dix zones de d\u00e9tection polygonales configurables avec des alarmes \u00e0 d\u00e9clenchement automatique. La mesure de temp\u00e9rature ponctuelle s'effectue alors partout dans le champ de vision de la cam\u00e9ra afin de d\u00e9terminer les temp\u00e9ratures dans des zones sp\u00e9cifiques. Une alarme est par exemple d\u00e9clench\u00e9e lorsque la temp\u00e9rature dans la zone de mesure de la cam\u00e9ra est sup\u00e9rieure ou inf\u00e9rieure \u00e0 une valeur seuil pr\u00e9d\u00e9finie. Des notifications automatis\u00e9es sont \u00e9galement possibles en cas de hausse ou de baisse trop rapide de la temp\u00e9rature.<\/p>\n<p>Ainsi, non seulement les situations dangereuses dans les infrastructures critiques et les environnements industriels peuvent \u00eatre identifi\u00e9es \u00e0 distance de mani\u00e8re fiable et pr\u00e9ventive, mais la surchauffe des machines et des \u00e9quipements est \u00e9galement d\u00e9tect\u00e9e \u00e0 temps. Les temps d'arr\u00eat impr\u00e9vus peuvent ainsi \u00eatre minimis\u00e9s, la maintenance pr\u00e9ventive peut \u00eatre planifi\u00e9e et l'efficacit\u00e9 op\u00e9rationnelle peut ainsi \u00eatre augment\u00e9e, par exemple pour des processus tels que la gestion des d\u00e9chets et le recyclage.<\/p>\n<p>La cam\u00e9ra robuste AXIS Q1961-XTE est certifi\u00e9e IP66\/IP67 et est \u00e9quip\u00e9e de protections \u00e9lectriques contre les arcs \u00e9lectriques, les \u00e9tincelles et la surchauffe, ainsi que de connexions de c\u00e2bles s\u00e9curis\u00e9es et de composants en plastique avec des propri\u00e9t\u00e9s ignifuges am\u00e9lior\u00e9es. Elle est \u00e9galement \u00e9quip\u00e9e d'Axis Edge Vault, une plateforme de cybers\u00e9curit\u00e9 bas\u00e9e sur le mat\u00e9riel qui prot\u00e8ge les donn\u00e9es sensibles en usine sur la base de cl\u00e9s cryptographiques.<\/p>\n<p><em>Source : Axis Communications<\/em><\/p>","protected":false},"excerpt":{"rendered":"<p>Axis Communications launcht zwei neue explosionsgesch\u00fctzte Sicherheitsl\u00f6sungen f\u00fcr den Einsatz in Zonen mit besonderem Gefahrenprofil. Die AXIS Q1961-XTE Explosion-Protected Thermal Camera ist die weltweit erste thermografische, explosionsgesch\u00fctzte Netzwerkkamera f\u00fcr Gefahrenbereiche der Zone 2, w\u00e4hrend der AXIS XC1311 Explosion-Protected Horn Speaker der erste, speziell f\u00fcr Gefahrenbereiche der Zone 1 designte Netzwerk-Hornlautsprecher ist. Beide L\u00f6sungen wurden gem\u00e4ss [&hellip;]<\/p>\n","protected":false},"author":31,"featured_media":23221,"comment_status":"closed","ping_status":"closed","sticky":false,"template":"","format":"standard","meta":{"_acf_changed":false,"pgc_sgb_lightbox_settings":"","footnotes":""},"categories":[3312],"tags":[343,78],"class_list":["post-23212","post","type-post","status-publish","format-standard","has-post-thumbnail","hentry","category-sicherheit","tag-axis","tag-videoueberwachung"],"acf":[],"hkrextid":null,"publication":null,"issue":null,"workflow":null,"startPage":null,"spitzmarke":null,"_posts_by_tag_page_fields":null,"_at_widget":null,"_yoast_wpseo_primary_category":"3312","_yoast_wpseo_focuskw_text_input":null,"_yoast_wpseo_opengraph-image":null,"_yoast_wpseo_opengraph-description":null,"_yoast_wpseo_opengraph-title":null,"enclosure":null,"_yoast_wpseo_twitter-title":null,"_yoast_wpseo_twitter-description":null,"_yoast_wpseo_twitter-image":null,"_wp_old_slug":null,"_yoast_wpseo_title":null,"_yoast_wpseo_canonical":null,"yoast_head":"<!-- This site is optimized with the Yoast SEO plugin v27.4 - https:\/\/yoast.com\/product\/yoast-seo-wordpress\/ -->\n<title>Axis Communications launcht neue explosionsgesch\u00fctzte Sicherheitsl\u00f6sungen - Save<\/title>\n<meta name=\"description\" content=\"Neue Kameras von Axis sind speziell f\u00fcr den Einsatz in explosionsgef\u00e4hrdeten Bereichen entwickelt und zertifiziert.\" \/>\n<meta name=\"robots\" content=\"index, follow, max-snippet:-1, max-image-preview:large, max-video-preview:-1\" \/>\n<link rel=\"canonical\" href=\"https:\/\/news.save.ch\/fr\/axis-communications-launcht-zwei-neue-explosionsgeschuetzte-sicherheitsloesungen\/\" \/>\n<meta property=\"og:locale\" content=\"fr_FR\" \/>\n<meta property=\"og:type\" content=\"article\" \/>\n<meta property=\"og:title\" content=\"Axis Communications launcht neue explosionsgesch\u00fctzte Sicherheitsl\u00f6sungen - Save\" \/>\n<meta property=\"og:description\" content=\"Neue Kameras von Axis sind speziell f\u00fcr den Einsatz in explosionsgef\u00e4hrdeten Bereichen entwickelt und zertifiziert.\" \/>\n<meta property=\"og:url\" content=\"https:\/\/news.save.ch\/fr\/axis-communications-launcht-zwei-neue-explosionsgeschuetzte-sicherheitsloesungen\/\" \/>\n<meta property=\"og:site_name\" content=\"Save\" \/>\n<meta property=\"article:published_time\" content=\"2024-06-13T13:07:07+00:00\" \/>\n<meta property=\"article:modified_time\" content=\"2024-06-14T09:35:34+00:00\" \/>\n<meta property=\"og:image\" content=\"https:\/\/news.save.ch\/wp-content\/uploads\/2024\/06\/AXISQ12-scaled-1-scaled.jpg\" \/>\n\t<meta property=\"og:image:width\" content=\"1200\" \/>\n\t<meta property=\"og:image:height\" content=\"801\" \/>\n\t<meta property=\"og:image:type\" content=\"image\/jpeg\" \/>\n<meta name=\"author\" content=\"stefanie Zeng\" \/>\n<meta name=\"twitter:card\" content=\"summary_large_image\" \/>\n<meta name=\"twitter:label1\" content=\"\u00c9crit par\" \/>\n\t<meta name=\"twitter:data1\" content=\"stefanie Zeng\" \/>\n\t<meta name=\"twitter:label2\" content=\"Dur\u00e9e de lecture estim\u00e9e\" \/>\n\t<meta name=\"twitter:data2\" content=\"3 minutes\" \/>\n<script type=\"application\/ld+json\" class=\"yoast-schema-graph\">{\"@context\":\"https:\\\/\\\/schema.org\",\"@graph\":[{\"@type\":\"Article\",\"@id\":\"https:\\\/\\\/news.save.ch\\\/axis-communications-launcht-zwei-neue-explosionsgeschuetzte-sicherheitsloesungen\\\/#article\",\"isPartOf\":{\"@id\":\"https:\\\/\\\/news.save.ch\\\/axis-communications-launcht-zwei-neue-explosionsgeschuetzte-sicherheitsloesungen\\\/\"},\"author\":{\"name\":\"stefanie Zeng\",\"@id\":\"https:\\\/\\\/news.save.ch\\\/de\\\/#\\\/schema\\\/person\\\/10917387362b3961e882740f6cf6f2a2\"},\"headline\":\"Axis Communications launcht neue explosionsgesch\u00fctzte Sicherheitsl\u00f6sungen\",\"datePublished\":\"2024-06-13T13:07:07+00:00\",\"dateModified\":\"2024-06-14T09:35:34+00:00\",\"mainEntityOfPage\":{\"@id\":\"https:\\\/\\\/news.save.ch\\\/axis-communications-launcht-zwei-neue-explosionsgeschuetzte-sicherheitsloesungen\\\/\"},\"wordCount\":384,\"publisher\":{\"@id\":\"https:\\\/\\\/news.save.ch\\\/de\\\/#organization\"},\"image\":{\"@id\":\"https:\\\/\\\/news.save.ch\\\/axis-communications-launcht-zwei-neue-explosionsgeschuetzte-sicherheitsloesungen\\\/#primaryimage\"},\"thumbnailUrl\":\"https:\\\/\\\/news.save.ch\\\/wp-content\\\/uploads\\\/2024\\\/06\\\/AXISQ12-scaled-1-scaled.jpg\",\"keywords\":[\"Axis\",\"Video\u00fcberwachung\"],\"articleSection\":[\"SICHERHEIT\"],\"inLanguage\":\"fr-FR\"},{\"@type\":\"WebPage\",\"@id\":\"https:\\\/\\\/news.save.ch\\\/axis-communications-launcht-zwei-neue-explosionsgeschuetzte-sicherheitsloesungen\\\/\",\"url\":\"https:\\\/\\\/news.save.ch\\\/axis-communications-launcht-zwei-neue-explosionsgeschuetzte-sicherheitsloesungen\\\/\",\"name\":\"Axis Communications launcht neue explosionsgesch\u00fctzte Sicherheitsl\u00f6sungen - Save\",\"isPartOf\":{\"@id\":\"https:\\\/\\\/news.save.ch\\\/de\\\/#website\"},\"primaryImageOfPage\":{\"@id\":\"https:\\\/\\\/news.save.ch\\\/axis-communications-launcht-zwei-neue-explosionsgeschuetzte-sicherheitsloesungen\\\/#primaryimage\"},\"image\":{\"@id\":\"https:\\\/\\\/news.save.ch\\\/axis-communications-launcht-zwei-neue-explosionsgeschuetzte-sicherheitsloesungen\\\/#primaryimage\"},\"thumbnailUrl\":\"https:\\\/\\\/news.save.ch\\\/wp-content\\\/uploads\\\/2024\\\/06\\\/AXISQ12-scaled-1-scaled.jpg\",\"datePublished\":\"2024-06-13T13:07:07+00:00\",\"dateModified\":\"2024-06-14T09:35:34+00:00\",\"description\":\"Neue Kameras von Axis sind speziell f\u00fcr den Einsatz in explosionsgef\u00e4hrdeten Bereichen entwickelt und zertifiziert.\",\"breadcrumb\":{\"@id\":\"https:\\\/\\\/news.save.ch\\\/axis-communications-launcht-zwei-neue-explosionsgeschuetzte-sicherheitsloesungen\\\/#breadcrumb\"},\"inLanguage\":\"fr-FR\",\"potentialAction\":[{\"@type\":\"ReadAction\",\"target\":[\"https:\\\/\\\/news.save.ch\\\/axis-communications-launcht-zwei-neue-explosionsgeschuetzte-sicherheitsloesungen\\\/\"]}]},{\"@type\":\"ImageObject\",\"inLanguage\":\"fr-FR\",\"@id\":\"https:\\\/\\\/news.save.ch\\\/axis-communications-launcht-zwei-neue-explosionsgeschuetzte-sicherheitsloesungen\\\/#primaryimage\",\"url\":\"https:\\\/\\\/news.save.ch\\\/wp-content\\\/uploads\\\/2024\\\/06\\\/AXISQ12-scaled-1-scaled.jpg\",\"contentUrl\":\"https:\\\/\\\/news.save.ch\\\/wp-content\\\/uploads\\\/2024\\\/06\\\/AXISQ12-scaled-1-scaled.jpg\",\"width\":1200,\"height\":801,\"caption\":\"Foto: Axis Communications\"},{\"@type\":\"BreadcrumbList\",\"@id\":\"https:\\\/\\\/news.save.ch\\\/axis-communications-launcht-zwei-neue-explosionsgeschuetzte-sicherheitsloesungen\\\/#breadcrumb\",\"itemListElement\":[{\"@type\":\"ListItem\",\"position\":1,\"name\":\"Home\",\"item\":\"https:\\\/\\\/news.save.ch\\\/de\\\/\"},{\"@type\":\"ListItem\",\"position\":2,\"name\":\"Axis Communications launcht neue explosionsgesch\u00fctzte Sicherheitsl\u00f6sungen\"}]},{\"@type\":\"WebSite\",\"@id\":\"https:\\\/\\\/news.save.ch\\\/de\\\/#website\",\"url\":\"https:\\\/\\\/news.save.ch\\\/de\\\/\",\"name\":\"Save\",\"description\":\"Schweizer Fachzeitschrift f\u00fcr Sicherheit\",\"publisher\":{\"@id\":\"https:\\\/\\\/news.save.ch\\\/de\\\/#organization\"},\"potentialAction\":[{\"@type\":\"SearchAction\",\"target\":{\"@type\":\"EntryPoint\",\"urlTemplate\":\"https:\\\/\\\/news.save.ch\\\/de\\\/?s={search_term_string}\"},\"query-input\":{\"@type\":\"PropertyValueSpecification\",\"valueRequired\":true,\"valueName\":\"search_term_string\"}}],\"inLanguage\":\"fr-FR\"},{\"@type\":\"Organization\",\"@id\":\"https:\\\/\\\/news.save.ch\\\/de\\\/#organization\",\"name\":\"Sicherheitsforum\",\"url\":\"https:\\\/\\\/news.save.ch\\\/de\\\/\",\"logo\":{\"@type\":\"ImageObject\",\"inLanguage\":\"fr-FR\",\"@id\":\"https:\\\/\\\/news.save.ch\\\/de\\\/#\\\/schema\\\/logo\\\/image\\\/\",\"url\":\"https:\\\/\\\/news.save.ch\\\/wp-content\\\/uploads\\\/2022\\\/06\\\/Logo_SF_2012.png\",\"contentUrl\":\"https:\\\/\\\/news.save.ch\\\/wp-content\\\/uploads\\\/2022\\\/06\\\/Logo_SF_2012.png\",\"width\":1100,\"height\":91,\"caption\":\"Sicherheitsforum\"},\"image\":{\"@id\":\"https:\\\/\\\/news.save.ch\\\/de\\\/#\\\/schema\\\/logo\\\/image\\\/\"}},{\"@type\":\"Person\",\"@id\":\"https:\\\/\\\/news.save.ch\\\/de\\\/#\\\/schema\\\/person\\\/10917387362b3961e882740f6cf6f2a2\",\"name\":\"stefanie Zeng\",\"image\":{\"@type\":\"ImageObject\",\"inLanguage\":\"fr-FR\",\"@id\":\"https:\\\/\\\/secure.gravatar.com\\\/avatar\\\/eac43faa6e40bb2c41068c95c9d78bbd94c476d5efdff7abaab80bb3ea681e06?s=96&d=mm&r=g\",\"url\":\"https:\\\/\\\/secure.gravatar.com\\\/avatar\\\/eac43faa6e40bb2c41068c95c9d78bbd94c476d5efdff7abaab80bb3ea681e06?s=96&d=mm&r=g\",\"contentUrl\":\"https:\\\/\\\/secure.gravatar.com\\\/avatar\\\/eac43faa6e40bb2c41068c95c9d78bbd94c476d5efdff7abaab80bb3ea681e06?s=96&d=mm&r=g\",\"caption\":\"stefanie Zeng\"},\"url\":\"https:\\\/\\\/news.save.ch\\\/fr\\\/author\\\/stefanie-zeng\\\/\"}]}<\/script>\n<!-- \/ Yoast SEO plugin. -->","yoast_head_json":{"title":"Axis Communications lance de nouvelles solutions de s\u00e9curit\u00e9 antid\u00e9flagrantes - Save","description":"Les nouvelles cam\u00e9ras d'Axis sont sp\u00e9cialement con\u00e7ues et certifi\u00e9es pour une utilisation dans des zones \u00e0 risque d'explosion.","robots":{"index":"index","follow":"follow","max-snippet":"max-snippet:-1","max-image-preview":"max-image-preview:large","max-video-preview":"max-video-preview:-1"},"canonical":"https:\/\/news.save.ch\/fr\/axis-communications-launcht-zwei-neue-explosionsgeschuetzte-sicherheitsloesungen\/","og_locale":"fr_FR","og_type":"article","og_title":"Axis Communications launcht neue explosionsgesch\u00fctzte Sicherheitsl\u00f6sungen - Save","og_description":"Neue Kameras von Axis sind speziell f\u00fcr den Einsatz in explosionsgef\u00e4hrdeten Bereichen entwickelt und zertifiziert.","og_url":"https:\/\/news.save.ch\/fr\/axis-communications-launcht-zwei-neue-explosionsgeschuetzte-sicherheitsloesungen\/","og_site_name":"Save","article_published_time":"2024-06-13T13:07:07+00:00","article_modified_time":"2024-06-14T09:35:34+00:00","og_image":[{"width":1200,"height":801,"url":"https:\/\/news.save.ch\/wp-content\/uploads\/2024\/06\/AXISQ12-scaled-1-scaled.jpg","type":"image\/jpeg"}],"author":"stefanie Zeng","twitter_card":"summary_large_image","twitter_misc":{"\u00c9crit par":"stefanie Zeng","Dur\u00e9e de lecture estim\u00e9e":"3 minutes"},"schema":{"@context":"https:\/\/schema.org","@graph":[{"@type":"Article","@id":"https:\/\/news.save.ch\/axis-communications-launcht-zwei-neue-explosionsgeschuetzte-sicherheitsloesungen\/#article","isPartOf":{"@id":"https:\/\/news.save.ch\/axis-communications-launcht-zwei-neue-explosionsgeschuetzte-sicherheitsloesungen\/"},"author":{"name":"stefanie Zeng","@id":"https:\/\/news.save.ch\/de\/#\/schema\/person\/10917387362b3961e882740f6cf6f2a2"},"headline":"Axis Communications launcht neue explosionsgesch\u00fctzte Sicherheitsl\u00f6sungen","datePublished":"2024-06-13T13:07:07+00:00","dateModified":"2024-06-14T09:35:34+00:00","mainEntityOfPage":{"@id":"https:\/\/news.save.ch\/axis-communications-launcht-zwei-neue-explosionsgeschuetzte-sicherheitsloesungen\/"},"wordCount":384,"publisher":{"@id":"https:\/\/news.save.ch\/de\/#organization"},"image":{"@id":"https:\/\/news.save.ch\/axis-communications-launcht-zwei-neue-explosionsgeschuetzte-sicherheitsloesungen\/#primaryimage"},"thumbnailUrl":"https:\/\/news.save.ch\/wp-content\/uploads\/2024\/06\/AXISQ12-scaled-1-scaled.jpg","keywords":["Axis","Video\u00fcberwachung"],"articleSection":["SICHERHEIT"],"inLanguage":"fr-FR"},{"@type":"WebPage","@id":"https:\/\/news.save.ch\/axis-communications-launcht-zwei-neue-explosionsgeschuetzte-sicherheitsloesungen\/","url":"https:\/\/news.save.ch\/axis-communications-launcht-zwei-neue-explosionsgeschuetzte-sicherheitsloesungen\/","name":"Axis Communications lance de nouvelles solutions de s\u00e9curit\u00e9 antid\u00e9flagrantes - Save","isPartOf":{"@id":"https:\/\/news.save.ch\/de\/#website"},"primaryImageOfPage":{"@id":"https:\/\/news.save.ch\/axis-communications-launcht-zwei-neue-explosionsgeschuetzte-sicherheitsloesungen\/#primaryimage"},"image":{"@id":"https:\/\/news.save.ch\/axis-communications-launcht-zwei-neue-explosionsgeschuetzte-sicherheitsloesungen\/#primaryimage"},"thumbnailUrl":"https:\/\/news.save.ch\/wp-content\/uploads\/2024\/06\/AXISQ12-scaled-1-scaled.jpg","datePublished":"2024-06-13T13:07:07+00:00","dateModified":"2024-06-14T09:35:34+00:00","description":"Les nouvelles cam\u00e9ras d'Axis sont sp\u00e9cialement con\u00e7ues et certifi\u00e9es pour une utilisation dans des zones \u00e0 risque d'explosion.","breadcrumb":{"@id":"https:\/\/news.save.ch\/axis-communications-launcht-zwei-neue-explosionsgeschuetzte-sicherheitsloesungen\/#breadcrumb"},"inLanguage":"fr-FR","potentialAction":[{"@type":"ReadAction","target":["https:\/\/news.save.ch\/axis-communications-launcht-zwei-neue-explosionsgeschuetzte-sicherheitsloesungen\/"]}]},{"@type":"ImageObject","inLanguage":"fr-FR","@id":"https:\/\/news.save.ch\/axis-communications-launcht-zwei-neue-explosionsgeschuetzte-sicherheitsloesungen\/#primaryimage","url":"https:\/\/news.save.ch\/wp-content\/uploads\/2024\/06\/AXISQ12-scaled-1-scaled.jpg","contentUrl":"https:\/\/news.save.ch\/wp-content\/uploads\/2024\/06\/AXISQ12-scaled-1-scaled.jpg","width":1200,"height":801,"caption":"Foto: Axis Communications"},{"@type":"BreadcrumbList","@id":"https:\/\/news.save.ch\/axis-communications-launcht-zwei-neue-explosionsgeschuetzte-sicherheitsloesungen\/#breadcrumb","itemListElement":[{"@type":"ListItem","position":1,"name":"Home","item":"https:\/\/news.save.ch\/de\/"},{"@type":"ListItem","position":2,"name":"Axis Communications launcht neue explosionsgesch\u00fctzte Sicherheitsl\u00f6sungen"}]},{"@type":"WebSite","@id":"https:\/\/news.save.ch\/de\/#website","url":"https:\/\/news.save.ch\/de\/","name":"Save","description":"Revue suisse sp\u00e9cialis\u00e9e dans la s\u00e9curit\u00e9","publisher":{"@id":"https:\/\/news.save.ch\/de\/#organization"},"potentialAction":[{"@type":"SearchAction","target":{"@type":"EntryPoint","urlTemplate":"https:\/\/news.save.ch\/de\/?s={search_term_string}"},"query-input":{"@type":"PropertyValueSpecification","valueRequired":true,"valueName":"search_term_string"}}],"inLanguage":"fr-FR"},{"@type":"Organization","@id":"https:\/\/news.save.ch\/de\/#organization","name":"Forum sur la s\u00e9curit\u00e9","url":"https:\/\/news.save.ch\/de\/","logo":{"@type":"ImageObject","inLanguage":"fr-FR","@id":"https:\/\/news.save.ch\/de\/#\/schema\/logo\/image\/","url":"https:\/\/news.save.ch\/wp-content\/uploads\/2022\/06\/Logo_SF_2012.png","contentUrl":"https:\/\/news.save.ch\/wp-content\/uploads\/2022\/06\/Logo_SF_2012.png","width":1100,"height":91,"caption":"Sicherheitsforum"},"image":{"@id":"https:\/\/news.save.ch\/de\/#\/schema\/logo\/image\/"}},{"@type":"Person","@id":"https:\/\/news.save.ch\/de\/#\/schema\/person\/10917387362b3961e882740f6cf6f2a2","name":"stefanie Zeng","image":{"@type":"ImageObject","inLanguage":"fr-FR","@id":"https:\/\/secure.gravatar.com\/avatar\/eac43faa6e40bb2c41068c95c9d78bbd94c476d5efdff7abaab80bb3ea681e06?s=96&d=mm&r=g","url":"https:\/\/secure.gravatar.com\/avatar\/eac43faa6e40bb2c41068c95c9d78bbd94c476d5efdff7abaab80bb3ea681e06?s=96&d=mm&r=g","contentUrl":"https:\/\/secure.gravatar.com\/avatar\/eac43faa6e40bb2c41068c95c9d78bbd94c476d5efdff7abaab80bb3ea681e06?s=96&d=mm&r=g","caption":"stefanie Zeng"},"url":"https:\/\/news.save.ch\/fr\/author\/stefanie-zeng\/"}]}},"_links":{"self":[{"href":"https:\/\/news.save.ch\/fr\/wp-json\/wp\/v2\/posts\/23212","targetHints":{"allow":["GET"]}}],"collection":[{"href":"https:\/\/news.save.ch\/fr\/wp-json\/wp\/v2\/posts"}],"about":[{"href":"https:\/\/news.save.ch\/fr\/wp-json\/wp\/v2\/types\/post"}],"author":[{"embeddable":true,"href":"https:\/\/news.save.ch\/fr\/wp-json\/wp\/v2\/users\/31"}],"replies":[{"embeddable":true,"href":"https:\/\/news.save.ch\/fr\/wp-json\/wp\/v2\/comments?post=23212"}],"version-history":[{"count":4,"href":"https:\/\/news.save.ch\/fr\/wp-json\/wp\/v2\/posts\/23212\/revisions"}],"predecessor-version":[{"id":23239,"href":"https:\/\/news.save.ch\/fr\/wp-json\/wp\/v2\/posts\/23212\/revisions\/23239"}],"wp:featuredmedia":[{"embeddable":true,"href":"https:\/\/news.save.ch\/fr\/wp-json\/wp\/v2\/media\/23221"}],"wp:attachment":[{"href":"https:\/\/news.save.ch\/fr\/wp-json\/wp\/v2\/media?parent=23212"}],"wp:term":[{"taxonomy":"category","embeddable":true,"href":"https:\/\/news.save.ch\/fr\/wp-json\/wp\/v2\/categories?post=23212"},{"taxonomy":"post_tag","embeddable":true,"href":"https:\/\/news.save.ch\/fr\/wp-json\/wp\/v2\/tags?post=23212"}],"curies":[{"name":"wp","href":"https:\/\/api.w.org\/{rel}","templated":true}]}}