{"id":23269,"date":"2024-06-20T10:30:04","date_gmt":"2024-06-20T08:30:04","guid":{"rendered":"https:\/\/news.save.ch\/?p=23269"},"modified":"2024-06-20T10:30:06","modified_gmt":"2024-06-20T08:30:06","slug":"bundesrat-veroeffentlicht-bericht-zur-bekaempfung-der-cyberkriminalitaet-in-der-schweiz","status":null,"type":"post","link":"https:\/\/news.save.ch\/fr\/bundesrat-veroeffentlicht-bericht-zur-bekaempfung-der-cyberkriminalitaet-in-der-schweiz\/","title":{"rendered":"Le Conseil f\u00e9d\u00e9ral publie un rapport sur la lutte contre la cybercriminalit\u00e9 en Suisse"},"content":{"rendered":"<figure id=\"attachment_23270\" aria-describedby=\"caption-attachment-23270\" style=\"width: 999px\" class=\"wp-caption alignnone\"><a href=\"https:\/\/news.save.ch\/fr\/bundesrat-veroeffentlicht-bericht-zur-bekaempfung-der-cyberkriminalitaet-in-der-schweiz\/hooded-computer-hacker-hacking-network\/\" rel=\"attachment wp-att-23270\"><img loading=\"lazy\" decoding=\"async\" class=\"size-full wp-image-23270\" src=\"https:\/\/news.save.ch\/wp-content\/uploads\/2024\/06\/Depositphotos_169153604_S.jpg\" alt=\"\" width=\"999\" height=\"396\" srcset=\"https:\/\/news.save.ch\/wp-content\/uploads\/2024\/06\/Depositphotos_169153604_S.jpg 999w, https:\/\/news.save.ch\/wp-content\/uploads\/2024\/06\/Depositphotos_169153604_S-680x270.jpg 680w, https:\/\/news.save.ch\/wp-content\/uploads\/2024\/06\/Depositphotos_169153604_S-768x304.jpg 768w, https:\/\/news.save.ch\/wp-content\/uploads\/2024\/06\/Depositphotos_169153604_S-18x7.jpg 18w, https:\/\/news.save.ch\/wp-content\/uploads\/2024\/06\/Depositphotos_169153604_S-375x149.jpg 375w, https:\/\/news.save.ch\/wp-content\/uploads\/2024\/06\/Depositphotos_169153604_S-760x301.jpg 760w\" sizes=\"auto, (max-width: 999px) 100vw, 999px\" \/><\/a><figcaption id=\"caption-attachment-23270\" class=\"wp-caption-text\">Image : Depositphotos\/stevanovicigor<\/figcaption><\/figure>\n<p>Le rapport r\u00e9pond aux postulats 22.3145 Silberschmidt et 22.3017 de la Commission de la politique de s\u00e9curit\u00e9 du Conseil national et examine en d\u00e9tail les d\u00e9veloppements et les lacunes de la cyberpoursuite p\u00e9nale nationale. Les deux postulats se r\u00e9f\u00e8rent en premier lieu aux comp\u00e9tences et aux activit\u00e9s des cantons. C'est pourquoi l'Office f\u00e9d\u00e9ral de la police (fedpol), responsable du dossier, a collabor\u00e9 \u00e0 l'\u00e9laboration du rapport avec le R\u00e9seau national de s\u00e9curit\u00e9 (RNS), compos\u00e9 paritairement de repr\u00e9sentants de la Conf\u00e9d\u00e9ration et des cantons. En outre, un groupe d'accompagnement strat\u00e9gique et un groupe sp\u00e9cialis\u00e9 ont accompagn\u00e9 l'\u00e9laboration du rapport. Des enqu\u00eates ont \u00e9t\u00e9 men\u00e9es aupr\u00e8s des autorit\u00e9s concern\u00e9es pour conna\u00eetre la situation dans les cantons.<\/p>\n<p>Le rapport montre que la cybercriminalit\u00e9 est en constante augmentation, tant en ce qui concerne le volume des infractions que leur gravit\u00e9 et l'ampleur des dommages. Les cantons et le Minist\u00e8re public de la Conf\u00e9d\u00e9ration ont donc cr\u00e9\u00e9 des r\u00e9seaux et des groupes de travail sp\u00e9cialis\u00e9s afin de promouvoir la coordination et la coop\u00e9ration dans ce domaine. La grande majorit\u00e9 des cantons ont en outre proc\u00e9d\u00e9 \u00e0 des adaptations organisationnelles et personnelles afin de lutter plus efficacement contre la cybercriminalit\u00e9. Ils ont renforc\u00e9 leurs capacit\u00e9s en \u00e9tablissant des unit\u00e9s sp\u00e9cialis\u00e9es et en cr\u00e9ant de nouveaux postes d'experts en informatique et d'analystes. La majorit\u00e9 des minist\u00e8res publics cantonaux et le Minist\u00e8re public de la Conf\u00e9d\u00e9ration disposent en outre de procureurs sp\u00e9cialis\u00e9s dans la lutte contre la cybercriminalit\u00e9.<\/p>\n<p>Malgr\u00e9 ces efforts, le rapport met en \u00e9vidence des d\u00e9fis :<\/p>\n<ul>\n<li>le manque de ressources humaines et techniques ;<\/li>\n<li>l'absence de bases l\u00e9gales qui permettraient l'\u00e9change automatique d'informations polici\u00e8res entre les cantons ;<\/li>\n<li>l'absence d'une base de donn\u00e9es nationale qui permettrait d'avoir une vue d'ensemble des cas de cybercriminalit\u00e9 en cours ;<\/li>\n<li>les difficult\u00e9s li\u00e9es \u00e0 l'entraide judiciaire internationale en mati\u00e8re p\u00e9nale, qui est relativement lente et n'est pas adapt\u00e9e aux preuves \u00e9lectroniques ;<\/li>\n<li>l'\u00e9volution rapide des technologies (intelligence artificielle, cryptomonnaies, m\u00e9tavers, techniques d'anonymisation) utilis\u00e9es par les criminels ;<\/li>\n<li>le peu de d\u00e9nonciations qui font que de nombreux d\u00e9lits ne sont pas poursuivis et que des s\u00e9ries de d\u00e9lits ne sont pas d\u00e9couvertes ;<\/li>\n<li>les efforts de pr\u00e9vention encore insuffisants en Suisse.<\/li>\n<\/ul>\n<p>Le rapport souligne la n\u00e9cessit\u00e9 de coordonner la pr\u00e9vention et la r\u00e9pression, tant au niveau national qu'international. Il souligne l'importance d'une coop\u00e9ration encore plus forte et d'un travail de pr\u00e9vention encore plus intensif pour la protection de la population et des entreprises.<\/p>\n<p>Une enqu\u00eate men\u00e9e aupr\u00e8s d'experts pour le rapport montre que, bien que des progr\u00e8s aient \u00e9t\u00e9 r\u00e9alis\u00e9s au niveau de l'organisation, les ressources humaines et techniques disponibles sont encore consid\u00e9r\u00e9es comme insuffisantes pour faire face aux exigences croissantes et \u00e0 l'\u00e9volution rapide de la cybercriminalit\u00e9. Le rapport propose que chaque canton proc\u00e8de \u00e0 une auto-\u00e9valuation afin que les ressources disponibles soient \u00e0 la hauteur des d\u00e9fis.<\/p>\n<p>Diverses mesures d'optimisation figurent d\u00e9j\u00e0 dans la cyberstrat\u00e9gie nationale NCS, adopt\u00e9e par le Conseil f\u00e9d\u00e9ral en avril 2023 et approuv\u00e9e par les directeurs cantonaux de justice et police. Le Conseil f\u00e9d\u00e9ral r\u00e9affirme son engagement \u00e0 intensifier continuellement les mesures de lutte contre la cybercriminalit\u00e9. Cela comprend notamment le soutien de projets tels que la plate-forme nationale d'interrogation polici\u00e8re (POLAP), qui facilite consid\u00e9rablement l'\u00e9change d'informations entre les autorit\u00e9s polici\u00e8res et accro\u00eet l'efficacit\u00e9 du travail de la police. Les cantons et la Conf\u00e9d\u00e9ration travaillent en outre \u00e0 la mise en place d'une plateforme d'information \u00e0 l'\u00e9chelle nationale, qui doit notamment permettre d'avoir une vue d'ensemble de la cybercriminalit\u00e9. Ces mesures de coop\u00e9ration existantes doivent \u00eatre renforc\u00e9es et les efforts de pr\u00e9vention accrus afin d'atteindre l'ensemble de la population et des entreprises. Fedpol intensifie en outre sa collaboration avec Europol, Interpol et Eurojust.<\/p>\n<p><em>Source : D\u00e9partement f\u00e9d\u00e9ral de justice et police<\/em><\/p>","protected":false},"excerpt":{"rendered":"<p>Der Bericht erf\u00fcllt die Postulate 22.3145 Silberschmidt und 22.3017 der Sicherheitspolitischen Kommission des Nationalrats und setzt sich detailliert mit den Entwicklungen und L\u00fccken in der nationalen Cyber-Strafverfolgung auseinander. Beide Postulate beziehen sich prim\u00e4r auf Zust\u00e4ndigkeiten und Aktivit\u00e4ten der Kantone. Deshalb hat das federf\u00fchrende Bundesamt f\u00fcr Polizei (fedpol) zur Erarbeitung des Berichts mit dem Sicherheitsverbund Schweiz [&hellip;]<\/p>\n","protected":false},"author":31,"featured_media":23270,"comment_status":"closed","ping_status":"closed","sticky":false,"template":"","format":"standard","meta":{"_acf_changed":false,"pgc_sgb_lightbox_settings":"","footnotes":""},"categories":[3313],"tags":[625,640],"class_list":["post-23269","post","type-post","status-publish","format-standard","has-post-thumbnail","hentry","category-digitalisierung","tag-cyberkriminalitaet","tag-ejpd"],"acf":[],"hkrextid":null,"publication":null,"issue":null,"workflow":null,"startPage":null,"spitzmarke":null,"_posts_by_tag_page_fields":null,"_at_widget":null,"_yoast_wpseo_primary_category":"3313","_yoast_wpseo_focuskw_text_input":null,"_yoast_wpseo_opengraph-image":null,"_yoast_wpseo_opengraph-description":null,"_yoast_wpseo_opengraph-title":null,"enclosure":null,"_yoast_wpseo_twitter-title":null,"_yoast_wpseo_twitter-description":null,"_yoast_wpseo_twitter-image":null,"_wp_old_slug":null,"_yoast_wpseo_title":null,"_yoast_wpseo_canonical":null,"yoast_head":"<!-- This site is optimized with the Yoast SEO plugin v27.4 - https:\/\/yoast.com\/product\/yoast-seo-wordpress\/ -->\n<title>Bundesrat ver\u00f6ffentlicht Bericht zur Bek\u00e4mpfung der Cyberkriminalit\u00e4t in der Schweiz - Save<\/title>\n<meta name=\"description\" content=\"Bundesrat ver\u00f6ffentlicht Bericht zur Bek\u00e4mpfung der Cyberkriminalit\u00e4t in der Schweiz.\" \/>\n<meta name=\"robots\" content=\"index, follow, max-snippet:-1, max-image-preview:large, max-video-preview:-1\" \/>\n<link rel=\"canonical\" href=\"https:\/\/news.save.ch\/fr\/bundesrat-veroeffentlicht-bericht-zur-bekaempfung-der-cyberkriminalitaet-in-der-schweiz\/\" \/>\n<meta property=\"og:locale\" content=\"fr_FR\" \/>\n<meta property=\"og:type\" content=\"article\" \/>\n<meta property=\"og:title\" content=\"Bundesrat ver\u00f6ffentlicht Bericht zur Bek\u00e4mpfung der Cyberkriminalit\u00e4t in der Schweiz - Save\" \/>\n<meta property=\"og:description\" content=\"Bundesrat ver\u00f6ffentlicht Bericht zur Bek\u00e4mpfung der Cyberkriminalit\u00e4t in der Schweiz.\" \/>\n<meta property=\"og:url\" content=\"https:\/\/news.save.ch\/fr\/bundesrat-veroeffentlicht-bericht-zur-bekaempfung-der-cyberkriminalitaet-in-der-schweiz\/\" \/>\n<meta property=\"og:site_name\" content=\"Save\" \/>\n<meta property=\"article:published_time\" content=\"2024-06-20T08:30:04+00:00\" \/>\n<meta property=\"article:modified_time\" content=\"2024-06-20T08:30:06+00:00\" \/>\n<meta property=\"og:image\" content=\"https:\/\/news.save.ch\/wp-content\/uploads\/2024\/06\/Depositphotos_169153604_S.jpg\" \/>\n\t<meta property=\"og:image:width\" content=\"999\" \/>\n\t<meta property=\"og:image:height\" content=\"396\" \/>\n\t<meta property=\"og:image:type\" content=\"image\/jpeg\" \/>\n<meta name=\"author\" content=\"stefanie Zeng\" \/>\n<meta name=\"twitter:card\" content=\"summary_large_image\" \/>\n<meta name=\"twitter:label1\" content=\"\u00c9crit par\" \/>\n\t<meta name=\"twitter:data1\" content=\"stefanie Zeng\" \/>\n\t<meta name=\"twitter:label2\" content=\"Dur\u00e9e de lecture estim\u00e9e\" \/>\n\t<meta name=\"twitter:data2\" content=\"4 minutes\" \/>\n<script type=\"application\/ld+json\" class=\"yoast-schema-graph\">{\"@context\":\"https:\\\/\\\/schema.org\",\"@graph\":[{\"@type\":\"Article\",\"@id\":\"https:\\\/\\\/news.save.ch\\\/bundesrat-veroeffentlicht-bericht-zur-bekaempfung-der-cyberkriminalitaet-in-der-schweiz\\\/#article\",\"isPartOf\":{\"@id\":\"https:\\\/\\\/news.save.ch\\\/bundesrat-veroeffentlicht-bericht-zur-bekaempfung-der-cyberkriminalitaet-in-der-schweiz\\\/\"},\"author\":{\"name\":\"stefanie Zeng\",\"@id\":\"https:\\\/\\\/news.save.ch\\\/de\\\/#\\\/schema\\\/person\\\/10917387362b3961e882740f6cf6f2a2\"},\"headline\":\"Bundesrat ver\u00f6ffentlicht Bericht zur Bek\u00e4mpfung der Cyberkriminalit\u00e4t in der Schweiz\",\"datePublished\":\"2024-06-20T08:30:04+00:00\",\"dateModified\":\"2024-06-20T08:30:06+00:00\",\"mainEntityOfPage\":{\"@id\":\"https:\\\/\\\/news.save.ch\\\/bundesrat-veroeffentlicht-bericht-zur-bekaempfung-der-cyberkriminalitaet-in-der-schweiz\\\/\"},\"wordCount\":592,\"publisher\":{\"@id\":\"https:\\\/\\\/news.save.ch\\\/de\\\/#organization\"},\"image\":{\"@id\":\"https:\\\/\\\/news.save.ch\\\/bundesrat-veroeffentlicht-bericht-zur-bekaempfung-der-cyberkriminalitaet-in-der-schweiz\\\/#primaryimage\"},\"thumbnailUrl\":\"https:\\\/\\\/news.save.ch\\\/wp-content\\\/uploads\\\/2024\\\/06\\\/Depositphotos_169153604_S.jpg\",\"keywords\":[\"Cyberkriminalit\u00e4t\",\"EJPD\"],\"articleSection\":[\"DIGITALISIERUNG\"],\"inLanguage\":\"fr-FR\"},{\"@type\":\"WebPage\",\"@id\":\"https:\\\/\\\/news.save.ch\\\/bundesrat-veroeffentlicht-bericht-zur-bekaempfung-der-cyberkriminalitaet-in-der-schweiz\\\/\",\"url\":\"https:\\\/\\\/news.save.ch\\\/bundesrat-veroeffentlicht-bericht-zur-bekaempfung-der-cyberkriminalitaet-in-der-schweiz\\\/\",\"name\":\"Bundesrat ver\u00f6ffentlicht Bericht zur Bek\u00e4mpfung der Cyberkriminalit\u00e4t in der Schweiz - Save\",\"isPartOf\":{\"@id\":\"https:\\\/\\\/news.save.ch\\\/de\\\/#website\"},\"primaryImageOfPage\":{\"@id\":\"https:\\\/\\\/news.save.ch\\\/bundesrat-veroeffentlicht-bericht-zur-bekaempfung-der-cyberkriminalitaet-in-der-schweiz\\\/#primaryimage\"},\"image\":{\"@id\":\"https:\\\/\\\/news.save.ch\\\/bundesrat-veroeffentlicht-bericht-zur-bekaempfung-der-cyberkriminalitaet-in-der-schweiz\\\/#primaryimage\"},\"thumbnailUrl\":\"https:\\\/\\\/news.save.ch\\\/wp-content\\\/uploads\\\/2024\\\/06\\\/Depositphotos_169153604_S.jpg\",\"datePublished\":\"2024-06-20T08:30:04+00:00\",\"dateModified\":\"2024-06-20T08:30:06+00:00\",\"description\":\"Bundesrat ver\u00f6ffentlicht Bericht zur Bek\u00e4mpfung der Cyberkriminalit\u00e4t in der Schweiz.\",\"breadcrumb\":{\"@id\":\"https:\\\/\\\/news.save.ch\\\/bundesrat-veroeffentlicht-bericht-zur-bekaempfung-der-cyberkriminalitaet-in-der-schweiz\\\/#breadcrumb\"},\"inLanguage\":\"fr-FR\",\"potentialAction\":[{\"@type\":\"ReadAction\",\"target\":[\"https:\\\/\\\/news.save.ch\\\/bundesrat-veroeffentlicht-bericht-zur-bekaempfung-der-cyberkriminalitaet-in-der-schweiz\\\/\"]}]},{\"@type\":\"ImageObject\",\"inLanguage\":\"fr-FR\",\"@id\":\"https:\\\/\\\/news.save.ch\\\/bundesrat-veroeffentlicht-bericht-zur-bekaempfung-der-cyberkriminalitaet-in-der-schweiz\\\/#primaryimage\",\"url\":\"https:\\\/\\\/news.save.ch\\\/wp-content\\\/uploads\\\/2024\\\/06\\\/Depositphotos_169153604_S.jpg\",\"contentUrl\":\"https:\\\/\\\/news.save.ch\\\/wp-content\\\/uploads\\\/2024\\\/06\\\/Depositphotos_169153604_S.jpg\",\"width\":999,\"height\":396,\"caption\":\"Bild: Depositphotos\\\/stevanovicigor\"},{\"@type\":\"BreadcrumbList\",\"@id\":\"https:\\\/\\\/news.save.ch\\\/bundesrat-veroeffentlicht-bericht-zur-bekaempfung-der-cyberkriminalitaet-in-der-schweiz\\\/#breadcrumb\",\"itemListElement\":[{\"@type\":\"ListItem\",\"position\":1,\"name\":\"Home\",\"item\":\"https:\\\/\\\/news.save.ch\\\/de\\\/\"},{\"@type\":\"ListItem\",\"position\":2,\"name\":\"Bundesrat ver\u00f6ffentlicht Bericht zur Bek\u00e4mpfung der Cyberkriminalit\u00e4t in der Schweiz\"}]},{\"@type\":\"WebSite\",\"@id\":\"https:\\\/\\\/news.save.ch\\\/de\\\/#website\",\"url\":\"https:\\\/\\\/news.save.ch\\\/de\\\/\",\"name\":\"Save\",\"description\":\"Schweizer Fachzeitschrift f\u00fcr Sicherheit\",\"publisher\":{\"@id\":\"https:\\\/\\\/news.save.ch\\\/de\\\/#organization\"},\"potentialAction\":[{\"@type\":\"SearchAction\",\"target\":{\"@type\":\"EntryPoint\",\"urlTemplate\":\"https:\\\/\\\/news.save.ch\\\/de\\\/?s={search_term_string}\"},\"query-input\":{\"@type\":\"PropertyValueSpecification\",\"valueRequired\":true,\"valueName\":\"search_term_string\"}}],\"inLanguage\":\"fr-FR\"},{\"@type\":\"Organization\",\"@id\":\"https:\\\/\\\/news.save.ch\\\/de\\\/#organization\",\"name\":\"Sicherheitsforum\",\"url\":\"https:\\\/\\\/news.save.ch\\\/de\\\/\",\"logo\":{\"@type\":\"ImageObject\",\"inLanguage\":\"fr-FR\",\"@id\":\"https:\\\/\\\/news.save.ch\\\/de\\\/#\\\/schema\\\/logo\\\/image\\\/\",\"url\":\"https:\\\/\\\/news.save.ch\\\/wp-content\\\/uploads\\\/2022\\\/06\\\/Logo_SF_2012.png\",\"contentUrl\":\"https:\\\/\\\/news.save.ch\\\/wp-content\\\/uploads\\\/2022\\\/06\\\/Logo_SF_2012.png\",\"width\":1100,\"height\":91,\"caption\":\"Sicherheitsforum\"},\"image\":{\"@id\":\"https:\\\/\\\/news.save.ch\\\/de\\\/#\\\/schema\\\/logo\\\/image\\\/\"}},{\"@type\":\"Person\",\"@id\":\"https:\\\/\\\/news.save.ch\\\/de\\\/#\\\/schema\\\/person\\\/10917387362b3961e882740f6cf6f2a2\",\"name\":\"stefanie Zeng\",\"image\":{\"@type\":\"ImageObject\",\"inLanguage\":\"fr-FR\",\"@id\":\"https:\\\/\\\/secure.gravatar.com\\\/avatar\\\/eac43faa6e40bb2c41068c95c9d78bbd94c476d5efdff7abaab80bb3ea681e06?s=96&d=mm&r=g\",\"url\":\"https:\\\/\\\/secure.gravatar.com\\\/avatar\\\/eac43faa6e40bb2c41068c95c9d78bbd94c476d5efdff7abaab80bb3ea681e06?s=96&d=mm&r=g\",\"contentUrl\":\"https:\\\/\\\/secure.gravatar.com\\\/avatar\\\/eac43faa6e40bb2c41068c95c9d78bbd94c476d5efdff7abaab80bb3ea681e06?s=96&d=mm&r=g\",\"caption\":\"stefanie Zeng\"},\"url\":\"https:\\\/\\\/news.save.ch\\\/fr\\\/author\\\/stefanie-zeng\\\/\"}]}<\/script>\n<!-- \/ Yoast SEO plugin. -->","yoast_head_json":{"title":"Le Conseil f\u00e9d\u00e9ral publie un rapport sur la lutte contre la cybercriminalit\u00e9 en Suisse - Save","description":"Le Conseil f\u00e9d\u00e9ral publie un rapport sur la lutte contre la cybercriminalit\u00e9 en Suisse.","robots":{"index":"index","follow":"follow","max-snippet":"max-snippet:-1","max-image-preview":"max-image-preview:large","max-video-preview":"max-video-preview:-1"},"canonical":"https:\/\/news.save.ch\/fr\/bundesrat-veroeffentlicht-bericht-zur-bekaempfung-der-cyberkriminalitaet-in-der-schweiz\/","og_locale":"fr_FR","og_type":"article","og_title":"Bundesrat ver\u00f6ffentlicht Bericht zur Bek\u00e4mpfung der Cyberkriminalit\u00e4t in der Schweiz - Save","og_description":"Bundesrat ver\u00f6ffentlicht Bericht zur Bek\u00e4mpfung der Cyberkriminalit\u00e4t in der Schweiz.","og_url":"https:\/\/news.save.ch\/fr\/bundesrat-veroeffentlicht-bericht-zur-bekaempfung-der-cyberkriminalitaet-in-der-schweiz\/","og_site_name":"Save","article_published_time":"2024-06-20T08:30:04+00:00","article_modified_time":"2024-06-20T08:30:06+00:00","og_image":[{"width":999,"height":396,"url":"https:\/\/news.save.ch\/wp-content\/uploads\/2024\/06\/Depositphotos_169153604_S.jpg","type":"image\/jpeg"}],"author":"stefanie Zeng","twitter_card":"summary_large_image","twitter_misc":{"\u00c9crit par":"stefanie Zeng","Dur\u00e9e de lecture estim\u00e9e":"4 minutes"},"schema":{"@context":"https:\/\/schema.org","@graph":[{"@type":"Article","@id":"https:\/\/news.save.ch\/bundesrat-veroeffentlicht-bericht-zur-bekaempfung-der-cyberkriminalitaet-in-der-schweiz\/#article","isPartOf":{"@id":"https:\/\/news.save.ch\/bundesrat-veroeffentlicht-bericht-zur-bekaempfung-der-cyberkriminalitaet-in-der-schweiz\/"},"author":{"name":"stefanie Zeng","@id":"https:\/\/news.save.ch\/de\/#\/schema\/person\/10917387362b3961e882740f6cf6f2a2"},"headline":"Bundesrat ver\u00f6ffentlicht Bericht zur Bek\u00e4mpfung der Cyberkriminalit\u00e4t in der Schweiz","datePublished":"2024-06-20T08:30:04+00:00","dateModified":"2024-06-20T08:30:06+00:00","mainEntityOfPage":{"@id":"https:\/\/news.save.ch\/bundesrat-veroeffentlicht-bericht-zur-bekaempfung-der-cyberkriminalitaet-in-der-schweiz\/"},"wordCount":592,"publisher":{"@id":"https:\/\/news.save.ch\/de\/#organization"},"image":{"@id":"https:\/\/news.save.ch\/bundesrat-veroeffentlicht-bericht-zur-bekaempfung-der-cyberkriminalitaet-in-der-schweiz\/#primaryimage"},"thumbnailUrl":"https:\/\/news.save.ch\/wp-content\/uploads\/2024\/06\/Depositphotos_169153604_S.jpg","keywords":["Cyberkriminalit\u00e4t","EJPD"],"articleSection":["DIGITALISIERUNG"],"inLanguage":"fr-FR"},{"@type":"WebPage","@id":"https:\/\/news.save.ch\/bundesrat-veroeffentlicht-bericht-zur-bekaempfung-der-cyberkriminalitaet-in-der-schweiz\/","url":"https:\/\/news.save.ch\/bundesrat-veroeffentlicht-bericht-zur-bekaempfung-der-cyberkriminalitaet-in-der-schweiz\/","name":"Le Conseil f\u00e9d\u00e9ral publie un rapport sur la lutte contre la cybercriminalit\u00e9 en Suisse - Save","isPartOf":{"@id":"https:\/\/news.save.ch\/de\/#website"},"primaryImageOfPage":{"@id":"https:\/\/news.save.ch\/bundesrat-veroeffentlicht-bericht-zur-bekaempfung-der-cyberkriminalitaet-in-der-schweiz\/#primaryimage"},"image":{"@id":"https:\/\/news.save.ch\/bundesrat-veroeffentlicht-bericht-zur-bekaempfung-der-cyberkriminalitaet-in-der-schweiz\/#primaryimage"},"thumbnailUrl":"https:\/\/news.save.ch\/wp-content\/uploads\/2024\/06\/Depositphotos_169153604_S.jpg","datePublished":"2024-06-20T08:30:04+00:00","dateModified":"2024-06-20T08:30:06+00:00","description":"Le Conseil f\u00e9d\u00e9ral publie un rapport sur la lutte contre la cybercriminalit\u00e9 en Suisse.","breadcrumb":{"@id":"https:\/\/news.save.ch\/bundesrat-veroeffentlicht-bericht-zur-bekaempfung-der-cyberkriminalitaet-in-der-schweiz\/#breadcrumb"},"inLanguage":"fr-FR","potentialAction":[{"@type":"ReadAction","target":["https:\/\/news.save.ch\/bundesrat-veroeffentlicht-bericht-zur-bekaempfung-der-cyberkriminalitaet-in-der-schweiz\/"]}]},{"@type":"ImageObject","inLanguage":"fr-FR","@id":"https:\/\/news.save.ch\/bundesrat-veroeffentlicht-bericht-zur-bekaempfung-der-cyberkriminalitaet-in-der-schweiz\/#primaryimage","url":"https:\/\/news.save.ch\/wp-content\/uploads\/2024\/06\/Depositphotos_169153604_S.jpg","contentUrl":"https:\/\/news.save.ch\/wp-content\/uploads\/2024\/06\/Depositphotos_169153604_S.jpg","width":999,"height":396,"caption":"Bild: Depositphotos\/stevanovicigor"},{"@type":"BreadcrumbList","@id":"https:\/\/news.save.ch\/bundesrat-veroeffentlicht-bericht-zur-bekaempfung-der-cyberkriminalitaet-in-der-schweiz\/#breadcrumb","itemListElement":[{"@type":"ListItem","position":1,"name":"Home","item":"https:\/\/news.save.ch\/de\/"},{"@type":"ListItem","position":2,"name":"Bundesrat ver\u00f6ffentlicht Bericht zur Bek\u00e4mpfung der Cyberkriminalit\u00e4t in der Schweiz"}]},{"@type":"WebSite","@id":"https:\/\/news.save.ch\/de\/#website","url":"https:\/\/news.save.ch\/de\/","name":"Save","description":"Revue suisse sp\u00e9cialis\u00e9e dans la s\u00e9curit\u00e9","publisher":{"@id":"https:\/\/news.save.ch\/de\/#organization"},"potentialAction":[{"@type":"SearchAction","target":{"@type":"EntryPoint","urlTemplate":"https:\/\/news.save.ch\/de\/?s={search_term_string}"},"query-input":{"@type":"PropertyValueSpecification","valueRequired":true,"valueName":"search_term_string"}}],"inLanguage":"fr-FR"},{"@type":"Organization","@id":"https:\/\/news.save.ch\/de\/#organization","name":"Forum sur la s\u00e9curit\u00e9","url":"https:\/\/news.save.ch\/de\/","logo":{"@type":"ImageObject","inLanguage":"fr-FR","@id":"https:\/\/news.save.ch\/de\/#\/schema\/logo\/image\/","url":"https:\/\/news.save.ch\/wp-content\/uploads\/2022\/06\/Logo_SF_2012.png","contentUrl":"https:\/\/news.save.ch\/wp-content\/uploads\/2022\/06\/Logo_SF_2012.png","width":1100,"height":91,"caption":"Sicherheitsforum"},"image":{"@id":"https:\/\/news.save.ch\/de\/#\/schema\/logo\/image\/"}},{"@type":"Person","@id":"https:\/\/news.save.ch\/de\/#\/schema\/person\/10917387362b3961e882740f6cf6f2a2","name":"stefanie Zeng","image":{"@type":"ImageObject","inLanguage":"fr-FR","@id":"https:\/\/secure.gravatar.com\/avatar\/eac43faa6e40bb2c41068c95c9d78bbd94c476d5efdff7abaab80bb3ea681e06?s=96&d=mm&r=g","url":"https:\/\/secure.gravatar.com\/avatar\/eac43faa6e40bb2c41068c95c9d78bbd94c476d5efdff7abaab80bb3ea681e06?s=96&d=mm&r=g","contentUrl":"https:\/\/secure.gravatar.com\/avatar\/eac43faa6e40bb2c41068c95c9d78bbd94c476d5efdff7abaab80bb3ea681e06?s=96&d=mm&r=g","caption":"stefanie Zeng"},"url":"https:\/\/news.save.ch\/fr\/author\/stefanie-zeng\/"}]}},"_links":{"self":[{"href":"https:\/\/news.save.ch\/fr\/wp-json\/wp\/v2\/posts\/23269","targetHints":{"allow":["GET"]}}],"collection":[{"href":"https:\/\/news.save.ch\/fr\/wp-json\/wp\/v2\/posts"}],"about":[{"href":"https:\/\/news.save.ch\/fr\/wp-json\/wp\/v2\/types\/post"}],"author":[{"embeddable":true,"href":"https:\/\/news.save.ch\/fr\/wp-json\/wp\/v2\/users\/31"}],"replies":[{"embeddable":true,"href":"https:\/\/news.save.ch\/fr\/wp-json\/wp\/v2\/comments?post=23269"}],"version-history":[{"count":2,"href":"https:\/\/news.save.ch\/fr\/wp-json\/wp\/v2\/posts\/23269\/revisions"}],"predecessor-version":[{"id":23272,"href":"https:\/\/news.save.ch\/fr\/wp-json\/wp\/v2\/posts\/23269\/revisions\/23272"}],"wp:featuredmedia":[{"embeddable":true,"href":"https:\/\/news.save.ch\/fr\/wp-json\/wp\/v2\/media\/23270"}],"wp:attachment":[{"href":"https:\/\/news.save.ch\/fr\/wp-json\/wp\/v2\/media?parent=23269"}],"wp:term":[{"taxonomy":"category","embeddable":true,"href":"https:\/\/news.save.ch\/fr\/wp-json\/wp\/v2\/categories?post=23269"},{"taxonomy":"post_tag","embeddable":true,"href":"https:\/\/news.save.ch\/fr\/wp-json\/wp\/v2\/tags?post=23269"}],"curies":[{"name":"wp","href":"https:\/\/api.w.org\/{rel}","templated":true}]}}