{"id":23290,"date":"2024-06-26T10:46:18","date_gmt":"2024-06-26T08:46:18","guid":{"rendered":"https:\/\/news.save.ch\/?p=23290"},"modified":"2024-06-26T10:46:20","modified_gmt":"2024-06-26T08:46:20","slug":"bundesrat-rechnet-mit-wachsendem-druck-auf-die-schweiz","status":null,"type":"post","link":"https:\/\/news.save.ch\/fr\/bundesrat-rechnet-mit-wachsendem-druck-auf-die-schweiz\/","title":{"rendered":"Le Conseil f\u00e9d\u00e9ral s'attend \u00e0 une pression croissante sur la Suisse"},"content":{"rendered":"<figure id=\"attachment_23292\" aria-describedby=\"caption-attachment-23292\" style=\"width: 1000px\" class=\"wp-caption alignnone\"><a href=\"https:\/\/news.save.ch\/fr\/bundesrat-rechnet-mit-wachsendem-druck-auf-die-schweiz\/depositphotos_44624677_s\/\" rel=\"attachment wp-att-23292\"><img loading=\"lazy\" decoding=\"async\" class=\"wp-image-23292 size-full\" src=\"https:\/\/news.save.ch\/wp-content\/uploads\/2024\/06\/Depositphotos_44624677_S.jpg\" alt=\"\" width=\"1000\" height=\"633\" srcset=\"https:\/\/news.save.ch\/wp-content\/uploads\/2024\/06\/Depositphotos_44624677_S.jpg 1000w, https:\/\/news.save.ch\/wp-content\/uploads\/2024\/06\/Depositphotos_44624677_S-680x430.jpg 680w, https:\/\/news.save.ch\/wp-content\/uploads\/2024\/06\/Depositphotos_44624677_S-768x486.jpg 768w, https:\/\/news.save.ch\/wp-content\/uploads\/2024\/06\/Depositphotos_44624677_S-18x12.jpg 18w, https:\/\/news.save.ch\/wp-content\/uploads\/2024\/06\/Depositphotos_44624677_S-375x237.jpg 375w, https:\/\/news.save.ch\/wp-content\/uploads\/2024\/06\/Depositphotos_44624677_S-553x350.jpg 553w\" sizes=\"auto, (max-width: 1000px) 100vw, 1000px\" \/><\/a><figcaption id=\"caption-attachment-23292\" class=\"wp-caption-text\">Image : Depositphotos\/Ruletkka<\/figcaption><\/figure>\n<p>&nbsp;<\/p>\n<p>Dans ce rapport, le Conseil f\u00e9d\u00e9ral constate notamment qu'en ce qui concerne la situation strat\u00e9gique, il faut s'attendre \u00e0 une pression politique et \u00e9conomique croissante sur la Suisse, compte tenu du contexte fortement polaris\u00e9. Dans le domaine du terrorisme, la campagne de propagande lanc\u00e9e \u00e0 l'\u00e9chelle internationale par l'\"Etat islamique\" au d\u00e9but de l'ann\u00e9e 2024 et plusieurs attentats tr\u00e8s m\u00e9diatis\u00e9s ont cr\u00e9\u00e9 une nouvelle dynamique au sein de la mouvance djihadiste. Cette propagande a favoris\u00e9 l'\u00e9mergence de r\u00e9seaux de sympathisants en Suisse, davantage chez les jeunes adultes, voire les mineurs.<\/p>\n<p>Le rapport annuel du Conseil f\u00e9d\u00e9ral sur l'\u00e9valuation de la menace porte d'une part sur les \u00e9v\u00e9nements importants pour la politique de s\u00e9curit\u00e9 \u00e0 l'\u00e9tranger et d'autre part sur les menaces mentionn\u00e9es dans la loi sur le renseignement (LRens).<\/p>\n<p>Le Conseil f\u00e9d\u00e9ral constate que la Suisse est certes toujours relativement s\u00fbre, mais nettement moins qu'avant 2022, compte tenu de l'environnement fortement polaris\u00e9, avec des multicrises et des conflits r\u00e9gl\u00e9s par la force des armes en Europe et \u00e0 la p\u00e9riph\u00e9rie de l'Europe. Ainsi, avec l'agression russe contre l'Ukraine, la guerre conventionnelle est de retour en Europe. La Russie restera pour longtemps le facteur d'ins\u00e9curit\u00e9 d\u00e9terminant en Europe, et ce dans un contexte o\u00f9 la vision d'une UE ind\u00e9pendante des \u00c9tats-Unis et de l'OTAN et autonome sur le plan strat\u00e9gique reste inatteignable dans un avenir pr\u00e9visible. Le th\u00e9\u00e2tre des op\u00e9rations au Proche-Orient comprend, outre Gaza, les voies maritimes autour du Y\u00e9men. La probabilit\u00e9 d'une escalade militaire entre Isra\u00ebl et le Hezbollah libanais augmente. En outre, pour la premi\u00e8re fois, un \u00e9change de coups militaires directs a eu lieu entre Isra\u00ebl et l'Iran.<\/p>\n<p>Nous vivons une p\u00e9riode de transition dangereuse et volatile. Les principes d'ordre global g\u00e9n\u00e9ralement contraignants s'\u00e9rodent. Compte tenu de la tendance \u00e0 la formation de sph\u00e8res bipolaires, il faut \u00e9galement s'attendre \u00e0 une pression politique et \u00e9conomique croissante sur la Suisse. Selon le Conseil f\u00e9d\u00e9ral, les contributions de solidarit\u00e9 et les prises de position politiques de la Suisse devraient par cons\u00e9quent \u00eatre plus nombreuses.<\/p>\n<h3>Les menaces en d\u00e9tail<\/h3>\n<p>En ce qui concerne les menaces mentionn\u00e9es dans la LRens, la menace terroriste reste \u00e9lev\u00e9e en Suisse. Toutefois, l'attaque terroriste majeure du Hamas contre Isra\u00ebl d\u00e9but octobre 2023 et les combats qui ont suivi l'ont accentu\u00e9e. La propagande de l'\"\u00c9tat islamique\", en particulier, a favoris\u00e9 l'\u00e9mergence de r\u00e9seaux de sympathisants en Suisse, de mani\u00e8re accrue chez les jeunes adultes, voire les mineurs. Les actes de violence spontan\u00e9s avec des moyens simples, perp\u00e9tr\u00e9s par des individus ou des petits groupes inspir\u00e9s par le djihadisme, restent le sc\u00e9nario de menace le plus probable en Suisse. Toutefois, les grandes manifestations ou les \u00e9v\u00e9nements attirant un large public sont \u00e9galement des occasions attrayantes pour les djihadistes de mettre en \u0153uvre leurs intentions d'attentat. Cela vaut \u00e9galement pour la Suisse.<\/p>\n<p>Dans le domaine de l'extr\u00e9misme violent, le risque que les milieux extr\u00e9mistes de gauche violents recourent \u00e0 la violence cibl\u00e9e contre des personnes, voire commettent des attentats terroristes, augmente en Europe et en Suisse. La menace du terrorisme d'extr\u00eame droite en Europe continue d'augmenter. Ainsi, la Suisse a \u00e9galement connu plusieurs cas de tr\u00e8s jeunes personnes pr\u00eates \u00e0 commettre un acte terroriste.<\/p>\n<p>La menace d'espionnage qui p\u00e8se sur la Suisse reste \u00e9lev\u00e9e. Une part importante des activit\u00e9s des services de renseignement \u00e9trangers sur le sol suisse est dirig\u00e9e en premier lieu contre leurs propres rivaux. Mais des entit\u00e9s suisses sont \u00e9galement directement concern\u00e9es par des tentatives d'espionnage. L'espionnage des autorit\u00e9s f\u00e9d\u00e9rales fait partie des objectifs permanents. Sur le plan du contenu, l'acquisition de technologies d'armement et les relations de la Suisse avec l'UE et l'OTAN sont probablement int\u00e9ressantes \u00e0 l'heure actuelle. Les r\u00e9seaux des services de renseignement ne sont pas seulement utilis\u00e9s dans le monde entier pour l'espionnage. Certains d'entre eux servent \u00e9galement \u00e0 l'acquisition ill\u00e9gale de biens critiques ou sanctionn\u00e9s, \u00e0 la diffusion de d\u00e9sinformation et de propagande, \u00e0 la prise d'influence cach\u00e9e ainsi qu'\u00e0 la pr\u00e9paration et \u00e0 l'ex\u00e9cution d'enl\u00e8vements, de sabotages et d'attentats.<\/p>\n<p><em>Source : Service de renseignement de la Conf\u00e9d\u00e9ration<\/em><\/p>","protected":false},"excerpt":{"rendered":"<p>&nbsp; In dem Bericht h\u00e4lt der Bundesrat insbesondere fest, dass in Bezug auf die strategische Lage angesichts des stark polarisierten Umfelds mit wachsendem politischem und wirtschaftlichem Druck auf die Schweiz zu rechnen ist. Im Bereich Terrorismus haben die Anfang 2024 vom \u00abIslamischen Staat\u00bb international lancierte Propagandakampagne und mehrere medienwirksame Anschl\u00e4ge eine neue Dynamik in der [&hellip;]<\/p>\n","protected":false},"author":31,"featured_media":23292,"comment_status":"closed","ping_status":"closed","sticky":false,"template":"","format":"standard","meta":{"_acf_changed":false,"pgc_sgb_lightbox_settings":"","footnotes":""},"categories":[1,3312],"tags":[165,1054,310,385],"class_list":["post-23290","post","type-post","status-publish","format-standard","has-post-thumbnail","hentry","category-allgemein","category-sicherheit","tag-nachrichtendienst","tag-nachrichtendienst-des-bundes","tag-sicherheit","tag-terror"],"acf":[],"hkrextid":null,"publication":null,"issue":null,"workflow":null,"startPage":null,"spitzmarke":null,"_posts_by_tag_page_fields":null,"_at_widget":null,"_yoast_wpseo_primary_category":"1","_yoast_wpseo_focuskw_text_input":null,"_yoast_wpseo_opengraph-image":null,"_yoast_wpseo_opengraph-description":null,"_yoast_wpseo_opengraph-title":null,"enclosure":null,"_yoast_wpseo_twitter-title":null,"_yoast_wpseo_twitter-description":null,"_yoast_wpseo_twitter-image":null,"_wp_old_slug":null,"_yoast_wpseo_title":null,"_yoast_wpseo_canonical":null,"yoast_head":"<!-- This site is optimized with the Yoast SEO plugin v27.4 - https:\/\/yoast.com\/product\/yoast-seo-wordpress\/ -->\n<title>Bundesrat rechnet mit wachsendem Druck auf die Schweiz - Save<\/title>\n<meta name=\"description\" content=\"Der Bundesrat hat den j\u00e4hrlichen Bericht zur Beurteilung der Bedrohungslage gem\u00e4ss Artikel 70 Nachrichtendienstgesetz (NDG) gutgeheissen.\" \/>\n<meta name=\"robots\" content=\"index, follow, max-snippet:-1, max-image-preview:large, max-video-preview:-1\" \/>\n<link rel=\"canonical\" href=\"https:\/\/news.save.ch\/fr\/bundesrat-rechnet-mit-wachsendem-druck-auf-die-schweiz\/\" \/>\n<meta property=\"og:locale\" content=\"fr_FR\" \/>\n<meta property=\"og:type\" content=\"article\" \/>\n<meta property=\"og:title\" content=\"Bundesrat rechnet mit wachsendem Druck auf die Schweiz - Save\" \/>\n<meta property=\"og:description\" content=\"Der Bundesrat hat den j\u00e4hrlichen Bericht zur Beurteilung der Bedrohungslage gem\u00e4ss Artikel 70 Nachrichtendienstgesetz (NDG) gutgeheissen.\" \/>\n<meta property=\"og:url\" content=\"https:\/\/news.save.ch\/fr\/bundesrat-rechnet-mit-wachsendem-druck-auf-die-schweiz\/\" \/>\n<meta property=\"og:site_name\" content=\"Save\" \/>\n<meta property=\"article:published_time\" content=\"2024-06-26T08:46:18+00:00\" \/>\n<meta property=\"article:modified_time\" content=\"2024-06-26T08:46:20+00:00\" \/>\n<meta property=\"og:image\" content=\"https:\/\/news.save.ch\/wp-content\/uploads\/2024\/06\/Depositphotos_44624677_S.jpg\" \/>\n\t<meta property=\"og:image:width\" content=\"1000\" \/>\n\t<meta property=\"og:image:height\" content=\"633\" \/>\n\t<meta property=\"og:image:type\" content=\"image\/jpeg\" \/>\n<meta name=\"author\" content=\"stefanie Zeng\" \/>\n<meta name=\"twitter:card\" content=\"summary_large_image\" \/>\n<meta name=\"twitter:label1\" content=\"\u00c9crit par\" \/>\n\t<meta name=\"twitter:data1\" content=\"stefanie Zeng\" \/>\n\t<meta name=\"twitter:label2\" content=\"Dur\u00e9e de lecture estim\u00e9e\" \/>\n\t<meta name=\"twitter:data2\" content=\"4 minutes\" \/>\n<script type=\"application\/ld+json\" class=\"yoast-schema-graph\">{\"@context\":\"https:\\\/\\\/schema.org\",\"@graph\":[{\"@type\":\"Article\",\"@id\":\"https:\\\/\\\/news.save.ch\\\/bundesrat-rechnet-mit-wachsendem-druck-auf-die-schweiz\\\/#article\",\"isPartOf\":{\"@id\":\"https:\\\/\\\/news.save.ch\\\/bundesrat-rechnet-mit-wachsendem-druck-auf-die-schweiz\\\/\"},\"author\":{\"name\":\"stefanie Zeng\",\"@id\":\"https:\\\/\\\/news.save.ch\\\/de\\\/#\\\/schema\\\/person\\\/10917387362b3961e882740f6cf6f2a2\"},\"headline\":\"Bundesrat rechnet mit wachsendem Druck auf die Schweiz\",\"datePublished\":\"2024-06-26T08:46:18+00:00\",\"dateModified\":\"2024-06-26T08:46:20+00:00\",\"mainEntityOfPage\":{\"@id\":\"https:\\\/\\\/news.save.ch\\\/bundesrat-rechnet-mit-wachsendem-druck-auf-die-schweiz\\\/\"},\"wordCount\":622,\"publisher\":{\"@id\":\"https:\\\/\\\/news.save.ch\\\/de\\\/#organization\"},\"image\":{\"@id\":\"https:\\\/\\\/news.save.ch\\\/bundesrat-rechnet-mit-wachsendem-druck-auf-die-schweiz\\\/#primaryimage\"},\"thumbnailUrl\":\"https:\\\/\\\/news.save.ch\\\/wp-content\\\/uploads\\\/2024\\\/06\\\/Depositphotos_44624677_S.jpg\",\"keywords\":[\"Nachrichtendienst\",\"Nachrichtendienst des Bundes\",\"Sicherheit\",\"Terror\"],\"articleSection\":[\"ALLGEMEIN\",\"SICHERHEIT\"],\"inLanguage\":\"fr-FR\"},{\"@type\":\"WebPage\",\"@id\":\"https:\\\/\\\/news.save.ch\\\/bundesrat-rechnet-mit-wachsendem-druck-auf-die-schweiz\\\/\",\"url\":\"https:\\\/\\\/news.save.ch\\\/bundesrat-rechnet-mit-wachsendem-druck-auf-die-schweiz\\\/\",\"name\":\"Bundesrat rechnet mit wachsendem Druck auf die Schweiz - Save\",\"isPartOf\":{\"@id\":\"https:\\\/\\\/news.save.ch\\\/de\\\/#website\"},\"primaryImageOfPage\":{\"@id\":\"https:\\\/\\\/news.save.ch\\\/bundesrat-rechnet-mit-wachsendem-druck-auf-die-schweiz\\\/#primaryimage\"},\"image\":{\"@id\":\"https:\\\/\\\/news.save.ch\\\/bundesrat-rechnet-mit-wachsendem-druck-auf-die-schweiz\\\/#primaryimage\"},\"thumbnailUrl\":\"https:\\\/\\\/news.save.ch\\\/wp-content\\\/uploads\\\/2024\\\/06\\\/Depositphotos_44624677_S.jpg\",\"datePublished\":\"2024-06-26T08:46:18+00:00\",\"dateModified\":\"2024-06-26T08:46:20+00:00\",\"description\":\"Der Bundesrat hat den j\u00e4hrlichen Bericht zur Beurteilung der Bedrohungslage gem\u00e4ss Artikel 70 Nachrichtendienstgesetz (NDG) gutgeheissen.\",\"breadcrumb\":{\"@id\":\"https:\\\/\\\/news.save.ch\\\/bundesrat-rechnet-mit-wachsendem-druck-auf-die-schweiz\\\/#breadcrumb\"},\"inLanguage\":\"fr-FR\",\"potentialAction\":[{\"@type\":\"ReadAction\",\"target\":[\"https:\\\/\\\/news.save.ch\\\/bundesrat-rechnet-mit-wachsendem-druck-auf-die-schweiz\\\/\"]}]},{\"@type\":\"ImageObject\",\"inLanguage\":\"fr-FR\",\"@id\":\"https:\\\/\\\/news.save.ch\\\/bundesrat-rechnet-mit-wachsendem-druck-auf-die-schweiz\\\/#primaryimage\",\"url\":\"https:\\\/\\\/news.save.ch\\\/wp-content\\\/uploads\\\/2024\\\/06\\\/Depositphotos_44624677_S.jpg\",\"contentUrl\":\"https:\\\/\\\/news.save.ch\\\/wp-content\\\/uploads\\\/2024\\\/06\\\/Depositphotos_44624677_S.jpg\",\"width\":1000,\"height\":633,\"caption\":\"Bild: Depositphotos\\\/Ruletkka\"},{\"@type\":\"BreadcrumbList\",\"@id\":\"https:\\\/\\\/news.save.ch\\\/bundesrat-rechnet-mit-wachsendem-druck-auf-die-schweiz\\\/#breadcrumb\",\"itemListElement\":[{\"@type\":\"ListItem\",\"position\":1,\"name\":\"Home\",\"item\":\"https:\\\/\\\/news.save.ch\\\/de\\\/\"},{\"@type\":\"ListItem\",\"position\":2,\"name\":\"Bundesrat rechnet mit wachsendem Druck auf die Schweiz\"}]},{\"@type\":\"WebSite\",\"@id\":\"https:\\\/\\\/news.save.ch\\\/de\\\/#website\",\"url\":\"https:\\\/\\\/news.save.ch\\\/de\\\/\",\"name\":\"Save\",\"description\":\"Schweizer Fachzeitschrift f\u00fcr Sicherheit\",\"publisher\":{\"@id\":\"https:\\\/\\\/news.save.ch\\\/de\\\/#organization\"},\"potentialAction\":[{\"@type\":\"SearchAction\",\"target\":{\"@type\":\"EntryPoint\",\"urlTemplate\":\"https:\\\/\\\/news.save.ch\\\/de\\\/?s={search_term_string}\"},\"query-input\":{\"@type\":\"PropertyValueSpecification\",\"valueRequired\":true,\"valueName\":\"search_term_string\"}}],\"inLanguage\":\"fr-FR\"},{\"@type\":\"Organization\",\"@id\":\"https:\\\/\\\/news.save.ch\\\/de\\\/#organization\",\"name\":\"Sicherheitsforum\",\"url\":\"https:\\\/\\\/news.save.ch\\\/de\\\/\",\"logo\":{\"@type\":\"ImageObject\",\"inLanguage\":\"fr-FR\",\"@id\":\"https:\\\/\\\/news.save.ch\\\/de\\\/#\\\/schema\\\/logo\\\/image\\\/\",\"url\":\"https:\\\/\\\/news.save.ch\\\/wp-content\\\/uploads\\\/2022\\\/06\\\/Logo_SF_2012.png\",\"contentUrl\":\"https:\\\/\\\/news.save.ch\\\/wp-content\\\/uploads\\\/2022\\\/06\\\/Logo_SF_2012.png\",\"width\":1100,\"height\":91,\"caption\":\"Sicherheitsforum\"},\"image\":{\"@id\":\"https:\\\/\\\/news.save.ch\\\/de\\\/#\\\/schema\\\/logo\\\/image\\\/\"}},{\"@type\":\"Person\",\"@id\":\"https:\\\/\\\/news.save.ch\\\/de\\\/#\\\/schema\\\/person\\\/10917387362b3961e882740f6cf6f2a2\",\"name\":\"stefanie Zeng\",\"image\":{\"@type\":\"ImageObject\",\"inLanguage\":\"fr-FR\",\"@id\":\"https:\\\/\\\/secure.gravatar.com\\\/avatar\\\/eac43faa6e40bb2c41068c95c9d78bbd94c476d5efdff7abaab80bb3ea681e06?s=96&d=mm&r=g\",\"url\":\"https:\\\/\\\/secure.gravatar.com\\\/avatar\\\/eac43faa6e40bb2c41068c95c9d78bbd94c476d5efdff7abaab80bb3ea681e06?s=96&d=mm&r=g\",\"contentUrl\":\"https:\\\/\\\/secure.gravatar.com\\\/avatar\\\/eac43faa6e40bb2c41068c95c9d78bbd94c476d5efdff7abaab80bb3ea681e06?s=96&d=mm&r=g\",\"caption\":\"stefanie Zeng\"},\"url\":\"https:\\\/\\\/news.save.ch\\\/fr\\\/author\\\/stefanie-zeng\\\/\"}]}<\/script>\n<!-- \/ Yoast SEO plugin. -->","yoast_head_json":{"title":"Le Conseil f\u00e9d\u00e9ral s'attend \u00e0 une pression croissante sur la Suisse - Save","description":"Le Conseil f\u00e9d\u00e9ral a approuv\u00e9 le rapport annuel sur l'\u00e9valuation de la menace conform\u00e9ment \u00e0 l'article 70 de la loi sur le renseignement (LRens).","robots":{"index":"index","follow":"follow","max-snippet":"max-snippet:-1","max-image-preview":"max-image-preview:large","max-video-preview":"max-video-preview:-1"},"canonical":"https:\/\/news.save.ch\/fr\/bundesrat-rechnet-mit-wachsendem-druck-auf-die-schweiz\/","og_locale":"fr_FR","og_type":"article","og_title":"Bundesrat rechnet mit wachsendem Druck auf die Schweiz - Save","og_description":"Der Bundesrat hat den j\u00e4hrlichen Bericht zur Beurteilung der Bedrohungslage gem\u00e4ss Artikel 70 Nachrichtendienstgesetz (NDG) gutgeheissen.","og_url":"https:\/\/news.save.ch\/fr\/bundesrat-rechnet-mit-wachsendem-druck-auf-die-schweiz\/","og_site_name":"Save","article_published_time":"2024-06-26T08:46:18+00:00","article_modified_time":"2024-06-26T08:46:20+00:00","og_image":[{"width":1000,"height":633,"url":"https:\/\/news.save.ch\/wp-content\/uploads\/2024\/06\/Depositphotos_44624677_S.jpg","type":"image\/jpeg"}],"author":"stefanie Zeng","twitter_card":"summary_large_image","twitter_misc":{"\u00c9crit par":"stefanie Zeng","Dur\u00e9e de lecture estim\u00e9e":"4 minutes"},"schema":{"@context":"https:\/\/schema.org","@graph":[{"@type":"Article","@id":"https:\/\/news.save.ch\/bundesrat-rechnet-mit-wachsendem-druck-auf-die-schweiz\/#article","isPartOf":{"@id":"https:\/\/news.save.ch\/bundesrat-rechnet-mit-wachsendem-druck-auf-die-schweiz\/"},"author":{"name":"stefanie Zeng","@id":"https:\/\/news.save.ch\/de\/#\/schema\/person\/10917387362b3961e882740f6cf6f2a2"},"headline":"Bundesrat rechnet mit wachsendem Druck auf die Schweiz","datePublished":"2024-06-26T08:46:18+00:00","dateModified":"2024-06-26T08:46:20+00:00","mainEntityOfPage":{"@id":"https:\/\/news.save.ch\/bundesrat-rechnet-mit-wachsendem-druck-auf-die-schweiz\/"},"wordCount":622,"publisher":{"@id":"https:\/\/news.save.ch\/de\/#organization"},"image":{"@id":"https:\/\/news.save.ch\/bundesrat-rechnet-mit-wachsendem-druck-auf-die-schweiz\/#primaryimage"},"thumbnailUrl":"https:\/\/news.save.ch\/wp-content\/uploads\/2024\/06\/Depositphotos_44624677_S.jpg","keywords":["Nachrichtendienst","Nachrichtendienst des Bundes","Sicherheit","Terror"],"articleSection":["ALLGEMEIN","SICHERHEIT"],"inLanguage":"fr-FR"},{"@type":"WebPage","@id":"https:\/\/news.save.ch\/bundesrat-rechnet-mit-wachsendem-druck-auf-die-schweiz\/","url":"https:\/\/news.save.ch\/bundesrat-rechnet-mit-wachsendem-druck-auf-die-schweiz\/","name":"Le Conseil f\u00e9d\u00e9ral s'attend \u00e0 une pression croissante sur la Suisse - Save","isPartOf":{"@id":"https:\/\/news.save.ch\/de\/#website"},"primaryImageOfPage":{"@id":"https:\/\/news.save.ch\/bundesrat-rechnet-mit-wachsendem-druck-auf-die-schweiz\/#primaryimage"},"image":{"@id":"https:\/\/news.save.ch\/bundesrat-rechnet-mit-wachsendem-druck-auf-die-schweiz\/#primaryimage"},"thumbnailUrl":"https:\/\/news.save.ch\/wp-content\/uploads\/2024\/06\/Depositphotos_44624677_S.jpg","datePublished":"2024-06-26T08:46:18+00:00","dateModified":"2024-06-26T08:46:20+00:00","description":"Le Conseil f\u00e9d\u00e9ral a approuv\u00e9 le rapport annuel sur l'\u00e9valuation de la menace conform\u00e9ment \u00e0 l'article 70 de la loi sur le renseignement (LRens).","breadcrumb":{"@id":"https:\/\/news.save.ch\/bundesrat-rechnet-mit-wachsendem-druck-auf-die-schweiz\/#breadcrumb"},"inLanguage":"fr-FR","potentialAction":[{"@type":"ReadAction","target":["https:\/\/news.save.ch\/bundesrat-rechnet-mit-wachsendem-druck-auf-die-schweiz\/"]}]},{"@type":"ImageObject","inLanguage":"fr-FR","@id":"https:\/\/news.save.ch\/bundesrat-rechnet-mit-wachsendem-druck-auf-die-schweiz\/#primaryimage","url":"https:\/\/news.save.ch\/wp-content\/uploads\/2024\/06\/Depositphotos_44624677_S.jpg","contentUrl":"https:\/\/news.save.ch\/wp-content\/uploads\/2024\/06\/Depositphotos_44624677_S.jpg","width":1000,"height":633,"caption":"Bild: Depositphotos\/Ruletkka"},{"@type":"BreadcrumbList","@id":"https:\/\/news.save.ch\/bundesrat-rechnet-mit-wachsendem-druck-auf-die-schweiz\/#breadcrumb","itemListElement":[{"@type":"ListItem","position":1,"name":"Home","item":"https:\/\/news.save.ch\/de\/"},{"@type":"ListItem","position":2,"name":"Bundesrat rechnet mit wachsendem Druck auf die Schweiz"}]},{"@type":"WebSite","@id":"https:\/\/news.save.ch\/de\/#website","url":"https:\/\/news.save.ch\/de\/","name":"Save","description":"Revue suisse sp\u00e9cialis\u00e9e dans la s\u00e9curit\u00e9","publisher":{"@id":"https:\/\/news.save.ch\/de\/#organization"},"potentialAction":[{"@type":"SearchAction","target":{"@type":"EntryPoint","urlTemplate":"https:\/\/news.save.ch\/de\/?s={search_term_string}"},"query-input":{"@type":"PropertyValueSpecification","valueRequired":true,"valueName":"search_term_string"}}],"inLanguage":"fr-FR"},{"@type":"Organization","@id":"https:\/\/news.save.ch\/de\/#organization","name":"Forum sur la s\u00e9curit\u00e9","url":"https:\/\/news.save.ch\/de\/","logo":{"@type":"ImageObject","inLanguage":"fr-FR","@id":"https:\/\/news.save.ch\/de\/#\/schema\/logo\/image\/","url":"https:\/\/news.save.ch\/wp-content\/uploads\/2022\/06\/Logo_SF_2012.png","contentUrl":"https:\/\/news.save.ch\/wp-content\/uploads\/2022\/06\/Logo_SF_2012.png","width":1100,"height":91,"caption":"Sicherheitsforum"},"image":{"@id":"https:\/\/news.save.ch\/de\/#\/schema\/logo\/image\/"}},{"@type":"Person","@id":"https:\/\/news.save.ch\/de\/#\/schema\/person\/10917387362b3961e882740f6cf6f2a2","name":"stefanie Zeng","image":{"@type":"ImageObject","inLanguage":"fr-FR","@id":"https:\/\/secure.gravatar.com\/avatar\/eac43faa6e40bb2c41068c95c9d78bbd94c476d5efdff7abaab80bb3ea681e06?s=96&d=mm&r=g","url":"https:\/\/secure.gravatar.com\/avatar\/eac43faa6e40bb2c41068c95c9d78bbd94c476d5efdff7abaab80bb3ea681e06?s=96&d=mm&r=g","contentUrl":"https:\/\/secure.gravatar.com\/avatar\/eac43faa6e40bb2c41068c95c9d78bbd94c476d5efdff7abaab80bb3ea681e06?s=96&d=mm&r=g","caption":"stefanie Zeng"},"url":"https:\/\/news.save.ch\/fr\/author\/stefanie-zeng\/"}]}},"_links":{"self":[{"href":"https:\/\/news.save.ch\/fr\/wp-json\/wp\/v2\/posts\/23290","targetHints":{"allow":["GET"]}}],"collection":[{"href":"https:\/\/news.save.ch\/fr\/wp-json\/wp\/v2\/posts"}],"about":[{"href":"https:\/\/news.save.ch\/fr\/wp-json\/wp\/v2\/types\/post"}],"author":[{"embeddable":true,"href":"https:\/\/news.save.ch\/fr\/wp-json\/wp\/v2\/users\/31"}],"replies":[{"embeddable":true,"href":"https:\/\/news.save.ch\/fr\/wp-json\/wp\/v2\/comments?post=23290"}],"version-history":[{"count":3,"href":"https:\/\/news.save.ch\/fr\/wp-json\/wp\/v2\/posts\/23290\/revisions"}],"predecessor-version":[{"id":23294,"href":"https:\/\/news.save.ch\/fr\/wp-json\/wp\/v2\/posts\/23290\/revisions\/23294"}],"wp:featuredmedia":[{"embeddable":true,"href":"https:\/\/news.save.ch\/fr\/wp-json\/wp\/v2\/media\/23292"}],"wp:attachment":[{"href":"https:\/\/news.save.ch\/fr\/wp-json\/wp\/v2\/media?parent=23290"}],"wp:term":[{"taxonomy":"category","embeddable":true,"href":"https:\/\/news.save.ch\/fr\/wp-json\/wp\/v2\/categories?post=23290"},{"taxonomy":"post_tag","embeddable":true,"href":"https:\/\/news.save.ch\/fr\/wp-json\/wp\/v2\/tags?post=23290"}],"curies":[{"name":"wp","href":"https:\/\/api.w.org\/{rel}","templated":true}]}}