{"id":23387,"date":"2024-07-30T12:03:02","date_gmt":"2024-07-30T10:03:02","guid":{"rendered":"https:\/\/news.save.ch\/?p=23387"},"modified":"2024-07-30T12:03:10","modified_gmt":"2024-07-30T10:03:10","slug":"schutz-fuer-das-arbeitsmittel-nr-1","status":null,"type":"post","link":"https:\/\/news.save.ch\/fr\/schutz-fuer-das-arbeitsmittel-nr-1\/","title":{"rendered":"Protection pour l'\u00e9quipement de travail n\u00b0 1"},"content":{"rendered":"<section>\n<figure id=\"attachment_23393\" aria-describedby=\"caption-attachment-23393\" style=\"width: 1200px\" class=\"wp-caption alignnone\"><a href=\"https:\/\/news.save.ch\/fr\/schutz-fuer-das-arbeitsmittel-nr-1\/depositphotos_357526284_xl\/\" rel=\"attachment wp-att-23393\"><img loading=\"lazy\" decoding=\"async\" class=\"size-full wp-image-23393\" src=\"https:\/\/news.save.ch\/wp-content\/uploads\/2024\/07\/Depositphotos_357526284_XL-scaled.jpg\" alt=\"\" width=\"1200\" height=\"801\" srcset=\"https:\/\/news.save.ch\/wp-content\/uploads\/2024\/07\/Depositphotos_357526284_XL-scaled.jpg 1200w, https:\/\/news.save.ch\/wp-content\/uploads\/2024\/07\/Depositphotos_357526284_XL-680x454.jpg 680w, https:\/\/news.save.ch\/wp-content\/uploads\/2024\/07\/Depositphotos_357526284_XL-1024x683.jpg 1024w, https:\/\/news.save.ch\/wp-content\/uploads\/2024\/07\/Depositphotos_357526284_XL-768x512.jpg 768w, https:\/\/news.save.ch\/wp-content\/uploads\/2024\/07\/Depositphotos_357526284_XL-1536x1025.jpg 1536w, https:\/\/news.save.ch\/wp-content\/uploads\/2024\/07\/Depositphotos_357526284_XL-2048x1367.jpg 2048w, https:\/\/news.save.ch\/wp-content\/uploads\/2024\/07\/Depositphotos_357526284_XL-18x12.jpg 18w, https:\/\/news.save.ch\/wp-content\/uploads\/2024\/07\/Depositphotos_357526284_XL-375x250.jpg 375w, https:\/\/news.save.ch\/wp-content\/uploads\/2024\/07\/Depositphotos_357526284_XL-525x350.jpg 525w, https:\/\/news.save.ch\/wp-content\/uploads\/2024\/07\/Depositphotos_357526284_XL-1000x667.jpg 1000w\" sizes=\"auto, (max-width: 1200px) 100vw, 1200px\" \/><\/a><figcaption id=\"caption-attachment-23393\" class=\"wp-caption-text\">Photo : depositphotos\/HayDmitriy<\/figcaption><\/figure>\n<p>&nbsp;<\/p>\n<\/section>\n<section class=\"placed focus\">Les gants sont le moyen le plus courant et le plus \u00e9prouv\u00e9 de prot\u00e9ger les mains ; ils \u00e9taient d\u00e9j\u00e0 connus dans les premi\u00e8res civilisations \u00e9gyptiennes. Aujourd'hui, nous utilisons des gants en hiver, pour le nettoyage ou le jardinage, ainsi que pour de nombreuses activit\u00e9s sur le lieu de travail.<\/p>\n<h3>Tous les gants ne se valent pas<\/h3>\n<p>L'offre d'EPI pour la protection des mains est \u00e9norme et il existe un mod\u00e8le pour chaque risque imaginable, par exemple contre les risques m\u00e9caniques tels que les piq\u00fbres et les coupures, contre la chaleur ou le froid, contre les produits chimiques ou la radioactivit\u00e9. Pour certaines activit\u00e9s et professions, on trouve \u00e9galement des gants sp\u00e9ciaux avec des propri\u00e9t\u00e9s de s\u00e9curit\u00e9 adapt\u00e9es, comme par exemple pour le travail \u00e0 la tron\u00e7onneuse ou des gants antistatiques pour le travail sur des composants \u00e9lectroniques sensibles.<\/p>\n<p>Il n'existe donc pas un gant de protection unique, mais il convient de choisir \u00e0 chaque fois le type de gant adapt\u00e9 \u00e0 l'activit\u00e9 et aux risques pour la sant\u00e9 et les blessures qui y sont li\u00e9s. La normalisation des exigences de qualit\u00e9 pour les gants de protection comprend \u00e9galement des obligations de marquage. Outre le sigle CE, il s'agit d'un pictogramme qui visualise la fonction de protection, ainsi que d'indications sur la norme, le fabricant, la taille et le type.<\/p>\n<h3>Pictogrammes et lettres d'identification<\/h3>\n<p>Les pictogrammes sont compl\u00e9t\u00e9s par des chiffres et des lettres qui sp\u00e9cifient l'effet protecteur. Ainsi, les gants de protection contre les risques m\u00e9caniques selon la norme DIN 388 indiquent, \u00e0 l'aide d'un code \u00e0 5 ou 6 chiffres, les niveaux de performance pour les crit\u00e8res suivants : r\u00e9sistance \u00e0 l'abrasion, r\u00e9sistance \u00e0 la coupure, r\u00e9sistance \u00e0 la d\u00e9chirure, r\u00e9sistance \u00e0 la perforation, un autre test de r\u00e9sistance \u00e0 la coupure ainsi que (en option) la protection contre les chocs. Pour les gants de protection contre les produits chimiques selon EN 374, 18 lettres d'identification correspondent \u00e0 diff\u00e9rentes classes de produits chimiques comme les hydrocarbures chlor\u00e9s, les acides organiques ou les peroxydes. Toute personne qui ach\u00e8te, utilise ou met \u00e0 disposition des gants de protection devrait conna\u00eetre la signification de ces pictogrammes et abr\u00e9viations. Les fiches de donn\u00e9es de s\u00e9curit\u00e9 des produits chimiques indiquent quel mat\u00e9riau de gants est adapt\u00e9 au travail avec quelles substances chimiques.<\/p>\n<p>Outre les exigences de protection et les classes de performance, d'autres crit\u00e8res jouent un r\u00f4le dans l'achat de gants de protection. Dans la logistique ou le montage, la pr\u00e9hension, c'est-\u00e0-dire un acc\u00e8s sans glissement, est importante. En m\u00e9decine ou en cosm\u00e9tique, une sensibilit\u00e9 tactile est essentielle. Selon le secteur et l'utilisation, les propri\u00e9t\u00e9s st\u00e9riles, alimentaires ou compatibles avec les \u00e9crans tactiles peuvent \u00e9galement \u00eatre d\u00e9terminantes. Si, en outre, le gant est agr\u00e9able \u00e0 porter et confortable, il sera volontiers utilis\u00e9.<\/p>\n<h3>Examiner les ingr\u00e9dients d'un \u0153il critique<\/h3>\n<p>Bien entendu, un gant ne doit pas devenir lui-m\u00eame un danger pour la sant\u00e9. M\u00eame si l'utilisation de certains composants probl\u00e9matiques a d\u00e9j\u00e0 \u00e9t\u00e9 limit\u00e9e, il convient de garder un \u0153il sur les substances nocives \u00e9vitables telles que<\/p>\n<ul>\n<li>Risques d'allergie aux prot\u00e9ines de latex, \u00e0 la poudre de gants ou aux acc\u00e9l\u00e9rateurs de vulcanisation (dithiocarbamates, thirame, thiour\u00e9es)<\/li>\n<li>Compos\u00e9s de chrome canc\u00e9rig\u00e8nes dans les gants en cuir<\/li>\n<li>le DMF (N,N-dim\u00e9thylformamide), consid\u00e9r\u00e9 comme h\u00e9patotoxique et toxique pour la reproduction, dans les gants enduits de polyur\u00e9thane<\/li>\n<li>Phtalates comme plastifiants dans le PVC, les gants en vinyle ne doivent donc pas \u00eatre utilis\u00e9s en contact avec des aliments.<\/li>\n<\/ul>\n<p>&nbsp;<\/p>\n<p>Le latex (caoutchouc naturel) est certes consid\u00e9r\u00e9 comme une mati\u00e8re premi\u00e8re renouvelable, mais les gants en nitrile s'imposent de plus en plus comme une alternative respectueuse des personnes allergiques.<\/p>\n<h3>Aper\u00e7u par plan de gants<\/h3>\n<p>Les experts en pr\u00e9vention recommandent de pr\u00e9senter clairement les consignes sp\u00e9cifiques \u00e0 l'entreprise concernant le port de gants de protection dans un plan pour les gants. Un tel plan<\/p>\n<ul>\n<li>indique quel mod\u00e8le de gant - de pr\u00e9f\u00e9rence avec une photo du produit - doit \u00eatre utilis\u00e9 pour quelle activit\u00e9<\/li>\n<li>est affich\u00e9 de mani\u00e8re bien visible sur le lieu de travail<\/li>\n<li>\u00e9vite qu'un gant soit mal choisi ou mal utilis\u00e9<\/li>\n<\/ul>\n<p>En mati\u00e8re de protection des mains contre les produits chimiques, une confusion entre les mod\u00e8les de gants peut avoir des cons\u00e9quences fatales. Il va de soi que les gants indiqu\u00e9s sur le plan doivent \u00eatre mis \u00e0 disposition dans les tailles requises. L'id\u00e9al est qu'ils soient disponibles directement sur place, car le fait de devoir d'abord se procurer ses gants diminue l'acceptation du port de ceux-ci. De nombreux fabricants aident \u00e0 \u00e9tablir des plans de gants. Les mod\u00e8les propos\u00e9s sur Internet doivent absolument \u00eatre adapt\u00e9s \u00e0 la situation concr\u00e8te sur place.<\/p>\n<blockquote><p>\"Si la sensation et le confort sont au rendez-vous, un gant est volontiers utilis\u00e9\".<\/p><\/blockquote>\n<h3>Quand le gant devient un facteur de risque<\/h3>\n<p>Elle devrait \u00eatre connue du personnel permanent, mais doit toujours \u00eatre expliqu\u00e9e aux d\u00e9butants, aux stagiaires, aux int\u00e9rimaires, etc : Le port de gants de protection est interdit sur les machines comportant des pi\u00e8ces rotatives, comme les perceuses, les tours, les fraiseuses, etc. et les scies circulaires. En effet, le risque existe qu'un gant soit happ\u00e9 par le mouvement de rotation et entra\u00eene la main et le bras en quelques secondes. Il est alors quasiment impossible d'\u00e9viter les blessures les plus graves.<\/p>\n<h3>12 conseils : Utiliser des gants de protection contre les produits chimiques en toute s\u00e9curit\u00e9<\/h3>\n<p>Lorsque l'on porte des gants de protection contre les risques m\u00e9caniques, comme c'est souvent le cas sur les chantiers, il est important de les porter. Mais lorsque les mains doivent \u00eatre prot\u00e9g\u00e9es contre l'influence de produits chimiques, le port de gants devient plus complexe. Les personnes qui utilisent des gants de protection contre les produits chimiques doivent conna\u00eetre les r\u00e8gles de base suivantes.<\/p>\n<ol>\n<li>Toujours choisir des gants adapt\u00e9s au risque ou au produit chimique, c'est-\u00e0-dire comprendre l'\u00e9tiquetage des gants et consulter la fiche de donn\u00e9es de s\u00e9curit\u00e9.<\/li>\n<li>Examiner le gant avant de l'enfiler. Est-il intact et - du moins \u00e0 l'int\u00e9rieur - propre et sec ?<\/li>\n<li>N'utiliser les gants que de la mani\u00e8re et aux fins pr\u00e9vues par le fabricant, conform\u00e9ment aux pr\u00e9sentes informations d'utilisation.<\/li>\n<li>N'enfiler les gants qu'avec des mains propres et s\u00e8ches, garder les ongles courts et enlever les bijoux le cas \u00e9ch\u00e9ant.<\/li>\n<li>Rabattre les manchettes pour \u00e9viter qu'elles ne d\u00e9bordent sur la peau, en particulier lors de travaux au-dessus de la t\u00eate.<\/li>\n<li>Respecter la dur\u00e9e maximale de port du gant !<\/li>\n<li>\u00c9viter l'effet d'occlusion, utiliser des sous-gants si n\u00e9cessaire (voir encadr\u00e9 d'information).<\/li>\n<li>N'utiliser les gants \u00e0 usage unique qu'une seule fois - ils s'appellent ainsi pour une bonne raison.<\/li>\n<li>Laver les gants contamin\u00e9s ou (pour les substances dangereuses non solubles dans l'eau) les essuyer et les retirer de mani\u00e8re \u00e0 ce que les substances ou les gouttelettes adh\u00e9rentes ne se retrouvent pas dans l'environnement de travail.<\/li>\n<li>Ne pas laisser tra\u00eener des gants usag\u00e9s ou souill\u00e9s (et contaminer ainsi la table ou l'environnement), mais les \u00e9liminer imm\u00e9diatement de mani\u00e8re appropri\u00e9e.<\/li>\n<li>Ne pas n\u00e9gliger la protection et les soins de la peau en utilisant des produits appropri\u00e9s.<\/li>\n<li>Signaler les probl\u00e8mes de peau \u00e0 son sup\u00e9rieur hi\u00e9rarchique et ne pas tra\u00eener, mais consulter un m\u00e9decin.<\/li>\n<\/ol>\n<p>Si la main ou la peau est d\u00e9j\u00e0 endommag\u00e9e, par exemple si elle pr\u00e9sente des plaies, des \u00e9raflures, des br\u00fblures ou des irritations, le port de gants de protection contre les produits chimiques doit \u00eatre discut\u00e9 avec un dermatologue ou un m\u00e9decin du travail.<\/p>\n<table style=\"border-collapse: collapse; width: 100%;\">\n<tbody>\n<tr>\n<td style=\"width: 911px;\">\n<h3><em>L'effet d'occlusion<\/em><\/h3>\n<p><em>Si les gants \u00e9tanches doivent \u00eatre port\u00e9s souvent ou longtemps, par exemple en laboratoire ou pour des t\u00e2ches de nettoyage, les mains ne peuvent pas \u00e9vacuer la transpiration vers l'ext\u00e9rieur. L'humidit\u00e9 et la chaleur s'accumulent sous le gant. Lors de cet effet d'occlusion ou d'occlusion (occlusion = fermeture), la peau gonfle et se ramollit. La couche protectrice acide naturelle est perturb\u00e9e, la peau devient plus perm\u00e9able et plus sensible aux blessures. Les bact\u00e9ries, les champignons et les substances nocives peuvent \u00e9galement p\u00e9n\u00e9trer plus facilement dans la peau.<\/em><\/p>\n<p><em>Cela permet d'\u00e9viter ou d'att\u00e9nuer l'effet occlusif :<\/em><\/p>\n<ul>\n<li><em>Ne pas porter de gants de protection plus longtemps que n\u00e9cessaire<\/em><\/li>\n<li><em>Changer de gants \u00e0 temps<\/em><\/li>\n<li><em>utiliser des sous-gants en coton<\/em><\/li>\n<li><em>soigner la peau avec des produits cutan\u00e9s adapt\u00e9s<\/em><\/li>\n<\/ul>\n<\/td>\n<\/tr>\n<\/tbody>\n<\/table>\n<\/section>\n<section class=\"placed\">Friedhelm Kring est journaliste ind\u00e9pendant, sp\u00e9cialis\u00e9 dans la s\u00e9curit\u00e9 au travail.&gt; www.kring.de<\/section>","protected":false},"excerpt":{"rendered":"<p>&nbsp; H\u00e4ufigstes und bew\u00e4hrtes Mittel zum Schutz der H\u00e4nde sind Handschuhe; schon in den fr\u00fchen Hochkulturen der \u00c4gypter waren sie bekannt. Heute verwenden wir Handschuhe im Winter, beim Putzen oder bei Gartenarbeiten und ebenso bei vielen T\u00e4tigkeiten am Arbeitsplatz. Handschuh ist nicht gleich Handschuh Das Angebot an Handschutz-PSA ist riesig und f\u00fcr jede erdenkliche Gef\u00e4hrdung [&hellip;]<\/p>\n","protected":false},"author":31,"featured_media":23393,"comment_status":"closed","ping_status":"closed","sticky":false,"template":"","format":"standard","meta":{"_acf_changed":false,"pgc_sgb_lightbox_settings":"","footnotes":""},"categories":[3314],"tags":[4216,2213,2435],"class_list":["post-23387","post","type-post","status-publish","format-standard","has-post-thumbnail","hentry","category-health-safety","tag-arbeitshandschuhe","tag-handschuhe","tag-latexhandschuhe"],"acf":[],"hkrextid":null,"publication":null,"issue":null,"workflow":null,"startPage":null,"spitzmarke":null,"_posts_by_tag_page_fields":null,"_at_widget":null,"_yoast_wpseo_primary_category":"3314","_yoast_wpseo_focuskw_text_input":null,"_yoast_wpseo_opengraph-image":null,"_yoast_wpseo_opengraph-description":null,"_yoast_wpseo_opengraph-title":null,"enclosure":null,"_yoast_wpseo_twitter-title":null,"_yoast_wpseo_twitter-description":null,"_yoast_wpseo_twitter-image":null,"_wp_old_slug":null,"_yoast_wpseo_title":null,"_yoast_wpseo_canonical":null,"yoast_head":"<!-- This site is optimized with the Yoast SEO plugin v27.4 - https:\/\/yoast.com\/product\/yoast-seo-wordpress\/ -->\n<title>Schutz f\u00fcr das Arbeitsmittel Nr. 1 - Save<\/title>\n<meta name=\"description\" content=\"Unser wichtigstes Werkzeug haben wir immer dabei: die H\u00e4nde. Ihr Schutz und ihre Pflege sind unverzichtbar.\" \/>\n<meta name=\"robots\" content=\"index, follow, max-snippet:-1, max-image-preview:large, max-video-preview:-1\" \/>\n<link rel=\"canonical\" href=\"https:\/\/news.save.ch\/fr\/schutz-fuer-das-arbeitsmittel-nr-1\/\" \/>\n<meta property=\"og:locale\" content=\"fr_FR\" \/>\n<meta property=\"og:type\" content=\"article\" \/>\n<meta property=\"og:title\" content=\"Schutz f\u00fcr das Arbeitsmittel Nr. 1 - Save\" \/>\n<meta property=\"og:description\" content=\"Unser wichtigstes Werkzeug haben wir immer dabei: die H\u00e4nde. Ihr Schutz und ihre Pflege sind unverzichtbar.\" \/>\n<meta property=\"og:url\" content=\"https:\/\/news.save.ch\/fr\/schutz-fuer-das-arbeitsmittel-nr-1\/\" \/>\n<meta property=\"og:site_name\" content=\"Save\" \/>\n<meta property=\"article:published_time\" content=\"2024-07-30T10:03:02+00:00\" \/>\n<meta property=\"article:modified_time\" content=\"2024-07-30T10:03:10+00:00\" \/>\n<meta property=\"og:image\" content=\"https:\/\/news.save.ch\/wp-content\/uploads\/2024\/07\/Depositphotos_357526284_XL-scaled.jpg\" \/>\n\t<meta property=\"og:image:width\" content=\"1200\" \/>\n\t<meta property=\"og:image:height\" content=\"801\" \/>\n\t<meta property=\"og:image:type\" content=\"image\/jpeg\" \/>\n<meta name=\"author\" content=\"stefanie Zeng\" \/>\n<meta name=\"twitter:card\" content=\"summary_large_image\" \/>\n<meta name=\"twitter:label1\" content=\"\u00c9crit par\" \/>\n\t<meta name=\"twitter:data1\" content=\"stefanie Zeng\" \/>\n\t<meta name=\"twitter:label2\" content=\"Dur\u00e9e de lecture estim\u00e9e\" \/>\n\t<meta name=\"twitter:data2\" content=\"6 minutes\" \/>\n<script type=\"application\/ld+json\" class=\"yoast-schema-graph\">{\"@context\":\"https:\\\/\\\/schema.org\",\"@graph\":[{\"@type\":\"Article\",\"@id\":\"https:\\\/\\\/news.save.ch\\\/schutz-fuer-das-arbeitsmittel-nr-1\\\/#article\",\"isPartOf\":{\"@id\":\"https:\\\/\\\/news.save.ch\\\/schutz-fuer-das-arbeitsmittel-nr-1\\\/\"},\"author\":{\"name\":\"stefanie Zeng\",\"@id\":\"https:\\\/\\\/news.save.ch\\\/de\\\/#\\\/schema\\\/person\\\/10917387362b3961e882740f6cf6f2a2\"},\"headline\":\"Schutz f\u00fcr das Arbeitsmittel Nr. 1\",\"datePublished\":\"2024-07-30T10:03:02+00:00\",\"dateModified\":\"2024-07-30T10:03:10+00:00\",\"mainEntityOfPage\":{\"@id\":\"https:\\\/\\\/news.save.ch\\\/schutz-fuer-das-arbeitsmittel-nr-1\\\/\"},\"wordCount\":1080,\"publisher\":{\"@id\":\"https:\\\/\\\/news.save.ch\\\/de\\\/#organization\"},\"image\":{\"@id\":\"https:\\\/\\\/news.save.ch\\\/schutz-fuer-das-arbeitsmittel-nr-1\\\/#primaryimage\"},\"thumbnailUrl\":\"https:\\\/\\\/news.save.ch\\\/wp-content\\\/uploads\\\/2024\\\/07\\\/Depositphotos_357526284_XL-scaled.jpg\",\"keywords\":[\"Arbeitshandschuhe\",\"Handschuhe\",\"Latexhandschuhe\"],\"articleSection\":[\"HEALTH &amp; SAFETY\"],\"inLanguage\":\"fr-FR\"},{\"@type\":\"WebPage\",\"@id\":\"https:\\\/\\\/news.save.ch\\\/schutz-fuer-das-arbeitsmittel-nr-1\\\/\",\"url\":\"https:\\\/\\\/news.save.ch\\\/schutz-fuer-das-arbeitsmittel-nr-1\\\/\",\"name\":\"Schutz f\u00fcr das Arbeitsmittel Nr. 1 - Save\",\"isPartOf\":{\"@id\":\"https:\\\/\\\/news.save.ch\\\/de\\\/#website\"},\"primaryImageOfPage\":{\"@id\":\"https:\\\/\\\/news.save.ch\\\/schutz-fuer-das-arbeitsmittel-nr-1\\\/#primaryimage\"},\"image\":{\"@id\":\"https:\\\/\\\/news.save.ch\\\/schutz-fuer-das-arbeitsmittel-nr-1\\\/#primaryimage\"},\"thumbnailUrl\":\"https:\\\/\\\/news.save.ch\\\/wp-content\\\/uploads\\\/2024\\\/07\\\/Depositphotos_357526284_XL-scaled.jpg\",\"datePublished\":\"2024-07-30T10:03:02+00:00\",\"dateModified\":\"2024-07-30T10:03:10+00:00\",\"description\":\"Unser wichtigstes Werkzeug haben wir immer dabei: die H\u00e4nde. Ihr Schutz und ihre Pflege sind unverzichtbar.\",\"breadcrumb\":{\"@id\":\"https:\\\/\\\/news.save.ch\\\/schutz-fuer-das-arbeitsmittel-nr-1\\\/#breadcrumb\"},\"inLanguage\":\"fr-FR\",\"potentialAction\":[{\"@type\":\"ReadAction\",\"target\":[\"https:\\\/\\\/news.save.ch\\\/schutz-fuer-das-arbeitsmittel-nr-1\\\/\"]}]},{\"@type\":\"ImageObject\",\"inLanguage\":\"fr-FR\",\"@id\":\"https:\\\/\\\/news.save.ch\\\/schutz-fuer-das-arbeitsmittel-nr-1\\\/#primaryimage\",\"url\":\"https:\\\/\\\/news.save.ch\\\/wp-content\\\/uploads\\\/2024\\\/07\\\/Depositphotos_357526284_XL-scaled.jpg\",\"contentUrl\":\"https:\\\/\\\/news.save.ch\\\/wp-content\\\/uploads\\\/2024\\\/07\\\/Depositphotos_357526284_XL-scaled.jpg\",\"width\":1200,\"height\":801,\"caption\":\"Foto: depositphotos\\\/HayDmitriy\"},{\"@type\":\"BreadcrumbList\",\"@id\":\"https:\\\/\\\/news.save.ch\\\/schutz-fuer-das-arbeitsmittel-nr-1\\\/#breadcrumb\",\"itemListElement\":[{\"@type\":\"ListItem\",\"position\":1,\"name\":\"Home\",\"item\":\"https:\\\/\\\/news.save.ch\\\/de\\\/\"},{\"@type\":\"ListItem\",\"position\":2,\"name\":\"Schutz f\u00fcr das Arbeitsmittel Nr. 1\"}]},{\"@type\":\"WebSite\",\"@id\":\"https:\\\/\\\/news.save.ch\\\/de\\\/#website\",\"url\":\"https:\\\/\\\/news.save.ch\\\/de\\\/\",\"name\":\"Save\",\"description\":\"Schweizer Fachzeitschrift f\u00fcr Sicherheit\",\"publisher\":{\"@id\":\"https:\\\/\\\/news.save.ch\\\/de\\\/#organization\"},\"potentialAction\":[{\"@type\":\"SearchAction\",\"target\":{\"@type\":\"EntryPoint\",\"urlTemplate\":\"https:\\\/\\\/news.save.ch\\\/de\\\/?s={search_term_string}\"},\"query-input\":{\"@type\":\"PropertyValueSpecification\",\"valueRequired\":true,\"valueName\":\"search_term_string\"}}],\"inLanguage\":\"fr-FR\"},{\"@type\":\"Organization\",\"@id\":\"https:\\\/\\\/news.save.ch\\\/de\\\/#organization\",\"name\":\"Sicherheitsforum\",\"url\":\"https:\\\/\\\/news.save.ch\\\/de\\\/\",\"logo\":{\"@type\":\"ImageObject\",\"inLanguage\":\"fr-FR\",\"@id\":\"https:\\\/\\\/news.save.ch\\\/de\\\/#\\\/schema\\\/logo\\\/image\\\/\",\"url\":\"https:\\\/\\\/news.save.ch\\\/wp-content\\\/uploads\\\/2022\\\/06\\\/Logo_SF_2012.png\",\"contentUrl\":\"https:\\\/\\\/news.save.ch\\\/wp-content\\\/uploads\\\/2022\\\/06\\\/Logo_SF_2012.png\",\"width\":1100,\"height\":91,\"caption\":\"Sicherheitsforum\"},\"image\":{\"@id\":\"https:\\\/\\\/news.save.ch\\\/de\\\/#\\\/schema\\\/logo\\\/image\\\/\"}},{\"@type\":\"Person\",\"@id\":\"https:\\\/\\\/news.save.ch\\\/de\\\/#\\\/schema\\\/person\\\/10917387362b3961e882740f6cf6f2a2\",\"name\":\"stefanie Zeng\",\"image\":{\"@type\":\"ImageObject\",\"inLanguage\":\"fr-FR\",\"@id\":\"https:\\\/\\\/secure.gravatar.com\\\/avatar\\\/eac43faa6e40bb2c41068c95c9d78bbd94c476d5efdff7abaab80bb3ea681e06?s=96&d=mm&r=g\",\"url\":\"https:\\\/\\\/secure.gravatar.com\\\/avatar\\\/eac43faa6e40bb2c41068c95c9d78bbd94c476d5efdff7abaab80bb3ea681e06?s=96&d=mm&r=g\",\"contentUrl\":\"https:\\\/\\\/secure.gravatar.com\\\/avatar\\\/eac43faa6e40bb2c41068c95c9d78bbd94c476d5efdff7abaab80bb3ea681e06?s=96&d=mm&r=g\",\"caption\":\"stefanie Zeng\"},\"url\":\"https:\\\/\\\/news.save.ch\\\/fr\\\/author\\\/stefanie-zeng\\\/\"}]}<\/script>\n<!-- \/ Yoast SEO plugin. -->","yoast_head_json":{"title":"Protection pour l'\u00e9quipement de travail n\u00b0 1 - Save","description":"Nous avons toujours avec nous notre outil le plus important : les mains. Leur protection et leur entretien sont indispensables.","robots":{"index":"index","follow":"follow","max-snippet":"max-snippet:-1","max-image-preview":"max-image-preview:large","max-video-preview":"max-video-preview:-1"},"canonical":"https:\/\/news.save.ch\/fr\/schutz-fuer-das-arbeitsmittel-nr-1\/","og_locale":"fr_FR","og_type":"article","og_title":"Schutz f\u00fcr das Arbeitsmittel Nr. 1 - Save","og_description":"Unser wichtigstes Werkzeug haben wir immer dabei: die H\u00e4nde. Ihr Schutz und ihre Pflege sind unverzichtbar.","og_url":"https:\/\/news.save.ch\/fr\/schutz-fuer-das-arbeitsmittel-nr-1\/","og_site_name":"Save","article_published_time":"2024-07-30T10:03:02+00:00","article_modified_time":"2024-07-30T10:03:10+00:00","og_image":[{"width":1200,"height":801,"url":"https:\/\/news.save.ch\/wp-content\/uploads\/2024\/07\/Depositphotos_357526284_XL-scaled.jpg","type":"image\/jpeg"}],"author":"stefanie Zeng","twitter_card":"summary_large_image","twitter_misc":{"\u00c9crit par":"stefanie Zeng","Dur\u00e9e de lecture estim\u00e9e":"6 minutes"},"schema":{"@context":"https:\/\/schema.org","@graph":[{"@type":"Article","@id":"https:\/\/news.save.ch\/schutz-fuer-das-arbeitsmittel-nr-1\/#article","isPartOf":{"@id":"https:\/\/news.save.ch\/schutz-fuer-das-arbeitsmittel-nr-1\/"},"author":{"name":"stefanie Zeng","@id":"https:\/\/news.save.ch\/de\/#\/schema\/person\/10917387362b3961e882740f6cf6f2a2"},"headline":"Schutz f\u00fcr das Arbeitsmittel Nr. 1","datePublished":"2024-07-30T10:03:02+00:00","dateModified":"2024-07-30T10:03:10+00:00","mainEntityOfPage":{"@id":"https:\/\/news.save.ch\/schutz-fuer-das-arbeitsmittel-nr-1\/"},"wordCount":1080,"publisher":{"@id":"https:\/\/news.save.ch\/de\/#organization"},"image":{"@id":"https:\/\/news.save.ch\/schutz-fuer-das-arbeitsmittel-nr-1\/#primaryimage"},"thumbnailUrl":"https:\/\/news.save.ch\/wp-content\/uploads\/2024\/07\/Depositphotos_357526284_XL-scaled.jpg","keywords":["Arbeitshandschuhe","Handschuhe","Latexhandschuhe"],"articleSection":["HEALTH &amp; SAFETY"],"inLanguage":"fr-FR"},{"@type":"WebPage","@id":"https:\/\/news.save.ch\/schutz-fuer-das-arbeitsmittel-nr-1\/","url":"https:\/\/news.save.ch\/schutz-fuer-das-arbeitsmittel-nr-1\/","name":"Protection pour l'\u00e9quipement de travail n\u00b0 1 - Save","isPartOf":{"@id":"https:\/\/news.save.ch\/de\/#website"},"primaryImageOfPage":{"@id":"https:\/\/news.save.ch\/schutz-fuer-das-arbeitsmittel-nr-1\/#primaryimage"},"image":{"@id":"https:\/\/news.save.ch\/schutz-fuer-das-arbeitsmittel-nr-1\/#primaryimage"},"thumbnailUrl":"https:\/\/news.save.ch\/wp-content\/uploads\/2024\/07\/Depositphotos_357526284_XL-scaled.jpg","datePublished":"2024-07-30T10:03:02+00:00","dateModified":"2024-07-30T10:03:10+00:00","description":"Nous avons toujours avec nous notre outil le plus important : les mains. Leur protection et leur entretien sont indispensables.","breadcrumb":{"@id":"https:\/\/news.save.ch\/schutz-fuer-das-arbeitsmittel-nr-1\/#breadcrumb"},"inLanguage":"fr-FR","potentialAction":[{"@type":"ReadAction","target":["https:\/\/news.save.ch\/schutz-fuer-das-arbeitsmittel-nr-1\/"]}]},{"@type":"ImageObject","inLanguage":"fr-FR","@id":"https:\/\/news.save.ch\/schutz-fuer-das-arbeitsmittel-nr-1\/#primaryimage","url":"https:\/\/news.save.ch\/wp-content\/uploads\/2024\/07\/Depositphotos_357526284_XL-scaled.jpg","contentUrl":"https:\/\/news.save.ch\/wp-content\/uploads\/2024\/07\/Depositphotos_357526284_XL-scaled.jpg","width":1200,"height":801,"caption":"Foto: depositphotos\/HayDmitriy"},{"@type":"BreadcrumbList","@id":"https:\/\/news.save.ch\/schutz-fuer-das-arbeitsmittel-nr-1\/#breadcrumb","itemListElement":[{"@type":"ListItem","position":1,"name":"Home","item":"https:\/\/news.save.ch\/de\/"},{"@type":"ListItem","position":2,"name":"Schutz f\u00fcr das Arbeitsmittel Nr. 1"}]},{"@type":"WebSite","@id":"https:\/\/news.save.ch\/de\/#website","url":"https:\/\/news.save.ch\/de\/","name":"Save","description":"Revue suisse sp\u00e9cialis\u00e9e dans la s\u00e9curit\u00e9","publisher":{"@id":"https:\/\/news.save.ch\/de\/#organization"},"potentialAction":[{"@type":"SearchAction","target":{"@type":"EntryPoint","urlTemplate":"https:\/\/news.save.ch\/de\/?s={search_term_string}"},"query-input":{"@type":"PropertyValueSpecification","valueRequired":true,"valueName":"search_term_string"}}],"inLanguage":"fr-FR"},{"@type":"Organization","@id":"https:\/\/news.save.ch\/de\/#organization","name":"Forum sur la s\u00e9curit\u00e9","url":"https:\/\/news.save.ch\/de\/","logo":{"@type":"ImageObject","inLanguage":"fr-FR","@id":"https:\/\/news.save.ch\/de\/#\/schema\/logo\/image\/","url":"https:\/\/news.save.ch\/wp-content\/uploads\/2022\/06\/Logo_SF_2012.png","contentUrl":"https:\/\/news.save.ch\/wp-content\/uploads\/2022\/06\/Logo_SF_2012.png","width":1100,"height":91,"caption":"Sicherheitsforum"},"image":{"@id":"https:\/\/news.save.ch\/de\/#\/schema\/logo\/image\/"}},{"@type":"Person","@id":"https:\/\/news.save.ch\/de\/#\/schema\/person\/10917387362b3961e882740f6cf6f2a2","name":"stefanie Zeng","image":{"@type":"ImageObject","inLanguage":"fr-FR","@id":"https:\/\/secure.gravatar.com\/avatar\/eac43faa6e40bb2c41068c95c9d78bbd94c476d5efdff7abaab80bb3ea681e06?s=96&d=mm&r=g","url":"https:\/\/secure.gravatar.com\/avatar\/eac43faa6e40bb2c41068c95c9d78bbd94c476d5efdff7abaab80bb3ea681e06?s=96&d=mm&r=g","contentUrl":"https:\/\/secure.gravatar.com\/avatar\/eac43faa6e40bb2c41068c95c9d78bbd94c476d5efdff7abaab80bb3ea681e06?s=96&d=mm&r=g","caption":"stefanie Zeng"},"url":"https:\/\/news.save.ch\/fr\/author\/stefanie-zeng\/"}]}},"_links":{"self":[{"href":"https:\/\/news.save.ch\/fr\/wp-json\/wp\/v2\/posts\/23387","targetHints":{"allow":["GET"]}}],"collection":[{"href":"https:\/\/news.save.ch\/fr\/wp-json\/wp\/v2\/posts"}],"about":[{"href":"https:\/\/news.save.ch\/fr\/wp-json\/wp\/v2\/types\/post"}],"author":[{"embeddable":true,"href":"https:\/\/news.save.ch\/fr\/wp-json\/wp\/v2\/users\/31"}],"replies":[{"embeddable":true,"href":"https:\/\/news.save.ch\/fr\/wp-json\/wp\/v2\/comments?post=23387"}],"version-history":[{"count":7,"href":"https:\/\/news.save.ch\/fr\/wp-json\/wp\/v2\/posts\/23387\/revisions"}],"predecessor-version":[{"id":23396,"href":"https:\/\/news.save.ch\/fr\/wp-json\/wp\/v2\/posts\/23387\/revisions\/23396"}],"wp:featuredmedia":[{"embeddable":true,"href":"https:\/\/news.save.ch\/fr\/wp-json\/wp\/v2\/media\/23393"}],"wp:attachment":[{"href":"https:\/\/news.save.ch\/fr\/wp-json\/wp\/v2\/media?parent=23387"}],"wp:term":[{"taxonomy":"category","embeddable":true,"href":"https:\/\/news.save.ch\/fr\/wp-json\/wp\/v2\/categories?post=23387"},{"taxonomy":"post_tag","embeddable":true,"href":"https:\/\/news.save.ch\/fr\/wp-json\/wp\/v2\/tags?post=23387"}],"curies":[{"name":"wp","href":"https:\/\/api.w.org\/{rel}","templated":true}]}}