{"id":23397,"date":"2024-07-29T12:56:26","date_gmt":"2024-07-29T10:56:26","guid":{"rendered":"https:\/\/news.save.ch\/?p=23397"},"modified":"2024-11-11T17:04:32","modified_gmt":"2024-11-11T16:04:32","slug":"new-voice-business-partner-tele-com-bergen-in-norwegen-erhaelt-den-premium-status","status":null,"type":"post","link":"https:\/\/news.save.ch\/fr\/new-voice-business-partner-tele-com-bergen-in-norwegen-erhaelt-den-premium-status\/","title":{"rendered":"Le partenaire commercial de New Voice, Tele-Com Bergen en Norv\u00e8ge, obtient le statut Premium !"},"content":{"rendered":"<figure id=\"attachment_23399\" aria-describedby=\"caption-attachment-23399\" style=\"width: 1050px\" class=\"wp-caption alignnone\"><a href=\"https:\/\/news.save.ch\/fr\/new-voice-business-partner-tele-com-bergen-in-norwegen-erhaelt-den-premium-status\/gruppenbild_u%cc%88bergabe_6\/\" rel=\"attachment wp-att-23399\"><img loading=\"lazy\" decoding=\"async\" class=\"wp-image-23399 size-full\" src=\"https:\/\/news.save.ch\/wp-content\/uploads\/2024\/07\/Gruppenbild_Uebergabe_6-scaled.jpg\" alt=\"\" width=\"1050\" height=\"1400\" srcset=\"https:\/\/news.save.ch\/wp-content\/uploads\/2024\/07\/Gruppenbild_Uebergabe_6-scaled.jpg 900w, https:\/\/news.save.ch\/wp-content\/uploads\/2024\/07\/Gruppenbild_Uebergabe_6-680x907.jpg 680w, https:\/\/news.save.ch\/wp-content\/uploads\/2024\/07\/Gruppenbild_Uebergabe_6-768x1024.jpg 768w, https:\/\/news.save.ch\/wp-content\/uploads\/2024\/07\/Gruppenbild_Uebergabe_6-1152x1536.jpg 1152w, https:\/\/news.save.ch\/wp-content\/uploads\/2024\/07\/Gruppenbild_Uebergabe_6-9x12.jpg 9w, https:\/\/news.save.ch\/wp-content\/uploads\/2024\/07\/Gruppenbild_Uebergabe_6-225x300.jpg 225w, https:\/\/news.save.ch\/wp-content\/uploads\/2024\/07\/Gruppenbild_Uebergabe_6-263x350.jpg 263w, https:\/\/news.save.ch\/wp-content\/uploads\/2024\/07\/Gruppenbild_Uebergabe_6-600x800.jpg 600w\" sizes=\"auto, (max-width: 1050px) 100vw, 1050px\" \/><\/a><figcaption id=\"caption-attachment-23399\" class=\"wp-caption-text\">Photo : New Voice<\/figcaption><\/figure>\n<p>\u00c0 l'occasion de la formation des vendeurs et des techniciens \u00e0 Bergen, Thomas Wartensteiner (photo de droite), responsable des projets strat\u00e9giques internationaux et \u00e0 l'avenir \u00e9galement responsable du suivi des partenaires en Norv\u00e8ge, remet le certificat \"Premium Partner\" au directeur des projets et de la technique Simen Almestad.<\/p>\n<p>Tele-Com Bergen vend, projette, installe et soutient l'application d'alarme MobiCall depuis plus de 10 ans, principalement pour les administrations, les \u00e9coles, les h\u00f4pitaux, les maisons de retraite et les centrales d'intervention. En outre, le partenaire a \u00e9galement mis en \u0153uvre les premiers projets de cloud hybride sur la base de la plateforme MobiCall \"Unified Alarm Event Communication\".<\/p>\n<p>Nous souhaitons mentionner ici le projet \"Trigger\" \u00e0 Bergen en tant que projet phare. Il s'agit d'une centrale d'appels d'urgence bas\u00e9e sur une application MobiCall con\u00e7ue de mani\u00e8re redondante pour environ 5 000 m\u00e9nages priv\u00e9s, appartements avec assistance et personnes n\u00e9cessitant des soins et vivant seules. Pour des raisons de s\u00e9curit\u00e9, des appareils sp\u00e9cialement surveill\u00e9s sont utilis\u00e9s pour le d\u00e9clenchement des appels d'urgence. En cas d'appel \u00e0 l'aide, les collaborateurs du centre de coordination ouvert 7 \u00d7 24 heures sont en mesure, sur la base d'informations d\u00e9taill\u00e9es (emplacement, informations sur le client, plan de mesures, etc.), de prendre imm\u00e9diatement les mesures n\u00e9cessaires. Et ainsi, dans certaines circonstances, de sauver des vies !<\/p>\n<p>De plus, le dispositif mains libres est activ\u00e9 pour parler directement \u00e0 la personne qui demande de l'aide, si cela est encore possible.<\/p>\n<p>Notre partenaire r\u00e9pond \u00e9galement parfaitement aux exigences \u00e9lev\u00e9es des clients en mati\u00e8re d'assistance op\u00e9rationnelle et de qualit\u00e9 de service gr\u00e2ce \u00e0 ses sp\u00e9cialistes syst\u00e8me MobiCall form\u00e9s.<\/p>\n<p>New Voice f\u00e9licite et remercie pour la collaboration partenariale de ces derni\u00e8res ann\u00e9es et nous nous r\u00e9jouissons d'ores et d\u00e9j\u00e0 d'autres projets int\u00e9ressants !<\/p>\n<p><em>source : New Voice<\/em><\/p>","protected":false},"excerpt":{"rendered":"<p>Anl\u00e4sslich der Verkaufs- und Technikerschulung in Bergen \u00fcberreicht Thomas Wartensteiner (Bild rechts), zust\u00e4ndig f\u00fcr internationale strategische Projekte und in Zukunft auch verantwortlich f\u00fcr die Partnerbetreuung in Norwegen, dem Leiter Projekte und Technik Simen Almestad das Zertifikat \u00abPremium Partner\u00bb. Tele-Com Bergen verkauft, projektiert, installiert und unterst\u00fctzt seit \u00fcber 10 Jahren die MobiCall-Alarmierungsapplikation haupts\u00e4chlich f\u00fcr Verwaltungen, Schulen, [&hellip;]<\/p>\n","protected":false},"author":31,"featured_media":23399,"comment_status":"closed","ping_status":"closed","sticky":false,"template":"","format":"standard","meta":{"_acf_changed":false,"pgc_sgb_lightbox_settings":"","footnotes":""},"categories":[1],"tags":[6508,6509,6495,6494,6510],"class_list":["post-23397","post","type-post","status-publish","format-standard","has-post-thumbnail","hentry","category-allgemein","tag-alarmierungsapplikation","tag-bergen","tag-mobicall","tag-premium-partner","tag-tele-com"],"acf":[],"hkrextid":null,"publication":null,"issue":null,"workflow":null,"startPage":null,"spitzmarke":null,"_posts_by_tag_page_fields":null,"_at_widget":null,"_yoast_wpseo_primary_category":"","_yoast_wpseo_focuskw_text_input":null,"_yoast_wpseo_opengraph-image":null,"_yoast_wpseo_opengraph-description":null,"_yoast_wpseo_opengraph-title":null,"enclosure":null,"_yoast_wpseo_twitter-title":null,"_yoast_wpseo_twitter-description":null,"_yoast_wpseo_twitter-image":null,"_wp_old_slug":null,"_yoast_wpseo_title":null,"_yoast_wpseo_canonical":null,"yoast_head":"<!-- This site is optimized with the Yoast SEO plugin v27.5 - https:\/\/yoast.com\/product\/yoast-seo-wordpress\/ -->\n<title>New Voice Business-Partner Tele-Com Bergen in Norwegen erh\u00e4lt den Premium-Status! - Save<\/title>\n<meta name=\"description\" content=\"Tele-Com Bergen hat im Rahmen einer Schulung in Bergen das begehrte Zertifikat \u00abPremium Partner\u00bb von New Voice erhalten.\" \/>\n<meta name=\"robots\" content=\"index, follow, max-snippet:-1, max-image-preview:large, max-video-preview:-1\" \/>\n<link rel=\"canonical\" href=\"https:\/\/news.save.ch\/fr\/new-voice-business-partner-tele-com-bergen-in-norwegen-erhaelt-den-premium-status\/\" \/>\n<meta property=\"og:locale\" content=\"fr_FR\" \/>\n<meta property=\"og:type\" content=\"article\" \/>\n<meta property=\"og:title\" content=\"New Voice Business-Partner Tele-Com Bergen in Norwegen erh\u00e4lt den Premium-Status! - Save\" \/>\n<meta property=\"og:description\" content=\"Tele-Com Bergen hat im Rahmen einer Schulung in Bergen das begehrte Zertifikat \u00abPremium Partner\u00bb von New Voice erhalten.\" \/>\n<meta property=\"og:url\" content=\"https:\/\/news.save.ch\/fr\/new-voice-business-partner-tele-com-bergen-in-norwegen-erhaelt-den-premium-status\/\" \/>\n<meta property=\"og:site_name\" content=\"Save\" \/>\n<meta property=\"article:published_time\" content=\"2024-07-29T10:56:26+00:00\" \/>\n<meta property=\"article:modified_time\" content=\"2024-11-11T16:04:32+00:00\" \/>\n<meta property=\"og:image\" content=\"https:\/\/news.save.ch\/wp-content\/uploads\/2024\/07\/Gruppenbild_Uebergabe_6-scaled.jpg\" \/>\n\t<meta property=\"og:image:width\" content=\"900\" \/>\n\t<meta property=\"og:image:height\" content=\"1200\" \/>\n\t<meta property=\"og:image:type\" content=\"image\/jpeg\" \/>\n<meta name=\"author\" content=\"stefanie Zeng\" \/>\n<meta name=\"twitter:card\" content=\"summary_large_image\" \/>\n<meta name=\"twitter:label1\" content=\"\u00c9crit par\" \/>\n\t<meta name=\"twitter:data1\" content=\"stefanie Zeng\" \/>\n\t<meta name=\"twitter:label2\" content=\"Dur\u00e9e de lecture estim\u00e9e\" \/>\n\t<meta name=\"twitter:data2\" content=\"2 minutes\" \/>\n<script type=\"application\/ld+json\" class=\"yoast-schema-graph\">{\"@context\":\"https:\\\/\\\/schema.org\",\"@graph\":[{\"@type\":\"Article\",\"@id\":\"https:\\\/\\\/news.save.ch\\\/new-voice-business-partner-tele-com-bergen-in-norwegen-erhaelt-den-premium-status\\\/#article\",\"isPartOf\":{\"@id\":\"https:\\\/\\\/news.save.ch\\\/new-voice-business-partner-tele-com-bergen-in-norwegen-erhaelt-den-premium-status\\\/\"},\"author\":{\"name\":\"stefanie Zeng\",\"@id\":\"https:\\\/\\\/news.save.ch\\\/de\\\/#\\\/schema\\\/person\\\/10917387362b3961e882740f6cf6f2a2\"},\"headline\":\"New Voice Business-Partner Tele-Com Bergen in Norwegen erh\u00e4lt den Premium-Status!\",\"datePublished\":\"2024-07-29T10:56:26+00:00\",\"dateModified\":\"2024-11-11T16:04:32+00:00\",\"mainEntityOfPage\":{\"@id\":\"https:\\\/\\\/news.save.ch\\\/new-voice-business-partner-tele-com-bergen-in-norwegen-erhaelt-den-premium-status\\\/\"},\"wordCount\":255,\"publisher\":{\"@id\":\"https:\\\/\\\/news.save.ch\\\/de\\\/#organization\"},\"image\":{\"@id\":\"https:\\\/\\\/news.save.ch\\\/new-voice-business-partner-tele-com-bergen-in-norwegen-erhaelt-den-premium-status\\\/#primaryimage\"},\"thumbnailUrl\":\"https:\\\/\\\/news.save.ch\\\/wp-content\\\/uploads\\\/2024\\\/07\\\/Gruppenbild_Uebergabe_6-scaled.jpg\",\"keywords\":[\"Alarmierungsapplikation\",\"Bergen\",\"MobiCall\",\"Premium Partner\",\"Tele-Com\"],\"articleSection\":[\"ALLGEMEIN\"],\"inLanguage\":\"fr-FR\"},{\"@type\":\"WebPage\",\"@id\":\"https:\\\/\\\/news.save.ch\\\/new-voice-business-partner-tele-com-bergen-in-norwegen-erhaelt-den-premium-status\\\/\",\"url\":\"https:\\\/\\\/news.save.ch\\\/new-voice-business-partner-tele-com-bergen-in-norwegen-erhaelt-den-premium-status\\\/\",\"name\":\"New Voice Business-Partner Tele-Com Bergen in Norwegen erh\u00e4lt den Premium-Status! - Save\",\"isPartOf\":{\"@id\":\"https:\\\/\\\/news.save.ch\\\/de\\\/#website\"},\"primaryImageOfPage\":{\"@id\":\"https:\\\/\\\/news.save.ch\\\/new-voice-business-partner-tele-com-bergen-in-norwegen-erhaelt-den-premium-status\\\/#primaryimage\"},\"image\":{\"@id\":\"https:\\\/\\\/news.save.ch\\\/new-voice-business-partner-tele-com-bergen-in-norwegen-erhaelt-den-premium-status\\\/#primaryimage\"},\"thumbnailUrl\":\"https:\\\/\\\/news.save.ch\\\/wp-content\\\/uploads\\\/2024\\\/07\\\/Gruppenbild_Uebergabe_6-scaled.jpg\",\"datePublished\":\"2024-07-29T10:56:26+00:00\",\"dateModified\":\"2024-11-11T16:04:32+00:00\",\"description\":\"Tele-Com Bergen hat im Rahmen einer Schulung in Bergen das begehrte Zertifikat \u00abPremium Partner\u00bb von New Voice erhalten.\",\"breadcrumb\":{\"@id\":\"https:\\\/\\\/news.save.ch\\\/new-voice-business-partner-tele-com-bergen-in-norwegen-erhaelt-den-premium-status\\\/#breadcrumb\"},\"inLanguage\":\"fr-FR\",\"potentialAction\":[{\"@type\":\"ReadAction\",\"target\":[\"https:\\\/\\\/news.save.ch\\\/new-voice-business-partner-tele-com-bergen-in-norwegen-erhaelt-den-premium-status\\\/\"]}]},{\"@type\":\"ImageObject\",\"inLanguage\":\"fr-FR\",\"@id\":\"https:\\\/\\\/news.save.ch\\\/new-voice-business-partner-tele-com-bergen-in-norwegen-erhaelt-den-premium-status\\\/#primaryimage\",\"url\":\"https:\\\/\\\/news.save.ch\\\/wp-content\\\/uploads\\\/2024\\\/07\\\/Gruppenbild_Uebergabe_6-scaled.jpg\",\"contentUrl\":\"https:\\\/\\\/news.save.ch\\\/wp-content\\\/uploads\\\/2024\\\/07\\\/Gruppenbild_Uebergabe_6-scaled.jpg\",\"width\":900,\"height\":1200},{\"@type\":\"BreadcrumbList\",\"@id\":\"https:\\\/\\\/news.save.ch\\\/new-voice-business-partner-tele-com-bergen-in-norwegen-erhaelt-den-premium-status\\\/#breadcrumb\",\"itemListElement\":[{\"@type\":\"ListItem\",\"position\":1,\"name\":\"Home\",\"item\":\"https:\\\/\\\/news.save.ch\\\/de\\\/\"},{\"@type\":\"ListItem\",\"position\":2,\"name\":\"New Voice Business-Partner Tele-Com Bergen in Norwegen erh\u00e4lt den Premium-Status!\"}]},{\"@type\":\"WebSite\",\"@id\":\"https:\\\/\\\/news.save.ch\\\/de\\\/#website\",\"url\":\"https:\\\/\\\/news.save.ch\\\/de\\\/\",\"name\":\"Save\",\"description\":\"Schweizer Fachzeitschrift f\u00fcr Sicherheit\",\"publisher\":{\"@id\":\"https:\\\/\\\/news.save.ch\\\/de\\\/#organization\"},\"potentialAction\":[{\"@type\":\"SearchAction\",\"target\":{\"@type\":\"EntryPoint\",\"urlTemplate\":\"https:\\\/\\\/news.save.ch\\\/de\\\/?s={search_term_string}\"},\"query-input\":{\"@type\":\"PropertyValueSpecification\",\"valueRequired\":true,\"valueName\":\"search_term_string\"}}],\"inLanguage\":\"fr-FR\"},{\"@type\":\"Organization\",\"@id\":\"https:\\\/\\\/news.save.ch\\\/de\\\/#organization\",\"name\":\"Sicherheitsforum\",\"url\":\"https:\\\/\\\/news.save.ch\\\/de\\\/\",\"logo\":{\"@type\":\"ImageObject\",\"inLanguage\":\"fr-FR\",\"@id\":\"https:\\\/\\\/news.save.ch\\\/de\\\/#\\\/schema\\\/logo\\\/image\\\/\",\"url\":\"https:\\\/\\\/news.save.ch\\\/wp-content\\\/uploads\\\/2022\\\/06\\\/Logo_SF_2012.png\",\"contentUrl\":\"https:\\\/\\\/news.save.ch\\\/wp-content\\\/uploads\\\/2022\\\/06\\\/Logo_SF_2012.png\",\"width\":1100,\"height\":91,\"caption\":\"Sicherheitsforum\"},\"image\":{\"@id\":\"https:\\\/\\\/news.save.ch\\\/de\\\/#\\\/schema\\\/logo\\\/image\\\/\"}},{\"@type\":\"Person\",\"@id\":\"https:\\\/\\\/news.save.ch\\\/de\\\/#\\\/schema\\\/person\\\/10917387362b3961e882740f6cf6f2a2\",\"name\":\"stefanie Zeng\",\"image\":{\"@type\":\"ImageObject\",\"inLanguage\":\"fr-FR\",\"@id\":\"https:\\\/\\\/secure.gravatar.com\\\/avatar\\\/eac43faa6e40bb2c41068c95c9d78bbd94c476d5efdff7abaab80bb3ea681e06?s=96&d=mm&r=g\",\"url\":\"https:\\\/\\\/secure.gravatar.com\\\/avatar\\\/eac43faa6e40bb2c41068c95c9d78bbd94c476d5efdff7abaab80bb3ea681e06?s=96&d=mm&r=g\",\"contentUrl\":\"https:\\\/\\\/secure.gravatar.com\\\/avatar\\\/eac43faa6e40bb2c41068c95c9d78bbd94c476d5efdff7abaab80bb3ea681e06?s=96&d=mm&r=g\",\"caption\":\"stefanie Zeng\"},\"url\":\"https:\\\/\\\/news.save.ch\\\/fr\\\/author\\\/stefanie-zeng\\\/\"}]}<\/script>\n<!-- \/ Yoast SEO plugin. -->","yoast_head_json":{"title":"Le partenaire New Voice Business Tele-Com Bergen en Norv\u00e8ge obtient le statut Premium ! - Sauvegarder","description":"Tele-Com Bergen a re\u00e7u le certificat convoit\u00e9 de \"Premium Partner\" de New Voice dans le cadre d'une formation \u00e0 Bergen.","robots":{"index":"index","follow":"follow","max-snippet":"max-snippet:-1","max-image-preview":"max-image-preview:large","max-video-preview":"max-video-preview:-1"},"canonical":"https:\/\/news.save.ch\/fr\/new-voice-business-partner-tele-com-bergen-in-norwegen-erhaelt-den-premium-status\/","og_locale":"fr_FR","og_type":"article","og_title":"New Voice Business-Partner Tele-Com Bergen in Norwegen erh\u00e4lt den Premium-Status! - Save","og_description":"Tele-Com Bergen hat im Rahmen einer Schulung in Bergen das begehrte Zertifikat \u00abPremium Partner\u00bb von New Voice erhalten.","og_url":"https:\/\/news.save.ch\/fr\/new-voice-business-partner-tele-com-bergen-in-norwegen-erhaelt-den-premium-status\/","og_site_name":"Save","article_published_time":"2024-07-29T10:56:26+00:00","article_modified_time":"2024-11-11T16:04:32+00:00","og_image":[{"width":900,"height":1200,"url":"https:\/\/news.save.ch\/wp-content\/uploads\/2024\/07\/Gruppenbild_Uebergabe_6-scaled.jpg","type":"image\/jpeg"}],"author":"stefanie Zeng","twitter_card":"summary_large_image","twitter_misc":{"\u00c9crit par":"stefanie Zeng","Dur\u00e9e de lecture estim\u00e9e":"2 minutes"},"schema":{"@context":"https:\/\/schema.org","@graph":[{"@type":"Article","@id":"https:\/\/news.save.ch\/new-voice-business-partner-tele-com-bergen-in-norwegen-erhaelt-den-premium-status\/#article","isPartOf":{"@id":"https:\/\/news.save.ch\/new-voice-business-partner-tele-com-bergen-in-norwegen-erhaelt-den-premium-status\/"},"author":{"name":"stefanie Zeng","@id":"https:\/\/news.save.ch\/de\/#\/schema\/person\/10917387362b3961e882740f6cf6f2a2"},"headline":"New Voice Business-Partner Tele-Com Bergen in Norwegen erh\u00e4lt den Premium-Status!","datePublished":"2024-07-29T10:56:26+00:00","dateModified":"2024-11-11T16:04:32+00:00","mainEntityOfPage":{"@id":"https:\/\/news.save.ch\/new-voice-business-partner-tele-com-bergen-in-norwegen-erhaelt-den-premium-status\/"},"wordCount":255,"publisher":{"@id":"https:\/\/news.save.ch\/de\/#organization"},"image":{"@id":"https:\/\/news.save.ch\/new-voice-business-partner-tele-com-bergen-in-norwegen-erhaelt-den-premium-status\/#primaryimage"},"thumbnailUrl":"https:\/\/news.save.ch\/wp-content\/uploads\/2024\/07\/Gruppenbild_Uebergabe_6-scaled.jpg","keywords":["Alarmierungsapplikation","Bergen","MobiCall","Premium Partner","Tele-Com"],"articleSection":["ALLGEMEIN"],"inLanguage":"fr-FR"},{"@type":"WebPage","@id":"https:\/\/news.save.ch\/new-voice-business-partner-tele-com-bergen-in-norwegen-erhaelt-den-premium-status\/","url":"https:\/\/news.save.ch\/new-voice-business-partner-tele-com-bergen-in-norwegen-erhaelt-den-premium-status\/","name":"Le partenaire New Voice Business Tele-Com Bergen en Norv\u00e8ge obtient le statut Premium ! - Sauvegarder","isPartOf":{"@id":"https:\/\/news.save.ch\/de\/#website"},"primaryImageOfPage":{"@id":"https:\/\/news.save.ch\/new-voice-business-partner-tele-com-bergen-in-norwegen-erhaelt-den-premium-status\/#primaryimage"},"image":{"@id":"https:\/\/news.save.ch\/new-voice-business-partner-tele-com-bergen-in-norwegen-erhaelt-den-premium-status\/#primaryimage"},"thumbnailUrl":"https:\/\/news.save.ch\/wp-content\/uploads\/2024\/07\/Gruppenbild_Uebergabe_6-scaled.jpg","datePublished":"2024-07-29T10:56:26+00:00","dateModified":"2024-11-11T16:04:32+00:00","description":"Tele-Com Bergen a re\u00e7u le certificat convoit\u00e9 de \"Premium Partner\" de New Voice dans le cadre d'une formation \u00e0 Bergen.","breadcrumb":{"@id":"https:\/\/news.save.ch\/new-voice-business-partner-tele-com-bergen-in-norwegen-erhaelt-den-premium-status\/#breadcrumb"},"inLanguage":"fr-FR","potentialAction":[{"@type":"ReadAction","target":["https:\/\/news.save.ch\/new-voice-business-partner-tele-com-bergen-in-norwegen-erhaelt-den-premium-status\/"]}]},{"@type":"ImageObject","inLanguage":"fr-FR","@id":"https:\/\/news.save.ch\/new-voice-business-partner-tele-com-bergen-in-norwegen-erhaelt-den-premium-status\/#primaryimage","url":"https:\/\/news.save.ch\/wp-content\/uploads\/2024\/07\/Gruppenbild_Uebergabe_6-scaled.jpg","contentUrl":"https:\/\/news.save.ch\/wp-content\/uploads\/2024\/07\/Gruppenbild_Uebergabe_6-scaled.jpg","width":900,"height":1200},{"@type":"BreadcrumbList","@id":"https:\/\/news.save.ch\/new-voice-business-partner-tele-com-bergen-in-norwegen-erhaelt-den-premium-status\/#breadcrumb","itemListElement":[{"@type":"ListItem","position":1,"name":"Home","item":"https:\/\/news.save.ch\/de\/"},{"@type":"ListItem","position":2,"name":"New Voice Business-Partner Tele-Com Bergen in Norwegen erh\u00e4lt den Premium-Status!"}]},{"@type":"WebSite","@id":"https:\/\/news.save.ch\/de\/#website","url":"https:\/\/news.save.ch\/de\/","name":"Save","description":"Revue suisse sp\u00e9cialis\u00e9e dans la s\u00e9curit\u00e9","publisher":{"@id":"https:\/\/news.save.ch\/de\/#organization"},"potentialAction":[{"@type":"SearchAction","target":{"@type":"EntryPoint","urlTemplate":"https:\/\/news.save.ch\/de\/?s={search_term_string}"},"query-input":{"@type":"PropertyValueSpecification","valueRequired":true,"valueName":"search_term_string"}}],"inLanguage":"fr-FR"},{"@type":"Organization","@id":"https:\/\/news.save.ch\/de\/#organization","name":"Forum sur la s\u00e9curit\u00e9","url":"https:\/\/news.save.ch\/de\/","logo":{"@type":"ImageObject","inLanguage":"fr-FR","@id":"https:\/\/news.save.ch\/de\/#\/schema\/logo\/image\/","url":"https:\/\/news.save.ch\/wp-content\/uploads\/2022\/06\/Logo_SF_2012.png","contentUrl":"https:\/\/news.save.ch\/wp-content\/uploads\/2022\/06\/Logo_SF_2012.png","width":1100,"height":91,"caption":"Sicherheitsforum"},"image":{"@id":"https:\/\/news.save.ch\/de\/#\/schema\/logo\/image\/"}},{"@type":"Person","@id":"https:\/\/news.save.ch\/de\/#\/schema\/person\/10917387362b3961e882740f6cf6f2a2","name":"stefanie Zeng","image":{"@type":"ImageObject","inLanguage":"fr-FR","@id":"https:\/\/secure.gravatar.com\/avatar\/eac43faa6e40bb2c41068c95c9d78bbd94c476d5efdff7abaab80bb3ea681e06?s=96&d=mm&r=g","url":"https:\/\/secure.gravatar.com\/avatar\/eac43faa6e40bb2c41068c95c9d78bbd94c476d5efdff7abaab80bb3ea681e06?s=96&d=mm&r=g","contentUrl":"https:\/\/secure.gravatar.com\/avatar\/eac43faa6e40bb2c41068c95c9d78bbd94c476d5efdff7abaab80bb3ea681e06?s=96&d=mm&r=g","caption":"stefanie Zeng"},"url":"https:\/\/news.save.ch\/fr\/author\/stefanie-zeng\/"}]}},"_links":{"self":[{"href":"https:\/\/news.save.ch\/fr\/wp-json\/wp\/v2\/posts\/23397","targetHints":{"allow":["GET"]}}],"collection":[{"href":"https:\/\/news.save.ch\/fr\/wp-json\/wp\/v2\/posts"}],"about":[{"href":"https:\/\/news.save.ch\/fr\/wp-json\/wp\/v2\/types\/post"}],"author":[{"embeddable":true,"href":"https:\/\/news.save.ch\/fr\/wp-json\/wp\/v2\/users\/31"}],"replies":[{"embeddable":true,"href":"https:\/\/news.save.ch\/fr\/wp-json\/wp\/v2\/comments?post=23397"}],"version-history":[{"count":3,"href":"https:\/\/news.save.ch\/fr\/wp-json\/wp\/v2\/posts\/23397\/revisions"}],"predecessor-version":[{"id":23401,"href":"https:\/\/news.save.ch\/fr\/wp-json\/wp\/v2\/posts\/23397\/revisions\/23401"}],"wp:featuredmedia":[{"embeddable":true,"href":"https:\/\/news.save.ch\/fr\/wp-json\/wp\/v2\/media\/23399"}],"wp:attachment":[{"href":"https:\/\/news.save.ch\/fr\/wp-json\/wp\/v2\/media?parent=23397"}],"wp:term":[{"taxonomy":"category","embeddable":true,"href":"https:\/\/news.save.ch\/fr\/wp-json\/wp\/v2\/categories?post=23397"},{"taxonomy":"post_tag","embeddable":true,"href":"https:\/\/news.save.ch\/fr\/wp-json\/wp\/v2\/tags?post=23397"}],"curies":[{"name":"wp","href":"https:\/\/api.w.org\/{rel}","templated":true}]}}