{"id":234,"date":"2015-05-04T10:28:53","date_gmt":"2015-05-04T08:28:53","guid":{"rendered":"http:\/\/dev.safety-plus.ch\/?p=234"},"modified":"2015-05-04T10:28:53","modified_gmt":"2015-05-04T08:28:53","slug":"ein-notfall-beatmungsgeraet-das-spricht","status":null,"type":"post","link":"https:\/\/news.save.ch\/fr\/ein-notfall-beatmungsgeraet-das-spricht\/","title":{"rendered":"Un respirateur d'urgence qui parle"},"content":{"rendered":"<figure id=\"attachment_235\" aria-describedby=\"caption-attachment-235\" style=\"width: 800px\" class=\"wp-caption alignnone\"><a href=\"http:\/\/develop.safety-plus.ch\/wp-content\/uploads\/2016\/12\/Ein-Notfall-Beatmungsgera\u0308t-das-spricht_safety-plus.jpeg\"><img loading=\"lazy\" decoding=\"async\" class=\"size-full wp-image-235\" src=\"http:\/\/develop.safety-plus.ch\/wp-content\/uploads\/2016\/12\/Ein-Notfall-Beatmungsgera\u0308t-das-spricht_safety-plus.jpeg\" alt=\"\" width=\"800\" height=\"571\" \/><\/a><figcaption id=\"caption-attachment-235\" class=\"wp-caption-text\">Le respirateur d'urgence devrait \u00e0 l'avenir remplacer le bouche-\u00e0-bouche.<\/figcaption><\/figure>\n<p>Des chercheurs de l'universit\u00e9 de Rostock (Allemagne) ont d\u00e9velopp\u00e9, en collaboration avec la soci\u00e9t\u00e9 Sensatronix GmbH, un <a href=\"http:\/\/www.uni-rostock.de\/detailseite\/news-artikel\/rostocker-forscher-entwickeln-mit-wismarer-firma-s\/\" target=\"_blank\" data-cke-saved-href=\"http:\/\/www.uni-rostock.de\/detailseite\/news-artikel\/rostocker-forscher-entwickeln-mit-wismarer-firma-s\/\" rel=\"noopener\">Ventilateur d'urgence<\/a> qui soutient linguistiquement les secouristes dans leurs efforts pour sauver des vies.<\/p>\n<p>Cet appareil doit, contrairement aux respirateurs habituels, fonctionner de mani\u00e8re autonome, c'est-\u00e0-dire ind\u00e9pendamment d'une alimentation fixe en gaz et en \u00e9lectricit\u00e9, et pouvoir \u00eatre utilis\u00e9 par des non-sp\u00e9cialistes.<\/p>\n<p>Le domaine d'application pr\u00e9vu est comparable \u00e0 celui des d\u00e9fibrillateurs externes automatis\u00e9s, qui sont aujourd'hui disponibles dans de nombreux lieux publics en cas d'urgence. Ces appareils r\u00e8glent automatiquement l'administration et le dosage d'un choc \u00e9lectrique et fournissent ainsi \u00e0 un secouriste non form\u00e9 une aide utile en cas de d\u00e9faillance cardio-vasculaire.<\/p>\n<p>Le nouveau respirateur d'urgence pour non-professionnels est destin\u00e9 \u00e0 remplacer le bouche-\u00e0-bouche et \u00e0 fournir rapidement et de mani\u00e8re fiable de l'oxyg\u00e8ne \u00e0 un patient en cas d'urgence. Comme pour le d\u00e9fibrillateur non professionnel, des instructions sonores sont donn\u00e9es au secouriste pour l'aider. Dans les deux cas, l'aide pr\u00e9coce augmente consid\u00e9rablement les chances de survie du patient. De plus, gr\u00e2ce \u00e0 l'utilisation de ces appareils automatis\u00e9s, les secouristes non professionnels ne peuvent pas causer de dommages plus importants au patient qu'ils ne l'auraient fait sans l'utilisation de ces appareils.<\/p>","protected":false},"excerpt":{"rendered":"<p>Forscher der Universit\u00e4t Rostock (Deutschland) haben gemeinsam mit dem Unternehmen Sensatronix GmbH\u00a0ein Notfall-Beatmungsger\u00e4t entwickelt, dass die Nothelfer bei ihren Bem\u00fchungen, Leben zu retten, sprachlich unterst\u00fctzt. Dieses Ger\u00e4t soll, anders als die bisher \u00fcblichen Beatmungsger\u00e4te, autark arbeiten, also unabh\u00e4ngig von einer festen Gas-und Stromversorgung und durch Laien bedienbar sein. Der geplante Einsatzbereich ist mit dem der [&hellip;]<\/p>\n","protected":false},"author":1,"featured_media":15988,"comment_status":"open","ping_status":"open","sticky":false,"template":"","format":"standard","meta":{"_acf_changed":false,"pgc_sgb_lightbox_settings":"","footnotes":""},"categories":[1],"tags":[294,295],"class_list":["post-234","post","type-post","status-publish","format-standard","has-post-thumbnail","hentry","category-allgemein","tag-betriebssanitaet","tag-erste-hilfe"],"acf":[],"hkrextid":null,"publication":null,"issue":null,"workflow":null,"startPage":null,"spitzmarke":null,"_posts_by_tag_page_fields":{"widget_title":"","widget_tags":""},"_at_widget":"1","_yoast_wpseo_primary_category":"1","_yoast_wpseo_focuskw_text_input":"Notfall-Beatmungsger\u00e4t","_yoast_wpseo_opengraph-image":null,"_yoast_wpseo_opengraph-description":null,"_yoast_wpseo_opengraph-title":null,"enclosure":null,"_yoast_wpseo_twitter-title":null,"_yoast_wpseo_twitter-description":null,"_yoast_wpseo_twitter-image":null,"_wp_old_slug":null,"_yoast_wpseo_title":null,"_yoast_wpseo_canonical":null,"yoast_head":"<!-- This site is optimized with the Yoast SEO plugin v27.5 - https:\/\/yoast.com\/product\/yoast-seo-wordpress\/ -->\n<title>Ein Notfall-Beatmungsger\u00e4t, das spricht - Save<\/title>\n<meta name=\"description\" content=\"Ein neues Notfall-Beatmungsger\u00e4t spricht mit Laienhelfern, um diesen beim Einsatz zu helfen.\" \/>\n<meta name=\"robots\" content=\"index, follow, max-snippet:-1, max-image-preview:large, max-video-preview:-1\" \/>\n<link rel=\"canonical\" href=\"https:\/\/news.save.ch\/fr\/ein-notfall-beatmungsgeraet-das-spricht\/\" \/>\n<meta property=\"og:locale\" content=\"fr_FR\" \/>\n<meta property=\"og:type\" content=\"article\" \/>\n<meta property=\"og:title\" content=\"Ein Notfall-Beatmungsger\u00e4t, das spricht - Save\" \/>\n<meta property=\"og:description\" content=\"Ein neues Notfall-Beatmungsger\u00e4t spricht mit Laienhelfern, um diesen beim Einsatz zu helfen.\" \/>\n<meta property=\"og:url\" content=\"https:\/\/news.save.ch\/fr\/ein-notfall-beatmungsgeraet-das-spricht\/\" \/>\n<meta property=\"og:site_name\" content=\"Save\" \/>\n<meta property=\"article:published_time\" content=\"2015-05-04T08:28:53+00:00\" \/>\n<meta property=\"og:image\" content=\"https:\/\/news.save.ch\/wp-content\/uploads\/2016\/12\/Ein-Notfall-Beatmungsgeraet-das-spricht_safety-plus.jpeg\" \/>\n\t<meta property=\"og:image:width\" content=\"800\" \/>\n\t<meta property=\"og:image:height\" content=\"571\" \/>\n\t<meta property=\"og:image:type\" content=\"image\/jpeg\" \/>\n<meta name=\"author\" content=\"admin\" \/>\n<meta name=\"twitter:card\" content=\"summary_large_image\" \/>\n<meta name=\"twitter:label1\" content=\"\u00c9crit par\" \/>\n\t<meta name=\"twitter:data1\" content=\"admin\" \/>\n\t<meta name=\"twitter:label2\" content=\"Dur\u00e9e de lecture estim\u00e9e\" \/>\n\t<meta name=\"twitter:data2\" content=\"1 minute\" \/>\n<script type=\"application\/ld+json\" class=\"yoast-schema-graph\">{\"@context\":\"https:\\\/\\\/schema.org\",\"@graph\":[{\"@type\":\"Article\",\"@id\":\"https:\\\/\\\/news.save.ch\\\/ein-notfall-beatmungsgeraet-das-spricht\\\/#article\",\"isPartOf\":{\"@id\":\"https:\\\/\\\/news.save.ch\\\/ein-notfall-beatmungsgeraet-das-spricht\\\/\"},\"author\":{\"name\":\"admin\",\"@id\":\"https:\\\/\\\/news.save.ch\\\/de\\\/#\\\/schema\\\/person\\\/d49e199490bad7c70d64b9ab51142f2b\"},\"headline\":\"Ein Notfall-Beatmungsger\u00e4t, das spricht\",\"datePublished\":\"2015-05-04T08:28:53+00:00\",\"mainEntityOfPage\":{\"@id\":\"https:\\\/\\\/news.save.ch\\\/ein-notfall-beatmungsgeraet-das-spricht\\\/\"},\"wordCount\":204,\"commentCount\":0,\"publisher\":{\"@id\":\"https:\\\/\\\/news.save.ch\\\/de\\\/#organization\"},\"image\":{\"@id\":\"https:\\\/\\\/news.save.ch\\\/ein-notfall-beatmungsgeraet-das-spricht\\\/#primaryimage\"},\"thumbnailUrl\":\"https:\\\/\\\/news.save.ch\\\/wp-content\\\/uploads\\\/2016\\\/12\\\/Ein-Notfall-Beatmungsgeraet-das-spricht_safety-plus.jpeg\",\"keywords\":[\"Betriebssanit\u00e4t\",\"Erste Hilfe\"],\"articleSection\":[\"ALLGEMEIN\"],\"inLanguage\":\"fr-FR\"},{\"@type\":\"WebPage\",\"@id\":\"https:\\\/\\\/news.save.ch\\\/ein-notfall-beatmungsgeraet-das-spricht\\\/\",\"url\":\"https:\\\/\\\/news.save.ch\\\/ein-notfall-beatmungsgeraet-das-spricht\\\/\",\"name\":\"Ein Notfall-Beatmungsger\u00e4t, das spricht - Save\",\"isPartOf\":{\"@id\":\"https:\\\/\\\/news.save.ch\\\/de\\\/#website\"},\"primaryImageOfPage\":{\"@id\":\"https:\\\/\\\/news.save.ch\\\/ein-notfall-beatmungsgeraet-das-spricht\\\/#primaryimage\"},\"image\":{\"@id\":\"https:\\\/\\\/news.save.ch\\\/ein-notfall-beatmungsgeraet-das-spricht\\\/#primaryimage\"},\"thumbnailUrl\":\"https:\\\/\\\/news.save.ch\\\/wp-content\\\/uploads\\\/2016\\\/12\\\/Ein-Notfall-Beatmungsgeraet-das-spricht_safety-plus.jpeg\",\"datePublished\":\"2015-05-04T08:28:53+00:00\",\"description\":\"Ein neues Notfall-Beatmungsger\u00e4t spricht mit Laienhelfern, um diesen beim Einsatz zu helfen.\",\"breadcrumb\":{\"@id\":\"https:\\\/\\\/news.save.ch\\\/ein-notfall-beatmungsgeraet-das-spricht\\\/#breadcrumb\"},\"inLanguage\":\"fr-FR\",\"potentialAction\":[{\"@type\":\"ReadAction\",\"target\":[\"https:\\\/\\\/news.save.ch\\\/ein-notfall-beatmungsgeraet-das-spricht\\\/\"]}]},{\"@type\":\"ImageObject\",\"inLanguage\":\"fr-FR\",\"@id\":\"https:\\\/\\\/news.save.ch\\\/ein-notfall-beatmungsgeraet-das-spricht\\\/#primaryimage\",\"url\":\"https:\\\/\\\/news.save.ch\\\/wp-content\\\/uploads\\\/2016\\\/12\\\/Ein-Notfall-Beatmungsgeraet-das-spricht_safety-plus.jpeg\",\"contentUrl\":\"https:\\\/\\\/news.save.ch\\\/wp-content\\\/uploads\\\/2016\\\/12\\\/Ein-Notfall-Beatmungsgeraet-das-spricht_safety-plus.jpeg\",\"width\":800,\"height\":571,\"caption\":\"Das Notfallbeatmungsger\u00e4t soll k\u00fcnftig die Mund-zu-Mund-Beatmung ersetzen.\"},{\"@type\":\"BreadcrumbList\",\"@id\":\"https:\\\/\\\/news.save.ch\\\/ein-notfall-beatmungsgeraet-das-spricht\\\/#breadcrumb\",\"itemListElement\":[{\"@type\":\"ListItem\",\"position\":1,\"name\":\"Home\",\"item\":\"https:\\\/\\\/news.save.ch\\\/de\\\/\"},{\"@type\":\"ListItem\",\"position\":2,\"name\":\"Ein Notfall-Beatmungsger\u00e4t, das spricht\"}]},{\"@type\":\"WebSite\",\"@id\":\"https:\\\/\\\/news.save.ch\\\/de\\\/#website\",\"url\":\"https:\\\/\\\/news.save.ch\\\/de\\\/\",\"name\":\"Save\",\"description\":\"Schweizer Fachzeitschrift f\u00fcr Sicherheit\",\"publisher\":{\"@id\":\"https:\\\/\\\/news.save.ch\\\/de\\\/#organization\"},\"potentialAction\":[{\"@type\":\"SearchAction\",\"target\":{\"@type\":\"EntryPoint\",\"urlTemplate\":\"https:\\\/\\\/news.save.ch\\\/de\\\/?s={search_term_string}\"},\"query-input\":{\"@type\":\"PropertyValueSpecification\",\"valueRequired\":true,\"valueName\":\"search_term_string\"}}],\"inLanguage\":\"fr-FR\"},{\"@type\":\"Organization\",\"@id\":\"https:\\\/\\\/news.save.ch\\\/de\\\/#organization\",\"name\":\"Sicherheitsforum\",\"url\":\"https:\\\/\\\/news.save.ch\\\/de\\\/\",\"logo\":{\"@type\":\"ImageObject\",\"inLanguage\":\"fr-FR\",\"@id\":\"https:\\\/\\\/news.save.ch\\\/de\\\/#\\\/schema\\\/logo\\\/image\\\/\",\"url\":\"https:\\\/\\\/news.save.ch\\\/wp-content\\\/uploads\\\/2022\\\/06\\\/Logo_SF_2012.png\",\"contentUrl\":\"https:\\\/\\\/news.save.ch\\\/wp-content\\\/uploads\\\/2022\\\/06\\\/Logo_SF_2012.png\",\"width\":1100,\"height\":91,\"caption\":\"Sicherheitsforum\"},\"image\":{\"@id\":\"https:\\\/\\\/news.save.ch\\\/de\\\/#\\\/schema\\\/logo\\\/image\\\/\"}},{\"@type\":\"Person\",\"@id\":\"https:\\\/\\\/news.save.ch\\\/de\\\/#\\\/schema\\\/person\\\/d49e199490bad7c70d64b9ab51142f2b\",\"name\":\"admin\",\"image\":{\"@type\":\"ImageObject\",\"inLanguage\":\"fr-FR\",\"@id\":\"https:\\\/\\\/secure.gravatar.com\\\/avatar\\\/ae2f4d718e6c49043e314ce431e7e645d646302a24a5ef5a8bc8e3f5a032e319?s=96&d=mm&r=g\",\"url\":\"https:\\\/\\\/secure.gravatar.com\\\/avatar\\\/ae2f4d718e6c49043e314ce431e7e645d646302a24a5ef5a8bc8e3f5a032e319?s=96&d=mm&r=g\",\"contentUrl\":\"https:\\\/\\\/secure.gravatar.com\\\/avatar\\\/ae2f4d718e6c49043e314ce431e7e645d646302a24a5ef5a8bc8e3f5a032e319?s=96&d=mm&r=g\",\"caption\":\"admin\"},\"sameAs\":[\"https:\\\/\\\/develop.organisator.galledia.ch\"],\"url\":\"https:\\\/\\\/news.save.ch\\\/fr\\\/author\\\/admin\\\/\"}]}<\/script>\n<!-- \/ Yoast SEO plugin. -->","yoast_head_json":{"title":"Un respirateur d'urgence qui parle - Save","description":"Un nouveau ventilateur d'urgence parle aux secouristes non professionnels pour les aider \u00e0 intervenir.","robots":{"index":"index","follow":"follow","max-snippet":"max-snippet:-1","max-image-preview":"max-image-preview:large","max-video-preview":"max-video-preview:-1"},"canonical":"https:\/\/news.save.ch\/fr\/ein-notfall-beatmungsgeraet-das-spricht\/","og_locale":"fr_FR","og_type":"article","og_title":"Ein Notfall-Beatmungsger\u00e4t, das spricht - Save","og_description":"Ein neues Notfall-Beatmungsger\u00e4t spricht mit Laienhelfern, um diesen beim Einsatz zu helfen.","og_url":"https:\/\/news.save.ch\/fr\/ein-notfall-beatmungsgeraet-das-spricht\/","og_site_name":"Save","article_published_time":"2015-05-04T08:28:53+00:00","og_image":[{"width":800,"height":571,"url":"https:\/\/news.save.ch\/wp-content\/uploads\/2016\/12\/Ein-Notfall-Beatmungsgeraet-das-spricht_safety-plus.jpeg","type":"image\/jpeg"}],"author":"admin","twitter_card":"summary_large_image","twitter_misc":{"\u00c9crit par":"admin","Dur\u00e9e de lecture estim\u00e9e":"1 minute"},"schema":{"@context":"https:\/\/schema.org","@graph":[{"@type":"Article","@id":"https:\/\/news.save.ch\/ein-notfall-beatmungsgeraet-das-spricht\/#article","isPartOf":{"@id":"https:\/\/news.save.ch\/ein-notfall-beatmungsgeraet-das-spricht\/"},"author":{"name":"admin","@id":"https:\/\/news.save.ch\/de\/#\/schema\/person\/d49e199490bad7c70d64b9ab51142f2b"},"headline":"Ein Notfall-Beatmungsger\u00e4t, das spricht","datePublished":"2015-05-04T08:28:53+00:00","mainEntityOfPage":{"@id":"https:\/\/news.save.ch\/ein-notfall-beatmungsgeraet-das-spricht\/"},"wordCount":204,"commentCount":0,"publisher":{"@id":"https:\/\/news.save.ch\/de\/#organization"},"image":{"@id":"https:\/\/news.save.ch\/ein-notfall-beatmungsgeraet-das-spricht\/#primaryimage"},"thumbnailUrl":"https:\/\/news.save.ch\/wp-content\/uploads\/2016\/12\/Ein-Notfall-Beatmungsgeraet-das-spricht_safety-plus.jpeg","keywords":["Betriebssanit\u00e4t","Erste Hilfe"],"articleSection":["ALLGEMEIN"],"inLanguage":"fr-FR"},{"@type":"WebPage","@id":"https:\/\/news.save.ch\/ein-notfall-beatmungsgeraet-das-spricht\/","url":"https:\/\/news.save.ch\/ein-notfall-beatmungsgeraet-das-spricht\/","name":"Un respirateur d'urgence qui parle - Save","isPartOf":{"@id":"https:\/\/news.save.ch\/de\/#website"},"primaryImageOfPage":{"@id":"https:\/\/news.save.ch\/ein-notfall-beatmungsgeraet-das-spricht\/#primaryimage"},"image":{"@id":"https:\/\/news.save.ch\/ein-notfall-beatmungsgeraet-das-spricht\/#primaryimage"},"thumbnailUrl":"https:\/\/news.save.ch\/wp-content\/uploads\/2016\/12\/Ein-Notfall-Beatmungsgeraet-das-spricht_safety-plus.jpeg","datePublished":"2015-05-04T08:28:53+00:00","description":"Un nouveau ventilateur d'urgence parle aux secouristes non professionnels pour les aider \u00e0 intervenir.","breadcrumb":{"@id":"https:\/\/news.save.ch\/ein-notfall-beatmungsgeraet-das-spricht\/#breadcrumb"},"inLanguage":"fr-FR","potentialAction":[{"@type":"ReadAction","target":["https:\/\/news.save.ch\/ein-notfall-beatmungsgeraet-das-spricht\/"]}]},{"@type":"ImageObject","inLanguage":"fr-FR","@id":"https:\/\/news.save.ch\/ein-notfall-beatmungsgeraet-das-spricht\/#primaryimage","url":"https:\/\/news.save.ch\/wp-content\/uploads\/2016\/12\/Ein-Notfall-Beatmungsgeraet-das-spricht_safety-plus.jpeg","contentUrl":"https:\/\/news.save.ch\/wp-content\/uploads\/2016\/12\/Ein-Notfall-Beatmungsgeraet-das-spricht_safety-plus.jpeg","width":800,"height":571,"caption":"Das Notfallbeatmungsger\u00e4t soll k\u00fcnftig die Mund-zu-Mund-Beatmung ersetzen."},{"@type":"BreadcrumbList","@id":"https:\/\/news.save.ch\/ein-notfall-beatmungsgeraet-das-spricht\/#breadcrumb","itemListElement":[{"@type":"ListItem","position":1,"name":"Home","item":"https:\/\/news.save.ch\/de\/"},{"@type":"ListItem","position":2,"name":"Ein Notfall-Beatmungsger\u00e4t, das spricht"}]},{"@type":"WebSite","@id":"https:\/\/news.save.ch\/de\/#website","url":"https:\/\/news.save.ch\/de\/","name":"Save","description":"Revue suisse sp\u00e9cialis\u00e9e dans la s\u00e9curit\u00e9","publisher":{"@id":"https:\/\/news.save.ch\/de\/#organization"},"potentialAction":[{"@type":"SearchAction","target":{"@type":"EntryPoint","urlTemplate":"https:\/\/news.save.ch\/de\/?s={search_term_string}"},"query-input":{"@type":"PropertyValueSpecification","valueRequired":true,"valueName":"search_term_string"}}],"inLanguage":"fr-FR"},{"@type":"Organization","@id":"https:\/\/news.save.ch\/de\/#organization","name":"Forum sur la s\u00e9curit\u00e9","url":"https:\/\/news.save.ch\/de\/","logo":{"@type":"ImageObject","inLanguage":"fr-FR","@id":"https:\/\/news.save.ch\/de\/#\/schema\/logo\/image\/","url":"https:\/\/news.save.ch\/wp-content\/uploads\/2022\/06\/Logo_SF_2012.png","contentUrl":"https:\/\/news.save.ch\/wp-content\/uploads\/2022\/06\/Logo_SF_2012.png","width":1100,"height":91,"caption":"Sicherheitsforum"},"image":{"@id":"https:\/\/news.save.ch\/de\/#\/schema\/logo\/image\/"}},{"@type":"Person","@id":"https:\/\/news.save.ch\/de\/#\/schema\/person\/d49e199490bad7c70d64b9ab51142f2b","name":"admin","image":{"@type":"ImageObject","inLanguage":"fr-FR","@id":"https:\/\/secure.gravatar.com\/avatar\/ae2f4d718e6c49043e314ce431e7e645d646302a24a5ef5a8bc8e3f5a032e319?s=96&d=mm&r=g","url":"https:\/\/secure.gravatar.com\/avatar\/ae2f4d718e6c49043e314ce431e7e645d646302a24a5ef5a8bc8e3f5a032e319?s=96&d=mm&r=g","contentUrl":"https:\/\/secure.gravatar.com\/avatar\/ae2f4d718e6c49043e314ce431e7e645d646302a24a5ef5a8bc8e3f5a032e319?s=96&d=mm&r=g","caption":"admin"},"sameAs":["https:\/\/develop.organisator.galledia.ch"],"url":"https:\/\/news.save.ch\/fr\/author\/admin\/"}]}},"_links":{"self":[{"href":"https:\/\/news.save.ch\/fr\/wp-json\/wp\/v2\/posts\/234","targetHints":{"allow":["GET"]}}],"collection":[{"href":"https:\/\/news.save.ch\/fr\/wp-json\/wp\/v2\/posts"}],"about":[{"href":"https:\/\/news.save.ch\/fr\/wp-json\/wp\/v2\/types\/post"}],"author":[{"embeddable":true,"href":"https:\/\/news.save.ch\/fr\/wp-json\/wp\/v2\/users\/1"}],"replies":[{"embeddable":true,"href":"https:\/\/news.save.ch\/fr\/wp-json\/wp\/v2\/comments?post=234"}],"version-history":[{"count":0,"href":"https:\/\/news.save.ch\/fr\/wp-json\/wp\/v2\/posts\/234\/revisions"}],"wp:featuredmedia":[{"embeddable":true,"href":"https:\/\/news.save.ch\/fr\/wp-json\/wp\/v2\/media\/15988"}],"wp:attachment":[{"href":"https:\/\/news.save.ch\/fr\/wp-json\/wp\/v2\/media?parent=234"}],"wp:term":[{"taxonomy":"category","embeddable":true,"href":"https:\/\/news.save.ch\/fr\/wp-json\/wp\/v2\/categories?post=234"},{"taxonomy":"post_tag","embeddable":true,"href":"https:\/\/news.save.ch\/fr\/wp-json\/wp\/v2\/tags?post=234"}],"curies":[{"name":"wp","href":"https:\/\/api.w.org\/{rel}","templated":true}]}}