{"id":23474,"date":"2024-08-28T12:20:26","date_gmt":"2024-08-28T10:20:26","guid":{"rendered":"https:\/\/news.save.ch\/?p=23474"},"modified":"2024-08-28T12:20:26","modified_gmt":"2024-08-28T10:20:26","slug":"hvac-kommt-ins-schwitzen","status":null,"type":"post","link":"https:\/\/news.save.ch\/fr\/hvac-kommt-ins-schwitzen\/","title":{"rendered":"\"HVAC\" se met \u00e0 transpirer"},"content":{"rendered":"<div class=\"std-paragraph-block\">\n<div class=\"std-art-paragraph\">\n<figure id=\"attachment_23475\" aria-describedby=\"caption-attachment-23475\" style=\"width: 870px\" class=\"wp-caption alignnone\"><a href=\"https:\/\/news.save.ch\/fr\/hvac-kommt-ins-schwitzen\/smarte-dummys-stopper\/\" rel=\"attachment wp-att-23475\"><img loading=\"lazy\" decoding=\"async\" class=\"size-full wp-image-23475\" src=\"https:\/\/news.save.ch\/wp-content\/uploads\/2024\/08\/smarte-dummys-stopper.jpg\" alt=\"\" width=\"870\" height=\"489\" srcset=\"https:\/\/news.save.ch\/wp-content\/uploads\/2024\/08\/smarte-dummys-stopper.jpg 870w, https:\/\/news.save.ch\/wp-content\/uploads\/2024\/08\/smarte-dummys-stopper-680x382.jpg 680w, https:\/\/news.save.ch\/wp-content\/uploads\/2024\/08\/smarte-dummys-stopper-768x432.jpg 768w, https:\/\/news.save.ch\/wp-content\/uploads\/2024\/08\/smarte-dummys-stopper-18x10.jpg 18w, https:\/\/news.save.ch\/wp-content\/uploads\/2024\/08\/smarte-dummys-stopper-375x211.jpg 375w, https:\/\/news.save.ch\/wp-content\/uploads\/2024\/08\/smarte-dummys-stopper-623x350.jpg 623w\" sizes=\"auto, (max-width: 870px) 100vw, 870px\" \/><\/a><figcaption id=\"caption-attachment-23475\" class=\"wp-caption-text\">Photo : La chercheuse de l'Empa Agnes Psikuta positionne le Manikin \"HVAC\" pour la mesure des donn\u00e9es dans la chambre climatique. (Empa)<\/figcaption><\/figure>\n<p>Lorsque le soleil tape impitoyablement sur les fa\u00e7ades en plein \u00e9t\u00e9, les int\u00e9rieurs des b\u00e2timents dont les fen\u00eatres ne sont pas ombrag\u00e9es ou qui sont mal isol\u00e9s se r\u00e9chauffent impitoyablement. Si m\u00eame la fen\u00eatre ouverte n'apporte pas de courant d'air rafra\u00eechissant, la temp\u00e9rature ambiante commence \u00e0 devenir d\u00e9sagr\u00e9able \u00e0 partir de 26 degr\u00e9s. Si la temp\u00e9rature ambiante augmente encore, m\u00eame les activit\u00e9s peu exigeantes physiquement, comme le travail de bureau, deviennent p\u00e9nibles. Les ventilateurs et les climatiseurs chauffent. La Suisse transpire.<\/p>\n<p>En Suisse, la consommation d'\u00e9nergie pour les climatiseurs et les installations de climatisation est d\u00e9sormais de l'ordre du t\u00e9rawatt par an, c'est-\u00e0-dire du milliard de kilowattheures. Il n'est pas certain que cela permette d'obtenir le rafra\u00eechissement tant attendu dans une pi\u00e8ce. Agnes Psikuta, chercheuse \u00e0 l'Empa, a donc entrepris de g\u00e9n\u00e9rer des donn\u00e9es fiables sur le climat int\u00e9rieur au poste de travail. Son objectif : climatiser les b\u00e2timents de mani\u00e8re nettement plus durable - tout en pr\u00e9servant la sant\u00e9 et les performances des personnes. Ses coll\u00e8gues de travail : \"ANDI\" et \"HVAC\", des mannequins intelligents qui mesurent le climat ambiant. Gr\u00e2ce \u00e0 la technologie des capteurs et \u00e0 la mod\u00e9lisation math\u00e9matique, ils reconnaissent comment les postes de travail peuvent \u00eatre amen\u00e9s durablement \u00e0 une temp\u00e9rature de bien-\u00eatre.<\/p>\n<h3>Transpirer dans un bureau virtuel<\/h3>\n<p>Le \"HVAC\", abr\u00e9viation de \"Heating, Ventilation, Air Conditioning\" (chauffage, ventilation, climatisation), \u00e0 l'allure futuriste, est bien \u00e9quip\u00e9 : Les capteurs de temp\u00e9rature, d'humidit\u00e9 et de mouvement de l'air ne suffisent pas. La coque en plastique du manikin est perc\u00e9e de 46 champs de mesure au total, qui lui permettent de quantifier le rayonnement thermique de l'environnement et de distinguer par exemple la chaleur du soleil de l'air de chauffage.<\/p>\n<p>Son partenaire, sobrement nomm\u00e9 \"ANDI\", compl\u00e8te de mani\u00e8re optimale les donn\u00e9es de \"HVAC\" : \"'ANDI' est le type pour le grand ensemble, il absorbe le bilan thermique qu'un \u00eatre humain a dans les conditions donn\u00e9es\", explique Agnes Psikuta du laboratoire \"Biomimetic Membranes and Textiles\" de l'Empa \u00e0 Saint-Gall. Pour ce faire, \"ANDI\" maintient sa temp\u00e9rature de fonctionnement constante \u00e0 34 degr\u00e9s, ce qui correspond \u00e0 la temp\u00e9rature de la peau d'un \u00eatre humain dans la zone de confort. La zone de confort signifie ici que le corps d'un adulte en bonne sant\u00e9 peut maintenir sa temp\u00e9rature centrale de 36,5-37,5 \u00e0 un niveau constant avec un minimum d'efforts. \"Dans la zone de confort, l'homme ne transpire pas, ne tremble pas de froid et n'a pas froid aux mains et aux pieds, car il peut facilement maintenir son \u00e9quilibre thermique\", explique la chercheuse.<\/p>\n<p>La mod\u00e9lisation math\u00e9matique de ces donn\u00e9es combin\u00e9es donne finalement un mod\u00e8le thermique virtuel d'une personne sur son lieu de travail. Dans le cadre d'un projet soutenu par le Fonds national suisse (FNS), Agnes Psikuta \u00e9tudie maintenant, en collaboration avec des instituts partenaires \u00e0 l'EPFL et \u00e0 la \"Silesian University of Technology\" polonaise, comment \"HVAC\" et \"ANDI\" s'accommodent des param\u00e8tres des conditions r\u00e9elles de bureau au fil des saisons.<\/p>\n<p>Au final, il devrait \u00eatre possible d'optimiser les besoins \u00e9nerg\u00e9tiques des b\u00e2timents sur la base de ces travaux. \"En plein \u00e9t\u00e9, les climatiseurs tournent \u00e0 plein r\u00e9gime pour refroidir compl\u00e8tement les bureaux paysagers, par exemple. Mais on ne sait pas quelle est l'efficacit\u00e9 de cette situation pour chaque poste de travail\", explique la chercheuse de l'Empa. Des \u00e9l\u00e9ments de construction directement sur le lieu de travail, comme des panneaux muraux rafra\u00eechissants ou des chaises de bureau ventil\u00e9es, pourraient apporter des solutions plus efficaces et moins gourmandes en \u00e9nergie. Il pourrait en \u00eatre de m\u00eame pour la p\u00e9riode de chauffage hivernale : \"HVAC\" et \"ANDI\" pourraient d\u00e9terminer si une temp\u00e9rature ambiante de 17 degr\u00e9s est par exemple suffisante lorsque le poste de travail est chauff\u00e9 localement \u00e0 22 degr\u00e9s.<\/p>\n<h3>Hypothermie dangereuse<\/h3>\n<p>Mais les deux manikins sont \u00e9galement utilis\u00e9s dans des situations tr\u00e8s diff\u00e9rentes - et notamment sur la table d'op\u00e9ration. Pendant une intervention chirurgicale de plusieurs heures, il est important que le corps du patient ne se refroidisse pas trop, tandis que la chirurgienne ne doit pas transpirer. Si le patient perd trop de chaleur, le risque de complications augmente et les chances de gu\u00e9rison s'amenuisent. \"Les moyens utilis\u00e9s jusqu'\u00e0 pr\u00e9sent pour maintenir le patient suffisamment au chaud consistent toutefois en des solutions jetables peu durables ou en des structures compliqu\u00e9es et difficiles \u00e0 d\u00e9sinfecter\", explique Agnes Psikuta.<\/p>\n<p>Dans le cadre d'un projet men\u00e9 en collaboration avec l'Universit\u00e9 technique de Varsovie, \"HVAC\" et \"ANDI\" d\u00e9terminent donc comment des lampes infrarouges faciles \u00e0 d\u00e9sinfecter devraient \u00eatre positionn\u00e9es dans la salle d'op\u00e9ration, tout en respectant les conditions spatiales complexes pendant l'intervention. En outre, le rayonnement thermique ne doit pas chauffer le personnel de sant\u00e9, ni m\u00eame provoquer des br\u00fblures cutan\u00e9es chez le patient. Alors que \"HVAC\", avec sa matrice dense de capteurs, mesure le flux de chaleur de la lampe vers le corps, \"ANDI\" calcule le bilan thermique global d'un patient, y compris la temp\u00e9rature ambiante actuelle. \"Les donn\u00e9es mod\u00e9lis\u00e9es doivent permettre de d\u00e9terminer la position et la puissance des lampes chauffantes pour les situations les plus diverses\", explique la chercheuse de l'Empa. \"Nous esp\u00e9rons ainsi pouvoir cr\u00e9er des conditions d'op\u00e9ration id\u00e9ales sans risque d'hypothermie\".<\/p>\n<p><em>Source : Empa<\/em><\/p>\n<\/div>\n<\/div>","protected":false},"excerpt":{"rendered":"<p>Wenn die Sonne im Hochsommer erbarmungslos auf die Fassaden brennt, heizen sich Innenr\u00e4ume von Geb\u00e4uden mit unbeschatteten Fenstern oder schlechter Isolation gnadenlos auf. Bringt selbst das offene Fenster keinen k\u00fchlenden Luftzug, beginnt es ab 26 Grad Raumtemperatur unangenehm zu werden. Steigt die Raumtemperatur noch weiter, werden sogar k\u00f6rperlich wenig anstrengende T\u00e4tigkeiten wie B\u00fcroarbeiten zur Belastung. [&hellip;]<\/p>\n","protected":false},"author":31,"featured_media":0,"comment_status":"closed","ping_status":"closed","sticky":false,"template":"","format":"standard","meta":{"_acf_changed":false,"pgc_sgb_lightbox_settings":"","footnotes":""},"categories":[3314],"tags":[3581,6455,6454],"class_list":["post-23474","post","type-post","status-publish","format-standard","hentry","category-health-safety","tag-energieverbrauch","tag-gebaeudeklima","tag-klimatisierung"],"acf":[],"hkrextid":null,"publication":null,"issue":null,"workflow":null,"startPage":null,"spitzmarke":null,"_posts_by_tag_page_fields":null,"_at_widget":null,"_yoast_wpseo_primary_category":"3314","_yoast_wpseo_focuskw_text_input":null,"_yoast_wpseo_opengraph-image":null,"_yoast_wpseo_opengraph-description":null,"_yoast_wpseo_opengraph-title":null,"enclosure":null,"_yoast_wpseo_twitter-title":null,"_yoast_wpseo_twitter-description":null,"_yoast_wpseo_twitter-image":null,"_wp_old_slug":null,"_yoast_wpseo_title":null,"_yoast_wpseo_canonical":null,"yoast_head":"<!-- This site is optimized with the Yoast SEO plugin v27.5 - https:\/\/yoast.com\/product\/yoast-seo-wordpress\/ -->\n<title>\u00abHVAC\u00bb kommt ins Schwitzen - Save<\/title>\n<meta name=\"description\" content=\"Smarte Dummys erkennen dank Sensortechnologie, wie Arbeitspl\u00e4tze energiesparend auf Wohlf\u00fchltemperatur gebracht werden k\u00f6nnen.\" \/>\n<meta name=\"robots\" content=\"index, follow, max-snippet:-1, max-image-preview:large, max-video-preview:-1\" \/>\n<link rel=\"canonical\" href=\"https:\/\/news.save.ch\/fr\/hvac-kommt-ins-schwitzen\/\" \/>\n<meta property=\"og:locale\" content=\"fr_FR\" \/>\n<meta property=\"og:type\" content=\"article\" \/>\n<meta property=\"og:title\" content=\"\u00abHVAC\u00bb kommt ins Schwitzen - Save\" \/>\n<meta property=\"og:description\" content=\"Smarte Dummys erkennen dank Sensortechnologie, wie Arbeitspl\u00e4tze energiesparend auf Wohlf\u00fchltemperatur gebracht werden k\u00f6nnen.\" \/>\n<meta property=\"og:url\" content=\"https:\/\/news.save.ch\/fr\/hvac-kommt-ins-schwitzen\/\" \/>\n<meta property=\"og:site_name\" content=\"Save\" \/>\n<meta property=\"article:published_time\" content=\"2024-08-28T10:20:26+00:00\" \/>\n<meta property=\"og:image\" content=\"https:\/\/news.save.ch\/wp-content\/uploads\/2024\/08\/smarte-dummys-stopper.jpg\" \/>\n<meta name=\"author\" content=\"stefanie Zeng\" \/>\n<meta name=\"twitter:card\" content=\"summary_large_image\" \/>\n<meta name=\"twitter:label1\" content=\"\u00c9crit par\" \/>\n\t<meta name=\"twitter:data1\" content=\"stefanie Zeng\" \/>\n\t<meta name=\"twitter:label2\" content=\"Dur\u00e9e de lecture estim\u00e9e\" \/>\n\t<meta name=\"twitter:data2\" content=\"4 minutes\" \/>\n<script type=\"application\/ld+json\" class=\"yoast-schema-graph\">{\"@context\":\"https:\\\/\\\/schema.org\",\"@graph\":[{\"@type\":\"Article\",\"@id\":\"https:\\\/\\\/news.save.ch\\\/hvac-kommt-ins-schwitzen\\\/#article\",\"isPartOf\":{\"@id\":\"https:\\\/\\\/news.save.ch\\\/hvac-kommt-ins-schwitzen\\\/\"},\"author\":{\"name\":\"stefanie Zeng\",\"@id\":\"https:\\\/\\\/news.save.ch\\\/de\\\/#\\\/schema\\\/person\\\/10917387362b3961e882740f6cf6f2a2\"},\"headline\":\"\u00abHVAC\u00bb kommt ins Schwitzen\",\"datePublished\":\"2024-08-28T10:20:26+00:00\",\"mainEntityOfPage\":{\"@id\":\"https:\\\/\\\/news.save.ch\\\/hvac-kommt-ins-schwitzen\\\/\"},\"wordCount\":748,\"publisher\":{\"@id\":\"https:\\\/\\\/news.save.ch\\\/de\\\/#organization\"},\"image\":{\"@id\":\"https:\\\/\\\/news.save.ch\\\/hvac-kommt-ins-schwitzen\\\/#primaryimage\"},\"thumbnailUrl\":\"https:\\\/\\\/news.save.ch\\\/wp-content\\\/uploads\\\/2024\\\/08\\\/smarte-dummys-stopper.jpg\",\"keywords\":[\"Energieverbrauch\",\"Geb\u00e4udeklima\",\"Klimatisierung\"],\"articleSection\":[\"HEALTH &amp; SAFETY\"],\"inLanguage\":\"fr-FR\"},{\"@type\":\"WebPage\",\"@id\":\"https:\\\/\\\/news.save.ch\\\/hvac-kommt-ins-schwitzen\\\/\",\"url\":\"https:\\\/\\\/news.save.ch\\\/hvac-kommt-ins-schwitzen\\\/\",\"name\":\"\u00abHVAC\u00bb kommt ins Schwitzen - Save\",\"isPartOf\":{\"@id\":\"https:\\\/\\\/news.save.ch\\\/de\\\/#website\"},\"primaryImageOfPage\":{\"@id\":\"https:\\\/\\\/news.save.ch\\\/hvac-kommt-ins-schwitzen\\\/#primaryimage\"},\"image\":{\"@id\":\"https:\\\/\\\/news.save.ch\\\/hvac-kommt-ins-schwitzen\\\/#primaryimage\"},\"thumbnailUrl\":\"https:\\\/\\\/news.save.ch\\\/wp-content\\\/uploads\\\/2024\\\/08\\\/smarte-dummys-stopper.jpg\",\"datePublished\":\"2024-08-28T10:20:26+00:00\",\"description\":\"Smarte Dummys erkennen dank Sensortechnologie, wie Arbeitspl\u00e4tze energiesparend auf Wohlf\u00fchltemperatur gebracht werden k\u00f6nnen.\",\"breadcrumb\":{\"@id\":\"https:\\\/\\\/news.save.ch\\\/hvac-kommt-ins-schwitzen\\\/#breadcrumb\"},\"inLanguage\":\"fr-FR\",\"potentialAction\":[{\"@type\":\"ReadAction\",\"target\":[\"https:\\\/\\\/news.save.ch\\\/hvac-kommt-ins-schwitzen\\\/\"]}]},{\"@type\":\"ImageObject\",\"inLanguage\":\"fr-FR\",\"@id\":\"https:\\\/\\\/news.save.ch\\\/hvac-kommt-ins-schwitzen\\\/#primaryimage\",\"url\":\"https:\\\/\\\/news.save.ch\\\/wp-content\\\/uploads\\\/2024\\\/08\\\/smarte-dummys-stopper.jpg\",\"contentUrl\":\"https:\\\/\\\/news.save.ch\\\/wp-content\\\/uploads\\\/2024\\\/08\\\/smarte-dummys-stopper.jpg\"},{\"@type\":\"BreadcrumbList\",\"@id\":\"https:\\\/\\\/news.save.ch\\\/hvac-kommt-ins-schwitzen\\\/#breadcrumb\",\"itemListElement\":[{\"@type\":\"ListItem\",\"position\":1,\"name\":\"Home\",\"item\":\"https:\\\/\\\/news.save.ch\\\/de\\\/\"},{\"@type\":\"ListItem\",\"position\":2,\"name\":\"\u00abHVAC\u00bb kommt ins Schwitzen\"}]},{\"@type\":\"WebSite\",\"@id\":\"https:\\\/\\\/news.save.ch\\\/de\\\/#website\",\"url\":\"https:\\\/\\\/news.save.ch\\\/de\\\/\",\"name\":\"Save\",\"description\":\"Schweizer Fachzeitschrift f\u00fcr Sicherheit\",\"publisher\":{\"@id\":\"https:\\\/\\\/news.save.ch\\\/de\\\/#organization\"},\"potentialAction\":[{\"@type\":\"SearchAction\",\"target\":{\"@type\":\"EntryPoint\",\"urlTemplate\":\"https:\\\/\\\/news.save.ch\\\/de\\\/?s={search_term_string}\"},\"query-input\":{\"@type\":\"PropertyValueSpecification\",\"valueRequired\":true,\"valueName\":\"search_term_string\"}}],\"inLanguage\":\"fr-FR\"},{\"@type\":\"Organization\",\"@id\":\"https:\\\/\\\/news.save.ch\\\/de\\\/#organization\",\"name\":\"Sicherheitsforum\",\"url\":\"https:\\\/\\\/news.save.ch\\\/de\\\/\",\"logo\":{\"@type\":\"ImageObject\",\"inLanguage\":\"fr-FR\",\"@id\":\"https:\\\/\\\/news.save.ch\\\/de\\\/#\\\/schema\\\/logo\\\/image\\\/\",\"url\":\"https:\\\/\\\/news.save.ch\\\/wp-content\\\/uploads\\\/2022\\\/06\\\/Logo_SF_2012.png\",\"contentUrl\":\"https:\\\/\\\/news.save.ch\\\/wp-content\\\/uploads\\\/2022\\\/06\\\/Logo_SF_2012.png\",\"width\":1100,\"height\":91,\"caption\":\"Sicherheitsforum\"},\"image\":{\"@id\":\"https:\\\/\\\/news.save.ch\\\/de\\\/#\\\/schema\\\/logo\\\/image\\\/\"}},{\"@type\":\"Person\",\"@id\":\"https:\\\/\\\/news.save.ch\\\/de\\\/#\\\/schema\\\/person\\\/10917387362b3961e882740f6cf6f2a2\",\"name\":\"stefanie Zeng\",\"image\":{\"@type\":\"ImageObject\",\"inLanguage\":\"fr-FR\",\"@id\":\"https:\\\/\\\/secure.gravatar.com\\\/avatar\\\/eac43faa6e40bb2c41068c95c9d78bbd94c476d5efdff7abaab80bb3ea681e06?s=96&d=mm&r=g\",\"url\":\"https:\\\/\\\/secure.gravatar.com\\\/avatar\\\/eac43faa6e40bb2c41068c95c9d78bbd94c476d5efdff7abaab80bb3ea681e06?s=96&d=mm&r=g\",\"contentUrl\":\"https:\\\/\\\/secure.gravatar.com\\\/avatar\\\/eac43faa6e40bb2c41068c95c9d78bbd94c476d5efdff7abaab80bb3ea681e06?s=96&d=mm&r=g\",\"caption\":\"stefanie Zeng\"},\"url\":\"https:\\\/\\\/news.save.ch\\\/fr\\\/author\\\/stefanie-zeng\\\/\"}]}<\/script>\n<!-- \/ Yoast SEO plugin. -->","yoast_head_json":{"title":"\"HVAC\" se met \u00e0 transpirer - Save","description":"Gr\u00e2ce \u00e0 la technologie des capteurs, les mannequins intelligents reconnaissent comment les postes de travail peuvent \u00eatre amen\u00e9s \u00e0 une temp\u00e9rature de confort tout en \u00e9conomisant de l'\u00e9nergie.","robots":{"index":"index","follow":"follow","max-snippet":"max-snippet:-1","max-image-preview":"max-image-preview:large","max-video-preview":"max-video-preview:-1"},"canonical":"https:\/\/news.save.ch\/fr\/hvac-kommt-ins-schwitzen\/","og_locale":"fr_FR","og_type":"article","og_title":"\u00abHVAC\u00bb kommt ins Schwitzen - Save","og_description":"Smarte Dummys erkennen dank Sensortechnologie, wie Arbeitspl\u00e4tze energiesparend auf Wohlf\u00fchltemperatur gebracht werden k\u00f6nnen.","og_url":"https:\/\/news.save.ch\/fr\/hvac-kommt-ins-schwitzen\/","og_site_name":"Save","article_published_time":"2024-08-28T10:20:26+00:00","og_image":[{"url":"https:\/\/news.save.ch\/wp-content\/uploads\/2024\/08\/smarte-dummys-stopper.jpg","type":"","width":"","height":""}],"author":"stefanie Zeng","twitter_card":"summary_large_image","twitter_misc":{"\u00c9crit par":"stefanie Zeng","Dur\u00e9e de lecture estim\u00e9e":"4 minutes"},"schema":{"@context":"https:\/\/schema.org","@graph":[{"@type":"Article","@id":"https:\/\/news.save.ch\/hvac-kommt-ins-schwitzen\/#article","isPartOf":{"@id":"https:\/\/news.save.ch\/hvac-kommt-ins-schwitzen\/"},"author":{"name":"stefanie Zeng","@id":"https:\/\/news.save.ch\/de\/#\/schema\/person\/10917387362b3961e882740f6cf6f2a2"},"headline":"\u00abHVAC\u00bb kommt ins Schwitzen","datePublished":"2024-08-28T10:20:26+00:00","mainEntityOfPage":{"@id":"https:\/\/news.save.ch\/hvac-kommt-ins-schwitzen\/"},"wordCount":748,"publisher":{"@id":"https:\/\/news.save.ch\/de\/#organization"},"image":{"@id":"https:\/\/news.save.ch\/hvac-kommt-ins-schwitzen\/#primaryimage"},"thumbnailUrl":"https:\/\/news.save.ch\/wp-content\/uploads\/2024\/08\/smarte-dummys-stopper.jpg","keywords":["Energieverbrauch","Geb\u00e4udeklima","Klimatisierung"],"articleSection":["HEALTH &amp; SAFETY"],"inLanguage":"fr-FR"},{"@type":"WebPage","@id":"https:\/\/news.save.ch\/hvac-kommt-ins-schwitzen\/","url":"https:\/\/news.save.ch\/hvac-kommt-ins-schwitzen\/","name":"\"HVAC\" se met \u00e0 transpirer - Save","isPartOf":{"@id":"https:\/\/news.save.ch\/de\/#website"},"primaryImageOfPage":{"@id":"https:\/\/news.save.ch\/hvac-kommt-ins-schwitzen\/#primaryimage"},"image":{"@id":"https:\/\/news.save.ch\/hvac-kommt-ins-schwitzen\/#primaryimage"},"thumbnailUrl":"https:\/\/news.save.ch\/wp-content\/uploads\/2024\/08\/smarte-dummys-stopper.jpg","datePublished":"2024-08-28T10:20:26+00:00","description":"Gr\u00e2ce \u00e0 la technologie des capteurs, les mannequins intelligents reconnaissent comment les postes de travail peuvent \u00eatre amen\u00e9s \u00e0 une temp\u00e9rature de confort tout en \u00e9conomisant de l'\u00e9nergie.","breadcrumb":{"@id":"https:\/\/news.save.ch\/hvac-kommt-ins-schwitzen\/#breadcrumb"},"inLanguage":"fr-FR","potentialAction":[{"@type":"ReadAction","target":["https:\/\/news.save.ch\/hvac-kommt-ins-schwitzen\/"]}]},{"@type":"ImageObject","inLanguage":"fr-FR","@id":"https:\/\/news.save.ch\/hvac-kommt-ins-schwitzen\/#primaryimage","url":"https:\/\/news.save.ch\/wp-content\/uploads\/2024\/08\/smarte-dummys-stopper.jpg","contentUrl":"https:\/\/news.save.ch\/wp-content\/uploads\/2024\/08\/smarte-dummys-stopper.jpg"},{"@type":"BreadcrumbList","@id":"https:\/\/news.save.ch\/hvac-kommt-ins-schwitzen\/#breadcrumb","itemListElement":[{"@type":"ListItem","position":1,"name":"Home","item":"https:\/\/news.save.ch\/de\/"},{"@type":"ListItem","position":2,"name":"\u00abHVAC\u00bb kommt ins Schwitzen"}]},{"@type":"WebSite","@id":"https:\/\/news.save.ch\/de\/#website","url":"https:\/\/news.save.ch\/de\/","name":"Save","description":"Revue suisse sp\u00e9cialis\u00e9e dans la s\u00e9curit\u00e9","publisher":{"@id":"https:\/\/news.save.ch\/de\/#organization"},"potentialAction":[{"@type":"SearchAction","target":{"@type":"EntryPoint","urlTemplate":"https:\/\/news.save.ch\/de\/?s={search_term_string}"},"query-input":{"@type":"PropertyValueSpecification","valueRequired":true,"valueName":"search_term_string"}}],"inLanguage":"fr-FR"},{"@type":"Organization","@id":"https:\/\/news.save.ch\/de\/#organization","name":"Forum sur la s\u00e9curit\u00e9","url":"https:\/\/news.save.ch\/de\/","logo":{"@type":"ImageObject","inLanguage":"fr-FR","@id":"https:\/\/news.save.ch\/de\/#\/schema\/logo\/image\/","url":"https:\/\/news.save.ch\/wp-content\/uploads\/2022\/06\/Logo_SF_2012.png","contentUrl":"https:\/\/news.save.ch\/wp-content\/uploads\/2022\/06\/Logo_SF_2012.png","width":1100,"height":91,"caption":"Sicherheitsforum"},"image":{"@id":"https:\/\/news.save.ch\/de\/#\/schema\/logo\/image\/"}},{"@type":"Person","@id":"https:\/\/news.save.ch\/de\/#\/schema\/person\/10917387362b3961e882740f6cf6f2a2","name":"stefanie Zeng","image":{"@type":"ImageObject","inLanguage":"fr-FR","@id":"https:\/\/secure.gravatar.com\/avatar\/eac43faa6e40bb2c41068c95c9d78bbd94c476d5efdff7abaab80bb3ea681e06?s=96&d=mm&r=g","url":"https:\/\/secure.gravatar.com\/avatar\/eac43faa6e40bb2c41068c95c9d78bbd94c476d5efdff7abaab80bb3ea681e06?s=96&d=mm&r=g","contentUrl":"https:\/\/secure.gravatar.com\/avatar\/eac43faa6e40bb2c41068c95c9d78bbd94c476d5efdff7abaab80bb3ea681e06?s=96&d=mm&r=g","caption":"stefanie Zeng"},"url":"https:\/\/news.save.ch\/fr\/author\/stefanie-zeng\/"}]}},"_links":{"self":[{"href":"https:\/\/news.save.ch\/fr\/wp-json\/wp\/v2\/posts\/23474","targetHints":{"allow":["GET"]}}],"collection":[{"href":"https:\/\/news.save.ch\/fr\/wp-json\/wp\/v2\/posts"}],"about":[{"href":"https:\/\/news.save.ch\/fr\/wp-json\/wp\/v2\/types\/post"}],"author":[{"embeddable":true,"href":"https:\/\/news.save.ch\/fr\/wp-json\/wp\/v2\/users\/31"}],"replies":[{"embeddable":true,"href":"https:\/\/news.save.ch\/fr\/wp-json\/wp\/v2\/comments?post=23474"}],"version-history":[{"count":2,"href":"https:\/\/news.save.ch\/fr\/wp-json\/wp\/v2\/posts\/23474\/revisions"}],"predecessor-version":[{"id":23477,"href":"https:\/\/news.save.ch\/fr\/wp-json\/wp\/v2\/posts\/23474\/revisions\/23477"}],"wp:attachment":[{"href":"https:\/\/news.save.ch\/fr\/wp-json\/wp\/v2\/media?parent=23474"}],"wp:term":[{"taxonomy":"category","embeddable":true,"href":"https:\/\/news.save.ch\/fr\/wp-json\/wp\/v2\/categories?post=23474"},{"taxonomy":"post_tag","embeddable":true,"href":"https:\/\/news.save.ch\/fr\/wp-json\/wp\/v2\/tags?post=23474"}],"curies":[{"name":"wp","href":"https:\/\/api.w.org\/{rel}","templated":true}]}}