{"id":23478,"date":"2024-08-30T14:51:44","date_gmt":"2024-08-30T12:51:44","guid":{"rendered":"https:\/\/news.save.ch\/?p=23478"},"modified":"2024-08-30T14:51:51","modified_gmt":"2024-08-30T12:51:51","slug":"empfehlungen-fuer-eine-zukunftsgerichtete-sicherheitspolitik-studienkommission-legt-ihren-bericht-vor","status":null,"type":"post","link":"https:\/\/news.save.ch\/fr\/empfehlungen-fuer-eine-zukunftsgerichtete-sicherheitspolitik-studienkommission-legt-ihren-bericht-vor\/","title":{"rendered":"Recommandations pour une politique de s\u00e9curit\u00e9 tourn\u00e9e vers l'avenir : la commission d'\u00e9tude pr\u00e9sente son rapport"},"content":{"rendered":"<figure id=\"attachment_23479\" aria-describedby=\"caption-attachment-23479\" style=\"width: 1000px\" class=\"wp-caption alignnone\"><a href=\"https:\/\/news.save.ch\/fr\/empfehlungen-fuer-eine-zukunftsgerichtete-sicherheitspolitik-studienkommission-legt-ihren-bericht-vor\/depositphotos_243967718_s\/\" rel=\"attachment wp-att-23479\"><img loading=\"lazy\" decoding=\"async\" class=\"size-full wp-image-23479\" src=\"https:\/\/news.save.ch\/wp-content\/uploads\/2024\/08\/Depositphotos_243967718_S.jpg\" alt=\"\" width=\"1000\" height=\"667\" srcset=\"https:\/\/news.save.ch\/wp-content\/uploads\/2024\/08\/Depositphotos_243967718_S.jpg 1000w, https:\/\/news.save.ch\/wp-content\/uploads\/2024\/08\/Depositphotos_243967718_S-680x454.jpg 680w, https:\/\/news.save.ch\/wp-content\/uploads\/2024\/08\/Depositphotos_243967718_S-768x512.jpg 768w, https:\/\/news.save.ch\/wp-content\/uploads\/2024\/08\/Depositphotos_243967718_S-18x12.jpg 18w, https:\/\/news.save.ch\/wp-content\/uploads\/2024\/08\/Depositphotos_243967718_S-375x250.jpg 375w, https:\/\/news.save.ch\/wp-content\/uploads\/2024\/08\/Depositphotos_243967718_S-525x350.jpg 525w\" sizes=\"auto, (max-width: 1000px) 100vw, 1000px\" \/><\/a><figcaption id=\"caption-attachment-23479\" class=\"wp-caption-text\">Photo : Depositphotos\/Bareta<\/figcaption><\/figure>\n<p>En juillet 2023, le DDPS a mis en place la Commission d'\u00e9tude de la politique de s\u00e9curit\u00e9. Sous la pr\u00e9sidence de Valentin Vogt, ancien pr\u00e9sident de l'Union patronale suisse, la commission devait exposer comment concevoir une politique de s\u00e9curit\u00e9 de la Suisse qui soit viable et largement soutenue.  Il faut entendre par l\u00e0 une politique de s\u00e9curit\u00e9 adapt\u00e9e aux menaces et aux dangers, correspondant aux ressources, b\u00e9n\u00e9ficiant d'un large soutien en Suisse et respect\u00e9e \u00e0 l'\u00e9tranger.<\/p>\n<p>La commission \u00e9tait largement compos\u00e9e de repr\u00e9sentants de la politique, de l'\u00e9conomie, de la science, de l'administration, des cantons, des diff\u00e9rentes g\u00e9n\u00e9rations et des diff\u00e9rentes r\u00e9gions du pays. Le rapport refl\u00e8te la diversit\u00e9 de ces opinions en indiquant, pour les plus de 100 recommandations concernant sept domaines, les rapports de majorit\u00e9 et de minorit\u00e9 au sein de la commission.<\/p>\n<h3>Les principales recommandations de la commission des \u00e9tudes<\/h3>\n<p>La commission per\u00e7oit une d\u00e9t\u00e9rioration massive de la situation en Europe, marqu\u00e9e par la politique de puissance, des r\u00e9gions de crise de plus en plus d\u00e9stabilis\u00e9es et, surtout, la guerre d'agression russe contre l'Ukraine. Au vu de cette situation s\u00e9curitaire aggrav\u00e9e, la commission a \u00e9mis des recommandations concernant notamment la neutralit\u00e9, la coop\u00e9ration internationale, l'orientation des instruments de la politique de s\u00e9curit\u00e9 et la politique d'armement.<\/p>\n<ul>\n<li>Orientation des instruments de la politique de s\u00e9curit\u00e9 : Pour coordonner les instruments de la politique de s\u00e9curit\u00e9, il faut une conception globale de la d\u00e9fense qui clarifie les t\u00e2ches et l'interaction de la d\u00e9fense militaire et civile, qui encourage la r\u00e9silience de l'\u00e9conomie et de l'administration et qui sensibilise la population \u00e0 la d\u00e9gradation de la situation s\u00e9curitaire. La lutte contre la d\u00e9sinformation et l'influence en fait \u00e9galement partie. L'arm\u00e9e doit \u00eatre orient\u00e9e vers sa capacit\u00e9 de d\u00e9fense. A une large majorit\u00e9, la commission recommande d'augmenter le budget de la d\u00e9fense \u00e0 1 % du PIB d'ici 2030. Elle estime que la politique \u00e9conomique ext\u00e9rieure et la politique \u00e9conomique doivent \u00eatre consid\u00e9r\u00e9es comme faisant partie de l'approvisionnement \u00e9conomique du pays. Une majorit\u00e9 recommande en outre de fusionner le service civil et la protection civile, une option actuellement \u00e9labor\u00e9e dans le cadre des travaux d'approfondissement du syst\u00e8me d'obligation de servir. En outre, il est recommand\u00e9 d'orienter la protection de la population vers une situation de s\u00e9curit\u00e9 renforc\u00e9e et vers sa mission en cas de guerre.<\/li>\n<li>Politique de l'armement : l'industrie de l'armement de la Suisse doit \u00eatre renforc\u00e9e et davantage ax\u00e9e sur la menace. Pour ce faire, l'innovation doit \u00eatre encourag\u00e9e et l'acc\u00e8s aux projets de coop\u00e9ration de l'UE et de l'OTAN doit \u00eatre garanti. Une majorit\u00e9 souhaite lever l'interdiction de r\u00e9exportation pour les pays vis\u00e9s \u00e0 l'annexe 2 de l'ordonnance sur le mat\u00e9riel de guerre. La commission consid\u00e8re \u00e0 l'unanimit\u00e9 que l'\u00e9nergie fait partie de l'approvisionnement \u00e9conomique du pays et, \u00e0 une large majorit\u00e9, qu'il en va de m\u00eame pour les accords bilat\u00e9raux avec l'UE.<\/li>\n<li>Coop\u00e9ration internationale : la coop\u00e9ration avec l'OTAN et l'UE doit \u00eatre approfondie dans le but de d\u00e9velopper une capacit\u00e9 de d\u00e9fense commune et devenir une v\u00e9ritable coop\u00e9ration en mati\u00e8re de d\u00e9fense. Pour ce faire, il convient de d\u00e9finir les attentes vis-\u00e0-vis de la propre capacit\u00e9 de d\u00e9fense ainsi que les contreparties que la Suisse pourrait offrir \u00e0 un partenaire de coop\u00e9ration. Dans ce contexte, la promotion militaire de la paix doit \u00e9galement \u00eatre d\u00e9velopp\u00e9e. En outre, la coop\u00e9ration doit \u00eatre d\u00e9velopp\u00e9e non seulement au niveau militaire, mais aussi au niveau diplomatique, par exemple dans le cadre des efforts de contr\u00f4le international des armements et de la r\u00e9glementation des nouvelles technologies.<\/li>\n<li>Neutralit\u00e9 : la politique de neutralit\u00e9 doit \u00eatre r\u00e9vis\u00e9e, davantage ax\u00e9e sur sa fonction en mati\u00e8re de politique de s\u00e9curit\u00e9 et appliqu\u00e9e de mani\u00e8re plus flexible. Une majorit\u00e9 de la commission recommande en outre d'axer davantage la politique de neutralit\u00e9 sur la Charte des Nations unies et de tenir davantage compte de la distinction entre agresseur et victime. Une grande majorit\u00e9 se prononce en outre pour une r\u00e9vision fondamentale de la loi sur le mat\u00e9riel de guerre afin de pouvoir suivre cette \u00e9volution de la politique de neutralit\u00e9.<\/li>\n<li>Les recommandations sont int\u00e9gr\u00e9es dans les travaux relatifs \u00e0 la Strat\u00e9gie de politique de s\u00e9curit\u00e9 2025<\/li>\n<\/ul>\n<p>Le rapport et les recommandations de la commission sont accessibles au public et doivent fournir des contributions au d\u00e9bat public et parlementaire. Les recommandations seront int\u00e9gr\u00e9es, sous la direction du Secr\u00e9tariat d'Etat \u00e0 la politique de s\u00e9curit\u00e9 SEPOS, dans les travaux relatifs \u00e0 la Strat\u00e9gie de politique de s\u00e9curit\u00e9 2025, qui viennent de d\u00e9buter.<\/p>\n<p>Le DDPS remercie le pr\u00e9sident Valentin Vogt, l'auteur du rapport Katja Gentinetta et les membres de la commission pour leur pr\u00e9cieux travail et le pr\u00e9sent rapport.<\/p>\n<p>Source : vbs.admin.ch<\/p>","protected":false},"excerpt":{"rendered":"<p>Im Juli 2023 hat das VBS die Studienkommission Sicherheitspolitik eingesetzt. Unter dem Vorsitz von Valentin Vogt, dem ehemaligen Arbeitgeberpr\u00e4sidenten, sollte die Kommission darlegen, wie eine zukunftsf\u00e4hige und breit abgest\u00fctzte Sicherheitspolitik der Schweiz ausgestaltet werden kann.\u00a0 Darunter ist eine Sicherheitspolitik zu verstehen, die den Bedrohungen und Gefahren angemessen, den Ressourcen entsprechend, im Inland breit abgest\u00fctzt und [&hellip;]<\/p>\n","protected":false},"author":31,"featured_media":23479,"comment_status":"closed","ping_status":"closed","sticky":false,"template":"","format":"standard","meta":{"_acf_changed":false,"pgc_sgb_lightbox_settings":"","footnotes":""},"categories":[3312],"tags":[1494],"class_list":["post-23478","post","type-post","status-publish","format-standard","has-post-thumbnail","hentry","category-sicherheit","tag-sicherheitspolitik"],"acf":[],"hkrextid":null,"publication":null,"issue":null,"workflow":null,"startPage":null,"spitzmarke":null,"_posts_by_tag_page_fields":null,"_at_widget":null,"_yoast_wpseo_primary_category":"3312","_yoast_wpseo_focuskw_text_input":null,"_yoast_wpseo_opengraph-image":null,"_yoast_wpseo_opengraph-description":null,"_yoast_wpseo_opengraph-title":null,"enclosure":null,"_yoast_wpseo_twitter-title":null,"_yoast_wpseo_twitter-description":null,"_yoast_wpseo_twitter-image":null,"_wp_old_slug":null,"_yoast_wpseo_title":null,"_yoast_wpseo_canonical":null,"yoast_head":"<!-- This site is optimized with the Yoast SEO plugin v27.5 - https:\/\/yoast.com\/product\/yoast-seo-wordpress\/ -->\n<title>Empfehlungen f\u00fcr eine zukunftsgerichtete Sicherheitspolitik: Studienkommission legt ihren Bericht vor - Save<\/title>\n<meta name=\"description\" content=\"Studienkommission Sicherheitspolitik spricht Empfehlungen zu zukunftsgerichteter Sicherheitspolitik aus.\" \/>\n<meta name=\"robots\" content=\"index, follow, max-snippet:-1, max-image-preview:large, max-video-preview:-1\" \/>\n<link rel=\"canonical\" href=\"https:\/\/news.save.ch\/fr\/empfehlungen-fuer-eine-zukunftsgerichtete-sicherheitspolitik-studienkommission-legt-ihren-bericht-vor\/\" \/>\n<meta property=\"og:locale\" content=\"fr_FR\" \/>\n<meta property=\"og:type\" content=\"article\" \/>\n<meta property=\"og:title\" content=\"Empfehlungen f\u00fcr eine zukunftsgerichtete Sicherheitspolitik: Studienkommission legt ihren Bericht vor - Save\" \/>\n<meta property=\"og:description\" content=\"Studienkommission Sicherheitspolitik spricht Empfehlungen zu zukunftsgerichteter Sicherheitspolitik aus.\" \/>\n<meta property=\"og:url\" content=\"https:\/\/news.save.ch\/fr\/empfehlungen-fuer-eine-zukunftsgerichtete-sicherheitspolitik-studienkommission-legt-ihren-bericht-vor\/\" \/>\n<meta property=\"og:site_name\" content=\"Save\" \/>\n<meta property=\"article:published_time\" content=\"2024-08-30T12:51:44+00:00\" \/>\n<meta property=\"article:modified_time\" content=\"2024-08-30T12:51:51+00:00\" \/>\n<meta property=\"og:image\" content=\"https:\/\/news.save.ch\/wp-content\/uploads\/2024\/08\/Depositphotos_243967718_S.jpg\" \/>\n\t<meta property=\"og:image:width\" content=\"1000\" \/>\n\t<meta property=\"og:image:height\" content=\"667\" \/>\n\t<meta property=\"og:image:type\" content=\"image\/jpeg\" \/>\n<meta name=\"author\" content=\"stefanie Zeng\" \/>\n<meta name=\"twitter:card\" content=\"summary_large_image\" \/>\n<meta name=\"twitter:label1\" content=\"\u00c9crit par\" \/>\n\t<meta name=\"twitter:data1\" content=\"stefanie Zeng\" \/>\n\t<meta name=\"twitter:label2\" content=\"Dur\u00e9e de lecture estim\u00e9e\" \/>\n\t<meta name=\"twitter:data2\" content=\"4 minutes\" \/>\n<script type=\"application\/ld+json\" class=\"yoast-schema-graph\">{\"@context\":\"https:\\\/\\\/schema.org\",\"@graph\":[{\"@type\":\"Article\",\"@id\":\"https:\\\/\\\/news.save.ch\\\/empfehlungen-fuer-eine-zukunftsgerichtete-sicherheitspolitik-studienkommission-legt-ihren-bericht-vor\\\/#article\",\"isPartOf\":{\"@id\":\"https:\\\/\\\/news.save.ch\\\/empfehlungen-fuer-eine-zukunftsgerichtete-sicherheitspolitik-studienkommission-legt-ihren-bericht-vor\\\/\"},\"author\":{\"name\":\"stefanie Zeng\",\"@id\":\"https:\\\/\\\/news.save.ch\\\/de\\\/#\\\/schema\\\/person\\\/10917387362b3961e882740f6cf6f2a2\"},\"headline\":\"Empfehlungen f\u00fcr eine zukunftsgerichtete Sicherheitspolitik: Studienkommission legt ihren Bericht vor\",\"datePublished\":\"2024-08-30T12:51:44+00:00\",\"dateModified\":\"2024-08-30T12:51:51+00:00\",\"mainEntityOfPage\":{\"@id\":\"https:\\\/\\\/news.save.ch\\\/empfehlungen-fuer-eine-zukunftsgerichtete-sicherheitspolitik-studienkommission-legt-ihren-bericht-vor\\\/\"},\"wordCount\":639,\"publisher\":{\"@id\":\"https:\\\/\\\/news.save.ch\\\/de\\\/#organization\"},\"image\":{\"@id\":\"https:\\\/\\\/news.save.ch\\\/empfehlungen-fuer-eine-zukunftsgerichtete-sicherheitspolitik-studienkommission-legt-ihren-bericht-vor\\\/#primaryimage\"},\"thumbnailUrl\":\"https:\\\/\\\/news.save.ch\\\/wp-content\\\/uploads\\\/2024\\\/08\\\/Depositphotos_243967718_S.jpg\",\"keywords\":[\"Sicherheitspolitik\"],\"articleSection\":[\"SICHERHEIT\"],\"inLanguage\":\"fr-FR\"},{\"@type\":\"WebPage\",\"@id\":\"https:\\\/\\\/news.save.ch\\\/empfehlungen-fuer-eine-zukunftsgerichtete-sicherheitspolitik-studienkommission-legt-ihren-bericht-vor\\\/\",\"url\":\"https:\\\/\\\/news.save.ch\\\/empfehlungen-fuer-eine-zukunftsgerichtete-sicherheitspolitik-studienkommission-legt-ihren-bericht-vor\\\/\",\"name\":\"Empfehlungen f\u00fcr eine zukunftsgerichtete Sicherheitspolitik: Studienkommission legt ihren Bericht vor - Save\",\"isPartOf\":{\"@id\":\"https:\\\/\\\/news.save.ch\\\/de\\\/#website\"},\"primaryImageOfPage\":{\"@id\":\"https:\\\/\\\/news.save.ch\\\/empfehlungen-fuer-eine-zukunftsgerichtete-sicherheitspolitik-studienkommission-legt-ihren-bericht-vor\\\/#primaryimage\"},\"image\":{\"@id\":\"https:\\\/\\\/news.save.ch\\\/empfehlungen-fuer-eine-zukunftsgerichtete-sicherheitspolitik-studienkommission-legt-ihren-bericht-vor\\\/#primaryimage\"},\"thumbnailUrl\":\"https:\\\/\\\/news.save.ch\\\/wp-content\\\/uploads\\\/2024\\\/08\\\/Depositphotos_243967718_S.jpg\",\"datePublished\":\"2024-08-30T12:51:44+00:00\",\"dateModified\":\"2024-08-30T12:51:51+00:00\",\"description\":\"Studienkommission Sicherheitspolitik spricht Empfehlungen zu zukunftsgerichteter Sicherheitspolitik aus.\",\"breadcrumb\":{\"@id\":\"https:\\\/\\\/news.save.ch\\\/empfehlungen-fuer-eine-zukunftsgerichtete-sicherheitspolitik-studienkommission-legt-ihren-bericht-vor\\\/#breadcrumb\"},\"inLanguage\":\"fr-FR\",\"potentialAction\":[{\"@type\":\"ReadAction\",\"target\":[\"https:\\\/\\\/news.save.ch\\\/empfehlungen-fuer-eine-zukunftsgerichtete-sicherheitspolitik-studienkommission-legt-ihren-bericht-vor\\\/\"]}]},{\"@type\":\"ImageObject\",\"inLanguage\":\"fr-FR\",\"@id\":\"https:\\\/\\\/news.save.ch\\\/empfehlungen-fuer-eine-zukunftsgerichtete-sicherheitspolitik-studienkommission-legt-ihren-bericht-vor\\\/#primaryimage\",\"url\":\"https:\\\/\\\/news.save.ch\\\/wp-content\\\/uploads\\\/2024\\\/08\\\/Depositphotos_243967718_S.jpg\",\"contentUrl\":\"https:\\\/\\\/news.save.ch\\\/wp-content\\\/uploads\\\/2024\\\/08\\\/Depositphotos_243967718_S.jpg\",\"width\":1000,\"height\":667,\"caption\":\"Foto: Depositphotos\\\/Bareta\"},{\"@type\":\"BreadcrumbList\",\"@id\":\"https:\\\/\\\/news.save.ch\\\/empfehlungen-fuer-eine-zukunftsgerichtete-sicherheitspolitik-studienkommission-legt-ihren-bericht-vor\\\/#breadcrumb\",\"itemListElement\":[{\"@type\":\"ListItem\",\"position\":1,\"name\":\"Home\",\"item\":\"https:\\\/\\\/news.save.ch\\\/de\\\/\"},{\"@type\":\"ListItem\",\"position\":2,\"name\":\"Empfehlungen f\u00fcr eine zukunftsgerichtete Sicherheitspolitik: Studienkommission legt ihren Bericht vor\"}]},{\"@type\":\"WebSite\",\"@id\":\"https:\\\/\\\/news.save.ch\\\/de\\\/#website\",\"url\":\"https:\\\/\\\/news.save.ch\\\/de\\\/\",\"name\":\"Save\",\"description\":\"Schweizer Fachzeitschrift f\u00fcr Sicherheit\",\"publisher\":{\"@id\":\"https:\\\/\\\/news.save.ch\\\/de\\\/#organization\"},\"potentialAction\":[{\"@type\":\"SearchAction\",\"target\":{\"@type\":\"EntryPoint\",\"urlTemplate\":\"https:\\\/\\\/news.save.ch\\\/de\\\/?s={search_term_string}\"},\"query-input\":{\"@type\":\"PropertyValueSpecification\",\"valueRequired\":true,\"valueName\":\"search_term_string\"}}],\"inLanguage\":\"fr-FR\"},{\"@type\":\"Organization\",\"@id\":\"https:\\\/\\\/news.save.ch\\\/de\\\/#organization\",\"name\":\"Sicherheitsforum\",\"url\":\"https:\\\/\\\/news.save.ch\\\/de\\\/\",\"logo\":{\"@type\":\"ImageObject\",\"inLanguage\":\"fr-FR\",\"@id\":\"https:\\\/\\\/news.save.ch\\\/de\\\/#\\\/schema\\\/logo\\\/image\\\/\",\"url\":\"https:\\\/\\\/news.save.ch\\\/wp-content\\\/uploads\\\/2022\\\/06\\\/Logo_SF_2012.png\",\"contentUrl\":\"https:\\\/\\\/news.save.ch\\\/wp-content\\\/uploads\\\/2022\\\/06\\\/Logo_SF_2012.png\",\"width\":1100,\"height\":91,\"caption\":\"Sicherheitsforum\"},\"image\":{\"@id\":\"https:\\\/\\\/news.save.ch\\\/de\\\/#\\\/schema\\\/logo\\\/image\\\/\"}},{\"@type\":\"Person\",\"@id\":\"https:\\\/\\\/news.save.ch\\\/de\\\/#\\\/schema\\\/person\\\/10917387362b3961e882740f6cf6f2a2\",\"name\":\"stefanie Zeng\",\"image\":{\"@type\":\"ImageObject\",\"inLanguage\":\"fr-FR\",\"@id\":\"https:\\\/\\\/secure.gravatar.com\\\/avatar\\\/eac43faa6e40bb2c41068c95c9d78bbd94c476d5efdff7abaab80bb3ea681e06?s=96&d=mm&r=g\",\"url\":\"https:\\\/\\\/secure.gravatar.com\\\/avatar\\\/eac43faa6e40bb2c41068c95c9d78bbd94c476d5efdff7abaab80bb3ea681e06?s=96&d=mm&r=g\",\"contentUrl\":\"https:\\\/\\\/secure.gravatar.com\\\/avatar\\\/eac43faa6e40bb2c41068c95c9d78bbd94c476d5efdff7abaab80bb3ea681e06?s=96&d=mm&r=g\",\"caption\":\"stefanie Zeng\"},\"url\":\"https:\\\/\\\/news.save.ch\\\/fr\\\/author\\\/stefanie-zeng\\\/\"}]}<\/script>\n<!-- \/ Yoast SEO plugin. -->","yoast_head_json":{"title":"Recommandations pour une politique de s\u00e9curit\u00e9 orient\u00e9e vers l'avenir : la commission d'\u00e9tude pr\u00e9sente son rapport - Save","description":"La Commission d'\u00e9tude de la politique de s\u00e9curit\u00e9 \u00e9met des recommandations sur une politique de s\u00e9curit\u00e9 tourn\u00e9e vers l'avenir.","robots":{"index":"index","follow":"follow","max-snippet":"max-snippet:-1","max-image-preview":"max-image-preview:large","max-video-preview":"max-video-preview:-1"},"canonical":"https:\/\/news.save.ch\/fr\/empfehlungen-fuer-eine-zukunftsgerichtete-sicherheitspolitik-studienkommission-legt-ihren-bericht-vor\/","og_locale":"fr_FR","og_type":"article","og_title":"Empfehlungen f\u00fcr eine zukunftsgerichtete Sicherheitspolitik: Studienkommission legt ihren Bericht vor - Save","og_description":"Studienkommission Sicherheitspolitik spricht Empfehlungen zu zukunftsgerichteter Sicherheitspolitik aus.","og_url":"https:\/\/news.save.ch\/fr\/empfehlungen-fuer-eine-zukunftsgerichtete-sicherheitspolitik-studienkommission-legt-ihren-bericht-vor\/","og_site_name":"Save","article_published_time":"2024-08-30T12:51:44+00:00","article_modified_time":"2024-08-30T12:51:51+00:00","og_image":[{"width":1000,"height":667,"url":"https:\/\/news.save.ch\/wp-content\/uploads\/2024\/08\/Depositphotos_243967718_S.jpg","type":"image\/jpeg"}],"author":"stefanie Zeng","twitter_card":"summary_large_image","twitter_misc":{"\u00c9crit par":"stefanie Zeng","Dur\u00e9e de lecture estim\u00e9e":"4 minutes"},"schema":{"@context":"https:\/\/schema.org","@graph":[{"@type":"Article","@id":"https:\/\/news.save.ch\/empfehlungen-fuer-eine-zukunftsgerichtete-sicherheitspolitik-studienkommission-legt-ihren-bericht-vor\/#article","isPartOf":{"@id":"https:\/\/news.save.ch\/empfehlungen-fuer-eine-zukunftsgerichtete-sicherheitspolitik-studienkommission-legt-ihren-bericht-vor\/"},"author":{"name":"stefanie Zeng","@id":"https:\/\/news.save.ch\/de\/#\/schema\/person\/10917387362b3961e882740f6cf6f2a2"},"headline":"Empfehlungen f\u00fcr eine zukunftsgerichtete Sicherheitspolitik: Studienkommission legt ihren Bericht vor","datePublished":"2024-08-30T12:51:44+00:00","dateModified":"2024-08-30T12:51:51+00:00","mainEntityOfPage":{"@id":"https:\/\/news.save.ch\/empfehlungen-fuer-eine-zukunftsgerichtete-sicherheitspolitik-studienkommission-legt-ihren-bericht-vor\/"},"wordCount":639,"publisher":{"@id":"https:\/\/news.save.ch\/de\/#organization"},"image":{"@id":"https:\/\/news.save.ch\/empfehlungen-fuer-eine-zukunftsgerichtete-sicherheitspolitik-studienkommission-legt-ihren-bericht-vor\/#primaryimage"},"thumbnailUrl":"https:\/\/news.save.ch\/wp-content\/uploads\/2024\/08\/Depositphotos_243967718_S.jpg","keywords":["Sicherheitspolitik"],"articleSection":["SICHERHEIT"],"inLanguage":"fr-FR"},{"@type":"WebPage","@id":"https:\/\/news.save.ch\/empfehlungen-fuer-eine-zukunftsgerichtete-sicherheitspolitik-studienkommission-legt-ihren-bericht-vor\/","url":"https:\/\/news.save.ch\/empfehlungen-fuer-eine-zukunftsgerichtete-sicherheitspolitik-studienkommission-legt-ihren-bericht-vor\/","name":"Recommandations pour une politique de s\u00e9curit\u00e9 orient\u00e9e vers l'avenir : la commission d'\u00e9tude pr\u00e9sente son rapport - Save","isPartOf":{"@id":"https:\/\/news.save.ch\/de\/#website"},"primaryImageOfPage":{"@id":"https:\/\/news.save.ch\/empfehlungen-fuer-eine-zukunftsgerichtete-sicherheitspolitik-studienkommission-legt-ihren-bericht-vor\/#primaryimage"},"image":{"@id":"https:\/\/news.save.ch\/empfehlungen-fuer-eine-zukunftsgerichtete-sicherheitspolitik-studienkommission-legt-ihren-bericht-vor\/#primaryimage"},"thumbnailUrl":"https:\/\/news.save.ch\/wp-content\/uploads\/2024\/08\/Depositphotos_243967718_S.jpg","datePublished":"2024-08-30T12:51:44+00:00","dateModified":"2024-08-30T12:51:51+00:00","description":"La Commission d'\u00e9tude de la politique de s\u00e9curit\u00e9 \u00e9met des recommandations sur une politique de s\u00e9curit\u00e9 tourn\u00e9e vers l'avenir.","breadcrumb":{"@id":"https:\/\/news.save.ch\/empfehlungen-fuer-eine-zukunftsgerichtete-sicherheitspolitik-studienkommission-legt-ihren-bericht-vor\/#breadcrumb"},"inLanguage":"fr-FR","potentialAction":[{"@type":"ReadAction","target":["https:\/\/news.save.ch\/empfehlungen-fuer-eine-zukunftsgerichtete-sicherheitspolitik-studienkommission-legt-ihren-bericht-vor\/"]}]},{"@type":"ImageObject","inLanguage":"fr-FR","@id":"https:\/\/news.save.ch\/empfehlungen-fuer-eine-zukunftsgerichtete-sicherheitspolitik-studienkommission-legt-ihren-bericht-vor\/#primaryimage","url":"https:\/\/news.save.ch\/wp-content\/uploads\/2024\/08\/Depositphotos_243967718_S.jpg","contentUrl":"https:\/\/news.save.ch\/wp-content\/uploads\/2024\/08\/Depositphotos_243967718_S.jpg","width":1000,"height":667,"caption":"Foto: Depositphotos\/Bareta"},{"@type":"BreadcrumbList","@id":"https:\/\/news.save.ch\/empfehlungen-fuer-eine-zukunftsgerichtete-sicherheitspolitik-studienkommission-legt-ihren-bericht-vor\/#breadcrumb","itemListElement":[{"@type":"ListItem","position":1,"name":"Home","item":"https:\/\/news.save.ch\/de\/"},{"@type":"ListItem","position":2,"name":"Empfehlungen f\u00fcr eine zukunftsgerichtete Sicherheitspolitik: Studienkommission legt ihren Bericht vor"}]},{"@type":"WebSite","@id":"https:\/\/news.save.ch\/de\/#website","url":"https:\/\/news.save.ch\/de\/","name":"Save","description":"Revue suisse sp\u00e9cialis\u00e9e dans la s\u00e9curit\u00e9","publisher":{"@id":"https:\/\/news.save.ch\/de\/#organization"},"potentialAction":[{"@type":"SearchAction","target":{"@type":"EntryPoint","urlTemplate":"https:\/\/news.save.ch\/de\/?s={search_term_string}"},"query-input":{"@type":"PropertyValueSpecification","valueRequired":true,"valueName":"search_term_string"}}],"inLanguage":"fr-FR"},{"@type":"Organization","@id":"https:\/\/news.save.ch\/de\/#organization","name":"Forum sur la s\u00e9curit\u00e9","url":"https:\/\/news.save.ch\/de\/","logo":{"@type":"ImageObject","inLanguage":"fr-FR","@id":"https:\/\/news.save.ch\/de\/#\/schema\/logo\/image\/","url":"https:\/\/news.save.ch\/wp-content\/uploads\/2022\/06\/Logo_SF_2012.png","contentUrl":"https:\/\/news.save.ch\/wp-content\/uploads\/2022\/06\/Logo_SF_2012.png","width":1100,"height":91,"caption":"Sicherheitsforum"},"image":{"@id":"https:\/\/news.save.ch\/de\/#\/schema\/logo\/image\/"}},{"@type":"Person","@id":"https:\/\/news.save.ch\/de\/#\/schema\/person\/10917387362b3961e882740f6cf6f2a2","name":"stefanie Zeng","image":{"@type":"ImageObject","inLanguage":"fr-FR","@id":"https:\/\/secure.gravatar.com\/avatar\/eac43faa6e40bb2c41068c95c9d78bbd94c476d5efdff7abaab80bb3ea681e06?s=96&d=mm&r=g","url":"https:\/\/secure.gravatar.com\/avatar\/eac43faa6e40bb2c41068c95c9d78bbd94c476d5efdff7abaab80bb3ea681e06?s=96&d=mm&r=g","contentUrl":"https:\/\/secure.gravatar.com\/avatar\/eac43faa6e40bb2c41068c95c9d78bbd94c476d5efdff7abaab80bb3ea681e06?s=96&d=mm&r=g","caption":"stefanie Zeng"},"url":"https:\/\/news.save.ch\/fr\/author\/stefanie-zeng\/"}]}},"_links":{"self":[{"href":"https:\/\/news.save.ch\/fr\/wp-json\/wp\/v2\/posts\/23478","targetHints":{"allow":["GET"]}}],"collection":[{"href":"https:\/\/news.save.ch\/fr\/wp-json\/wp\/v2\/posts"}],"about":[{"href":"https:\/\/news.save.ch\/fr\/wp-json\/wp\/v2\/types\/post"}],"author":[{"embeddable":true,"href":"https:\/\/news.save.ch\/fr\/wp-json\/wp\/v2\/users\/31"}],"replies":[{"embeddable":true,"href":"https:\/\/news.save.ch\/fr\/wp-json\/wp\/v2\/comments?post=23478"}],"version-history":[{"count":2,"href":"https:\/\/news.save.ch\/fr\/wp-json\/wp\/v2\/posts\/23478\/revisions"}],"predecessor-version":[{"id":23481,"href":"https:\/\/news.save.ch\/fr\/wp-json\/wp\/v2\/posts\/23478\/revisions\/23481"}],"wp:featuredmedia":[{"embeddable":true,"href":"https:\/\/news.save.ch\/fr\/wp-json\/wp\/v2\/media\/23479"}],"wp:attachment":[{"href":"https:\/\/news.save.ch\/fr\/wp-json\/wp\/v2\/media?parent=23478"}],"wp:term":[{"taxonomy":"category","embeddable":true,"href":"https:\/\/news.save.ch\/fr\/wp-json\/wp\/v2\/categories?post=23478"},{"taxonomy":"post_tag","embeddable":true,"href":"https:\/\/news.save.ch\/fr\/wp-json\/wp\/v2\/tags?post=23478"}],"curies":[{"name":"wp","href":"https:\/\/api.w.org\/{rel}","templated":true}]}}