{"id":2355,"date":"2016-08-30T09:02:51","date_gmt":"2016-08-30T07:02:51","guid":{"rendered":"https:\/\/dev.sicherheitsforum.ch\/?p=2355"},"modified":"2016-08-30T09:02:51","modified_gmt":"2016-08-30T07:02:51","slug":"asylzentrum-bericht-entlastet-sicherheitsfirma","status":null,"type":"post","link":"https:\/\/news.save.ch\/fr\/asylzentrum-bericht-entlastet-sicherheitsfirma\/","title":{"rendered":"Centre de requ\u00e9rants d'asile : un rapport disculpe l'entreprise de s\u00e9curit\u00e9"},"content":{"rendered":"<figure id=\"attachment_2359\" aria-describedby=\"caption-attachment-2359\" style=\"width: 680px\" class=\"wp-caption alignnone\"><img loading=\"lazy\" decoding=\"async\" class=\"size-medium wp-image-2359\" src=\"https:\/\/news.save.ch\/wp-content\/uploads\/2016\/12\/Asylzentrum-Bericht-entlastet-Sicherheitsfirma_sicherheitsforum.jpg\" alt=\"\" width=\"680\" height=\"453\" srcset=\"https:\/\/news.save.ch\/wp-content\/uploads\/2016\/12\/Asylzentrum-Bericht-entlastet-Sicherheitsfirma_sicherheitsforum.jpg 1000w, https:\/\/news.save.ch\/wp-content\/uploads\/2016\/12\/Asylzentrum-Bericht-entlastet-Sicherheitsfirma_sicherheitsforum-375x250.jpg 375w\" sizes=\"auto, (max-width: 680px) 100vw, 680px\" \/><figcaption id=\"caption-attachment-2359\" class=\"wp-caption-text\">Les r\u00e9fugi\u00e9s ont-ils \u00e9t\u00e9 maltrait\u00e9s ? \u00a9depositphotos<\/figcaption><\/figure>\n<p>Le 17 janvier 2016, la \"SonntagsZeitung\" de la maison TA-Media a publi\u00e9 un reportage sous couverture du centre d'enregistrement et de proc\u00e9dure de Kreuzlingen, qui contenait de graves accusations, notamment \u00e0 l'encontre du personnel de s\u00e9curit\u00e9 du centre. Le secr\u00e9taire d'Etat Mario Gattiker a donc fait examiner les reproches en externe. L'ancien juge f\u00e9d\u00e9ral Michel F\u00e9raud a \u00e9t\u00e9 charg\u00e9 de cette t\u00e2che et a maintenant son <a href=\"https:\/\/www.sem.admin.ch\/dam\/data\/sem\/publiservice\/berichte\/ber-feraud-evzk-d.pdf\" target=\"_blank\" rel=\"noreferrer noopener\" data-cke-saved-href=\"https:\/\/www.sem.admin.ch\/dam\/data\/sem\/publiservice\/berichte\/ber-feraud-evzk-d.pdf\">Rapport <\/a>pr\u00e9sent\u00e9.<\/p>\n<p><strong>Pas d'indices de violence syst\u00e9matique<\/strong><\/p>\n<p>Selon F\u00e9raud, il n'y a pas d'indices concrets que des requ\u00e9rants d'asile aient \u00e9t\u00e9 battus ou aient subi d'autres mauvais traitements physiques au centre d'enregistrement et de proc\u00e9dure (CEP) de Kreuzlingen, comme l'\u00e9crit le SEM. Il n'existe pas de pi\u00e8ce dans laquelle les requ\u00e9rants d'asile sont battus, comme cela a \u00e9t\u00e9 colport\u00e9 dans le reportage.<\/p>\n<p>L'auteur de l'article de presse pr\u00e9tend que des terroristes, des passeurs et des trafiquants de drogue s'infiltreraient dans les centres d'asile de la Conf\u00e9d\u00e9ration sans \u00eatre d\u00e9couverts. Ces accusations se sont toutes av\u00e9r\u00e9es infond\u00e9es et sans fondement, comme le pr\u00e9cise par ailleurs le communiqu\u00e9.<\/p>\n<p>L'ancien juge f\u00e9d\u00e9ral F\u00e9raud aurait examin\u00e9 huit incidents concrets. Ils concernent des reproches selon lesquels le personnel de s\u00e9curit\u00e9 aurait fait un usage inadmissible de la force physique. Dans trois cas, le comportement agressif de requ\u00e9rants d'asile aurait cr\u00e9\u00e9 une situation de danger, raison pour laquelle le personnel aurait d\u00fb intervenir physiquement - \u00e9galement pour se prot\u00e9ger et prot\u00e9ger des tiers. Dans l'un de ces cas, une proc\u00e9dure est encore en cours. Dans cinq cas, le soup\u00e7on de recours \u00e0 la violence ne s'est pas confirm\u00e9. En revanche, le rapport fait \u00e9tat d'un d\u00e9rapage verbal dans un cas et d'une mesure disproportionn\u00e9e dans un autre. Il s'agit d'un requ\u00e9rant d'asile qui a d\u00fb rester dehors pendant 20 minutes par des temp\u00e9ratures basses. Le SEM prend ces critiques au s\u00e9rieux. Le secr\u00e9taire d'Etat Mario Gattiker a insist\u00e9 aupr\u00e8s de la direction du prestataire de services de s\u00e9curit\u00e9 pour que le traitement des requ\u00e9rants d'asile soit dans tous les cas \u00e9quitable, respectueux et proportionn\u00e9.<\/p>\n<p><strong>Recommandations en mati\u00e8re de formation continue<\/strong><\/p>\n<p>En ce qui concerne le personnel de s\u00e9curit\u00e9 engag\u00e9 au CEP de Kreuzlingen, l'ancien juge f\u00e9d\u00e9ral F\u00e9raud estime qu'il n'existe aucun indice selon lequel l'entreprise de s\u00e9curit\u00e9 ne respecterait pas la convention-cadre ou n'aurait pas \u00e9t\u00e9 en mesure de remplir le mandat qu'elle a accept\u00e9. Les reproches formul\u00e9s par le journaliste dans ce contexte, selon lesquels les collaborateurs de Securitas pr\u00e9senteraient des d\u00e9ficits dans leurs relations avec les musulmans, sont infond\u00e9s, selon le communiqu\u00e9 de presse du SEM.<\/p>\n<p>Dans son rapport, l'ancien juge f\u00e9d\u00e9ral F\u00e9raud \u00e9met \u00e9galement des recommandations. En ce qui concerne la gestion des requ\u00e9rants d'asile fortement traumatis\u00e9s ou r\u00e9calcitrants et la ma\u00eetrise des altercations entre requ\u00e9rants d'asile, il convient d'accorder une attention particuli\u00e8re \u00e0 la formation continue, comme l'exige l'accord-cadre entre le SEM et Securitas SA.<\/p>\n<p>Le concept d'assurance qualit\u00e9 et de contr\u00f4le de gestion du SEM pr\u00e9voit que les prestataires de services de s\u00e9curit\u00e9 rendent compte une fois par an des formations et des formations continues effectu\u00e9es. Michel F\u00e9raud recommande d'accorder une attention particuli\u00e8re aux rapports correspondants sur les formations continues et d'assurer en outre une qualit\u00e9 \u00e9lev\u00e9e des mesures de formation continue. Ces recommandations ont d\u00e9j\u00e0 \u00e9t\u00e9 int\u00e9gr\u00e9es dans les processus, est-il pr\u00e9cis\u00e9. En outre, dans le cadre d'un projet pilote pr\u00e9vu en 2015, le personnel d'encadrement devait \u00e9galement \u00eatre pr\u00e9sent dans le centre pendant les heures de nuit pour soutenir le service de s\u00e9curit\u00e9. Ce projet a \u00e9t\u00e9 suspendu tant que l'ancien juge f\u00e9d\u00e9ral F\u00e9raud enqu\u00eatait sur les faits reproch\u00e9s. Il est maintenant relanc\u00e9 \u00e0 Kreuzlingen, comme l'\u00e9crit le SEM en conclusion.<\/p>","protected":false},"excerpt":{"rendered":"<p>Die \u201eSonntagsZeitung\u201c aus dem Hause TA-Media publizierte am 17. Januar 2016 eine Undercover-Reportage aus dem Empfangs- und Verfahrenszentrum Kreuzlingen, die gravierende Anschuldigungen insbesondere gegen\u00fcber dem Sicherheitspersonal im Zentrum enthielt. Staatssekret\u00e4r Mario Gattiker liess deshalb die Vorw\u00fcrfe extern untersuchen. Alt-Bundesrichter Michel F\u00e9raud wurde mit dieser Aufgabe betraut und hat nun seinen Bericht vorgelegt. Keine Hinweise auf [&hellip;]<\/p>\n","protected":false},"author":1,"featured_media":2359,"comment_status":"open","ping_status":"open","sticky":false,"template":"","format":"standard","meta":{"_acf_changed":false,"pgc_sgb_lightbox_settings":"","footnotes":""},"categories":[1],"tags":[69,65],"class_list":["post-2355","post","type-post","status-publish","format-standard","has-post-thumbnail","hentry","category-allgemein","tag-justiz-polizei","tag-unternehmen"],"acf":[],"hkrextid":null,"publication":null,"issue":null,"workflow":null,"startPage":null,"spitzmarke":null,"_posts_by_tag_page_fields":{"widget_title":"","widget_tags":""},"_at_widget":"1","_yoast_wpseo_primary_category":"","_yoast_wpseo_focuskw_text_input":"Asylzentrum","_yoast_wpseo_opengraph-image":"https:\/\/news.save.ch\/wp-content\/uploads\/2016\/12\/Asylzentrum-Bericht-entlastet-Sicherheitsfirma_sicherheitsforum.jpg","_yoast_wpseo_opengraph-description":"Im Januar 2016 erhob ein Journalist in der \u201eSonntagsZeitung\u201c schwerwiegende Vorw\u00fcrfe gegen das Sicherheitspersonal im Empfangs- und Verfahrenszentrum Kreuzlingen. Das Staatssekretariat f\u00fcr Migration, kurz SEM, liess diese Vorw\u00fcrfe von Alt-Bundesrichter Michel F\u00e9raud untersuchen. Der nun vorliegende Bericht entlaste die Sicherheitsfirma sowie das SEM, enth\u00e4lt aber Empfehlungen, wie gewisse interne Abl\u00e4ufe optimiert werden k\u00f6nnen, schreibt das SEM.","_yoast_wpseo_opengraph-title":"Asylzentrum: Bericht entlastet Sicherheitsfirma","enclosure":null,"_yoast_wpseo_twitter-title":null,"_yoast_wpseo_twitter-description":null,"_yoast_wpseo_twitter-image":null,"_wp_old_slug":null,"_yoast_wpseo_title":null,"_yoast_wpseo_canonical":null,"yoast_head":"<!-- This site is optimized with the Yoast SEO plugin v27.5 - https:\/\/yoast.com\/product\/yoast-seo-wordpress\/ -->\n<title>Asylzentrum: Bericht entlastet Sicherheitsfirma - Save<\/title>\n<meta name=\"description\" content=\"Im Januar 2016 erhob ein Journalist in der \u201eSonntagsZeitung\u201c schwerwiegende Vorw\u00fcrfe gegen das Sicherheitspersonal im Asylzentrum Kreuzlingen.\" \/>\n<meta name=\"robots\" content=\"index, follow, max-snippet:-1, max-image-preview:large, max-video-preview:-1\" \/>\n<link rel=\"canonical\" href=\"https:\/\/news.save.ch\/fr\/asylzentrum-bericht-entlastet-sicherheitsfirma\/\" \/>\n<meta property=\"og:locale\" content=\"fr_FR\" \/>\n<meta property=\"og:type\" content=\"article\" \/>\n<meta property=\"og:title\" content=\"Asylzentrum: Bericht entlastet Sicherheitsfirma\" \/>\n<meta property=\"og:description\" content=\"Im Januar 2016 erhob ein Journalist in der \u201eSonntagsZeitung\u201c schwerwiegende Vorw\u00fcrfe gegen das Sicherheitspersonal im Empfangs- und Verfahrenszentrum Kreuzlingen. Das Staatssekretariat f\u00fcr Migration, kurz SEM, liess diese Vorw\u00fcrfe von Alt-Bundesrichter Michel F\u00e9raud untersuchen. Der nun vorliegende Bericht entlaste die Sicherheitsfirma sowie das SEM, enth\u00e4lt aber Empfehlungen, wie gewisse interne Abl\u00e4ufe optimiert werden k\u00f6nnen, schreibt das SEM.\" \/>\n<meta property=\"og:url\" content=\"https:\/\/news.save.ch\/fr\/asylzentrum-bericht-entlastet-sicherheitsfirma\/\" \/>\n<meta property=\"og:site_name\" content=\"Save\" \/>\n<meta property=\"article:published_time\" content=\"2016-08-30T07:02:51+00:00\" \/>\n<meta property=\"og:image\" content=\"https:\/\/news.save.ch\/wp-content\/uploads\/2016\/12\/Asylzentrum-Bericht-entlastet-Sicherheitsfirma_sicherheitsforum.jpg\" \/>\n<meta name=\"author\" content=\"admin\" \/>\n<meta name=\"twitter:card\" content=\"summary_large_image\" \/>\n<meta name=\"twitter:label1\" content=\"\u00c9crit par\" \/>\n\t<meta name=\"twitter:data1\" content=\"admin\" \/>\n\t<meta name=\"twitter:label2\" content=\"Dur\u00e9e de lecture estim\u00e9e\" \/>\n\t<meta name=\"twitter:data2\" content=\"3 minutes\" \/>\n<script type=\"application\/ld+json\" class=\"yoast-schema-graph\">{\"@context\":\"https:\\\/\\\/schema.org\",\"@graph\":[{\"@type\":\"Article\",\"@id\":\"https:\\\/\\\/news.save.ch\\\/asylzentrum-bericht-entlastet-sicherheitsfirma\\\/#article\",\"isPartOf\":{\"@id\":\"https:\\\/\\\/news.save.ch\\\/asylzentrum-bericht-entlastet-sicherheitsfirma\\\/\"},\"author\":{\"name\":\"admin\",\"@id\":\"https:\\\/\\\/news.save.ch\\\/de\\\/#\\\/schema\\\/person\\\/d49e199490bad7c70d64b9ab51142f2b\"},\"headline\":\"Asylzentrum: Bericht entlastet Sicherheitsfirma\",\"datePublished\":\"2016-08-30T07:02:51+00:00\",\"mainEntityOfPage\":{\"@id\":\"https:\\\/\\\/news.save.ch\\\/asylzentrum-bericht-entlastet-sicherheitsfirma\\\/\"},\"wordCount\":532,\"commentCount\":0,\"publisher\":{\"@id\":\"https:\\\/\\\/news.save.ch\\\/de\\\/#organization\"},\"image\":{\"@id\":\"https:\\\/\\\/news.save.ch\\\/asylzentrum-bericht-entlastet-sicherheitsfirma\\\/#primaryimage\"},\"thumbnailUrl\":\"https:\\\/\\\/news.save.ch\\\/wp-content\\\/uploads\\\/2016\\\/12\\\/Asylzentrum-Bericht-entlastet-Sicherheitsfirma_sicherheitsforum.jpg\",\"keywords\":[\"Justiz &amp; Polizei\",\"Unternehmen\"],\"articleSection\":[\"ALLGEMEIN\"],\"inLanguage\":\"fr-FR\"},{\"@type\":\"WebPage\",\"@id\":\"https:\\\/\\\/news.save.ch\\\/asylzentrum-bericht-entlastet-sicherheitsfirma\\\/\",\"url\":\"https:\\\/\\\/news.save.ch\\\/asylzentrum-bericht-entlastet-sicherheitsfirma\\\/\",\"name\":\"Asylzentrum: Bericht entlastet Sicherheitsfirma - Save\",\"isPartOf\":{\"@id\":\"https:\\\/\\\/news.save.ch\\\/de\\\/#website\"},\"primaryImageOfPage\":{\"@id\":\"https:\\\/\\\/news.save.ch\\\/asylzentrum-bericht-entlastet-sicherheitsfirma\\\/#primaryimage\"},\"image\":{\"@id\":\"https:\\\/\\\/news.save.ch\\\/asylzentrum-bericht-entlastet-sicherheitsfirma\\\/#primaryimage\"},\"thumbnailUrl\":\"https:\\\/\\\/news.save.ch\\\/wp-content\\\/uploads\\\/2016\\\/12\\\/Asylzentrum-Bericht-entlastet-Sicherheitsfirma_sicherheitsforum.jpg\",\"datePublished\":\"2016-08-30T07:02:51+00:00\",\"description\":\"Im Januar 2016 erhob ein Journalist in der \u201eSonntagsZeitung\u201c schwerwiegende Vorw\u00fcrfe gegen das Sicherheitspersonal im Asylzentrum Kreuzlingen.\",\"breadcrumb\":{\"@id\":\"https:\\\/\\\/news.save.ch\\\/asylzentrum-bericht-entlastet-sicherheitsfirma\\\/#breadcrumb\"},\"inLanguage\":\"fr-FR\",\"potentialAction\":[{\"@type\":\"ReadAction\",\"target\":[\"https:\\\/\\\/news.save.ch\\\/asylzentrum-bericht-entlastet-sicherheitsfirma\\\/\"]}]},{\"@type\":\"ImageObject\",\"inLanguage\":\"fr-FR\",\"@id\":\"https:\\\/\\\/news.save.ch\\\/asylzentrum-bericht-entlastet-sicherheitsfirma\\\/#primaryimage\",\"url\":\"https:\\\/\\\/news.save.ch\\\/wp-content\\\/uploads\\\/2016\\\/12\\\/Asylzentrum-Bericht-entlastet-Sicherheitsfirma_sicherheitsforum.jpg\",\"contentUrl\":\"https:\\\/\\\/news.save.ch\\\/wp-content\\\/uploads\\\/2016\\\/12\\\/Asylzentrum-Bericht-entlastet-Sicherheitsfirma_sicherheitsforum.jpg\",\"width\":1000,\"height\":666,\"caption\":\"Wurden Fl\u00fcchtlinge schlecht behandelt? \u00a9depositphotos\"},{\"@type\":\"BreadcrumbList\",\"@id\":\"https:\\\/\\\/news.save.ch\\\/asylzentrum-bericht-entlastet-sicherheitsfirma\\\/#breadcrumb\",\"itemListElement\":[{\"@type\":\"ListItem\",\"position\":1,\"name\":\"Home\",\"item\":\"https:\\\/\\\/news.save.ch\\\/de\\\/\"},{\"@type\":\"ListItem\",\"position\":2,\"name\":\"Asylzentrum: Bericht entlastet Sicherheitsfirma\"}]},{\"@type\":\"WebSite\",\"@id\":\"https:\\\/\\\/news.save.ch\\\/de\\\/#website\",\"url\":\"https:\\\/\\\/news.save.ch\\\/de\\\/\",\"name\":\"Save\",\"description\":\"Schweizer Fachzeitschrift f\u00fcr Sicherheit\",\"publisher\":{\"@id\":\"https:\\\/\\\/news.save.ch\\\/de\\\/#organization\"},\"potentialAction\":[{\"@type\":\"SearchAction\",\"target\":{\"@type\":\"EntryPoint\",\"urlTemplate\":\"https:\\\/\\\/news.save.ch\\\/de\\\/?s={search_term_string}\"},\"query-input\":{\"@type\":\"PropertyValueSpecification\",\"valueRequired\":true,\"valueName\":\"search_term_string\"}}],\"inLanguage\":\"fr-FR\"},{\"@type\":\"Organization\",\"@id\":\"https:\\\/\\\/news.save.ch\\\/de\\\/#organization\",\"name\":\"Sicherheitsforum\",\"url\":\"https:\\\/\\\/news.save.ch\\\/de\\\/\",\"logo\":{\"@type\":\"ImageObject\",\"inLanguage\":\"fr-FR\",\"@id\":\"https:\\\/\\\/news.save.ch\\\/de\\\/#\\\/schema\\\/logo\\\/image\\\/\",\"url\":\"https:\\\/\\\/news.save.ch\\\/wp-content\\\/uploads\\\/2022\\\/06\\\/Logo_SF_2012.png\",\"contentUrl\":\"https:\\\/\\\/news.save.ch\\\/wp-content\\\/uploads\\\/2022\\\/06\\\/Logo_SF_2012.png\",\"width\":1100,\"height\":91,\"caption\":\"Sicherheitsforum\"},\"image\":{\"@id\":\"https:\\\/\\\/news.save.ch\\\/de\\\/#\\\/schema\\\/logo\\\/image\\\/\"}},{\"@type\":\"Person\",\"@id\":\"https:\\\/\\\/news.save.ch\\\/de\\\/#\\\/schema\\\/person\\\/d49e199490bad7c70d64b9ab51142f2b\",\"name\":\"admin\",\"image\":{\"@type\":\"ImageObject\",\"inLanguage\":\"fr-FR\",\"@id\":\"https:\\\/\\\/secure.gravatar.com\\\/avatar\\\/ae2f4d718e6c49043e314ce431e7e645d646302a24a5ef5a8bc8e3f5a032e319?s=96&d=mm&r=g\",\"url\":\"https:\\\/\\\/secure.gravatar.com\\\/avatar\\\/ae2f4d718e6c49043e314ce431e7e645d646302a24a5ef5a8bc8e3f5a032e319?s=96&d=mm&r=g\",\"contentUrl\":\"https:\\\/\\\/secure.gravatar.com\\\/avatar\\\/ae2f4d718e6c49043e314ce431e7e645d646302a24a5ef5a8bc8e3f5a032e319?s=96&d=mm&r=g\",\"caption\":\"admin\"},\"sameAs\":[\"https:\\\/\\\/develop.organisator.galledia.ch\"],\"url\":\"https:\\\/\\\/news.save.ch\\\/fr\\\/author\\\/admin\\\/\"}]}<\/script>\n<!-- \/ Yoast SEO plugin. -->","yoast_head_json":{"title":"Centre de requ\u00e9rants d'asile : un rapport disculpe l'entreprise de s\u00e9curit\u00e9 - Save","description":"En janvier 2016, un journaliste a formul\u00e9 dans le \"SonntagsZeitung\" de graves accusations contre le personnel de s\u00e9curit\u00e9 du centre de requ\u00e9rants d'asile de Kreuzlingen.","robots":{"index":"index","follow":"follow","max-snippet":"max-snippet:-1","max-image-preview":"max-image-preview:large","max-video-preview":"max-video-preview:-1"},"canonical":"https:\/\/news.save.ch\/fr\/asylzentrum-bericht-entlastet-sicherheitsfirma\/","og_locale":"fr_FR","og_type":"article","og_title":"Asylzentrum: Bericht entlastet Sicherheitsfirma","og_description":"Im Januar 2016 erhob ein Journalist in der \u201eSonntagsZeitung\u201c schwerwiegende Vorw\u00fcrfe gegen das Sicherheitspersonal im Empfangs- und Verfahrenszentrum Kreuzlingen. Das Staatssekretariat f\u00fcr Migration, kurz SEM, liess diese Vorw\u00fcrfe von Alt-Bundesrichter Michel F\u00e9raud untersuchen. Der nun vorliegende Bericht entlaste die Sicherheitsfirma sowie das SEM, enth\u00e4lt aber Empfehlungen, wie gewisse interne Abl\u00e4ufe optimiert werden k\u00f6nnen, schreibt das SEM.","og_url":"https:\/\/news.save.ch\/fr\/asylzentrum-bericht-entlastet-sicherheitsfirma\/","og_site_name":"Save","article_published_time":"2016-08-30T07:02:51+00:00","og_image":[{"url":"https:\/\/news.save.ch\/wp-content\/uploads\/2016\/12\/Asylzentrum-Bericht-entlastet-Sicherheitsfirma_sicherheitsforum.jpg","type":"","width":"","height":""}],"author":"admin","twitter_card":"summary_large_image","twitter_misc":{"\u00c9crit par":"admin","Dur\u00e9e de lecture estim\u00e9e":"3 minutes"},"schema":{"@context":"https:\/\/schema.org","@graph":[{"@type":"Article","@id":"https:\/\/news.save.ch\/asylzentrum-bericht-entlastet-sicherheitsfirma\/#article","isPartOf":{"@id":"https:\/\/news.save.ch\/asylzentrum-bericht-entlastet-sicherheitsfirma\/"},"author":{"name":"admin","@id":"https:\/\/news.save.ch\/de\/#\/schema\/person\/d49e199490bad7c70d64b9ab51142f2b"},"headline":"Asylzentrum: Bericht entlastet Sicherheitsfirma","datePublished":"2016-08-30T07:02:51+00:00","mainEntityOfPage":{"@id":"https:\/\/news.save.ch\/asylzentrum-bericht-entlastet-sicherheitsfirma\/"},"wordCount":532,"commentCount":0,"publisher":{"@id":"https:\/\/news.save.ch\/de\/#organization"},"image":{"@id":"https:\/\/news.save.ch\/asylzentrum-bericht-entlastet-sicherheitsfirma\/#primaryimage"},"thumbnailUrl":"https:\/\/news.save.ch\/wp-content\/uploads\/2016\/12\/Asylzentrum-Bericht-entlastet-Sicherheitsfirma_sicherheitsforum.jpg","keywords":["Justiz &amp; Polizei","Unternehmen"],"articleSection":["ALLGEMEIN"],"inLanguage":"fr-FR"},{"@type":"WebPage","@id":"https:\/\/news.save.ch\/asylzentrum-bericht-entlastet-sicherheitsfirma\/","url":"https:\/\/news.save.ch\/asylzentrum-bericht-entlastet-sicherheitsfirma\/","name":"Centre de requ\u00e9rants d'asile : un rapport disculpe l'entreprise de s\u00e9curit\u00e9 - Save","isPartOf":{"@id":"https:\/\/news.save.ch\/de\/#website"},"primaryImageOfPage":{"@id":"https:\/\/news.save.ch\/asylzentrum-bericht-entlastet-sicherheitsfirma\/#primaryimage"},"image":{"@id":"https:\/\/news.save.ch\/asylzentrum-bericht-entlastet-sicherheitsfirma\/#primaryimage"},"thumbnailUrl":"https:\/\/news.save.ch\/wp-content\/uploads\/2016\/12\/Asylzentrum-Bericht-entlastet-Sicherheitsfirma_sicherheitsforum.jpg","datePublished":"2016-08-30T07:02:51+00:00","description":"En janvier 2016, un journaliste a formul\u00e9 dans le \"SonntagsZeitung\" de graves accusations contre le personnel de s\u00e9curit\u00e9 du centre de requ\u00e9rants d'asile de Kreuzlingen.","breadcrumb":{"@id":"https:\/\/news.save.ch\/asylzentrum-bericht-entlastet-sicherheitsfirma\/#breadcrumb"},"inLanguage":"fr-FR","potentialAction":[{"@type":"ReadAction","target":["https:\/\/news.save.ch\/asylzentrum-bericht-entlastet-sicherheitsfirma\/"]}]},{"@type":"ImageObject","inLanguage":"fr-FR","@id":"https:\/\/news.save.ch\/asylzentrum-bericht-entlastet-sicherheitsfirma\/#primaryimage","url":"https:\/\/news.save.ch\/wp-content\/uploads\/2016\/12\/Asylzentrum-Bericht-entlastet-Sicherheitsfirma_sicherheitsforum.jpg","contentUrl":"https:\/\/news.save.ch\/wp-content\/uploads\/2016\/12\/Asylzentrum-Bericht-entlastet-Sicherheitsfirma_sicherheitsforum.jpg","width":1000,"height":666,"caption":"Wurden Fl\u00fcchtlinge schlecht behandelt? \u00a9depositphotos"},{"@type":"BreadcrumbList","@id":"https:\/\/news.save.ch\/asylzentrum-bericht-entlastet-sicherheitsfirma\/#breadcrumb","itemListElement":[{"@type":"ListItem","position":1,"name":"Home","item":"https:\/\/news.save.ch\/de\/"},{"@type":"ListItem","position":2,"name":"Asylzentrum: Bericht entlastet Sicherheitsfirma"}]},{"@type":"WebSite","@id":"https:\/\/news.save.ch\/de\/#website","url":"https:\/\/news.save.ch\/de\/","name":"Save","description":"Revue suisse sp\u00e9cialis\u00e9e dans la s\u00e9curit\u00e9","publisher":{"@id":"https:\/\/news.save.ch\/de\/#organization"},"potentialAction":[{"@type":"SearchAction","target":{"@type":"EntryPoint","urlTemplate":"https:\/\/news.save.ch\/de\/?s={search_term_string}"},"query-input":{"@type":"PropertyValueSpecification","valueRequired":true,"valueName":"search_term_string"}}],"inLanguage":"fr-FR"},{"@type":"Organization","@id":"https:\/\/news.save.ch\/de\/#organization","name":"Forum sur la s\u00e9curit\u00e9","url":"https:\/\/news.save.ch\/de\/","logo":{"@type":"ImageObject","inLanguage":"fr-FR","@id":"https:\/\/news.save.ch\/de\/#\/schema\/logo\/image\/","url":"https:\/\/news.save.ch\/wp-content\/uploads\/2022\/06\/Logo_SF_2012.png","contentUrl":"https:\/\/news.save.ch\/wp-content\/uploads\/2022\/06\/Logo_SF_2012.png","width":1100,"height":91,"caption":"Sicherheitsforum"},"image":{"@id":"https:\/\/news.save.ch\/de\/#\/schema\/logo\/image\/"}},{"@type":"Person","@id":"https:\/\/news.save.ch\/de\/#\/schema\/person\/d49e199490bad7c70d64b9ab51142f2b","name":"admin","image":{"@type":"ImageObject","inLanguage":"fr-FR","@id":"https:\/\/secure.gravatar.com\/avatar\/ae2f4d718e6c49043e314ce431e7e645d646302a24a5ef5a8bc8e3f5a032e319?s=96&d=mm&r=g","url":"https:\/\/secure.gravatar.com\/avatar\/ae2f4d718e6c49043e314ce431e7e645d646302a24a5ef5a8bc8e3f5a032e319?s=96&d=mm&r=g","contentUrl":"https:\/\/secure.gravatar.com\/avatar\/ae2f4d718e6c49043e314ce431e7e645d646302a24a5ef5a8bc8e3f5a032e319?s=96&d=mm&r=g","caption":"admin"},"sameAs":["https:\/\/develop.organisator.galledia.ch"],"url":"https:\/\/news.save.ch\/fr\/author\/admin\/"}]}},"_links":{"self":[{"href":"https:\/\/news.save.ch\/fr\/wp-json\/wp\/v2\/posts\/2355","targetHints":{"allow":["GET"]}}],"collection":[{"href":"https:\/\/news.save.ch\/fr\/wp-json\/wp\/v2\/posts"}],"about":[{"href":"https:\/\/news.save.ch\/fr\/wp-json\/wp\/v2\/types\/post"}],"author":[{"embeddable":true,"href":"https:\/\/news.save.ch\/fr\/wp-json\/wp\/v2\/users\/1"}],"replies":[{"embeddable":true,"href":"https:\/\/news.save.ch\/fr\/wp-json\/wp\/v2\/comments?post=2355"}],"version-history":[{"count":0,"href":"https:\/\/news.save.ch\/fr\/wp-json\/wp\/v2\/posts\/2355\/revisions"}],"wp:featuredmedia":[{"embeddable":true,"href":"https:\/\/news.save.ch\/fr\/wp-json\/wp\/v2\/media\/2359"}],"wp:attachment":[{"href":"https:\/\/news.save.ch\/fr\/wp-json\/wp\/v2\/media?parent=2355"}],"wp:term":[{"taxonomy":"category","embeddable":true,"href":"https:\/\/news.save.ch\/fr\/wp-json\/wp\/v2\/categories?post=2355"},{"taxonomy":"post_tag","embeddable":true,"href":"https:\/\/news.save.ch\/fr\/wp-json\/wp\/v2\/tags?post=2355"}],"curies":[{"name":"wp","href":"https:\/\/api.w.org\/{rel}","templated":true}]}}