{"id":23588,"date":"2024-10-04T14:09:41","date_gmt":"2024-10-04T12:09:41","guid":{"rendered":"https:\/\/news.save.ch\/?p=23588"},"modified":"2024-10-04T14:09:44","modified_gmt":"2024-10-04T12:09:44","slug":"siemens-ernennt-susanne-seitz-zur-ceo-des-geschaeftsbereichs-buildings","status":null,"type":"post","link":"https:\/\/news.save.ch\/fr\/siemens-ernennt-susanne-seitz-zur-ceo-des-geschaeftsbereichs-buildings\/","title":{"rendered":"Siemens nomme Susanne Seitz CEO de la division Buildings"},"content":{"rendered":"<section class=\"Intro Press Release container\" data-xml-tag=\"Intro\" data-xml-id=\"idm93822754282600\" data-partialxcmsid=\"\">\n<div class=\"row IntroText\">\n<div class=\"col col-xs-12 col-sm-12 col-md-8 hidden-xs\">\n<div>\n<figure id=\"attachment_23589\" aria-describedby=\"caption-attachment-23589\" style=\"width: 933px\" class=\"wp-caption alignnone\"><a href=\"https:\/\/news.save.ch\/fr\/siemens-ernennt-susanne-seitz-zur-ceo-des-geschaeftsbereichs-buildings\/susanne-seitz\/\" rel=\"attachment wp-att-23589\"><img loading=\"lazy\" decoding=\"async\" class=\"wp-image-23589 size-full\" src=\"https:\/\/news.save.ch\/wp-content\/uploads\/2024\/10\/Susanne-Seitz-scaled-e1728043496305.jpg\" alt=\"\" width=\"933\" height=\"597\" srcset=\"https:\/\/news.save.ch\/wp-content\/uploads\/2024\/10\/Susanne-Seitz-scaled-e1728043496305.jpg 933w, https:\/\/news.save.ch\/wp-content\/uploads\/2024\/10\/Susanne-Seitz-scaled-e1728043496305-680x435.jpg 680w, https:\/\/news.save.ch\/wp-content\/uploads\/2024\/10\/Susanne-Seitz-scaled-e1728043496305-768x491.jpg 768w, https:\/\/news.save.ch\/wp-content\/uploads\/2024\/10\/Susanne-Seitz-scaled-e1728043496305-18x12.jpg 18w, https:\/\/news.save.ch\/wp-content\/uploads\/2024\/10\/Susanne-Seitz-scaled-e1728043496305-375x240.jpg 375w, https:\/\/news.save.ch\/wp-content\/uploads\/2024\/10\/Susanne-Seitz-scaled-e1728043496305-547x350.jpg 547w\" sizes=\"auto, (max-width: 933px) 100vw, 933px\" \/><\/a><figcaption id=\"caption-attachment-23589\" class=\"wp-caption-text\">Photo : Susanne Seitz, CEO de la division Buildings chez Siemens Smart Infrastructure (zVg)<\/figcaption><\/figure>\n<\/div>\n<div><\/div>\n<div class=\"IntroText\">Avec un portefeuille int\u00e9gr\u00e9 - compos\u00e9 de produits, de logiciels et de services - la division Buildings est un partenaire technologique de la transformation num\u00e9rique qui se concentre sur l'exploitation fiable et rentable des b\u00e2timents, la d\u00e9carbonisation et l'efficacit\u00e9 \u00e9nerg\u00e9tique, ainsi que sur la r\u00e9ussite de l'exploitation pour des clients issus de secteurs tr\u00e8s vari\u00e9s.<\/div>\n<\/div>\n<\/div>\n<\/section>\n<section class=\"container Row\" data-xml-tag=\"Row\" data-xml-id=\"idm93822755257352\" data-partialxcmsid=\"\">\n<div class=\"row withcols\">\n<div class=\"Box box col-xs-12 col-sm-12 col-md-12 leftBox\" data-xml-id=\"idm93822759656216\" data-image=\"1\" data-child=\"4\" data-interaction=\"false\" data-pos=\"1\" data-maxlength=\"2\" data-mod=\"1\">\n<div class=\"row\">\n<div class=\"col-xs-12 col-sm-4 col-md-4\">\n<div class=\"asset\">\n<div class=\"imgHolder withCaption img-left\">\n<div class=\"inner\" title=\"Siemens nomme Susanne Seitz CEO de SI Buildings pour piloter la prochaine \u00e9tape de sa croissance\"><\/div>\n<\/div>\n<\/div>\n<\/div>\n<div class=\"col-xs-12 col-sm-8 col-md-8 caption\">\n<div class=\"f-text\">\"Il n'a jamais \u00e9t\u00e9 aussi important qu'aujourd'hui de rendre les b\u00e2timents existants et nouveaux plus durables. Les b\u00e2timents sont \u00e0 l'origine de plus de 40 % des \u00e9missions mondiales annuelles de CO2 dans le monde et nous avons la responsabilit\u00e9 d'encourager leur d\u00e9carbonisation\", explique Matthias Rebellius, membre du conseil d'administration et PDG de Smart Infrastructure. \"Des b\u00e2timents plus intelligents cr\u00e9ent de la valeur ajout\u00e9e pour les propri\u00e9taires, les utilisateurs, les exploitants et l'environnement dans son ensemble. J'accorde toute ma confiance \u00e0 la nouvelle \u00e9quipe de direction. Avec l'expertise combin\u00e9e de pr\u00e8s de 30.000 collaborateurs dans le monde entier, nous pouvons continuer \u00e0 renforcer notre position de leader sur le march\u00e9 du b\u00e2timent et ouvrir la voie aux b\u00e2timents intelligents du futur\".<\/div>\n<div class=\"f-text\"><\/div>\n<div class=\"f-text\">La division Buildings travaille avec des clients et un \u00e9cosyst\u00e8me de partenaires en pleine expansion, originaires de plus de 60 pays et appartenant \u00e0 diverses industries. Les secteurs comprennent la sant\u00e9, les centres de donn\u00e9es, l'enseignement sup\u00e9rieur, l'immobilier commercial, les produits pharmaceutiques et les sciences de la vie, ainsi que l'alimentation et les boissons. Le portefeuille de la division comprend des produits pour le contr\u00f4le des b\u00e2timents, la protection contre les incendies et la s\u00e9curit\u00e9, l'automatisation et l'exploitation, des services bas\u00e9s sur des donn\u00e9es, des programmes de d\u00e9carbonisation ainsi que des logiciels - dont Building X, la plateforme num\u00e9rique \u00e9volutive de Siemens pour les b\u00e2timents, qui permet de num\u00e9riser, de g\u00e9rer et d'optimiser les op\u00e9rations.<\/div>\n<div><\/div>\n<div class=\"f-text\">\"Je suis ravi d'avoir l'opportunit\u00e9 de d\u00e9velopper cette activit\u00e9 dynamique. Gr\u00e2ce \u00e0 une technologie innovante, nous pouvons acc\u00e9l\u00e9rer la transformation vers des b\u00e2timents plus intelligents, plus ind\u00e9pendants et plus autonomes, en tirant parti de l'intelligence artificielle, de la convergence IT\/OT et des services num\u00e9riques. Cela aide nos clients \u00e0 r\u00e9duire les \u00e9missions ainsi que les co\u00fbts tout en am\u00e9liorant l'exp\u00e9rience utilisateur dans les b\u00e2timents\", explique Seitz.<\/div>\n<div><\/div>\n<\/div>\n<\/div>\n<\/div>\n<div class=\"Box box col-xs-12 col-sm-12 col-md-12 noPic\" data-xml-id=\"idm93822751928008\" data-image=\"0\" data-child=\"1\" data-interaction=\"false\" data-pos=\"2\" data-maxlength=\"2\" data-mod=\"0\">\n<div class=\"row\">\n<div class=\"col-xs-12 col-sm-8 col-md-8 caption\">\n<div class=\"f-text\">Susanne Seitz, qui est bas\u00e9e \u00e0 Zoug, en Suisse, \u00e9tait auparavant Head Sales and Marketing chez Siemens Smart Infrastructure, o\u00f9 elle a dirig\u00e9 la transformation num\u00e9rique des ventes mondiales ainsi que le marketing au niveau mondial. Auparavant, elle \u00e9tait vice-pr\u00e9sidente ex\u00e9cutive EMEA et membre du Group Executive Management chez Landis+Gyr. En outre, Seitz a occup\u00e9 pendant 16 ans diff\u00e9rents postes chez Siemens, notamment ceux de Head Strategy and M&amp;A, Head Security et Vice President pour l'activit\u00e9 globale des syst\u00e8mes et solutions pour le b\u00e2timent. D'origine suisse, elle est titulaire d'un master en technique environnementale de l'EPF de Zurich et d'un Executive MBA de l'Universit\u00e9 de Saint-Gall.<\/div>\n<\/div>\n<\/div>\n<\/div>\n<\/div>\n<\/section>\n<div><\/div>\n<div><em>Source : Siemens<\/em><\/div>","protected":false},"excerpt":{"rendered":"<p>Mit einem integrierten Portfolio \u2013 bestehend aus Produkten, Software und Services \u2013 ist der Gesch\u00e4ftsbereich Buildings ein Technologiepartner f\u00fcr die digitale Transformation, der sich auf den zuverl\u00e4ssigen und kosteneffizienten Betrieb von Geb\u00e4uden, Dekarbonisierung und Energieeffizienz sowie auf einen erfolgreichen Betrieb f\u00fcr Kunden aus unterschiedlichsten Branchen konzentriert. \u00abEs war noch nie so wichtig wie heute, Bestand- [&hellip;]<\/p>\n","protected":false},"author":31,"featured_media":23589,"comment_status":"closed","ping_status":"closed","sticky":false,"template":"","format":"standard","meta":{"_acf_changed":false,"pgc_sgb_lightbox_settings":"","footnotes":""},"categories":[3317],"tags":[275,3368],"class_list":["post-23588","post","type-post","status-publish","format-standard","has-post-thumbnail","hentry","category-friends","tag-siemens","tag-siemens-schweiz"],"acf":[],"hkrextid":null,"publication":null,"issue":null,"workflow":null,"startPage":null,"spitzmarke":null,"_posts_by_tag_page_fields":null,"_at_widget":null,"_yoast_wpseo_primary_category":"3317","_yoast_wpseo_focuskw_text_input":null,"_yoast_wpseo_opengraph-image":null,"_yoast_wpseo_opengraph-description":null,"_yoast_wpseo_opengraph-title":null,"enclosure":null,"_yoast_wpseo_twitter-title":null,"_yoast_wpseo_twitter-description":null,"_yoast_wpseo_twitter-image":null,"_wp_old_slug":null,"_yoast_wpseo_title":null,"_yoast_wpseo_canonical":null,"yoast_head":"<!-- This site is optimized with the Yoast SEO plugin v27.5 - https:\/\/yoast.com\/product\/yoast-seo-wordpress\/ -->\n<title>Siemens ernennt Susanne Seitz zur CEO des Gesch\u00e4ftsbereichs Buildings - Save<\/title>\n<meta name=\"description\" content=\"Siemens ernennt Susanne Seitz zur CEO des Gesch\u00e4ftsbereichs Buildings, der als Teil von Smart Infrastructure alle geb\u00e4uderelevanten Bereiche b\u00fcndelt.\" \/>\n<meta name=\"robots\" content=\"index, follow, max-snippet:-1, max-image-preview:large, max-video-preview:-1\" \/>\n<link rel=\"canonical\" href=\"https:\/\/news.save.ch\/fr\/siemens-ernennt-susanne-seitz-zur-ceo-des-geschaeftsbereichs-buildings\/\" \/>\n<meta property=\"og:locale\" content=\"fr_FR\" \/>\n<meta property=\"og:type\" content=\"article\" \/>\n<meta property=\"og:title\" content=\"Siemens ernennt Susanne Seitz zur CEO des Gesch\u00e4ftsbereichs Buildings - Save\" \/>\n<meta property=\"og:description\" content=\"Siemens ernennt Susanne Seitz zur CEO des Gesch\u00e4ftsbereichs Buildings, der als Teil von Smart Infrastructure alle geb\u00e4uderelevanten Bereiche b\u00fcndelt.\" \/>\n<meta property=\"og:url\" content=\"https:\/\/news.save.ch\/fr\/siemens-ernennt-susanne-seitz-zur-ceo-des-geschaeftsbereichs-buildings\/\" \/>\n<meta property=\"og:site_name\" content=\"Save\" \/>\n<meta property=\"article:published_time\" content=\"2024-10-04T12:09:41+00:00\" \/>\n<meta property=\"article:modified_time\" content=\"2024-10-04T12:09:44+00:00\" \/>\n<meta property=\"og:image\" content=\"https:\/\/news.save.ch\/wp-content\/uploads\/2024\/10\/Susanne-Seitz-scaled-e1728043496305.jpg\" \/>\n\t<meta property=\"og:image:width\" content=\"933\" \/>\n\t<meta property=\"og:image:height\" content=\"597\" \/>\n\t<meta property=\"og:image:type\" content=\"image\/jpeg\" \/>\n<meta name=\"author\" content=\"stefanie Zeng\" \/>\n<meta name=\"twitter:card\" content=\"summary_large_image\" \/>\n<meta name=\"twitter:label1\" content=\"\u00c9crit par\" \/>\n\t<meta name=\"twitter:data1\" content=\"stefanie Zeng\" \/>\n\t<meta name=\"twitter:label2\" content=\"Dur\u00e9e de lecture estim\u00e9e\" \/>\n\t<meta name=\"twitter:data2\" content=\"3 minutes\" \/>\n<script type=\"application\/ld+json\" class=\"yoast-schema-graph\">{\"@context\":\"https:\\\/\\\/schema.org\",\"@graph\":[{\"@type\":\"Article\",\"@id\":\"https:\\\/\\\/news.save.ch\\\/siemens-ernennt-susanne-seitz-zur-ceo-des-geschaeftsbereichs-buildings\\\/#article\",\"isPartOf\":{\"@id\":\"https:\\\/\\\/news.save.ch\\\/siemens-ernennt-susanne-seitz-zur-ceo-des-geschaeftsbereichs-buildings\\\/\"},\"author\":{\"name\":\"stefanie Zeng\",\"@id\":\"https:\\\/\\\/news.save.ch\\\/de\\\/#\\\/schema\\\/person\\\/10917387362b3961e882740f6cf6f2a2\"},\"headline\":\"Siemens ernennt Susanne Seitz zur CEO des Gesch\u00e4ftsbereichs Buildings\",\"datePublished\":\"2024-10-04T12:09:41+00:00\",\"dateModified\":\"2024-10-04T12:09:44+00:00\",\"mainEntityOfPage\":{\"@id\":\"https:\\\/\\\/news.save.ch\\\/siemens-ernennt-susanne-seitz-zur-ceo-des-geschaeftsbereichs-buildings\\\/\"},\"wordCount\":447,\"publisher\":{\"@id\":\"https:\\\/\\\/news.save.ch\\\/de\\\/#organization\"},\"image\":{\"@id\":\"https:\\\/\\\/news.save.ch\\\/siemens-ernennt-susanne-seitz-zur-ceo-des-geschaeftsbereichs-buildings\\\/#primaryimage\"},\"thumbnailUrl\":\"https:\\\/\\\/news.save.ch\\\/wp-content\\\/uploads\\\/2024\\\/10\\\/Susanne-Seitz-scaled-e1728043496305.jpg\",\"keywords\":[\"Siemens\",\"Siemens Schweiz\"],\"articleSection\":[\"FRIENDS\"],\"inLanguage\":\"fr-FR\"},{\"@type\":\"WebPage\",\"@id\":\"https:\\\/\\\/news.save.ch\\\/siemens-ernennt-susanne-seitz-zur-ceo-des-geschaeftsbereichs-buildings\\\/\",\"url\":\"https:\\\/\\\/news.save.ch\\\/siemens-ernennt-susanne-seitz-zur-ceo-des-geschaeftsbereichs-buildings\\\/\",\"name\":\"Siemens ernennt Susanne Seitz zur CEO des Gesch\u00e4ftsbereichs Buildings - Save\",\"isPartOf\":{\"@id\":\"https:\\\/\\\/news.save.ch\\\/de\\\/#website\"},\"primaryImageOfPage\":{\"@id\":\"https:\\\/\\\/news.save.ch\\\/siemens-ernennt-susanne-seitz-zur-ceo-des-geschaeftsbereichs-buildings\\\/#primaryimage\"},\"image\":{\"@id\":\"https:\\\/\\\/news.save.ch\\\/siemens-ernennt-susanne-seitz-zur-ceo-des-geschaeftsbereichs-buildings\\\/#primaryimage\"},\"thumbnailUrl\":\"https:\\\/\\\/news.save.ch\\\/wp-content\\\/uploads\\\/2024\\\/10\\\/Susanne-Seitz-scaled-e1728043496305.jpg\",\"datePublished\":\"2024-10-04T12:09:41+00:00\",\"dateModified\":\"2024-10-04T12:09:44+00:00\",\"description\":\"Siemens ernennt Susanne Seitz zur CEO des Gesch\u00e4ftsbereichs Buildings, der als Teil von Smart Infrastructure alle geb\u00e4uderelevanten Bereiche b\u00fcndelt.\",\"breadcrumb\":{\"@id\":\"https:\\\/\\\/news.save.ch\\\/siemens-ernennt-susanne-seitz-zur-ceo-des-geschaeftsbereichs-buildings\\\/#breadcrumb\"},\"inLanguage\":\"fr-FR\",\"potentialAction\":[{\"@type\":\"ReadAction\",\"target\":[\"https:\\\/\\\/news.save.ch\\\/siemens-ernennt-susanne-seitz-zur-ceo-des-geschaeftsbereichs-buildings\\\/\"]}]},{\"@type\":\"ImageObject\",\"inLanguage\":\"fr-FR\",\"@id\":\"https:\\\/\\\/news.save.ch\\\/siemens-ernennt-susanne-seitz-zur-ceo-des-geschaeftsbereichs-buildings\\\/#primaryimage\",\"url\":\"https:\\\/\\\/news.save.ch\\\/wp-content\\\/uploads\\\/2024\\\/10\\\/Susanne-Seitz-scaled-e1728043496305.jpg\",\"contentUrl\":\"https:\\\/\\\/news.save.ch\\\/wp-content\\\/uploads\\\/2024\\\/10\\\/Susanne-Seitz-scaled-e1728043496305.jpg\",\"width\":933,\"height\":597,\"caption\":\"Foto: Susanne Seitz, CEO des Gesch\u00e4ftsbereichs Buildings bei Siemens Smart Infrastructure (zVg)\"},{\"@type\":\"BreadcrumbList\",\"@id\":\"https:\\\/\\\/news.save.ch\\\/siemens-ernennt-susanne-seitz-zur-ceo-des-geschaeftsbereichs-buildings\\\/#breadcrumb\",\"itemListElement\":[{\"@type\":\"ListItem\",\"position\":1,\"name\":\"Home\",\"item\":\"https:\\\/\\\/news.save.ch\\\/de\\\/\"},{\"@type\":\"ListItem\",\"position\":2,\"name\":\"Siemens ernennt Susanne Seitz zur CEO des Gesch\u00e4ftsbereichs Buildings\"}]},{\"@type\":\"WebSite\",\"@id\":\"https:\\\/\\\/news.save.ch\\\/de\\\/#website\",\"url\":\"https:\\\/\\\/news.save.ch\\\/de\\\/\",\"name\":\"Save\",\"description\":\"Schweizer Fachzeitschrift f\u00fcr Sicherheit\",\"publisher\":{\"@id\":\"https:\\\/\\\/news.save.ch\\\/de\\\/#organization\"},\"potentialAction\":[{\"@type\":\"SearchAction\",\"target\":{\"@type\":\"EntryPoint\",\"urlTemplate\":\"https:\\\/\\\/news.save.ch\\\/de\\\/?s={search_term_string}\"},\"query-input\":{\"@type\":\"PropertyValueSpecification\",\"valueRequired\":true,\"valueName\":\"search_term_string\"}}],\"inLanguage\":\"fr-FR\"},{\"@type\":\"Organization\",\"@id\":\"https:\\\/\\\/news.save.ch\\\/de\\\/#organization\",\"name\":\"Sicherheitsforum\",\"url\":\"https:\\\/\\\/news.save.ch\\\/de\\\/\",\"logo\":{\"@type\":\"ImageObject\",\"inLanguage\":\"fr-FR\",\"@id\":\"https:\\\/\\\/news.save.ch\\\/de\\\/#\\\/schema\\\/logo\\\/image\\\/\",\"url\":\"https:\\\/\\\/news.save.ch\\\/wp-content\\\/uploads\\\/2022\\\/06\\\/Logo_SF_2012.png\",\"contentUrl\":\"https:\\\/\\\/news.save.ch\\\/wp-content\\\/uploads\\\/2022\\\/06\\\/Logo_SF_2012.png\",\"width\":1100,\"height\":91,\"caption\":\"Sicherheitsforum\"},\"image\":{\"@id\":\"https:\\\/\\\/news.save.ch\\\/de\\\/#\\\/schema\\\/logo\\\/image\\\/\"}},{\"@type\":\"Person\",\"@id\":\"https:\\\/\\\/news.save.ch\\\/de\\\/#\\\/schema\\\/person\\\/10917387362b3961e882740f6cf6f2a2\",\"name\":\"stefanie Zeng\",\"image\":{\"@type\":\"ImageObject\",\"inLanguage\":\"fr-FR\",\"@id\":\"https:\\\/\\\/secure.gravatar.com\\\/avatar\\\/eac43faa6e40bb2c41068c95c9d78bbd94c476d5efdff7abaab80bb3ea681e06?s=96&d=mm&r=g\",\"url\":\"https:\\\/\\\/secure.gravatar.com\\\/avatar\\\/eac43faa6e40bb2c41068c95c9d78bbd94c476d5efdff7abaab80bb3ea681e06?s=96&d=mm&r=g\",\"contentUrl\":\"https:\\\/\\\/secure.gravatar.com\\\/avatar\\\/eac43faa6e40bb2c41068c95c9d78bbd94c476d5efdff7abaab80bb3ea681e06?s=96&d=mm&r=g\",\"caption\":\"stefanie Zeng\"},\"url\":\"https:\\\/\\\/news.save.ch\\\/fr\\\/author\\\/stefanie-zeng\\\/\"}]}<\/script>\n<!-- \/ Yoast SEO plugin. -->","yoast_head_json":{"title":"Siemens nomme Susanne Seitz CEO de la division Buildings - Save","description":"Siemens nomme Susanne Seitz CEO de la division Buildings, qui, en tant que partie de Smart Infrastructure, regroupe tous les domaines li\u00e9s au b\u00e2timent.","robots":{"index":"index","follow":"follow","max-snippet":"max-snippet:-1","max-image-preview":"max-image-preview:large","max-video-preview":"max-video-preview:-1"},"canonical":"https:\/\/news.save.ch\/fr\/siemens-ernennt-susanne-seitz-zur-ceo-des-geschaeftsbereichs-buildings\/","og_locale":"fr_FR","og_type":"article","og_title":"Siemens ernennt Susanne Seitz zur CEO des Gesch\u00e4ftsbereichs Buildings - Save","og_description":"Siemens ernennt Susanne Seitz zur CEO des Gesch\u00e4ftsbereichs Buildings, der als Teil von Smart Infrastructure alle geb\u00e4uderelevanten Bereiche b\u00fcndelt.","og_url":"https:\/\/news.save.ch\/fr\/siemens-ernennt-susanne-seitz-zur-ceo-des-geschaeftsbereichs-buildings\/","og_site_name":"Save","article_published_time":"2024-10-04T12:09:41+00:00","article_modified_time":"2024-10-04T12:09:44+00:00","og_image":[{"width":933,"height":597,"url":"https:\/\/news.save.ch\/wp-content\/uploads\/2024\/10\/Susanne-Seitz-scaled-e1728043496305.jpg","type":"image\/jpeg"}],"author":"stefanie Zeng","twitter_card":"summary_large_image","twitter_misc":{"\u00c9crit par":"stefanie Zeng","Dur\u00e9e de lecture estim\u00e9e":"3 minutes"},"schema":{"@context":"https:\/\/schema.org","@graph":[{"@type":"Article","@id":"https:\/\/news.save.ch\/siemens-ernennt-susanne-seitz-zur-ceo-des-geschaeftsbereichs-buildings\/#article","isPartOf":{"@id":"https:\/\/news.save.ch\/siemens-ernennt-susanne-seitz-zur-ceo-des-geschaeftsbereichs-buildings\/"},"author":{"name":"stefanie Zeng","@id":"https:\/\/news.save.ch\/de\/#\/schema\/person\/10917387362b3961e882740f6cf6f2a2"},"headline":"Siemens ernennt Susanne Seitz zur CEO des Gesch\u00e4ftsbereichs Buildings","datePublished":"2024-10-04T12:09:41+00:00","dateModified":"2024-10-04T12:09:44+00:00","mainEntityOfPage":{"@id":"https:\/\/news.save.ch\/siemens-ernennt-susanne-seitz-zur-ceo-des-geschaeftsbereichs-buildings\/"},"wordCount":447,"publisher":{"@id":"https:\/\/news.save.ch\/de\/#organization"},"image":{"@id":"https:\/\/news.save.ch\/siemens-ernennt-susanne-seitz-zur-ceo-des-geschaeftsbereichs-buildings\/#primaryimage"},"thumbnailUrl":"https:\/\/news.save.ch\/wp-content\/uploads\/2024\/10\/Susanne-Seitz-scaled-e1728043496305.jpg","keywords":["Siemens","Siemens Schweiz"],"articleSection":["FRIENDS"],"inLanguage":"fr-FR"},{"@type":"WebPage","@id":"https:\/\/news.save.ch\/siemens-ernennt-susanne-seitz-zur-ceo-des-geschaeftsbereichs-buildings\/","url":"https:\/\/news.save.ch\/siemens-ernennt-susanne-seitz-zur-ceo-des-geschaeftsbereichs-buildings\/","name":"Siemens nomme Susanne Seitz CEO de la division Buildings - Save","isPartOf":{"@id":"https:\/\/news.save.ch\/de\/#website"},"primaryImageOfPage":{"@id":"https:\/\/news.save.ch\/siemens-ernennt-susanne-seitz-zur-ceo-des-geschaeftsbereichs-buildings\/#primaryimage"},"image":{"@id":"https:\/\/news.save.ch\/siemens-ernennt-susanne-seitz-zur-ceo-des-geschaeftsbereichs-buildings\/#primaryimage"},"thumbnailUrl":"https:\/\/news.save.ch\/wp-content\/uploads\/2024\/10\/Susanne-Seitz-scaled-e1728043496305.jpg","datePublished":"2024-10-04T12:09:41+00:00","dateModified":"2024-10-04T12:09:44+00:00","description":"Siemens nomme Susanne Seitz CEO de la division Buildings, qui, en tant que partie de Smart Infrastructure, regroupe tous les domaines li\u00e9s au b\u00e2timent.","breadcrumb":{"@id":"https:\/\/news.save.ch\/siemens-ernennt-susanne-seitz-zur-ceo-des-geschaeftsbereichs-buildings\/#breadcrumb"},"inLanguage":"fr-FR","potentialAction":[{"@type":"ReadAction","target":["https:\/\/news.save.ch\/siemens-ernennt-susanne-seitz-zur-ceo-des-geschaeftsbereichs-buildings\/"]}]},{"@type":"ImageObject","inLanguage":"fr-FR","@id":"https:\/\/news.save.ch\/siemens-ernennt-susanne-seitz-zur-ceo-des-geschaeftsbereichs-buildings\/#primaryimage","url":"https:\/\/news.save.ch\/wp-content\/uploads\/2024\/10\/Susanne-Seitz-scaled-e1728043496305.jpg","contentUrl":"https:\/\/news.save.ch\/wp-content\/uploads\/2024\/10\/Susanne-Seitz-scaled-e1728043496305.jpg","width":933,"height":597,"caption":"Foto: Susanne Seitz, CEO des Gesch\u00e4ftsbereichs Buildings bei Siemens Smart Infrastructure (zVg)"},{"@type":"BreadcrumbList","@id":"https:\/\/news.save.ch\/siemens-ernennt-susanne-seitz-zur-ceo-des-geschaeftsbereichs-buildings\/#breadcrumb","itemListElement":[{"@type":"ListItem","position":1,"name":"Home","item":"https:\/\/news.save.ch\/de\/"},{"@type":"ListItem","position":2,"name":"Siemens ernennt Susanne Seitz zur CEO des Gesch\u00e4ftsbereichs Buildings"}]},{"@type":"WebSite","@id":"https:\/\/news.save.ch\/de\/#website","url":"https:\/\/news.save.ch\/de\/","name":"Save","description":"Revue suisse sp\u00e9cialis\u00e9e dans la s\u00e9curit\u00e9","publisher":{"@id":"https:\/\/news.save.ch\/de\/#organization"},"potentialAction":[{"@type":"SearchAction","target":{"@type":"EntryPoint","urlTemplate":"https:\/\/news.save.ch\/de\/?s={search_term_string}"},"query-input":{"@type":"PropertyValueSpecification","valueRequired":true,"valueName":"search_term_string"}}],"inLanguage":"fr-FR"},{"@type":"Organization","@id":"https:\/\/news.save.ch\/de\/#organization","name":"Forum sur la s\u00e9curit\u00e9","url":"https:\/\/news.save.ch\/de\/","logo":{"@type":"ImageObject","inLanguage":"fr-FR","@id":"https:\/\/news.save.ch\/de\/#\/schema\/logo\/image\/","url":"https:\/\/news.save.ch\/wp-content\/uploads\/2022\/06\/Logo_SF_2012.png","contentUrl":"https:\/\/news.save.ch\/wp-content\/uploads\/2022\/06\/Logo_SF_2012.png","width":1100,"height":91,"caption":"Sicherheitsforum"},"image":{"@id":"https:\/\/news.save.ch\/de\/#\/schema\/logo\/image\/"}},{"@type":"Person","@id":"https:\/\/news.save.ch\/de\/#\/schema\/person\/10917387362b3961e882740f6cf6f2a2","name":"stefanie Zeng","image":{"@type":"ImageObject","inLanguage":"fr-FR","@id":"https:\/\/secure.gravatar.com\/avatar\/eac43faa6e40bb2c41068c95c9d78bbd94c476d5efdff7abaab80bb3ea681e06?s=96&d=mm&r=g","url":"https:\/\/secure.gravatar.com\/avatar\/eac43faa6e40bb2c41068c95c9d78bbd94c476d5efdff7abaab80bb3ea681e06?s=96&d=mm&r=g","contentUrl":"https:\/\/secure.gravatar.com\/avatar\/eac43faa6e40bb2c41068c95c9d78bbd94c476d5efdff7abaab80bb3ea681e06?s=96&d=mm&r=g","caption":"stefanie Zeng"},"url":"https:\/\/news.save.ch\/fr\/author\/stefanie-zeng\/"}]}},"_links":{"self":[{"href":"https:\/\/news.save.ch\/fr\/wp-json\/wp\/v2\/posts\/23588","targetHints":{"allow":["GET"]}}],"collection":[{"href":"https:\/\/news.save.ch\/fr\/wp-json\/wp\/v2\/posts"}],"about":[{"href":"https:\/\/news.save.ch\/fr\/wp-json\/wp\/v2\/types\/post"}],"author":[{"embeddable":true,"href":"https:\/\/news.save.ch\/fr\/wp-json\/wp\/v2\/users\/31"}],"replies":[{"embeddable":true,"href":"https:\/\/news.save.ch\/fr\/wp-json\/wp\/v2\/comments?post=23588"}],"version-history":[{"count":2,"href":"https:\/\/news.save.ch\/fr\/wp-json\/wp\/v2\/posts\/23588\/revisions"}],"predecessor-version":[{"id":23591,"href":"https:\/\/news.save.ch\/fr\/wp-json\/wp\/v2\/posts\/23588\/revisions\/23591"}],"wp:featuredmedia":[{"embeddable":true,"href":"https:\/\/news.save.ch\/fr\/wp-json\/wp\/v2\/media\/23589"}],"wp:attachment":[{"href":"https:\/\/news.save.ch\/fr\/wp-json\/wp\/v2\/media?parent=23588"}],"wp:term":[{"taxonomy":"category","embeddable":true,"href":"https:\/\/news.save.ch\/fr\/wp-json\/wp\/v2\/categories?post=23588"},{"taxonomy":"post_tag","embeddable":true,"href":"https:\/\/news.save.ch\/fr\/wp-json\/wp\/v2\/tags?post=23588"}],"curies":[{"name":"wp","href":"https:\/\/api.w.org\/{rel}","templated":true}]}}