{"id":23623,"date":"2024-10-21T11:04:12","date_gmt":"2024-10-21T09:04:12","guid":{"rendered":"https:\/\/news.save.ch\/?p=23623"},"modified":"2024-10-21T11:04:12","modified_gmt":"2024-10-21T09:04:12","slug":"mehr-flexibilitaet-im-job-bedeutet-weniger-stress-und-hoehere-zufriedenheit","status":null,"type":"post","link":"https:\/\/news.save.ch\/fr\/mehr-flexibilitaet-im-job-bedeutet-weniger-stress-und-hoehere-zufriedenheit\/","title":{"rendered":"Une plus grande flexibilit\u00e9 au travail signifie moins de stress et une plus grande satisfaction"},"content":{"rendered":"<figure id=\"attachment_23624\" aria-describedby=\"caption-attachment-23624\" style=\"width: 1000px\" class=\"wp-caption alignnone\"><a href=\"https:\/\/news.save.ch\/fr\/mehr-flexibilitaet-im-job-bedeutet-weniger-stress-und-hoehere-zufriedenheit\/depositphotos_120759542_s\/\" rel=\"attachment wp-att-23624\"><img loading=\"lazy\" decoding=\"async\" class=\"size-full wp-image-23624\" src=\"https:\/\/news.save.ch\/wp-content\/uploads\/2024\/10\/Depositphotos_120759542_S.jpg\" alt=\"\" width=\"1000\" height=\"667\" srcset=\"https:\/\/news.save.ch\/wp-content\/uploads\/2024\/10\/Depositphotos_120759542_S.jpg 1000w, https:\/\/news.save.ch\/wp-content\/uploads\/2024\/10\/Depositphotos_120759542_S-680x454.jpg 680w, https:\/\/news.save.ch\/wp-content\/uploads\/2024\/10\/Depositphotos_120759542_S-768x512.jpg 768w, https:\/\/news.save.ch\/wp-content\/uploads\/2024\/10\/Depositphotos_120759542_S-18x12.jpg 18w, https:\/\/news.save.ch\/wp-content\/uploads\/2024\/10\/Depositphotos_120759542_S-375x250.jpg 375w, https:\/\/news.save.ch\/wp-content\/uploads\/2024\/10\/Depositphotos_120759542_S-525x350.jpg 525w\" sizes=\"auto, (max-width: 1000px) 100vw, 1000px\" \/><\/a><figcaption id=\"caption-attachment-23624\" class=\"wp-caption-text\">Photo : Depositphotos\/fizkes<\/figcaption><\/figure>\n<p>Les mod\u00e8les de temps de travail flexibles augmentent le bien-\u00eatre des travailleurs. C'est ce que confirme une \u00e9tude repr\u00e9sentative de l'institut de recherche Sotomo, r\u00e9alis\u00e9e au printemps 2024 \u00e0 la demande de l'Union patronale suisse et portant sur 1670 personnes actives en Suisse.<\/p>\n<h3><strong>La flexibilit\u00e9 am\u00e9liore la compatibilit\u00e9 entre vie familiale et professionnelle<\/strong><\/h3>\n<p>L'\u00e9tude montre qu'une organisation flexible des horaires de travail permet aux salari\u00e9s d'assumer plus facilement leurs obligations sociales et familiales. Il n'est donc pas surprenant que les parents d'enfants mineurs, en particulier, pr\u00e9f\u00e8rent des horaires de travail plus flexibles, car ils leur permettent de mieux concilier leur travail quotidien avec leurs t\u00e2ches d'assistance.<\/p>\n<h3><strong>La flexibilit\u00e9 entra\u00eene moins de stress et une charge de travail plus faible<\/strong><\/h3>\n<p>81 % des personnes interrog\u00e9es ont d\u00e9clar\u00e9 qu'une plus grande flexibilit\u00e9 des horaires de travail r\u00e9duirait leur niveau de stress. 76 % des personnes interrog\u00e9es ayant des horaires de travail totalement flexibles ont d\u00e9clar\u00e9 que le travail et les loisirs se confondent souvent chez elles, mais seuls 10 % de ces personnes consid\u00e8rent ce m\u00e9lange comme stressant. En revanche, la proportion de personnes qui, en cas d'horaires fixes, ressentent une charge li\u00e9e au m\u00e9lange du travail et des loisirs est de 16 %. Les personnes ayant des horaires de travail flexibles ont donc plus tendance \u00e0 m\u00e9langer travail et loisirs que les personnes ayant des horaires fixes, mais elles ressentent comparativement moins souvent ce m\u00e9lange comme une contrainte. Ces r\u00e9sultats sont en nette contradiction avec la th\u00e8se souvent d\u00e9fendue par les syndicats selon laquelle les horaires de travail flexibles conduisent in\u00e9vitablement \u00e0 un m\u00e9lange p\u00e9nible du travail et des loisirs.<\/p>\n<h3><strong>La flexibilit\u00e9, un facteur important pour lutter contre la p\u00e9nurie de main-d'\u0153uvre<\/strong><\/h3>\n<p>Les mod\u00e8les de temps de travail flexibles offrent \u00e9galement des opportunit\u00e9s dans la lutte contre la p\u00e9nurie de main-d'\u0153uvre de plus en plus aigu\u00eb. Ainsi, l'\u00e9tude montre que des horaires de travail plus flexibles augmentent non seulement la satisfaction des travailleurs, mais aussi leur volont\u00e9 d'augmenter leur taux d'activit\u00e9. Plus d'un quart (28%) des personnes interrog\u00e9es travaillant \u00e0 temps partiel pourraient s'imaginer augmenter leur taux d'occupation si le travail pouvait \u00eatre effectu\u00e9 de mani\u00e8re plus flexible. Cela conforte les employeurs dans leur demande d'une plus grande flexibilit\u00e9 : \"L'\u00e9tude montre que les horaires de travail flexibles peuvent non seulement r\u00e9duire le stress, mais aussi contribuer de mani\u00e8re importante \u00e0 la lutte contre la p\u00e9nurie de main-d'\u0153uvre. Si nous voulons que le potentiel de main-d'\u0153uvre soit encore mieux exploit\u00e9, il faut r\u00e9pondre autant que possible \u00e0 ce besoin de flexibilit\u00e9 des travailleurs. C'est aussi un d\u00e9fi pour la politique\", d\u00e9clare Daniella L\u00fctzelschwab, responsable du secteur March\u00e9 du travail et droit du travail \u00e0 l'Union patronale suisse.<\/p>\n<p>L'\u00e9tude compl\u00e8te est\u00a0<a href=\"https:\/\/arbeitgeber.us9.list-manage.com\/track\/click?u=56a31f9dc26f472dc5cbdbe11&amp;id=2282bfebef&amp;e=563f687c36\" target=\"_blank\" rel=\"noopener noreferrer\">ici<\/a>\u00a0disponible en t\u00e9l\u00e9chargement.<\/p>\n<p><em>Source : Union patronale suisse (UPS)<\/em><\/p>","protected":false},"excerpt":{"rendered":"<p>Flexible Arbeitszeitmodelle steigern das Wohlbefinden der Arbeitnehmenden. Dies best\u00e4tigt eine\u00a0repr\u00e4sentative Studie des Forschungsinstituts Sotomo, die im Fr\u00fchling 2024 im Auftrag des Schweizerischen Arbeitgeberverbandes unter Einbezug von 1670 Erwerbst\u00e4tigen in der Schweiz durchgef\u00fchrt wurde. Flexibilit\u00e4t verbessert Vereinbarkeit von Familie und Beruf Die Studie zeigt, dass eine flexibel gestaltete Arbeitszeitenregelung es Arbeitnehmenden vereinfacht, ihre sozialen und famili\u00e4ren [&hellip;]<\/p>\n","protected":false},"author":31,"featured_media":0,"comment_status":"closed","ping_status":"closed","sticky":false,"template":"","format":"standard","meta":{"_acf_changed":false,"pgc_sgb_lightbox_settings":"","footnotes":""},"categories":[1],"tags":[3361,1678,4862,1199,6464],"class_list":["post-23623","post","type-post","status-publish","format-standard","hentry","category-allgemein","tag-arbeitsbedingter-stress","tag-arbeitszeit","tag-arbeitszeitgestaltung","tag-stress","tag-vereinbarkeit"],"acf":[],"hkrextid":null,"publication":null,"issue":null,"workflow":null,"startPage":null,"spitzmarke":null,"_posts_by_tag_page_fields":null,"_at_widget":null,"_yoast_wpseo_primary_category":"","_yoast_wpseo_focuskw_text_input":null,"_yoast_wpseo_opengraph-image":null,"_yoast_wpseo_opengraph-description":null,"_yoast_wpseo_opengraph-title":null,"enclosure":null,"_yoast_wpseo_twitter-title":null,"_yoast_wpseo_twitter-description":null,"_yoast_wpseo_twitter-image":null,"_wp_old_slug":null,"_yoast_wpseo_title":null,"_yoast_wpseo_canonical":null,"yoast_head":"<!-- This site is optimized with the Yoast SEO plugin v27.5 - https:\/\/yoast.com\/product\/yoast-seo-wordpress\/ -->\n<title>Mehr Flexibilit\u00e4t im Job bedeutet weniger Stress und h\u00f6here Zufriedenheit - Save<\/title>\n<meta name=\"description\" content=\"Eine Studie zeigt, dass flexible Arbeitszeitmodelle mit weniger Stress und gleichzeitig h\u00f6herer Arbeitszufriedenheit verbunden sind.\" \/>\n<meta name=\"robots\" content=\"index, follow, max-snippet:-1, max-image-preview:large, max-video-preview:-1\" \/>\n<link rel=\"canonical\" href=\"https:\/\/news.save.ch\/fr\/mehr-flexibilitaet-im-job-bedeutet-weniger-stress-und-hoehere-zufriedenheit\/\" \/>\n<meta property=\"og:locale\" content=\"fr_FR\" \/>\n<meta property=\"og:type\" content=\"article\" \/>\n<meta property=\"og:title\" content=\"Mehr Flexibilit\u00e4t im Job bedeutet weniger Stress und h\u00f6here Zufriedenheit - Save\" \/>\n<meta property=\"og:description\" content=\"Eine Studie zeigt, dass flexible Arbeitszeitmodelle mit weniger Stress und gleichzeitig h\u00f6herer Arbeitszufriedenheit verbunden sind.\" \/>\n<meta property=\"og:url\" content=\"https:\/\/news.save.ch\/fr\/mehr-flexibilitaet-im-job-bedeutet-weniger-stress-und-hoehere-zufriedenheit\/\" \/>\n<meta property=\"og:site_name\" content=\"Save\" \/>\n<meta property=\"article:published_time\" content=\"2024-10-21T09:04:12+00:00\" \/>\n<meta property=\"og:image\" content=\"https:\/\/news.save.ch\/wp-content\/uploads\/2024\/10\/Depositphotos_120759542_S.jpg\" \/>\n\t<meta property=\"og:image:width\" content=\"1000\" \/>\n\t<meta property=\"og:image:height\" content=\"667\" \/>\n\t<meta property=\"og:image:type\" content=\"image\/jpeg\" \/>\n<meta name=\"author\" content=\"stefanie Zeng\" \/>\n<meta name=\"twitter:card\" content=\"summary_large_image\" \/>\n<meta name=\"twitter:label1\" content=\"\u00c9crit par\" \/>\n\t<meta name=\"twitter:data1\" content=\"stefanie Zeng\" \/>\n\t<meta name=\"twitter:label2\" content=\"Dur\u00e9e de lecture estim\u00e9e\" \/>\n\t<meta name=\"twitter:data2\" content=\"3 minutes\" \/>\n<script type=\"application\/ld+json\" class=\"yoast-schema-graph\">{\"@context\":\"https:\\\/\\\/schema.org\",\"@graph\":[{\"@type\":\"Article\",\"@id\":\"https:\\\/\\\/news.save.ch\\\/mehr-flexibilitaet-im-job-bedeutet-weniger-stress-und-hoehere-zufriedenheit\\\/#article\",\"isPartOf\":{\"@id\":\"https:\\\/\\\/news.save.ch\\\/mehr-flexibilitaet-im-job-bedeutet-weniger-stress-und-hoehere-zufriedenheit\\\/\"},\"author\":{\"name\":\"stefanie Zeng\",\"@id\":\"https:\\\/\\\/news.save.ch\\\/de\\\/#\\\/schema\\\/person\\\/10917387362b3961e882740f6cf6f2a2\"},\"headline\":\"Mehr Flexibilit\u00e4t im Job bedeutet weniger Stress und h\u00f6here Zufriedenheit\",\"datePublished\":\"2024-10-21T09:04:12+00:00\",\"mainEntityOfPage\":{\"@id\":\"https:\\\/\\\/news.save.ch\\\/mehr-flexibilitaet-im-job-bedeutet-weniger-stress-und-hoehere-zufriedenheit\\\/\"},\"wordCount\":424,\"publisher\":{\"@id\":\"https:\\\/\\\/news.save.ch\\\/de\\\/#organization\"},\"image\":{\"@id\":\"https:\\\/\\\/news.save.ch\\\/mehr-flexibilitaet-im-job-bedeutet-weniger-stress-und-hoehere-zufriedenheit\\\/#primaryimage\"},\"thumbnailUrl\":\"https:\\\/\\\/news.save.ch\\\/wp-content\\\/uploads\\\/2024\\\/10\\\/Depositphotos_120759542_S.jpg\",\"keywords\":[\"Arbeitsbedingter Stress\",\"Arbeitszeit\",\"Arbeitszeitgestaltung\",\"Stress\",\"Vereinbarkeit\"],\"articleSection\":[\"ALLGEMEIN\"],\"inLanguage\":\"fr-FR\"},{\"@type\":\"WebPage\",\"@id\":\"https:\\\/\\\/news.save.ch\\\/mehr-flexibilitaet-im-job-bedeutet-weniger-stress-und-hoehere-zufriedenheit\\\/\",\"url\":\"https:\\\/\\\/news.save.ch\\\/mehr-flexibilitaet-im-job-bedeutet-weniger-stress-und-hoehere-zufriedenheit\\\/\",\"name\":\"Mehr Flexibilit\u00e4t im Job bedeutet weniger Stress und h\u00f6here Zufriedenheit - Save\",\"isPartOf\":{\"@id\":\"https:\\\/\\\/news.save.ch\\\/de\\\/#website\"},\"primaryImageOfPage\":{\"@id\":\"https:\\\/\\\/news.save.ch\\\/mehr-flexibilitaet-im-job-bedeutet-weniger-stress-und-hoehere-zufriedenheit\\\/#primaryimage\"},\"image\":{\"@id\":\"https:\\\/\\\/news.save.ch\\\/mehr-flexibilitaet-im-job-bedeutet-weniger-stress-und-hoehere-zufriedenheit\\\/#primaryimage\"},\"thumbnailUrl\":\"https:\\\/\\\/news.save.ch\\\/wp-content\\\/uploads\\\/2024\\\/10\\\/Depositphotos_120759542_S.jpg\",\"datePublished\":\"2024-10-21T09:04:12+00:00\",\"description\":\"Eine Studie zeigt, dass flexible Arbeitszeitmodelle mit weniger Stress und gleichzeitig h\u00f6herer Arbeitszufriedenheit verbunden sind.\",\"breadcrumb\":{\"@id\":\"https:\\\/\\\/news.save.ch\\\/mehr-flexibilitaet-im-job-bedeutet-weniger-stress-und-hoehere-zufriedenheit\\\/#breadcrumb\"},\"inLanguage\":\"fr-FR\",\"potentialAction\":[{\"@type\":\"ReadAction\",\"target\":[\"https:\\\/\\\/news.save.ch\\\/mehr-flexibilitaet-im-job-bedeutet-weniger-stress-und-hoehere-zufriedenheit\\\/\"]}]},{\"@type\":\"ImageObject\",\"inLanguage\":\"fr-FR\",\"@id\":\"https:\\\/\\\/news.save.ch\\\/mehr-flexibilitaet-im-job-bedeutet-weniger-stress-und-hoehere-zufriedenheit\\\/#primaryimage\",\"url\":\"https:\\\/\\\/news.save.ch\\\/wp-content\\\/uploads\\\/2024\\\/10\\\/Depositphotos_120759542_S.jpg\",\"contentUrl\":\"https:\\\/\\\/news.save.ch\\\/wp-content\\\/uploads\\\/2024\\\/10\\\/Depositphotos_120759542_S.jpg\"},{\"@type\":\"BreadcrumbList\",\"@id\":\"https:\\\/\\\/news.save.ch\\\/mehr-flexibilitaet-im-job-bedeutet-weniger-stress-und-hoehere-zufriedenheit\\\/#breadcrumb\",\"itemListElement\":[{\"@type\":\"ListItem\",\"position\":1,\"name\":\"Home\",\"item\":\"https:\\\/\\\/news.save.ch\\\/de\\\/\"},{\"@type\":\"ListItem\",\"position\":2,\"name\":\"Mehr Flexibilit\u00e4t im Job bedeutet weniger Stress und h\u00f6here Zufriedenheit\"}]},{\"@type\":\"WebSite\",\"@id\":\"https:\\\/\\\/news.save.ch\\\/de\\\/#website\",\"url\":\"https:\\\/\\\/news.save.ch\\\/de\\\/\",\"name\":\"Save\",\"description\":\"Schweizer Fachzeitschrift f\u00fcr Sicherheit\",\"publisher\":{\"@id\":\"https:\\\/\\\/news.save.ch\\\/de\\\/#organization\"},\"potentialAction\":[{\"@type\":\"SearchAction\",\"target\":{\"@type\":\"EntryPoint\",\"urlTemplate\":\"https:\\\/\\\/news.save.ch\\\/de\\\/?s={search_term_string}\"},\"query-input\":{\"@type\":\"PropertyValueSpecification\",\"valueRequired\":true,\"valueName\":\"search_term_string\"}}],\"inLanguage\":\"fr-FR\"},{\"@type\":\"Organization\",\"@id\":\"https:\\\/\\\/news.save.ch\\\/de\\\/#organization\",\"name\":\"Sicherheitsforum\",\"url\":\"https:\\\/\\\/news.save.ch\\\/de\\\/\",\"logo\":{\"@type\":\"ImageObject\",\"inLanguage\":\"fr-FR\",\"@id\":\"https:\\\/\\\/news.save.ch\\\/de\\\/#\\\/schema\\\/logo\\\/image\\\/\",\"url\":\"https:\\\/\\\/news.save.ch\\\/wp-content\\\/uploads\\\/2022\\\/06\\\/Logo_SF_2012.png\",\"contentUrl\":\"https:\\\/\\\/news.save.ch\\\/wp-content\\\/uploads\\\/2022\\\/06\\\/Logo_SF_2012.png\",\"width\":1100,\"height\":91,\"caption\":\"Sicherheitsforum\"},\"image\":{\"@id\":\"https:\\\/\\\/news.save.ch\\\/de\\\/#\\\/schema\\\/logo\\\/image\\\/\"}},{\"@type\":\"Person\",\"@id\":\"https:\\\/\\\/news.save.ch\\\/de\\\/#\\\/schema\\\/person\\\/10917387362b3961e882740f6cf6f2a2\",\"name\":\"stefanie Zeng\",\"image\":{\"@type\":\"ImageObject\",\"inLanguage\":\"fr-FR\",\"@id\":\"https:\\\/\\\/secure.gravatar.com\\\/avatar\\\/eac43faa6e40bb2c41068c95c9d78bbd94c476d5efdff7abaab80bb3ea681e06?s=96&d=mm&r=g\",\"url\":\"https:\\\/\\\/secure.gravatar.com\\\/avatar\\\/eac43faa6e40bb2c41068c95c9d78bbd94c476d5efdff7abaab80bb3ea681e06?s=96&d=mm&r=g\",\"contentUrl\":\"https:\\\/\\\/secure.gravatar.com\\\/avatar\\\/eac43faa6e40bb2c41068c95c9d78bbd94c476d5efdff7abaab80bb3ea681e06?s=96&d=mm&r=g\",\"caption\":\"stefanie Zeng\"},\"url\":\"https:\\\/\\\/news.save.ch\\\/fr\\\/author\\\/stefanie-zeng\\\/\"}]}<\/script>\n<!-- \/ Yoast SEO plugin. -->","yoast_head_json":{"title":"Plus de flexibilit\u00e9 au travail signifie moins de stress et une plus grande satisfaction - Save","description":"Une \u00e9tude montre que les mod\u00e8les de travail flexibles sont associ\u00e9s \u00e0 une r\u00e9duction du stress et \u00e0 une plus grande satisfaction au travail.","robots":{"index":"index","follow":"follow","max-snippet":"max-snippet:-1","max-image-preview":"max-image-preview:large","max-video-preview":"max-video-preview:-1"},"canonical":"https:\/\/news.save.ch\/fr\/mehr-flexibilitaet-im-job-bedeutet-weniger-stress-und-hoehere-zufriedenheit\/","og_locale":"fr_FR","og_type":"article","og_title":"Mehr Flexibilit\u00e4t im Job bedeutet weniger Stress und h\u00f6here Zufriedenheit - Save","og_description":"Eine Studie zeigt, dass flexible Arbeitszeitmodelle mit weniger Stress und gleichzeitig h\u00f6herer Arbeitszufriedenheit verbunden sind.","og_url":"https:\/\/news.save.ch\/fr\/mehr-flexibilitaet-im-job-bedeutet-weniger-stress-und-hoehere-zufriedenheit\/","og_site_name":"Save","article_published_time":"2024-10-21T09:04:12+00:00","og_image":[{"width":1000,"height":667,"url":"https:\/\/news.save.ch\/wp-content\/uploads\/2024\/10\/Depositphotos_120759542_S.jpg","type":"image\/jpeg"}],"author":"stefanie Zeng","twitter_card":"summary_large_image","twitter_misc":{"\u00c9crit par":"stefanie Zeng","Dur\u00e9e de lecture estim\u00e9e":"3 minutes"},"schema":{"@context":"https:\/\/schema.org","@graph":[{"@type":"Article","@id":"https:\/\/news.save.ch\/mehr-flexibilitaet-im-job-bedeutet-weniger-stress-und-hoehere-zufriedenheit\/#article","isPartOf":{"@id":"https:\/\/news.save.ch\/mehr-flexibilitaet-im-job-bedeutet-weniger-stress-und-hoehere-zufriedenheit\/"},"author":{"name":"stefanie Zeng","@id":"https:\/\/news.save.ch\/de\/#\/schema\/person\/10917387362b3961e882740f6cf6f2a2"},"headline":"Mehr Flexibilit\u00e4t im Job bedeutet weniger Stress und h\u00f6here Zufriedenheit","datePublished":"2024-10-21T09:04:12+00:00","mainEntityOfPage":{"@id":"https:\/\/news.save.ch\/mehr-flexibilitaet-im-job-bedeutet-weniger-stress-und-hoehere-zufriedenheit\/"},"wordCount":424,"publisher":{"@id":"https:\/\/news.save.ch\/de\/#organization"},"image":{"@id":"https:\/\/news.save.ch\/mehr-flexibilitaet-im-job-bedeutet-weniger-stress-und-hoehere-zufriedenheit\/#primaryimage"},"thumbnailUrl":"https:\/\/news.save.ch\/wp-content\/uploads\/2024\/10\/Depositphotos_120759542_S.jpg","keywords":["Arbeitsbedingter Stress","Arbeitszeit","Arbeitszeitgestaltung","Stress","Vereinbarkeit"],"articleSection":["ALLGEMEIN"],"inLanguage":"fr-FR"},{"@type":"WebPage","@id":"https:\/\/news.save.ch\/mehr-flexibilitaet-im-job-bedeutet-weniger-stress-und-hoehere-zufriedenheit\/","url":"https:\/\/news.save.ch\/mehr-flexibilitaet-im-job-bedeutet-weniger-stress-und-hoehere-zufriedenheit\/","name":"Plus de flexibilit\u00e9 au travail signifie moins de stress et une plus grande satisfaction - Save","isPartOf":{"@id":"https:\/\/news.save.ch\/de\/#website"},"primaryImageOfPage":{"@id":"https:\/\/news.save.ch\/mehr-flexibilitaet-im-job-bedeutet-weniger-stress-und-hoehere-zufriedenheit\/#primaryimage"},"image":{"@id":"https:\/\/news.save.ch\/mehr-flexibilitaet-im-job-bedeutet-weniger-stress-und-hoehere-zufriedenheit\/#primaryimage"},"thumbnailUrl":"https:\/\/news.save.ch\/wp-content\/uploads\/2024\/10\/Depositphotos_120759542_S.jpg","datePublished":"2024-10-21T09:04:12+00:00","description":"Une \u00e9tude montre que les mod\u00e8les de travail flexibles sont associ\u00e9s \u00e0 une r\u00e9duction du stress et \u00e0 une plus grande satisfaction au travail.","breadcrumb":{"@id":"https:\/\/news.save.ch\/mehr-flexibilitaet-im-job-bedeutet-weniger-stress-und-hoehere-zufriedenheit\/#breadcrumb"},"inLanguage":"fr-FR","potentialAction":[{"@type":"ReadAction","target":["https:\/\/news.save.ch\/mehr-flexibilitaet-im-job-bedeutet-weniger-stress-und-hoehere-zufriedenheit\/"]}]},{"@type":"ImageObject","inLanguage":"fr-FR","@id":"https:\/\/news.save.ch\/mehr-flexibilitaet-im-job-bedeutet-weniger-stress-und-hoehere-zufriedenheit\/#primaryimage","url":"https:\/\/news.save.ch\/wp-content\/uploads\/2024\/10\/Depositphotos_120759542_S.jpg","contentUrl":"https:\/\/news.save.ch\/wp-content\/uploads\/2024\/10\/Depositphotos_120759542_S.jpg"},{"@type":"BreadcrumbList","@id":"https:\/\/news.save.ch\/mehr-flexibilitaet-im-job-bedeutet-weniger-stress-und-hoehere-zufriedenheit\/#breadcrumb","itemListElement":[{"@type":"ListItem","position":1,"name":"Home","item":"https:\/\/news.save.ch\/de\/"},{"@type":"ListItem","position":2,"name":"Mehr Flexibilit\u00e4t im Job bedeutet weniger Stress und h\u00f6here Zufriedenheit"}]},{"@type":"WebSite","@id":"https:\/\/news.save.ch\/de\/#website","url":"https:\/\/news.save.ch\/de\/","name":"Save","description":"Revue suisse sp\u00e9cialis\u00e9e dans la s\u00e9curit\u00e9","publisher":{"@id":"https:\/\/news.save.ch\/de\/#organization"},"potentialAction":[{"@type":"SearchAction","target":{"@type":"EntryPoint","urlTemplate":"https:\/\/news.save.ch\/de\/?s={search_term_string}"},"query-input":{"@type":"PropertyValueSpecification","valueRequired":true,"valueName":"search_term_string"}}],"inLanguage":"fr-FR"},{"@type":"Organization","@id":"https:\/\/news.save.ch\/de\/#organization","name":"Forum sur la s\u00e9curit\u00e9","url":"https:\/\/news.save.ch\/de\/","logo":{"@type":"ImageObject","inLanguage":"fr-FR","@id":"https:\/\/news.save.ch\/de\/#\/schema\/logo\/image\/","url":"https:\/\/news.save.ch\/wp-content\/uploads\/2022\/06\/Logo_SF_2012.png","contentUrl":"https:\/\/news.save.ch\/wp-content\/uploads\/2022\/06\/Logo_SF_2012.png","width":1100,"height":91,"caption":"Sicherheitsforum"},"image":{"@id":"https:\/\/news.save.ch\/de\/#\/schema\/logo\/image\/"}},{"@type":"Person","@id":"https:\/\/news.save.ch\/de\/#\/schema\/person\/10917387362b3961e882740f6cf6f2a2","name":"stefanie Zeng","image":{"@type":"ImageObject","inLanguage":"fr-FR","@id":"https:\/\/secure.gravatar.com\/avatar\/eac43faa6e40bb2c41068c95c9d78bbd94c476d5efdff7abaab80bb3ea681e06?s=96&d=mm&r=g","url":"https:\/\/secure.gravatar.com\/avatar\/eac43faa6e40bb2c41068c95c9d78bbd94c476d5efdff7abaab80bb3ea681e06?s=96&d=mm&r=g","contentUrl":"https:\/\/secure.gravatar.com\/avatar\/eac43faa6e40bb2c41068c95c9d78bbd94c476d5efdff7abaab80bb3ea681e06?s=96&d=mm&r=g","caption":"stefanie Zeng"},"url":"https:\/\/news.save.ch\/fr\/author\/stefanie-zeng\/"}]}},"_links":{"self":[{"href":"https:\/\/news.save.ch\/fr\/wp-json\/wp\/v2\/posts\/23623","targetHints":{"allow":["GET"]}}],"collection":[{"href":"https:\/\/news.save.ch\/fr\/wp-json\/wp\/v2\/posts"}],"about":[{"href":"https:\/\/news.save.ch\/fr\/wp-json\/wp\/v2\/types\/post"}],"author":[{"embeddable":true,"href":"https:\/\/news.save.ch\/fr\/wp-json\/wp\/v2\/users\/31"}],"replies":[{"embeddable":true,"href":"https:\/\/news.save.ch\/fr\/wp-json\/wp\/v2\/comments?post=23623"}],"version-history":[{"count":2,"href":"https:\/\/news.save.ch\/fr\/wp-json\/wp\/v2\/posts\/23623\/revisions"}],"predecessor-version":[{"id":23626,"href":"https:\/\/news.save.ch\/fr\/wp-json\/wp\/v2\/posts\/23623\/revisions\/23626"}],"wp:attachment":[{"href":"https:\/\/news.save.ch\/fr\/wp-json\/wp\/v2\/media?parent=23623"}],"wp:term":[{"taxonomy":"category","embeddable":true,"href":"https:\/\/news.save.ch\/fr\/wp-json\/wp\/v2\/categories?post=23623"},{"taxonomy":"post_tag","embeddable":true,"href":"https:\/\/news.save.ch\/fr\/wp-json\/wp\/v2\/tags?post=23623"}],"curies":[{"name":"wp","href":"https:\/\/api.w.org\/{rel}","templated":true}]}}