{"id":23632,"date":"2024-10-22T09:53:26","date_gmt":"2024-10-22T07:53:26","guid":{"rendered":"https:\/\/news.save.ch\/?p=23632"},"modified":"2024-10-22T09:53:27","modified_gmt":"2024-10-22T07:53:27","slug":"schutz-bei-arbeiten-in-kaelte-und-wind","status":null,"type":"post","link":"https:\/\/news.save.ch\/fr\/schutz-bei-arbeiten-in-kaelte-und-wind\/","title":{"rendered":"Protection lors de travaux dans le froid et le vent"},"content":{"rendered":"<figure id=\"attachment_23633\" aria-describedby=\"caption-attachment-23633\" style=\"width: 1400px\" class=\"wp-caption alignnone\"><a href=\"https:\/\/news.save.ch\/fr\/schutz-bei-arbeiten-in-kaelte-und-wind\/depositphotos_5457511_xl\/\" rel=\"attachment wp-att-23633\"><img loading=\"lazy\" decoding=\"async\" class=\"size-full wp-image-23633\" src=\"https:\/\/news.save.ch\/wp-content\/uploads\/2024\/10\/Depositphotos_5457511_XL-scaled.jpg\" alt=\"\" width=\"1400\" height=\"930\" srcset=\"https:\/\/news.save.ch\/wp-content\/uploads\/2024\/10\/Depositphotos_5457511_XL-scaled.jpg 1200w, https:\/\/news.save.ch\/wp-content\/uploads\/2024\/10\/Depositphotos_5457511_XL-680x452.jpg 680w, https:\/\/news.save.ch\/wp-content\/uploads\/2024\/10\/Depositphotos_5457511_XL-1024x680.jpg 1024w, https:\/\/news.save.ch\/wp-content\/uploads\/2024\/10\/Depositphotos_5457511_XL-768x510.jpg 768w, https:\/\/news.save.ch\/wp-content\/uploads\/2024\/10\/Depositphotos_5457511_XL-1536x1020.jpg 1536w, https:\/\/news.save.ch\/wp-content\/uploads\/2024\/10\/Depositphotos_5457511_XL-18x12.jpg 18w, https:\/\/news.save.ch\/wp-content\/uploads\/2024\/10\/Depositphotos_5457511_XL-375x249.jpg 375w, https:\/\/news.save.ch\/wp-content\/uploads\/2024\/10\/Depositphotos_5457511_XL-527x350.jpg 527w, https:\/\/news.save.ch\/wp-content\/uploads\/2024\/10\/Depositphotos_5457511_XL-1000x664.jpg 1000w\" sizes=\"auto, (max-width: 1400px) 100vw, 1400px\" \/><\/a><figcaption id=\"caption-attachment-23633\" class=\"wp-caption-text\">Le corps se refroidit rapidement, surtout lorsqu'il y a du vent, lors de travaux en hiver. \u00a9 depositphotos\/kalinovsky<\/figcaption><\/figure>\n<p>La saison froide est \u00e0 nos portes et, tout comme les travailleurs doivent se prot\u00e9ger du soleil en \u00e9t\u00e9, ils doivent \u00e9galement se prot\u00e9ger du froid.<\/p>\n<p>Lors d'activit\u00e9s en plein air, la combinaison de temp\u00e9ratures basses et de vent peut consid\u00e9rablement r\u00e9duire les performances physiques et augmenter le risque d'accident. L'effet \"windchill\" est souvent sous-estim\u00e9 : m\u00eame un vent l\u00e9ger donne l'impression que la temp\u00e9rature est beaucoup plus froide qu'elle ne l'est en r\u00e9alit\u00e9. Le corps se refroidit plus rapidement, ce qui peut entra\u00eener une hypothermie. Cela devient particuli\u00e8rement dangereux lorsque les fonctions physiques sont affect\u00e9es - que ce soit par des doigts engourdis, des muscles raides ou un temps de r\u00e9action ralenti. Les personnes ont plus de mal \u00e0 se concentrer \u00e0 cause du froid et le risque d'accident augmente.<\/p>\n<h3>Le facteur Windchill : qu'est-ce qui se cache derri\u00e8re ?<\/h3>\n<p>Le facteur de refroidissement \u00e9olien d\u00e9crit la diff\u00e9rence entre la temp\u00e9rature r\u00e9elle et la temp\u00e9rature ressentie. Lorsque le vent souffle sur la peau, la couche d'air isolante qui se forme normalement autour du corps est balay\u00e9e. Le corps se refroidit plus rapidement que s'il n'y avait pas de vent, m\u00eame si la temp\u00e9rature mesur\u00e9e n'est pas si basse que cela.<\/p>\n<h3>EPI : le bon \u00e9quipement est essentiel<\/h3>\n<p>Dans ces conditions, seuls des v\u00eatements de protection ad\u00e9quats peuvent aider. Les employeurs sont tenus de fournir des v\u00eatements de protection appropri\u00e9s \u00e0 tous les travailleurs expos\u00e9s au froid. Il s'agit notamment de vestes imperm\u00e9ables au vent et \u00e0 l'eau, de sous-v\u00eatements isolants ainsi que de gants, de couvre-chefs et de chaussures adapt\u00e9s. Ces v\u00eatements doivent \u00eatre conformes aux normes en vigueur et garantir une protection suffisante contre le froid. Il est \u00e9galement important que les v\u00eatements soient respirants afin d'\u00e9vacuer la transpiration vers l'ext\u00e9rieur. En cas de mauvaise visibilit\u00e9, des r\u00e9flecteurs devraient en outre assurer la s\u00e9curit\u00e9 n\u00e9cessaire. Les v\u00eatements de protection us\u00e9s ou insuffisants doivent \u00eatre renouvel\u00e9s \u00e0 temps - les frais sont \u00e0 la charge de l'employeur.<\/p>\n<h3>Salles de s\u00e9jour chauff\u00e9es : des refuges contre le froid<\/h3>\n<p>Lorsque les temp\u00e9ratures sont extr\u00eamement basses, les employeurs devraient veiller \u00e0 offrir r\u00e9guli\u00e8rement aux collaborateurs la possibilit\u00e9 de se retirer dans des locaux de s\u00e9jour chauff\u00e9s. Dans le secteur de la construction en particulier, la loi stipule clairement que de tels locaux doivent \u00eatre prot\u00e9g\u00e9s des intemp\u00e9ries et chauff\u00e9s afin de permettre aux travailleurs de faire une pause \u00e0 une temp\u00e9rature d'au moins 21 \u00b0C. Les travailleurs doivent pouvoir s'y rendre en toute s\u00e9curit\u00e9.<\/p>\n<p>Ces pi\u00e8ces devraient en outre disposer d'un paravent au niveau de la porte ext\u00e9rieure afin de r\u00e9duire au maximum les pertes de chaleur. Des phases d'\u00e9chauffement r\u00e9guli\u00e8res sont essentielles pour que le corps reste chaud et performant.<\/p>\n<h3>Autres mesures pour travailler en s\u00e9curit\u00e9 par temps froid<\/h3>\n<p>Outre les \u00e9quipements de protection individuelle et les salles de pause chauff\u00e9es, il existe toute une s\u00e9rie d'autres mesures qui peuvent am\u00e9liorer la s\u00e9curit\u00e9 en cas de froid :<\/p>\n<ul>\n<li>Limiter le temps de travail \u00e0 l'ext\u00e9rieur : Le temps de travail dans une zone froide doit \u00eatre le plus court possible afin d'\u00e9viter un refroidissement trop important du corps.<\/li>\n<li>Faire des pauses r\u00e9guli\u00e8res dans le travail : Les travailleurs devraient faire des pauses r\u00e9guli\u00e8res pour se r\u00e9chauffer dans des locaux chauff\u00e9s.<\/li>\n<li>Temps de r\u00e9cup\u00e9ration et pauses suppl\u00e9mentaires : des pauses plus longues et plus fr\u00e9quentes aident \u00e0 maintenir la temp\u00e9rature corporelle et \u00e0 pr\u00e9server les performances.<\/li>\n<li>Tapis d'isolation thermique : Les tapis thermo-isolants aident \u00e0 emp\u00eacher le froid d'atteindre le sol, en particulier pour les postes de travail fixes qui n\u00e9cessitent de longues p\u00e9riodes d'immobilisation.<\/li>\n<li>Cabines et si\u00e8ges chauffants : lorsque l'on travaille avec des chariots \u00e9l\u00e9vateurs ou des v\u00e9hicules de chantier, les cabines et les si\u00e8ges chauffants peuvent garantir que le travail reste s\u00fbr et agr\u00e9able malgr\u00e9 le froid.<\/li>\n<li>Boissons chaudes : l'employeur doit veiller \u00e0 ce que des boissons chaudes, comme du th\u00e9 ou du caf\u00e9, soient disponibles pour maintenir le corps au chaud de l'int\u00e9rieur.<\/li>\n<\/ul>\n<p>Le risque d'engelures ou d'hypothermie ne d\u00e9pend pas seulement de la temp\u00e9rature et du vent, mais aussi de facteurs individuels tels que la corpulence, le degr\u00e9 d'activit\u00e9 et l'humidit\u00e9 de l'air. M\u00eame si les conditions ext\u00e9rieures semblent contr\u00f4lables, il est important d'\u00eatre attentif \u00e0 ses propres signaux d'alerte. Les employeurs devraient donc sensibiliser leurs collaborateurs \u00e0 ce sujet.<\/p>\n<figure id=\"attachment_23634\" aria-describedby=\"caption-attachment-23634\" style=\"width: 2750px\" class=\"wp-caption alignnone\"><a href=\"https:\/\/news.save.ch\/fr\/schutz-bei-arbeiten-in-kaelte-und-wind\/bildschirmfoto-2024-10-22-um-09-49-09\/\" rel=\"attachment wp-att-23634\"><img loading=\"lazy\" decoding=\"async\" class=\"size-full wp-image-23634\" src=\"https:\/\/news.save.ch\/wp-content\/uploads\/2024\/10\/Bildschirmfoto-2024-10-22-um-09.49.09.png\" alt=\"\" width=\"2750\" height=\"1334\" srcset=\"https:\/\/news.save.ch\/wp-content\/uploads\/2024\/10\/Bildschirmfoto-2024-10-22-um-09.49.09.png 1200w, https:\/\/news.save.ch\/wp-content\/uploads\/2024\/10\/Bildschirmfoto-2024-10-22-um-09.49.09-680x330.png 680w, https:\/\/news.save.ch\/wp-content\/uploads\/2024\/10\/Bildschirmfoto-2024-10-22-um-09.49.09-1024x497.png 1024w, https:\/\/news.save.ch\/wp-content\/uploads\/2024\/10\/Bildschirmfoto-2024-10-22-um-09.49.09-768x373.png 768w, https:\/\/news.save.ch\/wp-content\/uploads\/2024\/10\/Bildschirmfoto-2024-10-22-um-09.49.09-1536x745.png 1536w, https:\/\/news.save.ch\/wp-content\/uploads\/2024\/10\/Bildschirmfoto-2024-10-22-um-09.49.09-2048x993.png 2048w, https:\/\/news.save.ch\/wp-content\/uploads\/2024\/10\/Bildschirmfoto-2024-10-22-um-09.49.09-18x9.png 18w, https:\/\/news.save.ch\/wp-content\/uploads\/2024\/10\/Bildschirmfoto-2024-10-22-um-09.49.09-375x182.png 375w, https:\/\/news.save.ch\/wp-content\/uploads\/2024\/10\/Bildschirmfoto-2024-10-22-um-09.49.09-722x350.png 722w, https:\/\/news.save.ch\/wp-content\/uploads\/2024\/10\/Bildschirmfoto-2024-10-22-um-09.49.09-1000x485.png 1000w\" sizes=\"auto, (max-width: 2750px) 100vw, 2750px\" \/><\/a><figcaption id=\"caption-attachment-23634\" class=\"wp-caption-text\">DIN 33 403-5:2001-04<\/figcaption><\/figure>\n<p>&nbsp;<\/p>\n<p>Cet article est d'abord paru dans le num\u00e9ro 5\/24 de save. Vous pouvez commander un exemplaire d'essai <a href=\"https:\/\/news.save.ch\/fr\/shop\/\">ici<\/a> commander.<\/p>","protected":false},"excerpt":{"rendered":"<p>Die kalte Jahreszeit steht vor der T\u00fcr und so wie sich Arbeitnehmer im Sommer vor der Sonne sch\u00fctzen m\u00fcssen, muss auch der Schutz vor K\u00e4lte gew\u00e4hrleistet sein. Bei T\u00e4tigkeiten im Freien kann die Kombination aus niedrigen Temperaturen und Wind die k\u00f6rperliche Leistungsf\u00e4higkeit erheblich beeintr\u00e4chtigen und das Unfallrisiko erh\u00f6hen. Untersch\u00e4tzt wird dabei oft der sogenannte Windchill-\u00adEffekt: [&hellip;]<\/p>\n","protected":false},"author":31,"featured_media":0,"comment_status":"closed","ping_status":"closed","sticky":false,"template":"","format":"standard","meta":{"_acf_changed":false,"pgc_sgb_lightbox_settings":"","footnotes":""},"categories":[3314],"tags":[6465,6466,3251],"class_list":["post-23632","post","type-post","status-publish","format-standard","hentry","category-health-safety","tag-kaelte","tag-kaelteschutz","tag-winter"],"acf":[],"hkrextid":null,"publication":null,"issue":null,"workflow":null,"startPage":null,"spitzmarke":null,"_posts_by_tag_page_fields":null,"_at_widget":null,"_yoast_wpseo_primary_category":"3314","_yoast_wpseo_focuskw_text_input":null,"_yoast_wpseo_opengraph-image":null,"_yoast_wpseo_opengraph-description":null,"_yoast_wpseo_opengraph-title":null,"enclosure":null,"_yoast_wpseo_twitter-title":null,"_yoast_wpseo_twitter-description":null,"_yoast_wpseo_twitter-image":null,"_wp_old_slug":null,"_yoast_wpseo_title":null,"_yoast_wpseo_canonical":null,"yoast_head":"<!-- This site is optimized with the Yoast SEO plugin v27.5 - https:\/\/yoast.com\/product\/yoast-seo-wordpress\/ -->\n<title>Schutz bei Arbeiten in K\u00e4lte und Wind - Save<\/title>\n<meta name=\"description\" content=\"Wer bei eisigen Temperaturen im Freien arbeitet, kann sich unterk\u00fchlen oder sich Erfrierungen einhandeln.\" \/>\n<meta name=\"robots\" content=\"index, follow, max-snippet:-1, max-image-preview:large, max-video-preview:-1\" \/>\n<link rel=\"canonical\" href=\"https:\/\/news.save.ch\/fr\/schutz-bei-arbeiten-in-kaelte-und-wind\/\" \/>\n<meta property=\"og:locale\" content=\"fr_FR\" \/>\n<meta property=\"og:type\" content=\"article\" \/>\n<meta property=\"og:title\" content=\"Schutz bei Arbeiten in K\u00e4lte und Wind - Save\" \/>\n<meta property=\"og:description\" content=\"Wer bei eisigen Temperaturen im Freien arbeitet, kann sich unterk\u00fchlen oder sich Erfrierungen einhandeln.\" \/>\n<meta property=\"og:url\" content=\"https:\/\/news.save.ch\/fr\/schutz-bei-arbeiten-in-kaelte-und-wind\/\" \/>\n<meta property=\"og:site_name\" content=\"Save\" \/>\n<meta property=\"article:published_time\" content=\"2024-10-22T07:53:26+00:00\" \/>\n<meta property=\"article:modified_time\" content=\"2024-10-22T07:53:27+00:00\" \/>\n<meta property=\"og:image\" content=\"https:\/\/news.save.ch\/wp-content\/uploads\/2024\/10\/Depositphotos_5457511_XL-scaled.jpg\" \/>\n\t<meta property=\"og:image:width\" content=\"1200\" \/>\n\t<meta property=\"og:image:height\" content=\"797\" \/>\n\t<meta property=\"og:image:type\" content=\"image\/jpeg\" \/>\n<meta name=\"author\" content=\"stefanie Zeng\" \/>\n<meta name=\"twitter:card\" content=\"summary_large_image\" \/>\n<meta name=\"twitter:label1\" content=\"\u00c9crit par\" \/>\n\t<meta name=\"twitter:data1\" content=\"stefanie Zeng\" \/>\n\t<meta name=\"twitter:label2\" content=\"Dur\u00e9e de lecture estim\u00e9e\" \/>\n\t<meta name=\"twitter:data2\" content=\"4 minutes\" \/>\n<script type=\"application\/ld+json\" class=\"yoast-schema-graph\">{\"@context\":\"https:\\\/\\\/schema.org\",\"@graph\":[{\"@type\":\"Article\",\"@id\":\"https:\\\/\\\/news.save.ch\\\/schutz-bei-arbeiten-in-kaelte-und-wind\\\/#article\",\"isPartOf\":{\"@id\":\"https:\\\/\\\/news.save.ch\\\/schutz-bei-arbeiten-in-kaelte-und-wind\\\/\"},\"author\":{\"name\":\"stefanie Zeng\",\"@id\":\"https:\\\/\\\/news.save.ch\\\/de\\\/#\\\/schema\\\/person\\\/10917387362b3961e882740f6cf6f2a2\"},\"headline\":\"Schutz bei Arbeiten in K\u00e4lte und Wind\",\"datePublished\":\"2024-10-22T07:53:26+00:00\",\"dateModified\":\"2024-10-22T07:53:27+00:00\",\"mainEntityOfPage\":{\"@id\":\"https:\\\/\\\/news.save.ch\\\/schutz-bei-arbeiten-in-kaelte-und-wind\\\/\"},\"wordCount\":721,\"publisher\":{\"@id\":\"https:\\\/\\\/news.save.ch\\\/de\\\/#organization\"},\"image\":{\"@id\":\"https:\\\/\\\/news.save.ch\\\/schutz-bei-arbeiten-in-kaelte-und-wind\\\/#primaryimage\"},\"thumbnailUrl\":\"https:\\\/\\\/news.save.ch\\\/wp-content\\\/uploads\\\/2024\\\/10\\\/Depositphotos_5457511_XL-scaled.jpg\",\"keywords\":[\"K\u00e4lte\",\"K\u00e4lteschutz\",\"Winter\"],\"articleSection\":[\"HEALTH &amp; SAFETY\"],\"inLanguage\":\"fr-FR\"},{\"@type\":\"WebPage\",\"@id\":\"https:\\\/\\\/news.save.ch\\\/schutz-bei-arbeiten-in-kaelte-und-wind\\\/\",\"url\":\"https:\\\/\\\/news.save.ch\\\/schutz-bei-arbeiten-in-kaelte-und-wind\\\/\",\"name\":\"Schutz bei Arbeiten in K\u00e4lte und Wind - Save\",\"isPartOf\":{\"@id\":\"https:\\\/\\\/news.save.ch\\\/de\\\/#website\"},\"primaryImageOfPage\":{\"@id\":\"https:\\\/\\\/news.save.ch\\\/schutz-bei-arbeiten-in-kaelte-und-wind\\\/#primaryimage\"},\"image\":{\"@id\":\"https:\\\/\\\/news.save.ch\\\/schutz-bei-arbeiten-in-kaelte-und-wind\\\/#primaryimage\"},\"thumbnailUrl\":\"https:\\\/\\\/news.save.ch\\\/wp-content\\\/uploads\\\/2024\\\/10\\\/Depositphotos_5457511_XL-scaled.jpg\",\"datePublished\":\"2024-10-22T07:53:26+00:00\",\"dateModified\":\"2024-10-22T07:53:27+00:00\",\"description\":\"Wer bei eisigen Temperaturen im Freien arbeitet, kann sich unterk\u00fchlen oder sich Erfrierungen einhandeln.\",\"breadcrumb\":{\"@id\":\"https:\\\/\\\/news.save.ch\\\/schutz-bei-arbeiten-in-kaelte-und-wind\\\/#breadcrumb\"},\"inLanguage\":\"fr-FR\",\"potentialAction\":[{\"@type\":\"ReadAction\",\"target\":[\"https:\\\/\\\/news.save.ch\\\/schutz-bei-arbeiten-in-kaelte-und-wind\\\/\"]}]},{\"@type\":\"ImageObject\",\"inLanguage\":\"fr-FR\",\"@id\":\"https:\\\/\\\/news.save.ch\\\/schutz-bei-arbeiten-in-kaelte-und-wind\\\/#primaryimage\",\"url\":\"https:\\\/\\\/news.save.ch\\\/wp-content\\\/uploads\\\/2024\\\/10\\\/Depositphotos_5457511_XL-scaled.jpg\",\"contentUrl\":\"https:\\\/\\\/news.save.ch\\\/wp-content\\\/uploads\\\/2024\\\/10\\\/Depositphotos_5457511_XL-scaled.jpg\"},{\"@type\":\"BreadcrumbList\",\"@id\":\"https:\\\/\\\/news.save.ch\\\/schutz-bei-arbeiten-in-kaelte-und-wind\\\/#breadcrumb\",\"itemListElement\":[{\"@type\":\"ListItem\",\"position\":1,\"name\":\"Home\",\"item\":\"https:\\\/\\\/news.save.ch\\\/de\\\/\"},{\"@type\":\"ListItem\",\"position\":2,\"name\":\"Schutz bei Arbeiten in K\u00e4lte und Wind\"}]},{\"@type\":\"WebSite\",\"@id\":\"https:\\\/\\\/news.save.ch\\\/de\\\/#website\",\"url\":\"https:\\\/\\\/news.save.ch\\\/de\\\/\",\"name\":\"Save\",\"description\":\"Schweizer Fachzeitschrift f\u00fcr Sicherheit\",\"publisher\":{\"@id\":\"https:\\\/\\\/news.save.ch\\\/de\\\/#organization\"},\"potentialAction\":[{\"@type\":\"SearchAction\",\"target\":{\"@type\":\"EntryPoint\",\"urlTemplate\":\"https:\\\/\\\/news.save.ch\\\/de\\\/?s={search_term_string}\"},\"query-input\":{\"@type\":\"PropertyValueSpecification\",\"valueRequired\":true,\"valueName\":\"search_term_string\"}}],\"inLanguage\":\"fr-FR\"},{\"@type\":\"Organization\",\"@id\":\"https:\\\/\\\/news.save.ch\\\/de\\\/#organization\",\"name\":\"Sicherheitsforum\",\"url\":\"https:\\\/\\\/news.save.ch\\\/de\\\/\",\"logo\":{\"@type\":\"ImageObject\",\"inLanguage\":\"fr-FR\",\"@id\":\"https:\\\/\\\/news.save.ch\\\/de\\\/#\\\/schema\\\/logo\\\/image\\\/\",\"url\":\"https:\\\/\\\/news.save.ch\\\/wp-content\\\/uploads\\\/2022\\\/06\\\/Logo_SF_2012.png\",\"contentUrl\":\"https:\\\/\\\/news.save.ch\\\/wp-content\\\/uploads\\\/2022\\\/06\\\/Logo_SF_2012.png\",\"width\":1100,\"height\":91,\"caption\":\"Sicherheitsforum\"},\"image\":{\"@id\":\"https:\\\/\\\/news.save.ch\\\/de\\\/#\\\/schema\\\/logo\\\/image\\\/\"}},{\"@type\":\"Person\",\"@id\":\"https:\\\/\\\/news.save.ch\\\/de\\\/#\\\/schema\\\/person\\\/10917387362b3961e882740f6cf6f2a2\",\"name\":\"stefanie Zeng\",\"image\":{\"@type\":\"ImageObject\",\"inLanguage\":\"fr-FR\",\"@id\":\"https:\\\/\\\/secure.gravatar.com\\\/avatar\\\/eac43faa6e40bb2c41068c95c9d78bbd94c476d5efdff7abaab80bb3ea681e06?s=96&d=mm&r=g\",\"url\":\"https:\\\/\\\/secure.gravatar.com\\\/avatar\\\/eac43faa6e40bb2c41068c95c9d78bbd94c476d5efdff7abaab80bb3ea681e06?s=96&d=mm&r=g\",\"contentUrl\":\"https:\\\/\\\/secure.gravatar.com\\\/avatar\\\/eac43faa6e40bb2c41068c95c9d78bbd94c476d5efdff7abaab80bb3ea681e06?s=96&d=mm&r=g\",\"caption\":\"stefanie Zeng\"},\"url\":\"https:\\\/\\\/news.save.ch\\\/fr\\\/author\\\/stefanie-zeng\\\/\"}]}<\/script>\n<!-- \/ Yoast SEO plugin. -->","yoast_head_json":{"title":"Protection pour les travaux dans le froid et le vent - Save","description":"Les personnes qui travaillent \u00e0 l'ext\u00e9rieur par des temp\u00e9ratures glaciales risquent de souffrir d'hypothermie ou de gelures.","robots":{"index":"index","follow":"follow","max-snippet":"max-snippet:-1","max-image-preview":"max-image-preview:large","max-video-preview":"max-video-preview:-1"},"canonical":"https:\/\/news.save.ch\/fr\/schutz-bei-arbeiten-in-kaelte-und-wind\/","og_locale":"fr_FR","og_type":"article","og_title":"Schutz bei Arbeiten in K\u00e4lte und Wind - Save","og_description":"Wer bei eisigen Temperaturen im Freien arbeitet, kann sich unterk\u00fchlen oder sich Erfrierungen einhandeln.","og_url":"https:\/\/news.save.ch\/fr\/schutz-bei-arbeiten-in-kaelte-und-wind\/","og_site_name":"Save","article_published_time":"2024-10-22T07:53:26+00:00","article_modified_time":"2024-10-22T07:53:27+00:00","og_image":[{"width":1200,"height":797,"url":"https:\/\/news.save.ch\/wp-content\/uploads\/2024\/10\/Depositphotos_5457511_XL-scaled.jpg","type":"image\/jpeg"}],"author":"stefanie Zeng","twitter_card":"summary_large_image","twitter_misc":{"\u00c9crit par":"stefanie Zeng","Dur\u00e9e de lecture estim\u00e9e":"4 minutes"},"schema":{"@context":"https:\/\/schema.org","@graph":[{"@type":"Article","@id":"https:\/\/news.save.ch\/schutz-bei-arbeiten-in-kaelte-und-wind\/#article","isPartOf":{"@id":"https:\/\/news.save.ch\/schutz-bei-arbeiten-in-kaelte-und-wind\/"},"author":{"name":"stefanie Zeng","@id":"https:\/\/news.save.ch\/de\/#\/schema\/person\/10917387362b3961e882740f6cf6f2a2"},"headline":"Schutz bei Arbeiten in K\u00e4lte und Wind","datePublished":"2024-10-22T07:53:26+00:00","dateModified":"2024-10-22T07:53:27+00:00","mainEntityOfPage":{"@id":"https:\/\/news.save.ch\/schutz-bei-arbeiten-in-kaelte-und-wind\/"},"wordCount":721,"publisher":{"@id":"https:\/\/news.save.ch\/de\/#organization"},"image":{"@id":"https:\/\/news.save.ch\/schutz-bei-arbeiten-in-kaelte-und-wind\/#primaryimage"},"thumbnailUrl":"https:\/\/news.save.ch\/wp-content\/uploads\/2024\/10\/Depositphotos_5457511_XL-scaled.jpg","keywords":["K\u00e4lte","K\u00e4lteschutz","Winter"],"articleSection":["HEALTH &amp; SAFETY"],"inLanguage":"fr-FR"},{"@type":"WebPage","@id":"https:\/\/news.save.ch\/schutz-bei-arbeiten-in-kaelte-und-wind\/","url":"https:\/\/news.save.ch\/schutz-bei-arbeiten-in-kaelte-und-wind\/","name":"Protection pour les travaux dans le froid et le vent - Save","isPartOf":{"@id":"https:\/\/news.save.ch\/de\/#website"},"primaryImageOfPage":{"@id":"https:\/\/news.save.ch\/schutz-bei-arbeiten-in-kaelte-und-wind\/#primaryimage"},"image":{"@id":"https:\/\/news.save.ch\/schutz-bei-arbeiten-in-kaelte-und-wind\/#primaryimage"},"thumbnailUrl":"https:\/\/news.save.ch\/wp-content\/uploads\/2024\/10\/Depositphotos_5457511_XL-scaled.jpg","datePublished":"2024-10-22T07:53:26+00:00","dateModified":"2024-10-22T07:53:27+00:00","description":"Les personnes qui travaillent \u00e0 l'ext\u00e9rieur par des temp\u00e9ratures glaciales risquent de souffrir d'hypothermie ou de gelures.","breadcrumb":{"@id":"https:\/\/news.save.ch\/schutz-bei-arbeiten-in-kaelte-und-wind\/#breadcrumb"},"inLanguage":"fr-FR","potentialAction":[{"@type":"ReadAction","target":["https:\/\/news.save.ch\/schutz-bei-arbeiten-in-kaelte-und-wind\/"]}]},{"@type":"ImageObject","inLanguage":"fr-FR","@id":"https:\/\/news.save.ch\/schutz-bei-arbeiten-in-kaelte-und-wind\/#primaryimage","url":"https:\/\/news.save.ch\/wp-content\/uploads\/2024\/10\/Depositphotos_5457511_XL-scaled.jpg","contentUrl":"https:\/\/news.save.ch\/wp-content\/uploads\/2024\/10\/Depositphotos_5457511_XL-scaled.jpg"},{"@type":"BreadcrumbList","@id":"https:\/\/news.save.ch\/schutz-bei-arbeiten-in-kaelte-und-wind\/#breadcrumb","itemListElement":[{"@type":"ListItem","position":1,"name":"Home","item":"https:\/\/news.save.ch\/de\/"},{"@type":"ListItem","position":2,"name":"Schutz bei Arbeiten in K\u00e4lte und Wind"}]},{"@type":"WebSite","@id":"https:\/\/news.save.ch\/de\/#website","url":"https:\/\/news.save.ch\/de\/","name":"Save","description":"Revue suisse sp\u00e9cialis\u00e9e dans la s\u00e9curit\u00e9","publisher":{"@id":"https:\/\/news.save.ch\/de\/#organization"},"potentialAction":[{"@type":"SearchAction","target":{"@type":"EntryPoint","urlTemplate":"https:\/\/news.save.ch\/de\/?s={search_term_string}"},"query-input":{"@type":"PropertyValueSpecification","valueRequired":true,"valueName":"search_term_string"}}],"inLanguage":"fr-FR"},{"@type":"Organization","@id":"https:\/\/news.save.ch\/de\/#organization","name":"Forum sur la s\u00e9curit\u00e9","url":"https:\/\/news.save.ch\/de\/","logo":{"@type":"ImageObject","inLanguage":"fr-FR","@id":"https:\/\/news.save.ch\/de\/#\/schema\/logo\/image\/","url":"https:\/\/news.save.ch\/wp-content\/uploads\/2022\/06\/Logo_SF_2012.png","contentUrl":"https:\/\/news.save.ch\/wp-content\/uploads\/2022\/06\/Logo_SF_2012.png","width":1100,"height":91,"caption":"Sicherheitsforum"},"image":{"@id":"https:\/\/news.save.ch\/de\/#\/schema\/logo\/image\/"}},{"@type":"Person","@id":"https:\/\/news.save.ch\/de\/#\/schema\/person\/10917387362b3961e882740f6cf6f2a2","name":"stefanie Zeng","image":{"@type":"ImageObject","inLanguage":"fr-FR","@id":"https:\/\/secure.gravatar.com\/avatar\/eac43faa6e40bb2c41068c95c9d78bbd94c476d5efdff7abaab80bb3ea681e06?s=96&d=mm&r=g","url":"https:\/\/secure.gravatar.com\/avatar\/eac43faa6e40bb2c41068c95c9d78bbd94c476d5efdff7abaab80bb3ea681e06?s=96&d=mm&r=g","contentUrl":"https:\/\/secure.gravatar.com\/avatar\/eac43faa6e40bb2c41068c95c9d78bbd94c476d5efdff7abaab80bb3ea681e06?s=96&d=mm&r=g","caption":"stefanie Zeng"},"url":"https:\/\/news.save.ch\/fr\/author\/stefanie-zeng\/"}]}},"_links":{"self":[{"href":"https:\/\/news.save.ch\/fr\/wp-json\/wp\/v2\/posts\/23632","targetHints":{"allow":["GET"]}}],"collection":[{"href":"https:\/\/news.save.ch\/fr\/wp-json\/wp\/v2\/posts"}],"about":[{"href":"https:\/\/news.save.ch\/fr\/wp-json\/wp\/v2\/types\/post"}],"author":[{"embeddable":true,"href":"https:\/\/news.save.ch\/fr\/wp-json\/wp\/v2\/users\/31"}],"replies":[{"embeddable":true,"href":"https:\/\/news.save.ch\/fr\/wp-json\/wp\/v2\/comments?post=23632"}],"version-history":[{"count":2,"href":"https:\/\/news.save.ch\/fr\/wp-json\/wp\/v2\/posts\/23632\/revisions"}],"predecessor-version":[{"id":23636,"href":"https:\/\/news.save.ch\/fr\/wp-json\/wp\/v2\/posts\/23632\/revisions\/23636"}],"wp:attachment":[{"href":"https:\/\/news.save.ch\/fr\/wp-json\/wp\/v2\/media?parent=23632"}],"wp:term":[{"taxonomy":"category","embeddable":true,"href":"https:\/\/news.save.ch\/fr\/wp-json\/wp\/v2\/categories?post=23632"},{"taxonomy":"post_tag","embeddable":true,"href":"https:\/\/news.save.ch\/fr\/wp-json\/wp\/v2\/tags?post=23632"}],"curies":[{"name":"wp","href":"https:\/\/api.w.org\/{rel}","templated":true}]}}