{"id":23677,"date":"2024-11-04T10:33:37","date_gmt":"2024-11-04T09:33:37","guid":{"rendered":"https:\/\/news.save.ch\/?p=23677"},"modified":"2024-11-04T10:33:41","modified_gmt":"2024-11-04T09:33:41","slug":"klimawandel-fuehrt-zu-mehr-alpinen-gefahren","status":null,"type":"post","link":"https:\/\/news.save.ch\/fr\/klimawandel-fuehrt-zu-mehr-alpinen-gefahren\/","title":{"rendered":"Le changement climatique entra\u00eene une augmentation des dangers alpins"},"content":{"rendered":"<div>\n<figure id=\"attachment_23678\" aria-describedby=\"caption-attachment-23678\" style=\"width: 933px\" class=\"wp-caption alignnone\"><a href=\"https:\/\/news.save.ch\/fr\/klimawandel-fuehrt-zu-mehr-alpinen-gefahren\/debrisflow_46_060728_cog_cgwerder_wsl\/\" rel=\"attachment wp-att-23678\"><img loading=\"lazy\" decoding=\"async\" class=\"wp-image-23678 size-full\" src=\"https:\/\/news.save.ch\/wp-content\/uploads\/2024\/11\/DebrisFlow_46_060728_CoG_CGwerder_WSL-scaled-e1730712743709.jpg\" alt=\"\" width=\"933\" height=\"571\" srcset=\"https:\/\/news.save.ch\/wp-content\/uploads\/2024\/11\/DebrisFlow_46_060728_CoG_CGwerder_WSL-scaled-e1730712743709.jpg 933w, https:\/\/news.save.ch\/wp-content\/uploads\/2024\/11\/DebrisFlow_46_060728_CoG_CGwerder_WSL-scaled-e1730712743709-680x416.jpg 680w, https:\/\/news.save.ch\/wp-content\/uploads\/2024\/11\/DebrisFlow_46_060728_CoG_CGwerder_WSL-scaled-e1730712743709-768x470.jpg 768w, https:\/\/news.save.ch\/wp-content\/uploads\/2024\/11\/DebrisFlow_46_060728_CoG_CGwerder_WSL-scaled-e1730712743709-18x12.jpg 18w, https:\/\/news.save.ch\/wp-content\/uploads\/2024\/11\/DebrisFlow_46_060728_CoG_CGwerder_WSL-scaled-e1730712743709-375x230.jpg 375w, https:\/\/news.save.ch\/wp-content\/uploads\/2024\/11\/DebrisFlow_46_060728_CoG_CGwerder_WSL-scaled-e1730712743709-572x350.jpg 572w\" sizes=\"auto, (max-width: 933px) 100vw, 933px\" \/><\/a><figcaption id=\"caption-attachment-23678\" class=\"wp-caption-text\">Des laves torrentielles comme celle-ci pourraient \u00e0 l'avenir se produire dans des r\u00e9gions o\u00f9 il n'y avait pas de laves torrentielles jusqu'\u00e0 pr\u00e9sent. (Photo : Corina Gwerder \/ SLF)<\/figcaption><\/figure>\n<p>&nbsp;<\/p>\n<\/div>\n<div>Le changement climatique intensifie en maints endroits les dangers naturels en montagne et place ainsi l'espace alpin devant des d\u00e9fis particuliers. C'est ce qui ressort d'une \u00e9tude coordonn\u00e9e conjointement par Samuel Weber, expert en permafrost au SLF, et Myl\u00e8ne Jacquemart, glaciologue au WSL et \u00e0 l'ETH Zurich, dans le cadre du programme de recherche CCAMM du WSL. \"Nos observations soulignent clairement l'impact du changement climatique sur les mouvements de masse en montagne\", explique Samuel Weber, scientifique du SLF. L'\u00e9quipe internationale a analys\u00e9 plus de trois cents travaux scientifiques r\u00e9alis\u00e9s au cours des trois derni\u00e8res d\u00e9cennies. \"Nous nous sommes concentr\u00e9s sur les processus les plus fr\u00e9quents dans les Alpes, \u00e0 savoir les chutes de pierres, les \u00e9boulements, les laves torrentielles, les avalanches de glace et les avalanches de neige\", explique Jacquemart pour expliquer la d\u00e9marche. Les r\u00e9sultats :<\/div>\n<div><\/div>\n<ul>\n<li><strong>Chute de pierres :<\/strong> L'activit\u00e9 a augment\u00e9 au cours des derni\u00e8res d\u00e9cennies, mais uniquement dans les hautes Alpes. Le permafrost y d\u00e9g\u00e8le (voir encadr\u00e9) et les glaciers reculent. Cela affaiblit la roche et favorise le d\u00e9tachement de pierres et de masses rocheuses.<\/li>\n<li><strong>\u00c9boulement :<\/strong> Il existe comparativement peu de donn\u00e9es sur ces \u00e9v\u00e9nements majeurs. \"M\u00eame s'il n'est pas encore possible de tirer une conclusion claire, de nombreux \u00e9l\u00e9ments indiquent que les \u00e9boulements sont aujourd'hui plus fr\u00e9quents\", explique Weber.<\/li>\n<li><strong>Les laves torrentielles :<\/strong> Il est clair que le nombre de fortes pr\u00e9cipitations susceptibles de d\u00e9clencher des coul\u00e9es de boue a augment\u00e9. \"Mais seulement la moiti\u00e9 des \u00e9tudes examin\u00e9es indiquent une augmentation des laves torrentielles\", explique Jacquemart. Selon lui, il existe toutefois des signes d'une activit\u00e9 accrue au-dessus de la limite des arbres et dans des r\u00e9gions qui n'ont pas \u00e9t\u00e9 touch\u00e9es jusqu'\u00e0 pr\u00e9sent. L\u00e0, en raison du recul des glaciers et de l'augmentation des chutes de pierres, il y a davantage de mat\u00e9riaux meubles disponibles que les pr\u00e9cipitations peuvent mettre en mouvement.<\/li>\n<li><strong>Avalanches :<\/strong> \"L'activit\u00e9 diminue \u00e0 basse altitude, car les quantit\u00e9s de neige y sont moindres. En revanche, \u00e0 haute altitude, l'activit\u00e9 avalancheuse a l\u00e9g\u00e8rement augment\u00e9\", explique Weber. Parall\u00e8lement, leur nature \u00e9volue. De nos jours, les avalanches de neige s\u00e8che se produisent en moyenne moins souvent, les avalanches de neige mouill\u00e9e sont plus fr\u00e9quentes.<\/li>\n<li><strong>Avalanches de glace :<\/strong> En de nombreux endroits, les avalanches de glace disparaissent avec les glaciers. Toutefois, des observations r\u00e9gionales indiquent que les avalanches de glace de grande ampleur sont plus fr\u00e9quentes depuis le d\u00e9but du mill\u00e9naire. \"Il faut encore \u00e9tudier plus avant o\u00f9 et comment les avalanches de glace changent exactement\", admet Jacquemart.<\/li>\n<\/ul>\n<div>Tout cela n'est pas inattendu. Jacquemart et Weber renvoient au premier rapport d'\u00e9valuation du GIEC datant de 1990, qui pr\u00e9voyait d\u00e9j\u00e0 une augmentation des dangers alpins en raison du changement climatique. Si le r\u00e9chauffement se poursuit, les avalanches de neige et de glace se feront plus rares d'ici la fin du 21e si\u00e8cle, pr\u00e9voient les chercheurs.<\/div>\n<div><\/div>\n<div>Parall\u00e8lement, le permafrost continue de se r\u00e9chauffer, m\u00eame \u00e0 haute altitude. C'est pourquoi les chercheurs partent du principe que les chutes de pierres, les laves torrentielles et les \u00e9boulements deviendront plus fr\u00e9quents. \"Ce changement place la soci\u00e9t\u00e9 de l'espace alpin devant de grands d\u00e9fis\", soulignent Jacquemart et Weber.<\/div>\n<div><\/div>","protected":false},"excerpt":{"rendered":"<p>&nbsp; Der Klimawandel intensiviert vielerorts Naturgefahren in den Bergen und stellt den Alpenraum damit vor besondere Herausforderungen. Das geht aus einer Studie hervor, die SLF-Permafrost-Experte Samuel Weber und Glaziologin Myl\u00e8ne Jacquemart von der WSL und ETH Z\u00fcrich im Rahmen des WSL-Forschungsprogramms CCAMM gemeinsam koordiniert haben. \u00abUnsere Beobachtungen unterstreichen deutlich die Auswirkungen des Klimawandels auf Massenbewegungen [&hellip;]<\/p>\n","protected":false},"author":31,"featured_media":23678,"comment_status":"closed","ping_status":"closed","sticky":false,"template":"","format":"standard","meta":{"_acf_changed":false,"pgc_sgb_lightbox_settings":"","footnotes":""},"categories":[3314],"tags":[6471,2001,794,6472,6473],"class_list":["post-23677","post","type-post","status-publish","format-standard","has-post-thumbnail","hentry","category-health-safety","tag-alpen","tag-eth","tag-klimawandel","tag-murgang","tag-wsl"],"acf":[],"hkrextid":null,"publication":null,"issue":null,"workflow":null,"startPage":null,"spitzmarke":null,"_posts_by_tag_page_fields":null,"_at_widget":null,"_yoast_wpseo_primary_category":"3314","_yoast_wpseo_focuskw_text_input":null,"_yoast_wpseo_opengraph-image":null,"_yoast_wpseo_opengraph-description":null,"_yoast_wpseo_opengraph-title":null,"enclosure":null,"_yoast_wpseo_twitter-title":null,"_yoast_wpseo_twitter-description":null,"_yoast_wpseo_twitter-image":null,"_wp_old_slug":null,"_yoast_wpseo_title":null,"_yoast_wpseo_canonical":null,"yoast_head":"<!-- This site is optimized with the Yoast SEO plugin v27.5 - https:\/\/yoast.com\/product\/yoast-seo-wordpress\/ -->\n<title>Klimawandel f\u00fchrt zu mehr alpinen Gefahren - Save<\/title>\n<meta name=\"description\" content=\"Der Klimawandel intensiviert vielerorts Naturgefahren in den Bergen und stellt den Alpenraum damit vor besondere Herausforderungen.\" \/>\n<meta name=\"robots\" content=\"index, follow, max-snippet:-1, max-image-preview:large, max-video-preview:-1\" \/>\n<link rel=\"canonical\" href=\"https:\/\/news.save.ch\/fr\/klimawandel-fuehrt-zu-mehr-alpinen-gefahren\/\" \/>\n<meta property=\"og:locale\" content=\"fr_FR\" \/>\n<meta property=\"og:type\" content=\"article\" \/>\n<meta property=\"og:title\" content=\"Klimawandel f\u00fchrt zu mehr alpinen Gefahren - Save\" \/>\n<meta property=\"og:description\" content=\"Der Klimawandel intensiviert vielerorts Naturgefahren in den Bergen und stellt den Alpenraum damit vor besondere Herausforderungen.\" \/>\n<meta property=\"og:url\" content=\"https:\/\/news.save.ch\/fr\/klimawandel-fuehrt-zu-mehr-alpinen-gefahren\/\" \/>\n<meta property=\"og:site_name\" content=\"Save\" \/>\n<meta property=\"article:published_time\" content=\"2024-11-04T09:33:37+00:00\" \/>\n<meta property=\"article:modified_time\" content=\"2024-11-04T09:33:41+00:00\" \/>\n<meta property=\"og:image\" content=\"https:\/\/news.save.ch\/wp-content\/uploads\/2024\/11\/DebrisFlow_46_060728_CoG_CGwerder_WSL-scaled-e1730712743709.jpg\" \/>\n\t<meta property=\"og:image:width\" content=\"933\" \/>\n\t<meta property=\"og:image:height\" content=\"571\" \/>\n\t<meta property=\"og:image:type\" content=\"image\/jpeg\" \/>\n<meta name=\"author\" content=\"stefanie Zeng\" \/>\n<meta name=\"twitter:card\" content=\"summary_large_image\" \/>\n<meta name=\"twitter:label1\" content=\"\u00c9crit par\" \/>\n\t<meta name=\"twitter:data1\" content=\"stefanie Zeng\" \/>\n\t<meta name=\"twitter:label2\" content=\"Dur\u00e9e de lecture estim\u00e9e\" \/>\n\t<meta name=\"twitter:data2\" content=\"3 minutes\" \/>\n<script type=\"application\/ld+json\" class=\"yoast-schema-graph\">{\"@context\":\"https:\\\/\\\/schema.org\",\"@graph\":[{\"@type\":\"Article\",\"@id\":\"https:\\\/\\\/news.save.ch\\\/klimawandel-fuehrt-zu-mehr-alpinen-gefahren\\\/#article\",\"isPartOf\":{\"@id\":\"https:\\\/\\\/news.save.ch\\\/klimawandel-fuehrt-zu-mehr-alpinen-gefahren\\\/\"},\"author\":{\"name\":\"stefanie Zeng\",\"@id\":\"https:\\\/\\\/news.save.ch\\\/de\\\/#\\\/schema\\\/person\\\/10917387362b3961e882740f6cf6f2a2\"},\"headline\":\"Klimawandel f\u00fchrt zu mehr alpinen Gefahren\",\"datePublished\":\"2024-11-04T09:33:37+00:00\",\"dateModified\":\"2024-11-04T09:33:41+00:00\",\"mainEntityOfPage\":{\"@id\":\"https:\\\/\\\/news.save.ch\\\/klimawandel-fuehrt-zu-mehr-alpinen-gefahren\\\/\"},\"wordCount\":480,\"publisher\":{\"@id\":\"https:\\\/\\\/news.save.ch\\\/de\\\/#organization\"},\"image\":{\"@id\":\"https:\\\/\\\/news.save.ch\\\/klimawandel-fuehrt-zu-mehr-alpinen-gefahren\\\/#primaryimage\"},\"thumbnailUrl\":\"https:\\\/\\\/news.save.ch\\\/wp-content\\\/uploads\\\/2024\\\/11\\\/DebrisFlow_46_060728_CoG_CGwerder_WSL-scaled-e1730712743709.jpg\",\"keywords\":[\"Alpen\",\"ETH\",\"Klimawandel\",\"Murgang\",\"WSL\"],\"articleSection\":[\"HEALTH &amp; SAFETY\"],\"inLanguage\":\"fr-FR\"},{\"@type\":\"WebPage\",\"@id\":\"https:\\\/\\\/news.save.ch\\\/klimawandel-fuehrt-zu-mehr-alpinen-gefahren\\\/\",\"url\":\"https:\\\/\\\/news.save.ch\\\/klimawandel-fuehrt-zu-mehr-alpinen-gefahren\\\/\",\"name\":\"Klimawandel f\u00fchrt zu mehr alpinen Gefahren - Save\",\"isPartOf\":{\"@id\":\"https:\\\/\\\/news.save.ch\\\/de\\\/#website\"},\"primaryImageOfPage\":{\"@id\":\"https:\\\/\\\/news.save.ch\\\/klimawandel-fuehrt-zu-mehr-alpinen-gefahren\\\/#primaryimage\"},\"image\":{\"@id\":\"https:\\\/\\\/news.save.ch\\\/klimawandel-fuehrt-zu-mehr-alpinen-gefahren\\\/#primaryimage\"},\"thumbnailUrl\":\"https:\\\/\\\/news.save.ch\\\/wp-content\\\/uploads\\\/2024\\\/11\\\/DebrisFlow_46_060728_CoG_CGwerder_WSL-scaled-e1730712743709.jpg\",\"datePublished\":\"2024-11-04T09:33:37+00:00\",\"dateModified\":\"2024-11-04T09:33:41+00:00\",\"description\":\"Der Klimawandel intensiviert vielerorts Naturgefahren in den Bergen und stellt den Alpenraum damit vor besondere Herausforderungen.\",\"breadcrumb\":{\"@id\":\"https:\\\/\\\/news.save.ch\\\/klimawandel-fuehrt-zu-mehr-alpinen-gefahren\\\/#breadcrumb\"},\"inLanguage\":\"fr-FR\",\"potentialAction\":[{\"@type\":\"ReadAction\",\"target\":[\"https:\\\/\\\/news.save.ch\\\/klimawandel-fuehrt-zu-mehr-alpinen-gefahren\\\/\"]}]},{\"@type\":\"ImageObject\",\"inLanguage\":\"fr-FR\",\"@id\":\"https:\\\/\\\/news.save.ch\\\/klimawandel-fuehrt-zu-mehr-alpinen-gefahren\\\/#primaryimage\",\"url\":\"https:\\\/\\\/news.save.ch\\\/wp-content\\\/uploads\\\/2024\\\/11\\\/DebrisFlow_46_060728_CoG_CGwerder_WSL-scaled-e1730712743709.jpg\",\"contentUrl\":\"https:\\\/\\\/news.save.ch\\\/wp-content\\\/uploads\\\/2024\\\/11\\\/DebrisFlow_46_060728_CoG_CGwerder_WSL-scaled-e1730712743709.jpg\",\"width\":933,\"height\":571,\"caption\":\"Murg\u00e4nge wie dieser k\u00f6nnten k\u00fcnftig auch in Gebieten auftreten, in denen es bislang keine Murg\u00e4nge gab. (Foto: Corina Gwerder \\\/ SLF)\"},{\"@type\":\"BreadcrumbList\",\"@id\":\"https:\\\/\\\/news.save.ch\\\/klimawandel-fuehrt-zu-mehr-alpinen-gefahren\\\/#breadcrumb\",\"itemListElement\":[{\"@type\":\"ListItem\",\"position\":1,\"name\":\"Home\",\"item\":\"https:\\\/\\\/news.save.ch\\\/de\\\/\"},{\"@type\":\"ListItem\",\"position\":2,\"name\":\"Klimawandel f\u00fchrt zu mehr alpinen Gefahren\"}]},{\"@type\":\"WebSite\",\"@id\":\"https:\\\/\\\/news.save.ch\\\/de\\\/#website\",\"url\":\"https:\\\/\\\/news.save.ch\\\/de\\\/\",\"name\":\"Save\",\"description\":\"Schweizer Fachzeitschrift f\u00fcr Sicherheit\",\"publisher\":{\"@id\":\"https:\\\/\\\/news.save.ch\\\/de\\\/#organization\"},\"potentialAction\":[{\"@type\":\"SearchAction\",\"target\":{\"@type\":\"EntryPoint\",\"urlTemplate\":\"https:\\\/\\\/news.save.ch\\\/de\\\/?s={search_term_string}\"},\"query-input\":{\"@type\":\"PropertyValueSpecification\",\"valueRequired\":true,\"valueName\":\"search_term_string\"}}],\"inLanguage\":\"fr-FR\"},{\"@type\":\"Organization\",\"@id\":\"https:\\\/\\\/news.save.ch\\\/de\\\/#organization\",\"name\":\"Sicherheitsforum\",\"url\":\"https:\\\/\\\/news.save.ch\\\/de\\\/\",\"logo\":{\"@type\":\"ImageObject\",\"inLanguage\":\"fr-FR\",\"@id\":\"https:\\\/\\\/news.save.ch\\\/de\\\/#\\\/schema\\\/logo\\\/image\\\/\",\"url\":\"https:\\\/\\\/news.save.ch\\\/wp-content\\\/uploads\\\/2022\\\/06\\\/Logo_SF_2012.png\",\"contentUrl\":\"https:\\\/\\\/news.save.ch\\\/wp-content\\\/uploads\\\/2022\\\/06\\\/Logo_SF_2012.png\",\"width\":1100,\"height\":91,\"caption\":\"Sicherheitsforum\"},\"image\":{\"@id\":\"https:\\\/\\\/news.save.ch\\\/de\\\/#\\\/schema\\\/logo\\\/image\\\/\"}},{\"@type\":\"Person\",\"@id\":\"https:\\\/\\\/news.save.ch\\\/de\\\/#\\\/schema\\\/person\\\/10917387362b3961e882740f6cf6f2a2\",\"name\":\"stefanie Zeng\",\"image\":{\"@type\":\"ImageObject\",\"inLanguage\":\"fr-FR\",\"@id\":\"https:\\\/\\\/secure.gravatar.com\\\/avatar\\\/eac43faa6e40bb2c41068c95c9d78bbd94c476d5efdff7abaab80bb3ea681e06?s=96&d=mm&r=g\",\"url\":\"https:\\\/\\\/secure.gravatar.com\\\/avatar\\\/eac43faa6e40bb2c41068c95c9d78bbd94c476d5efdff7abaab80bb3ea681e06?s=96&d=mm&r=g\",\"contentUrl\":\"https:\\\/\\\/secure.gravatar.com\\\/avatar\\\/eac43faa6e40bb2c41068c95c9d78bbd94c476d5efdff7abaab80bb3ea681e06?s=96&d=mm&r=g\",\"caption\":\"stefanie Zeng\"},\"url\":\"https:\\\/\\\/news.save.ch\\\/fr\\\/author\\\/stefanie-zeng\\\/\"}]}<\/script>\n<!-- \/ Yoast SEO plugin. -->","yoast_head_json":{"title":"Le changement climatique entra\u00eene une augmentation des dangers alpins - Save","description":"Le changement climatique intensifie en de nombreux endroits les risques naturels en montagne et pose ainsi des d\u00e9fis particuliers \u00e0 l'espace alpin.","robots":{"index":"index","follow":"follow","max-snippet":"max-snippet:-1","max-image-preview":"max-image-preview:large","max-video-preview":"max-video-preview:-1"},"canonical":"https:\/\/news.save.ch\/fr\/klimawandel-fuehrt-zu-mehr-alpinen-gefahren\/","og_locale":"fr_FR","og_type":"article","og_title":"Klimawandel f\u00fchrt zu mehr alpinen Gefahren - Save","og_description":"Der Klimawandel intensiviert vielerorts Naturgefahren in den Bergen und stellt den Alpenraum damit vor besondere Herausforderungen.","og_url":"https:\/\/news.save.ch\/fr\/klimawandel-fuehrt-zu-mehr-alpinen-gefahren\/","og_site_name":"Save","article_published_time":"2024-11-04T09:33:37+00:00","article_modified_time":"2024-11-04T09:33:41+00:00","og_image":[{"width":933,"height":571,"url":"https:\/\/news.save.ch\/wp-content\/uploads\/2024\/11\/DebrisFlow_46_060728_CoG_CGwerder_WSL-scaled-e1730712743709.jpg","type":"image\/jpeg"}],"author":"stefanie Zeng","twitter_card":"summary_large_image","twitter_misc":{"\u00c9crit par":"stefanie Zeng","Dur\u00e9e de lecture estim\u00e9e":"3 minutes"},"schema":{"@context":"https:\/\/schema.org","@graph":[{"@type":"Article","@id":"https:\/\/news.save.ch\/klimawandel-fuehrt-zu-mehr-alpinen-gefahren\/#article","isPartOf":{"@id":"https:\/\/news.save.ch\/klimawandel-fuehrt-zu-mehr-alpinen-gefahren\/"},"author":{"name":"stefanie Zeng","@id":"https:\/\/news.save.ch\/de\/#\/schema\/person\/10917387362b3961e882740f6cf6f2a2"},"headline":"Klimawandel f\u00fchrt zu mehr alpinen Gefahren","datePublished":"2024-11-04T09:33:37+00:00","dateModified":"2024-11-04T09:33:41+00:00","mainEntityOfPage":{"@id":"https:\/\/news.save.ch\/klimawandel-fuehrt-zu-mehr-alpinen-gefahren\/"},"wordCount":480,"publisher":{"@id":"https:\/\/news.save.ch\/de\/#organization"},"image":{"@id":"https:\/\/news.save.ch\/klimawandel-fuehrt-zu-mehr-alpinen-gefahren\/#primaryimage"},"thumbnailUrl":"https:\/\/news.save.ch\/wp-content\/uploads\/2024\/11\/DebrisFlow_46_060728_CoG_CGwerder_WSL-scaled-e1730712743709.jpg","keywords":["Alpen","ETH","Klimawandel","Murgang","WSL"],"articleSection":["HEALTH &amp; SAFETY"],"inLanguage":"fr-FR"},{"@type":"WebPage","@id":"https:\/\/news.save.ch\/klimawandel-fuehrt-zu-mehr-alpinen-gefahren\/","url":"https:\/\/news.save.ch\/klimawandel-fuehrt-zu-mehr-alpinen-gefahren\/","name":"Le changement climatique entra\u00eene une augmentation des dangers alpins - Save","isPartOf":{"@id":"https:\/\/news.save.ch\/de\/#website"},"primaryImageOfPage":{"@id":"https:\/\/news.save.ch\/klimawandel-fuehrt-zu-mehr-alpinen-gefahren\/#primaryimage"},"image":{"@id":"https:\/\/news.save.ch\/klimawandel-fuehrt-zu-mehr-alpinen-gefahren\/#primaryimage"},"thumbnailUrl":"https:\/\/news.save.ch\/wp-content\/uploads\/2024\/11\/DebrisFlow_46_060728_CoG_CGwerder_WSL-scaled-e1730712743709.jpg","datePublished":"2024-11-04T09:33:37+00:00","dateModified":"2024-11-04T09:33:41+00:00","description":"Le changement climatique intensifie en de nombreux endroits les risques naturels en montagne et pose ainsi des d\u00e9fis particuliers \u00e0 l'espace alpin.","breadcrumb":{"@id":"https:\/\/news.save.ch\/klimawandel-fuehrt-zu-mehr-alpinen-gefahren\/#breadcrumb"},"inLanguage":"fr-FR","potentialAction":[{"@type":"ReadAction","target":["https:\/\/news.save.ch\/klimawandel-fuehrt-zu-mehr-alpinen-gefahren\/"]}]},{"@type":"ImageObject","inLanguage":"fr-FR","@id":"https:\/\/news.save.ch\/klimawandel-fuehrt-zu-mehr-alpinen-gefahren\/#primaryimage","url":"https:\/\/news.save.ch\/wp-content\/uploads\/2024\/11\/DebrisFlow_46_060728_CoG_CGwerder_WSL-scaled-e1730712743709.jpg","contentUrl":"https:\/\/news.save.ch\/wp-content\/uploads\/2024\/11\/DebrisFlow_46_060728_CoG_CGwerder_WSL-scaled-e1730712743709.jpg","width":933,"height":571,"caption":"Murg\u00e4nge wie dieser k\u00f6nnten k\u00fcnftig auch in Gebieten auftreten, in denen es bislang keine Murg\u00e4nge gab. (Foto: Corina Gwerder \/ SLF)"},{"@type":"BreadcrumbList","@id":"https:\/\/news.save.ch\/klimawandel-fuehrt-zu-mehr-alpinen-gefahren\/#breadcrumb","itemListElement":[{"@type":"ListItem","position":1,"name":"Home","item":"https:\/\/news.save.ch\/de\/"},{"@type":"ListItem","position":2,"name":"Klimawandel f\u00fchrt zu mehr alpinen Gefahren"}]},{"@type":"WebSite","@id":"https:\/\/news.save.ch\/de\/#website","url":"https:\/\/news.save.ch\/de\/","name":"Save","description":"Revue suisse sp\u00e9cialis\u00e9e dans la s\u00e9curit\u00e9","publisher":{"@id":"https:\/\/news.save.ch\/de\/#organization"},"potentialAction":[{"@type":"SearchAction","target":{"@type":"EntryPoint","urlTemplate":"https:\/\/news.save.ch\/de\/?s={search_term_string}"},"query-input":{"@type":"PropertyValueSpecification","valueRequired":true,"valueName":"search_term_string"}}],"inLanguage":"fr-FR"},{"@type":"Organization","@id":"https:\/\/news.save.ch\/de\/#organization","name":"Forum sur la s\u00e9curit\u00e9","url":"https:\/\/news.save.ch\/de\/","logo":{"@type":"ImageObject","inLanguage":"fr-FR","@id":"https:\/\/news.save.ch\/de\/#\/schema\/logo\/image\/","url":"https:\/\/news.save.ch\/wp-content\/uploads\/2022\/06\/Logo_SF_2012.png","contentUrl":"https:\/\/news.save.ch\/wp-content\/uploads\/2022\/06\/Logo_SF_2012.png","width":1100,"height":91,"caption":"Sicherheitsforum"},"image":{"@id":"https:\/\/news.save.ch\/de\/#\/schema\/logo\/image\/"}},{"@type":"Person","@id":"https:\/\/news.save.ch\/de\/#\/schema\/person\/10917387362b3961e882740f6cf6f2a2","name":"stefanie Zeng","image":{"@type":"ImageObject","inLanguage":"fr-FR","@id":"https:\/\/secure.gravatar.com\/avatar\/eac43faa6e40bb2c41068c95c9d78bbd94c476d5efdff7abaab80bb3ea681e06?s=96&d=mm&r=g","url":"https:\/\/secure.gravatar.com\/avatar\/eac43faa6e40bb2c41068c95c9d78bbd94c476d5efdff7abaab80bb3ea681e06?s=96&d=mm&r=g","contentUrl":"https:\/\/secure.gravatar.com\/avatar\/eac43faa6e40bb2c41068c95c9d78bbd94c476d5efdff7abaab80bb3ea681e06?s=96&d=mm&r=g","caption":"stefanie Zeng"},"url":"https:\/\/news.save.ch\/fr\/author\/stefanie-zeng\/"}]}},"_links":{"self":[{"href":"https:\/\/news.save.ch\/fr\/wp-json\/wp\/v2\/posts\/23677","targetHints":{"allow":["GET"]}}],"collection":[{"href":"https:\/\/news.save.ch\/fr\/wp-json\/wp\/v2\/posts"}],"about":[{"href":"https:\/\/news.save.ch\/fr\/wp-json\/wp\/v2\/types\/post"}],"author":[{"embeddable":true,"href":"https:\/\/news.save.ch\/fr\/wp-json\/wp\/v2\/users\/31"}],"replies":[{"embeddable":true,"href":"https:\/\/news.save.ch\/fr\/wp-json\/wp\/v2\/comments?post=23677"}],"version-history":[{"count":2,"href":"https:\/\/news.save.ch\/fr\/wp-json\/wp\/v2\/posts\/23677\/revisions"}],"predecessor-version":[{"id":23680,"href":"https:\/\/news.save.ch\/fr\/wp-json\/wp\/v2\/posts\/23677\/revisions\/23680"}],"wp:featuredmedia":[{"embeddable":true,"href":"https:\/\/news.save.ch\/fr\/wp-json\/wp\/v2\/media\/23678"}],"wp:attachment":[{"href":"https:\/\/news.save.ch\/fr\/wp-json\/wp\/v2\/media?parent=23677"}],"wp:term":[{"taxonomy":"category","embeddable":true,"href":"https:\/\/news.save.ch\/fr\/wp-json\/wp\/v2\/categories?post=23677"},{"taxonomy":"post_tag","embeddable":true,"href":"https:\/\/news.save.ch\/fr\/wp-json\/wp\/v2\/tags?post=23677"}],"curies":[{"name":"wp","href":"https:\/\/api.w.org\/{rel}","templated":true}]}}