{"id":23729,"date":"2024-11-19T12:00:28","date_gmt":"2024-11-19T11:00:28","guid":{"rendered":"https:\/\/news.save.ch\/?p=23729"},"modified":"2024-11-19T12:00:28","modified_gmt":"2024-11-19T11:00:28","slug":"nationale-strategie-zur-bekaempfung-der-organisierten-kriminalitaet","status":null,"type":"post","link":"https:\/\/news.save.ch\/fr\/nationale-strategie-zur-bekaempfung-der-organisierten-kriminalitaet\/","title":{"rendered":"Strat\u00e9gie nationale de lutte contre le crime organis\u00e9"},"content":{"rendered":"<p>&nbsp;<\/p>\n<figure id=\"attachment_23731\" aria-describedby=\"caption-attachment-23731\" style=\"width: 1400px\" class=\"wp-caption alignnone\"><a href=\"https:\/\/news.save.ch\/fr\/nationale-strategie-zur-bekaempfung-der-organisierten-kriminalitaet\/police-blue-lamp\/\" rel=\"attachment wp-att-23731\"><img loading=\"lazy\" decoding=\"async\" class=\"size-full wp-image-23731\" src=\"https:\/\/news.save.ch\/wp-content\/uploads\/2024\/11\/AdobeStock_29361929-scaled.jpeg\" alt=\"\" width=\"1400\" height=\"933\" srcset=\"https:\/\/news.save.ch\/wp-content\/uploads\/2024\/11\/AdobeStock_29361929-scaled.jpeg 1200w, https:\/\/news.save.ch\/wp-content\/uploads\/2024\/11\/AdobeStock_29361929-680x453.jpeg 680w, https:\/\/news.save.ch\/wp-content\/uploads\/2024\/11\/AdobeStock_29361929-1024x683.jpeg 1024w, https:\/\/news.save.ch\/wp-content\/uploads\/2024\/11\/AdobeStock_29361929-768x512.jpeg 768w, https:\/\/news.save.ch\/wp-content\/uploads\/2024\/11\/AdobeStock_29361929-1536x1024.jpeg 1536w, https:\/\/news.save.ch\/wp-content\/uploads\/2024\/11\/AdobeStock_29361929-2048x1365.jpeg 2048w, https:\/\/news.save.ch\/wp-content\/uploads\/2024\/11\/AdobeStock_29361929-18x12.jpeg 18w, https:\/\/news.save.ch\/wp-content\/uploads\/2024\/11\/AdobeStock_29361929-375x250.jpeg 375w, https:\/\/news.save.ch\/wp-content\/uploads\/2024\/11\/AdobeStock_29361929-525x350.jpeg 525w, https:\/\/news.save.ch\/wp-content\/uploads\/2024\/11\/AdobeStock_29361929-1000x667.jpeg 1000w\" sizes=\"auto, (max-width: 1400px) 100vw, 1400px\" \/><\/a><figcaption id=\"caption-attachment-23731\" class=\"wp-caption-text\">Photo : Adobestock\/banglds<\/figcaption><\/figure>\n<p>Sur cette base, qui b\u00e9n\u00e9ficie d'un large soutien politique, la lutte contre le CO doit \u00eatre d\u00e9finie comme une t\u00e2che qui concerne l'ensemble de la soci\u00e9t\u00e9. La Conf\u00e9rence des directrices et directeurs des d\u00e9partements cantonaux de justice et police (CCDJP), la Conf\u00e9rence des commandantes et commandants des polices cantonales de Suisse (CCPCS), le Minist\u00e8re public de la Conf\u00e9d\u00e9ration et d'autres autorit\u00e9s participeront \u00e0 l'\u00e9laboration de la strat\u00e9gie CO.<\/p>\n<p>La nouvelle strat\u00e9gie du CO doit contenir des champs d'action, des objectifs et des mesures et constituer ainsi \u00e9galement le cadre des mesures d\u00e9j\u00e0 existantes et futures. Les mesures dans les domaines de la pr\u00e9vention, de la r\u00e9pression et de la coop\u00e9ration doivent \u00e0 l'avenir pouvoir s'appuyer sur cette base commune.<\/p>\n<p><b>R\u00e9seaux criminels internationaux<\/b><\/p>\n<p>Le CO repr\u00e9sente une menace croissante en Suisse. Les groupes mafieux italiens sont actifs en Suisse depuis une cinquantaine d'ann\u00e9es, mais ils sont discrets et souvent bien int\u00e9gr\u00e9s dans la soci\u00e9t\u00e9. Des analyses et des enqu\u00eates en cours men\u00e9es par fedpol et les polices cantonales montrent que d'autres groupes sont \u00e9galement actifs en Suisse. Des r\u00e9seaux criminels internationaux, dont des groupes d'Italie, de France, de Belgique, des Pays-Bas, d'Europe de l'Est, des Balkans, de Turquie ou du Nigeria, utilisent la Suisse comme zone d'op\u00e9ration et de repli. Ils se livrent au trafic de drogue, d'\u00eatres humains et d'armes et font sauter des distributeurs automatiques de billets.<\/p>\n<p>Le CO menace ainsi la s\u00e9curit\u00e9 de la population, l'\u00e9conomie l\u00e9gale, l'\u00c9tat de droit et la s\u00e9curit\u00e9 des personnes qui sont par exemple victimes de la traite des \u00eatres humains. Dans certains pays europ\u00e9ens, le CO est devenu une menace pour la s\u00e9curit\u00e9 int\u00e9rieure.<\/p>\n<p>Les derniers \u00e9tats des lieux montrent que la Suisse sert de plaque tournante s\u00fbre au crime organis\u00e9 gr\u00e2ce \u00e0 sa situation g\u00e9ographique, \u00e0 sa forte infrastructure financi\u00e8re et \u00e0 sa stabilit\u00e9 politique pour les activit\u00e9s criminelles telles que le trafic international de drogue, la traite des \u00eatres humains et le trafic de migrants, le trafic d'armes et le blanchiment d'argent.<\/p>\n<p><b>La strat\u00e9gie comme base des mesures existantes et futures<\/b><\/p>\n<p>Un inventaire complet des instruments dont disposent les autorit\u00e9s pour lutter contre le CO en Suisse en 2023 a \u00e9galement montr\u00e9 dans quelle mesure la Suisse est d\u00e9j\u00e0 infiltr\u00e9e par le CO. L'inventaire a en outre mis en \u00e9vidence les points faibles et les besoins en mati\u00e8re de lutte contre le CO. Plus de 500 repr\u00e9sentants des autorit\u00e9s de poursuite p\u00e9nale et d'autres autorit\u00e9s ont pu faire part de leurs exp\u00e9riences. Dans l'\u00e9tat des lieux, une \u00e9quipe d'experts externes a formul\u00e9 20 recommandations d'action pour optimiser la lutte contre le CO. La strat\u00e9gie CO doit servir de cadre \u00e0 l'examen et \u00e0 la mise en \u0153uvre de ces recommandations et aider \u00e0 combler les lacunes identifi\u00e9es par des mesures appropri\u00e9es.<\/p>\n<p>La strat\u00e9gie du CO doit \u00e9galement servir de base aux mesures d\u00e9j\u00e0 existantes, comme par exemple le plan d'action national contre la traite des \u00eatres humains. La lutte contre le CO est depuis plusieurs ann\u00e9es une priorit\u00e9 strat\u00e9gique de fedpol et du Minist\u00e8re public de la Conf\u00e9d\u00e9ration. Les polices cantonales reconnaissent \u00e9galement le d\u00e9fi et la n\u00e9cessit\u00e9 de lutter contre le crime organis\u00e9. Plusieurs polices cantonales ont d\u00e9j\u00e0 cr\u00e9\u00e9 des unit\u00e9s sp\u00e9cialis\u00e9es dans les enqu\u00eates structurelles et tant la Conf\u00e9rence des commandants des polices cantonales de Suisse (CCPCS) que l'Association suisse des chefs de police judiciaire (ASCP) ont intensifi\u00e9 les \u00e9changes et la coop\u00e9ration en mati\u00e8re de lutte contre le CO ou adapt\u00e9 leurs propres structures. Les mesures pr\u00e9ventives et les enqu\u00eates sont de plus en plus souvent men\u00e9es conjointement par les autorit\u00e9s de poursuite p\u00e9nale de la Conf\u00e9d\u00e9ration et des cantons.<\/p>\n<p>Fedpol \u00e9laborera la strat\u00e9gie en collaboration avec les autorit\u00e9s f\u00e9d\u00e9rales, cantonales et communales concern\u00e9es. Les travaux tiendront \u00e9galement compte des connaissances des autorit\u00e9s \u00e9trang\u00e8res et des organisations polici\u00e8res internationales Europol et Interpol. Un premier projet de strat\u00e9gie CO devrait \u00eatre disponible d'ici mi-2025. Il sera ensuite soumis au Conseil f\u00e9d\u00e9ral et \u00e0 la CCDJP pour approbation.<\/p>\n<p><em>Source : Office f\u00e9d\u00e9ral de la police<\/em><\/p>","protected":false},"excerpt":{"rendered":"<p>&nbsp; Auf dieser politisch breit abgest\u00fctzten Grundlage soll die Bek\u00e4mpfung der OK als gesamtgesellschaftliche Aufgabe definiert werden. Die Konferenz der Kantonalen Justiz- und Polizeidirektorinnen und -direktoren (KKJPD), die Konferenz der Kantonalen Polizeikommandantinnen und -kommandanten der Schweiz (KKPKS), die Bundesanwaltschaft und weitere Beh\u00f6rden werden sich an der Ausarbeitung der Strategie OK beteiligen. Die neue Strategie OK [&hellip;]<\/p>\n","protected":false},"author":31,"featured_media":23731,"comment_status":"closed","ping_status":"closed","sticky":false,"template":"","format":"standard","meta":{"_acf_changed":false,"pgc_sgb_lightbox_settings":"","footnotes":""},"categories":[3312],"tags":[6530,4107,239,6529],"class_list":["post-23729","post","type-post","status-publish","format-standard","has-post-thumbnail","hentry","category-sicherheit","tag-bandenkriminalitaet","tag-bundesamt-fuer-polizei-fedpol","tag-kkpks","tag-organisierte-kriminalitaet"],"acf":[],"hkrextid":null,"publication":null,"issue":null,"workflow":null,"startPage":null,"spitzmarke":null,"_posts_by_tag_page_fields":null,"_at_widget":null,"_yoast_wpseo_primary_category":"3312","_yoast_wpseo_focuskw_text_input":null,"_yoast_wpseo_opengraph-image":null,"_yoast_wpseo_opengraph-description":null,"_yoast_wpseo_opengraph-title":null,"enclosure":null,"_yoast_wpseo_twitter-title":null,"_yoast_wpseo_twitter-description":null,"_yoast_wpseo_twitter-image":null,"_wp_old_slug":null,"_yoast_wpseo_title":null,"_yoast_wpseo_canonical":null,"yoast_head":"<!-- This site is optimized with the Yoast SEO plugin v27.4 - https:\/\/yoast.com\/product\/yoast-seo-wordpress\/ -->\n<title>Nationale Strategie zur Bek\u00e4mpfung der organisierten Kriminalit\u00e4t - Save<\/title>\n<meta name=\"description\" content=\"Bundesrat beauftragt Bundesamt f\u00fcr Polizei (fedpol), eine nationale Strategie zur Bek\u00e4mpfung der organisierten Kriminalit\u00e4t zu erarbeiten.\" \/>\n<meta name=\"robots\" content=\"index, follow, max-snippet:-1, max-image-preview:large, max-video-preview:-1\" \/>\n<link rel=\"canonical\" href=\"https:\/\/news.save.ch\/fr\/nationale-strategie-zur-bekaempfung-der-organisierten-kriminalitaet\/\" \/>\n<meta property=\"og:locale\" content=\"fr_FR\" \/>\n<meta property=\"og:type\" content=\"article\" \/>\n<meta property=\"og:title\" content=\"Nationale Strategie zur Bek\u00e4mpfung der organisierten Kriminalit\u00e4t - Save\" \/>\n<meta property=\"og:description\" content=\"Bundesrat beauftragt Bundesamt f\u00fcr Polizei (fedpol), eine nationale Strategie zur Bek\u00e4mpfung der organisierten Kriminalit\u00e4t zu erarbeiten.\" \/>\n<meta property=\"og:url\" content=\"https:\/\/news.save.ch\/fr\/nationale-strategie-zur-bekaempfung-der-organisierten-kriminalitaet\/\" \/>\n<meta property=\"og:site_name\" content=\"Save\" \/>\n<meta property=\"article:published_time\" content=\"2024-11-19T11:00:28+00:00\" \/>\n<meta property=\"og:image\" content=\"https:\/\/news.save.ch\/wp-content\/uploads\/2024\/11\/AdobeStock_29361929-scaled.jpeg\" \/>\n\t<meta property=\"og:image:width\" content=\"1200\" \/>\n\t<meta property=\"og:image:height\" content=\"800\" \/>\n\t<meta property=\"og:image:type\" content=\"image\/jpeg\" \/>\n<meta name=\"author\" content=\"stefanie Zeng\" \/>\n<meta name=\"twitter:card\" content=\"summary_large_image\" \/>\n<meta name=\"twitter:label1\" content=\"\u00c9crit par\" \/>\n\t<meta name=\"twitter:data1\" content=\"stefanie Zeng\" \/>\n\t<meta name=\"twitter:label2\" content=\"Dur\u00e9e de lecture estim\u00e9e\" \/>\n\t<meta name=\"twitter:data2\" content=\"4 minutes\" \/>\n<script type=\"application\/ld+json\" class=\"yoast-schema-graph\">{\"@context\":\"https:\\\/\\\/schema.org\",\"@graph\":[{\"@type\":\"Article\",\"@id\":\"https:\\\/\\\/news.save.ch\\\/nationale-strategie-zur-bekaempfung-der-organisierten-kriminalitaet\\\/#article\",\"isPartOf\":{\"@id\":\"https:\\\/\\\/news.save.ch\\\/nationale-strategie-zur-bekaempfung-der-organisierten-kriminalitaet\\\/\"},\"author\":{\"name\":\"stefanie Zeng\",\"@id\":\"https:\\\/\\\/news.save.ch\\\/de\\\/#\\\/schema\\\/person\\\/10917387362b3961e882740f6cf6f2a2\"},\"headline\":\"Nationale Strategie zur Bek\u00e4mpfung der organisierten Kriminalit\u00e4t\",\"datePublished\":\"2024-11-19T11:00:28+00:00\",\"mainEntityOfPage\":{\"@id\":\"https:\\\/\\\/news.save.ch\\\/nationale-strategie-zur-bekaempfung-der-organisierten-kriminalitaet\\\/\"},\"wordCount\":580,\"publisher\":{\"@id\":\"https:\\\/\\\/news.save.ch\\\/de\\\/#organization\"},\"image\":{\"@id\":\"https:\\\/\\\/news.save.ch\\\/nationale-strategie-zur-bekaempfung-der-organisierten-kriminalitaet\\\/#primaryimage\"},\"thumbnailUrl\":\"https:\\\/\\\/news.save.ch\\\/wp-content\\\/uploads\\\/2024\\\/11\\\/AdobeStock_29361929-scaled.jpeg\",\"keywords\":[\"Bandenkriminalit\u00e4t\",\"Bundesamt f\u00fcr Polizei (Fedpol)\",\"KKPKS\",\"Organisierte Kriminalit\u00e4t\"],\"articleSection\":[\"SICHERHEIT\"],\"inLanguage\":\"fr-FR\"},{\"@type\":\"WebPage\",\"@id\":\"https:\\\/\\\/news.save.ch\\\/nationale-strategie-zur-bekaempfung-der-organisierten-kriminalitaet\\\/\",\"url\":\"https:\\\/\\\/news.save.ch\\\/nationale-strategie-zur-bekaempfung-der-organisierten-kriminalitaet\\\/\",\"name\":\"Nationale Strategie zur Bek\u00e4mpfung der organisierten Kriminalit\u00e4t - Save\",\"isPartOf\":{\"@id\":\"https:\\\/\\\/news.save.ch\\\/de\\\/#website\"},\"primaryImageOfPage\":{\"@id\":\"https:\\\/\\\/news.save.ch\\\/nationale-strategie-zur-bekaempfung-der-organisierten-kriminalitaet\\\/#primaryimage\"},\"image\":{\"@id\":\"https:\\\/\\\/news.save.ch\\\/nationale-strategie-zur-bekaempfung-der-organisierten-kriminalitaet\\\/#primaryimage\"},\"thumbnailUrl\":\"https:\\\/\\\/news.save.ch\\\/wp-content\\\/uploads\\\/2024\\\/11\\\/AdobeStock_29361929-scaled.jpeg\",\"datePublished\":\"2024-11-19T11:00:28+00:00\",\"description\":\"Bundesrat beauftragt Bundesamt f\u00fcr Polizei (fedpol), eine nationale Strategie zur Bek\u00e4mpfung der organisierten Kriminalit\u00e4t zu erarbeiten.\",\"breadcrumb\":{\"@id\":\"https:\\\/\\\/news.save.ch\\\/nationale-strategie-zur-bekaempfung-der-organisierten-kriminalitaet\\\/#breadcrumb\"},\"inLanguage\":\"fr-FR\",\"potentialAction\":[{\"@type\":\"ReadAction\",\"target\":[\"https:\\\/\\\/news.save.ch\\\/nationale-strategie-zur-bekaempfung-der-organisierten-kriminalitaet\\\/\"]}]},{\"@type\":\"ImageObject\",\"inLanguage\":\"fr-FR\",\"@id\":\"https:\\\/\\\/news.save.ch\\\/nationale-strategie-zur-bekaempfung-der-organisierten-kriminalitaet\\\/#primaryimage\",\"url\":\"https:\\\/\\\/news.save.ch\\\/wp-content\\\/uploads\\\/2024\\\/11\\\/AdobeStock_29361929-scaled.jpeg\",\"contentUrl\":\"https:\\\/\\\/news.save.ch\\\/wp-content\\\/uploads\\\/2024\\\/11\\\/AdobeStock_29361929-scaled.jpeg\",\"width\":1200,\"height\":800,\"caption\":\"Foto: Adobestock\\\/banglds\"},{\"@type\":\"BreadcrumbList\",\"@id\":\"https:\\\/\\\/news.save.ch\\\/nationale-strategie-zur-bekaempfung-der-organisierten-kriminalitaet\\\/#breadcrumb\",\"itemListElement\":[{\"@type\":\"ListItem\",\"position\":1,\"name\":\"Home\",\"item\":\"https:\\\/\\\/news.save.ch\\\/de\\\/\"},{\"@type\":\"ListItem\",\"position\":2,\"name\":\"Nationale Strategie zur Bek\u00e4mpfung der organisierten Kriminalit\u00e4t\"}]},{\"@type\":\"WebSite\",\"@id\":\"https:\\\/\\\/news.save.ch\\\/de\\\/#website\",\"url\":\"https:\\\/\\\/news.save.ch\\\/de\\\/\",\"name\":\"Save\",\"description\":\"Schweizer Fachzeitschrift f\u00fcr Sicherheit\",\"publisher\":{\"@id\":\"https:\\\/\\\/news.save.ch\\\/de\\\/#organization\"},\"potentialAction\":[{\"@type\":\"SearchAction\",\"target\":{\"@type\":\"EntryPoint\",\"urlTemplate\":\"https:\\\/\\\/news.save.ch\\\/de\\\/?s={search_term_string}\"},\"query-input\":{\"@type\":\"PropertyValueSpecification\",\"valueRequired\":true,\"valueName\":\"search_term_string\"}}],\"inLanguage\":\"fr-FR\"},{\"@type\":\"Organization\",\"@id\":\"https:\\\/\\\/news.save.ch\\\/de\\\/#organization\",\"name\":\"Sicherheitsforum\",\"url\":\"https:\\\/\\\/news.save.ch\\\/de\\\/\",\"logo\":{\"@type\":\"ImageObject\",\"inLanguage\":\"fr-FR\",\"@id\":\"https:\\\/\\\/news.save.ch\\\/de\\\/#\\\/schema\\\/logo\\\/image\\\/\",\"url\":\"https:\\\/\\\/news.save.ch\\\/wp-content\\\/uploads\\\/2022\\\/06\\\/Logo_SF_2012.png\",\"contentUrl\":\"https:\\\/\\\/news.save.ch\\\/wp-content\\\/uploads\\\/2022\\\/06\\\/Logo_SF_2012.png\",\"width\":1100,\"height\":91,\"caption\":\"Sicherheitsforum\"},\"image\":{\"@id\":\"https:\\\/\\\/news.save.ch\\\/de\\\/#\\\/schema\\\/logo\\\/image\\\/\"}},{\"@type\":\"Person\",\"@id\":\"https:\\\/\\\/news.save.ch\\\/de\\\/#\\\/schema\\\/person\\\/10917387362b3961e882740f6cf6f2a2\",\"name\":\"stefanie Zeng\",\"image\":{\"@type\":\"ImageObject\",\"inLanguage\":\"fr-FR\",\"@id\":\"https:\\\/\\\/secure.gravatar.com\\\/avatar\\\/eac43faa6e40bb2c41068c95c9d78bbd94c476d5efdff7abaab80bb3ea681e06?s=96&d=mm&r=g\",\"url\":\"https:\\\/\\\/secure.gravatar.com\\\/avatar\\\/eac43faa6e40bb2c41068c95c9d78bbd94c476d5efdff7abaab80bb3ea681e06?s=96&d=mm&r=g\",\"contentUrl\":\"https:\\\/\\\/secure.gravatar.com\\\/avatar\\\/eac43faa6e40bb2c41068c95c9d78bbd94c476d5efdff7abaab80bb3ea681e06?s=96&d=mm&r=g\",\"caption\":\"stefanie Zeng\"},\"url\":\"https:\\\/\\\/news.save.ch\\\/fr\\\/author\\\/stefanie-zeng\\\/\"}]}<\/script>\n<!-- \/ Yoast SEO plugin. -->","yoast_head_json":{"title":"Strat\u00e9gie nationale de lutte contre le crime organis\u00e9 - Save","description":"Le Conseil f\u00e9d\u00e9ral charge l'Office f\u00e9d\u00e9ral de la police (fedpol) d'\u00e9laborer une strat\u00e9gie nationale de lutte contre le crime organis\u00e9.","robots":{"index":"index","follow":"follow","max-snippet":"max-snippet:-1","max-image-preview":"max-image-preview:large","max-video-preview":"max-video-preview:-1"},"canonical":"https:\/\/news.save.ch\/fr\/nationale-strategie-zur-bekaempfung-der-organisierten-kriminalitaet\/","og_locale":"fr_FR","og_type":"article","og_title":"Nationale Strategie zur Bek\u00e4mpfung der organisierten Kriminalit\u00e4t - Save","og_description":"Bundesrat beauftragt Bundesamt f\u00fcr Polizei (fedpol), eine nationale Strategie zur Bek\u00e4mpfung der organisierten Kriminalit\u00e4t zu erarbeiten.","og_url":"https:\/\/news.save.ch\/fr\/nationale-strategie-zur-bekaempfung-der-organisierten-kriminalitaet\/","og_site_name":"Save","article_published_time":"2024-11-19T11:00:28+00:00","og_image":[{"width":1200,"height":800,"url":"https:\/\/news.save.ch\/wp-content\/uploads\/2024\/11\/AdobeStock_29361929-scaled.jpeg","type":"image\/jpeg"}],"author":"stefanie Zeng","twitter_card":"summary_large_image","twitter_misc":{"\u00c9crit par":"stefanie Zeng","Dur\u00e9e de lecture estim\u00e9e":"4 minutes"},"schema":{"@context":"https:\/\/schema.org","@graph":[{"@type":"Article","@id":"https:\/\/news.save.ch\/nationale-strategie-zur-bekaempfung-der-organisierten-kriminalitaet\/#article","isPartOf":{"@id":"https:\/\/news.save.ch\/nationale-strategie-zur-bekaempfung-der-organisierten-kriminalitaet\/"},"author":{"name":"stefanie Zeng","@id":"https:\/\/news.save.ch\/de\/#\/schema\/person\/10917387362b3961e882740f6cf6f2a2"},"headline":"Nationale Strategie zur Bek\u00e4mpfung der organisierten Kriminalit\u00e4t","datePublished":"2024-11-19T11:00:28+00:00","mainEntityOfPage":{"@id":"https:\/\/news.save.ch\/nationale-strategie-zur-bekaempfung-der-organisierten-kriminalitaet\/"},"wordCount":580,"publisher":{"@id":"https:\/\/news.save.ch\/de\/#organization"},"image":{"@id":"https:\/\/news.save.ch\/nationale-strategie-zur-bekaempfung-der-organisierten-kriminalitaet\/#primaryimage"},"thumbnailUrl":"https:\/\/news.save.ch\/wp-content\/uploads\/2024\/11\/AdobeStock_29361929-scaled.jpeg","keywords":["Bandenkriminalit\u00e4t","Bundesamt f\u00fcr Polizei (Fedpol)","KKPKS","Organisierte Kriminalit\u00e4t"],"articleSection":["SICHERHEIT"],"inLanguage":"fr-FR"},{"@type":"WebPage","@id":"https:\/\/news.save.ch\/nationale-strategie-zur-bekaempfung-der-organisierten-kriminalitaet\/","url":"https:\/\/news.save.ch\/nationale-strategie-zur-bekaempfung-der-organisierten-kriminalitaet\/","name":"Strat\u00e9gie nationale de lutte contre le crime organis\u00e9 - Save","isPartOf":{"@id":"https:\/\/news.save.ch\/de\/#website"},"primaryImageOfPage":{"@id":"https:\/\/news.save.ch\/nationale-strategie-zur-bekaempfung-der-organisierten-kriminalitaet\/#primaryimage"},"image":{"@id":"https:\/\/news.save.ch\/nationale-strategie-zur-bekaempfung-der-organisierten-kriminalitaet\/#primaryimage"},"thumbnailUrl":"https:\/\/news.save.ch\/wp-content\/uploads\/2024\/11\/AdobeStock_29361929-scaled.jpeg","datePublished":"2024-11-19T11:00:28+00:00","description":"Le Conseil f\u00e9d\u00e9ral charge l'Office f\u00e9d\u00e9ral de la police (fedpol) d'\u00e9laborer une strat\u00e9gie nationale de lutte contre le crime organis\u00e9.","breadcrumb":{"@id":"https:\/\/news.save.ch\/nationale-strategie-zur-bekaempfung-der-organisierten-kriminalitaet\/#breadcrumb"},"inLanguage":"fr-FR","potentialAction":[{"@type":"ReadAction","target":["https:\/\/news.save.ch\/nationale-strategie-zur-bekaempfung-der-organisierten-kriminalitaet\/"]}]},{"@type":"ImageObject","inLanguage":"fr-FR","@id":"https:\/\/news.save.ch\/nationale-strategie-zur-bekaempfung-der-organisierten-kriminalitaet\/#primaryimage","url":"https:\/\/news.save.ch\/wp-content\/uploads\/2024\/11\/AdobeStock_29361929-scaled.jpeg","contentUrl":"https:\/\/news.save.ch\/wp-content\/uploads\/2024\/11\/AdobeStock_29361929-scaled.jpeg","width":1200,"height":800,"caption":"Foto: Adobestock\/banglds"},{"@type":"BreadcrumbList","@id":"https:\/\/news.save.ch\/nationale-strategie-zur-bekaempfung-der-organisierten-kriminalitaet\/#breadcrumb","itemListElement":[{"@type":"ListItem","position":1,"name":"Home","item":"https:\/\/news.save.ch\/de\/"},{"@type":"ListItem","position":2,"name":"Nationale Strategie zur Bek\u00e4mpfung der organisierten Kriminalit\u00e4t"}]},{"@type":"WebSite","@id":"https:\/\/news.save.ch\/de\/#website","url":"https:\/\/news.save.ch\/de\/","name":"Save","description":"Revue suisse sp\u00e9cialis\u00e9e dans la s\u00e9curit\u00e9","publisher":{"@id":"https:\/\/news.save.ch\/de\/#organization"},"potentialAction":[{"@type":"SearchAction","target":{"@type":"EntryPoint","urlTemplate":"https:\/\/news.save.ch\/de\/?s={search_term_string}"},"query-input":{"@type":"PropertyValueSpecification","valueRequired":true,"valueName":"search_term_string"}}],"inLanguage":"fr-FR"},{"@type":"Organization","@id":"https:\/\/news.save.ch\/de\/#organization","name":"Forum sur la s\u00e9curit\u00e9","url":"https:\/\/news.save.ch\/de\/","logo":{"@type":"ImageObject","inLanguage":"fr-FR","@id":"https:\/\/news.save.ch\/de\/#\/schema\/logo\/image\/","url":"https:\/\/news.save.ch\/wp-content\/uploads\/2022\/06\/Logo_SF_2012.png","contentUrl":"https:\/\/news.save.ch\/wp-content\/uploads\/2022\/06\/Logo_SF_2012.png","width":1100,"height":91,"caption":"Sicherheitsforum"},"image":{"@id":"https:\/\/news.save.ch\/de\/#\/schema\/logo\/image\/"}},{"@type":"Person","@id":"https:\/\/news.save.ch\/de\/#\/schema\/person\/10917387362b3961e882740f6cf6f2a2","name":"stefanie Zeng","image":{"@type":"ImageObject","inLanguage":"fr-FR","@id":"https:\/\/secure.gravatar.com\/avatar\/eac43faa6e40bb2c41068c95c9d78bbd94c476d5efdff7abaab80bb3ea681e06?s=96&d=mm&r=g","url":"https:\/\/secure.gravatar.com\/avatar\/eac43faa6e40bb2c41068c95c9d78bbd94c476d5efdff7abaab80bb3ea681e06?s=96&d=mm&r=g","contentUrl":"https:\/\/secure.gravatar.com\/avatar\/eac43faa6e40bb2c41068c95c9d78bbd94c476d5efdff7abaab80bb3ea681e06?s=96&d=mm&r=g","caption":"stefanie Zeng"},"url":"https:\/\/news.save.ch\/fr\/author\/stefanie-zeng\/"}]}},"_links":{"self":[{"href":"https:\/\/news.save.ch\/fr\/wp-json\/wp\/v2\/posts\/23729","targetHints":{"allow":["GET"]}}],"collection":[{"href":"https:\/\/news.save.ch\/fr\/wp-json\/wp\/v2\/posts"}],"about":[{"href":"https:\/\/news.save.ch\/fr\/wp-json\/wp\/v2\/types\/post"}],"author":[{"embeddable":true,"href":"https:\/\/news.save.ch\/fr\/wp-json\/wp\/v2\/users\/31"}],"replies":[{"embeddable":true,"href":"https:\/\/news.save.ch\/fr\/wp-json\/wp\/v2\/comments?post=23729"}],"version-history":[{"count":2,"href":"https:\/\/news.save.ch\/fr\/wp-json\/wp\/v2\/posts\/23729\/revisions"}],"predecessor-version":[{"id":23733,"href":"https:\/\/news.save.ch\/fr\/wp-json\/wp\/v2\/posts\/23729\/revisions\/23733"}],"wp:featuredmedia":[{"embeddable":true,"href":"https:\/\/news.save.ch\/fr\/wp-json\/wp\/v2\/media\/23731"}],"wp:attachment":[{"href":"https:\/\/news.save.ch\/fr\/wp-json\/wp\/v2\/media?parent=23729"}],"wp:term":[{"taxonomy":"category","embeddable":true,"href":"https:\/\/news.save.ch\/fr\/wp-json\/wp\/v2\/categories?post=23729"},{"taxonomy":"post_tag","embeddable":true,"href":"https:\/\/news.save.ch\/fr\/wp-json\/wp\/v2\/tags?post=23729"}],"curies":[{"name":"wp","href":"https:\/\/api.w.org\/{rel}","templated":true}]}}