{"id":2375,"date":"2016-08-24T09:21:20","date_gmt":"2016-08-24T07:21:20","guid":{"rendered":"https:\/\/dev.sicherheitsforum.ch\/?p=2375"},"modified":"2023-03-14T08:59:00","modified_gmt":"2023-03-14T07:59:00","slug":"naturgefahr-braucht-risikomanagement","status":null,"type":"post","link":"https:\/\/news.save.ch\/fr\/naturgefahr-braucht-risikomanagement\/","title":{"rendered":"Le risque naturel n\u00e9cessite une gestion des risques"},"content":{"rendered":"<figure id=\"attachment_2376\" aria-describedby=\"caption-attachment-2376\" style=\"width: 680px\" class=\"wp-caption alignnone\"><img loading=\"lazy\" decoding=\"async\" class=\"size-medium wp-image-2376\" src=\"https:\/\/news.save.ch\/wp-content\/uploads\/2016\/12\/Naturgefahr-braucht-Risikomanagement_sicherheitsforum.jpg\" alt=\"\" width=\"680\" height=\"453\" srcset=\"https:\/\/news.save.ch\/wp-content\/uploads\/2016\/12\/Naturgefahr-braucht-Risikomanagement_sicherheitsforum.jpg 999w, https:\/\/news.save.ch\/wp-content\/uploads\/2016\/12\/Naturgefahr-braucht-Risikomanagement_sicherheitsforum-375x250.jpg 375w\" sizes=\"auto, (max-width: 680px) 100vw, 680px\" \/><figcaption id=\"caption-attachment-2376\" class=\"wp-caption-text\">\u00a9 depositphotos<\/figcaption><\/figure>\n<p>La Suisse dispose d'une approche progressiste en mati\u00e8re de protection contre les dangers naturels auxquels elle est particuli\u00e8rement expos\u00e9e en tant que pays alpin et dens\u00e9ment peupl\u00e9. Aujourd'hui encore, 1,8 million de personnes vivent dans des zones menac\u00e9es par les inondations. 1,7 million d'emplois et 840 milliards de francs de biens mat\u00e9riels se trouvent dans de telles zones de danger. De plus, de nouveaux d\u00e9fis sont pr\u00e9visibles dans un avenir proche, auxquels la Suisse doit se pr\u00e9parer : Le climat toujours plus chaud et les pr\u00e9cipitations plus violentes et plus fr\u00e9quentes qui en d\u00e9coulent, ainsi que le d\u00e9veloppement de l'urbanisation et les infrastructures toujours plus co\u00fbteuses (p. ex. voies de communication) augmentent les risques de dommages dus \u00e0 des ph\u00e9nom\u00e8nes naturels comme les inondations. Dans le site <a href=\"https:\/\/www.newsd.admin.ch\/newsd\/message\/attachments\/45043.pdf\" target=\"_blank\" rel=\"noreferrer noopener\" data-cke-saved-href=\"https:\/\/www.newsd.admin.ch\/newsd\/message\/attachments\/45043.pdf\">Rapport Dangers naturels en Suisse <\/a>Le projet de loi sur la s\u00e9curit\u00e9 de l'approvisionnement en \u00e9nergie et sur la protection de l'environnement pr\u00e9voit plusieurs mesures visant \u00e0 garantir la s\u00e9curit\u00e9 et le d\u00e9veloppement \u00e9conomique de la Suisse \u00e0 l'avenir \u00e9galement.<\/p>\n<p><strong>La pr\u00e9vention au premier plan<\/strong><\/p>\n<p>Les mesures visent \u00e0 utiliser les moyens disponibles de mani\u00e8re aussi efficace et \u00e9conomique que possible pour la pr\u00e9vention. Il s'agit ainsi de pr\u00e9server la population, l'\u00e9conomie et l'environnement des cons\u00e9quences des ph\u00e9nom\u00e8nes naturels et de maintenir les d\u00e9penses des pouvoirs publics dans des limites raisonnables. Une gestion globale des risques est essentielle \u00e0 cet \u00e9gard : plus t\u00f4t on identifie les risques, m\u00eame \u00e0 grande \u00e9chelle, et on les pr\u00e9vient, plus les mesures seront \u00e9conomiques et pourront \u00eatre planifi\u00e9es de mani\u00e8re approfondie. Une strat\u00e9gie pr\u00e9voyante d'adaptation au changement climatique fait partie de cette planification. Il vaut la peine d'investir \u00e0 l'avenir dans la protection contre les dangers naturels et de maintenir intacts \u00e0 long terme les ouvrages de protection existants tels que les digues.<\/p>\n<p><strong>Mettre \u00e0 jour les cartes des dangers<\/strong><\/p>\n<p>Selon le paquet de mesures \"Dangers naturels en Suisse\", les bases existantes telles que les cartes de dangers doivent \u00eatre actualis\u00e9es et prises en compte dans l'am\u00e9nagement du territoire sur l'ensemble du territoire. De nouveaux ph\u00e9nom\u00e8nes tels que le ruissellement de surface, c'est-\u00e0-dire les inondations provenant de surfaces telles que les champs ou les routes, doivent \u00e9galement \u00eatre r\u00e9pertori\u00e9s sur les cartes. Dans le domaine de la construction, il convient en outre d'appliquer des normes uniformes pour une construction tenant compte des dangers naturels. De cette mani\u00e8re, il est possible d'am\u00e9liorer la s\u00e9curit\u00e9 et d'emp\u00eacher une nouvelle augmentation des risques \u00e0 un co\u00fbt relativement faible. Cela vaut en particulier pour le risque naturel que constituent les tremblements de terre.<\/p>\n<p><strong>Une t\u00e2che permanente pour toute la soci\u00e9t\u00e9<\/strong><\/p>\n<p>La protection contre les dangers naturels reste une t\u00e2che commune de la Conf\u00e9d\u00e9ration, des cantons et des communes. Les assurances, les associations sp\u00e9cialis\u00e9es, l'enseignement et la recherche sont \u00e9galement int\u00e9gr\u00e9s dans cette union, mais aussi la population. Celle-ci doit \u00eatre encore plus sensibilis\u00e9e \u00e0 ce th\u00e8me et \u00e0 ses propres possibilit\u00e9s d'action. La protection contre les inondations, les chutes de pierres et autres dangers naturels est une t\u00e2che permanente. D'une part, les ouvrages de protection existants, par exemple sur le Rh\u00f4ne ou le Rhin alpin, doivent \u00eatre r\u00e9nov\u00e9s afin de conserver leur fonction protectrice. D'autre part, il faut tenir compte de l'\u00e9volution de la situation en mati\u00e8re de risques suite au changement climatique et au d\u00e9veloppement social et \u00e9conomique. Afin de combler les d\u00e9ficits mis en \u00e9vidence et d'utiliser les moyens de la mani\u00e8re la plus optimale possible, il est \u00e9ventuellement n\u00e9cessaire d'adapter les bases juridiques existantes.\u00a0<em>Communiqu\u00e9 de presse de la Conf\u00e9d\u00e9ration<\/em><\/p>\n<p>En savoir plus sur les dangers naturels <a href=\"https:\/\/www.bafu.admin.ch\/naturgefahren\/index.html?lang=de\" target=\"_blank\" rel=\"noreferrer noopener\" data-cke-saved-href=\"https:\/\/www.bafu.admin.ch\/naturgefahren\/index.html?lang=de\">ici<\/a>.<\/p>\n<p><em>Communiqu\u00e9 de presse de la Conf\u00e9d\u00e9ration<\/em><\/p>","protected":false},"excerpt":{"rendered":"<p>Die Schweiz verf\u00fcgt \u00fcber einen fortschrittlichen Umgang mit dem Schutz vor Naturgefahren, denen sie als alpines und dicht bev\u00f6lkertes Land besonders ausgesetzt ist. Nach wie vor leben 1,8 Millionen Menschen in hochwassergef\u00e4hrdeten Gebieten. 1,7 Millionen Arbeitspl\u00e4tze und 840 Milliarden Franken Sachwerte befinden sich in solchen Gefahrenzonen. In naher Zukunft sind zudem neue Herausforderungen absehbar, auf [&hellip;]<\/p>\n","protected":false},"author":1,"featured_media":2376,"comment_status":"open","ping_status":"open","sticky":false,"template":"","format":"standard","meta":{"_acf_changed":false,"pgc_sgb_lightbox_settings":"","footnotes":""},"categories":[3312],"tags":[170,214],"class_list":["post-2375","post","type-post","status-publish","format-standard","has-post-thumbnail","hentry","category-sicherheit","tag-naturgefahren","tag-risikomanagement"],"acf":[],"hkrextid":null,"publication":null,"issue":null,"workflow":null,"startPage":null,"spitzmarke":null,"_posts_by_tag_page_fields":{"widget_title":"","widget_tags":""},"_at_widget":"1","_yoast_wpseo_primary_category":"5","_yoast_wpseo_focuskw_text_input":"Naturgefahren","_yoast_wpseo_opengraph-image":null,"_yoast_wpseo_opengraph-description":null,"_yoast_wpseo_opengraph-title":null,"enclosure":null,"_yoast_wpseo_twitter-title":null,"_yoast_wpseo_twitter-description":null,"_yoast_wpseo_twitter-image":null,"_wp_old_slug":null,"_yoast_wpseo_title":null,"_yoast_wpseo_canonical":null,"yoast_head":"<!-- This site is optimized with the Yoast SEO plugin v27.5 - https:\/\/yoast.com\/product\/yoast-seo-wordpress\/ -->\n<title>Naturgefahr braucht Risikomanagement - Save<\/title>\n<meta name=\"robots\" content=\"index, follow, max-snippet:-1, max-image-preview:large, max-video-preview:-1\" \/>\n<link rel=\"canonical\" href=\"https:\/\/news.save.ch\/fr\/naturgefahr-braucht-risikomanagement\/\" \/>\n<meta property=\"og:locale\" content=\"fr_FR\" \/>\n<meta property=\"og:type\" content=\"article\" \/>\n<meta property=\"og:title\" content=\"Naturgefahr braucht Risikomanagement - Save\" \/>\n<meta property=\"og:description\" content=\"Die Schweiz verf\u00fcgt \u00fcber einen fortschrittlichen Umgang mit dem Schutz vor Naturgefahren, denen sie als alpines und dicht bev\u00f6lkertes Land besonders ausgesetzt ist. Nach wie vor leben 1,8 Millionen Menschen in hochwassergef\u00e4hrdeten Gebieten. 1,7 Millionen Arbeitspl\u00e4tze und 840 Milliarden Franken Sachwerte befinden sich in solchen Gefahrenzonen. In naher Zukunft sind zudem neue Herausforderungen absehbar, auf [&hellip;]\" \/>\n<meta property=\"og:url\" content=\"https:\/\/news.save.ch\/fr\/naturgefahr-braucht-risikomanagement\/\" \/>\n<meta property=\"og:site_name\" content=\"Save\" \/>\n<meta property=\"article:published_time\" content=\"2016-08-24T07:21:20+00:00\" \/>\n<meta property=\"article:modified_time\" content=\"2023-03-14T07:59:00+00:00\" \/>\n<meta property=\"og:image\" content=\"https:\/\/news.save.ch\/wp-content\/uploads\/2016\/12\/Naturgefahr-braucht-Risikomanagement_sicherheitsforum.jpg\" \/>\n\t<meta property=\"og:image:width\" content=\"999\" \/>\n\t<meta property=\"og:image:height\" content=\"665\" \/>\n\t<meta property=\"og:image:type\" content=\"image\/jpeg\" \/>\n<meta name=\"author\" content=\"admin\" \/>\n<meta name=\"twitter:card\" content=\"summary_large_image\" \/>\n<meta name=\"twitter:label1\" content=\"\u00c9crit par\" \/>\n\t<meta name=\"twitter:data1\" content=\"admin\" \/>\n\t<meta name=\"twitter:label2\" content=\"Dur\u00e9e de lecture estim\u00e9e\" \/>\n\t<meta name=\"twitter:data2\" content=\"2 minutes\" \/>\n<script type=\"application\/ld+json\" class=\"yoast-schema-graph\">{\"@context\":\"https:\\\/\\\/schema.org\",\"@graph\":[{\"@type\":\"Article\",\"@id\":\"https:\\\/\\\/news.save.ch\\\/naturgefahr-braucht-risikomanagement\\\/#article\",\"isPartOf\":{\"@id\":\"https:\\\/\\\/news.save.ch\\\/naturgefahr-braucht-risikomanagement\\\/\"},\"author\":{\"name\":\"admin\",\"@id\":\"https:\\\/\\\/news.save.ch\\\/de\\\/#\\\/schema\\\/person\\\/d49e199490bad7c70d64b9ab51142f2b\"},\"headline\":\"Naturgefahr braucht Risikomanagement\",\"datePublished\":\"2016-08-24T07:21:20+00:00\",\"dateModified\":\"2023-03-14T07:59:00+00:00\",\"mainEntityOfPage\":{\"@id\":\"https:\\\/\\\/news.save.ch\\\/naturgefahr-braucht-risikomanagement\\\/\"},\"wordCount\":472,\"commentCount\":0,\"publisher\":{\"@id\":\"https:\\\/\\\/news.save.ch\\\/de\\\/#organization\"},\"image\":{\"@id\":\"https:\\\/\\\/news.save.ch\\\/naturgefahr-braucht-risikomanagement\\\/#primaryimage\"},\"thumbnailUrl\":\"https:\\\/\\\/news.save.ch\\\/wp-content\\\/uploads\\\/2016\\\/12\\\/Naturgefahr-braucht-Risikomanagement_sicherheitsforum.jpg\",\"keywords\":[\"Naturgefahren\",\"Risikomanagement\"],\"articleSection\":[\"SICHERHEIT\"],\"inLanguage\":\"fr-FR\"},{\"@type\":\"WebPage\",\"@id\":\"https:\\\/\\\/news.save.ch\\\/naturgefahr-braucht-risikomanagement\\\/\",\"url\":\"https:\\\/\\\/news.save.ch\\\/naturgefahr-braucht-risikomanagement\\\/\",\"name\":\"Naturgefahr braucht Risikomanagement - Save\",\"isPartOf\":{\"@id\":\"https:\\\/\\\/news.save.ch\\\/de\\\/#website\"},\"primaryImageOfPage\":{\"@id\":\"https:\\\/\\\/news.save.ch\\\/naturgefahr-braucht-risikomanagement\\\/#primaryimage\"},\"image\":{\"@id\":\"https:\\\/\\\/news.save.ch\\\/naturgefahr-braucht-risikomanagement\\\/#primaryimage\"},\"thumbnailUrl\":\"https:\\\/\\\/news.save.ch\\\/wp-content\\\/uploads\\\/2016\\\/12\\\/Naturgefahr-braucht-Risikomanagement_sicherheitsforum.jpg\",\"datePublished\":\"2016-08-24T07:21:20+00:00\",\"dateModified\":\"2023-03-14T07:59:00+00:00\",\"breadcrumb\":{\"@id\":\"https:\\\/\\\/news.save.ch\\\/naturgefahr-braucht-risikomanagement\\\/#breadcrumb\"},\"inLanguage\":\"fr-FR\",\"potentialAction\":[{\"@type\":\"ReadAction\",\"target\":[\"https:\\\/\\\/news.save.ch\\\/naturgefahr-braucht-risikomanagement\\\/\"]}]},{\"@type\":\"ImageObject\",\"inLanguage\":\"fr-FR\",\"@id\":\"https:\\\/\\\/news.save.ch\\\/naturgefahr-braucht-risikomanagement\\\/#primaryimage\",\"url\":\"https:\\\/\\\/news.save.ch\\\/wp-content\\\/uploads\\\/2016\\\/12\\\/Naturgefahr-braucht-Risikomanagement_sicherheitsforum.jpg\",\"contentUrl\":\"https:\\\/\\\/news.save.ch\\\/wp-content\\\/uploads\\\/2016\\\/12\\\/Naturgefahr-braucht-Risikomanagement_sicherheitsforum.jpg\",\"width\":999,\"height\":665,\"caption\":\"\u00a9 depositphotos\"},{\"@type\":\"BreadcrumbList\",\"@id\":\"https:\\\/\\\/news.save.ch\\\/naturgefahr-braucht-risikomanagement\\\/#breadcrumb\",\"itemListElement\":[{\"@type\":\"ListItem\",\"position\":1,\"name\":\"Home\",\"item\":\"https:\\\/\\\/news.save.ch\\\/de\\\/\"},{\"@type\":\"ListItem\",\"position\":2,\"name\":\"Naturgefahr braucht Risikomanagement\"}]},{\"@type\":\"WebSite\",\"@id\":\"https:\\\/\\\/news.save.ch\\\/de\\\/#website\",\"url\":\"https:\\\/\\\/news.save.ch\\\/de\\\/\",\"name\":\"Save\",\"description\":\"Schweizer Fachzeitschrift f\u00fcr Sicherheit\",\"publisher\":{\"@id\":\"https:\\\/\\\/news.save.ch\\\/de\\\/#organization\"},\"potentialAction\":[{\"@type\":\"SearchAction\",\"target\":{\"@type\":\"EntryPoint\",\"urlTemplate\":\"https:\\\/\\\/news.save.ch\\\/de\\\/?s={search_term_string}\"},\"query-input\":{\"@type\":\"PropertyValueSpecification\",\"valueRequired\":true,\"valueName\":\"search_term_string\"}}],\"inLanguage\":\"fr-FR\"},{\"@type\":\"Organization\",\"@id\":\"https:\\\/\\\/news.save.ch\\\/de\\\/#organization\",\"name\":\"Sicherheitsforum\",\"url\":\"https:\\\/\\\/news.save.ch\\\/de\\\/\",\"logo\":{\"@type\":\"ImageObject\",\"inLanguage\":\"fr-FR\",\"@id\":\"https:\\\/\\\/news.save.ch\\\/de\\\/#\\\/schema\\\/logo\\\/image\\\/\",\"url\":\"https:\\\/\\\/news.save.ch\\\/wp-content\\\/uploads\\\/2022\\\/06\\\/Logo_SF_2012.png\",\"contentUrl\":\"https:\\\/\\\/news.save.ch\\\/wp-content\\\/uploads\\\/2022\\\/06\\\/Logo_SF_2012.png\",\"width\":1100,\"height\":91,\"caption\":\"Sicherheitsforum\"},\"image\":{\"@id\":\"https:\\\/\\\/news.save.ch\\\/de\\\/#\\\/schema\\\/logo\\\/image\\\/\"}},{\"@type\":\"Person\",\"@id\":\"https:\\\/\\\/news.save.ch\\\/de\\\/#\\\/schema\\\/person\\\/d49e199490bad7c70d64b9ab51142f2b\",\"name\":\"admin\",\"image\":{\"@type\":\"ImageObject\",\"inLanguage\":\"fr-FR\",\"@id\":\"https:\\\/\\\/secure.gravatar.com\\\/avatar\\\/ae2f4d718e6c49043e314ce431e7e645d646302a24a5ef5a8bc8e3f5a032e319?s=96&d=mm&r=g\",\"url\":\"https:\\\/\\\/secure.gravatar.com\\\/avatar\\\/ae2f4d718e6c49043e314ce431e7e645d646302a24a5ef5a8bc8e3f5a032e319?s=96&d=mm&r=g\",\"contentUrl\":\"https:\\\/\\\/secure.gravatar.com\\\/avatar\\\/ae2f4d718e6c49043e314ce431e7e645d646302a24a5ef5a8bc8e3f5a032e319?s=96&d=mm&r=g\",\"caption\":\"admin\"},\"sameAs\":[\"https:\\\/\\\/develop.organisator.galledia.ch\"],\"url\":\"https:\\\/\\\/news.save.ch\\\/fr\\\/author\\\/admin\\\/\"}]}<\/script>\n<!-- \/ Yoast SEO plugin. -->","yoast_head_json":{"title":"Les risques naturels n\u00e9cessitent une gestion des risques - Save","robots":{"index":"index","follow":"follow","max-snippet":"max-snippet:-1","max-image-preview":"max-image-preview:large","max-video-preview":"max-video-preview:-1"},"canonical":"https:\/\/news.save.ch\/fr\/naturgefahr-braucht-risikomanagement\/","og_locale":"fr_FR","og_type":"article","og_title":"Naturgefahr braucht Risikomanagement - Save","og_description":"Die Schweiz verf\u00fcgt \u00fcber einen fortschrittlichen Umgang mit dem Schutz vor Naturgefahren, denen sie als alpines und dicht bev\u00f6lkertes Land besonders ausgesetzt ist. Nach wie vor leben 1,8 Millionen Menschen in hochwassergef\u00e4hrdeten Gebieten. 1,7 Millionen Arbeitspl\u00e4tze und 840 Milliarden Franken Sachwerte befinden sich in solchen Gefahrenzonen. In naher Zukunft sind zudem neue Herausforderungen absehbar, auf [&hellip;]","og_url":"https:\/\/news.save.ch\/fr\/naturgefahr-braucht-risikomanagement\/","og_site_name":"Save","article_published_time":"2016-08-24T07:21:20+00:00","article_modified_time":"2023-03-14T07:59:00+00:00","og_image":[{"width":999,"height":665,"url":"https:\/\/news.save.ch\/wp-content\/uploads\/2016\/12\/Naturgefahr-braucht-Risikomanagement_sicherheitsforum.jpg","type":"image\/jpeg"}],"author":"admin","twitter_card":"summary_large_image","twitter_misc":{"\u00c9crit par":"admin","Dur\u00e9e de lecture estim\u00e9e":"2 minutes"},"schema":{"@context":"https:\/\/schema.org","@graph":[{"@type":"Article","@id":"https:\/\/news.save.ch\/naturgefahr-braucht-risikomanagement\/#article","isPartOf":{"@id":"https:\/\/news.save.ch\/naturgefahr-braucht-risikomanagement\/"},"author":{"name":"admin","@id":"https:\/\/news.save.ch\/de\/#\/schema\/person\/d49e199490bad7c70d64b9ab51142f2b"},"headline":"Naturgefahr braucht Risikomanagement","datePublished":"2016-08-24T07:21:20+00:00","dateModified":"2023-03-14T07:59:00+00:00","mainEntityOfPage":{"@id":"https:\/\/news.save.ch\/naturgefahr-braucht-risikomanagement\/"},"wordCount":472,"commentCount":0,"publisher":{"@id":"https:\/\/news.save.ch\/de\/#organization"},"image":{"@id":"https:\/\/news.save.ch\/naturgefahr-braucht-risikomanagement\/#primaryimage"},"thumbnailUrl":"https:\/\/news.save.ch\/wp-content\/uploads\/2016\/12\/Naturgefahr-braucht-Risikomanagement_sicherheitsforum.jpg","keywords":["Naturgefahren","Risikomanagement"],"articleSection":["SICHERHEIT"],"inLanguage":"fr-FR"},{"@type":"WebPage","@id":"https:\/\/news.save.ch\/naturgefahr-braucht-risikomanagement\/","url":"https:\/\/news.save.ch\/naturgefahr-braucht-risikomanagement\/","name":"Les risques naturels n\u00e9cessitent une gestion des risques - Save","isPartOf":{"@id":"https:\/\/news.save.ch\/de\/#website"},"primaryImageOfPage":{"@id":"https:\/\/news.save.ch\/naturgefahr-braucht-risikomanagement\/#primaryimage"},"image":{"@id":"https:\/\/news.save.ch\/naturgefahr-braucht-risikomanagement\/#primaryimage"},"thumbnailUrl":"https:\/\/news.save.ch\/wp-content\/uploads\/2016\/12\/Naturgefahr-braucht-Risikomanagement_sicherheitsforum.jpg","datePublished":"2016-08-24T07:21:20+00:00","dateModified":"2023-03-14T07:59:00+00:00","breadcrumb":{"@id":"https:\/\/news.save.ch\/naturgefahr-braucht-risikomanagement\/#breadcrumb"},"inLanguage":"fr-FR","potentialAction":[{"@type":"ReadAction","target":["https:\/\/news.save.ch\/naturgefahr-braucht-risikomanagement\/"]}]},{"@type":"ImageObject","inLanguage":"fr-FR","@id":"https:\/\/news.save.ch\/naturgefahr-braucht-risikomanagement\/#primaryimage","url":"https:\/\/news.save.ch\/wp-content\/uploads\/2016\/12\/Naturgefahr-braucht-Risikomanagement_sicherheitsforum.jpg","contentUrl":"https:\/\/news.save.ch\/wp-content\/uploads\/2016\/12\/Naturgefahr-braucht-Risikomanagement_sicherheitsforum.jpg","width":999,"height":665,"caption":"\u00a9 depositphotos"},{"@type":"BreadcrumbList","@id":"https:\/\/news.save.ch\/naturgefahr-braucht-risikomanagement\/#breadcrumb","itemListElement":[{"@type":"ListItem","position":1,"name":"Home","item":"https:\/\/news.save.ch\/de\/"},{"@type":"ListItem","position":2,"name":"Naturgefahr braucht Risikomanagement"}]},{"@type":"WebSite","@id":"https:\/\/news.save.ch\/de\/#website","url":"https:\/\/news.save.ch\/de\/","name":"Save","description":"Revue suisse sp\u00e9cialis\u00e9e dans la s\u00e9curit\u00e9","publisher":{"@id":"https:\/\/news.save.ch\/de\/#organization"},"potentialAction":[{"@type":"SearchAction","target":{"@type":"EntryPoint","urlTemplate":"https:\/\/news.save.ch\/de\/?s={search_term_string}"},"query-input":{"@type":"PropertyValueSpecification","valueRequired":true,"valueName":"search_term_string"}}],"inLanguage":"fr-FR"},{"@type":"Organization","@id":"https:\/\/news.save.ch\/de\/#organization","name":"Forum sur la s\u00e9curit\u00e9","url":"https:\/\/news.save.ch\/de\/","logo":{"@type":"ImageObject","inLanguage":"fr-FR","@id":"https:\/\/news.save.ch\/de\/#\/schema\/logo\/image\/","url":"https:\/\/news.save.ch\/wp-content\/uploads\/2022\/06\/Logo_SF_2012.png","contentUrl":"https:\/\/news.save.ch\/wp-content\/uploads\/2022\/06\/Logo_SF_2012.png","width":1100,"height":91,"caption":"Sicherheitsforum"},"image":{"@id":"https:\/\/news.save.ch\/de\/#\/schema\/logo\/image\/"}},{"@type":"Person","@id":"https:\/\/news.save.ch\/de\/#\/schema\/person\/d49e199490bad7c70d64b9ab51142f2b","name":"admin","image":{"@type":"ImageObject","inLanguage":"fr-FR","@id":"https:\/\/secure.gravatar.com\/avatar\/ae2f4d718e6c49043e314ce431e7e645d646302a24a5ef5a8bc8e3f5a032e319?s=96&d=mm&r=g","url":"https:\/\/secure.gravatar.com\/avatar\/ae2f4d718e6c49043e314ce431e7e645d646302a24a5ef5a8bc8e3f5a032e319?s=96&d=mm&r=g","contentUrl":"https:\/\/secure.gravatar.com\/avatar\/ae2f4d718e6c49043e314ce431e7e645d646302a24a5ef5a8bc8e3f5a032e319?s=96&d=mm&r=g","caption":"admin"},"sameAs":["https:\/\/develop.organisator.galledia.ch"],"url":"https:\/\/news.save.ch\/fr\/author\/admin\/"}]}},"_links":{"self":[{"href":"https:\/\/news.save.ch\/fr\/wp-json\/wp\/v2\/posts\/2375","targetHints":{"allow":["GET"]}}],"collection":[{"href":"https:\/\/news.save.ch\/fr\/wp-json\/wp\/v2\/posts"}],"about":[{"href":"https:\/\/news.save.ch\/fr\/wp-json\/wp\/v2\/types\/post"}],"author":[{"embeddable":true,"href":"https:\/\/news.save.ch\/fr\/wp-json\/wp\/v2\/users\/1"}],"replies":[{"embeddable":true,"href":"https:\/\/news.save.ch\/fr\/wp-json\/wp\/v2\/comments?post=2375"}],"version-history":[{"count":1,"href":"https:\/\/news.save.ch\/fr\/wp-json\/wp\/v2\/posts\/2375\/revisions"}],"predecessor-version":[{"id":17878,"href":"https:\/\/news.save.ch\/fr\/wp-json\/wp\/v2\/posts\/2375\/revisions\/17878"}],"wp:featuredmedia":[{"embeddable":true,"href":"https:\/\/news.save.ch\/fr\/wp-json\/wp\/v2\/media\/2376"}],"wp:attachment":[{"href":"https:\/\/news.save.ch\/fr\/wp-json\/wp\/v2\/media?parent=2375"}],"wp:term":[{"taxonomy":"category","embeddable":true,"href":"https:\/\/news.save.ch\/fr\/wp-json\/wp\/v2\/categories?post=2375"},{"taxonomy":"post_tag","embeddable":true,"href":"https:\/\/news.save.ch\/fr\/wp-json\/wp\/v2\/tags?post=2375"}],"curies":[{"name":"wp","href":"https:\/\/api.w.org\/{rel}","templated":true}]}}