{"id":2382,"date":"2016-08-22T09:26:50","date_gmt":"2016-08-22T07:26:50","guid":{"rendered":"https:\/\/dev.sicherheitsforum.ch\/?p=2382"},"modified":"2023-03-14T09:00:03","modified_gmt":"2023-03-14T08:00:03","slug":"zuko-standard-endanwender-wehren-sich","status":null,"type":"post","link":"https:\/\/news.save.ch\/fr\/zuko-standard-endanwender-wehren-sich\/","title":{"rendered":"Norme Zuko : les utilisateurs finaux se d\u00e9fendent"},"content":{"rendered":"<figure id=\"attachment_2383\" aria-describedby=\"caption-attachment-2383\" style=\"width: 680px\" class=\"wp-caption alignnone\"><img loading=\"lazy\" decoding=\"async\" class=\"size-medium wp-image-2383\" src=\"https:\/\/news.save.ch\/wp-content\/uploads\/2016\/12\/Zuko-Standard-Endanwender-wehren-sich_sicherheitsforum.jpg\" alt=\"\" width=\"680\" height=\"454\" srcset=\"https:\/\/news.save.ch\/wp-content\/uploads\/2016\/12\/Zuko-Standard-Endanwender-wehren-sich_sicherheitsforum.jpg 1024w, https:\/\/news.save.ch\/wp-content\/uploads\/2016\/12\/Zuko-Standard-Endanwender-wehren-sich_sicherheitsforum-375x250.jpg 375w\" sizes=\"auto, (max-width: 680px) 100vw, 680px\" \/><figcaption id=\"caption-attachment-2383\" class=\"wp-caption-text\">L'iGOS : rang\u00e9e arri\u00e8re : Ralf Weidmann, Hugo Straumann, Marcel Keller, Rebecca Galli ; rang\u00e9e avant : Urban Meier, Sergio Blaser, Max Haller, Bruno Boner, Fabian Lange, Guido Bolliger<\/figcaption><\/figure>\n<p>Dans un monde du travail de plus en plus flexible, les b\u00e2timents changent rapidement d'utilisateur. L'installation de contr\u00f4le d'acc\u00e8s existante de l'utilisateur doit \u00e9galement pouvoir g\u00e9rer rapidement ces changements ou \u00eatre compatible avec les composants d\u00e9j\u00e0 mont\u00e9s sur le nouveau site. A cela s'ajoute le fait que les groupes commencent \u00e0 introduire des normes uniformes sur tous leurs sites.<\/p>\n<p>Les entreprises soumises au droit des march\u00e9s publics doivent parfois lancer un nouvel appel d'offres pour les syst\u00e8mes de fermeture et de contr\u00f4le d'acc\u00e8s \u00e0 chaque projet de construction. Cela augmente le nombre de produits et de philosophies de programmation diff\u00e9rents au sein d'un m\u00eame domaine de responsabilit\u00e9. Pour toutes ces raisons, un besoin du porteur de cl\u00e9 ou de badge est au centre de l'attention : le souhait de pouvoir ouvrir si possible toutes les portes avec un seul support.<\/p>\n<p>Pour les syst\u00e8mes de contr\u00f4le d'acc\u00e8s en ligne (Standard Access), une norme ind\u00e9pendante du fabricant s'est \u00e9tablie depuis longtemps sur les supports RFID. Jusqu'\u00e0 pr\u00e9sent, il n'existait rien de comparable dans le domaine de la gestion d'acc\u00e8s hors ligne.<\/p>\n<p><strong>Les utilisateurs finaux se d\u00e9fendent<\/strong><\/p>\n<p>Le m\u00e9contentement s'est fait sentir ces derni\u00e8res ann\u00e9es chez de nombreux utilisateurs finaux. De plus en plus de responsables de la s\u00e9curit\u00e9 souhaitent une segmentation qui soit compatible avec les lecteurs de badges de tous les fabricants. Plusieurs efforts ont donc \u00e9t\u00e9 d\u00e9ploy\u00e9s pour d\u00e9velopper une telle norme. Aujourd'hui, un groupe d'int\u00e9r\u00eat d'utilisateurs finaux s'est form\u00e9 pour d\u00e9velopper le standard. <a href=\"https:\/\/www.oss-association.com\" target=\"_blank\" rel=\"noreferrer noopener\" data-cke-saved-href=\"https:\/\/www.oss-association.com\">Norme de s\u00e9curit\u00e9 ouverte<\/a>(OSS).<\/p>\n<p><strong>R\u00e9union pr\u00e9vue<\/strong><\/p>\n<p>Le groupe d'int\u00e9r\u00eat des utilisateurs finaux, les <a href=\"https:\/\/www.offline-standard.ch\" target=\"_blank\" rel=\"noreferrer noopener\" data-cke-saved-href=\"https:\/\/www.offline-standard.ch\">iGOS<\/a>, organisera la manifestation \"OSS works\" les 26 et 27 octobre 2016 sur le campus de Brugg-Windisch de la Haute \u00e9cole sp\u00e9cialis\u00e9e du Nord-Ouest de la Suisse. L'\u00e9v\u00e9nement doit offrir \u00e0 tous les participants une plateforme optimale pour \u00e9changer, discuter des projets \u00e0 venir et mettre en \u00e9vidence les potentiels. Comme le standard OSS est au centre de l'attention, seuls les fabricants qui proposent d\u00e9j\u00e0 des produits correspondants ou qui peuvent au moins pr\u00e9senter un plan de d\u00e9veloppement concret avec un lancement pr\u00e9vu sur le march\u00e9 seront pr\u00e9sents sur place.\u00a0<em>Source : \"Communaut\u00e9 d'int\u00e9r\u00eat pour le standard hors ligne iGOS\".<\/em><\/p>\n<p><em>Un article d\u00e9taill\u00e9 sur le th\u00e8me de la norme OSS sera publi\u00e9 dans le num\u00e9ro de septembre de la revue sp\u00e9cialis\u00e9e <a href=\"\/fr\/sicherheitsforum\/\" target=\"_blank\" rel=\"noreferrer noopener\" data-cke-saved-href=\"https:\/\/sicherheitsforum.hamster.ch\/subscribe\">Forum sur la s\u00e9curit\u00e9<\/a> apparaissent.<\/em><\/p>","protected":false},"excerpt":{"rendered":"<p>In der immer flexibler werdenden Arbeitswelt wechseln Geb\u00e4ude schnell den Nutzer. Die bestehende Zutrittskontrollanlage des Anwenders muss diese \u00c4nderungen ebenfalls rasch bewerkstelligen k\u00f6nnen oder mit den am neuen Standort bereits montierten Komponenten kompatibel sein. Hinzu kommt, dass Konzerne beginnen, an all ihren Standorten einheitliche Standards einzuf\u00fchren. Unternehmen, die dem \u00f6ffentlichen Beschaffungsrecht unterstellt sind, m\u00fcssen Schliess- [&hellip;]<\/p>\n","protected":false},"author":1,"featured_media":2383,"comment_status":"open","ping_status":"open","sticky":false,"template":"","format":"standard","meta":{"_acf_changed":false,"pgc_sgb_lightbox_settings":"","footnotes":""},"categories":[3312],"tags":[246,247,158],"class_list":["post-2382","post","type-post","status-publish","format-standard","has-post-thumbnail","hentry","category-sicherheit","tag-normen","tag-standards","tag-zutrittskontrolle"],"acf":[],"hkrextid":null,"publication":null,"issue":null,"workflow":null,"startPage":null,"spitzmarke":null,"_posts_by_tag_page_fields":{"widget_title":"","widget_tags":""},"_at_widget":"1","_yoast_wpseo_primary_category":"3303","_yoast_wpseo_focuskw_text_input":"iGOS, OSS, Standard","_yoast_wpseo_opengraph-image":null,"_yoast_wpseo_opengraph-description":null,"_yoast_wpseo_opengraph-title":null,"enclosure":null,"_yoast_wpseo_twitter-title":null,"_yoast_wpseo_twitter-description":null,"_yoast_wpseo_twitter-image":null,"_wp_old_slug":null,"_yoast_wpseo_title":null,"_yoast_wpseo_canonical":null,"yoast_head":"<!-- This site is optimized with the Yoast SEO plugin v27.4 - https:\/\/yoast.com\/product\/yoast-seo-wordpress\/ -->\n<title>Zuko-Standard: Endanwender wehren sich - Save<\/title>\n<meta name=\"robots\" content=\"index, follow, max-snippet:-1, max-image-preview:large, max-video-preview:-1\" \/>\n<link rel=\"canonical\" href=\"https:\/\/news.save.ch\/fr\/zuko-standard-endanwender-wehren-sich\/\" \/>\n<meta property=\"og:locale\" content=\"fr_FR\" \/>\n<meta property=\"og:type\" content=\"article\" \/>\n<meta property=\"og:title\" content=\"Zuko-Standard: Endanwender wehren sich - Save\" \/>\n<meta property=\"og:description\" content=\"In der immer flexibler werdenden Arbeitswelt wechseln Geb\u00e4ude schnell den Nutzer. Die bestehende Zutrittskontrollanlage des Anwenders muss diese \u00c4nderungen ebenfalls rasch bewerkstelligen k\u00f6nnen oder mit den am neuen Standort bereits montierten Komponenten kompatibel sein. Hinzu kommt, dass Konzerne beginnen, an all ihren Standorten einheitliche Standards einzuf\u00fchren. Unternehmen, die dem \u00f6ffentlichen Beschaffungsrecht unterstellt sind, m\u00fcssen Schliess- [&hellip;]\" \/>\n<meta property=\"og:url\" content=\"https:\/\/news.save.ch\/fr\/zuko-standard-endanwender-wehren-sich\/\" \/>\n<meta property=\"og:site_name\" content=\"Save\" \/>\n<meta property=\"article:published_time\" content=\"2016-08-22T07:26:50+00:00\" \/>\n<meta property=\"article:modified_time\" content=\"2023-03-14T08:00:03+00:00\" \/>\n<meta property=\"og:image\" content=\"https:\/\/news.save.ch\/wp-content\/uploads\/2016\/12\/Zuko-Standard-Endanwender-wehren-sich_sicherheitsforum.jpg\" \/>\n\t<meta property=\"og:image:width\" content=\"1024\" \/>\n\t<meta property=\"og:image:height\" content=\"683\" \/>\n\t<meta property=\"og:image:type\" content=\"image\/jpeg\" \/>\n<meta name=\"author\" content=\"admin\" \/>\n<meta name=\"twitter:card\" content=\"summary_large_image\" \/>\n<meta name=\"twitter:label1\" content=\"\u00c9crit par\" \/>\n\t<meta name=\"twitter:data1\" content=\"admin\" \/>\n\t<meta name=\"twitter:label2\" content=\"Dur\u00e9e de lecture estim\u00e9e\" \/>\n\t<meta name=\"twitter:data2\" content=\"2 minutes\" \/>\n<script type=\"application\/ld+json\" class=\"yoast-schema-graph\">{\"@context\":\"https:\\\/\\\/schema.org\",\"@graph\":[{\"@type\":\"Article\",\"@id\":\"https:\\\/\\\/news.save.ch\\\/zuko-standard-endanwender-wehren-sich\\\/#article\",\"isPartOf\":{\"@id\":\"https:\\\/\\\/news.save.ch\\\/zuko-standard-endanwender-wehren-sich\\\/\"},\"author\":{\"name\":\"admin\",\"@id\":\"https:\\\/\\\/news.save.ch\\\/de\\\/#\\\/schema\\\/person\\\/d49e199490bad7c70d64b9ab51142f2b\"},\"headline\":\"Zuko-Standard: Endanwender wehren sich\",\"datePublished\":\"2016-08-22T07:26:50+00:00\",\"dateModified\":\"2023-03-14T08:00:03+00:00\",\"mainEntityOfPage\":{\"@id\":\"https:\\\/\\\/news.save.ch\\\/zuko-standard-endanwender-wehren-sich\\\/\"},\"wordCount\":331,\"commentCount\":0,\"publisher\":{\"@id\":\"https:\\\/\\\/news.save.ch\\\/de\\\/#organization\"},\"image\":{\"@id\":\"https:\\\/\\\/news.save.ch\\\/zuko-standard-endanwender-wehren-sich\\\/#primaryimage\"},\"thumbnailUrl\":\"https:\\\/\\\/news.save.ch\\\/wp-content\\\/uploads\\\/2016\\\/12\\\/Zuko-Standard-Endanwender-wehren-sich_sicherheitsforum.jpg\",\"keywords\":[\"Normen\",\"Standards\",\"Zutrittskontrolle\"],\"articleSection\":[\"SICHERHEIT\"],\"inLanguage\":\"fr-FR\"},{\"@type\":\"WebPage\",\"@id\":\"https:\\\/\\\/news.save.ch\\\/zuko-standard-endanwender-wehren-sich\\\/\",\"url\":\"https:\\\/\\\/news.save.ch\\\/zuko-standard-endanwender-wehren-sich\\\/\",\"name\":\"Zuko-Standard: Endanwender wehren sich - Save\",\"isPartOf\":{\"@id\":\"https:\\\/\\\/news.save.ch\\\/de\\\/#website\"},\"primaryImageOfPage\":{\"@id\":\"https:\\\/\\\/news.save.ch\\\/zuko-standard-endanwender-wehren-sich\\\/#primaryimage\"},\"image\":{\"@id\":\"https:\\\/\\\/news.save.ch\\\/zuko-standard-endanwender-wehren-sich\\\/#primaryimage\"},\"thumbnailUrl\":\"https:\\\/\\\/news.save.ch\\\/wp-content\\\/uploads\\\/2016\\\/12\\\/Zuko-Standard-Endanwender-wehren-sich_sicherheitsforum.jpg\",\"datePublished\":\"2016-08-22T07:26:50+00:00\",\"dateModified\":\"2023-03-14T08:00:03+00:00\",\"breadcrumb\":{\"@id\":\"https:\\\/\\\/news.save.ch\\\/zuko-standard-endanwender-wehren-sich\\\/#breadcrumb\"},\"inLanguage\":\"fr-FR\",\"potentialAction\":[{\"@type\":\"ReadAction\",\"target\":[\"https:\\\/\\\/news.save.ch\\\/zuko-standard-endanwender-wehren-sich\\\/\"]}]},{\"@type\":\"ImageObject\",\"inLanguage\":\"fr-FR\",\"@id\":\"https:\\\/\\\/news.save.ch\\\/zuko-standard-endanwender-wehren-sich\\\/#primaryimage\",\"url\":\"https:\\\/\\\/news.save.ch\\\/wp-content\\\/uploads\\\/2016\\\/12\\\/Zuko-Standard-Endanwender-wehren-sich_sicherheitsforum.jpg\",\"contentUrl\":\"https:\\\/\\\/news.save.ch\\\/wp-content\\\/uploads\\\/2016\\\/12\\\/Zuko-Standard-Endanwender-wehren-sich_sicherheitsforum.jpg\",\"width\":1024,\"height\":683,\"caption\":\"Die iGOS: hintere Reihe: Ralf Weidmann, Hugo Straumann, Marcel Keller, Rebecca Galli; vordere Reihe: Urban Meier, Sergio Blaser, Max Haller, Bruno Boner, Fabian Lange, Guido Bolliger\"},{\"@type\":\"BreadcrumbList\",\"@id\":\"https:\\\/\\\/news.save.ch\\\/zuko-standard-endanwender-wehren-sich\\\/#breadcrumb\",\"itemListElement\":[{\"@type\":\"ListItem\",\"position\":1,\"name\":\"Home\",\"item\":\"https:\\\/\\\/news.save.ch\\\/de\\\/\"},{\"@type\":\"ListItem\",\"position\":2,\"name\":\"Zuko-Standard: Endanwender wehren sich\"}]},{\"@type\":\"WebSite\",\"@id\":\"https:\\\/\\\/news.save.ch\\\/de\\\/#website\",\"url\":\"https:\\\/\\\/news.save.ch\\\/de\\\/\",\"name\":\"Save\",\"description\":\"Schweizer Fachzeitschrift f\u00fcr Sicherheit\",\"publisher\":{\"@id\":\"https:\\\/\\\/news.save.ch\\\/de\\\/#organization\"},\"potentialAction\":[{\"@type\":\"SearchAction\",\"target\":{\"@type\":\"EntryPoint\",\"urlTemplate\":\"https:\\\/\\\/news.save.ch\\\/de\\\/?s={search_term_string}\"},\"query-input\":{\"@type\":\"PropertyValueSpecification\",\"valueRequired\":true,\"valueName\":\"search_term_string\"}}],\"inLanguage\":\"fr-FR\"},{\"@type\":\"Organization\",\"@id\":\"https:\\\/\\\/news.save.ch\\\/de\\\/#organization\",\"name\":\"Sicherheitsforum\",\"url\":\"https:\\\/\\\/news.save.ch\\\/de\\\/\",\"logo\":{\"@type\":\"ImageObject\",\"inLanguage\":\"fr-FR\",\"@id\":\"https:\\\/\\\/news.save.ch\\\/de\\\/#\\\/schema\\\/logo\\\/image\\\/\",\"url\":\"https:\\\/\\\/news.save.ch\\\/wp-content\\\/uploads\\\/2022\\\/06\\\/Logo_SF_2012.png\",\"contentUrl\":\"https:\\\/\\\/news.save.ch\\\/wp-content\\\/uploads\\\/2022\\\/06\\\/Logo_SF_2012.png\",\"width\":1100,\"height\":91,\"caption\":\"Sicherheitsforum\"},\"image\":{\"@id\":\"https:\\\/\\\/news.save.ch\\\/de\\\/#\\\/schema\\\/logo\\\/image\\\/\"}},{\"@type\":\"Person\",\"@id\":\"https:\\\/\\\/news.save.ch\\\/de\\\/#\\\/schema\\\/person\\\/d49e199490bad7c70d64b9ab51142f2b\",\"name\":\"admin\",\"image\":{\"@type\":\"ImageObject\",\"inLanguage\":\"fr-FR\",\"@id\":\"https:\\\/\\\/secure.gravatar.com\\\/avatar\\\/ae2f4d718e6c49043e314ce431e7e645d646302a24a5ef5a8bc8e3f5a032e319?s=96&d=mm&r=g\",\"url\":\"https:\\\/\\\/secure.gravatar.com\\\/avatar\\\/ae2f4d718e6c49043e314ce431e7e645d646302a24a5ef5a8bc8e3f5a032e319?s=96&d=mm&r=g\",\"contentUrl\":\"https:\\\/\\\/secure.gravatar.com\\\/avatar\\\/ae2f4d718e6c49043e314ce431e7e645d646302a24a5ef5a8bc8e3f5a032e319?s=96&d=mm&r=g\",\"caption\":\"admin\"},\"sameAs\":[\"https:\\\/\\\/develop.organisator.galledia.ch\"],\"url\":\"https:\\\/\\\/news.save.ch\\\/fr\\\/author\\\/admin\\\/\"}]}<\/script>\n<!-- \/ Yoast SEO plugin. -->","yoast_head_json":{"title":"Norme Zuko : les utilisateurs finaux se d\u00e9fendent - Save","robots":{"index":"index","follow":"follow","max-snippet":"max-snippet:-1","max-image-preview":"max-image-preview:large","max-video-preview":"max-video-preview:-1"},"canonical":"https:\/\/news.save.ch\/fr\/zuko-standard-endanwender-wehren-sich\/","og_locale":"fr_FR","og_type":"article","og_title":"Zuko-Standard: Endanwender wehren sich - Save","og_description":"In der immer flexibler werdenden Arbeitswelt wechseln Geb\u00e4ude schnell den Nutzer. Die bestehende Zutrittskontrollanlage des Anwenders muss diese \u00c4nderungen ebenfalls rasch bewerkstelligen k\u00f6nnen oder mit den am neuen Standort bereits montierten Komponenten kompatibel sein. Hinzu kommt, dass Konzerne beginnen, an all ihren Standorten einheitliche Standards einzuf\u00fchren. Unternehmen, die dem \u00f6ffentlichen Beschaffungsrecht unterstellt sind, m\u00fcssen Schliess- [&hellip;]","og_url":"https:\/\/news.save.ch\/fr\/zuko-standard-endanwender-wehren-sich\/","og_site_name":"Save","article_published_time":"2016-08-22T07:26:50+00:00","article_modified_time":"2023-03-14T08:00:03+00:00","og_image":[{"width":1024,"height":683,"url":"https:\/\/news.save.ch\/wp-content\/uploads\/2016\/12\/Zuko-Standard-Endanwender-wehren-sich_sicherheitsforum.jpg","type":"image\/jpeg"}],"author":"admin","twitter_card":"summary_large_image","twitter_misc":{"\u00c9crit par":"admin","Dur\u00e9e de lecture estim\u00e9e":"2 minutes"},"schema":{"@context":"https:\/\/schema.org","@graph":[{"@type":"Article","@id":"https:\/\/news.save.ch\/zuko-standard-endanwender-wehren-sich\/#article","isPartOf":{"@id":"https:\/\/news.save.ch\/zuko-standard-endanwender-wehren-sich\/"},"author":{"name":"admin","@id":"https:\/\/news.save.ch\/de\/#\/schema\/person\/d49e199490bad7c70d64b9ab51142f2b"},"headline":"Zuko-Standard: Endanwender wehren sich","datePublished":"2016-08-22T07:26:50+00:00","dateModified":"2023-03-14T08:00:03+00:00","mainEntityOfPage":{"@id":"https:\/\/news.save.ch\/zuko-standard-endanwender-wehren-sich\/"},"wordCount":331,"commentCount":0,"publisher":{"@id":"https:\/\/news.save.ch\/de\/#organization"},"image":{"@id":"https:\/\/news.save.ch\/zuko-standard-endanwender-wehren-sich\/#primaryimage"},"thumbnailUrl":"https:\/\/news.save.ch\/wp-content\/uploads\/2016\/12\/Zuko-Standard-Endanwender-wehren-sich_sicherheitsforum.jpg","keywords":["Normen","Standards","Zutrittskontrolle"],"articleSection":["SICHERHEIT"],"inLanguage":"fr-FR"},{"@type":"WebPage","@id":"https:\/\/news.save.ch\/zuko-standard-endanwender-wehren-sich\/","url":"https:\/\/news.save.ch\/zuko-standard-endanwender-wehren-sich\/","name":"Norme Zuko : les utilisateurs finaux se d\u00e9fendent - Save","isPartOf":{"@id":"https:\/\/news.save.ch\/de\/#website"},"primaryImageOfPage":{"@id":"https:\/\/news.save.ch\/zuko-standard-endanwender-wehren-sich\/#primaryimage"},"image":{"@id":"https:\/\/news.save.ch\/zuko-standard-endanwender-wehren-sich\/#primaryimage"},"thumbnailUrl":"https:\/\/news.save.ch\/wp-content\/uploads\/2016\/12\/Zuko-Standard-Endanwender-wehren-sich_sicherheitsforum.jpg","datePublished":"2016-08-22T07:26:50+00:00","dateModified":"2023-03-14T08:00:03+00:00","breadcrumb":{"@id":"https:\/\/news.save.ch\/zuko-standard-endanwender-wehren-sich\/#breadcrumb"},"inLanguage":"fr-FR","potentialAction":[{"@type":"ReadAction","target":["https:\/\/news.save.ch\/zuko-standard-endanwender-wehren-sich\/"]}]},{"@type":"ImageObject","inLanguage":"fr-FR","@id":"https:\/\/news.save.ch\/zuko-standard-endanwender-wehren-sich\/#primaryimage","url":"https:\/\/news.save.ch\/wp-content\/uploads\/2016\/12\/Zuko-Standard-Endanwender-wehren-sich_sicherheitsforum.jpg","contentUrl":"https:\/\/news.save.ch\/wp-content\/uploads\/2016\/12\/Zuko-Standard-Endanwender-wehren-sich_sicherheitsforum.jpg","width":1024,"height":683,"caption":"Die iGOS: hintere Reihe: Ralf Weidmann, Hugo Straumann, Marcel Keller, Rebecca Galli; vordere Reihe: Urban Meier, Sergio Blaser, Max Haller, Bruno Boner, Fabian Lange, Guido Bolliger"},{"@type":"BreadcrumbList","@id":"https:\/\/news.save.ch\/zuko-standard-endanwender-wehren-sich\/#breadcrumb","itemListElement":[{"@type":"ListItem","position":1,"name":"Home","item":"https:\/\/news.save.ch\/de\/"},{"@type":"ListItem","position":2,"name":"Zuko-Standard: Endanwender wehren sich"}]},{"@type":"WebSite","@id":"https:\/\/news.save.ch\/de\/#website","url":"https:\/\/news.save.ch\/de\/","name":"Save","description":"Revue suisse sp\u00e9cialis\u00e9e dans la s\u00e9curit\u00e9","publisher":{"@id":"https:\/\/news.save.ch\/de\/#organization"},"potentialAction":[{"@type":"SearchAction","target":{"@type":"EntryPoint","urlTemplate":"https:\/\/news.save.ch\/de\/?s={search_term_string}"},"query-input":{"@type":"PropertyValueSpecification","valueRequired":true,"valueName":"search_term_string"}}],"inLanguage":"fr-FR"},{"@type":"Organization","@id":"https:\/\/news.save.ch\/de\/#organization","name":"Forum sur la s\u00e9curit\u00e9","url":"https:\/\/news.save.ch\/de\/","logo":{"@type":"ImageObject","inLanguage":"fr-FR","@id":"https:\/\/news.save.ch\/de\/#\/schema\/logo\/image\/","url":"https:\/\/news.save.ch\/wp-content\/uploads\/2022\/06\/Logo_SF_2012.png","contentUrl":"https:\/\/news.save.ch\/wp-content\/uploads\/2022\/06\/Logo_SF_2012.png","width":1100,"height":91,"caption":"Sicherheitsforum"},"image":{"@id":"https:\/\/news.save.ch\/de\/#\/schema\/logo\/image\/"}},{"@type":"Person","@id":"https:\/\/news.save.ch\/de\/#\/schema\/person\/d49e199490bad7c70d64b9ab51142f2b","name":"admin","image":{"@type":"ImageObject","inLanguage":"fr-FR","@id":"https:\/\/secure.gravatar.com\/avatar\/ae2f4d718e6c49043e314ce431e7e645d646302a24a5ef5a8bc8e3f5a032e319?s=96&d=mm&r=g","url":"https:\/\/secure.gravatar.com\/avatar\/ae2f4d718e6c49043e314ce431e7e645d646302a24a5ef5a8bc8e3f5a032e319?s=96&d=mm&r=g","contentUrl":"https:\/\/secure.gravatar.com\/avatar\/ae2f4d718e6c49043e314ce431e7e645d646302a24a5ef5a8bc8e3f5a032e319?s=96&d=mm&r=g","caption":"admin"},"sameAs":["https:\/\/develop.organisator.galledia.ch"],"url":"https:\/\/news.save.ch\/fr\/author\/admin\/"}]}},"_links":{"self":[{"href":"https:\/\/news.save.ch\/fr\/wp-json\/wp\/v2\/posts\/2382","targetHints":{"allow":["GET"]}}],"collection":[{"href":"https:\/\/news.save.ch\/fr\/wp-json\/wp\/v2\/posts"}],"about":[{"href":"https:\/\/news.save.ch\/fr\/wp-json\/wp\/v2\/types\/post"}],"author":[{"embeddable":true,"href":"https:\/\/news.save.ch\/fr\/wp-json\/wp\/v2\/users\/1"}],"replies":[{"embeddable":true,"href":"https:\/\/news.save.ch\/fr\/wp-json\/wp\/v2\/comments?post=2382"}],"version-history":[{"count":1,"href":"https:\/\/news.save.ch\/fr\/wp-json\/wp\/v2\/posts\/2382\/revisions"}],"predecessor-version":[{"id":18002,"href":"https:\/\/news.save.ch\/fr\/wp-json\/wp\/v2\/posts\/2382\/revisions\/18002"}],"wp:featuredmedia":[{"embeddable":true,"href":"https:\/\/news.save.ch\/fr\/wp-json\/wp\/v2\/media\/2383"}],"wp:attachment":[{"href":"https:\/\/news.save.ch\/fr\/wp-json\/wp\/v2\/media?parent=2382"}],"wp:term":[{"taxonomy":"category","embeddable":true,"href":"https:\/\/news.save.ch\/fr\/wp-json\/wp\/v2\/categories?post=2382"},{"taxonomy":"post_tag","embeddable":true,"href":"https:\/\/news.save.ch\/fr\/wp-json\/wp\/v2\/tags?post=2382"}],"curies":[{"name":"wp","href":"https:\/\/api.w.org\/{rel}","templated":true}]}}