{"id":23864,"date":"2025-01-06T13:45:57","date_gmt":"2025-01-06T12:45:57","guid":{"rendered":"https:\/\/news.save.ch\/?p=23864"},"modified":"2025-01-06T13:46:16","modified_gmt":"2025-01-06T12:46:16","slug":"neueroeffnung-des-agrisafetycenters","status":null,"type":"post","link":"https:\/\/news.save.ch\/fr\/neueroeffnung-des-agrisafetycenters\/","title":{"rendered":"R\u00e9ouverture de l'agriSAFETYCenter"},"content":{"rendered":"<figure id=\"attachment_23865\" aria-describedby=\"caption-attachment-23865\" style=\"width: 1000px\" class=\"wp-caption alignnone\"><a href=\"https:\/\/news.save.ch\/fr\/neueroeffnung-des-agrisafetycenters\/gardener-cutting-a-tree-in-winter-removing-dead-branches\/\" rel=\"attachment wp-att-23865\"><img loading=\"lazy\" decoding=\"async\" class=\"size-full wp-image-23865\" src=\"https:\/\/news.save.ch\/wp-content\/uploads\/2025\/01\/Depositphotos_349127352_S.jpg\" alt=\"\" width=\"1000\" height=\"667\" srcset=\"https:\/\/news.save.ch\/wp-content\/uploads\/2025\/01\/Depositphotos_349127352_S.jpg 1000w, https:\/\/news.save.ch\/wp-content\/uploads\/2025\/01\/Depositphotos_349127352_S-680x454.jpg 680w, https:\/\/news.save.ch\/wp-content\/uploads\/2025\/01\/Depositphotos_349127352_S-768x512.jpg 768w, https:\/\/news.save.ch\/wp-content\/uploads\/2025\/01\/Depositphotos_349127352_S-18x12.jpg 18w, https:\/\/news.save.ch\/wp-content\/uploads\/2025\/01\/Depositphotos_349127352_S-375x250.jpg 375w, https:\/\/news.save.ch\/wp-content\/uploads\/2025\/01\/Depositphotos_349127352_S-525x350.jpg 525w\" sizes=\"auto, (max-width: 1000px) 100vw, 1000px\" \/><\/a><figcaption id=\"caption-attachment-23865\" class=\"wp-caption-text\">Photo : Depositphotos\/AnneGM<\/figcaption><\/figure>\n<p>L'offre de l'agriSAFETYCenter est adapt\u00e9e de mani\u00e8re cibl\u00e9e aux exigences de l'agriculture moderne. Que ce soit sur des th\u00e8mes tels que la s\u00e9curit\u00e9 des machines, la gestion du stress ou l'utilisation s\u00fbre des produits phytosanitaires, les cours sp\u00e9cialis\u00e9s ax\u00e9s sur la pratique transmettent des connaissances pr\u00e9cieuses pour le quotidien professionnel.<\/p>\n<p>La salle de formation ultramoderne de 600 m\u00b2 constitue un point fort particulier. C'est ici qu'ont lieu des cours sp\u00e9cialis\u00e9s, par exemple pour l'utilisation d'engins de manutention ou de plates-formes \u00e9l\u00e9vatrices. Un mur d'escalade int\u00e9gr\u00e9 et un silo en hauteur permettent de s'entra\u00eener au plus pr\u00e8s de la r\u00e9alit\u00e9 au travail avec des \u00e9quipements de protection individuelle contre les chutes (EPI). En outre, la salle peut \u00eatre lou\u00e9e en dehors des heures de cours pour des formations externes ou des \u00e9v\u00e9nements priv\u00e9s.<\/p>\n<h3>Espaces de travail et de rencontre flexibles<\/h3>\n<p>Des postes de travail spacieux, dot\u00e9s d'un \u00e9quipement moderne, sont mis \u00e0 la disposition des collaborateurs, ce qui favorise une atmosph\u00e8re productive et agr\u00e9able. En outre, le centre dispose de six salles de formation et de r\u00e9union qui peuvent \u00eatre utilis\u00e9es en interne ou lou\u00e9es par des organisations externes. Les espaces de co-working cr\u00e9ent un environnement inspirant pour les individus et les \u00e9quipes qui appr\u00e9cient le travail efficace et cr\u00e9atif. Pour les pauses et les rencontres, l'agr\u00e9able caf\u00e9t\u00e9ria offre un espace d'\u00e9change et de d\u00e9tente.<\/p>\n<h3>Tout pour votre s\u00e9curit\u00e9 - Shop et service<\/h3>\n<p>La boutique de l'agriSAFETYCenter propose une large gamme de produits de s\u00e9curit\u00e9 sp\u00e9cialement adapt\u00e9s aux exigences de l'agriculture et d'autres secteurs. L'\u00e9quipe se tient \u00e0 la disposition des clients pour les conseiller et leur permettre de trouver la solution id\u00e9ale pour leurs besoins individuels. L'offre est compl\u00e9t\u00e9e par un atelier interne pour l'entretien et le contr\u00f4le des outils et des \u00e9quipements de protection.<\/p>\n<h3>Des solutions de location flexibles avec agriRENT<\/h3>\n<p>Avec agriRENT, le centre propose des options de location flexibles pour les v\u00e9hicules de levage et les plates-formes de travail \u00e9l\u00e9vatrices. Que ce soit pour des travaux agricoles, des interventions de maintenance ou des projets sp\u00e9cifiques, les \u00e9quipements entretenus permettent de travailler efficacement et en toute s\u00e9curit\u00e9.<\/p>\n<p>&nbsp;<\/p>\n<p><em>Source : bul.ch<\/em><\/p>","protected":false},"excerpt":{"rendered":"<p>Das agriSAFETYCenter ist mit seinem Angebot gezielt auf die Anforderungen der modernen Landwirtschaft abgestimmt. Ob zu Themen wie Maschinensicherheit, Stressbew\u00e4ltigung oder dem sicheren Einsatz von Pflanzenschutzmitteln \u2013 die praxisnahen Fachkurse vermitteln wertvolles Wissen f\u00fcr den Berufsalltag. Ein besonderes Highlight ist die 600 m\u00b2 grosse, hochmoderne Trainingshalle. Hier finden spezialisierte Kurse statt, beispielsweise f\u00fcr den Umgang [&hellip;]<\/p>\n","protected":false},"author":31,"featured_media":0,"comment_status":"closed","ping_status":"closed","sticky":false,"template":"","format":"standard","meta":{"_acf_changed":false,"pgc_sgb_lightbox_settings":"","footnotes":""},"categories":[3314],"tags":[6552,6553,2427],"class_list":["post-23864","post","type-post","status-publish","format-standard","hentry","category-health-safety","tag-beratungsstelle-fuer-unfallverhuetung-in-der-landwirtschaft-bul","tag-bul","tag-landwirtschaft"],"acf":[],"hkrextid":null,"publication":null,"issue":null,"workflow":null,"startPage":null,"spitzmarke":null,"_posts_by_tag_page_fields":null,"_at_widget":null,"_yoast_wpseo_primary_category":"3314","_yoast_wpseo_focuskw_text_input":null,"_yoast_wpseo_opengraph-image":null,"_yoast_wpseo_opengraph-description":null,"_yoast_wpseo_opengraph-title":null,"enclosure":null,"_yoast_wpseo_twitter-title":null,"_yoast_wpseo_twitter-description":null,"_yoast_wpseo_twitter-image":null,"_wp_old_slug":null,"_yoast_wpseo_title":null,"_yoast_wpseo_canonical":null,"yoast_head":"<!-- This site is optimized with the Yoast SEO plugin v27.5 - https:\/\/yoast.com\/product\/yoast-seo-wordpress\/ -->\n<title>Neuer\u00f6ffnung des agriSAFETYCenters - Save<\/title>\n<meta name=\"description\" content=\"Das neue Kompetenzzentrum f\u00fcr Arbeitssicherheit und Gesundheitsschutz bietet ein umfassendes Aus- und Weiterbildungsprogramm\" \/>\n<meta name=\"robots\" content=\"index, follow, max-snippet:-1, max-image-preview:large, max-video-preview:-1\" \/>\n<link rel=\"canonical\" href=\"https:\/\/news.save.ch\/fr\/neueroeffnung-des-agrisafetycenters\/\" \/>\n<meta property=\"og:locale\" content=\"fr_FR\" \/>\n<meta property=\"og:type\" content=\"article\" \/>\n<meta property=\"og:title\" content=\"Neuer\u00f6ffnung des agriSAFETYCenters - Save\" \/>\n<meta property=\"og:description\" content=\"Das neue Kompetenzzentrum f\u00fcr Arbeitssicherheit und Gesundheitsschutz bietet ein umfassendes Aus- und Weiterbildungsprogramm\" \/>\n<meta property=\"og:url\" content=\"https:\/\/news.save.ch\/fr\/neueroeffnung-des-agrisafetycenters\/\" \/>\n<meta property=\"og:site_name\" content=\"Save\" \/>\n<meta property=\"article:published_time\" content=\"2025-01-06T12:45:57+00:00\" \/>\n<meta property=\"article:modified_time\" content=\"2025-01-06T12:46:16+00:00\" \/>\n<meta property=\"og:image\" content=\"https:\/\/news.save.ch\/wp-content\/uploads\/2025\/01\/Depositphotos_349127352_S.jpg\" \/>\n\t<meta property=\"og:image:width\" content=\"1000\" \/>\n\t<meta property=\"og:image:height\" content=\"667\" \/>\n\t<meta property=\"og:image:type\" content=\"image\/jpeg\" \/>\n<meta name=\"author\" content=\"stefanie Zeng\" \/>\n<meta name=\"twitter:card\" content=\"summary_large_image\" \/>\n<meta name=\"twitter:label1\" content=\"\u00c9crit par\" \/>\n\t<meta name=\"twitter:data1\" content=\"stefanie Zeng\" \/>\n\t<meta name=\"twitter:label2\" content=\"Dur\u00e9e de lecture estim\u00e9e\" \/>\n\t<meta name=\"twitter:data2\" content=\"2 minutes\" \/>\n<script type=\"application\/ld+json\" class=\"yoast-schema-graph\">{\"@context\":\"https:\\\/\\\/schema.org\",\"@graph\":[{\"@type\":\"Article\",\"@id\":\"https:\\\/\\\/news.save.ch\\\/neueroeffnung-des-agrisafetycenters\\\/#article\",\"isPartOf\":{\"@id\":\"https:\\\/\\\/news.save.ch\\\/neueroeffnung-des-agrisafetycenters\\\/\"},\"author\":{\"name\":\"stefanie Zeng\",\"@id\":\"https:\\\/\\\/news.save.ch\\\/de\\\/#\\\/schema\\\/person\\\/10917387362b3961e882740f6cf6f2a2\"},\"headline\":\"Neuer\u00f6ffnung des agriSAFETYCenters\",\"datePublished\":\"2025-01-06T12:45:57+00:00\",\"dateModified\":\"2025-01-06T12:46:16+00:00\",\"mainEntityOfPage\":{\"@id\":\"https:\\\/\\\/news.save.ch\\\/neueroeffnung-des-agrisafetycenters\\\/\"},\"wordCount\":317,\"publisher\":{\"@id\":\"https:\\\/\\\/news.save.ch\\\/de\\\/#organization\"},\"image\":{\"@id\":\"https:\\\/\\\/news.save.ch\\\/neueroeffnung-des-agrisafetycenters\\\/#primaryimage\"},\"thumbnailUrl\":\"https:\\\/\\\/news.save.ch\\\/wp-content\\\/uploads\\\/2025\\\/01\\\/Depositphotos_349127352_S.jpg\",\"keywords\":[\"Beratungsstelle f\u00fcr Unfallverh\u00fctung in der Landwirtschaft (BUL)\",\"BUL\",\"Landwirtschaft\"],\"articleSection\":[\"HEALTH &amp; SAFETY\"],\"inLanguage\":\"fr-FR\"},{\"@type\":\"WebPage\",\"@id\":\"https:\\\/\\\/news.save.ch\\\/neueroeffnung-des-agrisafetycenters\\\/\",\"url\":\"https:\\\/\\\/news.save.ch\\\/neueroeffnung-des-agrisafetycenters\\\/\",\"name\":\"Neuer\u00f6ffnung des agriSAFETYCenters - Save\",\"isPartOf\":{\"@id\":\"https:\\\/\\\/news.save.ch\\\/de\\\/#website\"},\"primaryImageOfPage\":{\"@id\":\"https:\\\/\\\/news.save.ch\\\/neueroeffnung-des-agrisafetycenters\\\/#primaryimage\"},\"image\":{\"@id\":\"https:\\\/\\\/news.save.ch\\\/neueroeffnung-des-agrisafetycenters\\\/#primaryimage\"},\"thumbnailUrl\":\"https:\\\/\\\/news.save.ch\\\/wp-content\\\/uploads\\\/2025\\\/01\\\/Depositphotos_349127352_S.jpg\",\"datePublished\":\"2025-01-06T12:45:57+00:00\",\"dateModified\":\"2025-01-06T12:46:16+00:00\",\"description\":\"Das neue Kompetenzzentrum f\u00fcr Arbeitssicherheit und Gesundheitsschutz bietet ein umfassendes Aus- und Weiterbildungsprogramm\",\"breadcrumb\":{\"@id\":\"https:\\\/\\\/news.save.ch\\\/neueroeffnung-des-agrisafetycenters\\\/#breadcrumb\"},\"inLanguage\":\"fr-FR\",\"potentialAction\":[{\"@type\":\"ReadAction\",\"target\":[\"https:\\\/\\\/news.save.ch\\\/neueroeffnung-des-agrisafetycenters\\\/\"]}]},{\"@type\":\"ImageObject\",\"inLanguage\":\"fr-FR\",\"@id\":\"https:\\\/\\\/news.save.ch\\\/neueroeffnung-des-agrisafetycenters\\\/#primaryimage\",\"url\":\"https:\\\/\\\/news.save.ch\\\/wp-content\\\/uploads\\\/2025\\\/01\\\/Depositphotos_349127352_S.jpg\",\"contentUrl\":\"https:\\\/\\\/news.save.ch\\\/wp-content\\\/uploads\\\/2025\\\/01\\\/Depositphotos_349127352_S.jpg\"},{\"@type\":\"BreadcrumbList\",\"@id\":\"https:\\\/\\\/news.save.ch\\\/neueroeffnung-des-agrisafetycenters\\\/#breadcrumb\",\"itemListElement\":[{\"@type\":\"ListItem\",\"position\":1,\"name\":\"Home\",\"item\":\"https:\\\/\\\/news.save.ch\\\/de\\\/\"},{\"@type\":\"ListItem\",\"position\":2,\"name\":\"Neuer\u00f6ffnung des agriSAFETYCenters\"}]},{\"@type\":\"WebSite\",\"@id\":\"https:\\\/\\\/news.save.ch\\\/de\\\/#website\",\"url\":\"https:\\\/\\\/news.save.ch\\\/de\\\/\",\"name\":\"Save\",\"description\":\"Schweizer Fachzeitschrift f\u00fcr Sicherheit\",\"publisher\":{\"@id\":\"https:\\\/\\\/news.save.ch\\\/de\\\/#organization\"},\"potentialAction\":[{\"@type\":\"SearchAction\",\"target\":{\"@type\":\"EntryPoint\",\"urlTemplate\":\"https:\\\/\\\/news.save.ch\\\/de\\\/?s={search_term_string}\"},\"query-input\":{\"@type\":\"PropertyValueSpecification\",\"valueRequired\":true,\"valueName\":\"search_term_string\"}}],\"inLanguage\":\"fr-FR\"},{\"@type\":\"Organization\",\"@id\":\"https:\\\/\\\/news.save.ch\\\/de\\\/#organization\",\"name\":\"Sicherheitsforum\",\"url\":\"https:\\\/\\\/news.save.ch\\\/de\\\/\",\"logo\":{\"@type\":\"ImageObject\",\"inLanguage\":\"fr-FR\",\"@id\":\"https:\\\/\\\/news.save.ch\\\/de\\\/#\\\/schema\\\/logo\\\/image\\\/\",\"url\":\"https:\\\/\\\/news.save.ch\\\/wp-content\\\/uploads\\\/2022\\\/06\\\/Logo_SF_2012.png\",\"contentUrl\":\"https:\\\/\\\/news.save.ch\\\/wp-content\\\/uploads\\\/2022\\\/06\\\/Logo_SF_2012.png\",\"width\":1100,\"height\":91,\"caption\":\"Sicherheitsforum\"},\"image\":{\"@id\":\"https:\\\/\\\/news.save.ch\\\/de\\\/#\\\/schema\\\/logo\\\/image\\\/\"}},{\"@type\":\"Person\",\"@id\":\"https:\\\/\\\/news.save.ch\\\/de\\\/#\\\/schema\\\/person\\\/10917387362b3961e882740f6cf6f2a2\",\"name\":\"stefanie Zeng\",\"image\":{\"@type\":\"ImageObject\",\"inLanguage\":\"fr-FR\",\"@id\":\"https:\\\/\\\/secure.gravatar.com\\\/avatar\\\/eac43faa6e40bb2c41068c95c9d78bbd94c476d5efdff7abaab80bb3ea681e06?s=96&d=mm&r=g\",\"url\":\"https:\\\/\\\/secure.gravatar.com\\\/avatar\\\/eac43faa6e40bb2c41068c95c9d78bbd94c476d5efdff7abaab80bb3ea681e06?s=96&d=mm&r=g\",\"contentUrl\":\"https:\\\/\\\/secure.gravatar.com\\\/avatar\\\/eac43faa6e40bb2c41068c95c9d78bbd94c476d5efdff7abaab80bb3ea681e06?s=96&d=mm&r=g\",\"caption\":\"stefanie Zeng\"},\"url\":\"https:\\\/\\\/news.save.ch\\\/fr\\\/author\\\/stefanie-zeng\\\/\"}]}<\/script>\n<!-- \/ Yoast SEO plugin. -->","yoast_head_json":{"title":"R\u00e9ouverture de l'agriSAFETYCenter - Save","description":"Le nouveau centre de comp\u00e9tences pour la s\u00e9curit\u00e9 au travail et la protection de la sant\u00e9 propose un programme complet de formation et de formation continue","robots":{"index":"index","follow":"follow","max-snippet":"max-snippet:-1","max-image-preview":"max-image-preview:large","max-video-preview":"max-video-preview:-1"},"canonical":"https:\/\/news.save.ch\/fr\/neueroeffnung-des-agrisafetycenters\/","og_locale":"fr_FR","og_type":"article","og_title":"Neuer\u00f6ffnung des agriSAFETYCenters - Save","og_description":"Das neue Kompetenzzentrum f\u00fcr Arbeitssicherheit und Gesundheitsschutz bietet ein umfassendes Aus- und Weiterbildungsprogramm","og_url":"https:\/\/news.save.ch\/fr\/neueroeffnung-des-agrisafetycenters\/","og_site_name":"Save","article_published_time":"2025-01-06T12:45:57+00:00","article_modified_time":"2025-01-06T12:46:16+00:00","og_image":[{"width":1000,"height":667,"url":"https:\/\/news.save.ch\/wp-content\/uploads\/2025\/01\/Depositphotos_349127352_S.jpg","type":"image\/jpeg"}],"author":"stefanie Zeng","twitter_card":"summary_large_image","twitter_misc":{"\u00c9crit par":"stefanie Zeng","Dur\u00e9e de lecture estim\u00e9e":"2 minutes"},"schema":{"@context":"https:\/\/schema.org","@graph":[{"@type":"Article","@id":"https:\/\/news.save.ch\/neueroeffnung-des-agrisafetycenters\/#article","isPartOf":{"@id":"https:\/\/news.save.ch\/neueroeffnung-des-agrisafetycenters\/"},"author":{"name":"stefanie Zeng","@id":"https:\/\/news.save.ch\/de\/#\/schema\/person\/10917387362b3961e882740f6cf6f2a2"},"headline":"Neuer\u00f6ffnung des agriSAFETYCenters","datePublished":"2025-01-06T12:45:57+00:00","dateModified":"2025-01-06T12:46:16+00:00","mainEntityOfPage":{"@id":"https:\/\/news.save.ch\/neueroeffnung-des-agrisafetycenters\/"},"wordCount":317,"publisher":{"@id":"https:\/\/news.save.ch\/de\/#organization"},"image":{"@id":"https:\/\/news.save.ch\/neueroeffnung-des-agrisafetycenters\/#primaryimage"},"thumbnailUrl":"https:\/\/news.save.ch\/wp-content\/uploads\/2025\/01\/Depositphotos_349127352_S.jpg","keywords":["Beratungsstelle f\u00fcr Unfallverh\u00fctung in der Landwirtschaft (BUL)","BUL","Landwirtschaft"],"articleSection":["HEALTH &amp; SAFETY"],"inLanguage":"fr-FR"},{"@type":"WebPage","@id":"https:\/\/news.save.ch\/neueroeffnung-des-agrisafetycenters\/","url":"https:\/\/news.save.ch\/neueroeffnung-des-agrisafetycenters\/","name":"R\u00e9ouverture de l'agriSAFETYCenter - Save","isPartOf":{"@id":"https:\/\/news.save.ch\/de\/#website"},"primaryImageOfPage":{"@id":"https:\/\/news.save.ch\/neueroeffnung-des-agrisafetycenters\/#primaryimage"},"image":{"@id":"https:\/\/news.save.ch\/neueroeffnung-des-agrisafetycenters\/#primaryimage"},"thumbnailUrl":"https:\/\/news.save.ch\/wp-content\/uploads\/2025\/01\/Depositphotos_349127352_S.jpg","datePublished":"2025-01-06T12:45:57+00:00","dateModified":"2025-01-06T12:46:16+00:00","description":"Le nouveau centre de comp\u00e9tences pour la s\u00e9curit\u00e9 au travail et la protection de la sant\u00e9 propose un programme complet de formation et de formation continue","breadcrumb":{"@id":"https:\/\/news.save.ch\/neueroeffnung-des-agrisafetycenters\/#breadcrumb"},"inLanguage":"fr-FR","potentialAction":[{"@type":"ReadAction","target":["https:\/\/news.save.ch\/neueroeffnung-des-agrisafetycenters\/"]}]},{"@type":"ImageObject","inLanguage":"fr-FR","@id":"https:\/\/news.save.ch\/neueroeffnung-des-agrisafetycenters\/#primaryimage","url":"https:\/\/news.save.ch\/wp-content\/uploads\/2025\/01\/Depositphotos_349127352_S.jpg","contentUrl":"https:\/\/news.save.ch\/wp-content\/uploads\/2025\/01\/Depositphotos_349127352_S.jpg"},{"@type":"BreadcrumbList","@id":"https:\/\/news.save.ch\/neueroeffnung-des-agrisafetycenters\/#breadcrumb","itemListElement":[{"@type":"ListItem","position":1,"name":"Home","item":"https:\/\/news.save.ch\/de\/"},{"@type":"ListItem","position":2,"name":"Neuer\u00f6ffnung des agriSAFETYCenters"}]},{"@type":"WebSite","@id":"https:\/\/news.save.ch\/de\/#website","url":"https:\/\/news.save.ch\/de\/","name":"Save","description":"Revue suisse sp\u00e9cialis\u00e9e dans la s\u00e9curit\u00e9","publisher":{"@id":"https:\/\/news.save.ch\/de\/#organization"},"potentialAction":[{"@type":"SearchAction","target":{"@type":"EntryPoint","urlTemplate":"https:\/\/news.save.ch\/de\/?s={search_term_string}"},"query-input":{"@type":"PropertyValueSpecification","valueRequired":true,"valueName":"search_term_string"}}],"inLanguage":"fr-FR"},{"@type":"Organization","@id":"https:\/\/news.save.ch\/de\/#organization","name":"Forum sur la s\u00e9curit\u00e9","url":"https:\/\/news.save.ch\/de\/","logo":{"@type":"ImageObject","inLanguage":"fr-FR","@id":"https:\/\/news.save.ch\/de\/#\/schema\/logo\/image\/","url":"https:\/\/news.save.ch\/wp-content\/uploads\/2022\/06\/Logo_SF_2012.png","contentUrl":"https:\/\/news.save.ch\/wp-content\/uploads\/2022\/06\/Logo_SF_2012.png","width":1100,"height":91,"caption":"Sicherheitsforum"},"image":{"@id":"https:\/\/news.save.ch\/de\/#\/schema\/logo\/image\/"}},{"@type":"Person","@id":"https:\/\/news.save.ch\/de\/#\/schema\/person\/10917387362b3961e882740f6cf6f2a2","name":"stefanie Zeng","image":{"@type":"ImageObject","inLanguage":"fr-FR","@id":"https:\/\/secure.gravatar.com\/avatar\/eac43faa6e40bb2c41068c95c9d78bbd94c476d5efdff7abaab80bb3ea681e06?s=96&d=mm&r=g","url":"https:\/\/secure.gravatar.com\/avatar\/eac43faa6e40bb2c41068c95c9d78bbd94c476d5efdff7abaab80bb3ea681e06?s=96&d=mm&r=g","contentUrl":"https:\/\/secure.gravatar.com\/avatar\/eac43faa6e40bb2c41068c95c9d78bbd94c476d5efdff7abaab80bb3ea681e06?s=96&d=mm&r=g","caption":"stefanie Zeng"},"url":"https:\/\/news.save.ch\/fr\/author\/stefanie-zeng\/"}]}},"_links":{"self":[{"href":"https:\/\/news.save.ch\/fr\/wp-json\/wp\/v2\/posts\/23864","targetHints":{"allow":["GET"]}}],"collection":[{"href":"https:\/\/news.save.ch\/fr\/wp-json\/wp\/v2\/posts"}],"about":[{"href":"https:\/\/news.save.ch\/fr\/wp-json\/wp\/v2\/types\/post"}],"author":[{"embeddable":true,"href":"https:\/\/news.save.ch\/fr\/wp-json\/wp\/v2\/users\/31"}],"replies":[{"embeddable":true,"href":"https:\/\/news.save.ch\/fr\/wp-json\/wp\/v2\/comments?post=23864"}],"version-history":[{"count":2,"href":"https:\/\/news.save.ch\/fr\/wp-json\/wp\/v2\/posts\/23864\/revisions"}],"predecessor-version":[{"id":23867,"href":"https:\/\/news.save.ch\/fr\/wp-json\/wp\/v2\/posts\/23864\/revisions\/23867"}],"wp:attachment":[{"href":"https:\/\/news.save.ch\/fr\/wp-json\/wp\/v2\/media?parent=23864"}],"wp:term":[{"taxonomy":"category","embeddable":true,"href":"https:\/\/news.save.ch\/fr\/wp-json\/wp\/v2\/categories?post=23864"},{"taxonomy":"post_tag","embeddable":true,"href":"https:\/\/news.save.ch\/fr\/wp-json\/wp\/v2\/tags?post=23864"}],"curies":[{"name":"wp","href":"https:\/\/api.w.org\/{rel}","templated":true}]}}