{"id":23896,"date":"2025-01-15T11:03:42","date_gmt":"2025-01-15T10:03:42","guid":{"rendered":"https:\/\/news.save.ch\/?p=23896"},"modified":"2025-01-15T11:03:48","modified_gmt":"2025-01-15T10:03:48","slug":"allianz-risk-barometer-cyber-attacken-bleiben-2025-weltweites-top-risiko-fu%cc%88r-unternehmen","status":null,"type":"post","link":"https:\/\/news.save.ch\/fr\/allianz-risk-barometer-cyber-attacken-bleiben-2025-weltweites-top-risiko-fu%cc%88r-unternehmen\/","title":{"rendered":"Barom\u00e8tre des risques d'Allianz : Les cyber-attaques resteront le principal risque mondial pour les entreprises en 2025"},"content":{"rendered":"<figure id=\"attachment_23897\" aria-describedby=\"caption-attachment-23897\" style=\"width: 1000px\" class=\"wp-caption alignnone\"><a href=\"https:\/\/news.save.ch\/fr\/allianz-risk-barometer-cyber-attacken-bleiben-2025-weltweites-top-risiko-fu%cc%88r-unternehmen\/depositphotos_263293254_s\/\" rel=\"attachment wp-att-23897\"><img loading=\"lazy\" decoding=\"async\" class=\"size-full wp-image-23897\" src=\"https:\/\/news.save.ch\/wp-content\/uploads\/2025\/01\/Depositphotos_263293254_S.jpg\" alt=\"\" width=\"1000\" height=\"689\" srcset=\"https:\/\/news.save.ch\/wp-content\/uploads\/2025\/01\/Depositphotos_263293254_S.jpg 1000w, https:\/\/news.save.ch\/wp-content\/uploads\/2025\/01\/Depositphotos_263293254_S-680x469.jpg 680w, https:\/\/news.save.ch\/wp-content\/uploads\/2025\/01\/Depositphotos_263293254_S-768x529.jpg 768w, https:\/\/news.save.ch\/wp-content\/uploads\/2025\/01\/Depositphotos_263293254_S-18x12.jpg 18w, https:\/\/news.save.ch\/wp-content\/uploads\/2025\/01\/Depositphotos_263293254_S-375x258.jpg 375w, https:\/\/news.save.ch\/wp-content\/uploads\/2025\/01\/Depositphotos_263293254_S-508x350.jpg 508w\" sizes=\"auto, (max-width: 1000px) 100vw, 1000px\" \/><\/a><figcaption id=\"caption-attachment-23897\" class=\"wp-caption-text\">Image : Depositphotos\/solarseven<\/figcaption><\/figure>\n<p class=\"p2\">Les cyberincidents tels que les atteintes \u00e0 la protection des donn\u00e9es, les attaques de ransomware et les pannes informatiques, comme l'incident CrowdStrike de l'\u00e9t\u00e9 dernier, repr\u00e9sentent cette ann\u00e9e encore le risque le plus important pour les entreprises du monde entier. Les interruptions d'activit\u00e9 suivent, quelle que soit la taille de l'entreprise, \u00e0 la deuxi\u00e8me place. Apr\u00e8s une nouvelle ann\u00e9e d'\u00e9v\u00e9nements climatiques extr\u00eames, les catastrophes naturelles reviennent \u00e0 la troisi\u00e8me place du classement mondial. La super ann\u00e9e \u00e9lectorale 2024, les tensions g\u00e9opolitiques croissantes et les guerres commerciales potentielles font que les modifications de lois et de r\u00e9glementations restent en quatri\u00e8me position en dehors de la Suisse (troisi\u00e8me position pour la Suisse). Cette ann\u00e9e, c'est le changement climatique qui fait le plus grand bond dans l'Allianz Risk Barometer, passant de la 7e \u00e0 la 5e place et atteignant ainsi son meilleur classement depuis la cr\u00e9ation de l'\u00e9tude.<\/p>\n<p class=\"p2\">Les entreprises de toutes tailles consid\u00e8rent les cyberincidents comme leur principal risque commercial. Dans le reste du classement, il existe toutefois des diff\u00e9rences consid\u00e9rables. Les petites entreprises sont pr\u00e9occup\u00e9es par les risques locaux et imm\u00e9diats tels que la conformit\u00e9 r\u00e9glementaire, les d\u00e9veloppements macro\u00e9conomiques et la p\u00e9nurie de comp\u00e9tences. Toutefois, certains signes indiquent que certains risques qui pr\u00e9occupent traditionnellement les grandes entreprises touchent d\u00e9sormais aussi les petites entreprises. On peut citer ici le changement climatique, les risques politiques et la violence.<\/p>\n<p class=\"p2\">Parmi les participants suisses \u00e0 l'\u00e9tude, les cyber-attaques et les interruptions d'activit\u00e9 occupent \u00e9galement les places 1 (2024 : 1) et 2 (2024 : 2). Contrairement au classement mondial, les modifications de lois et de prescriptions occupent la 3e place, comme en 2024 d\u00e9j\u00e0. Comme l'ann\u00e9e pr\u00e9c\u00e9dente, la p\u00e9nurie de personnel qualifi\u00e9 est per\u00e7ue comme un risque majeur en Suisse. Elle occupe la 4e place dans notre pays, alors qu'elle n'atteint que la 11e place au niveau mondial.<\/p>\n<p class=\"p2\">Vanessa Maxwell, Chief Underwriting Officer d'Allianz Commercial, commente les r\u00e9sultats : \"2024 a \u00e9t\u00e9 une ann\u00e9e exceptionnelle pour la gestion des risques. Les r\u00e9sultats de notre barom\u00e8tre annuel des risques Allianz refl\u00e8tent l'incertitude \u00e0 laquelle sont confront\u00e9es de nombreuses entreprises dans le monde. L'interconnexion des principaux risques est particuli\u00e8rement frappante cette ann\u00e9e, car le changement climatique, les nouvelles technologies, la r\u00e9glementation et les risques g\u00e9opolitiques sont de plus en plus interd\u00e9pendants. Il en r\u00e9sulte des relations complexes de cause \u00e0 effet. Les entreprises doivent placer la r\u00e9silience en t\u00eate de leur agenda et s'efforcer syst\u00e9matiquement d'am\u00e9liorer leur gestion des risques et leur r\u00e9sistance\".<\/p>\n<h3 class=\"p2\"><b>Les cyber-risques augmentent avec les progr\u00e8s technologiques <\/b><\/h3>\n<p class=\"p2\">Les cyberincidents (38 %) constituent le principal risque pour les entreprises pour la quatri\u00e8me ann\u00e9e cons\u00e9cutive et, pour la premi\u00e8re fois, avec une nette avance de sept points de pourcentage. Dans 20 pays, le cyber est le premier risque, dont la Suisse, l'Argentine, l'Allemagne, la France, le Royaume-Uni, l'Inde, l'Afrique du Sud ou les \u00c9tats-Unis. Plus de 60 % des personnes interrog\u00e9es citent les violations de donn\u00e9es comme la menace la plus inqui\u00e9tante, devant les attaques contre les infrastructures ou les actifs critiques (57 %).<\/p>\n<p class=\"p2\">\"De nombreuses entreprises d\u00e9signent le cyber comme leur plus grand risque, qui est m\u00eame aggrav\u00e9 par le d\u00e9veloppement rapide de l'intelligence artificielle (IA). Compte tenu de la d\u00e9pendance croissante \u00e0 la technologie, il restera probablement un risque majeur pour les entreprises \u00e0 l'avenir. L'incident CrowdStrike de l'\u00e9t\u00e9 2024 nous a rappel\u00e9 \u00e0 quel point nous sommes tous d\u00e9pendants de syst\u00e8mes informatiques s\u00e9curis\u00e9s\", explique Rishi Baviskar, Global Head of Cyber Risk Consulting chez Allianz Commercial.<\/p>\n<h3 class=\"p2\"><b>Les interruptions d'activit\u00e9 sont \u00e9troitement li\u00e9es \u00e0 d'autres risques <\/b><\/h3>\n<p class=\"p2\">Depuis dix ans, les interruptions d'activit\u00e9 (IA) arrivent soit en premi\u00e8re soit en deuxi\u00e8me position dans chaque barom\u00e8tre des risques d'Allianz. Avec 31% des r\u00e9ponses, elles restent en deuxi\u00e8me position en 2025, tant au niveau mondial qu'en Suisse. Les AP sont g\u00e9n\u00e9ralement la cons\u00e9quence d'\u00e9v\u00e9nements tels que les catastrophes naturelles ou les cyberattaques, qui perturbent ou interrompent le fonctionnement d'une entreprise. Plusieurs exemples datant de 2024 montrent pourquoi les entreprises les consid\u00e8rent toujours comme une menace majeure pour leur mod\u00e8le commercial. Ainsi, les attaques des Huthi en mer Rouge ont entra\u00een\u00e9 des perturbations de la cha\u00eene d'approvisionnement en obligeant les porte-conteneurs \u00e0 se d\u00e9router, tandis que des incidents tels que l'effondrement du pont Francis Scott Key \u00e0 Baltimore ont \u00e9galement eu un impact direct sur les cha\u00eenes d'approvisionnement mondiales et locales. Les perturbations de la cha\u00eene d'approvisionnement ayant un impact mondial se produisent environ tous les 1,4 an, et la tendance est \u00e0 la hausse, comme le montre une \u00e9tude de l'OCDE. <span class=\"s3\">Analyse de Circular Republic en collaboration avec Allianz et autres <\/span>est r\u00e9v\u00e9l\u00e9. Ils entra\u00eenent des temps d'arr\u00eat suppl\u00e9mentaires et des dommages \u00e9conomiques consid\u00e9rables, qui repr\u00e9sentent entre cinq et dix pour cent du co\u00fbt des produits.<\/p>\n<p class=\"p2\">\"La qu\u00eate du progr\u00e8s technologique et de l'efficacit\u00e9 a un impact sur la r\u00e9sistance des cha\u00eenes d'approvisionnement. L'automatisation et la num\u00e9risation ont consid\u00e9rablement acc\u00e9l\u00e9r\u00e9 les processus. Lorsqu'elles sont mises en \u0153uvre efficacement, ces technologies augmentent la r\u00e9silience en offrant une meilleure analyse des donn\u00e9es, des pr\u00e9visions et des capacit\u00e9s de r\u00e9action plus agiles. C'est pourquoi la construction et l'investissement dans la r\u00e9silience deviennent plus importants pour chaque entreprise\", explique Michael Bruch, Global Head of Risk Advisory Services chez Allianz Commercial.<\/p>\n<h3 class=\"p2\"><b>Le changement climatique monte dans la perception des risques <\/b><\/h3>\n<p class=\"p2\">2024 a \u00e9t\u00e9 l'ann\u00e9e la plus chaude depuis le d\u00e9but des relev\u00e9s m\u00e9t\u00e9orologiques. Ce fut \u00e9galement une ann\u00e9e de terribles catastrophes naturelles, avec des ouragans et des temp\u00eates extr\u00eames en Am\u00e9rique du Nord, des inondations d\u00e9vastatrices en Europe et en Asie, et la s\u00e9cheresse en Afrique et en Am\u00e9rique du Sud. Apr\u00e8s avoir recul\u00e9 dans le classement pendant les ann\u00e9es de la pand\u00e9mie Corona, les entreprises devant faire face \u00e0 des d\u00e9fis plus imm\u00e9diats, le changement climatique gagne deux positions dans le top 5 des risques mondiaux en 2025. Avec la 5e place au niveau mondial, comme en Suisse, il atteint sa position la plus \u00e9lev\u00e9e \u00e0 ce jour. L'ann\u00e9e pr\u00e9c\u00e9dente, il se trouvait encore \u00e0 la 10e place du classement suisse, ce qui montre que la perception de la probl\u00e9matique s'est nettement renforc\u00e9e.<\/p>\n<p class=\"p2\">Les catastrophes naturelles, \u00e9troitement li\u00e9es au changement climatique, restent au troisi\u00e8me rang mondial avec 29 %, alors qu'elles occupent la sixi\u00e8me place en Suisse. Pour la cinqui\u00e8me fois cons\u00e9cutive, les dommages assur\u00e9s en 2024 ont d\u00e9pass\u00e9 <span class=\"s3\">100 milliards de dollars am\u00e9ricains<\/span>. La Gr\u00e8ce, Hong Kong, le Japon, la Croatie, l'Autriche, la Roumanie, la Slov\u00e9nie, l'Espagne et la Turquie, o\u00f9 certains des \u00e9v\u00e9nements les plus graves ont eu lieu en 2024, classent les catastrophes naturelles comme le risque le plus important. En Europe centrale et orientale ainsi qu'en Espagne, les temp\u00eates et les inondations ont eu un impact dramatique sur les personnes et les entreprises. Selon <span class=\"s3\">Association g\u00e9n\u00e9rale des assureurs (GDV) <\/span>les seuls dommages assur\u00e9s caus\u00e9s par les inondations dans le sud de l'Allemagne en juin 2024 se sont \u00e9lev\u00e9s \u00e0 environ deux milliards d'euros. Ces cons\u00e9quences soulignent l'importance de la pr\u00e9vention et de la limitation des dommages gr\u00e2ce \u00e0 la collaboration entre les gouvernements, les assureurs et les communes.<\/p>\n<p class=\"p2\"><b>La g\u00e9opolitique et le protectionnisme restent dans le radar des entreprises <\/b><\/p>\n<p class=\"p2\">Malgr\u00e9 les incertitudes g\u00e9opolitiques et \u00e9conomiques persistantes au Proche-Orient, en Ukraine et en Asie du Sud-Est, les risques politiques et la violence tombent \u00e0 la 9e place au niveau mondial (8e en 2024), alors qu'ils ne figurent m\u00eame plus dans le top 10 en Suisse, contrairement \u00e0 l'ann\u00e9e derni\u00e8re o\u00f9 ils occupaient encore la 4e place dans notre pays. Elles restent toutefois un risque accru pour les grandes entreprises (7e place), tandis que les petites entreprises les classent d\u00e9sormais \u00e0 la 10e place du classement. La peur des guerres commerciales et du protectionnisme augmente. <span class=\"s3\">Les analyses d'Allianz et d'autres montrent<\/span>Les restrictions \u00e0 l'exportation de mati\u00e8res premi\u00e8res critiques ont \u00e9t\u00e9 multipli\u00e9es par cinq au cours des dix derni\u00e8res ann\u00e9es. Les droits de douane et le protectionnisme sont peut-\u00eatre en t\u00eate de la liste du nouveau gouvernement am\u00e9ricain, mais d'un autre c\u00f4t\u00e9, il y a aussi le risque d'un \"Far West r\u00e9glementaire\", notamment en ce qui concerne l'IA et les crypto-monnaies. En Europe, les exigences en mati\u00e8re de reporting sur le d\u00e9veloppement durable seront en t\u00eate de l'ordre du jour en 2025.<\/p>\n<p class=\"p2\">\"L'impact des nouveaux droits de douane sera similaire \u00e0 celui des (sur)r\u00e9glementations : une augmentation des co\u00fbts pour toutes les entreprises concern\u00e9es\", explique Ludovic Subran, \u00e9conomiste en chef chez Allianz. \"Toutes les r\u00e9glementations ne sont pas 'mauvaises' par nature. Dans la plupart des cas, c'est sa mise en \u0153uvre qui complique la vie des entreprises. Il ne faut pas seulement se concentrer sur le nombre de r\u00e8gles, mais aussi sur l'efficacit\u00e9 de l'administration. Une num\u00e9risation approfondie des administrations est n\u00e9cessaire de toute urgence. Toutefois, il est probable qu'en 2025, nous attendions encore en vain une strat\u00e9gie num\u00e9rique appropri\u00e9e. Au lieu de cela, les guerres commerciales menacent. Les perspectives ne sont pas r\u00e9jouissantes\", poursuit M. Subran.<\/p>\n<p><em>Source : Allianz Suisse<\/em><\/p>","protected":false},"excerpt":{"rendered":"<p>Cybervorf\u00e4lle wie Datenschutzverletzungen, Ransomware-Attacken und IT-Ausf\u00e4lle, wie der CrowdStrike-Vorfall im Sommer, sind f\u00fcr Unternehmen weltweit in diesem Jahr erneut das gr\u00f6sste Risiko. Betriebsunterbrechungen folgen, unabh\u00e4ngig von der Unternehmensgr\u00f6sse, auf dem zweiten Platz. Nach einem weiteren Jahr mit extremen Wetterereignissen landen Naturkatastrophen im weltweiten Ranking wieder auf Platz 3. Das Super-Wahljahr 2024, steigende geopolitische Spannungen und [&hellip;]<\/p>\n","protected":false},"author":31,"featured_media":0,"comment_status":"closed","ping_status":"closed","sticky":false,"template":"","format":"standard","meta":{"_acf_changed":false,"pgc_sgb_lightbox_settings":"","footnotes":""},"categories":[1],"tags":[5835,4763,1042],"class_list":["post-23896","post","type-post","status-publish","format-standard","hentry","category-allgemein","tag-allianz-risk-barometer","tag-cyber-attacken","tag-cyber-risiken"],"acf":[],"hkrextid":null,"publication":null,"issue":null,"workflow":null,"startPage":null,"spitzmarke":null,"_posts_by_tag_page_fields":null,"_at_widget":null,"_yoast_wpseo_primary_category":"","_yoast_wpseo_focuskw_text_input":null,"_yoast_wpseo_opengraph-image":null,"_yoast_wpseo_opengraph-description":null,"_yoast_wpseo_opengraph-title":null,"enclosure":null,"_yoast_wpseo_twitter-title":null,"_yoast_wpseo_twitter-description":null,"_yoast_wpseo_twitter-image":null,"_wp_old_slug":null,"_yoast_wpseo_title":null,"_yoast_wpseo_canonical":null,"yoast_head":"<!-- This site is optimized with the Yoast SEO plugin v27.5 - https:\/\/yoast.com\/product\/yoast-seo-wordpress\/ -->\n<title>Allianz Risk Barometer: Cyber-Attacken bleiben 2025 weltweites Top-Risiko fu\u0308r Unternehmen - Save<\/title>\n<meta name=\"description\" content=\"Allianz Commercial ver\u00f6ffentlicht zum 14. Mal die j\u00e4hrliche Umfrage \u00abAllianz Risk Barometer\u00bb zu den wichtigsten Gesch\u00e4ftsrisiken weltweit.\" \/>\n<meta name=\"robots\" content=\"index, follow, max-snippet:-1, max-image-preview:large, max-video-preview:-1\" \/>\n<link rel=\"canonical\" href=\"https:\/\/news.save.ch\/fr\/allianz-risk-barometer-cyber-attacken-bleiben-2025-weltweites-top-risiko-fu\u0308r-unternehmen\/\" \/>\n<meta property=\"og:locale\" content=\"fr_FR\" \/>\n<meta property=\"og:type\" content=\"article\" \/>\n<meta property=\"og:title\" content=\"Allianz Risk Barometer: Cyber-Attacken bleiben 2025 weltweites Top-Risiko fu\u0308r Unternehmen - Save\" \/>\n<meta property=\"og:description\" content=\"Allianz Commercial ver\u00f6ffentlicht zum 14. Mal die j\u00e4hrliche Umfrage \u00abAllianz Risk Barometer\u00bb zu den wichtigsten Gesch\u00e4ftsrisiken weltweit.\" \/>\n<meta property=\"og:url\" content=\"https:\/\/news.save.ch\/fr\/allianz-risk-barometer-cyber-attacken-bleiben-2025-weltweites-top-risiko-fu\u0308r-unternehmen\/\" \/>\n<meta property=\"og:site_name\" content=\"Save\" \/>\n<meta property=\"article:published_time\" content=\"2025-01-15T10:03:42+00:00\" \/>\n<meta property=\"article:modified_time\" content=\"2025-01-15T10:03:48+00:00\" \/>\n<meta property=\"og:image\" content=\"https:\/\/news.save.ch\/wp-content\/uploads\/2025\/01\/Depositphotos_263293254_S.jpg\" \/>\n\t<meta property=\"og:image:width\" content=\"1000\" \/>\n\t<meta property=\"og:image:height\" content=\"689\" \/>\n\t<meta property=\"og:image:type\" content=\"image\/jpeg\" \/>\n<meta name=\"author\" content=\"stefanie Zeng\" \/>\n<meta name=\"twitter:card\" content=\"summary_large_image\" \/>\n<meta name=\"twitter:label1\" content=\"\u00c9crit par\" \/>\n\t<meta name=\"twitter:data1\" content=\"stefanie Zeng\" \/>\n\t<meta name=\"twitter:label2\" content=\"Dur\u00e9e de lecture estim\u00e9e\" \/>\n\t<meta name=\"twitter:data2\" content=\"7 minutes\" \/>\n<script type=\"application\/ld+json\" class=\"yoast-schema-graph\">{\"@context\":\"https:\\\/\\\/schema.org\",\"@graph\":[{\"@type\":\"Article\",\"@id\":\"https:\\\/\\\/news.save.ch\\\/allianz-risk-barometer-cyber-attacken-bleiben-2025-weltweites-top-risiko-fu%cc%88r-unternehmen\\\/#article\",\"isPartOf\":{\"@id\":\"https:\\\/\\\/news.save.ch\\\/allianz-risk-barometer-cyber-attacken-bleiben-2025-weltweites-top-risiko-fu%cc%88r-unternehmen\\\/\"},\"author\":{\"name\":\"stefanie Zeng\",\"@id\":\"https:\\\/\\\/news.save.ch\\\/de\\\/#\\\/schema\\\/person\\\/10917387362b3961e882740f6cf6f2a2\"},\"headline\":\"Allianz Risk Barometer: Cyber-Attacken bleiben 2025 weltweites Top-Risiko fu\u0308r Unternehmen\",\"datePublished\":\"2025-01-15T10:03:42+00:00\",\"dateModified\":\"2025-01-15T10:03:48+00:00\",\"mainEntityOfPage\":{\"@id\":\"https:\\\/\\\/news.save.ch\\\/allianz-risk-barometer-cyber-attacken-bleiben-2025-weltweites-top-risiko-fu%cc%88r-unternehmen\\\/\"},\"wordCount\":1250,\"publisher\":{\"@id\":\"https:\\\/\\\/news.save.ch\\\/de\\\/#organization\"},\"image\":{\"@id\":\"https:\\\/\\\/news.save.ch\\\/allianz-risk-barometer-cyber-attacken-bleiben-2025-weltweites-top-risiko-fu%cc%88r-unternehmen\\\/#primaryimage\"},\"thumbnailUrl\":\"https:\\\/\\\/news.save.ch\\\/wp-content\\\/uploads\\\/2025\\\/01\\\/Depositphotos_263293254_S.jpg\",\"keywords\":[\"Allianz Risk Barometer\",\"Cyber-Attacken\",\"Cyber-Risiken\"],\"articleSection\":[\"ALLGEMEIN\"],\"inLanguage\":\"fr-FR\"},{\"@type\":\"WebPage\",\"@id\":\"https:\\\/\\\/news.save.ch\\\/allianz-risk-barometer-cyber-attacken-bleiben-2025-weltweites-top-risiko-fu%cc%88r-unternehmen\\\/\",\"url\":\"https:\\\/\\\/news.save.ch\\\/allianz-risk-barometer-cyber-attacken-bleiben-2025-weltweites-top-risiko-fu%cc%88r-unternehmen\\\/\",\"name\":\"Allianz Risk Barometer: Cyber-Attacken bleiben 2025 weltweites Top-Risiko fu\u0308r Unternehmen - Save\",\"isPartOf\":{\"@id\":\"https:\\\/\\\/news.save.ch\\\/de\\\/#website\"},\"primaryImageOfPage\":{\"@id\":\"https:\\\/\\\/news.save.ch\\\/allianz-risk-barometer-cyber-attacken-bleiben-2025-weltweites-top-risiko-fu%cc%88r-unternehmen\\\/#primaryimage\"},\"image\":{\"@id\":\"https:\\\/\\\/news.save.ch\\\/allianz-risk-barometer-cyber-attacken-bleiben-2025-weltweites-top-risiko-fu%cc%88r-unternehmen\\\/#primaryimage\"},\"thumbnailUrl\":\"https:\\\/\\\/news.save.ch\\\/wp-content\\\/uploads\\\/2025\\\/01\\\/Depositphotos_263293254_S.jpg\",\"datePublished\":\"2025-01-15T10:03:42+00:00\",\"dateModified\":\"2025-01-15T10:03:48+00:00\",\"description\":\"Allianz Commercial ver\u00f6ffentlicht zum 14. Mal die j\u00e4hrliche Umfrage \u00abAllianz Risk Barometer\u00bb zu den wichtigsten Gesch\u00e4ftsrisiken weltweit.\",\"breadcrumb\":{\"@id\":\"https:\\\/\\\/news.save.ch\\\/allianz-risk-barometer-cyber-attacken-bleiben-2025-weltweites-top-risiko-fu%cc%88r-unternehmen\\\/#breadcrumb\"},\"inLanguage\":\"fr-FR\",\"potentialAction\":[{\"@type\":\"ReadAction\",\"target\":[\"https:\\\/\\\/news.save.ch\\\/allianz-risk-barometer-cyber-attacken-bleiben-2025-weltweites-top-risiko-fu%cc%88r-unternehmen\\\/\"]}]},{\"@type\":\"ImageObject\",\"inLanguage\":\"fr-FR\",\"@id\":\"https:\\\/\\\/news.save.ch\\\/allianz-risk-barometer-cyber-attacken-bleiben-2025-weltweites-top-risiko-fu%cc%88r-unternehmen\\\/#primaryimage\",\"url\":\"https:\\\/\\\/news.save.ch\\\/wp-content\\\/uploads\\\/2025\\\/01\\\/Depositphotos_263293254_S.jpg\",\"contentUrl\":\"https:\\\/\\\/news.save.ch\\\/wp-content\\\/uploads\\\/2025\\\/01\\\/Depositphotos_263293254_S.jpg\"},{\"@type\":\"BreadcrumbList\",\"@id\":\"https:\\\/\\\/news.save.ch\\\/allianz-risk-barometer-cyber-attacken-bleiben-2025-weltweites-top-risiko-fu%cc%88r-unternehmen\\\/#breadcrumb\",\"itemListElement\":[{\"@type\":\"ListItem\",\"position\":1,\"name\":\"Home\",\"item\":\"https:\\\/\\\/news.save.ch\\\/de\\\/\"},{\"@type\":\"ListItem\",\"position\":2,\"name\":\"Allianz Risk Barometer: Cyber-Attacken bleiben 2025 weltweites Top-Risiko fu\u0308r Unternehmen\"}]},{\"@type\":\"WebSite\",\"@id\":\"https:\\\/\\\/news.save.ch\\\/de\\\/#website\",\"url\":\"https:\\\/\\\/news.save.ch\\\/de\\\/\",\"name\":\"Save\",\"description\":\"Schweizer Fachzeitschrift f\u00fcr Sicherheit\",\"publisher\":{\"@id\":\"https:\\\/\\\/news.save.ch\\\/de\\\/#organization\"},\"potentialAction\":[{\"@type\":\"SearchAction\",\"target\":{\"@type\":\"EntryPoint\",\"urlTemplate\":\"https:\\\/\\\/news.save.ch\\\/de\\\/?s={search_term_string}\"},\"query-input\":{\"@type\":\"PropertyValueSpecification\",\"valueRequired\":true,\"valueName\":\"search_term_string\"}}],\"inLanguage\":\"fr-FR\"},{\"@type\":\"Organization\",\"@id\":\"https:\\\/\\\/news.save.ch\\\/de\\\/#organization\",\"name\":\"Sicherheitsforum\",\"url\":\"https:\\\/\\\/news.save.ch\\\/de\\\/\",\"logo\":{\"@type\":\"ImageObject\",\"inLanguage\":\"fr-FR\",\"@id\":\"https:\\\/\\\/news.save.ch\\\/de\\\/#\\\/schema\\\/logo\\\/image\\\/\",\"url\":\"https:\\\/\\\/news.save.ch\\\/wp-content\\\/uploads\\\/2022\\\/06\\\/Logo_SF_2012.png\",\"contentUrl\":\"https:\\\/\\\/news.save.ch\\\/wp-content\\\/uploads\\\/2022\\\/06\\\/Logo_SF_2012.png\",\"width\":1100,\"height\":91,\"caption\":\"Sicherheitsforum\"},\"image\":{\"@id\":\"https:\\\/\\\/news.save.ch\\\/de\\\/#\\\/schema\\\/logo\\\/image\\\/\"}},{\"@type\":\"Person\",\"@id\":\"https:\\\/\\\/news.save.ch\\\/de\\\/#\\\/schema\\\/person\\\/10917387362b3961e882740f6cf6f2a2\",\"name\":\"stefanie Zeng\",\"image\":{\"@type\":\"ImageObject\",\"inLanguage\":\"fr-FR\",\"@id\":\"https:\\\/\\\/secure.gravatar.com\\\/avatar\\\/eac43faa6e40bb2c41068c95c9d78bbd94c476d5efdff7abaab80bb3ea681e06?s=96&d=mm&r=g\",\"url\":\"https:\\\/\\\/secure.gravatar.com\\\/avatar\\\/eac43faa6e40bb2c41068c95c9d78bbd94c476d5efdff7abaab80bb3ea681e06?s=96&d=mm&r=g\",\"contentUrl\":\"https:\\\/\\\/secure.gravatar.com\\\/avatar\\\/eac43faa6e40bb2c41068c95c9d78bbd94c476d5efdff7abaab80bb3ea681e06?s=96&d=mm&r=g\",\"caption\":\"stefanie Zeng\"},\"url\":\"https:\\\/\\\/news.save.ch\\\/fr\\\/author\\\/stefanie-zeng\\\/\"}]}<\/script>\n<!-- \/ Yoast SEO plugin. -->","yoast_head_json":{"title":"Barom\u00e8tre des risques d'Allianz : Les cyber-attaques resteront le principal risque mondial pour les entreprises en 2025 - Save","description":"Allianz Commercial publie pour la 14e fois son enqu\u00eate annuelle \"Allianz Risk Barometer\" sur les principaux risques commerciaux dans le monde.","robots":{"index":"index","follow":"follow","max-snippet":"max-snippet:-1","max-image-preview":"max-image-preview:large","max-video-preview":"max-video-preview:-1"},"canonical":"https:\/\/news.save.ch\/fr\/allianz-risk-barometer-cyber-attacken-bleiben-2025-weltweites-top-risiko-fu\u0308r-unternehmen\/","og_locale":"fr_FR","og_type":"article","og_title":"Allianz Risk Barometer: Cyber-Attacken bleiben 2025 weltweites Top-Risiko fu\u0308r Unternehmen - Save","og_description":"Allianz Commercial ver\u00f6ffentlicht zum 14. Mal die j\u00e4hrliche Umfrage \u00abAllianz Risk Barometer\u00bb zu den wichtigsten Gesch\u00e4ftsrisiken weltweit.","og_url":"https:\/\/news.save.ch\/fr\/allianz-risk-barometer-cyber-attacken-bleiben-2025-weltweites-top-risiko-fu\u0308r-unternehmen\/","og_site_name":"Save","article_published_time":"2025-01-15T10:03:42+00:00","article_modified_time":"2025-01-15T10:03:48+00:00","og_image":[{"width":1000,"height":689,"url":"https:\/\/news.save.ch\/wp-content\/uploads\/2025\/01\/Depositphotos_263293254_S.jpg","type":"image\/jpeg"}],"author":"stefanie Zeng","twitter_card":"summary_large_image","twitter_misc":{"\u00c9crit par":"stefanie Zeng","Dur\u00e9e de lecture estim\u00e9e":"7 minutes"},"schema":{"@context":"https:\/\/schema.org","@graph":[{"@type":"Article","@id":"https:\/\/news.save.ch\/allianz-risk-barometer-cyber-attacken-bleiben-2025-weltweites-top-risiko-fu%cc%88r-unternehmen\/#article","isPartOf":{"@id":"https:\/\/news.save.ch\/allianz-risk-barometer-cyber-attacken-bleiben-2025-weltweites-top-risiko-fu%cc%88r-unternehmen\/"},"author":{"name":"stefanie Zeng","@id":"https:\/\/news.save.ch\/de\/#\/schema\/person\/10917387362b3961e882740f6cf6f2a2"},"headline":"Allianz Risk Barometer: Cyber-Attacken bleiben 2025 weltweites Top-Risiko fu\u0308r Unternehmen","datePublished":"2025-01-15T10:03:42+00:00","dateModified":"2025-01-15T10:03:48+00:00","mainEntityOfPage":{"@id":"https:\/\/news.save.ch\/allianz-risk-barometer-cyber-attacken-bleiben-2025-weltweites-top-risiko-fu%cc%88r-unternehmen\/"},"wordCount":1250,"publisher":{"@id":"https:\/\/news.save.ch\/de\/#organization"},"image":{"@id":"https:\/\/news.save.ch\/allianz-risk-barometer-cyber-attacken-bleiben-2025-weltweites-top-risiko-fu%cc%88r-unternehmen\/#primaryimage"},"thumbnailUrl":"https:\/\/news.save.ch\/wp-content\/uploads\/2025\/01\/Depositphotos_263293254_S.jpg","keywords":["Allianz Risk Barometer","Cyber-Attacken","Cyber-Risiken"],"articleSection":["ALLGEMEIN"],"inLanguage":"fr-FR"},{"@type":"WebPage","@id":"https:\/\/news.save.ch\/allianz-risk-barometer-cyber-attacken-bleiben-2025-weltweites-top-risiko-fu%cc%88r-unternehmen\/","url":"https:\/\/news.save.ch\/allianz-risk-barometer-cyber-attacken-bleiben-2025-weltweites-top-risiko-fu%cc%88r-unternehmen\/","name":"Barom\u00e8tre des risques d'Allianz : Les cyber-attaques resteront le principal risque mondial pour les entreprises en 2025 - Save","isPartOf":{"@id":"https:\/\/news.save.ch\/de\/#website"},"primaryImageOfPage":{"@id":"https:\/\/news.save.ch\/allianz-risk-barometer-cyber-attacken-bleiben-2025-weltweites-top-risiko-fu%cc%88r-unternehmen\/#primaryimage"},"image":{"@id":"https:\/\/news.save.ch\/allianz-risk-barometer-cyber-attacken-bleiben-2025-weltweites-top-risiko-fu%cc%88r-unternehmen\/#primaryimage"},"thumbnailUrl":"https:\/\/news.save.ch\/wp-content\/uploads\/2025\/01\/Depositphotos_263293254_S.jpg","datePublished":"2025-01-15T10:03:42+00:00","dateModified":"2025-01-15T10:03:48+00:00","description":"Allianz Commercial publie pour la 14e fois son enqu\u00eate annuelle \"Allianz Risk Barometer\" sur les principaux risques commerciaux dans le monde.","breadcrumb":{"@id":"https:\/\/news.save.ch\/allianz-risk-barometer-cyber-attacken-bleiben-2025-weltweites-top-risiko-fu%cc%88r-unternehmen\/#breadcrumb"},"inLanguage":"fr-FR","potentialAction":[{"@type":"ReadAction","target":["https:\/\/news.save.ch\/allianz-risk-barometer-cyber-attacken-bleiben-2025-weltweites-top-risiko-fu%cc%88r-unternehmen\/"]}]},{"@type":"ImageObject","inLanguage":"fr-FR","@id":"https:\/\/news.save.ch\/allianz-risk-barometer-cyber-attacken-bleiben-2025-weltweites-top-risiko-fu%cc%88r-unternehmen\/#primaryimage","url":"https:\/\/news.save.ch\/wp-content\/uploads\/2025\/01\/Depositphotos_263293254_S.jpg","contentUrl":"https:\/\/news.save.ch\/wp-content\/uploads\/2025\/01\/Depositphotos_263293254_S.jpg"},{"@type":"BreadcrumbList","@id":"https:\/\/news.save.ch\/allianz-risk-barometer-cyber-attacken-bleiben-2025-weltweites-top-risiko-fu%cc%88r-unternehmen\/#breadcrumb","itemListElement":[{"@type":"ListItem","position":1,"name":"Home","item":"https:\/\/news.save.ch\/de\/"},{"@type":"ListItem","position":2,"name":"Allianz Risk Barometer: Cyber-Attacken bleiben 2025 weltweites Top-Risiko fu\u0308r Unternehmen"}]},{"@type":"WebSite","@id":"https:\/\/news.save.ch\/de\/#website","url":"https:\/\/news.save.ch\/de\/","name":"Save","description":"Revue suisse sp\u00e9cialis\u00e9e dans la s\u00e9curit\u00e9","publisher":{"@id":"https:\/\/news.save.ch\/de\/#organization"},"potentialAction":[{"@type":"SearchAction","target":{"@type":"EntryPoint","urlTemplate":"https:\/\/news.save.ch\/de\/?s={search_term_string}"},"query-input":{"@type":"PropertyValueSpecification","valueRequired":true,"valueName":"search_term_string"}}],"inLanguage":"fr-FR"},{"@type":"Organization","@id":"https:\/\/news.save.ch\/de\/#organization","name":"Forum sur la s\u00e9curit\u00e9","url":"https:\/\/news.save.ch\/de\/","logo":{"@type":"ImageObject","inLanguage":"fr-FR","@id":"https:\/\/news.save.ch\/de\/#\/schema\/logo\/image\/","url":"https:\/\/news.save.ch\/wp-content\/uploads\/2022\/06\/Logo_SF_2012.png","contentUrl":"https:\/\/news.save.ch\/wp-content\/uploads\/2022\/06\/Logo_SF_2012.png","width":1100,"height":91,"caption":"Sicherheitsforum"},"image":{"@id":"https:\/\/news.save.ch\/de\/#\/schema\/logo\/image\/"}},{"@type":"Person","@id":"https:\/\/news.save.ch\/de\/#\/schema\/person\/10917387362b3961e882740f6cf6f2a2","name":"stefanie Zeng","image":{"@type":"ImageObject","inLanguage":"fr-FR","@id":"https:\/\/secure.gravatar.com\/avatar\/eac43faa6e40bb2c41068c95c9d78bbd94c476d5efdff7abaab80bb3ea681e06?s=96&d=mm&r=g","url":"https:\/\/secure.gravatar.com\/avatar\/eac43faa6e40bb2c41068c95c9d78bbd94c476d5efdff7abaab80bb3ea681e06?s=96&d=mm&r=g","contentUrl":"https:\/\/secure.gravatar.com\/avatar\/eac43faa6e40bb2c41068c95c9d78bbd94c476d5efdff7abaab80bb3ea681e06?s=96&d=mm&r=g","caption":"stefanie Zeng"},"url":"https:\/\/news.save.ch\/fr\/author\/stefanie-zeng\/"}]}},"_links":{"self":[{"href":"https:\/\/news.save.ch\/fr\/wp-json\/wp\/v2\/posts\/23896","targetHints":{"allow":["GET"]}}],"collection":[{"href":"https:\/\/news.save.ch\/fr\/wp-json\/wp\/v2\/posts"}],"about":[{"href":"https:\/\/news.save.ch\/fr\/wp-json\/wp\/v2\/types\/post"}],"author":[{"embeddable":true,"href":"https:\/\/news.save.ch\/fr\/wp-json\/wp\/v2\/users\/31"}],"replies":[{"embeddable":true,"href":"https:\/\/news.save.ch\/fr\/wp-json\/wp\/v2\/comments?post=23896"}],"version-history":[{"count":2,"href":"https:\/\/news.save.ch\/fr\/wp-json\/wp\/v2\/posts\/23896\/revisions"}],"predecessor-version":[{"id":23899,"href":"https:\/\/news.save.ch\/fr\/wp-json\/wp\/v2\/posts\/23896\/revisions\/23899"}],"wp:attachment":[{"href":"https:\/\/news.save.ch\/fr\/wp-json\/wp\/v2\/media?parent=23896"}],"wp:term":[{"taxonomy":"category","embeddable":true,"href":"https:\/\/news.save.ch\/fr\/wp-json\/wp\/v2\/categories?post=23896"},{"taxonomy":"post_tag","embeddable":true,"href":"https:\/\/news.save.ch\/fr\/wp-json\/wp\/v2\/tags?post=23896"}],"curies":[{"name":"wp","href":"https:\/\/api.w.org\/{rel}","templated":true}]}}