{"id":23926,"date":"2025-01-22T11:37:10","date_gmt":"2025-01-22T10:37:10","guid":{"rendered":"https:\/\/news.save.ch\/?p=23926"},"modified":"2025-01-22T11:37:10","modified_gmt":"2025-01-22T10:37:10","slug":"diskussion-am-wef-welchen-wert-haben-vertrauenswuerdige-daten","status":null,"type":"post","link":"https:\/\/news.save.ch\/fr\/diskussion-am-wef-welchen-wert-haben-vertrauenswuerdige-daten\/","title":{"rendered":"D\u00e9bat au WEF : quelle est la valeur des donn\u00e9es fiables ?"},"content":{"rendered":"<figure id=\"attachment_23927\" aria-describedby=\"caption-attachment-23927\" style=\"width: 1000px\" class=\"wp-caption alignnone\"><a href=\"https:\/\/news.save.ch\/fr\/diskussion-am-wef-welchen-wert-haben-vertrauenswuerdige-daten\/depositphotos_332586832_s\/\" rel=\"attachment wp-att-23927\"><img loading=\"lazy\" decoding=\"async\" class=\"size-full wp-image-23927\" src=\"https:\/\/news.save.ch\/wp-content\/uploads\/2025\/01\/Depositphotos_332586832_S.jpg\" alt=\"\" width=\"1000\" height=\"819\" srcset=\"https:\/\/news.save.ch\/wp-content\/uploads\/2025\/01\/Depositphotos_332586832_S.jpg 1000w, https:\/\/news.save.ch\/wp-content\/uploads\/2025\/01\/Depositphotos_332586832_S-680x557.jpg 680w, https:\/\/news.save.ch\/wp-content\/uploads\/2025\/01\/Depositphotos_332586832_S-768x629.jpg 768w, https:\/\/news.save.ch\/wp-content\/uploads\/2025\/01\/Depositphotos_332586832_S-15x12.jpg 15w, https:\/\/news.save.ch\/wp-content\/uploads\/2025\/01\/Depositphotos_332586832_S-366x300.jpg 366w, https:\/\/news.save.ch\/wp-content\/uploads\/2025\/01\/Depositphotos_332586832_S-427x350.jpg 427w, https:\/\/news.save.ch\/wp-content\/uploads\/2025\/01\/Depositphotos_332586832_S-977x800.jpg 977w\" sizes=\"auto, (max-width: 1000px) 100vw, 1000px\" \/><\/a><figcaption id=\"caption-attachment-23927\" class=\"wp-caption-text\">Photo : Depositphotos\/makasanaphoto<\/figcaption><\/figure>\n<p>Des repr\u00e9sentants de haut niveau de l'Organisation mondiale de la sant\u00e9 (OMS), de l'Universit\u00e9 de Copenhague et de l'Office f\u00e9d\u00e9ral de la statistique (OFS) ont particip\u00e9 \u00e0 la manifestation, ouverte par la conseill\u00e8re f\u00e9d\u00e9rale Elisabeth Baume-Schneider. Une \u00e9tude sur la cr\u00e9ation d'une plateforme de donn\u00e9es fiables a \u00e9galement \u00e9t\u00e9 pr\u00e9sent\u00e9e.<\/p>\n<p>La discussion, intitul\u00e9e \"Des donn\u00e9es pour tous : la solution ultime contre la d\u00e9sinformation ?\", a eu lieu dans le cadre du \"Geneva Day 2025\". Le \"Geneva Day\" offre chaque ann\u00e9e \u00e0 la \"House of Switzerland\", en marge du WEF, une plateforme d'\u00e9change entre les actrices et les acteurs de l'\u00e9conomie et de la soci\u00e9t\u00e9 civile. Les participants discutent de sujets d'actualit\u00e9 pertinents pour les organisations internationales bas\u00e9es \u00e0 Gen\u00e8ve.<\/p>\n<p>Lors de la manifestation, P\u00e1draig Dalton, ancien statisticien en chef de l'Irlande, a en outre pr\u00e9sent\u00e9 une \u00e9tude de faisabilit\u00e9 qu'il a r\u00e9alis\u00e9e sur la cr\u00e9ation d'un \"Trusted Data Observatory\" et qui a \u00e9t\u00e9 command\u00e9e par le D\u00e9partement f\u00e9d\u00e9ral des affaires \u00e9trang\u00e8res (DFAE) et l'Office f\u00e9d\u00e9ral de la statistique (OFS).<\/p>\n<p>L'\u00e9tude recommande que cet observatoire, bas\u00e9 \u00e0 Gen\u00e8ve, g\u00e8re une plateforme de m\u00e9tadonn\u00e9es qui permette de trouver facilement des donn\u00e9es provenant de sources fiables et de les comparer entre elles. Les chatbots d'intelligence artificielle pourraient acc\u00e9der \u00e0 ces donn\u00e9es et alimenter leurs r\u00e9ponses \u00e0 partir de sources fiables. Outre la promotion de la transparence et de la prise de d\u00e9cision politique bas\u00e9e sur des faits, une telle plateforme pourrait donc \u00e9galement contribuer \u00e0 la lutte contre la d\u00e9sinformation.<\/p>\n<p><b>Les faits sont une condition pr\u00e9alable aux d\u00e9cisions d\u00e9mocratiques<\/b><\/p>\n<p>Dans son discours d'ouverture, la conseill\u00e8re f\u00e9d\u00e9rale Elisabeth Baume-Schneider a soulign\u00e9 l'importance de donn\u00e9es dignes de confiance : \"La soci\u00e9t\u00e9 d\u00e9mocratique a besoin d'informations provenant de sources fiables. Elles nous permettent de d\u00e9battre sur la base de faits et cr\u00e9ent ainsi la base d'une prise de d\u00e9cision \u00e9clair\u00e9e et \u00e9tay\u00e9e\". Lors de la conf\u00e9rence qui a suivi<\/p>\n<p>Lors de la deuxi\u00e8me table ronde, Samira Asma, vice-directrice de l'OMS charg\u00e9e des donn\u00e9es et de l'analyse, le professeur Vincent F. Hendricks de l'Universit\u00e9 de Copenhague et Georges-Simon Ulrich, directeur de l'OFS, ont discut\u00e9 des r\u00f4les que pourraient jouer diff\u00e9rents acteurs au niveau international afin de rendre ces donn\u00e9es plus visibles et donc utilisables.<\/p>\n<p><em>Source : Office f\u00e9d\u00e9ral de la statistique (OFS)<\/em><\/p>","protected":false},"excerpt":{"rendered":"<p>Am Anlass, der von Bundesr\u00e4tin Elisabeth Baume-Schneider er\u00f6ffnet wurde, nahmen hochrangige Repr\u00e4sentantinnen und Repr\u00e4sentanten der Weltgesundheitsorganisation (WHO), der Universit\u00e4t Kopenhagen und des Bundesamts f\u00fcr Statistik (BFS) teil. Zudem wurde eine Studie \u00fcber die Schaffung einer Plattform f\u00fcr vertrauensw\u00fcrdige Daten vorgestellt. Die Diskussion mit dem Titel \u00abDaten f\u00fcr alle: Die ultimative L\u00f6sung gegen Desinformation?\u00bb fand im [&hellip;]<\/p>\n","protected":false},"author":31,"featured_media":0,"comment_status":"closed","ping_status":"closed","sticky":false,"template":"","format":"standard","meta":{"_acf_changed":false,"pgc_sgb_lightbox_settings":"","footnotes":""},"categories":[3313],"tags":[363,622],"class_list":["post-23926","post","type-post","status-publish","format-standard","hentry","category-digitalisierung","tag-daten","tag-wef"],"acf":[],"hkrextid":null,"publication":null,"issue":null,"workflow":null,"startPage":null,"spitzmarke":null,"_posts_by_tag_page_fields":null,"_at_widget":null,"_yoast_wpseo_primary_category":"3313","_yoast_wpseo_focuskw_text_input":null,"_yoast_wpseo_opengraph-image":null,"_yoast_wpseo_opengraph-description":null,"_yoast_wpseo_opengraph-title":null,"enclosure":null,"_yoast_wpseo_twitter-title":null,"_yoast_wpseo_twitter-description":null,"_yoast_wpseo_twitter-image":null,"_wp_old_slug":null,"_yoast_wpseo_title":null,"_yoast_wpseo_canonical":null,"yoast_head":"<!-- This site is optimized with the Yoast SEO plugin v27.4 - https:\/\/yoast.com\/product\/yoast-seo-wordpress\/ -->\n<title>Diskussion am WEF: Welchen Wert haben vertrauensw\u00fcrdige Daten? - Save<\/title>\n<meta name=\"description\" content=\"WEF in Davos: PanellistInnen diskutierten \u00fcber die Frage wie zuverl\u00e4ssige Daten besser zug\u00e4nglich und nutzbar gemacht werden k\u00f6nnen.\" \/>\n<meta name=\"robots\" content=\"index, follow, max-snippet:-1, max-image-preview:large, max-video-preview:-1\" \/>\n<link rel=\"canonical\" href=\"https:\/\/news.save.ch\/fr\/diskussion-am-wef-welchen-wert-haben-vertrauenswuerdige-daten\/\" \/>\n<meta property=\"og:locale\" content=\"fr_FR\" \/>\n<meta property=\"og:type\" content=\"article\" \/>\n<meta property=\"og:title\" content=\"Diskussion am WEF: Welchen Wert haben vertrauensw\u00fcrdige Daten? - Save\" \/>\n<meta property=\"og:description\" content=\"WEF in Davos: PanellistInnen diskutierten \u00fcber die Frage wie zuverl\u00e4ssige Daten besser zug\u00e4nglich und nutzbar gemacht werden k\u00f6nnen.\" \/>\n<meta property=\"og:url\" content=\"https:\/\/news.save.ch\/fr\/diskussion-am-wef-welchen-wert-haben-vertrauenswuerdige-daten\/\" \/>\n<meta property=\"og:site_name\" content=\"Save\" \/>\n<meta property=\"article:published_time\" content=\"2025-01-22T10:37:10+00:00\" \/>\n<meta property=\"og:image\" content=\"https:\/\/news.save.ch\/wp-content\/uploads\/2025\/01\/Depositphotos_332586832_S.jpg\" \/>\n\t<meta property=\"og:image:width\" content=\"1000\" \/>\n\t<meta property=\"og:image:height\" content=\"819\" \/>\n\t<meta property=\"og:image:type\" content=\"image\/jpeg\" \/>\n<meta name=\"author\" content=\"stefanie Zeng\" \/>\n<meta name=\"twitter:card\" content=\"summary_large_image\" \/>\n<meta name=\"twitter:label1\" content=\"\u00c9crit par\" \/>\n\t<meta name=\"twitter:data1\" content=\"stefanie Zeng\" \/>\n\t<meta name=\"twitter:label2\" content=\"Dur\u00e9e de lecture estim\u00e9e\" \/>\n\t<meta name=\"twitter:data2\" content=\"2 minutes\" \/>\n<script type=\"application\/ld+json\" class=\"yoast-schema-graph\">{\"@context\":\"https:\\\/\\\/schema.org\",\"@graph\":[{\"@type\":\"Article\",\"@id\":\"https:\\\/\\\/news.save.ch\\\/diskussion-am-wef-welchen-wert-haben-vertrauenswuerdige-daten\\\/#article\",\"isPartOf\":{\"@id\":\"https:\\\/\\\/news.save.ch\\\/diskussion-am-wef-welchen-wert-haben-vertrauenswuerdige-daten\\\/\"},\"author\":{\"name\":\"stefanie Zeng\",\"@id\":\"https:\\\/\\\/news.save.ch\\\/de\\\/#\\\/schema\\\/person\\\/10917387362b3961e882740f6cf6f2a2\"},\"headline\":\"Diskussion am WEF: Welchen Wert haben vertrauensw\u00fcrdige Daten?\",\"datePublished\":\"2025-01-22T10:37:10+00:00\",\"mainEntityOfPage\":{\"@id\":\"https:\\\/\\\/news.save.ch\\\/diskussion-am-wef-welchen-wert-haben-vertrauenswuerdige-daten\\\/\"},\"wordCount\":359,\"publisher\":{\"@id\":\"https:\\\/\\\/news.save.ch\\\/de\\\/#organization\"},\"image\":{\"@id\":\"https:\\\/\\\/news.save.ch\\\/diskussion-am-wef-welchen-wert-haben-vertrauenswuerdige-daten\\\/#primaryimage\"},\"thumbnailUrl\":\"https:\\\/\\\/news.save.ch\\\/wp-content\\\/uploads\\\/2025\\\/01\\\/Depositphotos_332586832_S.jpg\",\"keywords\":[\"Daten\",\"WEF\"],\"articleSection\":[\"DIGITALISIERUNG\"],\"inLanguage\":\"fr-FR\"},{\"@type\":\"WebPage\",\"@id\":\"https:\\\/\\\/news.save.ch\\\/diskussion-am-wef-welchen-wert-haben-vertrauenswuerdige-daten\\\/\",\"url\":\"https:\\\/\\\/news.save.ch\\\/diskussion-am-wef-welchen-wert-haben-vertrauenswuerdige-daten\\\/\",\"name\":\"Diskussion am WEF: Welchen Wert haben vertrauensw\u00fcrdige Daten? - Save\",\"isPartOf\":{\"@id\":\"https:\\\/\\\/news.save.ch\\\/de\\\/#website\"},\"primaryImageOfPage\":{\"@id\":\"https:\\\/\\\/news.save.ch\\\/diskussion-am-wef-welchen-wert-haben-vertrauenswuerdige-daten\\\/#primaryimage\"},\"image\":{\"@id\":\"https:\\\/\\\/news.save.ch\\\/diskussion-am-wef-welchen-wert-haben-vertrauenswuerdige-daten\\\/#primaryimage\"},\"thumbnailUrl\":\"https:\\\/\\\/news.save.ch\\\/wp-content\\\/uploads\\\/2025\\\/01\\\/Depositphotos_332586832_S.jpg\",\"datePublished\":\"2025-01-22T10:37:10+00:00\",\"description\":\"WEF in Davos: PanellistInnen diskutierten \u00fcber die Frage wie zuverl\u00e4ssige Daten besser zug\u00e4nglich und nutzbar gemacht werden k\u00f6nnen.\",\"breadcrumb\":{\"@id\":\"https:\\\/\\\/news.save.ch\\\/diskussion-am-wef-welchen-wert-haben-vertrauenswuerdige-daten\\\/#breadcrumb\"},\"inLanguage\":\"fr-FR\",\"potentialAction\":[{\"@type\":\"ReadAction\",\"target\":[\"https:\\\/\\\/news.save.ch\\\/diskussion-am-wef-welchen-wert-haben-vertrauenswuerdige-daten\\\/\"]}]},{\"@type\":\"ImageObject\",\"inLanguage\":\"fr-FR\",\"@id\":\"https:\\\/\\\/news.save.ch\\\/diskussion-am-wef-welchen-wert-haben-vertrauenswuerdige-daten\\\/#primaryimage\",\"url\":\"https:\\\/\\\/news.save.ch\\\/wp-content\\\/uploads\\\/2025\\\/01\\\/Depositphotos_332586832_S.jpg\",\"contentUrl\":\"https:\\\/\\\/news.save.ch\\\/wp-content\\\/uploads\\\/2025\\\/01\\\/Depositphotos_332586832_S.jpg\"},{\"@type\":\"BreadcrumbList\",\"@id\":\"https:\\\/\\\/news.save.ch\\\/diskussion-am-wef-welchen-wert-haben-vertrauenswuerdige-daten\\\/#breadcrumb\",\"itemListElement\":[{\"@type\":\"ListItem\",\"position\":1,\"name\":\"Home\",\"item\":\"https:\\\/\\\/news.save.ch\\\/de\\\/\"},{\"@type\":\"ListItem\",\"position\":2,\"name\":\"Diskussion am WEF: Welchen Wert haben vertrauensw\u00fcrdige Daten?\"}]},{\"@type\":\"WebSite\",\"@id\":\"https:\\\/\\\/news.save.ch\\\/de\\\/#website\",\"url\":\"https:\\\/\\\/news.save.ch\\\/de\\\/\",\"name\":\"Save\",\"description\":\"Schweizer Fachzeitschrift f\u00fcr Sicherheit\",\"publisher\":{\"@id\":\"https:\\\/\\\/news.save.ch\\\/de\\\/#organization\"},\"potentialAction\":[{\"@type\":\"SearchAction\",\"target\":{\"@type\":\"EntryPoint\",\"urlTemplate\":\"https:\\\/\\\/news.save.ch\\\/de\\\/?s={search_term_string}\"},\"query-input\":{\"@type\":\"PropertyValueSpecification\",\"valueRequired\":true,\"valueName\":\"search_term_string\"}}],\"inLanguage\":\"fr-FR\"},{\"@type\":\"Organization\",\"@id\":\"https:\\\/\\\/news.save.ch\\\/de\\\/#organization\",\"name\":\"Sicherheitsforum\",\"url\":\"https:\\\/\\\/news.save.ch\\\/de\\\/\",\"logo\":{\"@type\":\"ImageObject\",\"inLanguage\":\"fr-FR\",\"@id\":\"https:\\\/\\\/news.save.ch\\\/de\\\/#\\\/schema\\\/logo\\\/image\\\/\",\"url\":\"https:\\\/\\\/news.save.ch\\\/wp-content\\\/uploads\\\/2022\\\/06\\\/Logo_SF_2012.png\",\"contentUrl\":\"https:\\\/\\\/news.save.ch\\\/wp-content\\\/uploads\\\/2022\\\/06\\\/Logo_SF_2012.png\",\"width\":1100,\"height\":91,\"caption\":\"Sicherheitsforum\"},\"image\":{\"@id\":\"https:\\\/\\\/news.save.ch\\\/de\\\/#\\\/schema\\\/logo\\\/image\\\/\"}},{\"@type\":\"Person\",\"@id\":\"https:\\\/\\\/news.save.ch\\\/de\\\/#\\\/schema\\\/person\\\/10917387362b3961e882740f6cf6f2a2\",\"name\":\"stefanie Zeng\",\"image\":{\"@type\":\"ImageObject\",\"inLanguage\":\"fr-FR\",\"@id\":\"https:\\\/\\\/secure.gravatar.com\\\/avatar\\\/eac43faa6e40bb2c41068c95c9d78bbd94c476d5efdff7abaab80bb3ea681e06?s=96&d=mm&r=g\",\"url\":\"https:\\\/\\\/secure.gravatar.com\\\/avatar\\\/eac43faa6e40bb2c41068c95c9d78bbd94c476d5efdff7abaab80bb3ea681e06?s=96&d=mm&r=g\",\"contentUrl\":\"https:\\\/\\\/secure.gravatar.com\\\/avatar\\\/eac43faa6e40bb2c41068c95c9d78bbd94c476d5efdff7abaab80bb3ea681e06?s=96&d=mm&r=g\",\"caption\":\"stefanie Zeng\"},\"url\":\"https:\\\/\\\/news.save.ch\\\/fr\\\/author\\\/stefanie-zeng\\\/\"}]}<\/script>\n<!-- \/ Yoast SEO plugin. -->","yoast_head_json":{"title":"D\u00e9bat au WEF : quelle est la valeur des donn\u00e9es fiables ? - Sauver","description":"WEF \u00e0 Davos : les pan\u00e9listes ont discut\u00e9 de la mani\u00e8re dont des donn\u00e9es fiables peuvent \u00eatre rendues plus accessibles et utilisables.","robots":{"index":"index","follow":"follow","max-snippet":"max-snippet:-1","max-image-preview":"max-image-preview:large","max-video-preview":"max-video-preview:-1"},"canonical":"https:\/\/news.save.ch\/fr\/diskussion-am-wef-welchen-wert-haben-vertrauenswuerdige-daten\/","og_locale":"fr_FR","og_type":"article","og_title":"Diskussion am WEF: Welchen Wert haben vertrauensw\u00fcrdige Daten? - Save","og_description":"WEF in Davos: PanellistInnen diskutierten \u00fcber die Frage wie zuverl\u00e4ssige Daten besser zug\u00e4nglich und nutzbar gemacht werden k\u00f6nnen.","og_url":"https:\/\/news.save.ch\/fr\/diskussion-am-wef-welchen-wert-haben-vertrauenswuerdige-daten\/","og_site_name":"Save","article_published_time":"2025-01-22T10:37:10+00:00","og_image":[{"width":1000,"height":819,"url":"https:\/\/news.save.ch\/wp-content\/uploads\/2025\/01\/Depositphotos_332586832_S.jpg","type":"image\/jpeg"}],"author":"stefanie Zeng","twitter_card":"summary_large_image","twitter_misc":{"\u00c9crit par":"stefanie Zeng","Dur\u00e9e de lecture estim\u00e9e":"2 minutes"},"schema":{"@context":"https:\/\/schema.org","@graph":[{"@type":"Article","@id":"https:\/\/news.save.ch\/diskussion-am-wef-welchen-wert-haben-vertrauenswuerdige-daten\/#article","isPartOf":{"@id":"https:\/\/news.save.ch\/diskussion-am-wef-welchen-wert-haben-vertrauenswuerdige-daten\/"},"author":{"name":"stefanie Zeng","@id":"https:\/\/news.save.ch\/de\/#\/schema\/person\/10917387362b3961e882740f6cf6f2a2"},"headline":"Diskussion am WEF: Welchen Wert haben vertrauensw\u00fcrdige Daten?","datePublished":"2025-01-22T10:37:10+00:00","mainEntityOfPage":{"@id":"https:\/\/news.save.ch\/diskussion-am-wef-welchen-wert-haben-vertrauenswuerdige-daten\/"},"wordCount":359,"publisher":{"@id":"https:\/\/news.save.ch\/de\/#organization"},"image":{"@id":"https:\/\/news.save.ch\/diskussion-am-wef-welchen-wert-haben-vertrauenswuerdige-daten\/#primaryimage"},"thumbnailUrl":"https:\/\/news.save.ch\/wp-content\/uploads\/2025\/01\/Depositphotos_332586832_S.jpg","keywords":["Daten","WEF"],"articleSection":["DIGITALISIERUNG"],"inLanguage":"fr-FR"},{"@type":"WebPage","@id":"https:\/\/news.save.ch\/diskussion-am-wef-welchen-wert-haben-vertrauenswuerdige-daten\/","url":"https:\/\/news.save.ch\/diskussion-am-wef-welchen-wert-haben-vertrauenswuerdige-daten\/","name":"D\u00e9bat au WEF : quelle est la valeur des donn\u00e9es fiables ? - Sauver","isPartOf":{"@id":"https:\/\/news.save.ch\/de\/#website"},"primaryImageOfPage":{"@id":"https:\/\/news.save.ch\/diskussion-am-wef-welchen-wert-haben-vertrauenswuerdige-daten\/#primaryimage"},"image":{"@id":"https:\/\/news.save.ch\/diskussion-am-wef-welchen-wert-haben-vertrauenswuerdige-daten\/#primaryimage"},"thumbnailUrl":"https:\/\/news.save.ch\/wp-content\/uploads\/2025\/01\/Depositphotos_332586832_S.jpg","datePublished":"2025-01-22T10:37:10+00:00","description":"WEF \u00e0 Davos : les pan\u00e9listes ont discut\u00e9 de la mani\u00e8re dont des donn\u00e9es fiables peuvent \u00eatre rendues plus accessibles et utilisables.","breadcrumb":{"@id":"https:\/\/news.save.ch\/diskussion-am-wef-welchen-wert-haben-vertrauenswuerdige-daten\/#breadcrumb"},"inLanguage":"fr-FR","potentialAction":[{"@type":"ReadAction","target":["https:\/\/news.save.ch\/diskussion-am-wef-welchen-wert-haben-vertrauenswuerdige-daten\/"]}]},{"@type":"ImageObject","inLanguage":"fr-FR","@id":"https:\/\/news.save.ch\/diskussion-am-wef-welchen-wert-haben-vertrauenswuerdige-daten\/#primaryimage","url":"https:\/\/news.save.ch\/wp-content\/uploads\/2025\/01\/Depositphotos_332586832_S.jpg","contentUrl":"https:\/\/news.save.ch\/wp-content\/uploads\/2025\/01\/Depositphotos_332586832_S.jpg"},{"@type":"BreadcrumbList","@id":"https:\/\/news.save.ch\/diskussion-am-wef-welchen-wert-haben-vertrauenswuerdige-daten\/#breadcrumb","itemListElement":[{"@type":"ListItem","position":1,"name":"Home","item":"https:\/\/news.save.ch\/de\/"},{"@type":"ListItem","position":2,"name":"Diskussion am WEF: Welchen Wert haben vertrauensw\u00fcrdige Daten?"}]},{"@type":"WebSite","@id":"https:\/\/news.save.ch\/de\/#website","url":"https:\/\/news.save.ch\/de\/","name":"Save","description":"Revue suisse sp\u00e9cialis\u00e9e dans la s\u00e9curit\u00e9","publisher":{"@id":"https:\/\/news.save.ch\/de\/#organization"},"potentialAction":[{"@type":"SearchAction","target":{"@type":"EntryPoint","urlTemplate":"https:\/\/news.save.ch\/de\/?s={search_term_string}"},"query-input":{"@type":"PropertyValueSpecification","valueRequired":true,"valueName":"search_term_string"}}],"inLanguage":"fr-FR"},{"@type":"Organization","@id":"https:\/\/news.save.ch\/de\/#organization","name":"Forum sur la s\u00e9curit\u00e9","url":"https:\/\/news.save.ch\/de\/","logo":{"@type":"ImageObject","inLanguage":"fr-FR","@id":"https:\/\/news.save.ch\/de\/#\/schema\/logo\/image\/","url":"https:\/\/news.save.ch\/wp-content\/uploads\/2022\/06\/Logo_SF_2012.png","contentUrl":"https:\/\/news.save.ch\/wp-content\/uploads\/2022\/06\/Logo_SF_2012.png","width":1100,"height":91,"caption":"Sicherheitsforum"},"image":{"@id":"https:\/\/news.save.ch\/de\/#\/schema\/logo\/image\/"}},{"@type":"Person","@id":"https:\/\/news.save.ch\/de\/#\/schema\/person\/10917387362b3961e882740f6cf6f2a2","name":"stefanie Zeng","image":{"@type":"ImageObject","inLanguage":"fr-FR","@id":"https:\/\/secure.gravatar.com\/avatar\/eac43faa6e40bb2c41068c95c9d78bbd94c476d5efdff7abaab80bb3ea681e06?s=96&d=mm&r=g","url":"https:\/\/secure.gravatar.com\/avatar\/eac43faa6e40bb2c41068c95c9d78bbd94c476d5efdff7abaab80bb3ea681e06?s=96&d=mm&r=g","contentUrl":"https:\/\/secure.gravatar.com\/avatar\/eac43faa6e40bb2c41068c95c9d78bbd94c476d5efdff7abaab80bb3ea681e06?s=96&d=mm&r=g","caption":"stefanie Zeng"},"url":"https:\/\/news.save.ch\/fr\/author\/stefanie-zeng\/"}]}},"_links":{"self":[{"href":"https:\/\/news.save.ch\/fr\/wp-json\/wp\/v2\/posts\/23926","targetHints":{"allow":["GET"]}}],"collection":[{"href":"https:\/\/news.save.ch\/fr\/wp-json\/wp\/v2\/posts"}],"about":[{"href":"https:\/\/news.save.ch\/fr\/wp-json\/wp\/v2\/types\/post"}],"author":[{"embeddable":true,"href":"https:\/\/news.save.ch\/fr\/wp-json\/wp\/v2\/users\/31"}],"replies":[{"embeddable":true,"href":"https:\/\/news.save.ch\/fr\/wp-json\/wp\/v2\/comments?post=23926"}],"version-history":[{"count":2,"href":"https:\/\/news.save.ch\/fr\/wp-json\/wp\/v2\/posts\/23926\/revisions"}],"predecessor-version":[{"id":23929,"href":"https:\/\/news.save.ch\/fr\/wp-json\/wp\/v2\/posts\/23926\/revisions\/23929"}],"wp:attachment":[{"href":"https:\/\/news.save.ch\/fr\/wp-json\/wp\/v2\/media?parent=23926"}],"wp:term":[{"taxonomy":"category","embeddable":true,"href":"https:\/\/news.save.ch\/fr\/wp-json\/wp\/v2\/categories?post=23926"},{"taxonomy":"post_tag","embeddable":true,"href":"https:\/\/news.save.ch\/fr\/wp-json\/wp\/v2\/tags?post=23926"}],"curies":[{"name":"wp","href":"https:\/\/api.w.org\/{rel}","templated":true}]}}