{"id":2404,"date":"2016-08-10T09:53:42","date_gmt":"2016-08-10T07:53:42","guid":{"rendered":"https:\/\/dev.sicherheitsforum.ch\/?p=2404"},"modified":"2016-08-10T09:53:42","modified_gmt":"2016-08-10T07:53:42","slug":"farbtupfer-im-gefaengnisalltag","status":null,"type":"post","link":"https:\/\/news.save.ch\/fr\/farbtupfer-im-gefaengnisalltag\/","title":{"rendered":"Une touche de couleur dans le quotidien de la prison"},"content":{"rendered":"<div id='gallery-1' class='gallery galleryid-2404 gallery-columns-3 gallery-size-thumbnail'><figure class='gallery-item'>\n\t\t\t<div class='gallery-icon landscape'>\n\t\t\t\t<a href='https:\/\/news.save.ch\/fr\/farbtupfer-im-gefaengnisalltag\/farbtupfer-im-gefaengnisalltag1_sicherheitsforum\/'><img loading=\"lazy\" decoding=\"async\" width=\"150\" height=\"100\" src=\"https:\/\/news.save.ch\/wp-content\/uploads\/2016\/12\/Farbtupfer-im-Gefaengnisalltag1_sicherheitsforum.jpg\" class=\"attachment-thumbnail size-thumbnail\" alt=\"\" srcset=\"https:\/\/news.save.ch\/wp-content\/uploads\/2016\/12\/Farbtupfer-im-Gefaengnisalltag1_sicherheitsforum.jpg 798w, https:\/\/news.save.ch\/wp-content\/uploads\/2016\/12\/Farbtupfer-im-Gefaengnisalltag1_sicherheitsforum-375x250.jpg 375w\" sizes=\"auto, (max-width: 150px) 100vw, 150px\" \/><\/a>\n\t\t\t<\/div><\/figure><figure class='gallery-item'>\n\t\t\t<div class='gallery-icon landscape'>\n\t\t\t\t<a href='https:\/\/news.save.ch\/fr\/farbtupfer-im-gefaengnisalltag\/farbtupfer-im-gefaengnisalltag2_sicherheitsforum\/'><img loading=\"lazy\" decoding=\"async\" width=\"150\" height=\"100\" src=\"https:\/\/news.save.ch\/wp-content\/uploads\/2016\/12\/Farbtupfer-im-Gefaengnisalltag2_sicherheitsforum-scaled.jpg\" class=\"attachment-thumbnail size-thumbnail\" alt=\"\" srcset=\"https:\/\/news.save.ch\/wp-content\/uploads\/2016\/12\/Farbtupfer-im-Gefaengnisalltag2_sicherheitsforum-scaled.jpg 1400w, https:\/\/news.save.ch\/wp-content\/uploads\/2016\/12\/Farbtupfer-im-Gefaengnisalltag2_sicherheitsforum-375x250.jpg 375w\" sizes=\"auto, (max-width: 150px) 100vw, 150px\" \/><\/a>\n\t\t\t<\/div><\/figure><figure class='gallery-item'>\n\t\t\t<div class='gallery-icon landscape'>\n\t\t\t\t<a href='https:\/\/news.save.ch\/fr\/farbtupfer-im-gefaengnisalltag\/farbtupfer-im-gefaengnisalltag3_sicherheitsforum\/'><img loading=\"lazy\" decoding=\"async\" width=\"150\" height=\"100\" src=\"https:\/\/news.save.ch\/wp-content\/uploads\/2016\/12\/Farbtupfer-im-Gefaengnisalltag3_sicherheitsforum-scaled.jpg\" class=\"attachment-thumbnail size-thumbnail\" alt=\"\" srcset=\"https:\/\/news.save.ch\/wp-content\/uploads\/2016\/12\/Farbtupfer-im-Gefaengnisalltag3_sicherheitsforum-scaled.jpg 1400w, https:\/\/news.save.ch\/wp-content\/uploads\/2016\/12\/Farbtupfer-im-Gefaengnisalltag3_sicherheitsforum-375x250.jpg 375w\" sizes=\"auto, (max-width: 150px) 100vw, 150px\" \/><\/a>\n\t\t\t<\/div><\/figure>\n\t\t<\/div>\n\n<p>Les cours de promenade 1, 3 et 5 apr\u00e8s le r\u00e9am\u00e9nagement. Photos : Martin Friedli, B\u00e2le<\/p>\n<p>Les sept cours de promenade de la prison pr\u00e9ventive de B\u00e2le-Ville - \u00e0 l'origine d'un gris b\u00e9ton monotone - ont \u00e9t\u00e9 revaloris\u00e9es en couleur. Les apprentis de l'\u00e9cole de design de B\u00e2le ont \u00e9labor\u00e9 des projets \u00e0 cet effet. Parmi les 17 propositions re\u00e7ues, un jury compos\u00e9 de repr\u00e9sentants du D\u00e9partement de la justice et de la s\u00e9curit\u00e9, du D\u00e9partement des travaux publics et des transports, de l'architecte responsable du projet et de l'Ecole d'arts appliqu\u00e9s de B\u00e2le a \u00e9valu\u00e9 les projets et s\u00e9lectionn\u00e9 sept travaux. Ils ont \u00e9t\u00e9 mis en \u0153uvre ce printemps dans le cadre d'un projet de r\u00e9novation en cours (voir illustrations).<\/p>\n<p><strong>Commission pour la pr\u00e9vention de la torture inteventive<\/strong><\/p>\n<p>Le r\u00e9am\u00e9nagement a \u00e9t\u00e9 sugg\u00e9r\u00e9 par la Commission nationale de pr\u00e9vention de la torture. Apr\u00e8s sa visite de la maison d'arr\u00eat en 2011, elle a recommand\u00e9 d'apporter une touche de couleur aux murs en b\u00e9ton des cours de promenade, qui paraissent aust\u00e8res et nus.<\/p>\n<p>La prison pr\u00e9ventive de B\u00e2le-Ville compte 148 places, dont 32 dans la division pour femmes et 13 dans la division pour mineurs. 15 de ces places (division hommes) sont disponibles pour l'ex\u00e9cution des peines.<\/p>\n<p>Source : D\u00e9partement de la justice et de la s\u00e9curit\u00e9 de B\u00e2le-Ville<\/p>","protected":false},"excerpt":{"rendered":"<p>Die Spazierh\u00f6fe 1, 3 und 5 nach der Neugestaltung. Fotos: Martin Friedli, Basel Die sieben Spazierh\u00f6fe im Untersuchungsgef\u00e4ngnis Basel-Stadt \u2013 urspr\u00fcnglich in monotonem Betongrau \u2013 sind farblich aufgewertet worden. Lernende der Schule f\u00fcr Gestaltung Basel haben dazu Entw\u00fcrfe ausgearbeitet. Aus den 17 eingegangenen Vorschl\u00e4gen hat eine Jury aus Vertreterinnen und Vertretern des Justiz- und Sicherheitsdepartements, [&hellip;]<\/p>\n","protected":false},"author":1,"featured_media":2407,"comment_status":"open","ping_status":"open","sticky":false,"template":"","format":"standard","meta":{"_acf_changed":false,"pgc_sgb_lightbox_settings":"","footnotes":""},"categories":[1],"tags":[69],"class_list":["post-2404","post","type-post","status-publish","format-standard","has-post-thumbnail","hentry","category-allgemein","tag-justiz-polizei"],"acf":[],"hkrextid":null,"publication":null,"issue":null,"workflow":null,"startPage":null,"spitzmarke":null,"_posts_by_tag_page_fields":{"widget_title":"","widget_tags":""},"_at_widget":"1","_yoast_wpseo_primary_category":"","_yoast_wpseo_focuskw_text_input":"Gef\u00e4ngnisalltag","_yoast_wpseo_opengraph-image":"https:\/\/news.save.ch\/wp-content\/uploads\/2016\/12\/Farbtupfer-im-Gef\u00e4ngnisalltag1_sicherheitsforum.jpg","_yoast_wpseo_opengraph-description":"Der Gef\u00e4ngnisalltag ist grau. Etwas Farbe kann da wohl nicht schaden. Basel setzt bunte Akzente in den Spazierh\u00f6fen.","_yoast_wpseo_opengraph-title":"Farbtupfer im Gef\u00e4ngnisalltag","enclosure":null,"_yoast_wpseo_twitter-title":null,"_yoast_wpseo_twitter-description":null,"_yoast_wpseo_twitter-image":null,"_wp_old_slug":null,"_yoast_wpseo_title":null,"_yoast_wpseo_canonical":null,"yoast_head":"<!-- This site is optimized with the Yoast SEO plugin v27.5 - https:\/\/yoast.com\/product\/yoast-seo-wordpress\/ -->\n<title>Farbtupfer im Gef\u00e4ngnisalltag - Save<\/title>\n<meta name=\"description\" content=\"Der Gef\u00e4ngnisalltag ist grau. Etwas Farbe kann da wohl nicht schaden. Basel setzt bunte Akzente in den Spazierh\u00f6fen.\" \/>\n<meta name=\"robots\" content=\"index, follow, max-snippet:-1, max-image-preview:large, max-video-preview:-1\" \/>\n<link rel=\"canonical\" href=\"https:\/\/news.save.ch\/fr\/farbtupfer-im-gefaengnisalltag\/\" \/>\n<meta property=\"og:locale\" content=\"fr_FR\" \/>\n<meta property=\"og:type\" content=\"article\" \/>\n<meta property=\"og:title\" content=\"Farbtupfer im Gef\u00e4ngnisalltag\" \/>\n<meta property=\"og:description\" content=\"Der Gef\u00e4ngnisalltag ist grau. Etwas Farbe kann da wohl nicht schaden. Basel setzt bunte Akzente in den Spazierh\u00f6fen.\" \/>\n<meta property=\"og:url\" content=\"https:\/\/news.save.ch\/fr\/farbtupfer-im-gefaengnisalltag\/\" \/>\n<meta property=\"og:site_name\" content=\"Save\" \/>\n<meta property=\"article:published_time\" content=\"2016-08-10T07:53:42+00:00\" \/>\n<meta property=\"og:image\" content=\"https:\/\/news.save.ch\/wp-content\/uploads\/2016\/12\/Farbtupfer-im-Gef\u00e4ngnisalltag1_sicherheitsforum.jpg\" \/>\n<meta name=\"author\" content=\"admin\" \/>\n<meta name=\"twitter:card\" content=\"summary_large_image\" \/>\n<meta name=\"twitter:label1\" content=\"\u00c9crit par\" \/>\n\t<meta name=\"twitter:data1\" content=\"admin\" \/>\n\t<meta name=\"twitter:label2\" content=\"Dur\u00e9e de lecture estim\u00e9e\" \/>\n\t<meta name=\"twitter:data2\" content=\"1 minute\" \/>\n<script type=\"application\/ld+json\" class=\"yoast-schema-graph\">{\"@context\":\"https:\\\/\\\/schema.org\",\"@graph\":[{\"@type\":\"Article\",\"@id\":\"https:\\\/\\\/news.save.ch\\\/farbtupfer-im-gefaengnisalltag\\\/#article\",\"isPartOf\":{\"@id\":\"https:\\\/\\\/news.save.ch\\\/farbtupfer-im-gefaengnisalltag\\\/\"},\"author\":{\"name\":\"admin\",\"@id\":\"https:\\\/\\\/news.save.ch\\\/de\\\/#\\\/schema\\\/person\\\/d49e199490bad7c70d64b9ab51142f2b\"},\"headline\":\"Farbtupfer im Gef\u00e4ngnisalltag\",\"datePublished\":\"2016-08-10T07:53:42+00:00\",\"mainEntityOfPage\":{\"@id\":\"https:\\\/\\\/news.save.ch\\\/farbtupfer-im-gefaengnisalltag\\\/\"},\"wordCount\":178,\"commentCount\":0,\"publisher\":{\"@id\":\"https:\\\/\\\/news.save.ch\\\/de\\\/#organization\"},\"image\":{\"@id\":\"https:\\\/\\\/news.save.ch\\\/farbtupfer-im-gefaengnisalltag\\\/#primaryimage\"},\"thumbnailUrl\":\"https:\\\/\\\/news.save.ch\\\/wp-content\\\/uploads\\\/2016\\\/12\\\/Farbtupfer-im-Gefaengnisalltag1_sicherheitsforum.jpg\",\"keywords\":[\"Justiz &amp; Polizei\"],\"articleSection\":[\"ALLGEMEIN\"],\"inLanguage\":\"fr-FR\"},{\"@type\":\"WebPage\",\"@id\":\"https:\\\/\\\/news.save.ch\\\/farbtupfer-im-gefaengnisalltag\\\/\",\"url\":\"https:\\\/\\\/news.save.ch\\\/farbtupfer-im-gefaengnisalltag\\\/\",\"name\":\"Farbtupfer im Gef\u00e4ngnisalltag - Save\",\"isPartOf\":{\"@id\":\"https:\\\/\\\/news.save.ch\\\/de\\\/#website\"},\"primaryImageOfPage\":{\"@id\":\"https:\\\/\\\/news.save.ch\\\/farbtupfer-im-gefaengnisalltag\\\/#primaryimage\"},\"image\":{\"@id\":\"https:\\\/\\\/news.save.ch\\\/farbtupfer-im-gefaengnisalltag\\\/#primaryimage\"},\"thumbnailUrl\":\"https:\\\/\\\/news.save.ch\\\/wp-content\\\/uploads\\\/2016\\\/12\\\/Farbtupfer-im-Gefaengnisalltag1_sicherheitsforum.jpg\",\"datePublished\":\"2016-08-10T07:53:42+00:00\",\"description\":\"Der Gef\u00e4ngnisalltag ist grau. Etwas Farbe kann da wohl nicht schaden. Basel setzt bunte Akzente in den Spazierh\u00f6fen.\",\"breadcrumb\":{\"@id\":\"https:\\\/\\\/news.save.ch\\\/farbtupfer-im-gefaengnisalltag\\\/#breadcrumb\"},\"inLanguage\":\"fr-FR\",\"potentialAction\":[{\"@type\":\"ReadAction\",\"target\":[\"https:\\\/\\\/news.save.ch\\\/farbtupfer-im-gefaengnisalltag\\\/\"]}]},{\"@type\":\"ImageObject\",\"inLanguage\":\"fr-FR\",\"@id\":\"https:\\\/\\\/news.save.ch\\\/farbtupfer-im-gefaengnisalltag\\\/#primaryimage\",\"url\":\"https:\\\/\\\/news.save.ch\\\/wp-content\\\/uploads\\\/2016\\\/12\\\/Farbtupfer-im-Gefaengnisalltag1_sicherheitsforum.jpg\",\"contentUrl\":\"https:\\\/\\\/news.save.ch\\\/wp-content\\\/uploads\\\/2016\\\/12\\\/Farbtupfer-im-Gefaengnisalltag1_sicherheitsforum.jpg\",\"width\":798,\"height\":532},{\"@type\":\"BreadcrumbList\",\"@id\":\"https:\\\/\\\/news.save.ch\\\/farbtupfer-im-gefaengnisalltag\\\/#breadcrumb\",\"itemListElement\":[{\"@type\":\"ListItem\",\"position\":1,\"name\":\"Home\",\"item\":\"https:\\\/\\\/news.save.ch\\\/de\\\/\"},{\"@type\":\"ListItem\",\"position\":2,\"name\":\"Farbtupfer im Gef\u00e4ngnisalltag\"}]},{\"@type\":\"WebSite\",\"@id\":\"https:\\\/\\\/news.save.ch\\\/de\\\/#website\",\"url\":\"https:\\\/\\\/news.save.ch\\\/de\\\/\",\"name\":\"Save\",\"description\":\"Schweizer Fachzeitschrift f\u00fcr Sicherheit\",\"publisher\":{\"@id\":\"https:\\\/\\\/news.save.ch\\\/de\\\/#organization\"},\"potentialAction\":[{\"@type\":\"SearchAction\",\"target\":{\"@type\":\"EntryPoint\",\"urlTemplate\":\"https:\\\/\\\/news.save.ch\\\/de\\\/?s={search_term_string}\"},\"query-input\":{\"@type\":\"PropertyValueSpecification\",\"valueRequired\":true,\"valueName\":\"search_term_string\"}}],\"inLanguage\":\"fr-FR\"},{\"@type\":\"Organization\",\"@id\":\"https:\\\/\\\/news.save.ch\\\/de\\\/#organization\",\"name\":\"Sicherheitsforum\",\"url\":\"https:\\\/\\\/news.save.ch\\\/de\\\/\",\"logo\":{\"@type\":\"ImageObject\",\"inLanguage\":\"fr-FR\",\"@id\":\"https:\\\/\\\/news.save.ch\\\/de\\\/#\\\/schema\\\/logo\\\/image\\\/\",\"url\":\"https:\\\/\\\/news.save.ch\\\/wp-content\\\/uploads\\\/2022\\\/06\\\/Logo_SF_2012.png\",\"contentUrl\":\"https:\\\/\\\/news.save.ch\\\/wp-content\\\/uploads\\\/2022\\\/06\\\/Logo_SF_2012.png\",\"width\":1100,\"height\":91,\"caption\":\"Sicherheitsforum\"},\"image\":{\"@id\":\"https:\\\/\\\/news.save.ch\\\/de\\\/#\\\/schema\\\/logo\\\/image\\\/\"}},{\"@type\":\"Person\",\"@id\":\"https:\\\/\\\/news.save.ch\\\/de\\\/#\\\/schema\\\/person\\\/d49e199490bad7c70d64b9ab51142f2b\",\"name\":\"admin\",\"image\":{\"@type\":\"ImageObject\",\"inLanguage\":\"fr-FR\",\"@id\":\"https:\\\/\\\/secure.gravatar.com\\\/avatar\\\/ae2f4d718e6c49043e314ce431e7e645d646302a24a5ef5a8bc8e3f5a032e319?s=96&d=mm&r=g\",\"url\":\"https:\\\/\\\/secure.gravatar.com\\\/avatar\\\/ae2f4d718e6c49043e314ce431e7e645d646302a24a5ef5a8bc8e3f5a032e319?s=96&d=mm&r=g\",\"contentUrl\":\"https:\\\/\\\/secure.gravatar.com\\\/avatar\\\/ae2f4d718e6c49043e314ce431e7e645d646302a24a5ef5a8bc8e3f5a032e319?s=96&d=mm&r=g\",\"caption\":\"admin\"},\"sameAs\":[\"https:\\\/\\\/develop.organisator.galledia.ch\"],\"url\":\"https:\\\/\\\/news.save.ch\\\/fr\\\/author\\\/admin\\\/\"}]}<\/script>\n<!-- \/ Yoast SEO plugin. -->","yoast_head_json":{"title":"Une touche de couleur dans le quotidien de la prison - Save","description":"Le quotidien en prison est gris. Un peu de couleur ne peut pas faire de mal. B\u00e2le met des accents color\u00e9s dans les cours de promenade.","robots":{"index":"index","follow":"follow","max-snippet":"max-snippet:-1","max-image-preview":"max-image-preview:large","max-video-preview":"max-video-preview:-1"},"canonical":"https:\/\/news.save.ch\/fr\/farbtupfer-im-gefaengnisalltag\/","og_locale":"fr_FR","og_type":"article","og_title":"Farbtupfer im Gef\u00e4ngnisalltag","og_description":"Der Gef\u00e4ngnisalltag ist grau. Etwas Farbe kann da wohl nicht schaden. Basel setzt bunte Akzente in den Spazierh\u00f6fen.","og_url":"https:\/\/news.save.ch\/fr\/farbtupfer-im-gefaengnisalltag\/","og_site_name":"Save","article_published_time":"2016-08-10T07:53:42+00:00","og_image":[{"url":"https:\/\/news.save.ch\/wp-content\/uploads\/2016\/12\/Farbtupfer-im-Gef\u00e4ngnisalltag1_sicherheitsforum.jpg","type":"","width":"","height":""}],"author":"admin","twitter_card":"summary_large_image","twitter_misc":{"\u00c9crit par":"admin","Dur\u00e9e de lecture estim\u00e9e":"1 minute"},"schema":{"@context":"https:\/\/schema.org","@graph":[{"@type":"Article","@id":"https:\/\/news.save.ch\/farbtupfer-im-gefaengnisalltag\/#article","isPartOf":{"@id":"https:\/\/news.save.ch\/farbtupfer-im-gefaengnisalltag\/"},"author":{"name":"admin","@id":"https:\/\/news.save.ch\/de\/#\/schema\/person\/d49e199490bad7c70d64b9ab51142f2b"},"headline":"Farbtupfer im Gef\u00e4ngnisalltag","datePublished":"2016-08-10T07:53:42+00:00","mainEntityOfPage":{"@id":"https:\/\/news.save.ch\/farbtupfer-im-gefaengnisalltag\/"},"wordCount":178,"commentCount":0,"publisher":{"@id":"https:\/\/news.save.ch\/de\/#organization"},"image":{"@id":"https:\/\/news.save.ch\/farbtupfer-im-gefaengnisalltag\/#primaryimage"},"thumbnailUrl":"https:\/\/news.save.ch\/wp-content\/uploads\/2016\/12\/Farbtupfer-im-Gefaengnisalltag1_sicherheitsforum.jpg","keywords":["Justiz &amp; Polizei"],"articleSection":["ALLGEMEIN"],"inLanguage":"fr-FR"},{"@type":"WebPage","@id":"https:\/\/news.save.ch\/farbtupfer-im-gefaengnisalltag\/","url":"https:\/\/news.save.ch\/farbtupfer-im-gefaengnisalltag\/","name":"Une touche de couleur dans le quotidien de la prison - Save","isPartOf":{"@id":"https:\/\/news.save.ch\/de\/#website"},"primaryImageOfPage":{"@id":"https:\/\/news.save.ch\/farbtupfer-im-gefaengnisalltag\/#primaryimage"},"image":{"@id":"https:\/\/news.save.ch\/farbtupfer-im-gefaengnisalltag\/#primaryimage"},"thumbnailUrl":"https:\/\/news.save.ch\/wp-content\/uploads\/2016\/12\/Farbtupfer-im-Gefaengnisalltag1_sicherheitsforum.jpg","datePublished":"2016-08-10T07:53:42+00:00","description":"Le quotidien en prison est gris. Un peu de couleur ne peut pas faire de mal. B\u00e2le met des accents color\u00e9s dans les cours de promenade.","breadcrumb":{"@id":"https:\/\/news.save.ch\/farbtupfer-im-gefaengnisalltag\/#breadcrumb"},"inLanguage":"fr-FR","potentialAction":[{"@type":"ReadAction","target":["https:\/\/news.save.ch\/farbtupfer-im-gefaengnisalltag\/"]}]},{"@type":"ImageObject","inLanguage":"fr-FR","@id":"https:\/\/news.save.ch\/farbtupfer-im-gefaengnisalltag\/#primaryimage","url":"https:\/\/news.save.ch\/wp-content\/uploads\/2016\/12\/Farbtupfer-im-Gefaengnisalltag1_sicherheitsforum.jpg","contentUrl":"https:\/\/news.save.ch\/wp-content\/uploads\/2016\/12\/Farbtupfer-im-Gefaengnisalltag1_sicherheitsforum.jpg","width":798,"height":532},{"@type":"BreadcrumbList","@id":"https:\/\/news.save.ch\/farbtupfer-im-gefaengnisalltag\/#breadcrumb","itemListElement":[{"@type":"ListItem","position":1,"name":"Home","item":"https:\/\/news.save.ch\/de\/"},{"@type":"ListItem","position":2,"name":"Farbtupfer im Gef\u00e4ngnisalltag"}]},{"@type":"WebSite","@id":"https:\/\/news.save.ch\/de\/#website","url":"https:\/\/news.save.ch\/de\/","name":"Save","description":"Revue suisse sp\u00e9cialis\u00e9e dans la s\u00e9curit\u00e9","publisher":{"@id":"https:\/\/news.save.ch\/de\/#organization"},"potentialAction":[{"@type":"SearchAction","target":{"@type":"EntryPoint","urlTemplate":"https:\/\/news.save.ch\/de\/?s={search_term_string}"},"query-input":{"@type":"PropertyValueSpecification","valueRequired":true,"valueName":"search_term_string"}}],"inLanguage":"fr-FR"},{"@type":"Organization","@id":"https:\/\/news.save.ch\/de\/#organization","name":"Forum sur la s\u00e9curit\u00e9","url":"https:\/\/news.save.ch\/de\/","logo":{"@type":"ImageObject","inLanguage":"fr-FR","@id":"https:\/\/news.save.ch\/de\/#\/schema\/logo\/image\/","url":"https:\/\/news.save.ch\/wp-content\/uploads\/2022\/06\/Logo_SF_2012.png","contentUrl":"https:\/\/news.save.ch\/wp-content\/uploads\/2022\/06\/Logo_SF_2012.png","width":1100,"height":91,"caption":"Sicherheitsforum"},"image":{"@id":"https:\/\/news.save.ch\/de\/#\/schema\/logo\/image\/"}},{"@type":"Person","@id":"https:\/\/news.save.ch\/de\/#\/schema\/person\/d49e199490bad7c70d64b9ab51142f2b","name":"admin","image":{"@type":"ImageObject","inLanguage":"fr-FR","@id":"https:\/\/secure.gravatar.com\/avatar\/ae2f4d718e6c49043e314ce431e7e645d646302a24a5ef5a8bc8e3f5a032e319?s=96&d=mm&r=g","url":"https:\/\/secure.gravatar.com\/avatar\/ae2f4d718e6c49043e314ce431e7e645d646302a24a5ef5a8bc8e3f5a032e319?s=96&d=mm&r=g","contentUrl":"https:\/\/secure.gravatar.com\/avatar\/ae2f4d718e6c49043e314ce431e7e645d646302a24a5ef5a8bc8e3f5a032e319?s=96&d=mm&r=g","caption":"admin"},"sameAs":["https:\/\/develop.organisator.galledia.ch"],"url":"https:\/\/news.save.ch\/fr\/author\/admin\/"}]}},"_links":{"self":[{"href":"https:\/\/news.save.ch\/fr\/wp-json\/wp\/v2\/posts\/2404","targetHints":{"allow":["GET"]}}],"collection":[{"href":"https:\/\/news.save.ch\/fr\/wp-json\/wp\/v2\/posts"}],"about":[{"href":"https:\/\/news.save.ch\/fr\/wp-json\/wp\/v2\/types\/post"}],"author":[{"embeddable":true,"href":"https:\/\/news.save.ch\/fr\/wp-json\/wp\/v2\/users\/1"}],"replies":[{"embeddable":true,"href":"https:\/\/news.save.ch\/fr\/wp-json\/wp\/v2\/comments?post=2404"}],"version-history":[{"count":0,"href":"https:\/\/news.save.ch\/fr\/wp-json\/wp\/v2\/posts\/2404\/revisions"}],"wp:featuredmedia":[{"embeddable":true,"href":"https:\/\/news.save.ch\/fr\/wp-json\/wp\/v2\/media\/2407"}],"wp:attachment":[{"href":"https:\/\/news.save.ch\/fr\/wp-json\/wp\/v2\/media?parent=2404"}],"wp:term":[{"taxonomy":"category","embeddable":true,"href":"https:\/\/news.save.ch\/fr\/wp-json\/wp\/v2\/categories?post=2404"},{"taxonomy":"post_tag","embeddable":true,"href":"https:\/\/news.save.ch\/fr\/wp-json\/wp\/v2\/tags?post=2404"}],"curies":[{"name":"wp","href":"https:\/\/api.w.org\/{rel}","templated":true}]}}