{"id":24045,"date":"2025-02-27T07:51:47","date_gmt":"2025-02-27T06:51:47","guid":{"rendered":"https:\/\/news.save.ch\/?p=24045"},"modified":"2025-03-03T07:59:08","modified_gmt":"2025-03-03T06:59:08","slug":"praevention-am-arbeitsplatz-bag-muss-sparen","status":null,"type":"post","link":"https:\/\/news.save.ch\/fr\/praevention-am-arbeitsplatz-bag-muss-sparen\/","title":{"rendered":"Pr\u00e9vention sur le lieu de travail : l'OFSP doit faire des \u00e9conomies"},"content":{"rendered":"<figure id=\"attachment_24046\" aria-describedby=\"caption-attachment-24046\" style=\"width: 1000px\" class=\"wp-caption alignnone\"><a href=\"https:\/\/news.save.ch\/fr\/praevention-am-arbeitsplatz-bag-muss-sparen\/depositphotos_116043206_s\/\" rel=\"attachment wp-att-24046\"><img loading=\"lazy\" decoding=\"async\" class=\"size-full wp-image-24046\" src=\"https:\/\/news.save.ch\/wp-content\/uploads\/2025\/03\/Depositphotos_116043206_S.jpg\" alt=\"\" width=\"1000\" height=\"667\" srcset=\"https:\/\/news.save.ch\/wp-content\/uploads\/2025\/03\/Depositphotos_116043206_S.jpg 1000w, https:\/\/news.save.ch\/wp-content\/uploads\/2025\/03\/Depositphotos_116043206_S-680x454.jpg 680w, https:\/\/news.save.ch\/wp-content\/uploads\/2025\/03\/Depositphotos_116043206_S-768x512.jpg 768w, https:\/\/news.save.ch\/wp-content\/uploads\/2025\/03\/Depositphotos_116043206_S-18x12.jpg 18w, https:\/\/news.save.ch\/wp-content\/uploads\/2025\/03\/Depositphotos_116043206_S-375x250.jpg 375w, https:\/\/news.save.ch\/wp-content\/uploads\/2025\/03\/Depositphotos_116043206_S-525x350.jpg 525w\" sizes=\"auto, (max-width: 1000px) 100vw, 1000px\" \/><\/a><figcaption id=\"caption-attachment-24046\" class=\"wp-caption-text\">Photo : Depositphotos\/grapix<\/figcaption><\/figure>\n<p>Lors de la mise en \u0153uvre, il sera veill\u00e9 \u00e0 ce que les travaux et les prestations de base dans les domaines strat\u00e9giques importants, tels que la num\u00e9risation, la ma\u00eetrise des co\u00fbts et la s\u00e9curit\u00e9 de l'approvisionnement, ainsi que la surveillance et la lutte contre les maladies transmissibles, puissent \u00eatre poursuivis. Toutefois, \u00e0 partir de 2026, l'OFSP ne pourra plus assumer certaines t\u00e2ches que de mani\u00e8re r\u00e9duite ou devra les abandonner.<\/p>\n<p>Ces derniers mois, le Conseil f\u00e9d\u00e9ral et le Parlement ont pris plusieurs d\u00e9cisions d'\u00e9conomie qui entra\u00eenent des coupes directes dans le budget de l'OFSP. De plus, des ressources temporaires attribu\u00e9es \u00e0 l'OFSP arrivent \u00e0 \u00e9ch\u00e9ance cette ann\u00e9e, par exemple celles destin\u00e9es \u00e0 am\u00e9liorer les syst\u00e8mes de surveillance et de lutte contre les maladies transmissibles. La poursuite de ces ressources n\u00e9cessite un financement ad\u00e9quat. Ces derni\u00e8res ann\u00e9es, l'OFSP s'est vu confier de nouvelles t\u00e2ches sans disposer des ressources n\u00e9cessaires, notamment en ce qui concerne la s\u00e9curit\u00e9 de l'approvisionnement. Les moyens n\u00e9cessaires pour ces domaines strat\u00e9giques importants doivent donc \u00eatre redistribu\u00e9s en interne. Il en r\u00e9sulte que l'OFSP ne peut plus assumer d'autres t\u00e2ches que de mani\u00e8re r\u00e9duite ou doit les abandonner.<\/p>\n<p>Pour pouvoir malgr\u00e9 tout assumer les domaines d'importance strat\u00e9gique et les t\u00e2ches et projets de loi nouvellement attribu\u00e9s \u00e0 l'OFSP ainsi que les travaux de mise en \u0153uvre des initiatives populaires, des coupes seront donc effectu\u00e9es ailleurs. Elles s'\u00e9l\u00e8veront au total \u00e0 11 millions de francs par an \u00e0 partir de 2026. Ces coupes touchent diff\u00e9rents domaines gr\u00e2ce auxquels l'OFSP a pu jusqu'\u00e0 pr\u00e9sent apporter une contribution importante au renforcement de la sant\u00e9 publique.<\/p>\n<p>L'abandon de t\u00e2ches concerne par exemple la banque de donn\u00e9es sur les m\u00e9dicaments p\u00e9diatriques (SwissPedDose), la poursuite du Masterplan Recherche biom\u00e9dicale, la pr\u00e9vention sur le lieu de travail, la pr\u00e9vention dans les soins de sant\u00e9 et l'\u00e9galit\u00e9 des chances en mati\u00e8re de sant\u00e9.<\/p>\n<p>Des r\u00e9ductions ont lieu, par exemple, dans le domaine de la radioprotection et des produits chimiques ainsi que dans le domaine de l'assurance maladie et accidents lors de l'examen des prestations existantes avec le programme d'\u00e9valuation des technologies de la sant\u00e9 (HTA) ainsi que lors de l'examen des m\u00e9dicaments et de l'admission de nouvelles prestations. D'autres r\u00e9ductions interviennent dans la mise en \u0153uvre des strat\u00e9gies nationales relatives aux infections nosocomiales et aux infections des \u00e9tablissements de soins (NOSO), aux vaccinations (NSI) et aux maladies sexuellement transmissibles (NAPS), y compris la campagne LOVE LIFE.<\/p>\n<p>L'abandon de certaines t\u00e2ches entra\u00eene une suppression de postes de 19,5 \u00e9quivalents temps plein (ETP), ce qui implique dans certains cas des licenciements. En cons\u00e9quence, il est important pour l'OFSP de mettre en \u0153uvre les suppressions de postes de la mani\u00e8re la plus socialement acceptable possible, au moyen d'un plan social.<\/p>\n<p>Le D\u00e9partement f\u00e9d\u00e9ral de l'int\u00e9rieur (DFI) a inform\u00e9 le Conseil f\u00e9d\u00e9ral de la mise en \u0153uvre, l'OFSP les collaborateurs concern\u00e9s ainsi que les partenaires sociaux.<\/p>\n<p><em>Source : OFSP<\/em><\/p>","protected":false},"excerpt":{"rendered":"<p>Bei der Umsetzung wird darauf geachtet, die Arbeiten und Grundleistungen f\u00fcr strategisch wichtige Bereiche weiter zu erm\u00f6glichen, wie der Digitalisierung, der Kostend\u00e4mpfung und der Versorgungssicherheit, sowie der \u00dcberwachung und Bek\u00e4mpfung \u00fcbertragbarer Krankheiten. Gewisse Aufgaben kann das BAG ab 2026 indes nur noch reduziert wahrnehmen oder muss sie aufgeben. Bundesrat und Parlament haben in den letzten [&hellip;]<\/p>\n","protected":false},"author":31,"featured_media":0,"comment_status":"closed","ping_status":"closed","sticky":false,"template":"","format":"standard","meta":{"_acf_changed":false,"pgc_sgb_lightbox_settings":"","footnotes":""},"categories":[3314],"tags":[700,3977,6569],"class_list":["post-24045","post","type-post","status-publish","format-standard","hentry","category-health-safety","tag-bag","tag-bundesamt-fuer-gesundheit-bag","tag-praevention-am-arbeitsplatz"],"acf":[],"hkrextid":null,"publication":null,"issue":null,"workflow":null,"startPage":null,"spitzmarke":null,"_posts_by_tag_page_fields":null,"_at_widget":null,"_yoast_wpseo_primary_category":"3314","_yoast_wpseo_focuskw_text_input":null,"_yoast_wpseo_opengraph-image":null,"_yoast_wpseo_opengraph-description":null,"_yoast_wpseo_opengraph-title":null,"enclosure":null,"_yoast_wpseo_twitter-title":null,"_yoast_wpseo_twitter-description":null,"_yoast_wpseo_twitter-image":null,"_wp_old_slug":null,"_yoast_wpseo_title":null,"_yoast_wpseo_canonical":null,"yoast_head":"<!-- This site is optimized with the Yoast SEO plugin v27.5 - https:\/\/yoast.com\/product\/yoast-seo-wordpress\/ -->\n<title>Pr\u00e4vention am Arbeitsplatz: BAG muss sparen - Save<\/title>\n<meta name=\"description\" content=\"Das BAG muss Geld sparen und k\u00fcrzt unter anderem bei der Pr\u00e4vention am Arbeitsplatz.\" \/>\n<meta name=\"robots\" content=\"index, follow, max-snippet:-1, max-image-preview:large, max-video-preview:-1\" \/>\n<link rel=\"canonical\" href=\"https:\/\/news.save.ch\/fr\/praevention-am-arbeitsplatz-bag-muss-sparen\/\" \/>\n<meta property=\"og:locale\" content=\"fr_FR\" \/>\n<meta property=\"og:type\" content=\"article\" \/>\n<meta property=\"og:title\" content=\"Pr\u00e4vention am Arbeitsplatz: BAG muss sparen - Save\" \/>\n<meta property=\"og:description\" content=\"Das BAG muss Geld sparen und k\u00fcrzt unter anderem bei der Pr\u00e4vention am Arbeitsplatz.\" \/>\n<meta property=\"og:url\" content=\"https:\/\/news.save.ch\/fr\/praevention-am-arbeitsplatz-bag-muss-sparen\/\" \/>\n<meta property=\"og:site_name\" content=\"Save\" \/>\n<meta property=\"article:published_time\" content=\"2025-02-27T06:51:47+00:00\" \/>\n<meta property=\"article:modified_time\" content=\"2025-03-03T06:59:08+00:00\" \/>\n<meta property=\"og:image\" content=\"https:\/\/news.save.ch\/wp-content\/uploads\/2025\/03\/Depositphotos_116043206_S.jpg\" \/>\n\t<meta property=\"og:image:width\" content=\"1000\" \/>\n\t<meta property=\"og:image:height\" content=\"667\" \/>\n\t<meta property=\"og:image:type\" content=\"image\/jpeg\" \/>\n<meta name=\"author\" content=\"stefanie Zeng\" \/>\n<meta name=\"twitter:card\" content=\"summary_large_image\" \/>\n<meta name=\"twitter:label1\" content=\"\u00c9crit par\" \/>\n\t<meta name=\"twitter:data1\" content=\"stefanie Zeng\" \/>\n\t<meta name=\"twitter:label2\" content=\"Dur\u00e9e de lecture estim\u00e9e\" \/>\n\t<meta name=\"twitter:data2\" content=\"3 minutes\" \/>\n<script type=\"application\/ld+json\" class=\"yoast-schema-graph\">{\"@context\":\"https:\\\/\\\/schema.org\",\"@graph\":[{\"@type\":\"Article\",\"@id\":\"https:\\\/\\\/news.save.ch\\\/praevention-am-arbeitsplatz-bag-muss-sparen\\\/#article\",\"isPartOf\":{\"@id\":\"https:\\\/\\\/news.save.ch\\\/praevention-am-arbeitsplatz-bag-muss-sparen\\\/\"},\"author\":{\"name\":\"stefanie Zeng\",\"@id\":\"https:\\\/\\\/news.save.ch\\\/de\\\/#\\\/schema\\\/person\\\/10917387362b3961e882740f6cf6f2a2\"},\"headline\":\"Pr\u00e4vention am Arbeitsplatz: BAG muss sparen\",\"datePublished\":\"2025-02-27T06:51:47+00:00\",\"dateModified\":\"2025-03-03T06:59:08+00:00\",\"mainEntityOfPage\":{\"@id\":\"https:\\\/\\\/news.save.ch\\\/praevention-am-arbeitsplatz-bag-muss-sparen\\\/\"},\"wordCount\":419,\"publisher\":{\"@id\":\"https:\\\/\\\/news.save.ch\\\/de\\\/#organization\"},\"image\":{\"@id\":\"https:\\\/\\\/news.save.ch\\\/praevention-am-arbeitsplatz-bag-muss-sparen\\\/#primaryimage\"},\"thumbnailUrl\":\"https:\\\/\\\/news.save.ch\\\/wp-content\\\/uploads\\\/2025\\\/03\\\/Depositphotos_116043206_S.jpg\",\"keywords\":[\"BAG\",\"Bundesamt f\u00fcr Gesundheit (BAG)\",\"Pr\u00e4vention am Arbeitsplatz\"],\"articleSection\":[\"HEALTH &amp; SAFETY\"],\"inLanguage\":\"fr-FR\"},{\"@type\":\"WebPage\",\"@id\":\"https:\\\/\\\/news.save.ch\\\/praevention-am-arbeitsplatz-bag-muss-sparen\\\/\",\"url\":\"https:\\\/\\\/news.save.ch\\\/praevention-am-arbeitsplatz-bag-muss-sparen\\\/\",\"name\":\"Pr\u00e4vention am Arbeitsplatz: BAG muss sparen - Save\",\"isPartOf\":{\"@id\":\"https:\\\/\\\/news.save.ch\\\/de\\\/#website\"},\"primaryImageOfPage\":{\"@id\":\"https:\\\/\\\/news.save.ch\\\/praevention-am-arbeitsplatz-bag-muss-sparen\\\/#primaryimage\"},\"image\":{\"@id\":\"https:\\\/\\\/news.save.ch\\\/praevention-am-arbeitsplatz-bag-muss-sparen\\\/#primaryimage\"},\"thumbnailUrl\":\"https:\\\/\\\/news.save.ch\\\/wp-content\\\/uploads\\\/2025\\\/03\\\/Depositphotos_116043206_S.jpg\",\"datePublished\":\"2025-02-27T06:51:47+00:00\",\"dateModified\":\"2025-03-03T06:59:08+00:00\",\"description\":\"Das BAG muss Geld sparen und k\u00fcrzt unter anderem bei der Pr\u00e4vention am Arbeitsplatz.\",\"breadcrumb\":{\"@id\":\"https:\\\/\\\/news.save.ch\\\/praevention-am-arbeitsplatz-bag-muss-sparen\\\/#breadcrumb\"},\"inLanguage\":\"fr-FR\",\"potentialAction\":[{\"@type\":\"ReadAction\",\"target\":[\"https:\\\/\\\/news.save.ch\\\/praevention-am-arbeitsplatz-bag-muss-sparen\\\/\"]}]},{\"@type\":\"ImageObject\",\"inLanguage\":\"fr-FR\",\"@id\":\"https:\\\/\\\/news.save.ch\\\/praevention-am-arbeitsplatz-bag-muss-sparen\\\/#primaryimage\",\"url\":\"https:\\\/\\\/news.save.ch\\\/wp-content\\\/uploads\\\/2025\\\/03\\\/Depositphotos_116043206_S.jpg\",\"contentUrl\":\"https:\\\/\\\/news.save.ch\\\/wp-content\\\/uploads\\\/2025\\\/03\\\/Depositphotos_116043206_S.jpg\"},{\"@type\":\"BreadcrumbList\",\"@id\":\"https:\\\/\\\/news.save.ch\\\/praevention-am-arbeitsplatz-bag-muss-sparen\\\/#breadcrumb\",\"itemListElement\":[{\"@type\":\"ListItem\",\"position\":1,\"name\":\"Home\",\"item\":\"https:\\\/\\\/news.save.ch\\\/de\\\/\"},{\"@type\":\"ListItem\",\"position\":2,\"name\":\"Pr\u00e4vention am Arbeitsplatz: BAG muss sparen\"}]},{\"@type\":\"WebSite\",\"@id\":\"https:\\\/\\\/news.save.ch\\\/de\\\/#website\",\"url\":\"https:\\\/\\\/news.save.ch\\\/de\\\/\",\"name\":\"Save\",\"description\":\"Schweizer Fachzeitschrift f\u00fcr Sicherheit\",\"publisher\":{\"@id\":\"https:\\\/\\\/news.save.ch\\\/de\\\/#organization\"},\"potentialAction\":[{\"@type\":\"SearchAction\",\"target\":{\"@type\":\"EntryPoint\",\"urlTemplate\":\"https:\\\/\\\/news.save.ch\\\/de\\\/?s={search_term_string}\"},\"query-input\":{\"@type\":\"PropertyValueSpecification\",\"valueRequired\":true,\"valueName\":\"search_term_string\"}}],\"inLanguage\":\"fr-FR\"},{\"@type\":\"Organization\",\"@id\":\"https:\\\/\\\/news.save.ch\\\/de\\\/#organization\",\"name\":\"Sicherheitsforum\",\"url\":\"https:\\\/\\\/news.save.ch\\\/de\\\/\",\"logo\":{\"@type\":\"ImageObject\",\"inLanguage\":\"fr-FR\",\"@id\":\"https:\\\/\\\/news.save.ch\\\/de\\\/#\\\/schema\\\/logo\\\/image\\\/\",\"url\":\"https:\\\/\\\/news.save.ch\\\/wp-content\\\/uploads\\\/2022\\\/06\\\/Logo_SF_2012.png\",\"contentUrl\":\"https:\\\/\\\/news.save.ch\\\/wp-content\\\/uploads\\\/2022\\\/06\\\/Logo_SF_2012.png\",\"width\":1100,\"height\":91,\"caption\":\"Sicherheitsforum\"},\"image\":{\"@id\":\"https:\\\/\\\/news.save.ch\\\/de\\\/#\\\/schema\\\/logo\\\/image\\\/\"}},{\"@type\":\"Person\",\"@id\":\"https:\\\/\\\/news.save.ch\\\/de\\\/#\\\/schema\\\/person\\\/10917387362b3961e882740f6cf6f2a2\",\"name\":\"stefanie Zeng\",\"image\":{\"@type\":\"ImageObject\",\"inLanguage\":\"fr-FR\",\"@id\":\"https:\\\/\\\/secure.gravatar.com\\\/avatar\\\/eac43faa6e40bb2c41068c95c9d78bbd94c476d5efdff7abaab80bb3ea681e06?s=96&d=mm&r=g\",\"url\":\"https:\\\/\\\/secure.gravatar.com\\\/avatar\\\/eac43faa6e40bb2c41068c95c9d78bbd94c476d5efdff7abaab80bb3ea681e06?s=96&d=mm&r=g\",\"contentUrl\":\"https:\\\/\\\/secure.gravatar.com\\\/avatar\\\/eac43faa6e40bb2c41068c95c9d78bbd94c476d5efdff7abaab80bb3ea681e06?s=96&d=mm&r=g\",\"caption\":\"stefanie Zeng\"},\"url\":\"https:\\\/\\\/news.save.ch\\\/fr\\\/author\\\/stefanie-zeng\\\/\"}]}<\/script>\n<!-- \/ Yoast SEO plugin. -->","yoast_head_json":{"title":"Pr\u00e9vention sur le lieu de travail : l'OFSP doit faire des \u00e9conomies - Save","description":"L'OFSP doit \u00e9conomiser de l'argent et coupe notamment dans la pr\u00e9vention sur le lieu de travail.","robots":{"index":"index","follow":"follow","max-snippet":"max-snippet:-1","max-image-preview":"max-image-preview:large","max-video-preview":"max-video-preview:-1"},"canonical":"https:\/\/news.save.ch\/fr\/praevention-am-arbeitsplatz-bag-muss-sparen\/","og_locale":"fr_FR","og_type":"article","og_title":"Pr\u00e4vention am Arbeitsplatz: BAG muss sparen - Save","og_description":"Das BAG muss Geld sparen und k\u00fcrzt unter anderem bei der Pr\u00e4vention am Arbeitsplatz.","og_url":"https:\/\/news.save.ch\/fr\/praevention-am-arbeitsplatz-bag-muss-sparen\/","og_site_name":"Save","article_published_time":"2025-02-27T06:51:47+00:00","article_modified_time":"2025-03-03T06:59:08+00:00","og_image":[{"width":1000,"height":667,"url":"https:\/\/news.save.ch\/wp-content\/uploads\/2025\/03\/Depositphotos_116043206_S.jpg","type":"image\/jpeg"}],"author":"stefanie Zeng","twitter_card":"summary_large_image","twitter_misc":{"\u00c9crit par":"stefanie Zeng","Dur\u00e9e de lecture estim\u00e9e":"3 minutes"},"schema":{"@context":"https:\/\/schema.org","@graph":[{"@type":"Article","@id":"https:\/\/news.save.ch\/praevention-am-arbeitsplatz-bag-muss-sparen\/#article","isPartOf":{"@id":"https:\/\/news.save.ch\/praevention-am-arbeitsplatz-bag-muss-sparen\/"},"author":{"name":"stefanie Zeng","@id":"https:\/\/news.save.ch\/de\/#\/schema\/person\/10917387362b3961e882740f6cf6f2a2"},"headline":"Pr\u00e4vention am Arbeitsplatz: BAG muss sparen","datePublished":"2025-02-27T06:51:47+00:00","dateModified":"2025-03-03T06:59:08+00:00","mainEntityOfPage":{"@id":"https:\/\/news.save.ch\/praevention-am-arbeitsplatz-bag-muss-sparen\/"},"wordCount":419,"publisher":{"@id":"https:\/\/news.save.ch\/de\/#organization"},"image":{"@id":"https:\/\/news.save.ch\/praevention-am-arbeitsplatz-bag-muss-sparen\/#primaryimage"},"thumbnailUrl":"https:\/\/news.save.ch\/wp-content\/uploads\/2025\/03\/Depositphotos_116043206_S.jpg","keywords":["BAG","Bundesamt f\u00fcr Gesundheit (BAG)","Pr\u00e4vention am Arbeitsplatz"],"articleSection":["HEALTH &amp; SAFETY"],"inLanguage":"fr-FR"},{"@type":"WebPage","@id":"https:\/\/news.save.ch\/praevention-am-arbeitsplatz-bag-muss-sparen\/","url":"https:\/\/news.save.ch\/praevention-am-arbeitsplatz-bag-muss-sparen\/","name":"Pr\u00e9vention sur le lieu de travail : l'OFSP doit faire des \u00e9conomies - Save","isPartOf":{"@id":"https:\/\/news.save.ch\/de\/#website"},"primaryImageOfPage":{"@id":"https:\/\/news.save.ch\/praevention-am-arbeitsplatz-bag-muss-sparen\/#primaryimage"},"image":{"@id":"https:\/\/news.save.ch\/praevention-am-arbeitsplatz-bag-muss-sparen\/#primaryimage"},"thumbnailUrl":"https:\/\/news.save.ch\/wp-content\/uploads\/2025\/03\/Depositphotos_116043206_S.jpg","datePublished":"2025-02-27T06:51:47+00:00","dateModified":"2025-03-03T06:59:08+00:00","description":"L'OFSP doit \u00e9conomiser de l'argent et coupe notamment dans la pr\u00e9vention sur le lieu de travail.","breadcrumb":{"@id":"https:\/\/news.save.ch\/praevention-am-arbeitsplatz-bag-muss-sparen\/#breadcrumb"},"inLanguage":"fr-FR","potentialAction":[{"@type":"ReadAction","target":["https:\/\/news.save.ch\/praevention-am-arbeitsplatz-bag-muss-sparen\/"]}]},{"@type":"ImageObject","inLanguage":"fr-FR","@id":"https:\/\/news.save.ch\/praevention-am-arbeitsplatz-bag-muss-sparen\/#primaryimage","url":"https:\/\/news.save.ch\/wp-content\/uploads\/2025\/03\/Depositphotos_116043206_S.jpg","contentUrl":"https:\/\/news.save.ch\/wp-content\/uploads\/2025\/03\/Depositphotos_116043206_S.jpg"},{"@type":"BreadcrumbList","@id":"https:\/\/news.save.ch\/praevention-am-arbeitsplatz-bag-muss-sparen\/#breadcrumb","itemListElement":[{"@type":"ListItem","position":1,"name":"Home","item":"https:\/\/news.save.ch\/de\/"},{"@type":"ListItem","position":2,"name":"Pr\u00e4vention am Arbeitsplatz: BAG muss sparen"}]},{"@type":"WebSite","@id":"https:\/\/news.save.ch\/de\/#website","url":"https:\/\/news.save.ch\/de\/","name":"Save","description":"Revue suisse sp\u00e9cialis\u00e9e dans la s\u00e9curit\u00e9","publisher":{"@id":"https:\/\/news.save.ch\/de\/#organization"},"potentialAction":[{"@type":"SearchAction","target":{"@type":"EntryPoint","urlTemplate":"https:\/\/news.save.ch\/de\/?s={search_term_string}"},"query-input":{"@type":"PropertyValueSpecification","valueRequired":true,"valueName":"search_term_string"}}],"inLanguage":"fr-FR"},{"@type":"Organization","@id":"https:\/\/news.save.ch\/de\/#organization","name":"Forum sur la s\u00e9curit\u00e9","url":"https:\/\/news.save.ch\/de\/","logo":{"@type":"ImageObject","inLanguage":"fr-FR","@id":"https:\/\/news.save.ch\/de\/#\/schema\/logo\/image\/","url":"https:\/\/news.save.ch\/wp-content\/uploads\/2022\/06\/Logo_SF_2012.png","contentUrl":"https:\/\/news.save.ch\/wp-content\/uploads\/2022\/06\/Logo_SF_2012.png","width":1100,"height":91,"caption":"Sicherheitsforum"},"image":{"@id":"https:\/\/news.save.ch\/de\/#\/schema\/logo\/image\/"}},{"@type":"Person","@id":"https:\/\/news.save.ch\/de\/#\/schema\/person\/10917387362b3961e882740f6cf6f2a2","name":"stefanie Zeng","image":{"@type":"ImageObject","inLanguage":"fr-FR","@id":"https:\/\/secure.gravatar.com\/avatar\/eac43faa6e40bb2c41068c95c9d78bbd94c476d5efdff7abaab80bb3ea681e06?s=96&d=mm&r=g","url":"https:\/\/secure.gravatar.com\/avatar\/eac43faa6e40bb2c41068c95c9d78bbd94c476d5efdff7abaab80bb3ea681e06?s=96&d=mm&r=g","contentUrl":"https:\/\/secure.gravatar.com\/avatar\/eac43faa6e40bb2c41068c95c9d78bbd94c476d5efdff7abaab80bb3ea681e06?s=96&d=mm&r=g","caption":"stefanie Zeng"},"url":"https:\/\/news.save.ch\/fr\/author\/stefanie-zeng\/"}]}},"_links":{"self":[{"href":"https:\/\/news.save.ch\/fr\/wp-json\/wp\/v2\/posts\/24045","targetHints":{"allow":["GET"]}}],"collection":[{"href":"https:\/\/news.save.ch\/fr\/wp-json\/wp\/v2\/posts"}],"about":[{"href":"https:\/\/news.save.ch\/fr\/wp-json\/wp\/v2\/types\/post"}],"author":[{"embeddable":true,"href":"https:\/\/news.save.ch\/fr\/wp-json\/wp\/v2\/users\/31"}],"replies":[{"embeddable":true,"href":"https:\/\/news.save.ch\/fr\/wp-json\/wp\/v2\/comments?post=24045"}],"version-history":[{"count":2,"href":"https:\/\/news.save.ch\/fr\/wp-json\/wp\/v2\/posts\/24045\/revisions"}],"predecessor-version":[{"id":24048,"href":"https:\/\/news.save.ch\/fr\/wp-json\/wp\/v2\/posts\/24045\/revisions\/24048"}],"wp:attachment":[{"href":"https:\/\/news.save.ch\/fr\/wp-json\/wp\/v2\/media?parent=24045"}],"wp:term":[{"taxonomy":"category","embeddable":true,"href":"https:\/\/news.save.ch\/fr\/wp-json\/wp\/v2\/categories?post=24045"},{"taxonomy":"post_tag","embeddable":true,"href":"https:\/\/news.save.ch\/fr\/wp-json\/wp\/v2\/tags?post=24045"}],"curies":[{"name":"wp","href":"https:\/\/api.w.org\/{rel}","templated":true}]}}