{"id":24049,"date":"2025-03-04T09:14:33","date_gmt":"2025-03-04T08:14:33","guid":{"rendered":"https:\/\/news.save.ch\/?p=24049"},"modified":"2025-03-04T09:14:34","modified_gmt":"2025-03-04T08:14:34","slug":"cybercrimepolice-ch-geht-mit-einem-neuen-design-und-nationalem-charakter-live","status":null,"type":"post","link":"https:\/\/news.save.ch\/fr\/cybercrimepolice-ch-geht-mit-einem-neuen-design-und-nationalem-charakter-live\/","title":{"rendered":"Cybercrimepolice.ch est en ligne avec un nouveau design et un caract\u00e8re national"},"content":{"rendered":"<figure id=\"attachment_24050\" aria-describedby=\"caption-attachment-24050\" style=\"width: 2812px\" class=\"wp-caption alignnone\"><a href=\"https:\/\/news.save.ch\/fr\/cybercrimepolice-ch-geht-mit-einem-neuen-design-und-nationalem-charakter-live\/bildschirmfoto-2025-03-04-um-09-12-28\/\" rel=\"attachment wp-att-24050\"><img loading=\"lazy\" decoding=\"async\" class=\"size-full wp-image-24050\" src=\"https:\/\/news.save.ch\/wp-content\/uploads\/2025\/03\/Bildschirmfoto-2025-03-04-um-09.12.28.png\" alt=\"\" width=\"2812\" height=\"1472\" srcset=\"https:\/\/news.save.ch\/wp-content\/uploads\/2025\/03\/Bildschirmfoto-2025-03-04-um-09.12.28.png 1200w, https:\/\/news.save.ch\/wp-content\/uploads\/2025\/03\/Bildschirmfoto-2025-03-04-um-09.12.28-680x356.png 680w, https:\/\/news.save.ch\/wp-content\/uploads\/2025\/03\/Bildschirmfoto-2025-03-04-um-09.12.28-1024x536.png 1024w, https:\/\/news.save.ch\/wp-content\/uploads\/2025\/03\/Bildschirmfoto-2025-03-04-um-09.12.28-768x402.png 768w, https:\/\/news.save.ch\/wp-content\/uploads\/2025\/03\/Bildschirmfoto-2025-03-04-um-09.12.28-1536x804.png 1536w, https:\/\/news.save.ch\/wp-content\/uploads\/2025\/03\/Bildschirmfoto-2025-03-04-um-09.12.28-2048x1072.png 2048w, https:\/\/news.save.ch\/wp-content\/uploads\/2025\/03\/Bildschirmfoto-2025-03-04-um-09.12.28-18x9.png 18w, https:\/\/news.save.ch\/wp-content\/uploads\/2025\/03\/Bildschirmfoto-2025-03-04-um-09.12.28-375x196.png 375w, https:\/\/news.save.ch\/wp-content\/uploads\/2025\/03\/Bildschirmfoto-2025-03-04-um-09.12.28-669x350.png 669w, https:\/\/news.save.ch\/wp-content\/uploads\/2025\/03\/Bildschirmfoto-2025-03-04-um-09.12.28-1000x523.png 1000w\" sizes=\"auto, (max-width: 2812px) 100vw, 2812px\" \/><\/a><figcaption id=\"caption-attachment-24050\" class=\"wp-caption-text\">Photo : Capture d'\u00e9cran cybercrimepolice.ch (03.03.2025)<\/figcaption><\/figure>\n<p class=\"p2\">La plate-forme de pr\u00e9vention Cybercrimepolice.ch a acquis un caract\u00e8re national. Un nouveau design a \u00e9t\u00e9 cr\u00e9\u00e9 \u00e0 cet effet. L'ancienne exploitante du site, la police cantonale de Zurich, est soutenue par la police cantonale de Berne. Cybercrimepolice.ch fonctionne comme un syst\u00e8me d'alerte pr\u00e9coce pour la population suisse en rapport avec la cybercriminalit\u00e9.<\/p>\n<p class=\"p2\">Depuis le lancement de la plateforme de pr\u00e9vention Cybercrimepolice.ch en 2019 par la police cantonale de Zurich, le site en ligne s'est \u00e9tabli avec succ\u00e8s au niveau national et international. Rien qu'en 2024, le site a \u00e9t\u00e9 consult\u00e9 pr\u00e8s d'un demi-million de fois. Le contenu de Cybercrimepolice.ch est ax\u00e9 sur les cyberph\u00e9nom\u00e8nes actuels ainsi que sur les demandes et les indications de la population. L'ann\u00e9e derni\u00e8re, des informations sur diff\u00e9rents ph\u00e9nom\u00e8nes ont \u00e9t\u00e9 publi\u00e9es chaque semaine. En outre, Cybercrimepolice.ch met en r\u00e9seau diff\u00e9rentes organisations partenaires.<\/p>\n<p class=\"p2\">En 2024, la police cantonale de Zurich a lanc\u00e9, \u00e0 la demande de la CCPCS et en collaboration avec la police cantonale de Berne, le projet d'extension de Cybercrimepolice.ch \u00e0 l'\u00e9chelle nationale. La nationalisation de la plateforme de pr\u00e9vention est en outre rendue possible par son int\u00e9gration dans le r\u00e9seau d'aide aux enqu\u00eates dans la lutte contre la criminalit\u00e9 num\u00e9rique (NEDIK). Le r\u00e9seau garantit que Cybercrimepolice.ch sert de plateforme d'alerte unique pour la population suisse, mais aussi pour les corps de police suisses.<\/p>\n<p class=\"p2\">D\u00e9sormais, le site est \u00e9galement propos\u00e9 en fran\u00e7ais, ce qui renforce la diffusion des messages de pr\u00e9vention en Suisse. L'extension future \u00e0 l'italien, du moins d'une partie des contenus, est \u00e9galement \u00e0 l'\u00e9tude.<\/p>","protected":false},"excerpt":{"rendered":"<p>Die Pr\u00e4ventionsplattform Cybercrimepolice.ch hat einen nationalen Charakter erhalten. Daf\u00fcr wurde ein neues Design erstellt. Die bisherige Betreiberin der Website, die Kantonspolizei Z\u00fcrich, wird dabei von der Kantonspolizei Bern unterst\u00fctzt. Cybercrimepolice.ch funktioniert als Fr\u00fchwarnsystem f\u00fcr die Schweizer Bev\u00f6lkerung in Zusammenhang mit der Internetkriminalit\u00e4t. Seit der Lancierung der Pr\u00e4ventionsplattform Cybercrimepolice.ch im Jahr 2019 durch die Kantonspolizei Z\u00fcrich [&hellip;]<\/p>\n","protected":false},"author":31,"featured_media":0,"comment_status":"closed","ping_status":"closed","sticky":false,"template":"","format":"standard","meta":{"_acf_changed":false,"pgc_sgb_lightbox_settings":"","footnotes":""},"categories":[3313],"tags":[1321,1348,625],"class_list":["post-24049","post","type-post","status-publish","format-standard","hentry","category-digitalisierung","tag-cybercrime","tag-cybercrimepolice","tag-cyberkriminalitaet"],"acf":[],"hkrextid":null,"publication":null,"issue":null,"workflow":null,"startPage":null,"spitzmarke":null,"_posts_by_tag_page_fields":null,"_at_widget":null,"_yoast_wpseo_primary_category":"3313","_yoast_wpseo_focuskw_text_input":null,"_yoast_wpseo_opengraph-image":null,"_yoast_wpseo_opengraph-description":null,"_yoast_wpseo_opengraph-title":null,"enclosure":null,"_yoast_wpseo_twitter-title":null,"_yoast_wpseo_twitter-description":null,"_yoast_wpseo_twitter-image":null,"_wp_old_slug":null,"_yoast_wpseo_title":null,"_yoast_wpseo_canonical":null,"yoast_head":"<!-- This site is optimized with the Yoast SEO plugin v27.4 - https:\/\/yoast.com\/product\/yoast-seo-wordpress\/ -->\n<title>Cybercrimepolice.ch geht mit einem neuen Design und nationalem Charakter live - Save<\/title>\n<meta name=\"description\" content=\"Die Website Cybercrimepolice.ch erscheint nun national und in einem neuen Design.\" \/>\n<meta name=\"robots\" content=\"index, follow, max-snippet:-1, max-image-preview:large, max-video-preview:-1\" \/>\n<link rel=\"canonical\" href=\"https:\/\/news.save.ch\/fr\/cybercrimepolice-ch-geht-mit-einem-neuen-design-und-nationalem-charakter-live\/\" \/>\n<meta property=\"og:locale\" content=\"fr_FR\" \/>\n<meta property=\"og:type\" content=\"article\" \/>\n<meta property=\"og:title\" content=\"Cybercrimepolice.ch geht mit einem neuen Design und nationalem Charakter live - Save\" \/>\n<meta property=\"og:description\" content=\"Die Website Cybercrimepolice.ch erscheint nun national und in einem neuen Design.\" \/>\n<meta property=\"og:url\" content=\"https:\/\/news.save.ch\/fr\/cybercrimepolice-ch-geht-mit-einem-neuen-design-und-nationalem-charakter-live\/\" \/>\n<meta property=\"og:site_name\" content=\"Save\" \/>\n<meta property=\"article:published_time\" content=\"2025-03-04T08:14:33+00:00\" \/>\n<meta property=\"article:modified_time\" content=\"2025-03-04T08:14:34+00:00\" \/>\n<meta property=\"og:image\" content=\"https:\/\/news.save.ch\/wp-content\/uploads\/2025\/03\/Bildschirmfoto-2025-03-04-um-09.12.28.png\" \/>\n\t<meta property=\"og:image:width\" content=\"1200\" \/>\n\t<meta property=\"og:image:height\" content=\"628\" \/>\n\t<meta property=\"og:image:type\" content=\"image\/png\" \/>\n<meta name=\"author\" content=\"stefanie Zeng\" \/>\n<meta name=\"twitter:card\" content=\"summary_large_image\" \/>\n<meta name=\"twitter:label1\" content=\"\u00c9crit par\" \/>\n\t<meta name=\"twitter:data1\" content=\"stefanie Zeng\" \/>\n\t<meta name=\"twitter:label2\" content=\"Dur\u00e9e de lecture estim\u00e9e\" \/>\n\t<meta name=\"twitter:data2\" content=\"2 minutes\" \/>\n<script type=\"application\/ld+json\" class=\"yoast-schema-graph\">{\"@context\":\"https:\\\/\\\/schema.org\",\"@graph\":[{\"@type\":\"Article\",\"@id\":\"https:\\\/\\\/news.save.ch\\\/cybercrimepolice-ch-geht-mit-einem-neuen-design-und-nationalem-charakter-live\\\/#article\",\"isPartOf\":{\"@id\":\"https:\\\/\\\/news.save.ch\\\/cybercrimepolice-ch-geht-mit-einem-neuen-design-und-nationalem-charakter-live\\\/\"},\"author\":{\"name\":\"stefanie Zeng\",\"@id\":\"https:\\\/\\\/news.save.ch\\\/de\\\/#\\\/schema\\\/person\\\/10917387362b3961e882740f6cf6f2a2\"},\"headline\":\"Cybercrimepolice.ch geht mit einem neuen Design und nationalem Charakter live\",\"datePublished\":\"2025-03-04T08:14:33+00:00\",\"dateModified\":\"2025-03-04T08:14:34+00:00\",\"mainEntityOfPage\":{\"@id\":\"https:\\\/\\\/news.save.ch\\\/cybercrimepolice-ch-geht-mit-einem-neuen-design-und-nationalem-charakter-live\\\/\"},\"wordCount\":263,\"publisher\":{\"@id\":\"https:\\\/\\\/news.save.ch\\\/de\\\/#organization\"},\"image\":{\"@id\":\"https:\\\/\\\/news.save.ch\\\/cybercrimepolice-ch-geht-mit-einem-neuen-design-und-nationalem-charakter-live\\\/#primaryimage\"},\"thumbnailUrl\":\"https:\\\/\\\/news.save.ch\\\/wp-content\\\/uploads\\\/2025\\\/03\\\/Bildschirmfoto-2025-03-04-um-09.12.28.png\",\"keywords\":[\"Cybercrime\",\"Cybercrimepolice\",\"Cyberkriminalit\u00e4t\"],\"articleSection\":[\"DIGITALISIERUNG\"],\"inLanguage\":\"fr-FR\"},{\"@type\":\"WebPage\",\"@id\":\"https:\\\/\\\/news.save.ch\\\/cybercrimepolice-ch-geht-mit-einem-neuen-design-und-nationalem-charakter-live\\\/\",\"url\":\"https:\\\/\\\/news.save.ch\\\/cybercrimepolice-ch-geht-mit-einem-neuen-design-und-nationalem-charakter-live\\\/\",\"name\":\"Cybercrimepolice.ch geht mit einem neuen Design und nationalem Charakter live - Save\",\"isPartOf\":{\"@id\":\"https:\\\/\\\/news.save.ch\\\/de\\\/#website\"},\"primaryImageOfPage\":{\"@id\":\"https:\\\/\\\/news.save.ch\\\/cybercrimepolice-ch-geht-mit-einem-neuen-design-und-nationalem-charakter-live\\\/#primaryimage\"},\"image\":{\"@id\":\"https:\\\/\\\/news.save.ch\\\/cybercrimepolice-ch-geht-mit-einem-neuen-design-und-nationalem-charakter-live\\\/#primaryimage\"},\"thumbnailUrl\":\"https:\\\/\\\/news.save.ch\\\/wp-content\\\/uploads\\\/2025\\\/03\\\/Bildschirmfoto-2025-03-04-um-09.12.28.png\",\"datePublished\":\"2025-03-04T08:14:33+00:00\",\"dateModified\":\"2025-03-04T08:14:34+00:00\",\"description\":\"Die Website Cybercrimepolice.ch erscheint nun national und in einem neuen Design.\",\"breadcrumb\":{\"@id\":\"https:\\\/\\\/news.save.ch\\\/cybercrimepolice-ch-geht-mit-einem-neuen-design-und-nationalem-charakter-live\\\/#breadcrumb\"},\"inLanguage\":\"fr-FR\",\"potentialAction\":[{\"@type\":\"ReadAction\",\"target\":[\"https:\\\/\\\/news.save.ch\\\/cybercrimepolice-ch-geht-mit-einem-neuen-design-und-nationalem-charakter-live\\\/\"]}]},{\"@type\":\"ImageObject\",\"inLanguage\":\"fr-FR\",\"@id\":\"https:\\\/\\\/news.save.ch\\\/cybercrimepolice-ch-geht-mit-einem-neuen-design-und-nationalem-charakter-live\\\/#primaryimage\",\"url\":\"https:\\\/\\\/news.save.ch\\\/wp-content\\\/uploads\\\/2025\\\/03\\\/Bildschirmfoto-2025-03-04-um-09.12.28.png\",\"contentUrl\":\"https:\\\/\\\/news.save.ch\\\/wp-content\\\/uploads\\\/2025\\\/03\\\/Bildschirmfoto-2025-03-04-um-09.12.28.png\"},{\"@type\":\"BreadcrumbList\",\"@id\":\"https:\\\/\\\/news.save.ch\\\/cybercrimepolice-ch-geht-mit-einem-neuen-design-und-nationalem-charakter-live\\\/#breadcrumb\",\"itemListElement\":[{\"@type\":\"ListItem\",\"position\":1,\"name\":\"Home\",\"item\":\"https:\\\/\\\/news.save.ch\\\/de\\\/\"},{\"@type\":\"ListItem\",\"position\":2,\"name\":\"Cybercrimepolice.ch geht mit einem neuen Design und nationalem Charakter live\"}]},{\"@type\":\"WebSite\",\"@id\":\"https:\\\/\\\/news.save.ch\\\/de\\\/#website\",\"url\":\"https:\\\/\\\/news.save.ch\\\/de\\\/\",\"name\":\"Save\",\"description\":\"Schweizer Fachzeitschrift f\u00fcr Sicherheit\",\"publisher\":{\"@id\":\"https:\\\/\\\/news.save.ch\\\/de\\\/#organization\"},\"potentialAction\":[{\"@type\":\"SearchAction\",\"target\":{\"@type\":\"EntryPoint\",\"urlTemplate\":\"https:\\\/\\\/news.save.ch\\\/de\\\/?s={search_term_string}\"},\"query-input\":{\"@type\":\"PropertyValueSpecification\",\"valueRequired\":true,\"valueName\":\"search_term_string\"}}],\"inLanguage\":\"fr-FR\"},{\"@type\":\"Organization\",\"@id\":\"https:\\\/\\\/news.save.ch\\\/de\\\/#organization\",\"name\":\"Sicherheitsforum\",\"url\":\"https:\\\/\\\/news.save.ch\\\/de\\\/\",\"logo\":{\"@type\":\"ImageObject\",\"inLanguage\":\"fr-FR\",\"@id\":\"https:\\\/\\\/news.save.ch\\\/de\\\/#\\\/schema\\\/logo\\\/image\\\/\",\"url\":\"https:\\\/\\\/news.save.ch\\\/wp-content\\\/uploads\\\/2022\\\/06\\\/Logo_SF_2012.png\",\"contentUrl\":\"https:\\\/\\\/news.save.ch\\\/wp-content\\\/uploads\\\/2022\\\/06\\\/Logo_SF_2012.png\",\"width\":1100,\"height\":91,\"caption\":\"Sicherheitsforum\"},\"image\":{\"@id\":\"https:\\\/\\\/news.save.ch\\\/de\\\/#\\\/schema\\\/logo\\\/image\\\/\"}},{\"@type\":\"Person\",\"@id\":\"https:\\\/\\\/news.save.ch\\\/de\\\/#\\\/schema\\\/person\\\/10917387362b3961e882740f6cf6f2a2\",\"name\":\"stefanie Zeng\",\"image\":{\"@type\":\"ImageObject\",\"inLanguage\":\"fr-FR\",\"@id\":\"https:\\\/\\\/secure.gravatar.com\\\/avatar\\\/eac43faa6e40bb2c41068c95c9d78bbd94c476d5efdff7abaab80bb3ea681e06?s=96&d=mm&r=g\",\"url\":\"https:\\\/\\\/secure.gravatar.com\\\/avatar\\\/eac43faa6e40bb2c41068c95c9d78bbd94c476d5efdff7abaab80bb3ea681e06?s=96&d=mm&r=g\",\"contentUrl\":\"https:\\\/\\\/secure.gravatar.com\\\/avatar\\\/eac43faa6e40bb2c41068c95c9d78bbd94c476d5efdff7abaab80bb3ea681e06?s=96&d=mm&r=g\",\"caption\":\"stefanie Zeng\"},\"url\":\"https:\\\/\\\/news.save.ch\\\/fr\\\/author\\\/stefanie-zeng\\\/\"}]}<\/script>\n<!-- \/ Yoast SEO plugin. -->","yoast_head_json":{"title":"Cybercrimepolice.ch est en ligne avec un nouveau design et un caract\u00e8re national - Save","description":"Le site Cybercrimepolice.ch appara\u00eet d\u00e9sormais au niveau national et dans un nouveau design.","robots":{"index":"index","follow":"follow","max-snippet":"max-snippet:-1","max-image-preview":"max-image-preview:large","max-video-preview":"max-video-preview:-1"},"canonical":"https:\/\/news.save.ch\/fr\/cybercrimepolice-ch-geht-mit-einem-neuen-design-und-nationalem-charakter-live\/","og_locale":"fr_FR","og_type":"article","og_title":"Cybercrimepolice.ch geht mit einem neuen Design und nationalem Charakter live - Save","og_description":"Die Website Cybercrimepolice.ch erscheint nun national und in einem neuen Design.","og_url":"https:\/\/news.save.ch\/fr\/cybercrimepolice-ch-geht-mit-einem-neuen-design-und-nationalem-charakter-live\/","og_site_name":"Save","article_published_time":"2025-03-04T08:14:33+00:00","article_modified_time":"2025-03-04T08:14:34+00:00","og_image":[{"width":1200,"height":628,"url":"https:\/\/news.save.ch\/wp-content\/uploads\/2025\/03\/Bildschirmfoto-2025-03-04-um-09.12.28.png","type":"image\/png"}],"author":"stefanie Zeng","twitter_card":"summary_large_image","twitter_misc":{"\u00c9crit par":"stefanie Zeng","Dur\u00e9e de lecture estim\u00e9e":"2 minutes"},"schema":{"@context":"https:\/\/schema.org","@graph":[{"@type":"Article","@id":"https:\/\/news.save.ch\/cybercrimepolice-ch-geht-mit-einem-neuen-design-und-nationalem-charakter-live\/#article","isPartOf":{"@id":"https:\/\/news.save.ch\/cybercrimepolice-ch-geht-mit-einem-neuen-design-und-nationalem-charakter-live\/"},"author":{"name":"stefanie Zeng","@id":"https:\/\/news.save.ch\/de\/#\/schema\/person\/10917387362b3961e882740f6cf6f2a2"},"headline":"Cybercrimepolice.ch geht mit einem neuen Design und nationalem Charakter live","datePublished":"2025-03-04T08:14:33+00:00","dateModified":"2025-03-04T08:14:34+00:00","mainEntityOfPage":{"@id":"https:\/\/news.save.ch\/cybercrimepolice-ch-geht-mit-einem-neuen-design-und-nationalem-charakter-live\/"},"wordCount":263,"publisher":{"@id":"https:\/\/news.save.ch\/de\/#organization"},"image":{"@id":"https:\/\/news.save.ch\/cybercrimepolice-ch-geht-mit-einem-neuen-design-und-nationalem-charakter-live\/#primaryimage"},"thumbnailUrl":"https:\/\/news.save.ch\/wp-content\/uploads\/2025\/03\/Bildschirmfoto-2025-03-04-um-09.12.28.png","keywords":["Cybercrime","Cybercrimepolice","Cyberkriminalit\u00e4t"],"articleSection":["DIGITALISIERUNG"],"inLanguage":"fr-FR"},{"@type":"WebPage","@id":"https:\/\/news.save.ch\/cybercrimepolice-ch-geht-mit-einem-neuen-design-und-nationalem-charakter-live\/","url":"https:\/\/news.save.ch\/cybercrimepolice-ch-geht-mit-einem-neuen-design-und-nationalem-charakter-live\/","name":"Cybercrimepolice.ch est en ligne avec un nouveau design et un caract\u00e8re national - Save","isPartOf":{"@id":"https:\/\/news.save.ch\/de\/#website"},"primaryImageOfPage":{"@id":"https:\/\/news.save.ch\/cybercrimepolice-ch-geht-mit-einem-neuen-design-und-nationalem-charakter-live\/#primaryimage"},"image":{"@id":"https:\/\/news.save.ch\/cybercrimepolice-ch-geht-mit-einem-neuen-design-und-nationalem-charakter-live\/#primaryimage"},"thumbnailUrl":"https:\/\/news.save.ch\/wp-content\/uploads\/2025\/03\/Bildschirmfoto-2025-03-04-um-09.12.28.png","datePublished":"2025-03-04T08:14:33+00:00","dateModified":"2025-03-04T08:14:34+00:00","description":"Le site Cybercrimepolice.ch appara\u00eet d\u00e9sormais au niveau national et dans un nouveau design.","breadcrumb":{"@id":"https:\/\/news.save.ch\/cybercrimepolice-ch-geht-mit-einem-neuen-design-und-nationalem-charakter-live\/#breadcrumb"},"inLanguage":"fr-FR","potentialAction":[{"@type":"ReadAction","target":["https:\/\/news.save.ch\/cybercrimepolice-ch-geht-mit-einem-neuen-design-und-nationalem-charakter-live\/"]}]},{"@type":"ImageObject","inLanguage":"fr-FR","@id":"https:\/\/news.save.ch\/cybercrimepolice-ch-geht-mit-einem-neuen-design-und-nationalem-charakter-live\/#primaryimage","url":"https:\/\/news.save.ch\/wp-content\/uploads\/2025\/03\/Bildschirmfoto-2025-03-04-um-09.12.28.png","contentUrl":"https:\/\/news.save.ch\/wp-content\/uploads\/2025\/03\/Bildschirmfoto-2025-03-04-um-09.12.28.png"},{"@type":"BreadcrumbList","@id":"https:\/\/news.save.ch\/cybercrimepolice-ch-geht-mit-einem-neuen-design-und-nationalem-charakter-live\/#breadcrumb","itemListElement":[{"@type":"ListItem","position":1,"name":"Home","item":"https:\/\/news.save.ch\/de\/"},{"@type":"ListItem","position":2,"name":"Cybercrimepolice.ch geht mit einem neuen Design und nationalem Charakter live"}]},{"@type":"WebSite","@id":"https:\/\/news.save.ch\/de\/#website","url":"https:\/\/news.save.ch\/de\/","name":"Save","description":"Revue suisse sp\u00e9cialis\u00e9e dans la s\u00e9curit\u00e9","publisher":{"@id":"https:\/\/news.save.ch\/de\/#organization"},"potentialAction":[{"@type":"SearchAction","target":{"@type":"EntryPoint","urlTemplate":"https:\/\/news.save.ch\/de\/?s={search_term_string}"},"query-input":{"@type":"PropertyValueSpecification","valueRequired":true,"valueName":"search_term_string"}}],"inLanguage":"fr-FR"},{"@type":"Organization","@id":"https:\/\/news.save.ch\/de\/#organization","name":"Forum sur la s\u00e9curit\u00e9","url":"https:\/\/news.save.ch\/de\/","logo":{"@type":"ImageObject","inLanguage":"fr-FR","@id":"https:\/\/news.save.ch\/de\/#\/schema\/logo\/image\/","url":"https:\/\/news.save.ch\/wp-content\/uploads\/2022\/06\/Logo_SF_2012.png","contentUrl":"https:\/\/news.save.ch\/wp-content\/uploads\/2022\/06\/Logo_SF_2012.png","width":1100,"height":91,"caption":"Sicherheitsforum"},"image":{"@id":"https:\/\/news.save.ch\/de\/#\/schema\/logo\/image\/"}},{"@type":"Person","@id":"https:\/\/news.save.ch\/de\/#\/schema\/person\/10917387362b3961e882740f6cf6f2a2","name":"stefanie Zeng","image":{"@type":"ImageObject","inLanguage":"fr-FR","@id":"https:\/\/secure.gravatar.com\/avatar\/eac43faa6e40bb2c41068c95c9d78bbd94c476d5efdff7abaab80bb3ea681e06?s=96&d=mm&r=g","url":"https:\/\/secure.gravatar.com\/avatar\/eac43faa6e40bb2c41068c95c9d78bbd94c476d5efdff7abaab80bb3ea681e06?s=96&d=mm&r=g","contentUrl":"https:\/\/secure.gravatar.com\/avatar\/eac43faa6e40bb2c41068c95c9d78bbd94c476d5efdff7abaab80bb3ea681e06?s=96&d=mm&r=g","caption":"stefanie Zeng"},"url":"https:\/\/news.save.ch\/fr\/author\/stefanie-zeng\/"}]}},"_links":{"self":[{"href":"https:\/\/news.save.ch\/fr\/wp-json\/wp\/v2\/posts\/24049","targetHints":{"allow":["GET"]}}],"collection":[{"href":"https:\/\/news.save.ch\/fr\/wp-json\/wp\/v2\/posts"}],"about":[{"href":"https:\/\/news.save.ch\/fr\/wp-json\/wp\/v2\/types\/post"}],"author":[{"embeddable":true,"href":"https:\/\/news.save.ch\/fr\/wp-json\/wp\/v2\/users\/31"}],"replies":[{"embeddable":true,"href":"https:\/\/news.save.ch\/fr\/wp-json\/wp\/v2\/comments?post=24049"}],"version-history":[{"count":3,"href":"https:\/\/news.save.ch\/fr\/wp-json\/wp\/v2\/posts\/24049\/revisions"}],"predecessor-version":[{"id":24053,"href":"https:\/\/news.save.ch\/fr\/wp-json\/wp\/v2\/posts\/24049\/revisions\/24053"}],"wp:attachment":[{"href":"https:\/\/news.save.ch\/fr\/wp-json\/wp\/v2\/media?parent=24049"}],"wp:term":[{"taxonomy":"category","embeddable":true,"href":"https:\/\/news.save.ch\/fr\/wp-json\/wp\/v2\/categories?post=24049"},{"taxonomy":"post_tag","embeddable":true,"href":"https:\/\/news.save.ch\/fr\/wp-json\/wp\/v2\/tags?post=24049"}],"curies":[{"name":"wp","href":"https:\/\/api.w.org\/{rel}","templated":true}]}}