{"id":24086,"date":"2025-03-19T07:59:12","date_gmt":"2025-03-19T06:59:12","guid":{"rendered":"https:\/\/news.save.ch\/?p=24086"},"modified":"2025-03-19T07:59:15","modified_gmt":"2025-03-19T06:59:15","slug":"neue-regeln-fuer-den-guetertransport-auf-der-strasse","status":null,"type":"post","link":"https:\/\/news.save.ch\/fr\/neue-regeln-fuer-den-guetertransport-auf-der-strasse\/","title":{"rendered":"Nouvelles r\u00e8gles pour le transport de marchandises par la route"},"content":{"rendered":"<figure id=\"attachment_24087\" aria-describedby=\"caption-attachment-24087\" style=\"width: 1000px\" class=\"wp-caption alignnone\"><a href=\"https:\/\/news.save.ch\/fr\/neue-regeln-fuer-den-guetertransport-auf-der-strasse\/depositphotos_76503035_s\/\" rel=\"attachment wp-att-24087\"><img loading=\"lazy\" decoding=\"async\" class=\"size-full wp-image-24087\" src=\"https:\/\/news.save.ch\/wp-content\/uploads\/2025\/03\/Depositphotos_76503035_S.jpg\" alt=\"\" width=\"1000\" height=\"664\" srcset=\"https:\/\/news.save.ch\/wp-content\/uploads\/2025\/03\/Depositphotos_76503035_S.jpg 1000w, https:\/\/news.save.ch\/wp-content\/uploads\/2025\/03\/Depositphotos_76503035_S-680x452.jpg 680w, https:\/\/news.save.ch\/wp-content\/uploads\/2025\/03\/Depositphotos_76503035_S-768x510.jpg 768w, https:\/\/news.save.ch\/wp-content\/uploads\/2025\/03\/Depositphotos_76503035_S-18x12.jpg 18w, https:\/\/news.save.ch\/wp-content\/uploads\/2025\/03\/Depositphotos_76503035_S-375x249.jpg 375w, https:\/\/news.save.ch\/wp-content\/uploads\/2025\/03\/Depositphotos_76503035_S-527x350.jpg 527w\" sizes=\"auto, (max-width: 1000px) 100vw, 1000px\" \/><\/a><figcaption id=\"caption-attachment-24087\" class=\"wp-caption-text\">Photo : Depositphotos\/Muller_M<\/figcaption><\/figure>\n<p>Lors de la session d'\u00e9t\u00e9 2024, le Parlement a d\u00e9cid\u00e9 de proc\u00e9der \u00e0 diverses adaptations de la loi f\u00e9d\u00e9rale sur l'admission des entreprises de transport routier. Entre autres, l'obligation d'autorisation est introduite pour les entreprises qui utilisent des camionnettes de plus de 2,5 tonnes pour le transport de marchandises en trafic transfrontalier. En outre, des mesures sont pr\u00e9vues contre les entreprises fictives (\"soci\u00e9t\u00e9s bo\u00eetes aux lettres\"). Ces adaptations doivent favoriser une concurrence plus loyale et la professionnalisation dans le secteur des transports.<\/p>\n<p>Lors de sa s\u00e9ance du 14 mars 2025, le Conseil f\u00e9d\u00e9ral a adapt\u00e9, sur la base de cette modification de la loi, l'ordonnance sur l'admission des entreprises de transport par route dans le domaine du transport de personnes et de marchandises.<\/p>\n<p>D'une part, l'ordonnance contiendra \u00e0 l'avenir des prescriptions plus pr\u00e9cises concernant la preuve du si\u00e8ge de l'entreprise. Il s'agit d'\u00e9viter que des entreprises de transport \u00e9trang\u00e8res ne cr\u00e9ent des soci\u00e9t\u00e9s bo\u00eetes aux lettres en Suisse pour contourner l'interdiction de cabotage. D'autre part, le Conseil f\u00e9d\u00e9ral a fix\u00e9 les montants de la preuve de la capacit\u00e9 financi\u00e8re pour les v\u00e9hicules l\u00e9gers, tout en r\u00e9duisant les montants existants pour les v\u00e9hicules de plus de 3,5 tonnes.<\/p>\n<p>Les entreprises qui utilisent exclusivement des v\u00e9hicules jusqu'\u00e0 3,5 tonnes et qui effectuent des transports de marchandises avec ces v\u00e9hicules uniquement en Suisse restent exempt\u00e9es de l'obligation de licence.<\/p>\n<p>Les adaptations de la loi et de l'ordonnance entreront en vigueur le 1er mai 2025.<\/p>\n<p><em>Source : Office f\u00e9d\u00e9ral des transports<\/em><\/p>","protected":false},"excerpt":{"rendered":"<p>In der Sommersession 2024 hat das Parlament verschiedene Anpassungen des Bundesgesetzes zur Zulassung von Strassentransportunternehmen beschlossen. Unter anderem wird die Zulassungspflicht f\u00fcr Unternehmen eingef\u00fchrt, die f\u00fcr den G\u00fctertransport im grenz\u00fcberschreitenden Verkehr Lieferwagen \u00fcber 2,5 Tonnen einsetzen. Zudem sind Massnahmen gegen Scheinfirmen (\u00abBriefkastenfirmen\u00bb) vorgesehen. Die Anpassungen sollen einen faireren Wettbewerb und die Professionalisierung im Transportgewerbe f\u00f6rdern. [&hellip;]<\/p>\n","protected":false},"author":31,"featured_media":24087,"comment_status":"closed","ping_status":"closed","sticky":false,"template":"","format":"standard","meta":{"_acf_changed":false,"pgc_sgb_lightbox_settings":"","footnotes":""},"categories":[3312],"tags":[5506,1821,6572,6573,6458],"class_list":["post-24086","post","type-post","status-publish","format-standard","has-post-thumbnail","hentry","category-sicherheit","tag-bav","tag-bundesamt-fuer-verkehr","tag-guetertransport","tag-gueterverkehr","tag-lieferwagen"],"acf":[],"hkrextid":null,"publication":null,"issue":null,"workflow":null,"startPage":null,"spitzmarke":null,"_posts_by_tag_page_fields":null,"_at_widget":null,"_yoast_wpseo_primary_category":"3312","_yoast_wpseo_focuskw_text_input":null,"_yoast_wpseo_opengraph-image":null,"_yoast_wpseo_opengraph-description":null,"_yoast_wpseo_opengraph-title":null,"enclosure":null,"_yoast_wpseo_twitter-title":null,"_yoast_wpseo_twitter-description":null,"_yoast_wpseo_twitter-image":null,"_wp_old_slug":null,"_yoast_wpseo_title":null,"_yoast_wpseo_canonical":null,"yoast_head":"<!-- This site is optimized with the Yoast SEO plugin v27.4 - https:\/\/yoast.com\/product\/yoast-seo-wordpress\/ -->\n<title>Neue Regeln f\u00fcr den G\u00fctertransport auf der Strasse - Save<\/title>\n<meta name=\"robots\" content=\"index, follow, max-snippet:-1, max-image-preview:large, max-video-preview:-1\" \/>\n<link rel=\"canonical\" href=\"https:\/\/news.save.ch\/fr\/neue-regeln-fuer-den-guetertransport-auf-der-strasse\/\" \/>\n<meta property=\"og:locale\" content=\"fr_FR\" \/>\n<meta property=\"og:type\" content=\"article\" \/>\n<meta property=\"og:title\" content=\"Neue Regeln f\u00fcr den G\u00fctertransport auf der Strasse - Save\" \/>\n<meta property=\"og:description\" content=\"In der Sommersession 2024 hat das Parlament verschiedene Anpassungen des Bundesgesetzes zur Zulassung von Strassentransportunternehmen beschlossen. Unter anderem wird die Zulassungspflicht f\u00fcr Unternehmen eingef\u00fchrt, die f\u00fcr den G\u00fctertransport im grenz\u00fcberschreitenden Verkehr Lieferwagen \u00fcber 2,5 Tonnen einsetzen. Zudem sind Massnahmen gegen Scheinfirmen (\u00abBriefkastenfirmen\u00bb) vorgesehen. Die Anpassungen sollen einen faireren Wettbewerb und die Professionalisierung im Transportgewerbe f\u00f6rdern. [&hellip;]\" \/>\n<meta property=\"og:url\" content=\"https:\/\/news.save.ch\/fr\/neue-regeln-fuer-den-guetertransport-auf-der-strasse\/\" \/>\n<meta property=\"og:site_name\" content=\"Save\" \/>\n<meta property=\"article:published_time\" content=\"2025-03-19T06:59:12+00:00\" \/>\n<meta property=\"article:modified_time\" content=\"2025-03-19T06:59:15+00:00\" \/>\n<meta property=\"og:image\" content=\"https:\/\/news.save.ch\/wp-content\/uploads\/2025\/03\/Depositphotos_76503035_S.jpg\" \/>\n\t<meta property=\"og:image:width\" content=\"1000\" \/>\n\t<meta property=\"og:image:height\" content=\"664\" \/>\n\t<meta property=\"og:image:type\" content=\"image\/jpeg\" \/>\n<meta name=\"author\" content=\"stefanie Zeng\" \/>\n<meta name=\"twitter:card\" content=\"summary_large_image\" \/>\n<meta name=\"twitter:label1\" content=\"\u00c9crit par\" \/>\n\t<meta name=\"twitter:data1\" content=\"stefanie Zeng\" \/>\n\t<meta name=\"twitter:label2\" content=\"Dur\u00e9e de lecture estim\u00e9e\" \/>\n\t<meta name=\"twitter:data2\" content=\"2 minutes\" \/>\n<script type=\"application\/ld+json\" class=\"yoast-schema-graph\">{\"@context\":\"https:\\\/\\\/schema.org\",\"@graph\":[{\"@type\":\"Article\",\"@id\":\"https:\\\/\\\/news.save.ch\\\/neue-regeln-fuer-den-guetertransport-auf-der-strasse\\\/#article\",\"isPartOf\":{\"@id\":\"https:\\\/\\\/news.save.ch\\\/neue-regeln-fuer-den-guetertransport-auf-der-strasse\\\/\"},\"author\":{\"name\":\"stefanie Zeng\",\"@id\":\"https:\\\/\\\/news.save.ch\\\/de\\\/#\\\/schema\\\/person\\\/10917387362b3961e882740f6cf6f2a2\"},\"headline\":\"Neue Regeln f\u00fcr den G\u00fctertransport auf der Strasse\",\"datePublished\":\"2025-03-19T06:59:12+00:00\",\"dateModified\":\"2025-03-19T06:59:15+00:00\",\"mainEntityOfPage\":{\"@id\":\"https:\\\/\\\/news.save.ch\\\/neue-regeln-fuer-den-guetertransport-auf-der-strasse\\\/\"},\"wordCount\":212,\"publisher\":{\"@id\":\"https:\\\/\\\/news.save.ch\\\/de\\\/#organization\"},\"image\":{\"@id\":\"https:\\\/\\\/news.save.ch\\\/neue-regeln-fuer-den-guetertransport-auf-der-strasse\\\/#primaryimage\"},\"thumbnailUrl\":\"https:\\\/\\\/news.save.ch\\\/wp-content\\\/uploads\\\/2025\\\/03\\\/Depositphotos_76503035_S.jpg\",\"keywords\":[\"BAV\",\"Bundesamt f\u00fcr Verkehr\",\"G\u00fctertransport\",\"G\u00fcterverkehr\",\"Lieferwagen\"],\"articleSection\":[\"SICHERHEIT\"],\"inLanguage\":\"fr-FR\"},{\"@type\":\"WebPage\",\"@id\":\"https:\\\/\\\/news.save.ch\\\/neue-regeln-fuer-den-guetertransport-auf-der-strasse\\\/\",\"url\":\"https:\\\/\\\/news.save.ch\\\/neue-regeln-fuer-den-guetertransport-auf-der-strasse\\\/\",\"name\":\"Neue Regeln f\u00fcr den G\u00fctertransport auf der Strasse - Save\",\"isPartOf\":{\"@id\":\"https:\\\/\\\/news.save.ch\\\/de\\\/#website\"},\"primaryImageOfPage\":{\"@id\":\"https:\\\/\\\/news.save.ch\\\/neue-regeln-fuer-den-guetertransport-auf-der-strasse\\\/#primaryimage\"},\"image\":{\"@id\":\"https:\\\/\\\/news.save.ch\\\/neue-regeln-fuer-den-guetertransport-auf-der-strasse\\\/#primaryimage\"},\"thumbnailUrl\":\"https:\\\/\\\/news.save.ch\\\/wp-content\\\/uploads\\\/2025\\\/03\\\/Depositphotos_76503035_S.jpg\",\"datePublished\":\"2025-03-19T06:59:12+00:00\",\"dateModified\":\"2025-03-19T06:59:15+00:00\",\"breadcrumb\":{\"@id\":\"https:\\\/\\\/news.save.ch\\\/neue-regeln-fuer-den-guetertransport-auf-der-strasse\\\/#breadcrumb\"},\"inLanguage\":\"fr-FR\",\"potentialAction\":[{\"@type\":\"ReadAction\",\"target\":[\"https:\\\/\\\/news.save.ch\\\/neue-regeln-fuer-den-guetertransport-auf-der-strasse\\\/\"]}]},{\"@type\":\"ImageObject\",\"inLanguage\":\"fr-FR\",\"@id\":\"https:\\\/\\\/news.save.ch\\\/neue-regeln-fuer-den-guetertransport-auf-der-strasse\\\/#primaryimage\",\"url\":\"https:\\\/\\\/news.save.ch\\\/wp-content\\\/uploads\\\/2025\\\/03\\\/Depositphotos_76503035_S.jpg\",\"contentUrl\":\"https:\\\/\\\/news.save.ch\\\/wp-content\\\/uploads\\\/2025\\\/03\\\/Depositphotos_76503035_S.jpg\",\"width\":1000,\"height\":664,\"caption\":\"Foto: Depositphotos\\\/Muller_M\"},{\"@type\":\"BreadcrumbList\",\"@id\":\"https:\\\/\\\/news.save.ch\\\/neue-regeln-fuer-den-guetertransport-auf-der-strasse\\\/#breadcrumb\",\"itemListElement\":[{\"@type\":\"ListItem\",\"position\":1,\"name\":\"Home\",\"item\":\"https:\\\/\\\/news.save.ch\\\/de\\\/\"},{\"@type\":\"ListItem\",\"position\":2,\"name\":\"Neue Regeln f\u00fcr den G\u00fctertransport auf der Strasse\"}]},{\"@type\":\"WebSite\",\"@id\":\"https:\\\/\\\/news.save.ch\\\/de\\\/#website\",\"url\":\"https:\\\/\\\/news.save.ch\\\/de\\\/\",\"name\":\"Save\",\"description\":\"Schweizer Fachzeitschrift f\u00fcr Sicherheit\",\"publisher\":{\"@id\":\"https:\\\/\\\/news.save.ch\\\/de\\\/#organization\"},\"potentialAction\":[{\"@type\":\"SearchAction\",\"target\":{\"@type\":\"EntryPoint\",\"urlTemplate\":\"https:\\\/\\\/news.save.ch\\\/de\\\/?s={search_term_string}\"},\"query-input\":{\"@type\":\"PropertyValueSpecification\",\"valueRequired\":true,\"valueName\":\"search_term_string\"}}],\"inLanguage\":\"fr-FR\"},{\"@type\":\"Organization\",\"@id\":\"https:\\\/\\\/news.save.ch\\\/de\\\/#organization\",\"name\":\"Sicherheitsforum\",\"url\":\"https:\\\/\\\/news.save.ch\\\/de\\\/\",\"logo\":{\"@type\":\"ImageObject\",\"inLanguage\":\"fr-FR\",\"@id\":\"https:\\\/\\\/news.save.ch\\\/de\\\/#\\\/schema\\\/logo\\\/image\\\/\",\"url\":\"https:\\\/\\\/news.save.ch\\\/wp-content\\\/uploads\\\/2022\\\/06\\\/Logo_SF_2012.png\",\"contentUrl\":\"https:\\\/\\\/news.save.ch\\\/wp-content\\\/uploads\\\/2022\\\/06\\\/Logo_SF_2012.png\",\"width\":1100,\"height\":91,\"caption\":\"Sicherheitsforum\"},\"image\":{\"@id\":\"https:\\\/\\\/news.save.ch\\\/de\\\/#\\\/schema\\\/logo\\\/image\\\/\"}},{\"@type\":\"Person\",\"@id\":\"https:\\\/\\\/news.save.ch\\\/de\\\/#\\\/schema\\\/person\\\/10917387362b3961e882740f6cf6f2a2\",\"name\":\"stefanie Zeng\",\"image\":{\"@type\":\"ImageObject\",\"inLanguage\":\"fr-FR\",\"@id\":\"https:\\\/\\\/secure.gravatar.com\\\/avatar\\\/eac43faa6e40bb2c41068c95c9d78bbd94c476d5efdff7abaab80bb3ea681e06?s=96&d=mm&r=g\",\"url\":\"https:\\\/\\\/secure.gravatar.com\\\/avatar\\\/eac43faa6e40bb2c41068c95c9d78bbd94c476d5efdff7abaab80bb3ea681e06?s=96&d=mm&r=g\",\"contentUrl\":\"https:\\\/\\\/secure.gravatar.com\\\/avatar\\\/eac43faa6e40bb2c41068c95c9d78bbd94c476d5efdff7abaab80bb3ea681e06?s=96&d=mm&r=g\",\"caption\":\"stefanie Zeng\"},\"url\":\"https:\\\/\\\/news.save.ch\\\/fr\\\/author\\\/stefanie-zeng\\\/\"}]}<\/script>\n<!-- \/ Yoast SEO plugin. -->","yoast_head_json":{"title":"Nouvelles r\u00e8gles pour le transport de marchandises par route - Save","robots":{"index":"index","follow":"follow","max-snippet":"max-snippet:-1","max-image-preview":"max-image-preview:large","max-video-preview":"max-video-preview:-1"},"canonical":"https:\/\/news.save.ch\/fr\/neue-regeln-fuer-den-guetertransport-auf-der-strasse\/","og_locale":"fr_FR","og_type":"article","og_title":"Neue Regeln f\u00fcr den G\u00fctertransport auf der Strasse - Save","og_description":"In der Sommersession 2024 hat das Parlament verschiedene Anpassungen des Bundesgesetzes zur Zulassung von Strassentransportunternehmen beschlossen. Unter anderem wird die Zulassungspflicht f\u00fcr Unternehmen eingef\u00fchrt, die f\u00fcr den G\u00fctertransport im grenz\u00fcberschreitenden Verkehr Lieferwagen \u00fcber 2,5 Tonnen einsetzen. Zudem sind Massnahmen gegen Scheinfirmen (\u00abBriefkastenfirmen\u00bb) vorgesehen. Die Anpassungen sollen einen faireren Wettbewerb und die Professionalisierung im Transportgewerbe f\u00f6rdern. [&hellip;]","og_url":"https:\/\/news.save.ch\/fr\/neue-regeln-fuer-den-guetertransport-auf-der-strasse\/","og_site_name":"Save","article_published_time":"2025-03-19T06:59:12+00:00","article_modified_time":"2025-03-19T06:59:15+00:00","og_image":[{"width":1000,"height":664,"url":"https:\/\/news.save.ch\/wp-content\/uploads\/2025\/03\/Depositphotos_76503035_S.jpg","type":"image\/jpeg"}],"author":"stefanie Zeng","twitter_card":"summary_large_image","twitter_misc":{"\u00c9crit par":"stefanie Zeng","Dur\u00e9e de lecture estim\u00e9e":"2 minutes"},"schema":{"@context":"https:\/\/schema.org","@graph":[{"@type":"Article","@id":"https:\/\/news.save.ch\/neue-regeln-fuer-den-guetertransport-auf-der-strasse\/#article","isPartOf":{"@id":"https:\/\/news.save.ch\/neue-regeln-fuer-den-guetertransport-auf-der-strasse\/"},"author":{"name":"stefanie Zeng","@id":"https:\/\/news.save.ch\/de\/#\/schema\/person\/10917387362b3961e882740f6cf6f2a2"},"headline":"Neue Regeln f\u00fcr den G\u00fctertransport auf der Strasse","datePublished":"2025-03-19T06:59:12+00:00","dateModified":"2025-03-19T06:59:15+00:00","mainEntityOfPage":{"@id":"https:\/\/news.save.ch\/neue-regeln-fuer-den-guetertransport-auf-der-strasse\/"},"wordCount":212,"publisher":{"@id":"https:\/\/news.save.ch\/de\/#organization"},"image":{"@id":"https:\/\/news.save.ch\/neue-regeln-fuer-den-guetertransport-auf-der-strasse\/#primaryimage"},"thumbnailUrl":"https:\/\/news.save.ch\/wp-content\/uploads\/2025\/03\/Depositphotos_76503035_S.jpg","keywords":["BAV","Bundesamt f\u00fcr Verkehr","G\u00fctertransport","G\u00fcterverkehr","Lieferwagen"],"articleSection":["SICHERHEIT"],"inLanguage":"fr-FR"},{"@type":"WebPage","@id":"https:\/\/news.save.ch\/neue-regeln-fuer-den-guetertransport-auf-der-strasse\/","url":"https:\/\/news.save.ch\/neue-regeln-fuer-den-guetertransport-auf-der-strasse\/","name":"Nouvelles r\u00e8gles pour le transport de marchandises par route - Save","isPartOf":{"@id":"https:\/\/news.save.ch\/de\/#website"},"primaryImageOfPage":{"@id":"https:\/\/news.save.ch\/neue-regeln-fuer-den-guetertransport-auf-der-strasse\/#primaryimage"},"image":{"@id":"https:\/\/news.save.ch\/neue-regeln-fuer-den-guetertransport-auf-der-strasse\/#primaryimage"},"thumbnailUrl":"https:\/\/news.save.ch\/wp-content\/uploads\/2025\/03\/Depositphotos_76503035_S.jpg","datePublished":"2025-03-19T06:59:12+00:00","dateModified":"2025-03-19T06:59:15+00:00","breadcrumb":{"@id":"https:\/\/news.save.ch\/neue-regeln-fuer-den-guetertransport-auf-der-strasse\/#breadcrumb"},"inLanguage":"fr-FR","potentialAction":[{"@type":"ReadAction","target":["https:\/\/news.save.ch\/neue-regeln-fuer-den-guetertransport-auf-der-strasse\/"]}]},{"@type":"ImageObject","inLanguage":"fr-FR","@id":"https:\/\/news.save.ch\/neue-regeln-fuer-den-guetertransport-auf-der-strasse\/#primaryimage","url":"https:\/\/news.save.ch\/wp-content\/uploads\/2025\/03\/Depositphotos_76503035_S.jpg","contentUrl":"https:\/\/news.save.ch\/wp-content\/uploads\/2025\/03\/Depositphotos_76503035_S.jpg","width":1000,"height":664,"caption":"Foto: Depositphotos\/Muller_M"},{"@type":"BreadcrumbList","@id":"https:\/\/news.save.ch\/neue-regeln-fuer-den-guetertransport-auf-der-strasse\/#breadcrumb","itemListElement":[{"@type":"ListItem","position":1,"name":"Home","item":"https:\/\/news.save.ch\/de\/"},{"@type":"ListItem","position":2,"name":"Neue Regeln f\u00fcr den G\u00fctertransport auf der Strasse"}]},{"@type":"WebSite","@id":"https:\/\/news.save.ch\/de\/#website","url":"https:\/\/news.save.ch\/de\/","name":"Save","description":"Revue suisse sp\u00e9cialis\u00e9e dans la s\u00e9curit\u00e9","publisher":{"@id":"https:\/\/news.save.ch\/de\/#organization"},"potentialAction":[{"@type":"SearchAction","target":{"@type":"EntryPoint","urlTemplate":"https:\/\/news.save.ch\/de\/?s={search_term_string}"},"query-input":{"@type":"PropertyValueSpecification","valueRequired":true,"valueName":"search_term_string"}}],"inLanguage":"fr-FR"},{"@type":"Organization","@id":"https:\/\/news.save.ch\/de\/#organization","name":"Forum sur la s\u00e9curit\u00e9","url":"https:\/\/news.save.ch\/de\/","logo":{"@type":"ImageObject","inLanguage":"fr-FR","@id":"https:\/\/news.save.ch\/de\/#\/schema\/logo\/image\/","url":"https:\/\/news.save.ch\/wp-content\/uploads\/2022\/06\/Logo_SF_2012.png","contentUrl":"https:\/\/news.save.ch\/wp-content\/uploads\/2022\/06\/Logo_SF_2012.png","width":1100,"height":91,"caption":"Sicherheitsforum"},"image":{"@id":"https:\/\/news.save.ch\/de\/#\/schema\/logo\/image\/"}},{"@type":"Person","@id":"https:\/\/news.save.ch\/de\/#\/schema\/person\/10917387362b3961e882740f6cf6f2a2","name":"stefanie Zeng","image":{"@type":"ImageObject","inLanguage":"fr-FR","@id":"https:\/\/secure.gravatar.com\/avatar\/eac43faa6e40bb2c41068c95c9d78bbd94c476d5efdff7abaab80bb3ea681e06?s=96&d=mm&r=g","url":"https:\/\/secure.gravatar.com\/avatar\/eac43faa6e40bb2c41068c95c9d78bbd94c476d5efdff7abaab80bb3ea681e06?s=96&d=mm&r=g","contentUrl":"https:\/\/secure.gravatar.com\/avatar\/eac43faa6e40bb2c41068c95c9d78bbd94c476d5efdff7abaab80bb3ea681e06?s=96&d=mm&r=g","caption":"stefanie Zeng"},"url":"https:\/\/news.save.ch\/fr\/author\/stefanie-zeng\/"}]}},"_links":{"self":[{"href":"https:\/\/news.save.ch\/fr\/wp-json\/wp\/v2\/posts\/24086","targetHints":{"allow":["GET"]}}],"collection":[{"href":"https:\/\/news.save.ch\/fr\/wp-json\/wp\/v2\/posts"}],"about":[{"href":"https:\/\/news.save.ch\/fr\/wp-json\/wp\/v2\/types\/post"}],"author":[{"embeddable":true,"href":"https:\/\/news.save.ch\/fr\/wp-json\/wp\/v2\/users\/31"}],"replies":[{"embeddable":true,"href":"https:\/\/news.save.ch\/fr\/wp-json\/wp\/v2\/comments?post=24086"}],"version-history":[{"count":2,"href":"https:\/\/news.save.ch\/fr\/wp-json\/wp\/v2\/posts\/24086\/revisions"}],"predecessor-version":[{"id":24089,"href":"https:\/\/news.save.ch\/fr\/wp-json\/wp\/v2\/posts\/24086\/revisions\/24089"}],"wp:featuredmedia":[{"embeddable":true,"href":"https:\/\/news.save.ch\/fr\/wp-json\/wp\/v2\/media\/24087"}],"wp:attachment":[{"href":"https:\/\/news.save.ch\/fr\/wp-json\/wp\/v2\/media?parent=24086"}],"wp:term":[{"taxonomy":"category","embeddable":true,"href":"https:\/\/news.save.ch\/fr\/wp-json\/wp\/v2\/categories?post=24086"},{"taxonomy":"post_tag","embeddable":true,"href":"https:\/\/news.save.ch\/fr\/wp-json\/wp\/v2\/tags?post=24086"}],"curies":[{"name":"wp","href":"https:\/\/api.w.org\/{rel}","templated":true}]}}