{"id":24130,"date":"2025-04-02T10:25:36","date_gmt":"2025-04-02T08:25:36","guid":{"rendered":"https:\/\/news.save.ch\/?p=24130"},"modified":"2025-04-02T10:25:36","modified_gmt":"2025-04-02T08:25:36","slug":"50-prozent-mehr-velounfaelle-in-zehn-jahren","status":null,"type":"post","link":"https:\/\/news.save.ch\/fr\/50-prozent-mehr-velounfaelle-in-zehn-jahren\/","title":{"rendered":"50 pour cent d'accidents de v\u00e9lo en plus en dix ans"},"content":{"rendered":"<figure id=\"attachment_24132\" aria-describedby=\"caption-attachment-24132\" style=\"width: 1000px\" class=\"wp-caption alignnone\"><a href=\"https:\/\/news.save.ch\/fr\/50-prozent-mehr-velounfaelle-in-zehn-jahren\/depositphotos_187734688_s\/\" rel=\"attachment wp-att-24132\"><img loading=\"lazy\" decoding=\"async\" class=\"size-full wp-image-24132\" src=\"https:\/\/news.save.ch\/wp-content\/uploads\/2025\/04\/Depositphotos_187734688_S.jpg\" alt=\"\" width=\"1000\" height=\"667\" srcset=\"https:\/\/news.save.ch\/wp-content\/uploads\/2025\/04\/Depositphotos_187734688_S.jpg 1000w, https:\/\/news.save.ch\/wp-content\/uploads\/2025\/04\/Depositphotos_187734688_S-680x454.jpg 680w, https:\/\/news.save.ch\/wp-content\/uploads\/2025\/04\/Depositphotos_187734688_S-768x512.jpg 768w, https:\/\/news.save.ch\/wp-content\/uploads\/2025\/04\/Depositphotos_187734688_S-18x12.jpg 18w, https:\/\/news.save.ch\/wp-content\/uploads\/2025\/04\/Depositphotos_187734688_S-375x250.jpg 375w, https:\/\/news.save.ch\/wp-content\/uploads\/2025\/04\/Depositphotos_187734688_S-525x350.jpg 525w\" sizes=\"auto, (max-width: 1000px) 100vw, 1000px\" \/><\/a><figcaption id=\"caption-attachment-24132\" class=\"wp-caption-text\">Photo : Depositphotos\/itsajoop<\/figcaption><\/figure>\n<p>Les \u00e9valuations du Service de centralisation des statistiques de l'assurance-accidents LAA (SSAA) montrent que les accidents de la route impliquant un v\u00e9lo ont augment\u00e9 de 50 pour cent au cours des dix derni\u00e8res ann\u00e9es. 26 100 accidents de v\u00e9lo ont eu lieu sur les routes suisses entre 2018 et 2022, alors qu'ils \u00e9taient environ 17 400 entre 2008 et 2012. En principe, plus le nombre de personnes effectuant une activit\u00e9 est \u00e9lev\u00e9 ou plus cette activit\u00e9 se d\u00e9roule sur une longue p\u00e9riode, plus la fr\u00e9quence des accidents augmente. Diff\u00e9rents facteurs jouent un r\u00f4le, comme la m\u00e9t\u00e9o, notamment les hivers doux, les changements de comportement en mati\u00e8re de loisirs ou l'utilisation accrue du v\u00e9lo comme moyen de transport.<\/p>\n<figure id=\"attachment_24131\" aria-describedby=\"caption-attachment-24131\" style=\"width: 652px\" class=\"wp-caption alignnone\"><a href=\"https:\/\/news.save.ch\/fr\/50-prozent-mehr-velounfaelle-in-zehn-jahren\/screenshot-2025-04-02-101725\/\" rel=\"attachment wp-att-24131\"><img loading=\"lazy\" decoding=\"async\" class=\"wp-image-24131 size-full\" src=\"https:\/\/news.save.ch\/wp-content\/uploads\/2025\/04\/Screenshot-2025-04-02-101725.jpg\" alt=\"\" width=\"652\" height=\"364\" srcset=\"https:\/\/news.save.ch\/wp-content\/uploads\/2025\/04\/Screenshot-2025-04-02-101725.jpg 652w, https:\/\/news.save.ch\/wp-content\/uploads\/2025\/04\/Screenshot-2025-04-02-101725-18x10.jpg 18w, https:\/\/news.save.ch\/wp-content\/uploads\/2025\/04\/Screenshot-2025-04-02-101725-375x209.jpg 375w, https:\/\/news.save.ch\/wp-content\/uploads\/2025\/04\/Screenshot-2025-04-02-101725-627x350.jpg 627w\" sizes=\"auto, (max-width: 652px) 100vw, 652px\" \/><\/a><figcaption id=\"caption-attachment-24131\" class=\"wp-caption-text\">L\u00e9gende : C'est dans le groupe d'\u00e2ge des 55-64 ans que l'augmentation des accidents de v\u00e9lo dans la circulation routi\u00e8re est la plus forte. Alors qu'ils ont enregistr\u00e9 environ 2300 accidents entre 2008 et 2012, ils en ont enregistr\u00e9 4700 entre 2018 et 2022 (+104 pour cent). De plus en plus de personnes de cette tranche d'\u00e2ge assur\u00e9e font r\u00e9guli\u00e8rement du v\u00e9lo. En raison de la situation de pand\u00e9mie, il y a eu en 2020 un nombre exceptionnellement \u00e9lev\u00e9 d'accidents de la route \u00e0 v\u00e9lo dans tous les groupes d'\u00e2ge.<\/figcaption><\/figure>\n<h3 id=\"anchor-93A08496-D073-4FD5-BA9D-8E1D110EF5F5\" class=\"h3 sch-h3\">Les \u00e9couteurs - le principal facteur de distraction<\/h3>\n<div>\n<p>Selon les enqu\u00eates men\u00e9es en 2023 sur la distraction dans la circulation routi\u00e8re des cyclistes et des utilisateurs de v\u00e9los \u00e9lectriques (Niemann et Hertach), un cinqui\u00e8me de tous les cyclistes \u00e9taient distraits. Chez les 15-29 ans, le port d'\u00e9couteurs est le principal facteur de distraction. Les 30-44 ans se laissent distraire \u00e0 part \u00e9gale par le port d'\u00e9couteurs et l'utilisation de leur smartphone pendant le trajet \u00e0 v\u00e9lo. Le taux de distraction diminue avec l'\u00e2ge. Selon l'\u00e9tude, le manque d'attention est l'un des principaux facteurs de risque des accidents de v\u00e9lo. \"Les personnes qui n'ont pas la t\u00eate \u00e0 \u00e7a lorsqu'elles font du v\u00e9lo dans la circulation routi\u00e8re, qui sont distraites ou stress\u00e9es par le temps, augmentent le risque d'accident par leur propre comportement\", explique Andrea Lenz, responsable de la pr\u00e9vention v\u00e9lo \u00e0 la Suva.<\/p>\n<\/div>\n<h3 id=\"anchor-BF6D68C9-7194-4B43-B22D-99DE99A35FD6\" class=\"h3 sch-h3\">Auto-accidents dus \u00e0 un manque d'attention<\/h3>\n<div>\n<p>Comme quatre accidents de v\u00e9lo sur cinq sont des auto-accidents (84 pour cent), il faut rester attentif et anticiper pour r\u00e9duire le risque d'accident. \"Pendant que l'on fait du v\u00e9lo, il faut se concentrer sur ce qui se passe dans la circulation routi\u00e8re afin de toujours garder une vue d'ensemble\", explique Andrea Lenz. \"Nos mesures de pr\u00e9vention visent \u00e0 r\u00e9agir correctement aux dangers de la route, par exemple en adaptant sa vitesse, en faisant des signes clairs de la main et en \u00e9tant bien visible. Pour \u00e9viter les accidents, les interactions telles que les contacts visuels entre les usagers de la route sont en outre importantes et positives\".<\/p>\n<\/div>\n<h3 id=\"anchor-52B1FC0D-83D1-44E3-A1C7-CEE387E6B610\" class=\"h3 sch-h3\">Se d\u00e9placer \u00e0 v\u00e9lo en toute s\u00e9curit\u00e9<\/h3>\n<div>\n<p>Au printemps, le v\u00e9lo est un moyen de transport tr\u00e8s appr\u00e9ci\u00e9 et les cyclistes sont de nouveau plus nombreux et moins exp\u00e9riment\u00e9s sur la route. Pour \u00e9viter les accidents de v\u00e9lo, la Suva a plusieurs conseils \u00e0 donner :<\/p>\n<ul>\n<li>Maintenir l'attention : Ne pas se laisser distraire. Ranger le smartphone et les \u00e9couteurs \u00e9teints dans la poche pendant le trajet \u00e0 v\u00e9lo et se concentrer ainsi sur la circulation routi\u00e8re.<\/li>\n<li>Conduire en anticipant pour reconna\u00eetre les dangers \u00e0 temps.<\/li>\n<li>Toujours garder les deux mains sur le guidon<\/li>\n<li>Rechercher le contact visuel entre les usagers de la route.<\/li>\n<li>Augmenter la visibilit\u00e9 : Allumer la lampe de v\u00e9lo, porter des v\u00eatements clairs ou r\u00e9fl\u00e9chissants (gilet fluorescent) et installer des r\u00e9flecteurs sur le v\u00e9lo.<\/li>\n<\/ul>\n<p><em>Source : Suva<\/em><\/p>\n<\/div>","protected":false},"excerpt":{"rendered":"<p>Die Auswertungen der Sammelstelle f\u00fcr die Statistik der Unfallversicherungen UVG (SSUV) zeigen, dass Strassenverkehrsunf\u00e4lle mit dem Velo in den letzten zehn Jahren um 50\u00a0Prozent angestiegen sind. 26\u202f100 Velounf\u00e4lle gab es auf Schweizer Strassen zwischen 2018 und 2022, w\u00e4hrend es zwischen 2008 und 2012 rund 17\u202f400 Unf\u00e4lle waren. Grunds\u00e4tzlich gilt: Die H\u00e4ufigkeit von Unf\u00e4llen nimmt zu, [&hellip;]<\/p>\n","protected":false},"author":31,"featured_media":0,"comment_status":"closed","ping_status":"closed","sticky":false,"template":"","format":"standard","meta":{"_acf_changed":false,"pgc_sgb_lightbox_settings":"","footnotes":""},"categories":[1],"tags":[],"class_list":["post-24130","post","type-post","status-publish","format-standard","hentry","category-allgemein"],"acf":[],"hkrextid":null,"publication":null,"issue":null,"workflow":null,"startPage":null,"spitzmarke":null,"_posts_by_tag_page_fields":null,"_at_widget":null,"_yoast_wpseo_primary_category":"","_yoast_wpseo_focuskw_text_input":null,"_yoast_wpseo_opengraph-image":null,"_yoast_wpseo_opengraph-description":null,"_yoast_wpseo_opengraph-title":null,"enclosure":null,"_yoast_wpseo_twitter-title":null,"_yoast_wpseo_twitter-description":null,"_yoast_wpseo_twitter-image":null,"_wp_old_slug":null,"_yoast_wpseo_title":null,"_yoast_wpseo_canonical":null,"yoast_head":"<!-- This site is optimized with the Yoast SEO plugin v27.5 - https:\/\/yoast.com\/product\/yoast-seo-wordpress\/ -->\n<title>50 Prozent mehr Velounf\u00e4lle in zehn Jahren - Save<\/title>\n<meta name=\"description\" content=\"Die Zahl der Velounf\u00e4lle in der Schweiz ist in den letzten zehn Jahren um 50 Prozent gestiegen. 84 Prozent der Unf\u00e4lle sind Selbstunf\u00e4lle.\" \/>\n<meta name=\"robots\" content=\"index, follow, max-snippet:-1, max-image-preview:large, max-video-preview:-1\" \/>\n<link rel=\"canonical\" href=\"https:\/\/news.save.ch\/fr\/50-prozent-mehr-velounfaelle-in-zehn-jahren\/\" \/>\n<meta property=\"og:locale\" content=\"fr_FR\" \/>\n<meta property=\"og:type\" content=\"article\" \/>\n<meta property=\"og:title\" content=\"50 Prozent mehr Velounf\u00e4lle in zehn Jahren - Save\" \/>\n<meta property=\"og:description\" content=\"Die Zahl der Velounf\u00e4lle in der Schweiz ist in den letzten zehn Jahren um 50 Prozent gestiegen. 84 Prozent der Unf\u00e4lle sind Selbstunf\u00e4lle.\" \/>\n<meta property=\"og:url\" content=\"https:\/\/news.save.ch\/fr\/50-prozent-mehr-velounfaelle-in-zehn-jahren\/\" \/>\n<meta property=\"og:site_name\" content=\"Save\" \/>\n<meta property=\"article:published_time\" content=\"2025-04-02T08:25:36+00:00\" \/>\n<meta property=\"og:image\" content=\"https:\/\/news.save.ch\/wp-content\/uploads\/2025\/04\/Depositphotos_187734688_S.jpg\" \/>\n\t<meta property=\"og:image:width\" content=\"1000\" \/>\n\t<meta property=\"og:image:height\" content=\"667\" \/>\n\t<meta property=\"og:image:type\" content=\"image\/jpeg\" \/>\n<meta name=\"author\" content=\"stefanie Zeng\" \/>\n<meta name=\"twitter:card\" content=\"summary_large_image\" \/>\n<meta name=\"twitter:label1\" content=\"\u00c9crit par\" \/>\n\t<meta name=\"twitter:data1\" content=\"stefanie Zeng\" \/>\n\t<meta name=\"twitter:label2\" content=\"Dur\u00e9e de lecture estim\u00e9e\" \/>\n\t<meta name=\"twitter:data2\" content=\"3 minutes\" \/>\n<script type=\"application\/ld+json\" class=\"yoast-schema-graph\">{\"@context\":\"https:\\\/\\\/schema.org\",\"@graph\":[{\"@type\":\"Article\",\"@id\":\"https:\\\/\\\/news.save.ch\\\/50-prozent-mehr-velounfaelle-in-zehn-jahren\\\/#article\",\"isPartOf\":{\"@id\":\"https:\\\/\\\/news.save.ch\\\/50-prozent-mehr-velounfaelle-in-zehn-jahren\\\/\"},\"author\":{\"name\":\"stefanie Zeng\",\"@id\":\"https:\\\/\\\/news.save.ch\\\/de\\\/#\\\/schema\\\/person\\\/10917387362b3961e882740f6cf6f2a2\"},\"headline\":\"50 Prozent mehr Velounf\u00e4lle in zehn Jahren\",\"datePublished\":\"2025-04-02T08:25:36+00:00\",\"mainEntityOfPage\":{\"@id\":\"https:\\\/\\\/news.save.ch\\\/50-prozent-mehr-velounfaelle-in-zehn-jahren\\\/\"},\"wordCount\":506,\"publisher\":{\"@id\":\"https:\\\/\\\/news.save.ch\\\/de\\\/#organization\"},\"image\":{\"@id\":\"https:\\\/\\\/news.save.ch\\\/50-prozent-mehr-velounfaelle-in-zehn-jahren\\\/#primaryimage\"},\"thumbnailUrl\":\"https:\\\/\\\/news.save.ch\\\/wp-content\\\/uploads\\\/2025\\\/04\\\/Depositphotos_187734688_S.jpg\",\"articleSection\":[\"ALLGEMEIN\"],\"inLanguage\":\"fr-FR\"},{\"@type\":\"WebPage\",\"@id\":\"https:\\\/\\\/news.save.ch\\\/50-prozent-mehr-velounfaelle-in-zehn-jahren\\\/\",\"url\":\"https:\\\/\\\/news.save.ch\\\/50-prozent-mehr-velounfaelle-in-zehn-jahren\\\/\",\"name\":\"50 Prozent mehr Velounf\u00e4lle in zehn Jahren - Save\",\"isPartOf\":{\"@id\":\"https:\\\/\\\/news.save.ch\\\/de\\\/#website\"},\"primaryImageOfPage\":{\"@id\":\"https:\\\/\\\/news.save.ch\\\/50-prozent-mehr-velounfaelle-in-zehn-jahren\\\/#primaryimage\"},\"image\":{\"@id\":\"https:\\\/\\\/news.save.ch\\\/50-prozent-mehr-velounfaelle-in-zehn-jahren\\\/#primaryimage\"},\"thumbnailUrl\":\"https:\\\/\\\/news.save.ch\\\/wp-content\\\/uploads\\\/2025\\\/04\\\/Depositphotos_187734688_S.jpg\",\"datePublished\":\"2025-04-02T08:25:36+00:00\",\"description\":\"Die Zahl der Velounf\u00e4lle in der Schweiz ist in den letzten zehn Jahren um 50 Prozent gestiegen. 84 Prozent der Unf\u00e4lle sind Selbstunf\u00e4lle.\",\"breadcrumb\":{\"@id\":\"https:\\\/\\\/news.save.ch\\\/50-prozent-mehr-velounfaelle-in-zehn-jahren\\\/#breadcrumb\"},\"inLanguage\":\"fr-FR\",\"potentialAction\":[{\"@type\":\"ReadAction\",\"target\":[\"https:\\\/\\\/news.save.ch\\\/50-prozent-mehr-velounfaelle-in-zehn-jahren\\\/\"]}]},{\"@type\":\"ImageObject\",\"inLanguage\":\"fr-FR\",\"@id\":\"https:\\\/\\\/news.save.ch\\\/50-prozent-mehr-velounfaelle-in-zehn-jahren\\\/#primaryimage\",\"url\":\"https:\\\/\\\/news.save.ch\\\/wp-content\\\/uploads\\\/2025\\\/04\\\/Depositphotos_187734688_S.jpg\",\"contentUrl\":\"https:\\\/\\\/news.save.ch\\\/wp-content\\\/uploads\\\/2025\\\/04\\\/Depositphotos_187734688_S.jpg\"},{\"@type\":\"BreadcrumbList\",\"@id\":\"https:\\\/\\\/news.save.ch\\\/50-prozent-mehr-velounfaelle-in-zehn-jahren\\\/#breadcrumb\",\"itemListElement\":[{\"@type\":\"ListItem\",\"position\":1,\"name\":\"Home\",\"item\":\"https:\\\/\\\/news.save.ch\\\/de\\\/\"},{\"@type\":\"ListItem\",\"position\":2,\"name\":\"50 Prozent mehr Velounf\u00e4lle in zehn Jahren\"}]},{\"@type\":\"WebSite\",\"@id\":\"https:\\\/\\\/news.save.ch\\\/de\\\/#website\",\"url\":\"https:\\\/\\\/news.save.ch\\\/de\\\/\",\"name\":\"Save\",\"description\":\"Schweizer Fachzeitschrift f\u00fcr Sicherheit\",\"publisher\":{\"@id\":\"https:\\\/\\\/news.save.ch\\\/de\\\/#organization\"},\"potentialAction\":[{\"@type\":\"SearchAction\",\"target\":{\"@type\":\"EntryPoint\",\"urlTemplate\":\"https:\\\/\\\/news.save.ch\\\/de\\\/?s={search_term_string}\"},\"query-input\":{\"@type\":\"PropertyValueSpecification\",\"valueRequired\":true,\"valueName\":\"search_term_string\"}}],\"inLanguage\":\"fr-FR\"},{\"@type\":\"Organization\",\"@id\":\"https:\\\/\\\/news.save.ch\\\/de\\\/#organization\",\"name\":\"Sicherheitsforum\",\"url\":\"https:\\\/\\\/news.save.ch\\\/de\\\/\",\"logo\":{\"@type\":\"ImageObject\",\"inLanguage\":\"fr-FR\",\"@id\":\"https:\\\/\\\/news.save.ch\\\/de\\\/#\\\/schema\\\/logo\\\/image\\\/\",\"url\":\"https:\\\/\\\/news.save.ch\\\/wp-content\\\/uploads\\\/2022\\\/06\\\/Logo_SF_2012.png\",\"contentUrl\":\"https:\\\/\\\/news.save.ch\\\/wp-content\\\/uploads\\\/2022\\\/06\\\/Logo_SF_2012.png\",\"width\":1100,\"height\":91,\"caption\":\"Sicherheitsforum\"},\"image\":{\"@id\":\"https:\\\/\\\/news.save.ch\\\/de\\\/#\\\/schema\\\/logo\\\/image\\\/\"}},{\"@type\":\"Person\",\"@id\":\"https:\\\/\\\/news.save.ch\\\/de\\\/#\\\/schema\\\/person\\\/10917387362b3961e882740f6cf6f2a2\",\"name\":\"stefanie Zeng\",\"image\":{\"@type\":\"ImageObject\",\"inLanguage\":\"fr-FR\",\"@id\":\"https:\\\/\\\/secure.gravatar.com\\\/avatar\\\/eac43faa6e40bb2c41068c95c9d78bbd94c476d5efdff7abaab80bb3ea681e06?s=96&d=mm&r=g\",\"url\":\"https:\\\/\\\/secure.gravatar.com\\\/avatar\\\/eac43faa6e40bb2c41068c95c9d78bbd94c476d5efdff7abaab80bb3ea681e06?s=96&d=mm&r=g\",\"contentUrl\":\"https:\\\/\\\/secure.gravatar.com\\\/avatar\\\/eac43faa6e40bb2c41068c95c9d78bbd94c476d5efdff7abaab80bb3ea681e06?s=96&d=mm&r=g\",\"caption\":\"stefanie Zeng\"},\"url\":\"https:\\\/\\\/news.save.ch\\\/fr\\\/author\\\/stefanie-zeng\\\/\"}]}<\/script>\n<!-- \/ Yoast SEO plugin. -->","yoast_head_json":{"title":"50 pour cent d'accidents de v\u00e9lo en plus en dix ans - Save","description":"Le nombre d'accidents de v\u00e9lo en Suisse a augment\u00e9 de 50 pour cent au cours des dix derni\u00e8res ann\u00e9es. 84 pour cent des accidents sont des auto-accidents.","robots":{"index":"index","follow":"follow","max-snippet":"max-snippet:-1","max-image-preview":"max-image-preview:large","max-video-preview":"max-video-preview:-1"},"canonical":"https:\/\/news.save.ch\/fr\/50-prozent-mehr-velounfaelle-in-zehn-jahren\/","og_locale":"fr_FR","og_type":"article","og_title":"50 Prozent mehr Velounf\u00e4lle in zehn Jahren - Save","og_description":"Die Zahl der Velounf\u00e4lle in der Schweiz ist in den letzten zehn Jahren um 50 Prozent gestiegen. 84 Prozent der Unf\u00e4lle sind Selbstunf\u00e4lle.","og_url":"https:\/\/news.save.ch\/fr\/50-prozent-mehr-velounfaelle-in-zehn-jahren\/","og_site_name":"Save","article_published_time":"2025-04-02T08:25:36+00:00","og_image":[{"width":1000,"height":667,"url":"https:\/\/news.save.ch\/wp-content\/uploads\/2025\/04\/Depositphotos_187734688_S.jpg","type":"image\/jpeg"}],"author":"stefanie Zeng","twitter_card":"summary_large_image","twitter_misc":{"\u00c9crit par":"stefanie Zeng","Dur\u00e9e de lecture estim\u00e9e":"3 minutes"},"schema":{"@context":"https:\/\/schema.org","@graph":[{"@type":"Article","@id":"https:\/\/news.save.ch\/50-prozent-mehr-velounfaelle-in-zehn-jahren\/#article","isPartOf":{"@id":"https:\/\/news.save.ch\/50-prozent-mehr-velounfaelle-in-zehn-jahren\/"},"author":{"name":"stefanie Zeng","@id":"https:\/\/news.save.ch\/de\/#\/schema\/person\/10917387362b3961e882740f6cf6f2a2"},"headline":"50 Prozent mehr Velounf\u00e4lle in zehn Jahren","datePublished":"2025-04-02T08:25:36+00:00","mainEntityOfPage":{"@id":"https:\/\/news.save.ch\/50-prozent-mehr-velounfaelle-in-zehn-jahren\/"},"wordCount":506,"publisher":{"@id":"https:\/\/news.save.ch\/de\/#organization"},"image":{"@id":"https:\/\/news.save.ch\/50-prozent-mehr-velounfaelle-in-zehn-jahren\/#primaryimage"},"thumbnailUrl":"https:\/\/news.save.ch\/wp-content\/uploads\/2025\/04\/Depositphotos_187734688_S.jpg","articleSection":["ALLGEMEIN"],"inLanguage":"fr-FR"},{"@type":"WebPage","@id":"https:\/\/news.save.ch\/50-prozent-mehr-velounfaelle-in-zehn-jahren\/","url":"https:\/\/news.save.ch\/50-prozent-mehr-velounfaelle-in-zehn-jahren\/","name":"50 pour cent d'accidents de v\u00e9lo en plus en dix ans - Save","isPartOf":{"@id":"https:\/\/news.save.ch\/de\/#website"},"primaryImageOfPage":{"@id":"https:\/\/news.save.ch\/50-prozent-mehr-velounfaelle-in-zehn-jahren\/#primaryimage"},"image":{"@id":"https:\/\/news.save.ch\/50-prozent-mehr-velounfaelle-in-zehn-jahren\/#primaryimage"},"thumbnailUrl":"https:\/\/news.save.ch\/wp-content\/uploads\/2025\/04\/Depositphotos_187734688_S.jpg","datePublished":"2025-04-02T08:25:36+00:00","description":"Le nombre d'accidents de v\u00e9lo en Suisse a augment\u00e9 de 50 pour cent au cours des dix derni\u00e8res ann\u00e9es. 84 pour cent des accidents sont des auto-accidents.","breadcrumb":{"@id":"https:\/\/news.save.ch\/50-prozent-mehr-velounfaelle-in-zehn-jahren\/#breadcrumb"},"inLanguage":"fr-FR","potentialAction":[{"@type":"ReadAction","target":["https:\/\/news.save.ch\/50-prozent-mehr-velounfaelle-in-zehn-jahren\/"]}]},{"@type":"ImageObject","inLanguage":"fr-FR","@id":"https:\/\/news.save.ch\/50-prozent-mehr-velounfaelle-in-zehn-jahren\/#primaryimage","url":"https:\/\/news.save.ch\/wp-content\/uploads\/2025\/04\/Depositphotos_187734688_S.jpg","contentUrl":"https:\/\/news.save.ch\/wp-content\/uploads\/2025\/04\/Depositphotos_187734688_S.jpg"},{"@type":"BreadcrumbList","@id":"https:\/\/news.save.ch\/50-prozent-mehr-velounfaelle-in-zehn-jahren\/#breadcrumb","itemListElement":[{"@type":"ListItem","position":1,"name":"Home","item":"https:\/\/news.save.ch\/de\/"},{"@type":"ListItem","position":2,"name":"50 Prozent mehr Velounf\u00e4lle in zehn Jahren"}]},{"@type":"WebSite","@id":"https:\/\/news.save.ch\/de\/#website","url":"https:\/\/news.save.ch\/de\/","name":"Save","description":"Revue suisse sp\u00e9cialis\u00e9e dans la s\u00e9curit\u00e9","publisher":{"@id":"https:\/\/news.save.ch\/de\/#organization"},"potentialAction":[{"@type":"SearchAction","target":{"@type":"EntryPoint","urlTemplate":"https:\/\/news.save.ch\/de\/?s={search_term_string}"},"query-input":{"@type":"PropertyValueSpecification","valueRequired":true,"valueName":"search_term_string"}}],"inLanguage":"fr-FR"},{"@type":"Organization","@id":"https:\/\/news.save.ch\/de\/#organization","name":"Forum sur la s\u00e9curit\u00e9","url":"https:\/\/news.save.ch\/de\/","logo":{"@type":"ImageObject","inLanguage":"fr-FR","@id":"https:\/\/news.save.ch\/de\/#\/schema\/logo\/image\/","url":"https:\/\/news.save.ch\/wp-content\/uploads\/2022\/06\/Logo_SF_2012.png","contentUrl":"https:\/\/news.save.ch\/wp-content\/uploads\/2022\/06\/Logo_SF_2012.png","width":1100,"height":91,"caption":"Sicherheitsforum"},"image":{"@id":"https:\/\/news.save.ch\/de\/#\/schema\/logo\/image\/"}},{"@type":"Person","@id":"https:\/\/news.save.ch\/de\/#\/schema\/person\/10917387362b3961e882740f6cf6f2a2","name":"stefanie Zeng","image":{"@type":"ImageObject","inLanguage":"fr-FR","@id":"https:\/\/secure.gravatar.com\/avatar\/eac43faa6e40bb2c41068c95c9d78bbd94c476d5efdff7abaab80bb3ea681e06?s=96&d=mm&r=g","url":"https:\/\/secure.gravatar.com\/avatar\/eac43faa6e40bb2c41068c95c9d78bbd94c476d5efdff7abaab80bb3ea681e06?s=96&d=mm&r=g","contentUrl":"https:\/\/secure.gravatar.com\/avatar\/eac43faa6e40bb2c41068c95c9d78bbd94c476d5efdff7abaab80bb3ea681e06?s=96&d=mm&r=g","caption":"stefanie Zeng"},"url":"https:\/\/news.save.ch\/fr\/author\/stefanie-zeng\/"}]}},"_links":{"self":[{"href":"https:\/\/news.save.ch\/fr\/wp-json\/wp\/v2\/posts\/24130","targetHints":{"allow":["GET"]}}],"collection":[{"href":"https:\/\/news.save.ch\/fr\/wp-json\/wp\/v2\/posts"}],"about":[{"href":"https:\/\/news.save.ch\/fr\/wp-json\/wp\/v2\/types\/post"}],"author":[{"embeddable":true,"href":"https:\/\/news.save.ch\/fr\/wp-json\/wp\/v2\/users\/31"}],"replies":[{"embeddable":true,"href":"https:\/\/news.save.ch\/fr\/wp-json\/wp\/v2\/comments?post=24130"}],"version-history":[{"count":2,"href":"https:\/\/news.save.ch\/fr\/wp-json\/wp\/v2\/posts\/24130\/revisions"}],"predecessor-version":[{"id":24134,"href":"https:\/\/news.save.ch\/fr\/wp-json\/wp\/v2\/posts\/24130\/revisions\/24134"}],"wp:attachment":[{"href":"https:\/\/news.save.ch\/fr\/wp-json\/wp\/v2\/media?parent=24130"}],"wp:term":[{"taxonomy":"category","embeddable":true,"href":"https:\/\/news.save.ch\/fr\/wp-json\/wp\/v2\/categories?post=24130"},{"taxonomy":"post_tag","embeddable":true,"href":"https:\/\/news.save.ch\/fr\/wp-json\/wp\/v2\/tags?post=24130"}],"curies":[{"name":"wp","href":"https:\/\/api.w.org\/{rel}","templated":true}]}}